{"id":13098,"date":"2026-05-02T10:54:22","date_gmt":"2026-05-02T08:54:22","guid":{"rendered":"https:\/\/kosovatimes.info\/?p=13098"},"modified":"2026-05-02T10:54:25","modified_gmt":"2026-05-02T08:54:25","slug":"patate-te-pjekura-qe-jane-ylli-i-drekes-nje-recete-per-nje-pjate-shoqeruese-qe-ju-kthen-ne-femijeri","status":"publish","type":"post","link":"https:\/\/kosovatimes.info\/index.php\/2026\/05\/02\/patate-te-pjekura-qe-jane-ylli-i-drekes-nje-recete-per-nje-pjate-shoqeruese-qe-ju-kthen-ne-femijeri\/","title":{"rendered":"Patate t\u00eb pjekura q\u00eb jan\u00eb ylli i drek\u00ebs: Nj\u00eb recet\u00eb p\u00ebr nj\u00eb pjat\u00eb shoq\u00ebruese q\u00eb ju kthen n\u00eb f\u00ebmij\u00ebri"},"content":{"rendered":"\n<p>Tre patate, tre vez\u00eb, nj\u00eb qep\u00eb dhe pak djath\u00eb me er\u00ebza jan\u00eb t\u00eb gjitha q\u00eb ju nevojiten. Mund ta p\u00ebrgatitni k\u00ebt\u00eb p\u00ebrzierje patatesh dhe vez\u00ebsh p\u00ebr rreth 10 minuta dhe ta piqni p\u00ebr gjysm\u00eb ore.<\/p>\n\n\n\n<p><strong>Patatet dhe vez\u00ebt<\/strong>\u00a0jan\u00eb ushqime baz\u00eb q\u00eb jan\u00eb p\u00ebrdorur n\u00eb receta t\u00eb shumta n\u00eb t\u00eb kaluar\u00ebn. T\u00eb ushqyeshme, t\u00eb ngopura dhe t\u00eb shijshme, pa shum\u00eb er\u00ebza apo procedura t\u00eb nd\u00ebrlikuara, ato ishin nj\u00eb element baz\u00eb n\u00eb kuzhinat e paraardh\u00ebsve tan\u00eb.<\/p>\n\n\n\n<p>Nj\u00eb pjat\u00eb e till\u00eb jan\u00eb\u00a0<strong>patatet e pjekura me vez\u00eb,<\/strong>\u00a0ku na b\u00ebri p\u00ebr vete me thjesht\u00ebsin\u00eb e saj. Tre patate, tre vez\u00eb, nj\u00eb qep\u00eb dhe pak djath\u00eb me er\u00ebza jan\u00eb t\u00eb gjitha q\u00eb ju nevojiten. Mund ta p\u00ebrgatitni p\u00ebrzierjen e patateve dhe vez\u00ebve p\u00ebr rreth 10 minuta, dhe do t\u00eb piqet p\u00ebr gjysm\u00eb ore.<\/p>\n\n\n\n<h2 class=\"wp-block-heading\">Patate t\u00eb pjekura me vez\u00eb &#8211; p\u00ebrb\u00ebr\u00ebsit<\/h2>\n\n\n\n<ul class=\"wp-block-list\">\n<li>3 patate<\/li>\n\n\n\n<li>3 vez\u00eb<\/li>\n\n\n\n<li>1 qep\u00eb e kuqe, e grir\u00eb<\/li>\n\n\n\n<li>1 lug\u00eb gjelle vaj ulliri<\/li>\n\n\n\n<li>50 ml qum\u00ebsht<\/li>\n\n\n\n<li>1\/2 lug\u00eb \u00e7aji krip\u00eb<\/li>\n\n\n\n<li>1\/2 lug\u00eb \u00e7aji piper<\/li>\n\n\n\n<li>1\/2 lug\u00eb \u00e7aji piper i kuq i bluar<\/li>\n\n\n\n<li>30 g djath\u00eb i grir\u00eb<\/li>\n\n\n\n<li>1 lug\u00eb gjelle majdanoz t\u00eb grir\u00eb fllad<\/li>\n<\/ul>\n\n\n\n<h2 class=\"wp-block-heading\">Patate t\u00eb pjekura me vez\u00eb &#8211; p\u00ebrgatitja:<\/h2>\n\n\n\n<ol class=\"wp-block-list\">\n<li>Q\u00ebroni patatet, pritini n\u00eb feta t\u00eb holla dhe m\u00eb pas ziejini n\u00eb uj\u00eb p\u00ebr rreth pes\u00eb minuta.<\/li>\n\n\n\n<li>Pastaj, n\u00eb nj\u00eb tas, rrihni vez\u00ebt me qum\u00ebshtin dhe t\u00eb gjitha er\u00ebzat.<\/li>\n\n\n\n<li>Skuqni qep\u00ebn ngadal\u00eb n\u00eb vaj ulliri derisa t\u00eb b\u00ebhet transparente.<\/li>\n\n\n\n<li>Ngroheni furr\u00ebn n\u00eb 180 grad\u00eb.<\/li>\n\n\n\n<li>Lyejeni en\u00ebn me vaj, pastaj vendosni nj\u00eb shtres\u00eb patate n\u00eb fund, pastaj disa qep\u00eb dhe p\u00ebrs\u00ebriteni procesin derisa t\u00eb mbarojn\u00eb t\u00eb gjith\u00eb p\u00ebrb\u00ebr\u00ebsit.<\/li>\n\n\n\n<li>Hidhni sip\u00ebr p\u00ebrzierjen e vez\u00ebve dhe qum\u00ebshtit dhe piqeni tav\u00ebn deri n\u00eb gjysm\u00eb ore derisa vez\u00ebt t\u00eb jen\u00eb t\u00eb mpiksura.<\/li>\n\n\n\n<li>Nxirreni tav\u00ebn nga furra, sp\u00ebrkateni me djath\u00eb dhe vendoseni p\u00ebrs\u00ebri n\u00eb furr\u00eb p\u00ebr pes\u00eb minuta t\u00eb tjera.<\/li>\n\n\n\n<li>8. Sp\u00ebrkateni me pak majdanoz t\u00eb fresk\u00ebt p\u00ebrpara se ta servirni.<\/li>\n<\/ol>\n","protected":false},"excerpt":{"rendered":"<p>Tre patate, tre vez\u00eb, nj\u00eb qep\u00eb dhe pak djath\u00eb me er\u00ebza jan\u00eb t\u00eb gjitha q\u00eb ju nevojiten. Mund ta p\u00ebrgatitni k\u00ebt\u00eb p\u00ebrzierje patatesh dhe vez\u00ebsh p\u00ebr rreth 10 minuta dhe ta piqni p\u00ebr gjysm\u00eb ore. Patatet dhe vez\u00ebt\u00a0jan\u00eb ushqime baz\u00eb q\u00eb jan\u00eb p\u00ebrdorur n\u00eb receta t\u00eb shumta n\u00eb t\u00eb kaluar\u00ebn. T\u00eb ushqyeshme, t\u00eb ngopura dhe [&hellip;]<\/p>\n","protected":false},"author":4,"featured_media":0,"comment_status":"open","ping_status":"open","sticky":false,"template":"","format":"standard","meta":{"footnotes":""},"categories":[39],"tags":[],"class_list":{"0":"post-13098","1":"post","2":"type-post","3":"status-publish","4":"format-standard","6":"category-receta"},"yoast_head":"<!-- This site is optimized with the Yoast SEO plugin v27.4 - https:\/\/yoast.com\/product\/yoast-seo-wordpress\/ -->\n<title>Patate t\u00eb pjekura q\u00eb jan\u00eb ylli i drek\u00ebs: Nj\u00eb recet\u00eb p\u00ebr nj\u00eb pjat\u00eb shoq\u00ebruese q\u00eb ju kthen n\u00eb f\u00ebmij\u00ebri - Kosova Times<\/title>\n<meta name=\"robots\" content=\"index, follow, max-snippet:-1, max-image-preview:large, max-video-preview:-1\" \/>\n<link rel=\"canonical\" href=\"https:\/\/kosovatimes.info\/index.php\/2026\/05\/02\/patate-te-pjekura-qe-jane-ylli-i-drekes-nje-recete-per-nje-pjate-shoqeruese-qe-ju-kthen-ne-femijeri\/\" \/>\n<meta property=\"og:locale\" content=\"en_US\" \/>\n<meta property=\"og:type\" content=\"article\" \/>\n<meta property=\"og:title\" content=\"Patate t\u00eb pjekura q\u00eb jan\u00eb ylli i drek\u00ebs: Nj\u00eb recet\u00eb p\u00ebr nj\u00eb pjat\u00eb shoq\u00ebruese q\u00eb ju kthen n\u00eb f\u00ebmij\u00ebri - Kosova Times\" \/>\n<meta property=\"og:description\" content=\"Tre patate, tre vez\u00eb, nj\u00eb qep\u00eb dhe pak djath\u00eb me er\u00ebza jan\u00eb t\u00eb gjitha q\u00eb ju nevojiten. Mund ta p\u00ebrgatitni k\u00ebt\u00eb p\u00ebrzierje patatesh dhe vez\u00ebsh p\u00ebr rreth 10 minuta dhe ta piqni p\u00ebr gjysm\u00eb ore. Patatet dhe vez\u00ebt\u00a0jan\u00eb ushqime baz\u00eb q\u00eb jan\u00eb p\u00ebrdorur n\u00eb receta t\u00eb shumta n\u00eb t\u00eb kaluar\u00ebn. T\u00eb ushqyeshme, t\u00eb ngopura dhe [&hellip;]\" \/>\n<meta property=\"og:url\" content=\"https:\/\/kosovatimes.info\/index.php\/2026\/05\/02\/patate-te-pjekura-qe-jane-ylli-i-drekes-nje-recete-per-nje-pjate-shoqeruese-qe-ju-kthen-ne-femijeri\/\" \/>\n<meta property=\"og:site_name\" content=\"Kosova Times\" \/>\n<meta property=\"article:published_time\" content=\"2026-05-02T08:54:22+00:00\" \/>\n<meta property=\"article:modified_time\" content=\"2026-05-02T08:54:25+00:00\" \/>\n<meta name=\"author\" content=\"i l\" \/>\n<meta name=\"twitter:card\" content=\"summary_large_image\" \/>\n<meta name=\"twitter:label1\" content=\"Written by\" \/>\n\t<meta name=\"twitter:data1\" content=\"i l\" \/>\n\t<meta name=\"twitter:label2\" content=\"Est. reading time\" \/>\n\t<meta name=\"twitter:data2\" content=\"2 minutes\" \/>\n<script type=\"application\/ld+json\" class=\"yoast-schema-graph\">{\"@context\":\"https:\\\/\\\/schema.org\",\"@graph\":[{\"@type\":\"Article\",\"@id\":\"https:\\\/\\\/kosovatimes.info\\\/index.php\\\/2026\\\/05\\\/02\\\/patate-te-pjekura-qe-jane-ylli-i-drekes-nje-recete-per-nje-pjate-shoqeruese-qe-ju-kthen-ne-femijeri\\\/#article\",\"isPartOf\":{\"@id\":\"https:\\\/\\\/kosovatimes.info\\\/index.php\\\/2026\\\/05\\\/02\\\/patate-te-pjekura-qe-jane-ylli-i-drekes-nje-recete-per-nje-pjate-shoqeruese-qe-ju-kthen-ne-femijeri\\\/\"},\"author\":{\"name\":\"i l\",\"@id\":\"https:\\\/\\\/kosovatimes.info\\\/#\\\/schema\\\/person\\\/7586712b9c512fe68085de007378c915\"},\"headline\":\"Patate t\u00eb pjekura q\u00eb jan\u00eb ylli i drek\u00ebs: Nj\u00eb recet\u00eb p\u00ebr nj\u00eb pjat\u00eb shoq\u00ebruese q\u00eb ju kthen n\u00eb f\u00ebmij\u00ebri\",\"datePublished\":\"2026-05-02T08:54:22+00:00\",\"dateModified\":\"2026-05-02T08:54:25+00:00\",\"mainEntityOfPage\":{\"@id\":\"https:\\\/\\\/kosovatimes.info\\\/index.php\\\/2026\\\/05\\\/02\\\/patate-te-pjekura-qe-jane-ylli-i-drekes-nje-recete-per-nje-pjate-shoqeruese-qe-ju-kthen-ne-femijeri\\\/\"},\"wordCount\":370,\"commentCount\":0,\"articleSection\":[\"Receta\"],\"inLanguage\":\"en-US\",\"potentialAction\":[{\"@type\":\"CommentAction\",\"name\":\"Comment\",\"target\":[\"https:\\\/\\\/kosovatimes.info\\\/index.php\\\/2026\\\/05\\\/02\\\/patate-te-pjekura-qe-jane-ylli-i-drekes-nje-recete-per-nje-pjate-shoqeruese-qe-ju-kthen-ne-femijeri\\\/#respond\"]}]},{\"@type\":\"WebPage\",\"@id\":\"https:\\\/\\\/kosovatimes.info\\\/index.php\\\/2026\\\/05\\\/02\\\/patate-te-pjekura-qe-jane-ylli-i-drekes-nje-recete-per-nje-pjate-shoqeruese-qe-ju-kthen-ne-femijeri\\\/\",\"url\":\"https:\\\/\\\/kosovatimes.info\\\/index.php\\\/2026\\\/05\\\/02\\\/patate-te-pjekura-qe-jane-ylli-i-drekes-nje-recete-per-nje-pjate-shoqeruese-qe-ju-kthen-ne-femijeri\\\/\",\"name\":\"Patate t\u00eb pjekura q\u00eb jan\u00eb ylli i drek\u00ebs: Nj\u00eb recet\u00eb p\u00ebr nj\u00eb pjat\u00eb shoq\u00ebruese q\u00eb ju kthen n\u00eb f\u00ebmij\u00ebri - Kosova Times\",\"isPartOf\":{\"@id\":\"https:\\\/\\\/kosovatimes.info\\\/#website\"},\"datePublished\":\"2026-05-02T08:54:22+00:00\",\"dateModified\":\"2026-05-02T08:54:25+00:00\",\"author\":{\"@id\":\"https:\\\/\\\/kosovatimes.info\\\/#\\\/schema\\\/person\\\/7586712b9c512fe68085de007378c915\"},\"breadcrumb\":{\"@id\":\"https:\\\/\\\/kosovatimes.info\\\/index.php\\\/2026\\\/05\\\/02\\\/patate-te-pjekura-qe-jane-ylli-i-drekes-nje-recete-per-nje-pjate-shoqeruese-qe-ju-kthen-ne-femijeri\\\/#breadcrumb\"},\"inLanguage\":\"en-US\",\"potentialAction\":[{\"@type\":\"ReadAction\",\"target\":[\"https:\\\/\\\/kosovatimes.info\\\/index.php\\\/2026\\\/05\\\/02\\\/patate-te-pjekura-qe-jane-ylli-i-drekes-nje-recete-per-nje-pjate-shoqeruese-qe-ju-kthen-ne-femijeri\\\/\"]}]},{\"@type\":\"BreadcrumbList\",\"@id\":\"https:\\\/\\\/kosovatimes.info\\\/index.php\\\/2026\\\/05\\\/02\\\/patate-te-pjekura-qe-jane-ylli-i-drekes-nje-recete-per-nje-pjate-shoqeruese-qe-ju-kthen-ne-femijeri\\\/#breadcrumb\",\"itemListElement\":[{\"@type\":\"ListItem\",\"position\":1,\"name\":\"Home\",\"item\":\"https:\\\/\\\/kosovatimes.info\\\/\"},{\"@type\":\"ListItem\",\"position\":2,\"name\":\"Patate t\u00eb pjekura q\u00eb jan\u00eb ylli i drek\u00ebs: Nj\u00eb recet\u00eb p\u00ebr nj\u00eb pjat\u00eb shoq\u00ebruese q\u00eb ju kthen n\u00eb f\u00ebmij\u00ebri\"}]},{\"@type\":\"WebSite\",\"@id\":\"https:\\\/\\\/kosovatimes.info\\\/#website\",\"url\":\"https:\\\/\\\/kosovatimes.info\\\/\",\"name\":\"Kosova Times\",\"description\":\"\",\"potentialAction\":[{\"@type\":\"SearchAction\",\"target\":{\"@type\":\"EntryPoint\",\"urlTemplate\":\"https:\\\/\\\/kosovatimes.info\\\/?s={search_term_string}\"},\"query-input\":{\"@type\":\"PropertyValueSpecification\",\"valueRequired\":true,\"valueName\":\"search_term_string\"}}],\"inLanguage\":\"en-US\"},{\"@type\":\"Person\",\"@id\":\"https:\\\/\\\/kosovatimes.info\\\/#\\\/schema\\\/person\\\/7586712b9c512fe68085de007378c915\",\"name\":\"i l\",\"image\":{\"@type\":\"ImageObject\",\"inLanguage\":\"en-US\",\"@id\":\"https:\\\/\\\/secure.gravatar.com\\\/avatar\\\/bad9296e02816160ae2e2435beda58222022298d5625d49fea74d18816fbb31d?s=96&d=mm&r=g\",\"url\":\"https:\\\/\\\/secure.gravatar.com\\\/avatar\\\/bad9296e02816160ae2e2435beda58222022298d5625d49fea74d18816fbb31d?s=96&d=mm&r=g\",\"contentUrl\":\"https:\\\/\\\/secure.gravatar.com\\\/avatar\\\/bad9296e02816160ae2e2435beda58222022298d5625d49fea74d18816fbb31d?s=96&d=mm&r=g\",\"caption\":\"i l\"},\"url\":\"https:\\\/\\\/kosovatimes.info\\\/index.php\\\/author\\\/iliri\\\/\"}]}<\/script>\n<!-- \/ Yoast SEO plugin. -->","yoast_head_json":{"title":"Patate t\u00eb pjekura q\u00eb jan\u00eb ylli i drek\u00ebs: Nj\u00eb recet\u00eb p\u00ebr nj\u00eb pjat\u00eb shoq\u00ebruese q\u00eb ju kthen n\u00eb f\u00ebmij\u00ebri - Kosova Times","robots":{"index":"index","follow":"follow","max-snippet":"max-snippet:-1","max-image-preview":"max-image-preview:large","max-video-preview":"max-video-preview:-1"},"canonical":"https:\/\/kosovatimes.info\/index.php\/2026\/05\/02\/patate-te-pjekura-qe-jane-ylli-i-drekes-nje-recete-per-nje-pjate-shoqeruese-qe-ju-kthen-ne-femijeri\/","og_locale":"en_US","og_type":"article","og_title":"Patate t\u00eb pjekura q\u00eb jan\u00eb ylli i drek\u00ebs: Nj\u00eb recet\u00eb p\u00ebr nj\u00eb pjat\u00eb shoq\u00ebruese q\u00eb ju kthen n\u00eb f\u00ebmij\u00ebri - Kosova Times","og_description":"Tre patate, tre vez\u00eb, nj\u00eb qep\u00eb dhe pak djath\u00eb me er\u00ebza jan\u00eb t\u00eb gjitha q\u00eb ju nevojiten. Mund ta p\u00ebrgatitni k\u00ebt\u00eb p\u00ebrzierje patatesh dhe vez\u00ebsh p\u00ebr rreth 10 minuta dhe ta piqni p\u00ebr gjysm\u00eb ore. Patatet dhe vez\u00ebt\u00a0jan\u00eb ushqime baz\u00eb q\u00eb jan\u00eb p\u00ebrdorur n\u00eb receta t\u00eb shumta n\u00eb t\u00eb kaluar\u00ebn. T\u00eb ushqyeshme, t\u00eb ngopura dhe [&hellip;]","og_url":"https:\/\/kosovatimes.info\/index.php\/2026\/05\/02\/patate-te-pjekura-qe-jane-ylli-i-drekes-nje-recete-per-nje-pjate-shoqeruese-qe-ju-kthen-ne-femijeri\/","og_site_name":"Kosova Times","article_published_time":"2026-05-02T08:54:22+00:00","article_modified_time":"2026-05-02T08:54:25+00:00","author":"i l","twitter_card":"summary_large_image","twitter_misc":{"Written by":"i l","Est. reading time":"2 minutes"},"schema":{"@context":"https:\/\/schema.org","@graph":[{"@type":"Article","@id":"https:\/\/kosovatimes.info\/index.php\/2026\/05\/02\/patate-te-pjekura-qe-jane-ylli-i-drekes-nje-recete-per-nje-pjate-shoqeruese-qe-ju-kthen-ne-femijeri\/#article","isPartOf":{"@id":"https:\/\/kosovatimes.info\/index.php\/2026\/05\/02\/patate-te-pjekura-qe-jane-ylli-i-drekes-nje-recete-per-nje-pjate-shoqeruese-qe-ju-kthen-ne-femijeri\/"},"author":{"name":"i l","@id":"https:\/\/kosovatimes.info\/#\/schema\/person\/7586712b9c512fe68085de007378c915"},"headline":"Patate t\u00eb pjekura q\u00eb jan\u00eb ylli i drek\u00ebs: Nj\u00eb recet\u00eb p\u00ebr nj\u00eb pjat\u00eb shoq\u00ebruese q\u00eb ju kthen n\u00eb f\u00ebmij\u00ebri","datePublished":"2026-05-02T08:54:22+00:00","dateModified":"2026-05-02T08:54:25+00:00","mainEntityOfPage":{"@id":"https:\/\/kosovatimes.info\/index.php\/2026\/05\/02\/patate-te-pjekura-qe-jane-ylli-i-drekes-nje-recete-per-nje-pjate-shoqeruese-qe-ju-kthen-ne-femijeri\/"},"wordCount":370,"commentCount":0,"articleSection":["Receta"],"inLanguage":"en-US","potentialAction":[{"@type":"CommentAction","name":"Comment","target":["https:\/\/kosovatimes.info\/index.php\/2026\/05\/02\/patate-te-pjekura-qe-jane-ylli-i-drekes-nje-recete-per-nje-pjate-shoqeruese-qe-ju-kthen-ne-femijeri\/#respond"]}]},{"@type":"WebPage","@id":"https:\/\/kosovatimes.info\/index.php\/2026\/05\/02\/patate-te-pjekura-qe-jane-ylli-i-drekes-nje-recete-per-nje-pjate-shoqeruese-qe-ju-kthen-ne-femijeri\/","url":"https:\/\/kosovatimes.info\/index.php\/2026\/05\/02\/patate-te-pjekura-qe-jane-ylli-i-drekes-nje-recete-per-nje-pjate-shoqeruese-qe-ju-kthen-ne-femijeri\/","name":"Patate t\u00eb pjekura q\u00eb jan\u00eb ylli i drek\u00ebs: Nj\u00eb recet\u00eb p\u00ebr nj\u00eb pjat\u00eb shoq\u00ebruese q\u00eb ju kthen n\u00eb f\u00ebmij\u00ebri - Kosova Times","isPartOf":{"@id":"https:\/\/kosovatimes.info\/#website"},"datePublished":"2026-05-02T08:54:22+00:00","dateModified":"2026-05-02T08:54:25+00:00","author":{"@id":"https:\/\/kosovatimes.info\/#\/schema\/person\/7586712b9c512fe68085de007378c915"},"breadcrumb":{"@id":"https:\/\/kosovatimes.info\/index.php\/2026\/05\/02\/patate-te-pjekura-qe-jane-ylli-i-drekes-nje-recete-per-nje-pjate-shoqeruese-qe-ju-kthen-ne-femijeri\/#breadcrumb"},"inLanguage":"en-US","potentialAction":[{"@type":"ReadAction","target":["https:\/\/kosovatimes.info\/index.php\/2026\/05\/02\/patate-te-pjekura-qe-jane-ylli-i-drekes-nje-recete-per-nje-pjate-shoqeruese-qe-ju-kthen-ne-femijeri\/"]}]},{"@type":"BreadcrumbList","@id":"https:\/\/kosovatimes.info\/index.php\/2026\/05\/02\/patate-te-pjekura-qe-jane-ylli-i-drekes-nje-recete-per-nje-pjate-shoqeruese-qe-ju-kthen-ne-femijeri\/#breadcrumb","itemListElement":[{"@type":"ListItem","position":1,"name":"Home","item":"https:\/\/kosovatimes.info\/"},{"@type":"ListItem","position":2,"name":"Patate t\u00eb pjekura q\u00eb jan\u00eb ylli i drek\u00ebs: Nj\u00eb recet\u00eb p\u00ebr nj\u00eb pjat\u00eb shoq\u00ebruese q\u00eb ju kthen n\u00eb f\u00ebmij\u00ebri"}]},{"@type":"WebSite","@id":"https:\/\/kosovatimes.info\/#website","url":"https:\/\/kosovatimes.info\/","name":"Kosova Times","description":"","potentialAction":[{"@type":"SearchAction","target":{"@type":"EntryPoint","urlTemplate":"https:\/\/kosovatimes.info\/?s={search_term_string}"},"query-input":{"@type":"PropertyValueSpecification","valueRequired":true,"valueName":"search_term_string"}}],"inLanguage":"en-US"},{"@type":"Person","@id":"https:\/\/kosovatimes.info\/#\/schema\/person\/7586712b9c512fe68085de007378c915","name":"i l","image":{"@type":"ImageObject","inLanguage":"en-US","@id":"https:\/\/secure.gravatar.com\/avatar\/bad9296e02816160ae2e2435beda58222022298d5625d49fea74d18816fbb31d?s=96&d=mm&r=g","url":"https:\/\/secure.gravatar.com\/avatar\/bad9296e02816160ae2e2435beda58222022298d5625d49fea74d18816fbb31d?s=96&d=mm&r=g","contentUrl":"https:\/\/secure.gravatar.com\/avatar\/bad9296e02816160ae2e2435beda58222022298d5625d49fea74d18816fbb31d?s=96&d=mm&r=g","caption":"i l"},"url":"https:\/\/kosovatimes.info\/index.php\/author\/iliri\/"}]}},"_links":{"self":[{"href":"https:\/\/kosovatimes.info\/index.php\/wp-json\/wp\/v2\/posts\/13098","targetHints":{"allow":["GET"]}}],"collection":[{"href":"https:\/\/kosovatimes.info\/index.php\/wp-json\/wp\/v2\/posts"}],"about":[{"href":"https:\/\/kosovatimes.info\/index.php\/wp-json\/wp\/v2\/types\/post"}],"author":[{"embeddable":true,"href":"https:\/\/kosovatimes.info\/index.php\/wp-json\/wp\/v2\/users\/4"}],"replies":[{"embeddable":true,"href":"https:\/\/kosovatimes.info\/index.php\/wp-json\/wp\/v2\/comments?post=13098"}],"version-history":[{"count":1,"href":"https:\/\/kosovatimes.info\/index.php\/wp-json\/wp\/v2\/posts\/13098\/revisions"}],"predecessor-version":[{"id":13099,"href":"https:\/\/kosovatimes.info\/index.php\/wp-json\/wp\/v2\/posts\/13098\/revisions\/13099"}],"wp:attachment":[{"href":"https:\/\/kosovatimes.info\/index.php\/wp-json\/wp\/v2\/media?parent=13098"}],"wp:term":[{"taxonomy":"category","embeddable":true,"href":"https:\/\/kosovatimes.info\/index.php\/wp-json\/wp\/v2\/categories?post=13098"},{"taxonomy":"post_tag","embeddable":true,"href":"https:\/\/kosovatimes.info\/index.php\/wp-json\/wp\/v2\/tags?post=13098"}],"curies":[{"name":"wp","href":"https:\/\/api.w.org\/{rel}","templated":true}]}}