{"id":13107,"date":"2026-05-02T09:39:00","date_gmt":"2026-05-02T07:39:00","guid":{"rendered":"https:\/\/kosovatimes.info\/?p=13107"},"modified":"2026-05-02T11:14:38","modified_gmt":"2026-05-02T09:14:38","slug":"27-vjet-nga-masakra-e-studimes-se-vushtrrise-mbahet-akademi-perkujtimore","status":"publish","type":"post","link":"https:\/\/kosovatimes.info\/index.php\/2026\/05\/02\/27-vjet-nga-masakra-e-studimes-se-vushtrrise-mbahet-akademi-perkujtimore\/","title":{"rendered":"27 vjet nga masakra e Studimes s\u00eb Vushtrris\u00eb, mbahet akademi p\u00ebrkujtimore"},"content":{"rendered":"\n<p><strong>Sot mbushen 27 vjet nga masakra e Studimes s\u00eb Vushtrris\u00eb. Me k\u00ebt\u00eb rast, organizohet nj\u00eb akademi p\u00ebrkujtimore n\u00eb nderim t\u00eb martir\u00ebve.<\/strong><\/p>\n\n\n\n<p>Masakra e Studimes ndodhi m\u00eb 2 maj 1999, sipas d\u00ebshmitar\u00ebve forcat serbe vran\u00eb civil\u00eb t\u00eb cil\u00ebt u pushkatuan brenda dy or\u00ebve, kryesisht burra dhe djem t\u00eb paarmatosur.&nbsp;<\/p>\n\n\n\n<p>Kjo ngjarje \u00ebsht\u00eb dokumentuar nga organizata nd\u00ebrkomb\u00ebtare p\u00ebr t\u00eb drejtat e njeriut dhe \u00ebsht\u00eb konsideruar si krim lufte.<br><br>Pas p\u00ebrfundimit t\u00eb luft\u00ebs dhe nd\u00ebrhyrjes s\u00eb NATO n\u00eb Kosov\u00eb, masakra e Studimes u b\u00eb pjes\u00eb e hetimeve p\u00ebr krimet e kryera gjat\u00eb konfliktit.<\/p>\n\n\n\n<p>Sot do t\u00eb mbahet nj\u00eb akademi p\u00ebrkujtimore n\u00eb nderim t\u00eb viktimave t\u00eb Masakra e Studimes, nj\u00eb prej ngjarjeve m\u00eb t\u00eb r\u00ebnda t\u00eb luft\u00ebs n\u00eb Kosov\u00eb. T\u00eb pranish\u00ebm do t\u00eb jen\u00eb edhe ushtruesja e detyr\u00ebs s\u00eb presidentes s\u00eb Kosov\u00ebs, Albulena Haxhiu, si dhe kryetari i komun\u00ebs s\u00eb Vushtrris\u00eb, Ferit Idrizi.<\/p>\n\n\n\n<p><\/p>\n","protected":false},"excerpt":{"rendered":"<p>Sot mbushen 27 vjet nga masakra e Studimes s\u00eb Vushtrris\u00eb. Me k\u00ebt\u00eb rast, organizohet nj\u00eb akademi p\u00ebrkujtimore n\u00eb nderim t\u00eb martir\u00ebve. Masakra e Studimes ndodhi m\u00eb 2 maj 1999, sipas d\u00ebshmitar\u00ebve forcat serbe vran\u00eb civil\u00eb t\u00eb cil\u00ebt u pushkatuan brenda dy or\u00ebve, kryesisht burra dhe djem t\u00eb paarmatosur.&nbsp; Kjo ngjarje \u00ebsht\u00eb dokumentuar nga organizata nd\u00ebrkomb\u00ebtare [&hellip;]<\/p>\n","protected":false},"author":4,"featured_media":13108,"comment_status":"open","ping_status":"open","sticky":false,"template":"","format":"standard","meta":{"footnotes":""},"categories":[31,30],"tags":[],"class_list":{"0":"post-13107","1":"post","2":"type-post","3":"status-publish","4":"format-standard","5":"has-post-thumbnail","7":"category-kosove","8":"category-lajme"},"yoast_head":"<!-- This site is optimized with the Yoast SEO plugin v27.4 - https:\/\/yoast.com\/product\/yoast-seo-wordpress\/ -->\n<title>27 vjet nga masakra e Studimes s\u00eb Vushtrris\u00eb, mbahet akademi p\u00ebrkujtimore - Kosova Times<\/title>\n<meta name=\"robots\" content=\"index, follow, max-snippet:-1, max-image-preview:large, max-video-preview:-1\" \/>\n<link rel=\"canonical\" href=\"https:\/\/kosovatimes.info\/index.php\/2026\/05\/02\/27-vjet-nga-masakra-e-studimes-se-vushtrrise-mbahet-akademi-perkujtimore\/\" \/>\n<meta property=\"og:locale\" content=\"en_US\" \/>\n<meta property=\"og:type\" content=\"article\" \/>\n<meta property=\"og:title\" content=\"27 vjet nga masakra e Studimes s\u00eb Vushtrris\u00eb, mbahet akademi p\u00ebrkujtimore - Kosova Times\" \/>\n<meta property=\"og:description\" content=\"Sot mbushen 27 vjet nga masakra e Studimes s\u00eb Vushtrris\u00eb. Me k\u00ebt\u00eb rast, organizohet nj\u00eb akademi p\u00ebrkujtimore n\u00eb nderim t\u00eb martir\u00ebve. Masakra e Studimes ndodhi m\u00eb 2 maj 1999, sipas d\u00ebshmitar\u00ebve forcat serbe vran\u00eb civil\u00eb t\u00eb cil\u00ebt u pushkatuan brenda dy or\u00ebve, kryesisht burra dhe djem t\u00eb paarmatosur.&nbsp; Kjo ngjarje \u00ebsht\u00eb dokumentuar nga organizata nd\u00ebrkomb\u00ebtare [&hellip;]\" \/>\n<meta property=\"og:url\" content=\"https:\/\/kosovatimes.info\/index.php\/2026\/05\/02\/27-vjet-nga-masakra-e-studimes-se-vushtrrise-mbahet-akademi-perkujtimore\/\" \/>\n<meta property=\"og:site_name\" content=\"Kosova Times\" \/>\n<meta property=\"article:published_time\" content=\"2026-05-02T07:39:00+00:00\" \/>\n<meta property=\"article:modified_time\" content=\"2026-05-02T09:14:38+00:00\" \/>\n<meta property=\"og:image\" content=\"https:\/\/kosovatimes.info\/wp-content\/uploads\/2026\/05\/Studime.jpeg\" \/>\n\t<meta property=\"og:image:width\" content=\"780\" \/>\n\t<meta property=\"og:image:height\" content=\"500\" \/>\n\t<meta property=\"og:image:type\" content=\"image\/jpeg\" \/>\n<meta name=\"author\" content=\"i l\" \/>\n<meta name=\"twitter:card\" content=\"summary_large_image\" \/>\n<meta name=\"twitter:label1\" content=\"Written by\" \/>\n\t<meta name=\"twitter:data1\" content=\"i l\" \/>\n\t<meta name=\"twitter:label2\" content=\"Est. reading time\" \/>\n\t<meta name=\"twitter:data2\" content=\"1 minute\" \/>\n<script type=\"application\/ld+json\" class=\"yoast-schema-graph\">{\"@context\":\"https:\\\/\\\/schema.org\",\"@graph\":[{\"@type\":\"Article\",\"@id\":\"https:\\\/\\\/kosovatimes.info\\\/index.php\\\/2026\\\/05\\\/02\\\/27-vjet-nga-masakra-e-studimes-se-vushtrrise-mbahet-akademi-perkujtimore\\\/#article\",\"isPartOf\":{\"@id\":\"https:\\\/\\\/kosovatimes.info\\\/index.php\\\/2026\\\/05\\\/02\\\/27-vjet-nga-masakra-e-studimes-se-vushtrrise-mbahet-akademi-perkujtimore\\\/\"},\"author\":{\"name\":\"i l\",\"@id\":\"https:\\\/\\\/kosovatimes.info\\\/#\\\/schema\\\/person\\\/7586712b9c512fe68085de007378c915\"},\"headline\":\"27 vjet nga masakra e Studimes s\u00eb Vushtrris\u00eb, mbahet akademi p\u00ebrkujtimore\",\"datePublished\":\"2026-05-02T07:39:00+00:00\",\"dateModified\":\"2026-05-02T09:14:38+00:00\",\"mainEntityOfPage\":{\"@id\":\"https:\\\/\\\/kosovatimes.info\\\/index.php\\\/2026\\\/05\\\/02\\\/27-vjet-nga-masakra-e-studimes-se-vushtrrise-mbahet-akademi-perkujtimore\\\/\"},\"wordCount\":169,\"commentCount\":0,\"image\":{\"@id\":\"https:\\\/\\\/kosovatimes.info\\\/index.php\\\/2026\\\/05\\\/02\\\/27-vjet-nga-masakra-e-studimes-se-vushtrrise-mbahet-akademi-perkujtimore\\\/#primaryimage\"},\"thumbnailUrl\":\"https:\\\/\\\/kosovatimes.info\\\/wp-content\\\/uploads\\\/2026\\\/05\\\/Studime.jpeg\",\"articleSection\":[\"Kosov\u00eb\",\"Lajme\"],\"inLanguage\":\"en-US\",\"potentialAction\":[{\"@type\":\"CommentAction\",\"name\":\"Comment\",\"target\":[\"https:\\\/\\\/kosovatimes.info\\\/index.php\\\/2026\\\/05\\\/02\\\/27-vjet-nga-masakra-e-studimes-se-vushtrrise-mbahet-akademi-perkujtimore\\\/#respond\"]}]},{\"@type\":\"WebPage\",\"@id\":\"https:\\\/\\\/kosovatimes.info\\\/index.php\\\/2026\\\/05\\\/02\\\/27-vjet-nga-masakra-e-studimes-se-vushtrrise-mbahet-akademi-perkujtimore\\\/\",\"url\":\"https:\\\/\\\/kosovatimes.info\\\/index.php\\\/2026\\\/05\\\/02\\\/27-vjet-nga-masakra-e-studimes-se-vushtrrise-mbahet-akademi-perkujtimore\\\/\",\"name\":\"27 vjet nga masakra e Studimes s\u00eb Vushtrris\u00eb, mbahet akademi p\u00ebrkujtimore - Kosova Times\",\"isPartOf\":{\"@id\":\"https:\\\/\\\/kosovatimes.info\\\/#website\"},\"primaryImageOfPage\":{\"@id\":\"https:\\\/\\\/kosovatimes.info\\\/index.php\\\/2026\\\/05\\\/02\\\/27-vjet-nga-masakra-e-studimes-se-vushtrrise-mbahet-akademi-perkujtimore\\\/#primaryimage\"},\"image\":{\"@id\":\"https:\\\/\\\/kosovatimes.info\\\/index.php\\\/2026\\\/05\\\/02\\\/27-vjet-nga-masakra-e-studimes-se-vushtrrise-mbahet-akademi-perkujtimore\\\/#primaryimage\"},\"thumbnailUrl\":\"https:\\\/\\\/kosovatimes.info\\\/wp-content\\\/uploads\\\/2026\\\/05\\\/Studime.jpeg\",\"datePublished\":\"2026-05-02T07:39:00+00:00\",\"dateModified\":\"2026-05-02T09:14:38+00:00\",\"author\":{\"@id\":\"https:\\\/\\\/kosovatimes.info\\\/#\\\/schema\\\/person\\\/7586712b9c512fe68085de007378c915\"},\"breadcrumb\":{\"@id\":\"https:\\\/\\\/kosovatimes.info\\\/index.php\\\/2026\\\/05\\\/02\\\/27-vjet-nga-masakra-e-studimes-se-vushtrrise-mbahet-akademi-perkujtimore\\\/#breadcrumb\"},\"inLanguage\":\"en-US\",\"potentialAction\":[{\"@type\":\"ReadAction\",\"target\":[\"https:\\\/\\\/kosovatimes.info\\\/index.php\\\/2026\\\/05\\\/02\\\/27-vjet-nga-masakra-e-studimes-se-vushtrrise-mbahet-akademi-perkujtimore\\\/\"]}]},{\"@type\":\"ImageObject\",\"inLanguage\":\"en-US\",\"@id\":\"https:\\\/\\\/kosovatimes.info\\\/index.php\\\/2026\\\/05\\\/02\\\/27-vjet-nga-masakra-e-studimes-se-vushtrrise-mbahet-akademi-perkujtimore\\\/#primaryimage\",\"url\":\"https:\\\/\\\/kosovatimes.info\\\/wp-content\\\/uploads\\\/2026\\\/05\\\/Studime.jpeg\",\"contentUrl\":\"https:\\\/\\\/kosovatimes.info\\\/wp-content\\\/uploads\\\/2026\\\/05\\\/Studime.jpeg\",\"width\":780,\"height\":500},{\"@type\":\"BreadcrumbList\",\"@id\":\"https:\\\/\\\/kosovatimes.info\\\/index.php\\\/2026\\\/05\\\/02\\\/27-vjet-nga-masakra-e-studimes-se-vushtrrise-mbahet-akademi-perkujtimore\\\/#breadcrumb\",\"itemListElement\":[{\"@type\":\"ListItem\",\"position\":1,\"name\":\"Home\",\"item\":\"https:\\\/\\\/kosovatimes.info\\\/\"},{\"@type\":\"ListItem\",\"position\":2,\"name\":\"27 vjet nga masakra e Studimes s\u00eb Vushtrris\u00eb, mbahet akademi p\u00ebrkujtimore\"}]},{\"@type\":\"WebSite\",\"@id\":\"https:\\\/\\\/kosovatimes.info\\\/#website\",\"url\":\"https:\\\/\\\/kosovatimes.info\\\/\",\"name\":\"Kosova Times\",\"description\":\"\",\"potentialAction\":[{\"@type\":\"SearchAction\",\"target\":{\"@type\":\"EntryPoint\",\"urlTemplate\":\"https:\\\/\\\/kosovatimes.info\\\/?s={search_term_string}\"},\"query-input\":{\"@type\":\"PropertyValueSpecification\",\"valueRequired\":true,\"valueName\":\"search_term_string\"}}],\"inLanguage\":\"en-US\"},{\"@type\":\"Person\",\"@id\":\"https:\\\/\\\/kosovatimes.info\\\/#\\\/schema\\\/person\\\/7586712b9c512fe68085de007378c915\",\"name\":\"i l\",\"image\":{\"@type\":\"ImageObject\",\"inLanguage\":\"en-US\",\"@id\":\"https:\\\/\\\/secure.gravatar.com\\\/avatar\\\/bad9296e02816160ae2e2435beda58222022298d5625d49fea74d18816fbb31d?s=96&d=mm&r=g\",\"url\":\"https:\\\/\\\/secure.gravatar.com\\\/avatar\\\/bad9296e02816160ae2e2435beda58222022298d5625d49fea74d18816fbb31d?s=96&d=mm&r=g\",\"contentUrl\":\"https:\\\/\\\/secure.gravatar.com\\\/avatar\\\/bad9296e02816160ae2e2435beda58222022298d5625d49fea74d18816fbb31d?s=96&d=mm&r=g\",\"caption\":\"i l\"},\"url\":\"https:\\\/\\\/kosovatimes.info\\\/index.php\\\/author\\\/iliri\\\/\"}]}<\/script>\n<!-- \/ Yoast SEO plugin. -->","yoast_head_json":{"title":"27 vjet nga masakra e Studimes s\u00eb Vushtrris\u00eb, mbahet akademi p\u00ebrkujtimore - Kosova Times","robots":{"index":"index","follow":"follow","max-snippet":"max-snippet:-1","max-image-preview":"max-image-preview:large","max-video-preview":"max-video-preview:-1"},"canonical":"https:\/\/kosovatimes.info\/index.php\/2026\/05\/02\/27-vjet-nga-masakra-e-studimes-se-vushtrrise-mbahet-akademi-perkujtimore\/","og_locale":"en_US","og_type":"article","og_title":"27 vjet nga masakra e Studimes s\u00eb Vushtrris\u00eb, mbahet akademi p\u00ebrkujtimore - Kosova Times","og_description":"Sot mbushen 27 vjet nga masakra e Studimes s\u00eb Vushtrris\u00eb. Me k\u00ebt\u00eb rast, organizohet nj\u00eb akademi p\u00ebrkujtimore n\u00eb nderim t\u00eb martir\u00ebve. Masakra e Studimes ndodhi m\u00eb 2 maj 1999, sipas d\u00ebshmitar\u00ebve forcat serbe vran\u00eb civil\u00eb t\u00eb cil\u00ebt u pushkatuan brenda dy or\u00ebve, kryesisht burra dhe djem t\u00eb paarmatosur.&nbsp; Kjo ngjarje \u00ebsht\u00eb dokumentuar nga organizata nd\u00ebrkomb\u00ebtare [&hellip;]","og_url":"https:\/\/kosovatimes.info\/index.php\/2026\/05\/02\/27-vjet-nga-masakra-e-studimes-se-vushtrrise-mbahet-akademi-perkujtimore\/","og_site_name":"Kosova Times","article_published_time":"2026-05-02T07:39:00+00:00","article_modified_time":"2026-05-02T09:14:38+00:00","og_image":[{"width":780,"height":500,"url":"https:\/\/kosovatimes.info\/wp-content\/uploads\/2026\/05\/Studime.jpeg","type":"image\/jpeg"}],"author":"i l","twitter_card":"summary_large_image","twitter_misc":{"Written by":"i l","Est. reading time":"1 minute"},"schema":{"@context":"https:\/\/schema.org","@graph":[{"@type":"Article","@id":"https:\/\/kosovatimes.info\/index.php\/2026\/05\/02\/27-vjet-nga-masakra-e-studimes-se-vushtrrise-mbahet-akademi-perkujtimore\/#article","isPartOf":{"@id":"https:\/\/kosovatimes.info\/index.php\/2026\/05\/02\/27-vjet-nga-masakra-e-studimes-se-vushtrrise-mbahet-akademi-perkujtimore\/"},"author":{"name":"i l","@id":"https:\/\/kosovatimes.info\/#\/schema\/person\/7586712b9c512fe68085de007378c915"},"headline":"27 vjet nga masakra e Studimes s\u00eb Vushtrris\u00eb, mbahet akademi p\u00ebrkujtimore","datePublished":"2026-05-02T07:39:00+00:00","dateModified":"2026-05-02T09:14:38+00:00","mainEntityOfPage":{"@id":"https:\/\/kosovatimes.info\/index.php\/2026\/05\/02\/27-vjet-nga-masakra-e-studimes-se-vushtrrise-mbahet-akademi-perkujtimore\/"},"wordCount":169,"commentCount":0,"image":{"@id":"https:\/\/kosovatimes.info\/index.php\/2026\/05\/02\/27-vjet-nga-masakra-e-studimes-se-vushtrrise-mbahet-akademi-perkujtimore\/#primaryimage"},"thumbnailUrl":"https:\/\/kosovatimes.info\/wp-content\/uploads\/2026\/05\/Studime.jpeg","articleSection":["Kosov\u00eb","Lajme"],"inLanguage":"en-US","potentialAction":[{"@type":"CommentAction","name":"Comment","target":["https:\/\/kosovatimes.info\/index.php\/2026\/05\/02\/27-vjet-nga-masakra-e-studimes-se-vushtrrise-mbahet-akademi-perkujtimore\/#respond"]}]},{"@type":"WebPage","@id":"https:\/\/kosovatimes.info\/index.php\/2026\/05\/02\/27-vjet-nga-masakra-e-studimes-se-vushtrrise-mbahet-akademi-perkujtimore\/","url":"https:\/\/kosovatimes.info\/index.php\/2026\/05\/02\/27-vjet-nga-masakra-e-studimes-se-vushtrrise-mbahet-akademi-perkujtimore\/","name":"27 vjet nga masakra e Studimes s\u00eb Vushtrris\u00eb, mbahet akademi p\u00ebrkujtimore - Kosova Times","isPartOf":{"@id":"https:\/\/kosovatimes.info\/#website"},"primaryImageOfPage":{"@id":"https:\/\/kosovatimes.info\/index.php\/2026\/05\/02\/27-vjet-nga-masakra-e-studimes-se-vushtrrise-mbahet-akademi-perkujtimore\/#primaryimage"},"image":{"@id":"https:\/\/kosovatimes.info\/index.php\/2026\/05\/02\/27-vjet-nga-masakra-e-studimes-se-vushtrrise-mbahet-akademi-perkujtimore\/#primaryimage"},"thumbnailUrl":"https:\/\/kosovatimes.info\/wp-content\/uploads\/2026\/05\/Studime.jpeg","datePublished":"2026-05-02T07:39:00+00:00","dateModified":"2026-05-02T09:14:38+00:00","author":{"@id":"https:\/\/kosovatimes.info\/#\/schema\/person\/7586712b9c512fe68085de007378c915"},"breadcrumb":{"@id":"https:\/\/kosovatimes.info\/index.php\/2026\/05\/02\/27-vjet-nga-masakra-e-studimes-se-vushtrrise-mbahet-akademi-perkujtimore\/#breadcrumb"},"inLanguage":"en-US","potentialAction":[{"@type":"ReadAction","target":["https:\/\/kosovatimes.info\/index.php\/2026\/05\/02\/27-vjet-nga-masakra-e-studimes-se-vushtrrise-mbahet-akademi-perkujtimore\/"]}]},{"@type":"ImageObject","inLanguage":"en-US","@id":"https:\/\/kosovatimes.info\/index.php\/2026\/05\/02\/27-vjet-nga-masakra-e-studimes-se-vushtrrise-mbahet-akademi-perkujtimore\/#primaryimage","url":"https:\/\/kosovatimes.info\/wp-content\/uploads\/2026\/05\/Studime.jpeg","contentUrl":"https:\/\/kosovatimes.info\/wp-content\/uploads\/2026\/05\/Studime.jpeg","width":780,"height":500},{"@type":"BreadcrumbList","@id":"https:\/\/kosovatimes.info\/index.php\/2026\/05\/02\/27-vjet-nga-masakra-e-studimes-se-vushtrrise-mbahet-akademi-perkujtimore\/#breadcrumb","itemListElement":[{"@type":"ListItem","position":1,"name":"Home","item":"https:\/\/kosovatimes.info\/"},{"@type":"ListItem","position":2,"name":"27 vjet nga masakra e Studimes s\u00eb Vushtrris\u00eb, mbahet akademi p\u00ebrkujtimore"}]},{"@type":"WebSite","@id":"https:\/\/kosovatimes.info\/#website","url":"https:\/\/kosovatimes.info\/","name":"Kosova Times","description":"","potentialAction":[{"@type":"SearchAction","target":{"@type":"EntryPoint","urlTemplate":"https:\/\/kosovatimes.info\/?s={search_term_string}"},"query-input":{"@type":"PropertyValueSpecification","valueRequired":true,"valueName":"search_term_string"}}],"inLanguage":"en-US"},{"@type":"Person","@id":"https:\/\/kosovatimes.info\/#\/schema\/person\/7586712b9c512fe68085de007378c915","name":"i l","image":{"@type":"ImageObject","inLanguage":"en-US","@id":"https:\/\/secure.gravatar.com\/avatar\/bad9296e02816160ae2e2435beda58222022298d5625d49fea74d18816fbb31d?s=96&d=mm&r=g","url":"https:\/\/secure.gravatar.com\/avatar\/bad9296e02816160ae2e2435beda58222022298d5625d49fea74d18816fbb31d?s=96&d=mm&r=g","contentUrl":"https:\/\/secure.gravatar.com\/avatar\/bad9296e02816160ae2e2435beda58222022298d5625d49fea74d18816fbb31d?s=96&d=mm&r=g","caption":"i l"},"url":"https:\/\/kosovatimes.info\/index.php\/author\/iliri\/"}]}},"_links":{"self":[{"href":"https:\/\/kosovatimes.info\/index.php\/wp-json\/wp\/v2\/posts\/13107","targetHints":{"allow":["GET"]}}],"collection":[{"href":"https:\/\/kosovatimes.info\/index.php\/wp-json\/wp\/v2\/posts"}],"about":[{"href":"https:\/\/kosovatimes.info\/index.php\/wp-json\/wp\/v2\/types\/post"}],"author":[{"embeddable":true,"href":"https:\/\/kosovatimes.info\/index.php\/wp-json\/wp\/v2\/users\/4"}],"replies":[{"embeddable":true,"href":"https:\/\/kosovatimes.info\/index.php\/wp-json\/wp\/v2\/comments?post=13107"}],"version-history":[{"count":1,"href":"https:\/\/kosovatimes.info\/index.php\/wp-json\/wp\/v2\/posts\/13107\/revisions"}],"predecessor-version":[{"id":13109,"href":"https:\/\/kosovatimes.info\/index.php\/wp-json\/wp\/v2\/posts\/13107\/revisions\/13109"}],"wp:featuredmedia":[{"embeddable":true,"href":"https:\/\/kosovatimes.info\/index.php\/wp-json\/wp\/v2\/media\/13108"}],"wp:attachment":[{"href":"https:\/\/kosovatimes.info\/index.php\/wp-json\/wp\/v2\/media?parent=13107"}],"wp:term":[{"taxonomy":"category","embeddable":true,"href":"https:\/\/kosovatimes.info\/index.php\/wp-json\/wp\/v2\/categories?post=13107"},{"taxonomy":"post_tag","embeddable":true,"href":"https:\/\/kosovatimes.info\/index.php\/wp-json\/wp\/v2\/tags?post=13107"}],"curies":[{"name":"wp","href":"https:\/\/api.w.org\/{rel}","templated":true}]}}