{"id":13110,"date":"2026-05-02T10:25:00","date_gmt":"2026-05-02T08:25:00","guid":{"rendered":"https:\/\/kosovatimes.info\/?p=13110"},"modified":"2026-05-02T11:16:02","modified_gmt":"2026-05-02T09:16:02","slug":"fillon-aplikimi-per-certifikim-te-subjekteve-politike-e-dorezim-te-listave","status":"publish","type":"post","link":"https:\/\/kosovatimes.info\/index.php\/2026\/05\/02\/fillon-aplikimi-per-certifikim-te-subjekteve-politike-e-dorezim-te-listave\/","title":{"rendered":"Fillon aplikimi p\u00ebr certifikim t\u00eb subjekteve politike e dor\u00ebzim t\u00eb listave"},"content":{"rendered":"\n<p><strong>Komisioni Qendror i Zgjedhjeve ka njoftuar se nga sot ka filluar afati p\u00ebr subjektet politike p\u00ebr t\u00eb aplikuar p\u00ebr certifikim p\u00ebr pjes\u00ebmarrje n\u00eb zgjedhjet e parakohshme parlamentare t\u00eb 7 qershorit dhe p\u00ebr t\u00eb dor\u00ebzuar list\u00ebn me emrat e kandidat\u00ebve p\u00ebr deputet\u00eb.<\/strong><\/p>\n\n\n\n<p>K\u00ebto dy faza t\u00eb r\u00ebnd\u00ebsishme t\u00eb procesit zgjedhor p\u00ebrfundojn\u00eb n\u00eb data t\u00eb ndryshme, nd\u00ebrsa p\u00ebr dor\u00ebzimin e listave t\u00eb kandidat\u00ebve, subjektet politike do t\u00eb ken\u00eb n\u00eb dispozicion nj\u00eb periudh\u00eb m\u00eb t\u00eb gjat\u00eb kohore.<\/p>\n\n\n\n<p>Z\u00ebdh\u00ebn\u00ebsi i KQZ-s\u00eb, Valmir Elezi, tha p\u00ebr RTKLive se aplikimi p\u00ebr certifkim do t\u00eb zgjas\u00eb deri m\u00eb 10 maj dhe se certifikimit do t\u2019i n\u00ebnshtrohen vet\u00ebm subjektet e reja politike, si\u00e7 jan\u00eb koalicionet, nismat qytetare dhe kandidat\u00ebt e pavarur, nd\u00ebrsa kjo s\u2019do t\u00eb vlej\u00eb p\u00ebr partit\u00eb politike q\u00eb ligji i konsideron t\u00eb regjistruara automatikisht.<\/p>\n\n\n\n<p>Aplikimi p\u00ebr certifikim t\u00eb subjekteve t\u00eb reja politike politike, 2 maj \u2013 10 maj 2026.<\/p>\n\n\n\n<p>\u201cDuke filluar nga data 2 maj dhe deri m\u00eb 10 maj, subjektet e reja politike (koalicionet, nismat qytetare dhe kandidat\u00ebt e pavarur) duhet t\u00eb dor\u00ebzojn\u00eb n\u00eb KQZ, respektivisht n\u00eb Zyr\u00ebn p\u00ebr Regjistrim, Certifikim dhe Kontrollin Financiar, aplikimin p\u00ebr certifikim p\u00ebr pjes\u00ebmarrje n\u00eb zgjedhjet e parakohshme p\u00ebr Kuvendin e Kosov\u00ebs. Sipas Ligjit p\u00ebr Zgjedhjet e P\u00ebrgjithshme, partia politike konsiderohet automatikisht e certifikuar, andaj ky proces do t\u00eb vlej\u00eb vet\u00ebm p\u00ebr subjektet e reja politike, q\u00eb n\u00eb k\u00ebt\u00eb rast jan\u00eb koalicionet, nismat qytetare dhe kandidat\u00ebt e pavarur\u201d. &nbsp;<\/p>\n\n\n\n<p>Dor\u00ebzimi i listave t\u00eb kandidat\u00ebve p\u00ebr deputet\u00eb, 2 maj \u2013 12 maj 2026: &nbsp;<\/p>\n\n\n\n<p>\u201cKQZ ka vendosur afatin 11-ditore, nga 2 maj deri m\u00eb 12 maj 2026, p\u00ebr subjektet politike (partit\u00eb politike, koalicionet, nismat qytetare dhe kandidat\u00ebt e pavarur) p\u00ebr t\u00eb dor\u00ebzuar list\u00ebn me emrat e kandidat\u00ebve p\u00ebr deputet\u00eb p\u00ebr t\u2019u certifikuar p\u00ebr t\u00eb marr\u00eb pjes\u00eb n\u00eb zgjedhjet e parakohshme t\u00eb 7 qershorit. Dor\u00ebzimi i list\u00ebs me emrat e kandiat\u00ebve p\u00ebr deputet\u00eb, duhet t\u00eb b\u00ebhet p\u00ebrmes platform\u00ebs elektronike dhe procedura \u00ebsht\u00eb e ngjashme me zgjedhjet e fundit q\u00eb u mbajt\u00ebn n\u00eb dhjetor t\u00eb vitit t\u00eb kaluar\u201d, tha Elezi.<\/p>\n","protected":false},"excerpt":{"rendered":"<p>Komisioni Qendror i Zgjedhjeve ka njoftuar se nga sot ka filluar afati p\u00ebr subjektet politike p\u00ebr t\u00eb aplikuar p\u00ebr certifikim p\u00ebr pjes\u00ebmarrje n\u00eb zgjedhjet e parakohshme parlamentare t\u00eb 7 qershorit dhe p\u00ebr t\u00eb dor\u00ebzuar list\u00ebn me emrat e kandidat\u00ebve p\u00ebr deputet\u00eb. K\u00ebto dy faza t\u00eb r\u00ebnd\u00ebsishme t\u00eb procesit zgjedhor p\u00ebrfundojn\u00eb n\u00eb data t\u00eb ndryshme, nd\u00ebrsa [&hellip;]<\/p>\n","protected":false},"author":4,"featured_media":13111,"comment_status":"open","ping_status":"open","sticky":false,"template":"","format":"standard","meta":{"footnotes":""},"categories":[31,30],"tags":[],"class_list":{"0":"post-13110","1":"post","2":"type-post","3":"status-publish","4":"format-standard","5":"has-post-thumbnail","7":"category-kosove","8":"category-lajme"},"yoast_head":"<!-- This site is optimized with the Yoast SEO plugin v27.4 - https:\/\/yoast.com\/product\/yoast-seo-wordpress\/ -->\n<title>Fillon aplikimi p\u00ebr certifikim t\u00eb subjekteve politike e dor\u00ebzim t\u00eb listave - Kosova Times<\/title>\n<meta name=\"robots\" content=\"index, follow, max-snippet:-1, max-image-preview:large, max-video-preview:-1\" \/>\n<link rel=\"canonical\" href=\"https:\/\/kosovatimes.info\/index.php\/2026\/05\/02\/fillon-aplikimi-per-certifikim-te-subjekteve-politike-e-dorezim-te-listave\/\" \/>\n<meta property=\"og:locale\" content=\"en_US\" \/>\n<meta property=\"og:type\" content=\"article\" \/>\n<meta property=\"og:title\" content=\"Fillon aplikimi p\u00ebr certifikim t\u00eb subjekteve politike e dor\u00ebzim t\u00eb listave - Kosova Times\" \/>\n<meta property=\"og:description\" content=\"Komisioni Qendror i Zgjedhjeve ka njoftuar se nga sot ka filluar afati p\u00ebr subjektet politike p\u00ebr t\u00eb aplikuar p\u00ebr certifikim p\u00ebr pjes\u00ebmarrje n\u00eb zgjedhjet e parakohshme parlamentare t\u00eb 7 qershorit dhe p\u00ebr t\u00eb dor\u00ebzuar list\u00ebn me emrat e kandidat\u00ebve p\u00ebr deputet\u00eb. K\u00ebto dy faza t\u00eb r\u00ebnd\u00ebsishme t\u00eb procesit zgjedhor p\u00ebrfundojn\u00eb n\u00eb data t\u00eb ndryshme, nd\u00ebrsa [&hellip;]\" \/>\n<meta property=\"og:url\" content=\"https:\/\/kosovatimes.info\/index.php\/2026\/05\/02\/fillon-aplikimi-per-certifikim-te-subjekteve-politike-e-dorezim-te-listave\/\" \/>\n<meta property=\"og:site_name\" content=\"Kosova Times\" \/>\n<meta property=\"article:published_time\" content=\"2026-05-02T08:25:00+00:00\" \/>\n<meta property=\"article:modified_time\" content=\"2026-05-02T09:16:02+00:00\" \/>\n<meta property=\"og:image\" content=\"https:\/\/kosovatimes.info\/wp-content\/uploads\/2026\/05\/KQZ.jpeg\" \/>\n\t<meta property=\"og:image:width\" content=\"780\" \/>\n\t<meta property=\"og:image:height\" content=\"500\" \/>\n\t<meta property=\"og:image:type\" content=\"image\/jpeg\" \/>\n<meta name=\"author\" content=\"i l\" \/>\n<meta name=\"twitter:card\" content=\"summary_large_image\" \/>\n<meta name=\"twitter:label1\" content=\"Written by\" \/>\n\t<meta name=\"twitter:data1\" content=\"i l\" \/>\n\t<meta name=\"twitter:label2\" content=\"Est. reading time\" \/>\n\t<meta name=\"twitter:data2\" content=\"2 minutes\" \/>\n<script type=\"application\/ld+json\" class=\"yoast-schema-graph\">{\"@context\":\"https:\\\/\\\/schema.org\",\"@graph\":[{\"@type\":\"Article\",\"@id\":\"https:\\\/\\\/kosovatimes.info\\\/index.php\\\/2026\\\/05\\\/02\\\/fillon-aplikimi-per-certifikim-te-subjekteve-politike-e-dorezim-te-listave\\\/#article\",\"isPartOf\":{\"@id\":\"https:\\\/\\\/kosovatimes.info\\\/index.php\\\/2026\\\/05\\\/02\\\/fillon-aplikimi-per-certifikim-te-subjekteve-politike-e-dorezim-te-listave\\\/\"},\"author\":{\"name\":\"i l\",\"@id\":\"https:\\\/\\\/kosovatimes.info\\\/#\\\/schema\\\/person\\\/7586712b9c512fe68085de007378c915\"},\"headline\":\"Fillon aplikimi p\u00ebr certifikim t\u00eb subjekteve politike e dor\u00ebzim t\u00eb listave\",\"datePublished\":\"2026-05-02T08:25:00+00:00\",\"dateModified\":\"2026-05-02T09:16:02+00:00\",\"mainEntityOfPage\":{\"@id\":\"https:\\\/\\\/kosovatimes.info\\\/index.php\\\/2026\\\/05\\\/02\\\/fillon-aplikimi-per-certifikim-te-subjekteve-politike-e-dorezim-te-listave\\\/\"},\"wordCount\":391,\"commentCount\":0,\"image\":{\"@id\":\"https:\\\/\\\/kosovatimes.info\\\/index.php\\\/2026\\\/05\\\/02\\\/fillon-aplikimi-per-certifikim-te-subjekteve-politike-e-dorezim-te-listave\\\/#primaryimage\"},\"thumbnailUrl\":\"https:\\\/\\\/kosovatimes.info\\\/wp-content\\\/uploads\\\/2026\\\/05\\\/KQZ.jpeg\",\"articleSection\":[\"Kosov\u00eb\",\"Lajme\"],\"inLanguage\":\"en-US\",\"potentialAction\":[{\"@type\":\"CommentAction\",\"name\":\"Comment\",\"target\":[\"https:\\\/\\\/kosovatimes.info\\\/index.php\\\/2026\\\/05\\\/02\\\/fillon-aplikimi-per-certifikim-te-subjekteve-politike-e-dorezim-te-listave\\\/#respond\"]}]},{\"@type\":\"WebPage\",\"@id\":\"https:\\\/\\\/kosovatimes.info\\\/index.php\\\/2026\\\/05\\\/02\\\/fillon-aplikimi-per-certifikim-te-subjekteve-politike-e-dorezim-te-listave\\\/\",\"url\":\"https:\\\/\\\/kosovatimes.info\\\/index.php\\\/2026\\\/05\\\/02\\\/fillon-aplikimi-per-certifikim-te-subjekteve-politike-e-dorezim-te-listave\\\/\",\"name\":\"Fillon aplikimi p\u00ebr certifikim t\u00eb subjekteve politike e dor\u00ebzim t\u00eb listave - Kosova Times\",\"isPartOf\":{\"@id\":\"https:\\\/\\\/kosovatimes.info\\\/#website\"},\"primaryImageOfPage\":{\"@id\":\"https:\\\/\\\/kosovatimes.info\\\/index.php\\\/2026\\\/05\\\/02\\\/fillon-aplikimi-per-certifikim-te-subjekteve-politike-e-dorezim-te-listave\\\/#primaryimage\"},\"image\":{\"@id\":\"https:\\\/\\\/kosovatimes.info\\\/index.php\\\/2026\\\/05\\\/02\\\/fillon-aplikimi-per-certifikim-te-subjekteve-politike-e-dorezim-te-listave\\\/#primaryimage\"},\"thumbnailUrl\":\"https:\\\/\\\/kosovatimes.info\\\/wp-content\\\/uploads\\\/2026\\\/05\\\/KQZ.jpeg\",\"datePublished\":\"2026-05-02T08:25:00+00:00\",\"dateModified\":\"2026-05-02T09:16:02+00:00\",\"author\":{\"@id\":\"https:\\\/\\\/kosovatimes.info\\\/#\\\/schema\\\/person\\\/7586712b9c512fe68085de007378c915\"},\"breadcrumb\":{\"@id\":\"https:\\\/\\\/kosovatimes.info\\\/index.php\\\/2026\\\/05\\\/02\\\/fillon-aplikimi-per-certifikim-te-subjekteve-politike-e-dorezim-te-listave\\\/#breadcrumb\"},\"inLanguage\":\"en-US\",\"potentialAction\":[{\"@type\":\"ReadAction\",\"target\":[\"https:\\\/\\\/kosovatimes.info\\\/index.php\\\/2026\\\/05\\\/02\\\/fillon-aplikimi-per-certifikim-te-subjekteve-politike-e-dorezim-te-listave\\\/\"]}]},{\"@type\":\"ImageObject\",\"inLanguage\":\"en-US\",\"@id\":\"https:\\\/\\\/kosovatimes.info\\\/index.php\\\/2026\\\/05\\\/02\\\/fillon-aplikimi-per-certifikim-te-subjekteve-politike-e-dorezim-te-listave\\\/#primaryimage\",\"url\":\"https:\\\/\\\/kosovatimes.info\\\/wp-content\\\/uploads\\\/2026\\\/05\\\/KQZ.jpeg\",\"contentUrl\":\"https:\\\/\\\/kosovatimes.info\\\/wp-content\\\/uploads\\\/2026\\\/05\\\/KQZ.jpeg\",\"width\":780,\"height\":500},{\"@type\":\"BreadcrumbList\",\"@id\":\"https:\\\/\\\/kosovatimes.info\\\/index.php\\\/2026\\\/05\\\/02\\\/fillon-aplikimi-per-certifikim-te-subjekteve-politike-e-dorezim-te-listave\\\/#breadcrumb\",\"itemListElement\":[{\"@type\":\"ListItem\",\"position\":1,\"name\":\"Home\",\"item\":\"https:\\\/\\\/kosovatimes.info\\\/\"},{\"@type\":\"ListItem\",\"position\":2,\"name\":\"Fillon aplikimi p\u00ebr certifikim t\u00eb subjekteve politike e dor\u00ebzim t\u00eb listave\"}]},{\"@type\":\"WebSite\",\"@id\":\"https:\\\/\\\/kosovatimes.info\\\/#website\",\"url\":\"https:\\\/\\\/kosovatimes.info\\\/\",\"name\":\"Kosova Times\",\"description\":\"\",\"potentialAction\":[{\"@type\":\"SearchAction\",\"target\":{\"@type\":\"EntryPoint\",\"urlTemplate\":\"https:\\\/\\\/kosovatimes.info\\\/?s={search_term_string}\"},\"query-input\":{\"@type\":\"PropertyValueSpecification\",\"valueRequired\":true,\"valueName\":\"search_term_string\"}}],\"inLanguage\":\"en-US\"},{\"@type\":\"Person\",\"@id\":\"https:\\\/\\\/kosovatimes.info\\\/#\\\/schema\\\/person\\\/7586712b9c512fe68085de007378c915\",\"name\":\"i l\",\"image\":{\"@type\":\"ImageObject\",\"inLanguage\":\"en-US\",\"@id\":\"https:\\\/\\\/secure.gravatar.com\\\/avatar\\\/bad9296e02816160ae2e2435beda58222022298d5625d49fea74d18816fbb31d?s=96&d=mm&r=g\",\"url\":\"https:\\\/\\\/secure.gravatar.com\\\/avatar\\\/bad9296e02816160ae2e2435beda58222022298d5625d49fea74d18816fbb31d?s=96&d=mm&r=g\",\"contentUrl\":\"https:\\\/\\\/secure.gravatar.com\\\/avatar\\\/bad9296e02816160ae2e2435beda58222022298d5625d49fea74d18816fbb31d?s=96&d=mm&r=g\",\"caption\":\"i l\"},\"url\":\"https:\\\/\\\/kosovatimes.info\\\/index.php\\\/author\\\/iliri\\\/\"}]}<\/script>\n<!-- \/ Yoast SEO plugin. -->","yoast_head_json":{"title":"Fillon aplikimi p\u00ebr certifikim t\u00eb subjekteve politike e dor\u00ebzim t\u00eb listave - Kosova Times","robots":{"index":"index","follow":"follow","max-snippet":"max-snippet:-1","max-image-preview":"max-image-preview:large","max-video-preview":"max-video-preview:-1"},"canonical":"https:\/\/kosovatimes.info\/index.php\/2026\/05\/02\/fillon-aplikimi-per-certifikim-te-subjekteve-politike-e-dorezim-te-listave\/","og_locale":"en_US","og_type":"article","og_title":"Fillon aplikimi p\u00ebr certifikim t\u00eb subjekteve politike e dor\u00ebzim t\u00eb listave - Kosova Times","og_description":"Komisioni Qendror i Zgjedhjeve ka njoftuar se nga sot ka filluar afati p\u00ebr subjektet politike p\u00ebr t\u00eb aplikuar p\u00ebr certifikim p\u00ebr pjes\u00ebmarrje n\u00eb zgjedhjet e parakohshme parlamentare t\u00eb 7 qershorit dhe p\u00ebr t\u00eb dor\u00ebzuar list\u00ebn me emrat e kandidat\u00ebve p\u00ebr deputet\u00eb. K\u00ebto dy faza t\u00eb r\u00ebnd\u00ebsishme t\u00eb procesit zgjedhor p\u00ebrfundojn\u00eb n\u00eb data t\u00eb ndryshme, nd\u00ebrsa [&hellip;]","og_url":"https:\/\/kosovatimes.info\/index.php\/2026\/05\/02\/fillon-aplikimi-per-certifikim-te-subjekteve-politike-e-dorezim-te-listave\/","og_site_name":"Kosova Times","article_published_time":"2026-05-02T08:25:00+00:00","article_modified_time":"2026-05-02T09:16:02+00:00","og_image":[{"width":780,"height":500,"url":"https:\/\/kosovatimes.info\/wp-content\/uploads\/2026\/05\/KQZ.jpeg","type":"image\/jpeg"}],"author":"i l","twitter_card":"summary_large_image","twitter_misc":{"Written by":"i l","Est. reading time":"2 minutes"},"schema":{"@context":"https:\/\/schema.org","@graph":[{"@type":"Article","@id":"https:\/\/kosovatimes.info\/index.php\/2026\/05\/02\/fillon-aplikimi-per-certifikim-te-subjekteve-politike-e-dorezim-te-listave\/#article","isPartOf":{"@id":"https:\/\/kosovatimes.info\/index.php\/2026\/05\/02\/fillon-aplikimi-per-certifikim-te-subjekteve-politike-e-dorezim-te-listave\/"},"author":{"name":"i l","@id":"https:\/\/kosovatimes.info\/#\/schema\/person\/7586712b9c512fe68085de007378c915"},"headline":"Fillon aplikimi p\u00ebr certifikim t\u00eb subjekteve politike e dor\u00ebzim t\u00eb listave","datePublished":"2026-05-02T08:25:00+00:00","dateModified":"2026-05-02T09:16:02+00:00","mainEntityOfPage":{"@id":"https:\/\/kosovatimes.info\/index.php\/2026\/05\/02\/fillon-aplikimi-per-certifikim-te-subjekteve-politike-e-dorezim-te-listave\/"},"wordCount":391,"commentCount":0,"image":{"@id":"https:\/\/kosovatimes.info\/index.php\/2026\/05\/02\/fillon-aplikimi-per-certifikim-te-subjekteve-politike-e-dorezim-te-listave\/#primaryimage"},"thumbnailUrl":"https:\/\/kosovatimes.info\/wp-content\/uploads\/2026\/05\/KQZ.jpeg","articleSection":["Kosov\u00eb","Lajme"],"inLanguage":"en-US","potentialAction":[{"@type":"CommentAction","name":"Comment","target":["https:\/\/kosovatimes.info\/index.php\/2026\/05\/02\/fillon-aplikimi-per-certifikim-te-subjekteve-politike-e-dorezim-te-listave\/#respond"]}]},{"@type":"WebPage","@id":"https:\/\/kosovatimes.info\/index.php\/2026\/05\/02\/fillon-aplikimi-per-certifikim-te-subjekteve-politike-e-dorezim-te-listave\/","url":"https:\/\/kosovatimes.info\/index.php\/2026\/05\/02\/fillon-aplikimi-per-certifikim-te-subjekteve-politike-e-dorezim-te-listave\/","name":"Fillon aplikimi p\u00ebr certifikim t\u00eb subjekteve politike e dor\u00ebzim t\u00eb listave - Kosova Times","isPartOf":{"@id":"https:\/\/kosovatimes.info\/#website"},"primaryImageOfPage":{"@id":"https:\/\/kosovatimes.info\/index.php\/2026\/05\/02\/fillon-aplikimi-per-certifikim-te-subjekteve-politike-e-dorezim-te-listave\/#primaryimage"},"image":{"@id":"https:\/\/kosovatimes.info\/index.php\/2026\/05\/02\/fillon-aplikimi-per-certifikim-te-subjekteve-politike-e-dorezim-te-listave\/#primaryimage"},"thumbnailUrl":"https:\/\/kosovatimes.info\/wp-content\/uploads\/2026\/05\/KQZ.jpeg","datePublished":"2026-05-02T08:25:00+00:00","dateModified":"2026-05-02T09:16:02+00:00","author":{"@id":"https:\/\/kosovatimes.info\/#\/schema\/person\/7586712b9c512fe68085de007378c915"},"breadcrumb":{"@id":"https:\/\/kosovatimes.info\/index.php\/2026\/05\/02\/fillon-aplikimi-per-certifikim-te-subjekteve-politike-e-dorezim-te-listave\/#breadcrumb"},"inLanguage":"en-US","potentialAction":[{"@type":"ReadAction","target":["https:\/\/kosovatimes.info\/index.php\/2026\/05\/02\/fillon-aplikimi-per-certifikim-te-subjekteve-politike-e-dorezim-te-listave\/"]}]},{"@type":"ImageObject","inLanguage":"en-US","@id":"https:\/\/kosovatimes.info\/index.php\/2026\/05\/02\/fillon-aplikimi-per-certifikim-te-subjekteve-politike-e-dorezim-te-listave\/#primaryimage","url":"https:\/\/kosovatimes.info\/wp-content\/uploads\/2026\/05\/KQZ.jpeg","contentUrl":"https:\/\/kosovatimes.info\/wp-content\/uploads\/2026\/05\/KQZ.jpeg","width":780,"height":500},{"@type":"BreadcrumbList","@id":"https:\/\/kosovatimes.info\/index.php\/2026\/05\/02\/fillon-aplikimi-per-certifikim-te-subjekteve-politike-e-dorezim-te-listave\/#breadcrumb","itemListElement":[{"@type":"ListItem","position":1,"name":"Home","item":"https:\/\/kosovatimes.info\/"},{"@type":"ListItem","position":2,"name":"Fillon aplikimi p\u00ebr certifikim t\u00eb subjekteve politike e dor\u00ebzim t\u00eb listave"}]},{"@type":"WebSite","@id":"https:\/\/kosovatimes.info\/#website","url":"https:\/\/kosovatimes.info\/","name":"Kosova Times","description":"","potentialAction":[{"@type":"SearchAction","target":{"@type":"EntryPoint","urlTemplate":"https:\/\/kosovatimes.info\/?s={search_term_string}"},"query-input":{"@type":"PropertyValueSpecification","valueRequired":true,"valueName":"search_term_string"}}],"inLanguage":"en-US"},{"@type":"Person","@id":"https:\/\/kosovatimes.info\/#\/schema\/person\/7586712b9c512fe68085de007378c915","name":"i l","image":{"@type":"ImageObject","inLanguage":"en-US","@id":"https:\/\/secure.gravatar.com\/avatar\/bad9296e02816160ae2e2435beda58222022298d5625d49fea74d18816fbb31d?s=96&d=mm&r=g","url":"https:\/\/secure.gravatar.com\/avatar\/bad9296e02816160ae2e2435beda58222022298d5625d49fea74d18816fbb31d?s=96&d=mm&r=g","contentUrl":"https:\/\/secure.gravatar.com\/avatar\/bad9296e02816160ae2e2435beda58222022298d5625d49fea74d18816fbb31d?s=96&d=mm&r=g","caption":"i l"},"url":"https:\/\/kosovatimes.info\/index.php\/author\/iliri\/"}]}},"_links":{"self":[{"href":"https:\/\/kosovatimes.info\/index.php\/wp-json\/wp\/v2\/posts\/13110","targetHints":{"allow":["GET"]}}],"collection":[{"href":"https:\/\/kosovatimes.info\/index.php\/wp-json\/wp\/v2\/posts"}],"about":[{"href":"https:\/\/kosovatimes.info\/index.php\/wp-json\/wp\/v2\/types\/post"}],"author":[{"embeddable":true,"href":"https:\/\/kosovatimes.info\/index.php\/wp-json\/wp\/v2\/users\/4"}],"replies":[{"embeddable":true,"href":"https:\/\/kosovatimes.info\/index.php\/wp-json\/wp\/v2\/comments?post=13110"}],"version-history":[{"count":1,"href":"https:\/\/kosovatimes.info\/index.php\/wp-json\/wp\/v2\/posts\/13110\/revisions"}],"predecessor-version":[{"id":13112,"href":"https:\/\/kosovatimes.info\/index.php\/wp-json\/wp\/v2\/posts\/13110\/revisions\/13112"}],"wp:featuredmedia":[{"embeddable":true,"href":"https:\/\/kosovatimes.info\/index.php\/wp-json\/wp\/v2\/media\/13111"}],"wp:attachment":[{"href":"https:\/\/kosovatimes.info\/index.php\/wp-json\/wp\/v2\/media?parent=13110"}],"wp:term":[{"taxonomy":"category","embeddable":true,"href":"https:\/\/kosovatimes.info\/index.php\/wp-json\/wp\/v2\/categories?post=13110"},{"taxonomy":"post_tag","embeddable":true,"href":"https:\/\/kosovatimes.info\/index.php\/wp-json\/wp\/v2\/tags?post=13110"}],"curies":[{"name":"wp","href":"https:\/\/api.w.org\/{rel}","templated":true}]}}