{"id":13139,"date":"2026-05-02T19:50:28","date_gmt":"2026-05-02T17:50:28","guid":{"rendered":"https:\/\/kosovatimes.info\/?p=13139"},"modified":"2026-05-02T19:50:31","modified_gmt":"2026-05-02T17:50:31","slug":"ruset-po-e-shprehin-gjithnje-e-me-shume-zerin-kunder-putinit-nuk-kam-frike-nga-nato-kam-frike-te-largohem-nga-shtepia","status":"publish","type":"post","link":"https:\/\/kosovatimes.info\/index.php\/2026\/05\/02\/ruset-po-e-shprehin-gjithnje-e-me-shume-zerin-kunder-putinit-nuk-kam-frike-nga-nato-kam-frike-te-largohem-nga-shtepia\/","title":{"rendered":"Rus\u00ebt po e shprehin gjithnj\u00eb e m\u00eb shum\u00eb z\u00ebrin kund\u00ebr Putinit. &#8220;Nuk kam frik\u00eb nga NATO, kam frik\u00eb t\u00eb largohem nga sht\u00ebpia&#8221;"},"content":{"rendered":"\n<p>Skena apokaliptike tymi t\u00eb dendur toksik dhe flak\u00ebsh jan\u00eb p\u00ebrhapur prej dit\u00ebsh nga&nbsp;<a href=\"https:\/\/www.index.hr\/vijesti\/clanak\/video-novi-ukrajinski-udar-na-ruski-cernobil\/2787579.aspx\" target=\"_blank\" rel=\"noreferrer noopener\">qyteti Tuapse i Detit t\u00eb Zi<\/a>&nbsp;, i cili u godit dje nga dron\u00eb ukrainas p\u00ebr her\u00eb t\u00eb kat\u00ebrt brenda dy jav\u00ebsh. Zjarret pas sulmit u shuan p\u00ebr dit\u00eb t\u00eb t\u00ebra dhe \u00e7uan n\u00eb katastrof\u00ebn m\u00eb t\u00eb keqe mjedisore n\u00eb rajon n\u00eb vitet e fundit, shkruan CNN.<\/p>\n\n\n\n<p>Tuapse, i vendosur rreth nj\u00ebqind kilometra n\u00eb veriper\u00ebndim t\u00eb So\u00e7it, \u00ebsht\u00eb pjes\u00eb e nj\u00eb vendpushimi subtropikal t\u00eb njohur si &#8220;Riviera Ruse&#8221;. Rafineria e qytetit, e lidhur me nj\u00eb terminal detar, \u00ebsht\u00eb nj\u00eb qend\u00ebr ky\u00e7e p\u00ebr p\u00ebrpunimin dhe eksportimin e naft\u00ebs ruse dhe ka qen\u00eb sh\u00ebnjest\u00ebr e sulmeve t\u00eb p\u00ebrs\u00ebritura ukrainase n\u00eb muajt e fundit.<\/p>\n\n\n\n<p>&#8220;Nafta po bie fjal\u00eb p\u00ebr fjal\u00eb nga qielli. Nuk marrim dot frym\u00eb. I gjith\u00eb qyteti mban er\u00eb nafte q\u00eb pikon mbi makina&#8221;, tha p\u00ebr CNN Elmira Ajrapetyan, nj\u00eb sip\u00ebrmarr\u00ebse q\u00eb erdhi n\u00eb Tuapse p\u00ebr t\u00eb ndihmuar me pastrimin.<\/p>\n\n\n\n<p>Vullnetar\u00ebt u mblodh\u00ebn pjes\u00ebrisht sepse autoriteteve rajonale dhe federale iu desh\u00ebn gati dy jav\u00eb &#8211; dhe kat\u00ebr sulme t\u00eb nj\u00ebpasnj\u00ebshme &#8211; p\u00ebr t&#8217;u p\u00ebrgjigjur. Kremlini e pranoi p\u00ebr her\u00eb t\u00eb par\u00eb situat\u00ebn t\u00eb mart\u00ebn, kur Presidenti Vladimir Putin d\u00ebrgoi Ministrin e Situatave t\u00eb Emergjencave Alexander Kurenkov p\u00ebr t\u00eb koordinuar mbylljen.<\/p>\n\n\n\n<p>&#8220;Situata nuk \u00ebsht\u00eb e leht\u00eb, por \u00ebsht\u00eb n\u00ebn kontroll&#8221;, tha ministri. Guvernatori i rajonit t\u00eb Krasnodarit p\u00ebrdori t\u00eb nj\u00ebjt\u00ebn formulim m\u00eb her\u00ebt at\u00eb dit\u00eb, nd\u00ebrsa vizitonte zon\u00ebn nga e cila ende ngriheshin flak\u00eb dhe tym.<\/p>\n\n\n\n<h3 class=\"wp-block-heading\">Nj\u00eb katastrof\u00eb e v\u00ebrtet\u00eb ekologjike<\/h3>\n\n\n\n<p>Putini e p\u00ebrdori katastrof\u00ebn p\u00ebr t\u00eb p\u00ebrs\u00ebritur akuzat kund\u00ebr Ukrain\u00ebs p\u00ebr kryerjen e &#8220;sulmeve terroriste&#8221; kund\u00ebr civil\u00ebve rus\u00eb dhe infrastruktur\u00ebs energjetike. N\u00eb nj\u00eb takim sigurie t\u00eb mart\u00ebn n\u00eb mbr\u00ebmje, ai tha se sulmet ndaj Tuapse &#8220;mund t\u00eb shkaktojn\u00eb pasoja serioze mjedisore&#8221;, por shtoi se &#8220;duket se nuk ka k\u00ebrc\u00ebnim serioz; njer\u00ebzit n\u00eb terren po p\u00ebrballen me sfidat&#8221;.<\/p>\n\n\n\n<p><\/p>\n\n\n\n<p>Ekspert\u00ebt mjedisor\u00eb kan\u00eb nj\u00eb mendim t\u00eb ndrysh\u00ebm. &#8220;Kjo \u00ebsht\u00eb nj\u00eb katastrof\u00eb e v\u00ebrtet\u00eb ekologjike, t\u00eb pakt\u00ebn n\u00eb shkall\u00eb rajonale. Di\u00e7ka e till\u00eb nuk ka ndodhur prej disa vitesh&#8221;, tha p\u00ebr CNN ekologu dhe aktivisti i opozit\u00ebs Yevgeny Vitishko.<\/p>\n\n\n\n<p>Imazhet satelitore dhe videot nga rrjetet sociale konfirmojn\u00eb se nafta \u00ebsht\u00eb derdhur n\u00eb lumin Tuapse dhe Detin e Zi. Analiza e imazheve satelitore t\u00eb s\u00eb diel\u00ebs tregon se njollat \u200b\u200be naft\u00ebs jan\u00eb p\u00ebrhapur t\u00eb pakt\u00ebn 50 kilometra larg bregdetit. Ministri p\u00ebr Situata Emergjente njoftoi t\u00eb mart\u00ebn se barrierat do t\u00eb vendosen &#8220;s\u00eb shpejti&#8221; p\u00ebr t\u00eb parandaluar nj\u00eb &#8220;rrjedhje t\u00eb mundshme n\u00eb det&#8221;.<\/p>\n\n\n\n<p>&#8220;Gj\u00ebja e r\u00ebnd\u00ebsishme k\u00ebtu \u00ebsht\u00eb se situata n\u00eb Tuapse p\u00ebrfshin ndotjen e nj\u00ebkohshme t\u00eb sistemeve t\u00eb shumta mjedisore: ajrit, tok\u00ebs n\u00eb nj\u00eb sip\u00ebrfaqe t\u00eb madhe, lumit q\u00eb kalon n\u00ebp\u00ebr qytet dhe Detit t\u00eb Zi&#8221;, tha ekologu rus Dmitry Lisitsyn. &#8220;Kjo \u00ebsht\u00eb nj\u00eb katastrof\u00eb ekologjike shum\u00eb komplekse, shkalla e v\u00ebrtet\u00eb e s\u00eb cil\u00ebs \u00ebsht\u00eb ende e v\u00ebshtir\u00eb t\u00eb vler\u00ebsohet n\u00eb k\u00ebt\u00eb faz\u00eb.&#8221;<\/p>\n\n\n\n<p>Ai e krahasoi dukurin\u00eb e rrall\u00eb t\u00eb shiut t\u00eb ngopur me naft\u00eb me ngjarjet n\u00eb Iran muajin e kaluar. &#8220;Q\u00eb mbetjet e naft\u00ebs t\u00eb bien nga qielli n\u00eb copa &#8211; ajo q\u00eb mund ta quani &#8216;shi nafte&#8217; &#8211; \u00ebsht\u00eb jasht\u00ebzakonisht e rrall\u00eb&#8221;, tha ai.<\/p>\n\n\n\n<p>&#8220;N\u00eb t\u00eb ardhmen, me siguri do t\u00eb shohim nj\u00eb rritje t\u00eb s\u00ebmundjeve t\u00eb frym\u00ebmarrjes dhe me shum\u00eb mund\u00ebsi t\u00eb s\u00ebmundjeve onkologjike&#8221;, tha Viti\u0161ko, duke shtuar se kancerogjen\u00ebt mund t\u00eb grumbullohen n\u00eb trup, ve\u00e7an\u00ebrisht p\u00ebrmes ujit. Viti\u0161ko beson se duhet t\u00eb ishin nd\u00ebrmarr\u00eb veprime m\u00eb t\u00eb shpejta &#8220;t\u00eb pakt\u00ebn p\u00ebr t\u00eb izoluar f\u00ebmij\u00ebt, kopshtet, shkollat&#8221;.<\/p>\n\n\n\n<p>Autoritetet lokale evakuuan banor\u00ebt pran\u00eb rafineris\u00eb t\u00eb mart\u00ebn, por k\u00ebshillat sh\u00ebndet\u00ebsore p\u00ebr t\u00eb q\u00ebndruar brenda dhe p\u00ebr t\u00eb mbajtur maska \u200b\u200bnuk u l\u00ebshuan deri dy dit\u00eb pas sulmit t\u00eb dyt\u00eb. Z\u00ebdh\u00ebn\u00ebsi i Kremlinit, Dmitry Peskov, tha se ishte &#8220;shum\u00eb her\u00ebt p\u00ebr t\u00eb gjykuar&#8221; n\u00ebse autoritetet duhet t\u00eb kishin vepruar m\u00eb shpejt.<\/p>\n\n\n\n<h3 class=\"wp-block-heading\">Rebelim n\u00eb rritje kund\u00ebr Putinit<\/h3>\n\n\n\n<p>Banor\u00eb t\u00eb shumt\u00eb t\u00eb Tuapses n\u00eb rrjetet sociale, p\u00ebrve\u00e7 zem\u00ebrimit dhe d\u00ebshp\u00ebrimit, akuzojn\u00eb edhe Putinin p\u00ebr munges\u00ebn e reagimit nga autoritetet n\u00eb Mosk\u00eb. &#8220;Ndotja, zjarret, emetimet &#8211; asgj\u00eb prej tyre nuk do t\u00eb zhduket brenda nj\u00eb dite apo edhe nj\u00eb viti&#8221;, shkroi nj\u00eb grua. &#8220;Kjo do t\u00eb ndikoj\u00eb n\u00eb sh\u00ebndetin e njer\u00ebzve, sh\u00ebndetin e f\u00ebmij\u00ebve tan\u00eb, mjedisin dhe t\u00eb ardhmen e qytetit. E gjith\u00eb kjo mund t\u00eb ishte shmangur. Por ambiciet dhe vendimet e dikujt kan\u00eb provuar edhe nj\u00eb her\u00eb se jan\u00eb m\u00eb t\u00eb r\u00ebnd\u00ebsishme se siguria jon\u00eb&#8221;, p\u00ebrfundoi ajo.<\/p>\n\n\n\n<figure class=\"wp-block-embed is-type-rich is-provider-twitter wp-block-embed-twitter\"><div class=\"wp-block-embed__wrapper\">\n<blockquote class=\"twitter-tweet\" data-width=\"550\" data-dnt=\"true\"><p lang=\"en\" dir=\"ltr\">A Russian woman looks out the window in Tuapse and can\u2019t believe her eyes!<br><br>\u201cIt\u2019s like the end of civilization, only you\u2019re seeing it with your own eyes,\u201d the woman says in amazement.<br><br>Along with fools and roads, Russia now has a third problem \u2014 Tuapse! <a href=\"https:\/\/t.co\/osZkCxQUPY\">pic.twitter.com\/osZkCxQUPY<\/a><\/p>&mdash; NEXTA (@nexta_tv) <a href=\"https:\/\/twitter.com\/nexta_tv\/status\/2050576108869898581?ref_src=twsrc%5Etfw\">May 2, 2026<\/a><\/blockquote><script async src=\"https:\/\/platform.twitter.com\/widgets.js\" charset=\"utf-8\"><\/script>\n<\/div><\/figure>\n\n\n\n<p>&#8220;Nuk kam m\u00eb frik\u00eb nga NATO-ja. Kam frik\u00eb t\u00eb dal nga sht\u00ebpia. Sirenat e sulmeve ajrore po ul\u00ebrijn\u00eb, nuk mund ta shoh\u00ebsh diellin p\u00ebr shkak t\u00eb tymit&#8221;, thot\u00eb nj\u00eb banore n\u00eb nj\u00eb video n\u00eb X. &#8220;Kjo \u00ebsht\u00eb shum\u00eb af\u00ebr m\u00ebnyr\u00ebs se si e imagjinova nj\u00eb t\u00eb ardhme t\u00eb ndritur n\u00ebn k\u00ebto autoritete&#8221;, shtoi ajo.<\/p>\n\n\n\n<figure class=\"wp-block-embed is-type-rich is-provider-twitter wp-block-embed-twitter\"><div class=\"wp-block-embed__wrapper\">\n<blockquote class=\"twitter-tweet\" data-width=\"550\" data-dnt=\"true\"><p lang=\"en\" dir=\"ltr\">A resident of Russia&#39;s Tuapse is now less happy with Russia&#39;s leaders:<br><br>I&#39;m not afraid of NATO now. I&#39;m scared to leave my home.<br>The air raid alert sirens are wailing, you cannot see the sun because of the smoke.<br><br>That&#39;s how I imagined our bright future under our government. <a href=\"https:\/\/t.co\/v1dFBzMrLR\">https:\/\/t.co\/v1dFBzMrLR<\/a> <a href=\"https:\/\/t.co\/O4M3BArxay\">pic.twitter.com\/O4M3BArxay<\/a><\/p>&mdash; Anton Gerashchenko (@Gerashchenko_en) <a href=\"https:\/\/twitter.com\/Gerashchenko_en\/status\/2050157239755796641?ref_src=twsrc%5Etfw\">May 1, 2026<\/a><\/blockquote><script async src=\"https:\/\/platform.twitter.com\/widgets.js\" charset=\"utf-8\"><\/script>\n<\/div><\/figure>\n\n\n\n<p>Nj\u00eb video e nj\u00eb burri q\u00eb q\u00ebndronte pran\u00eb bregut, me nj\u00eb re t\u00eb madhe tymi t\u00eb zi q\u00eb ngrihej pas tij, u b\u00eb gjithashtu virale.<\/p>\n\n\n\n<figure class=\"wp-block-embed is-type-rich is-provider-twitter wp-block-embed-twitter\"><div class=\"wp-block-embed__wrapper\">\n<blockquote class=\"twitter-tweet\" data-width=\"550\" data-dnt=\"true\"><p lang=\"en\" dir=\"ltr\">May Day in Tuapse \ud83e\udd2d<br><br>\u201cHappy holiday, dear comrades,\u201d says a man against the backdrop of hellish clouds of smoke. <a href=\"https:\/\/t.co\/fJGydcrBgy\">pic.twitter.com\/fJGydcrBgy<\/a><\/p>&mdash; NEXTA (@nexta_tv) <a href=\"https:\/\/twitter.com\/nexta_tv\/status\/2050462801383002219?ref_src=twsrc%5Etfw\">May 2, 2026<\/a><\/blockquote><script async src=\"https:\/\/platform.twitter.com\/widgets.js\" charset=\"utf-8\"><\/script>\n<\/div><\/figure>\n\n\n\n<h3 class=\"wp-block-heading\">Edhe propagandist\u00ebt e pranojn\u00eb pafuqin\u00eb e tyre<\/h3>\n\n\n\n<p>Kritikat po vijn\u00eb edhe nga mb\u00ebshtet\u00ebsit m\u00eb t\u00eb z\u00ebsh\u00ebm t\u00eb Mosk\u00ebs.&nbsp;<\/p>\n\n\n\n<p>&#8220;Lufta \u00ebsht\u00eb n\u00eb kulmin e saj k\u00ebtu. Tani p\u00ebr tani, ukrainasit e kan\u00eb goditur Tuapsen, dhe jo leht\u00eb. Ata po na godasin kudo&#8221;, tha prezantuesi Vladimir Solovyov n\u00eb emisionin e tij disa dit\u00eb m\u00eb par\u00eb, nd\u00ebrsa bisedonte me influencuesen ruse Viktoria Bonya. &#8220;\u00c7\u00ebshtja \u00ebsht\u00eb se nj\u00eb pjes\u00eb e shoq\u00ebris\u00eb son\u00eb mendon se nuk ka luft\u00eb. Ata nuk duan ta pranojn\u00eb at\u00eb. Ata nuk duan ta shohin at\u00eb.&#8221;<\/p>\n\n\n\n<p>Bonya, nj\u00eb sip\u00ebrmarr\u00ebse nga Monako, i tha Solovyov se beson q\u00eb autoritetet lokale nuk po b\u00ebjn\u00eb mjaftuesh\u00ebm p\u00ebr t\u00eb mbrojtur banor\u00ebt dhe mjedisin.<\/p>\n\n\n\n<p>&#8220;Do t&#8217;ju them, tani p\u00ebr tani gj\u00ebja m\u00eb e mir\u00eb do t\u00eb ishte nj\u00eb paqe e pasigurt me Ukrain\u00ebn. Pse? Sepse tensioni \u00ebsht\u00eb i madh. \u00cbsht\u00eb nj\u00eb tension i tmerrsh\u00ebm. E ndiej n\u00eb zem\u00ebr dhe n\u00eb shpirt. Po ndodh nj\u00eb katastrof\u00eb e tmerrshme n\u00eb Tuapse. Pronari i asaj fabrike, si\u00e7 e kuptoj un\u00eb, \u00ebsht\u00eb Rosneft. Dhe njer\u00ebzit me t\u00eb v\u00ebrtet\u00eb duan t\u00eb shohin zyrtar\u00ebt t\u00eb b\u00ebjn\u00eb di\u00e7ka. Mij\u00ebra njer\u00ebz po punojn\u00eb me lopata; po b\u00ebjn\u00eb di\u00e7ka q\u00eb njer\u00ebzit dhe kafsh\u00ebt t\u00eb mos vuajn\u00eb. Nafta po futet n\u00eb uj\u00ebrat n\u00ebntok\u00ebsore. Njer\u00ebzit do ta pin\u00eb. Do t\u00eb shkojn\u00eb n\u00eb plazhe t\u00eb ndotura prej saj. Njer\u00ebzit m\u00eb thon\u00eb: &#8216;Shkoj n\u00eb plazh dhe peshqiri im \u00ebsht\u00eb i mbuluar me njolla vaji&#8217;&#8230; dhe un\u00eb them se shum\u00eb shpesh guvernator\u00ebt n\u00eb takimet me Presidentin Putin thon\u00eb se gjith\u00e7ka \u00ebsht\u00eb n\u00eb rregull. Kjo \u00ebsht\u00eb arsyeja pse fola.&#8221;Komentet e saj provokuan nj\u00eb reagim t\u00eb furish\u00ebm nga Solovyov, i cili e sulmoi at\u00eb se kujdesej m\u00eb shum\u00eb p\u00ebr peshqir\u00ebt e past\u00ebr sesa p\u00ebr jet\u00ebn e ushtar\u00ebve rus\u00eb, por n\u00eb t\u00eb nj\u00ebjt\u00ebn koh\u00eb pranoi efektivitetin e sulmeve ukrainase n\u00eb televizionin komb\u00ebtar.&nbsp;<\/p>\n\n\n\n<p>&#8220;Seriozisht e ke fjal\u00ebn, Vika? Nuk \u00ebsht\u00eb ky problemi. Problemi jan\u00eb sulmet ushtarake. Problemi \u00ebsht\u00eb se ukrainasit po sulmojn\u00eb. Lufta ka filluar, Vika! T\u00eb bombarduan sot n\u00eb Monako? Jo! Dhe k\u00ebtu n\u00eb Rusi, kjo po ndodh n\u00eb t\u00eb gjith\u00eb territorin. Sulmet po na prekin. N\u00eb Jekaterinburg, u godit nj\u00eb pallat apartamentesh. N\u00eb Tuapse, kafsh\u00ebt po vuajn\u00eb sepse nazist\u00ebt ukrainas sulmuan nj\u00eb rafineri nafte. Ky \u00ebsht\u00eb nj\u00eb problem!&#8221;, tha ai.<\/p>\n\n\n\n<h3 class=\"wp-block-heading\">&#8220;Ku \u00ebsht\u00eb fuqia e arm\u00ebve ruse? Ku jan\u00eb modelet tona t\u00eb pakrahasueshme?&#8221;<\/h3>\n\n\n\n<p>Propagandist\u00eb t\u00eb tjer\u00eb gjithashtu kan\u00eb filluar t\u00eb shprehin publikisht dyshimet e tyre. \u201cSulmet ndaj infrastruktur\u00ebs son\u00eb ky\u00e7e dhe rrjetit energjetik vazhdojn\u00eb dhe ne nuk mund t\u00eb b\u00ebjm\u00eb asgj\u00eb p\u00ebr k\u00ebt\u00eb\u201d, tha propagandisti i shquar Aleksandr Rogatkin p\u00ebr kanalin shtet\u00ebror Rossiya 24. \u201cPersonalisht, nuk mund ta kuptoj se cili \u00ebsht\u00eb problemi. E dini, dron\u00ebt, \u00e7far\u00eb jan\u00eb ato? Ato nuk jan\u00eb as n\u00eb nivelin teknologjik t\u00eb Luft\u00ebs s\u00eb Dyt\u00eb Bot\u00ebrore. Jan\u00eb b\u00ebr\u00eb prej druri dhe bobinash, mbeturina. E megjithat\u00eb ne nuk mund t\u00eb organizojm\u00eb nj\u00eb mbrojtje t\u00eb mir\u00eb ajrore kund\u00ebr k\u00ebtyre gj\u00ebrave. \u00c7far\u00eb dreqin \u00ebsht\u00eb problemi? Po i hedhin n\u00eb er\u00eb portet tona rreth Leningradit (Sh\u00ebn Petersburg).\u201d<\/p>\n\n\n\n<p>N\u00eb TikTok-un rus, komentet jan\u00eb edhe m\u00eb t\u00eb ashpra. Nj\u00eb fol\u00ebs i identifikuar si nj\u00eb oficer rus n\u00eb pension kritikoi udh\u00ebheqjen ushtarake n\u00eb nj\u00eb postim m\u00eb 22 prill. &#8220;A e pat\u00eb \u00e7far\u00eb po ndodh n\u00eb Tuapse? \u00cbsht\u00eb nj\u00eb posht\u00ebrim i plot\u00eb i t\u00eb gjitha forcave t\u00eb armatosura ruse. Ata e kan\u00eb shnd\u00ebrruar vendin n\u00eb nj\u00eb ngroh\u00ebs uji. Ku \u00ebsht\u00eb fuqia e arm\u00ebve ruse? Ku jan\u00eb modelet tona t\u00eb pakrahasueshme? E thash\u00eb dhe do ta them p\u00ebrs\u00ebri: S\u00eb pari, duhet t\u00eb rivendosim rendin. Dhe vet\u00ebm pastaj t\u00eb k\u00ebrkojm\u00eb telashe. Duhet t\u00eb rishqyrtojm\u00eb menj\u00ebher\u00eb q\u00ebllimet e operacionit ushtarak special dhe t\u00eb t\u00ebrhiqemi para se t\u00eb jet\u00eb tep\u00ebr von\u00eb&#8221;, tha nj\u00eb burr\u00eb i quajtur Shamanov.<\/p>\n\n\n\n<h3 class=\"wp-block-heading\">Ukraina shton sulmet ndaj infrastruktur\u00ebs energjetike<\/h3>\n\n\n\n<p>Ukraina pranoi t\u00eb kat\u00ebr sulmet ndaj rafineris\u00eb, duke th\u00ebn\u00eb n\u00eb nj\u00eb deklarat\u00eb nga Shtabi i P\u00ebrgjithsh\u00ebm se ato u kryen &#8220;si pjes\u00eb e p\u00ebrpjekjeve p\u00ebr t\u00eb zvog\u00ebluar potencialin ushtarak dhe ekonomik t\u00eb agresorit rus&#8221;.<\/p>\n\n\n\n<p>P\u00ebr muaj t\u00eb t\u00ebr\u00eb, Kievi ka shtuar sulmet me dron\u00eb me rreze t\u00eb gjat\u00eb veprimi ndaj infrastruktur\u00ebs ky\u00e7e energjetike ruse p\u00ebr t\u00eb shtrydhur buxhetin e luft\u00ebs s\u00eb Mosk\u00ebs dhe p\u00ebr t\u00eb komplikuar logjistik\u00ebn ushtarake. N\u00eb fund t\u00eb marsit, Presidenti Volodymyr Zelensky tha se Ukraina do t\u00eb ndalonte sulmet e saj n\u00ebse Rusia do t\u00eb ndalonte s\u00eb synuari sektorin energjetik t\u00eb Ukrain\u00ebs.<\/p>\n","protected":false},"excerpt":{"rendered":"<p>Skena apokaliptike tymi t\u00eb dendur toksik dhe flak\u00ebsh jan\u00eb p\u00ebrhapur prej dit\u00ebsh nga&nbsp;qyteti Tuapse i Detit t\u00eb Zi&nbsp;, i cili u godit dje nga dron\u00eb ukrainas p\u00ebr her\u00eb t\u00eb kat\u00ebrt brenda dy jav\u00ebsh. Zjarret pas sulmit u shuan p\u00ebr dit\u00eb t\u00eb t\u00ebra dhe \u00e7uan n\u00eb katastrof\u00ebn m\u00eb t\u00eb keqe mjedisore n\u00eb rajon n\u00eb vitet e [&hellip;]<\/p>\n","protected":false},"author":4,"featured_media":13140,"comment_status":"open","ping_status":"open","sticky":false,"template":"","format":"standard","meta":{"footnotes":""},"categories":[33,30],"tags":[],"class_list":{"0":"post-13139","1":"post","2":"type-post","3":"status-publish","4":"format-standard","5":"has-post-thumbnail","7":"category-bote","8":"category-lajme"},"yoast_head":"<!-- This site is optimized with the Yoast SEO plugin v27.4 - https:\/\/yoast.com\/product\/yoast-seo-wordpress\/ -->\n<title>Rus\u00ebt po e shprehin gjithnj\u00eb e m\u00eb shum\u00eb z\u00ebrin kund\u00ebr Putinit. &quot;Nuk kam frik\u00eb nga NATO, kam frik\u00eb t\u00eb largohem nga sht\u00ebpia&quot; - Kosova Times<\/title>\n<meta name=\"robots\" content=\"index, follow, max-snippet:-1, max-image-preview:large, max-video-preview:-1\" \/>\n<link rel=\"canonical\" href=\"https:\/\/kosovatimes.info\/index.php\/2026\/05\/02\/ruset-po-e-shprehin-gjithnje-e-me-shume-zerin-kunder-putinit-nuk-kam-frike-nga-nato-kam-frike-te-largohem-nga-shtepia\/\" \/>\n<meta property=\"og:locale\" content=\"en_US\" \/>\n<meta property=\"og:type\" content=\"article\" \/>\n<meta property=\"og:title\" content=\"Rus\u00ebt po e shprehin gjithnj\u00eb e m\u00eb shum\u00eb z\u00ebrin kund\u00ebr Putinit. &quot;Nuk kam frik\u00eb nga NATO, kam frik\u00eb t\u00eb largohem nga sht\u00ebpia&quot; - Kosova Times\" \/>\n<meta property=\"og:description\" content=\"Skena apokaliptike tymi t\u00eb dendur toksik dhe flak\u00ebsh jan\u00eb p\u00ebrhapur prej dit\u00ebsh nga&nbsp;qyteti Tuapse i Detit t\u00eb Zi&nbsp;, i cili u godit dje nga dron\u00eb ukrainas p\u00ebr her\u00eb t\u00eb kat\u00ebrt brenda dy jav\u00ebsh. Zjarret pas sulmit u shuan p\u00ebr dit\u00eb t\u00eb t\u00ebra dhe \u00e7uan n\u00eb katastrof\u00ebn m\u00eb t\u00eb keqe mjedisore n\u00eb rajon n\u00eb vitet e [&hellip;]\" \/>\n<meta property=\"og:url\" content=\"https:\/\/kosovatimes.info\/index.php\/2026\/05\/02\/ruset-po-e-shprehin-gjithnje-e-me-shume-zerin-kunder-putinit-nuk-kam-frike-nga-nato-kam-frike-te-largohem-nga-shtepia\/\" \/>\n<meta property=\"og:site_name\" content=\"Kosova Times\" \/>\n<meta property=\"article:published_time\" content=\"2026-05-02T17:50:28+00:00\" \/>\n<meta property=\"article:modified_time\" content=\"2026-05-02T17:50:31+00:00\" \/>\n<meta property=\"og:image\" content=\"https:\/\/kosovatimes.info\/wp-content\/uploads\/2026\/05\/zjarr.webp\" \/>\n\t<meta property=\"og:image:width\" content=\"800\" \/>\n\t<meta property=\"og:image:height\" content=\"926\" \/>\n\t<meta property=\"og:image:type\" content=\"image\/webp\" \/>\n<meta name=\"author\" content=\"i l\" \/>\n<meta name=\"twitter:card\" content=\"summary_large_image\" \/>\n<meta name=\"twitter:label1\" content=\"Written by\" \/>\n\t<meta name=\"twitter:data1\" content=\"i l\" \/>\n\t<meta name=\"twitter:label2\" content=\"Est. reading time\" \/>\n\t<meta name=\"twitter:data2\" content=\"7 minutes\" \/>\n<script type=\"application\/ld+json\" class=\"yoast-schema-graph\">{\"@context\":\"https:\\\/\\\/schema.org\",\"@graph\":[{\"@type\":\"Article\",\"@id\":\"https:\\\/\\\/kosovatimes.info\\\/index.php\\\/2026\\\/05\\\/02\\\/ruset-po-e-shprehin-gjithnje-e-me-shume-zerin-kunder-putinit-nuk-kam-frike-nga-nato-kam-frike-te-largohem-nga-shtepia\\\/#article\",\"isPartOf\":{\"@id\":\"https:\\\/\\\/kosovatimes.info\\\/index.php\\\/2026\\\/05\\\/02\\\/ruset-po-e-shprehin-gjithnje-e-me-shume-zerin-kunder-putinit-nuk-kam-frike-nga-nato-kam-frike-te-largohem-nga-shtepia\\\/\"},\"author\":{\"name\":\"i l\",\"@id\":\"https:\\\/\\\/kosovatimes.info\\\/#\\\/schema\\\/person\\\/7586712b9c512fe68085de007378c915\"},\"headline\":\"Rus\u00ebt po e shprehin gjithnj\u00eb e m\u00eb shum\u00eb z\u00ebrin kund\u00ebr Putinit. &#8220;Nuk kam frik\u00eb nga NATO, kam frik\u00eb t\u00eb largohem nga sht\u00ebpia&#8221;\",\"datePublished\":\"2026-05-02T17:50:28+00:00\",\"dateModified\":\"2026-05-02T17:50:31+00:00\",\"mainEntityOfPage\":{\"@id\":\"https:\\\/\\\/kosovatimes.info\\\/index.php\\\/2026\\\/05\\\/02\\\/ruset-po-e-shprehin-gjithnje-e-me-shume-zerin-kunder-putinit-nuk-kam-frike-nga-nato-kam-frike-te-largohem-nga-shtepia\\\/\"},\"wordCount\":1873,\"commentCount\":0,\"image\":{\"@id\":\"https:\\\/\\\/kosovatimes.info\\\/index.php\\\/2026\\\/05\\\/02\\\/ruset-po-e-shprehin-gjithnje-e-me-shume-zerin-kunder-putinit-nuk-kam-frike-nga-nato-kam-frike-te-largohem-nga-shtepia\\\/#primaryimage\"},\"thumbnailUrl\":\"https:\\\/\\\/kosovatimes.info\\\/wp-content\\\/uploads\\\/2026\\\/05\\\/zjarr.webp\",\"articleSection\":[\"Bot\u00eb\",\"Lajme\"],\"inLanguage\":\"en-US\",\"potentialAction\":[{\"@type\":\"CommentAction\",\"name\":\"Comment\",\"target\":[\"https:\\\/\\\/kosovatimes.info\\\/index.php\\\/2026\\\/05\\\/02\\\/ruset-po-e-shprehin-gjithnje-e-me-shume-zerin-kunder-putinit-nuk-kam-frike-nga-nato-kam-frike-te-largohem-nga-shtepia\\\/#respond\"]}]},{\"@type\":\"WebPage\",\"@id\":\"https:\\\/\\\/kosovatimes.info\\\/index.php\\\/2026\\\/05\\\/02\\\/ruset-po-e-shprehin-gjithnje-e-me-shume-zerin-kunder-putinit-nuk-kam-frike-nga-nato-kam-frike-te-largohem-nga-shtepia\\\/\",\"url\":\"https:\\\/\\\/kosovatimes.info\\\/index.php\\\/2026\\\/05\\\/02\\\/ruset-po-e-shprehin-gjithnje-e-me-shume-zerin-kunder-putinit-nuk-kam-frike-nga-nato-kam-frike-te-largohem-nga-shtepia\\\/\",\"name\":\"Rus\u00ebt po e shprehin gjithnj\u00eb e m\u00eb shum\u00eb z\u00ebrin kund\u00ebr Putinit. \\\"Nuk kam frik\u00eb nga NATO, kam frik\u00eb t\u00eb largohem nga sht\u00ebpia\\\" - Kosova Times\",\"isPartOf\":{\"@id\":\"https:\\\/\\\/kosovatimes.info\\\/#website\"},\"primaryImageOfPage\":{\"@id\":\"https:\\\/\\\/kosovatimes.info\\\/index.php\\\/2026\\\/05\\\/02\\\/ruset-po-e-shprehin-gjithnje-e-me-shume-zerin-kunder-putinit-nuk-kam-frike-nga-nato-kam-frike-te-largohem-nga-shtepia\\\/#primaryimage\"},\"image\":{\"@id\":\"https:\\\/\\\/kosovatimes.info\\\/index.php\\\/2026\\\/05\\\/02\\\/ruset-po-e-shprehin-gjithnje-e-me-shume-zerin-kunder-putinit-nuk-kam-frike-nga-nato-kam-frike-te-largohem-nga-shtepia\\\/#primaryimage\"},\"thumbnailUrl\":\"https:\\\/\\\/kosovatimes.info\\\/wp-content\\\/uploads\\\/2026\\\/05\\\/zjarr.webp\",\"datePublished\":\"2026-05-02T17:50:28+00:00\",\"dateModified\":\"2026-05-02T17:50:31+00:00\",\"author\":{\"@id\":\"https:\\\/\\\/kosovatimes.info\\\/#\\\/schema\\\/person\\\/7586712b9c512fe68085de007378c915\"},\"breadcrumb\":{\"@id\":\"https:\\\/\\\/kosovatimes.info\\\/index.php\\\/2026\\\/05\\\/02\\\/ruset-po-e-shprehin-gjithnje-e-me-shume-zerin-kunder-putinit-nuk-kam-frike-nga-nato-kam-frike-te-largohem-nga-shtepia\\\/#breadcrumb\"},\"inLanguage\":\"en-US\",\"potentialAction\":[{\"@type\":\"ReadAction\",\"target\":[\"https:\\\/\\\/kosovatimes.info\\\/index.php\\\/2026\\\/05\\\/02\\\/ruset-po-e-shprehin-gjithnje-e-me-shume-zerin-kunder-putinit-nuk-kam-frike-nga-nato-kam-frike-te-largohem-nga-shtepia\\\/\"]}]},{\"@type\":\"ImageObject\",\"inLanguage\":\"en-US\",\"@id\":\"https:\\\/\\\/kosovatimes.info\\\/index.php\\\/2026\\\/05\\\/02\\\/ruset-po-e-shprehin-gjithnje-e-me-shume-zerin-kunder-putinit-nuk-kam-frike-nga-nato-kam-frike-te-largohem-nga-shtepia\\\/#primaryimage\",\"url\":\"https:\\\/\\\/kosovatimes.info\\\/wp-content\\\/uploads\\\/2026\\\/05\\\/zjarr.webp\",\"contentUrl\":\"https:\\\/\\\/kosovatimes.info\\\/wp-content\\\/uploads\\\/2026\\\/05\\\/zjarr.webp\",\"width\":800,\"height\":926},{\"@type\":\"BreadcrumbList\",\"@id\":\"https:\\\/\\\/kosovatimes.info\\\/index.php\\\/2026\\\/05\\\/02\\\/ruset-po-e-shprehin-gjithnje-e-me-shume-zerin-kunder-putinit-nuk-kam-frike-nga-nato-kam-frike-te-largohem-nga-shtepia\\\/#breadcrumb\",\"itemListElement\":[{\"@type\":\"ListItem\",\"position\":1,\"name\":\"Home\",\"item\":\"https:\\\/\\\/kosovatimes.info\\\/\"},{\"@type\":\"ListItem\",\"position\":2,\"name\":\"Rus\u00ebt po e shprehin gjithnj\u00eb e m\u00eb shum\u00eb z\u00ebrin kund\u00ebr Putinit. &#8220;Nuk kam frik\u00eb nga NATO, kam frik\u00eb t\u00eb largohem nga sht\u00ebpia&#8221;\"}]},{\"@type\":\"WebSite\",\"@id\":\"https:\\\/\\\/kosovatimes.info\\\/#website\",\"url\":\"https:\\\/\\\/kosovatimes.info\\\/\",\"name\":\"Kosova Times\",\"description\":\"\",\"potentialAction\":[{\"@type\":\"SearchAction\",\"target\":{\"@type\":\"EntryPoint\",\"urlTemplate\":\"https:\\\/\\\/kosovatimes.info\\\/?s={search_term_string}\"},\"query-input\":{\"@type\":\"PropertyValueSpecification\",\"valueRequired\":true,\"valueName\":\"search_term_string\"}}],\"inLanguage\":\"en-US\"},{\"@type\":\"Person\",\"@id\":\"https:\\\/\\\/kosovatimes.info\\\/#\\\/schema\\\/person\\\/7586712b9c512fe68085de007378c915\",\"name\":\"i l\",\"image\":{\"@type\":\"ImageObject\",\"inLanguage\":\"en-US\",\"@id\":\"https:\\\/\\\/secure.gravatar.com\\\/avatar\\\/bad9296e02816160ae2e2435beda58222022298d5625d49fea74d18816fbb31d?s=96&d=mm&r=g\",\"url\":\"https:\\\/\\\/secure.gravatar.com\\\/avatar\\\/bad9296e02816160ae2e2435beda58222022298d5625d49fea74d18816fbb31d?s=96&d=mm&r=g\",\"contentUrl\":\"https:\\\/\\\/secure.gravatar.com\\\/avatar\\\/bad9296e02816160ae2e2435beda58222022298d5625d49fea74d18816fbb31d?s=96&d=mm&r=g\",\"caption\":\"i l\"},\"url\":\"https:\\\/\\\/kosovatimes.info\\\/index.php\\\/author\\\/iliri\\\/\"}]}<\/script>\n<!-- \/ Yoast SEO plugin. -->","yoast_head_json":{"title":"Rus\u00ebt po e shprehin gjithnj\u00eb e m\u00eb shum\u00eb z\u00ebrin kund\u00ebr Putinit. \"Nuk kam frik\u00eb nga NATO, kam frik\u00eb t\u00eb largohem nga sht\u00ebpia\" - Kosova Times","robots":{"index":"index","follow":"follow","max-snippet":"max-snippet:-1","max-image-preview":"max-image-preview:large","max-video-preview":"max-video-preview:-1"},"canonical":"https:\/\/kosovatimes.info\/index.php\/2026\/05\/02\/ruset-po-e-shprehin-gjithnje-e-me-shume-zerin-kunder-putinit-nuk-kam-frike-nga-nato-kam-frike-te-largohem-nga-shtepia\/","og_locale":"en_US","og_type":"article","og_title":"Rus\u00ebt po e shprehin gjithnj\u00eb e m\u00eb shum\u00eb z\u00ebrin kund\u00ebr Putinit. \"Nuk kam frik\u00eb nga NATO, kam frik\u00eb t\u00eb largohem nga sht\u00ebpia\" - Kosova Times","og_description":"Skena apokaliptike tymi t\u00eb dendur toksik dhe flak\u00ebsh jan\u00eb p\u00ebrhapur prej dit\u00ebsh nga&nbsp;qyteti Tuapse i Detit t\u00eb Zi&nbsp;, i cili u godit dje nga dron\u00eb ukrainas p\u00ebr her\u00eb t\u00eb kat\u00ebrt brenda dy jav\u00ebsh. Zjarret pas sulmit u shuan p\u00ebr dit\u00eb t\u00eb t\u00ebra dhe \u00e7uan n\u00eb katastrof\u00ebn m\u00eb t\u00eb keqe mjedisore n\u00eb rajon n\u00eb vitet e [&hellip;]","og_url":"https:\/\/kosovatimes.info\/index.php\/2026\/05\/02\/ruset-po-e-shprehin-gjithnje-e-me-shume-zerin-kunder-putinit-nuk-kam-frike-nga-nato-kam-frike-te-largohem-nga-shtepia\/","og_site_name":"Kosova Times","article_published_time":"2026-05-02T17:50:28+00:00","article_modified_time":"2026-05-02T17:50:31+00:00","og_image":[{"width":800,"height":926,"url":"https:\/\/kosovatimes.info\/wp-content\/uploads\/2026\/05\/zjarr.webp","type":"image\/webp"}],"author":"i l","twitter_card":"summary_large_image","twitter_misc":{"Written by":"i l","Est. reading time":"7 minutes"},"schema":{"@context":"https:\/\/schema.org","@graph":[{"@type":"Article","@id":"https:\/\/kosovatimes.info\/index.php\/2026\/05\/02\/ruset-po-e-shprehin-gjithnje-e-me-shume-zerin-kunder-putinit-nuk-kam-frike-nga-nato-kam-frike-te-largohem-nga-shtepia\/#article","isPartOf":{"@id":"https:\/\/kosovatimes.info\/index.php\/2026\/05\/02\/ruset-po-e-shprehin-gjithnje-e-me-shume-zerin-kunder-putinit-nuk-kam-frike-nga-nato-kam-frike-te-largohem-nga-shtepia\/"},"author":{"name":"i l","@id":"https:\/\/kosovatimes.info\/#\/schema\/person\/7586712b9c512fe68085de007378c915"},"headline":"Rus\u00ebt po e shprehin gjithnj\u00eb e m\u00eb shum\u00eb z\u00ebrin kund\u00ebr Putinit. &#8220;Nuk kam frik\u00eb nga NATO, kam frik\u00eb t\u00eb largohem nga sht\u00ebpia&#8221;","datePublished":"2026-05-02T17:50:28+00:00","dateModified":"2026-05-02T17:50:31+00:00","mainEntityOfPage":{"@id":"https:\/\/kosovatimes.info\/index.php\/2026\/05\/02\/ruset-po-e-shprehin-gjithnje-e-me-shume-zerin-kunder-putinit-nuk-kam-frike-nga-nato-kam-frike-te-largohem-nga-shtepia\/"},"wordCount":1873,"commentCount":0,"image":{"@id":"https:\/\/kosovatimes.info\/index.php\/2026\/05\/02\/ruset-po-e-shprehin-gjithnje-e-me-shume-zerin-kunder-putinit-nuk-kam-frike-nga-nato-kam-frike-te-largohem-nga-shtepia\/#primaryimage"},"thumbnailUrl":"https:\/\/kosovatimes.info\/wp-content\/uploads\/2026\/05\/zjarr.webp","articleSection":["Bot\u00eb","Lajme"],"inLanguage":"en-US","potentialAction":[{"@type":"CommentAction","name":"Comment","target":["https:\/\/kosovatimes.info\/index.php\/2026\/05\/02\/ruset-po-e-shprehin-gjithnje-e-me-shume-zerin-kunder-putinit-nuk-kam-frike-nga-nato-kam-frike-te-largohem-nga-shtepia\/#respond"]}]},{"@type":"WebPage","@id":"https:\/\/kosovatimes.info\/index.php\/2026\/05\/02\/ruset-po-e-shprehin-gjithnje-e-me-shume-zerin-kunder-putinit-nuk-kam-frike-nga-nato-kam-frike-te-largohem-nga-shtepia\/","url":"https:\/\/kosovatimes.info\/index.php\/2026\/05\/02\/ruset-po-e-shprehin-gjithnje-e-me-shume-zerin-kunder-putinit-nuk-kam-frike-nga-nato-kam-frike-te-largohem-nga-shtepia\/","name":"Rus\u00ebt po e shprehin gjithnj\u00eb e m\u00eb shum\u00eb z\u00ebrin kund\u00ebr Putinit. \"Nuk kam frik\u00eb nga NATO, kam frik\u00eb t\u00eb largohem nga sht\u00ebpia\" - Kosova Times","isPartOf":{"@id":"https:\/\/kosovatimes.info\/#website"},"primaryImageOfPage":{"@id":"https:\/\/kosovatimes.info\/index.php\/2026\/05\/02\/ruset-po-e-shprehin-gjithnje-e-me-shume-zerin-kunder-putinit-nuk-kam-frike-nga-nato-kam-frike-te-largohem-nga-shtepia\/#primaryimage"},"image":{"@id":"https:\/\/kosovatimes.info\/index.php\/2026\/05\/02\/ruset-po-e-shprehin-gjithnje-e-me-shume-zerin-kunder-putinit-nuk-kam-frike-nga-nato-kam-frike-te-largohem-nga-shtepia\/#primaryimage"},"thumbnailUrl":"https:\/\/kosovatimes.info\/wp-content\/uploads\/2026\/05\/zjarr.webp","datePublished":"2026-05-02T17:50:28+00:00","dateModified":"2026-05-02T17:50:31+00:00","author":{"@id":"https:\/\/kosovatimes.info\/#\/schema\/person\/7586712b9c512fe68085de007378c915"},"breadcrumb":{"@id":"https:\/\/kosovatimes.info\/index.php\/2026\/05\/02\/ruset-po-e-shprehin-gjithnje-e-me-shume-zerin-kunder-putinit-nuk-kam-frike-nga-nato-kam-frike-te-largohem-nga-shtepia\/#breadcrumb"},"inLanguage":"en-US","potentialAction":[{"@type":"ReadAction","target":["https:\/\/kosovatimes.info\/index.php\/2026\/05\/02\/ruset-po-e-shprehin-gjithnje-e-me-shume-zerin-kunder-putinit-nuk-kam-frike-nga-nato-kam-frike-te-largohem-nga-shtepia\/"]}]},{"@type":"ImageObject","inLanguage":"en-US","@id":"https:\/\/kosovatimes.info\/index.php\/2026\/05\/02\/ruset-po-e-shprehin-gjithnje-e-me-shume-zerin-kunder-putinit-nuk-kam-frike-nga-nato-kam-frike-te-largohem-nga-shtepia\/#primaryimage","url":"https:\/\/kosovatimes.info\/wp-content\/uploads\/2026\/05\/zjarr.webp","contentUrl":"https:\/\/kosovatimes.info\/wp-content\/uploads\/2026\/05\/zjarr.webp","width":800,"height":926},{"@type":"BreadcrumbList","@id":"https:\/\/kosovatimes.info\/index.php\/2026\/05\/02\/ruset-po-e-shprehin-gjithnje-e-me-shume-zerin-kunder-putinit-nuk-kam-frike-nga-nato-kam-frike-te-largohem-nga-shtepia\/#breadcrumb","itemListElement":[{"@type":"ListItem","position":1,"name":"Home","item":"https:\/\/kosovatimes.info\/"},{"@type":"ListItem","position":2,"name":"Rus\u00ebt po e shprehin gjithnj\u00eb e m\u00eb shum\u00eb z\u00ebrin kund\u00ebr Putinit. &#8220;Nuk kam frik\u00eb nga NATO, kam frik\u00eb t\u00eb largohem nga sht\u00ebpia&#8221;"}]},{"@type":"WebSite","@id":"https:\/\/kosovatimes.info\/#website","url":"https:\/\/kosovatimes.info\/","name":"Kosova Times","description":"","potentialAction":[{"@type":"SearchAction","target":{"@type":"EntryPoint","urlTemplate":"https:\/\/kosovatimes.info\/?s={search_term_string}"},"query-input":{"@type":"PropertyValueSpecification","valueRequired":true,"valueName":"search_term_string"}}],"inLanguage":"en-US"},{"@type":"Person","@id":"https:\/\/kosovatimes.info\/#\/schema\/person\/7586712b9c512fe68085de007378c915","name":"i l","image":{"@type":"ImageObject","inLanguage":"en-US","@id":"https:\/\/secure.gravatar.com\/avatar\/bad9296e02816160ae2e2435beda58222022298d5625d49fea74d18816fbb31d?s=96&d=mm&r=g","url":"https:\/\/secure.gravatar.com\/avatar\/bad9296e02816160ae2e2435beda58222022298d5625d49fea74d18816fbb31d?s=96&d=mm&r=g","contentUrl":"https:\/\/secure.gravatar.com\/avatar\/bad9296e02816160ae2e2435beda58222022298d5625d49fea74d18816fbb31d?s=96&d=mm&r=g","caption":"i l"},"url":"https:\/\/kosovatimes.info\/index.php\/author\/iliri\/"}]}},"_links":{"self":[{"href":"https:\/\/kosovatimes.info\/index.php\/wp-json\/wp\/v2\/posts\/13139","targetHints":{"allow":["GET"]}}],"collection":[{"href":"https:\/\/kosovatimes.info\/index.php\/wp-json\/wp\/v2\/posts"}],"about":[{"href":"https:\/\/kosovatimes.info\/index.php\/wp-json\/wp\/v2\/types\/post"}],"author":[{"embeddable":true,"href":"https:\/\/kosovatimes.info\/index.php\/wp-json\/wp\/v2\/users\/4"}],"replies":[{"embeddable":true,"href":"https:\/\/kosovatimes.info\/index.php\/wp-json\/wp\/v2\/comments?post=13139"}],"version-history":[{"count":1,"href":"https:\/\/kosovatimes.info\/index.php\/wp-json\/wp\/v2\/posts\/13139\/revisions"}],"predecessor-version":[{"id":13141,"href":"https:\/\/kosovatimes.info\/index.php\/wp-json\/wp\/v2\/posts\/13139\/revisions\/13141"}],"wp:featuredmedia":[{"embeddable":true,"href":"https:\/\/kosovatimes.info\/index.php\/wp-json\/wp\/v2\/media\/13140"}],"wp:attachment":[{"href":"https:\/\/kosovatimes.info\/index.php\/wp-json\/wp\/v2\/media?parent=13139"}],"wp:term":[{"taxonomy":"category","embeddable":true,"href":"https:\/\/kosovatimes.info\/index.php\/wp-json\/wp\/v2\/categories?post=13139"},{"taxonomy":"post_tag","embeddable":true,"href":"https:\/\/kosovatimes.info\/index.php\/wp-json\/wp\/v2\/tags?post=13139"}],"curies":[{"name":"wp","href":"https:\/\/api.w.org\/{rel}","templated":true}]}}