{"id":13142,"date":"2026-05-02T21:41:00","date_gmt":"2026-05-02T19:41:00","guid":{"rendered":"https:\/\/kosovatimes.info\/?p=13142"},"modified":"2026-05-02T23:51:32","modified_gmt":"2026-05-02T21:51:32","slug":"dash-bllokimi-politik-demton-besimin-ne-institucionet-e-kosoves","status":"publish","type":"post","link":"https:\/\/kosovatimes.info\/index.php\/2026\/05\/02\/dash-bllokimi-politik-demton-besimin-ne-institucionet-e-kosoves\/","title":{"rendered":"DASH: Bllokimi politik d\u00ebmton besimin n\u00eb institucionet e Kosov\u00ebs"},"content":{"rendered":"\n<p><a target=\"_blank\" href=\"https:\/\/www.linkedin.com\/shareArticle?mini=true&amp;url=https%3A%2F%2Fwww.rtklive.com%2Fsq%2Fnews-single.php%3FID%3D723704\" rel=\"noreferrer noopener\"><\/a><\/p>\n\n\n\n<h2 class=\"wp-block-heading\"><strong>Shtetet e Bashkuara t\u00eb Amerik\u00ebs po ndjekin nga af\u00ebr zhvillimet e fundit n\u00eb Kosov\u00eb, nd\u00ebrsa shprehin shqet\u00ebsim p\u00ebr vazhdimin e bllokad\u00ebs politike n\u00eb vend.<\/strong><\/h2>\n\n\n\n<p>Nj\u00eb z\u00ebdh\u00ebn\u00ebs i Departamentit amerikan t\u00eb Shtetit tha p\u00ebr Radion Evropa e Lir\u00eb se \u201cbllokimi i vazhduesh\u00ebm politik d\u00ebmton besimin n\u00eb institucionet e Kosov\u00ebs\u201d.<\/p>\n\n\n\n<p>\u201cNe po i ndjekim nga af\u00ebr zhvillimet. Do t\u00eb donim t\u2019i shihnim t\u00eb gjitha grupet politike t\u00eb bashk\u00ebpunojn\u00eb p\u00ebr interesat m\u00eb t\u00eb mira t\u00eb popullit t\u00eb Kosov\u00ebs\u201d, tha z\u00ebdh\u00ebn\u00ebsi.<\/p>\n\n\n\n<p>Kosova do t\u00eb mbaj\u00eb zgjedhjet e parakohshme parlamentare m\u00eb 7 qershor.<\/p>\n\n\n\n<p>Ato u shpall\u00ebn pasi Kuvendi u shp\u00ebrnda automatikisht k\u00ebt\u00eb jav\u00eb, p\u00ebr shkak t\u00eb d\u00ebshtimit p\u00ebr t\u00eb zgjedhur presidentin e ri brenda afatit kushtetues.<\/p>\n\n\n\n<p>Partia n\u00eb pushtet, L\u00ebvizja Vet\u00ebvendosje, e akuzoi opozit\u00ebn p\u00ebr bojkotim t\u00eb q\u00ebllimsh\u00ebm t\u00eb seancave, nd\u00ebrsa partit\u00eb opozitare e faj\u00ebsuan pushtetin p\u00ebr munges\u00eb bashk\u00ebpunimi dhe p\u00ebr tentim t\u00eb p\u00ebrqendrimit t\u00eb pushtetit n\u00eb nj\u00eb dor\u00eb t\u00eb vetme.<br>&nbsp;<\/p>\n\n\n\n<p>Legjislatura e dhjet\u00eb, e dal\u00eb nga zgjedhjet e parakohshme t\u00eb 28 dhjetorit, zgjati m\u00eb pak se tre muaj.<\/p>\n\n\n\n<p>Ato zgjedhje u mbajt\u00ebn pas nj\u00eb krize t\u00eb zgjatur politike q\u00eb nisi pas zgjedhjeve t\u00eb rregullta t\u00eb 9 shkurtit 2025, kur Kuvendi nuk arriti t\u00eb konstituohej p\u00ebr muaj t\u00eb t\u00ebr\u00eb dhe p\u00ebrpjekjet p\u00ebr formimin e Qeveris\u00eb p\u00ebrfunduan pa sukses.<\/p>\n\n\n\n<p>Analist\u00ebt paralajm\u00ebrojn\u00eb se Kosova rrezikon t\u00eb p\u00ebrballet me nj\u00eb skenar t\u00eb ngjash\u00ebm me at\u00eb t\u00eb Bullgaris\u00eb, e cila n\u00eb pes\u00eb vjet\u00ebt e fundit ka kaluar n\u00ebp\u00ebr shtat\u00eb cikle zgjedhjesh t\u00eb nj\u00ebpasnj\u00ebshme, pa arritur stabilitet institucional.<\/p>\n\n\n\n<p>Ata shtojn\u00eb se kriza ndikon edhe n\u00eb ritmin e vendimmarrjes shtet\u00ebrore dhe sjell barr\u00eb t\u00eb konsiderueshme financiare p\u00ebr buxhetin e shtetit.<\/p>\n\n\n\n<p>M\u00eb 2 maj, Komisioni Qendror i Zgjedhjeve njoftoi se ka nisur afati p\u00ebr partit\u00eb politike p\u00ebr t\u2019u deklaruar p\u00ebr pjes\u00ebmarrje n\u00eb zgjedhjet e 7 qershorit, si dhe p\u00ebr formimin e koalicioneve, i cili do t\u00eb zgjas\u00eb deri m\u00eb 7 maj.<\/p>\n\n\n\n<p>Sipas planit t\u00eb aktiviteteve t\u00eb miratuar nga KQZ-ja, m\u00eb 2 maj ka nisur edhe afati p\u00ebr certifikimin e partive t\u00eb reja dhe dor\u00ebzimin e listave t\u00eb kandidat\u00ebve p\u00ebr deputet\u00eb. Afati p\u00ebr partit\u00eb e reja p\u00ebrfundon m\u00eb 10 maj, nd\u00ebrsa p\u00ebr listat e kandidat\u00ebve m\u00eb 12 maj.<\/p>\n\n\n\n<p>Nj\u00eb dit\u00eb m\u00eb par\u00eb, KQZ-ja miratoi edhe planin e aktiviteteve dhe buxhetin p\u00ebr zgjedhjet e parakohshme, t\u00eb cilat do t\u00eb kushtojn\u00eb 10 milion\u00eb e 887 mij\u00eb euro.<\/p>\n\n\n\n<p>Fushata zgjedhore do t\u00eb zgjas\u00eb 10 dit\u00eb, nga 28 maji deri m\u00eb 7 qershor n\u00eb or\u00ebn 07:00, kur hapen vendvotimet.<\/p>\n\n\n\n<p>Votimi me post\u00eb do t\u00eb zhvillohet nga 25 maji deri m\u00eb 6 qershor, nd\u00ebrsa nj\u00eb dit\u00eb para zgjedhjeve do t\u00eb organizohet votimi n\u00eb p\u00ebrfaq\u00ebsit\u00eb diplomatike.<\/p>\n\n\n\n<p>Regjistrimi p\u00ebr votim nga jasht\u00eb vendit do t\u00eb b\u00ebhet nga 6 deri m\u00eb 17 maj.<br>&nbsp;<\/p>\n\n\n\n<p>N\u00eb zgjedhjet e 28 dhjetorit, mbi 2 milion\u00eb qytetar\u00eb t\u00eb Kosov\u00ebs, brenda dhe jasht\u00eb vendit, kishin t\u00eb drejt\u00eb vote &#8211; nj\u00eb shif\u00ebr q\u00eb pritet t\u00eb mbetet e ngjashme edhe n\u00eb zgjedhjet e ardhshme.<\/p>\n\n\n\n<p>Pjes\u00ebmarrja ishte rreth 45 p\u00ebr qind.<\/p>\n","protected":false},"excerpt":{"rendered":"<p>Shtetet e Bashkuara t\u00eb Amerik\u00ebs po ndjekin nga af\u00ebr zhvillimet e fundit n\u00eb Kosov\u00eb, nd\u00ebrsa shprehin shqet\u00ebsim p\u00ebr vazhdimin e bllokad\u00ebs politike n\u00eb vend. Nj\u00eb z\u00ebdh\u00ebn\u00ebs i Departamentit amerikan t\u00eb Shtetit tha p\u00ebr Radion Evropa e Lir\u00eb se \u201cbllokimi i vazhduesh\u00ebm politik d\u00ebmton besimin n\u00eb institucionet e Kosov\u00ebs\u201d. \u201cNe po i ndjekim nga af\u00ebr zhvillimet. [&hellip;]<\/p>\n","protected":false},"author":4,"featured_media":13143,"comment_status":"open","ping_status":"open","sticky":false,"template":"","format":"standard","meta":{"footnotes":""},"categories":[31,30],"tags":[],"class_list":{"0":"post-13142","1":"post","2":"type-post","3":"status-publish","4":"format-standard","5":"has-post-thumbnail","7":"category-kosove","8":"category-lajme"},"yoast_head":"<!-- This site is optimized with the Yoast SEO plugin v27.4 - https:\/\/yoast.com\/product\/yoast-seo-wordpress\/ -->\n<title>DASH: Bllokimi politik d\u00ebmton besimin n\u00eb institucionet e Kosov\u00ebs - Kosova Times<\/title>\n<meta name=\"robots\" content=\"index, follow, max-snippet:-1, max-image-preview:large, max-video-preview:-1\" \/>\n<link rel=\"canonical\" href=\"https:\/\/kosovatimes.info\/index.php\/2026\/05\/02\/dash-bllokimi-politik-demton-besimin-ne-institucionet-e-kosoves\/\" \/>\n<meta property=\"og:locale\" content=\"en_US\" \/>\n<meta property=\"og:type\" content=\"article\" \/>\n<meta property=\"og:title\" content=\"DASH: Bllokimi politik d\u00ebmton besimin n\u00eb institucionet e Kosov\u00ebs - Kosova Times\" \/>\n<meta property=\"og:description\" content=\"Shtetet e Bashkuara t\u00eb Amerik\u00ebs po ndjekin nga af\u00ebr zhvillimet e fundit n\u00eb Kosov\u00eb, nd\u00ebrsa shprehin shqet\u00ebsim p\u00ebr vazhdimin e bllokad\u00ebs politike n\u00eb vend. Nj\u00eb z\u00ebdh\u00ebn\u00ebs i Departamentit amerikan t\u00eb Shtetit tha p\u00ebr Radion Evropa e Lir\u00eb se \u201cbllokimi i vazhduesh\u00ebm politik d\u00ebmton besimin n\u00eb institucionet e Kosov\u00ebs\u201d. \u201cNe po i ndjekim nga af\u00ebr zhvillimet. [&hellip;]\" \/>\n<meta property=\"og:url\" content=\"https:\/\/kosovatimes.info\/index.php\/2026\/05\/02\/dash-bllokimi-politik-demton-besimin-ne-institucionet-e-kosoves\/\" \/>\n<meta property=\"og:site_name\" content=\"Kosova Times\" \/>\n<meta property=\"article:published_time\" content=\"2026-05-02T19:41:00+00:00\" \/>\n<meta property=\"article:modified_time\" content=\"2026-05-02T21:51:32+00:00\" \/>\n<meta property=\"og:image\" content=\"https:\/\/kosovatimes.info\/wp-content\/uploads\/2026\/05\/DASH.jpeg\" \/>\n\t<meta property=\"og:image:width\" content=\"780\" \/>\n\t<meta property=\"og:image:height\" content=\"500\" \/>\n\t<meta property=\"og:image:type\" content=\"image\/jpeg\" \/>\n<meta name=\"author\" content=\"i l\" \/>\n<meta name=\"twitter:card\" content=\"summary_large_image\" \/>\n<meta name=\"twitter:label1\" content=\"Written by\" \/>\n\t<meta name=\"twitter:data1\" content=\"i l\" \/>\n\t<meta name=\"twitter:label2\" content=\"Est. reading time\" \/>\n\t<meta name=\"twitter:data2\" content=\"3 minutes\" \/>\n<script type=\"application\/ld+json\" class=\"yoast-schema-graph\">{\"@context\":\"https:\\\/\\\/schema.org\",\"@graph\":[{\"@type\":\"Article\",\"@id\":\"https:\\\/\\\/kosovatimes.info\\\/index.php\\\/2026\\\/05\\\/02\\\/dash-bllokimi-politik-demton-besimin-ne-institucionet-e-kosoves\\\/#article\",\"isPartOf\":{\"@id\":\"https:\\\/\\\/kosovatimes.info\\\/index.php\\\/2026\\\/05\\\/02\\\/dash-bllokimi-politik-demton-besimin-ne-institucionet-e-kosoves\\\/\"},\"author\":{\"name\":\"i l\",\"@id\":\"https:\\\/\\\/kosovatimes.info\\\/#\\\/schema\\\/person\\\/7586712b9c512fe68085de007378c915\"},\"headline\":\"DASH: Bllokimi politik d\u00ebmton besimin n\u00eb institucionet e Kosov\u00ebs\",\"datePublished\":\"2026-05-02T19:41:00+00:00\",\"dateModified\":\"2026-05-02T21:51:32+00:00\",\"mainEntityOfPage\":{\"@id\":\"https:\\\/\\\/kosovatimes.info\\\/index.php\\\/2026\\\/05\\\/02\\\/dash-bllokimi-politik-demton-besimin-ne-institucionet-e-kosoves\\\/\"},\"wordCount\":543,\"commentCount\":0,\"image\":{\"@id\":\"https:\\\/\\\/kosovatimes.info\\\/index.php\\\/2026\\\/05\\\/02\\\/dash-bllokimi-politik-demton-besimin-ne-institucionet-e-kosoves\\\/#primaryimage\"},\"thumbnailUrl\":\"https:\\\/\\\/kosovatimes.info\\\/wp-content\\\/uploads\\\/2026\\\/05\\\/DASH.jpeg\",\"articleSection\":[\"Kosov\u00eb\",\"Lajme\"],\"inLanguage\":\"en-US\",\"potentialAction\":[{\"@type\":\"CommentAction\",\"name\":\"Comment\",\"target\":[\"https:\\\/\\\/kosovatimes.info\\\/index.php\\\/2026\\\/05\\\/02\\\/dash-bllokimi-politik-demton-besimin-ne-institucionet-e-kosoves\\\/#respond\"]}]},{\"@type\":\"WebPage\",\"@id\":\"https:\\\/\\\/kosovatimes.info\\\/index.php\\\/2026\\\/05\\\/02\\\/dash-bllokimi-politik-demton-besimin-ne-institucionet-e-kosoves\\\/\",\"url\":\"https:\\\/\\\/kosovatimes.info\\\/index.php\\\/2026\\\/05\\\/02\\\/dash-bllokimi-politik-demton-besimin-ne-institucionet-e-kosoves\\\/\",\"name\":\"DASH: Bllokimi politik d\u00ebmton besimin n\u00eb institucionet e Kosov\u00ebs - Kosova Times\",\"isPartOf\":{\"@id\":\"https:\\\/\\\/kosovatimes.info\\\/#website\"},\"primaryImageOfPage\":{\"@id\":\"https:\\\/\\\/kosovatimes.info\\\/index.php\\\/2026\\\/05\\\/02\\\/dash-bllokimi-politik-demton-besimin-ne-institucionet-e-kosoves\\\/#primaryimage\"},\"image\":{\"@id\":\"https:\\\/\\\/kosovatimes.info\\\/index.php\\\/2026\\\/05\\\/02\\\/dash-bllokimi-politik-demton-besimin-ne-institucionet-e-kosoves\\\/#primaryimage\"},\"thumbnailUrl\":\"https:\\\/\\\/kosovatimes.info\\\/wp-content\\\/uploads\\\/2026\\\/05\\\/DASH.jpeg\",\"datePublished\":\"2026-05-02T19:41:00+00:00\",\"dateModified\":\"2026-05-02T21:51:32+00:00\",\"author\":{\"@id\":\"https:\\\/\\\/kosovatimes.info\\\/#\\\/schema\\\/person\\\/7586712b9c512fe68085de007378c915\"},\"breadcrumb\":{\"@id\":\"https:\\\/\\\/kosovatimes.info\\\/index.php\\\/2026\\\/05\\\/02\\\/dash-bllokimi-politik-demton-besimin-ne-institucionet-e-kosoves\\\/#breadcrumb\"},\"inLanguage\":\"en-US\",\"potentialAction\":[{\"@type\":\"ReadAction\",\"target\":[\"https:\\\/\\\/kosovatimes.info\\\/index.php\\\/2026\\\/05\\\/02\\\/dash-bllokimi-politik-demton-besimin-ne-institucionet-e-kosoves\\\/\"]}]},{\"@type\":\"ImageObject\",\"inLanguage\":\"en-US\",\"@id\":\"https:\\\/\\\/kosovatimes.info\\\/index.php\\\/2026\\\/05\\\/02\\\/dash-bllokimi-politik-demton-besimin-ne-institucionet-e-kosoves\\\/#primaryimage\",\"url\":\"https:\\\/\\\/kosovatimes.info\\\/wp-content\\\/uploads\\\/2026\\\/05\\\/DASH.jpeg\",\"contentUrl\":\"https:\\\/\\\/kosovatimes.info\\\/wp-content\\\/uploads\\\/2026\\\/05\\\/DASH.jpeg\",\"width\":780,\"height\":500},{\"@type\":\"BreadcrumbList\",\"@id\":\"https:\\\/\\\/kosovatimes.info\\\/index.php\\\/2026\\\/05\\\/02\\\/dash-bllokimi-politik-demton-besimin-ne-institucionet-e-kosoves\\\/#breadcrumb\",\"itemListElement\":[{\"@type\":\"ListItem\",\"position\":1,\"name\":\"Home\",\"item\":\"https:\\\/\\\/kosovatimes.info\\\/\"},{\"@type\":\"ListItem\",\"position\":2,\"name\":\"DASH: Bllokimi politik d\u00ebmton besimin n\u00eb institucionet e Kosov\u00ebs\"}]},{\"@type\":\"WebSite\",\"@id\":\"https:\\\/\\\/kosovatimes.info\\\/#website\",\"url\":\"https:\\\/\\\/kosovatimes.info\\\/\",\"name\":\"Kosova Times\",\"description\":\"\",\"potentialAction\":[{\"@type\":\"SearchAction\",\"target\":{\"@type\":\"EntryPoint\",\"urlTemplate\":\"https:\\\/\\\/kosovatimes.info\\\/?s={search_term_string}\"},\"query-input\":{\"@type\":\"PropertyValueSpecification\",\"valueRequired\":true,\"valueName\":\"search_term_string\"}}],\"inLanguage\":\"en-US\"},{\"@type\":\"Person\",\"@id\":\"https:\\\/\\\/kosovatimes.info\\\/#\\\/schema\\\/person\\\/7586712b9c512fe68085de007378c915\",\"name\":\"i l\",\"image\":{\"@type\":\"ImageObject\",\"inLanguage\":\"en-US\",\"@id\":\"https:\\\/\\\/secure.gravatar.com\\\/avatar\\\/bad9296e02816160ae2e2435beda58222022298d5625d49fea74d18816fbb31d?s=96&d=mm&r=g\",\"url\":\"https:\\\/\\\/secure.gravatar.com\\\/avatar\\\/bad9296e02816160ae2e2435beda58222022298d5625d49fea74d18816fbb31d?s=96&d=mm&r=g\",\"contentUrl\":\"https:\\\/\\\/secure.gravatar.com\\\/avatar\\\/bad9296e02816160ae2e2435beda58222022298d5625d49fea74d18816fbb31d?s=96&d=mm&r=g\",\"caption\":\"i l\"},\"url\":\"https:\\\/\\\/kosovatimes.info\\\/index.php\\\/author\\\/iliri\\\/\"}]}<\/script>\n<!-- \/ Yoast SEO plugin. -->","yoast_head_json":{"title":"DASH: Bllokimi politik d\u00ebmton besimin n\u00eb institucionet e Kosov\u00ebs - Kosova Times","robots":{"index":"index","follow":"follow","max-snippet":"max-snippet:-1","max-image-preview":"max-image-preview:large","max-video-preview":"max-video-preview:-1"},"canonical":"https:\/\/kosovatimes.info\/index.php\/2026\/05\/02\/dash-bllokimi-politik-demton-besimin-ne-institucionet-e-kosoves\/","og_locale":"en_US","og_type":"article","og_title":"DASH: Bllokimi politik d\u00ebmton besimin n\u00eb institucionet e Kosov\u00ebs - Kosova Times","og_description":"Shtetet e Bashkuara t\u00eb Amerik\u00ebs po ndjekin nga af\u00ebr zhvillimet e fundit n\u00eb Kosov\u00eb, nd\u00ebrsa shprehin shqet\u00ebsim p\u00ebr vazhdimin e bllokad\u00ebs politike n\u00eb vend. Nj\u00eb z\u00ebdh\u00ebn\u00ebs i Departamentit amerikan t\u00eb Shtetit tha p\u00ebr Radion Evropa e Lir\u00eb se \u201cbllokimi i vazhduesh\u00ebm politik d\u00ebmton besimin n\u00eb institucionet e Kosov\u00ebs\u201d. \u201cNe po i ndjekim nga af\u00ebr zhvillimet. [&hellip;]","og_url":"https:\/\/kosovatimes.info\/index.php\/2026\/05\/02\/dash-bllokimi-politik-demton-besimin-ne-institucionet-e-kosoves\/","og_site_name":"Kosova Times","article_published_time":"2026-05-02T19:41:00+00:00","article_modified_time":"2026-05-02T21:51:32+00:00","og_image":[{"width":780,"height":500,"url":"https:\/\/kosovatimes.info\/wp-content\/uploads\/2026\/05\/DASH.jpeg","type":"image\/jpeg"}],"author":"i l","twitter_card":"summary_large_image","twitter_misc":{"Written by":"i l","Est. reading time":"3 minutes"},"schema":{"@context":"https:\/\/schema.org","@graph":[{"@type":"Article","@id":"https:\/\/kosovatimes.info\/index.php\/2026\/05\/02\/dash-bllokimi-politik-demton-besimin-ne-institucionet-e-kosoves\/#article","isPartOf":{"@id":"https:\/\/kosovatimes.info\/index.php\/2026\/05\/02\/dash-bllokimi-politik-demton-besimin-ne-institucionet-e-kosoves\/"},"author":{"name":"i l","@id":"https:\/\/kosovatimes.info\/#\/schema\/person\/7586712b9c512fe68085de007378c915"},"headline":"DASH: Bllokimi politik d\u00ebmton besimin n\u00eb institucionet e Kosov\u00ebs","datePublished":"2026-05-02T19:41:00+00:00","dateModified":"2026-05-02T21:51:32+00:00","mainEntityOfPage":{"@id":"https:\/\/kosovatimes.info\/index.php\/2026\/05\/02\/dash-bllokimi-politik-demton-besimin-ne-institucionet-e-kosoves\/"},"wordCount":543,"commentCount":0,"image":{"@id":"https:\/\/kosovatimes.info\/index.php\/2026\/05\/02\/dash-bllokimi-politik-demton-besimin-ne-institucionet-e-kosoves\/#primaryimage"},"thumbnailUrl":"https:\/\/kosovatimes.info\/wp-content\/uploads\/2026\/05\/DASH.jpeg","articleSection":["Kosov\u00eb","Lajme"],"inLanguage":"en-US","potentialAction":[{"@type":"CommentAction","name":"Comment","target":["https:\/\/kosovatimes.info\/index.php\/2026\/05\/02\/dash-bllokimi-politik-demton-besimin-ne-institucionet-e-kosoves\/#respond"]}]},{"@type":"WebPage","@id":"https:\/\/kosovatimes.info\/index.php\/2026\/05\/02\/dash-bllokimi-politik-demton-besimin-ne-institucionet-e-kosoves\/","url":"https:\/\/kosovatimes.info\/index.php\/2026\/05\/02\/dash-bllokimi-politik-demton-besimin-ne-institucionet-e-kosoves\/","name":"DASH: Bllokimi politik d\u00ebmton besimin n\u00eb institucionet e Kosov\u00ebs - Kosova Times","isPartOf":{"@id":"https:\/\/kosovatimes.info\/#website"},"primaryImageOfPage":{"@id":"https:\/\/kosovatimes.info\/index.php\/2026\/05\/02\/dash-bllokimi-politik-demton-besimin-ne-institucionet-e-kosoves\/#primaryimage"},"image":{"@id":"https:\/\/kosovatimes.info\/index.php\/2026\/05\/02\/dash-bllokimi-politik-demton-besimin-ne-institucionet-e-kosoves\/#primaryimage"},"thumbnailUrl":"https:\/\/kosovatimes.info\/wp-content\/uploads\/2026\/05\/DASH.jpeg","datePublished":"2026-05-02T19:41:00+00:00","dateModified":"2026-05-02T21:51:32+00:00","author":{"@id":"https:\/\/kosovatimes.info\/#\/schema\/person\/7586712b9c512fe68085de007378c915"},"breadcrumb":{"@id":"https:\/\/kosovatimes.info\/index.php\/2026\/05\/02\/dash-bllokimi-politik-demton-besimin-ne-institucionet-e-kosoves\/#breadcrumb"},"inLanguage":"en-US","potentialAction":[{"@type":"ReadAction","target":["https:\/\/kosovatimes.info\/index.php\/2026\/05\/02\/dash-bllokimi-politik-demton-besimin-ne-institucionet-e-kosoves\/"]}]},{"@type":"ImageObject","inLanguage":"en-US","@id":"https:\/\/kosovatimes.info\/index.php\/2026\/05\/02\/dash-bllokimi-politik-demton-besimin-ne-institucionet-e-kosoves\/#primaryimage","url":"https:\/\/kosovatimes.info\/wp-content\/uploads\/2026\/05\/DASH.jpeg","contentUrl":"https:\/\/kosovatimes.info\/wp-content\/uploads\/2026\/05\/DASH.jpeg","width":780,"height":500},{"@type":"BreadcrumbList","@id":"https:\/\/kosovatimes.info\/index.php\/2026\/05\/02\/dash-bllokimi-politik-demton-besimin-ne-institucionet-e-kosoves\/#breadcrumb","itemListElement":[{"@type":"ListItem","position":1,"name":"Home","item":"https:\/\/kosovatimes.info\/"},{"@type":"ListItem","position":2,"name":"DASH: Bllokimi politik d\u00ebmton besimin n\u00eb institucionet e Kosov\u00ebs"}]},{"@type":"WebSite","@id":"https:\/\/kosovatimes.info\/#website","url":"https:\/\/kosovatimes.info\/","name":"Kosova Times","description":"","potentialAction":[{"@type":"SearchAction","target":{"@type":"EntryPoint","urlTemplate":"https:\/\/kosovatimes.info\/?s={search_term_string}"},"query-input":{"@type":"PropertyValueSpecification","valueRequired":true,"valueName":"search_term_string"}}],"inLanguage":"en-US"},{"@type":"Person","@id":"https:\/\/kosovatimes.info\/#\/schema\/person\/7586712b9c512fe68085de007378c915","name":"i l","image":{"@type":"ImageObject","inLanguage":"en-US","@id":"https:\/\/secure.gravatar.com\/avatar\/bad9296e02816160ae2e2435beda58222022298d5625d49fea74d18816fbb31d?s=96&d=mm&r=g","url":"https:\/\/secure.gravatar.com\/avatar\/bad9296e02816160ae2e2435beda58222022298d5625d49fea74d18816fbb31d?s=96&d=mm&r=g","contentUrl":"https:\/\/secure.gravatar.com\/avatar\/bad9296e02816160ae2e2435beda58222022298d5625d49fea74d18816fbb31d?s=96&d=mm&r=g","caption":"i l"},"url":"https:\/\/kosovatimes.info\/index.php\/author\/iliri\/"}]}},"_links":{"self":[{"href":"https:\/\/kosovatimes.info\/index.php\/wp-json\/wp\/v2\/posts\/13142","targetHints":{"allow":["GET"]}}],"collection":[{"href":"https:\/\/kosovatimes.info\/index.php\/wp-json\/wp\/v2\/posts"}],"about":[{"href":"https:\/\/kosovatimes.info\/index.php\/wp-json\/wp\/v2\/types\/post"}],"author":[{"embeddable":true,"href":"https:\/\/kosovatimes.info\/index.php\/wp-json\/wp\/v2\/users\/4"}],"replies":[{"embeddable":true,"href":"https:\/\/kosovatimes.info\/index.php\/wp-json\/wp\/v2\/comments?post=13142"}],"version-history":[{"count":1,"href":"https:\/\/kosovatimes.info\/index.php\/wp-json\/wp\/v2\/posts\/13142\/revisions"}],"predecessor-version":[{"id":13144,"href":"https:\/\/kosovatimes.info\/index.php\/wp-json\/wp\/v2\/posts\/13142\/revisions\/13144"}],"wp:featuredmedia":[{"embeddable":true,"href":"https:\/\/kosovatimes.info\/index.php\/wp-json\/wp\/v2\/media\/13143"}],"wp:attachment":[{"href":"https:\/\/kosovatimes.info\/index.php\/wp-json\/wp\/v2\/media?parent=13142"}],"wp:term":[{"taxonomy":"category","embeddable":true,"href":"https:\/\/kosovatimes.info\/index.php\/wp-json\/wp\/v2\/categories?post=13142"},{"taxonomy":"post_tag","embeddable":true,"href":"https:\/\/kosovatimes.info\/index.php\/wp-json\/wp\/v2\/tags?post=13142"}],"curies":[{"name":"wp","href":"https:\/\/api.w.org\/{rel}","templated":true}]}}