{"id":13145,"date":"2026-05-02T20:30:00","date_gmt":"2026-05-02T18:30:00","guid":{"rendered":"https:\/\/kosovatimes.info\/?p=13145"},"modified":"2026-05-02T23:53:40","modified_gmt":"2026-05-02T21:53:40","slug":"qytetaret-e-pandergjegjshem-hedhin-mbeturinat-inerte-ne-kontejnere","status":"publish","type":"post","link":"https:\/\/kosovatimes.info\/index.php\/2026\/05\/02\/qytetaret-e-pandergjegjshem-hedhin-mbeturinat-inerte-ne-kontejnere\/","title":{"rendered":"Qytetar\u00ebt e pand\u00ebrgjegjsh\u00ebm hedhin mbeturinat inerte n\u00eb kontejner\u00eb"},"content":{"rendered":"\n<p><a target=\"_blank\" href=\"https:\/\/www.linkedin.com\/shareArticle?mini=true&amp;url=https%3A%2F%2Fwww.rtklive.com%2Fsq%2Fnews-single.php%3FID%3D723701\" rel=\"noreferrer noopener\"><\/a><\/p>\n\n\n\n<h2 class=\"wp-block-heading\"><strong>Pran\u00eb kontejner\u00ebve p\u00ebr mbeturina pothuajse n\u00eb secil\u00ebn lagje t\u00eb Prishtin\u00ebs \u00ebsht\u00eb krijuar edhe nj\u00eb vend ilegal p\u00ebr hedhjen e mbeturinave inerte.<\/strong><\/h2>\n\n\n\n<p>\u201cAskund n\u00eb bot\u00eb nuk ka k\u00ebshtu, vet\u00ebm te ne. Vijn\u00eb i heqin me kamion\u00ebt e pastrimit, por prap\u00eb i hedhin, kjo gjendje na pengon shum\u00eb\u201d, ka th\u00ebn\u00eb qytetari.<\/p>\n\n\n\n<p>Nj\u00ebsoj \u00ebsht\u00eb edhe pran\u00eb kompleksit \u201cKurrizi\u201d n\u00eb \u201cDardani\u201d, pas renovimit ato q\u00eb kan\u00eb tepruar jan\u00eb hedhur pran\u00eb kontejner\u00ebve dhe k\u00ebtu do t\u00eb q\u00ebndrojn\u00eb deri sa kompania p\u00ebrgjegj\u00ebse t\u00eb vij\u00eb me makineri t\u00eb ve\u00e7ant\u00eb p\u00ebr t\u2019i larguar.<\/p>\n\n\n\n<p>\u201cNdodh q\u00eb edhe dy muaj rrin\u00eb k\u00ebtu mbeturinat, sepse t\u00eb gjitha k\u00ebto banesa kur b\u00ebjn\u00eb renovime, mbetjet duhet t\u2019i hedhin diku. Sikur t\u00eb na tregonin adres\u00ebn se ku t\u2019i hedhim, ne do t\u2019i \u00e7onim me rregull dhe me \u00e7mim t\u00eb volitsh\u00ebm. Gjat\u00eb ver\u00ebs \u00ebsht\u00eb edhe m\u00eb keq, sepse vjen diaspora dhe mbushet kjo pjes\u00eb me materiale nd\u00ebrtimore\u201d, ka shtuar qytetari tjet\u00ebr.<\/p>\n\n\n\n<p>\u201cKamion\u00ebt vijn\u00eb me rregull, por ato jan\u00eb mbeturina t\u00eb m\u00ebdha dhe nuk mund t\u2019i marr\u00eb kamioni i zakonsh\u00ebm. P\u00ebr to duhet kamion special. Banor\u00ebt vazhdimisht i hedhin dhe ato rrin\u00eb aty nga nj\u00eb muaj\u201d, \u00ebsht\u00eb shprehur qytetari.<\/p>\n\n\n\n<p>Kjo gjendje \u00ebsht\u00eb n\u00eb rrug\u00ebn \u201cMark Isaku\u201d, te lagjja \u201cQafa\u201d n\u00eb Prishtin\u00eb. Ky vend tashm\u00eb \u00ebsht\u00eb b\u00ebr\u00eb hap\u00ebsir\u00eb e zakonshme p\u00ebr hedhjen e dyshek\u00ebve dhe mbeturinave te tjera t\u00eb v\u00ebllimshme. Pran\u00eb k\u00ebsaj deponie t\u00eb krijuar nga vet\u00eb banor\u00ebt, \u00e7do dit\u00eb ka frekuentim t\u00eb madh t\u00eb qytetar\u00ebve.<\/p>\n\n\n\n<p>P\u00ebr hedhjen e mbeturinave inerte t\u00eb kryeqytetit dhe fshatrave t\u00eb tij, komuna e Prishtin\u00ebs e ka p\u00ebrcaktuar k\u00ebt\u00eb lokacion n\u00eb Matiqan, ku edhe banor\u00ebt kan\u00eb t\u00eb drejt\u00eb q\u00eb mbeturinat e m\u00ebdha t?i d\u00ebrgojn\u00eb k\u00ebtu.<\/p>\n","protected":false},"excerpt":{"rendered":"<p>Pran\u00eb kontejner\u00ebve p\u00ebr mbeturina pothuajse n\u00eb secil\u00ebn lagje t\u00eb Prishtin\u00ebs \u00ebsht\u00eb krijuar edhe nj\u00eb vend ilegal p\u00ebr hedhjen e mbeturinave inerte. \u201cAskund n\u00eb bot\u00eb nuk ka k\u00ebshtu, vet\u00ebm te ne. Vijn\u00eb i heqin me kamion\u00ebt e pastrimit, por prap\u00eb i hedhin, kjo gjendje na pengon shum\u00eb\u201d, ka th\u00ebn\u00eb qytetari. Nj\u00ebsoj \u00ebsht\u00eb edhe pran\u00eb kompleksit \u201cKurrizi\u201d [&hellip;]<\/p>\n","protected":false},"author":4,"featured_media":13146,"comment_status":"open","ping_status":"open","sticky":false,"template":"","format":"standard","meta":{"footnotes":""},"categories":[31,30],"tags":[],"class_list":{"0":"post-13145","1":"post","2":"type-post","3":"status-publish","4":"format-standard","5":"has-post-thumbnail","7":"category-kosove","8":"category-lajme"},"yoast_head":"<!-- This site is optimized with the Yoast SEO plugin v27.4 - https:\/\/yoast.com\/product\/yoast-seo-wordpress\/ -->\n<title>Qytetar\u00ebt e pand\u00ebrgjegjsh\u00ebm hedhin mbeturinat inerte n\u00eb kontejner\u00eb - Kosova Times<\/title>\n<meta name=\"robots\" content=\"index, follow, max-snippet:-1, max-image-preview:large, max-video-preview:-1\" \/>\n<link rel=\"canonical\" href=\"https:\/\/kosovatimes.info\/index.php\/2026\/05\/02\/qytetaret-e-pandergjegjshem-hedhin-mbeturinat-inerte-ne-kontejnere\/\" \/>\n<meta property=\"og:locale\" content=\"en_US\" \/>\n<meta property=\"og:type\" content=\"article\" \/>\n<meta property=\"og:title\" content=\"Qytetar\u00ebt e pand\u00ebrgjegjsh\u00ebm hedhin mbeturinat inerte n\u00eb kontejner\u00eb - Kosova Times\" \/>\n<meta property=\"og:description\" content=\"Pran\u00eb kontejner\u00ebve p\u00ebr mbeturina pothuajse n\u00eb secil\u00ebn lagje t\u00eb Prishtin\u00ebs \u00ebsht\u00eb krijuar edhe nj\u00eb vend ilegal p\u00ebr hedhjen e mbeturinave inerte. \u201cAskund n\u00eb bot\u00eb nuk ka k\u00ebshtu, vet\u00ebm te ne. Vijn\u00eb i heqin me kamion\u00ebt e pastrimit, por prap\u00eb i hedhin, kjo gjendje na pengon shum\u00eb\u201d, ka th\u00ebn\u00eb qytetari. Nj\u00ebsoj \u00ebsht\u00eb edhe pran\u00eb kompleksit \u201cKurrizi\u201d [&hellip;]\" \/>\n<meta property=\"og:url\" content=\"https:\/\/kosovatimes.info\/index.php\/2026\/05\/02\/qytetaret-e-pandergjegjshem-hedhin-mbeturinat-inerte-ne-kontejnere\/\" \/>\n<meta property=\"og:site_name\" content=\"Kosova Times\" \/>\n<meta property=\"article:published_time\" content=\"2026-05-02T18:30:00+00:00\" \/>\n<meta property=\"article:modified_time\" content=\"2026-05-02T21:53:40+00:00\" \/>\n<meta property=\"og:image\" content=\"https:\/\/kosovatimes.info\/wp-content\/uploads\/2026\/05\/Mbeturina.jpg\" \/>\n\t<meta property=\"og:image:width\" content=\"780\" \/>\n\t<meta property=\"og:image:height\" content=\"500\" \/>\n\t<meta property=\"og:image:type\" content=\"image\/jpeg\" \/>\n<meta name=\"author\" content=\"i l\" \/>\n<meta name=\"twitter:card\" content=\"summary_large_image\" \/>\n<meta name=\"twitter:label1\" content=\"Written by\" \/>\n\t<meta name=\"twitter:data1\" content=\"i l\" \/>\n\t<meta name=\"twitter:label2\" content=\"Est. reading time\" \/>\n\t<meta name=\"twitter:data2\" content=\"2 minutes\" \/>\n<script type=\"application\/ld+json\" class=\"yoast-schema-graph\">{\"@context\":\"https:\\\/\\\/schema.org\",\"@graph\":[{\"@type\":\"Article\",\"@id\":\"https:\\\/\\\/kosovatimes.info\\\/index.php\\\/2026\\\/05\\\/02\\\/qytetaret-e-pandergjegjshem-hedhin-mbeturinat-inerte-ne-kontejnere\\\/#article\",\"isPartOf\":{\"@id\":\"https:\\\/\\\/kosovatimes.info\\\/index.php\\\/2026\\\/05\\\/02\\\/qytetaret-e-pandergjegjshem-hedhin-mbeturinat-inerte-ne-kontejnere\\\/\"},\"author\":{\"name\":\"i l\",\"@id\":\"https:\\\/\\\/kosovatimes.info\\\/#\\\/schema\\\/person\\\/7586712b9c512fe68085de007378c915\"},\"headline\":\"Qytetar\u00ebt e pand\u00ebrgjegjsh\u00ebm hedhin mbeturinat inerte n\u00eb kontejner\u00eb\",\"datePublished\":\"2026-05-02T18:30:00+00:00\",\"dateModified\":\"2026-05-02T21:53:40+00:00\",\"mainEntityOfPage\":{\"@id\":\"https:\\\/\\\/kosovatimes.info\\\/index.php\\\/2026\\\/05\\\/02\\\/qytetaret-e-pandergjegjshem-hedhin-mbeturinat-inerte-ne-kontejnere\\\/\"},\"wordCount\":327,\"commentCount\":0,\"image\":{\"@id\":\"https:\\\/\\\/kosovatimes.info\\\/index.php\\\/2026\\\/05\\\/02\\\/qytetaret-e-pandergjegjshem-hedhin-mbeturinat-inerte-ne-kontejnere\\\/#primaryimage\"},\"thumbnailUrl\":\"https:\\\/\\\/kosovatimes.info\\\/wp-content\\\/uploads\\\/2026\\\/05\\\/Mbeturina.jpg\",\"articleSection\":[\"Kosov\u00eb\",\"Lajme\"],\"inLanguage\":\"en-US\",\"potentialAction\":[{\"@type\":\"CommentAction\",\"name\":\"Comment\",\"target\":[\"https:\\\/\\\/kosovatimes.info\\\/index.php\\\/2026\\\/05\\\/02\\\/qytetaret-e-pandergjegjshem-hedhin-mbeturinat-inerte-ne-kontejnere\\\/#respond\"]}]},{\"@type\":\"WebPage\",\"@id\":\"https:\\\/\\\/kosovatimes.info\\\/index.php\\\/2026\\\/05\\\/02\\\/qytetaret-e-pandergjegjshem-hedhin-mbeturinat-inerte-ne-kontejnere\\\/\",\"url\":\"https:\\\/\\\/kosovatimes.info\\\/index.php\\\/2026\\\/05\\\/02\\\/qytetaret-e-pandergjegjshem-hedhin-mbeturinat-inerte-ne-kontejnere\\\/\",\"name\":\"Qytetar\u00ebt e pand\u00ebrgjegjsh\u00ebm hedhin mbeturinat inerte n\u00eb kontejner\u00eb - Kosova Times\",\"isPartOf\":{\"@id\":\"https:\\\/\\\/kosovatimes.info\\\/#website\"},\"primaryImageOfPage\":{\"@id\":\"https:\\\/\\\/kosovatimes.info\\\/index.php\\\/2026\\\/05\\\/02\\\/qytetaret-e-pandergjegjshem-hedhin-mbeturinat-inerte-ne-kontejnere\\\/#primaryimage\"},\"image\":{\"@id\":\"https:\\\/\\\/kosovatimes.info\\\/index.php\\\/2026\\\/05\\\/02\\\/qytetaret-e-pandergjegjshem-hedhin-mbeturinat-inerte-ne-kontejnere\\\/#primaryimage\"},\"thumbnailUrl\":\"https:\\\/\\\/kosovatimes.info\\\/wp-content\\\/uploads\\\/2026\\\/05\\\/Mbeturina.jpg\",\"datePublished\":\"2026-05-02T18:30:00+00:00\",\"dateModified\":\"2026-05-02T21:53:40+00:00\",\"author\":{\"@id\":\"https:\\\/\\\/kosovatimes.info\\\/#\\\/schema\\\/person\\\/7586712b9c512fe68085de007378c915\"},\"breadcrumb\":{\"@id\":\"https:\\\/\\\/kosovatimes.info\\\/index.php\\\/2026\\\/05\\\/02\\\/qytetaret-e-pandergjegjshem-hedhin-mbeturinat-inerte-ne-kontejnere\\\/#breadcrumb\"},\"inLanguage\":\"en-US\",\"potentialAction\":[{\"@type\":\"ReadAction\",\"target\":[\"https:\\\/\\\/kosovatimes.info\\\/index.php\\\/2026\\\/05\\\/02\\\/qytetaret-e-pandergjegjshem-hedhin-mbeturinat-inerte-ne-kontejnere\\\/\"]}]},{\"@type\":\"ImageObject\",\"inLanguage\":\"en-US\",\"@id\":\"https:\\\/\\\/kosovatimes.info\\\/index.php\\\/2026\\\/05\\\/02\\\/qytetaret-e-pandergjegjshem-hedhin-mbeturinat-inerte-ne-kontejnere\\\/#primaryimage\",\"url\":\"https:\\\/\\\/kosovatimes.info\\\/wp-content\\\/uploads\\\/2026\\\/05\\\/Mbeturina.jpg\",\"contentUrl\":\"https:\\\/\\\/kosovatimes.info\\\/wp-content\\\/uploads\\\/2026\\\/05\\\/Mbeturina.jpg\",\"width\":780,\"height\":500},{\"@type\":\"BreadcrumbList\",\"@id\":\"https:\\\/\\\/kosovatimes.info\\\/index.php\\\/2026\\\/05\\\/02\\\/qytetaret-e-pandergjegjshem-hedhin-mbeturinat-inerte-ne-kontejnere\\\/#breadcrumb\",\"itemListElement\":[{\"@type\":\"ListItem\",\"position\":1,\"name\":\"Home\",\"item\":\"https:\\\/\\\/kosovatimes.info\\\/\"},{\"@type\":\"ListItem\",\"position\":2,\"name\":\"Qytetar\u00ebt e pand\u00ebrgjegjsh\u00ebm hedhin mbeturinat inerte n\u00eb kontejner\u00eb\"}]},{\"@type\":\"WebSite\",\"@id\":\"https:\\\/\\\/kosovatimes.info\\\/#website\",\"url\":\"https:\\\/\\\/kosovatimes.info\\\/\",\"name\":\"Kosova Times\",\"description\":\"\",\"potentialAction\":[{\"@type\":\"SearchAction\",\"target\":{\"@type\":\"EntryPoint\",\"urlTemplate\":\"https:\\\/\\\/kosovatimes.info\\\/?s={search_term_string}\"},\"query-input\":{\"@type\":\"PropertyValueSpecification\",\"valueRequired\":true,\"valueName\":\"search_term_string\"}}],\"inLanguage\":\"en-US\"},{\"@type\":\"Person\",\"@id\":\"https:\\\/\\\/kosovatimes.info\\\/#\\\/schema\\\/person\\\/7586712b9c512fe68085de007378c915\",\"name\":\"i l\",\"image\":{\"@type\":\"ImageObject\",\"inLanguage\":\"en-US\",\"@id\":\"https:\\\/\\\/secure.gravatar.com\\\/avatar\\\/bad9296e02816160ae2e2435beda58222022298d5625d49fea74d18816fbb31d?s=96&d=mm&r=g\",\"url\":\"https:\\\/\\\/secure.gravatar.com\\\/avatar\\\/bad9296e02816160ae2e2435beda58222022298d5625d49fea74d18816fbb31d?s=96&d=mm&r=g\",\"contentUrl\":\"https:\\\/\\\/secure.gravatar.com\\\/avatar\\\/bad9296e02816160ae2e2435beda58222022298d5625d49fea74d18816fbb31d?s=96&d=mm&r=g\",\"caption\":\"i l\"},\"url\":\"https:\\\/\\\/kosovatimes.info\\\/index.php\\\/author\\\/iliri\\\/\"}]}<\/script>\n<!-- \/ Yoast SEO plugin. -->","yoast_head_json":{"title":"Qytetar\u00ebt e pand\u00ebrgjegjsh\u00ebm hedhin mbeturinat inerte n\u00eb kontejner\u00eb - Kosova Times","robots":{"index":"index","follow":"follow","max-snippet":"max-snippet:-1","max-image-preview":"max-image-preview:large","max-video-preview":"max-video-preview:-1"},"canonical":"https:\/\/kosovatimes.info\/index.php\/2026\/05\/02\/qytetaret-e-pandergjegjshem-hedhin-mbeturinat-inerte-ne-kontejnere\/","og_locale":"en_US","og_type":"article","og_title":"Qytetar\u00ebt e pand\u00ebrgjegjsh\u00ebm hedhin mbeturinat inerte n\u00eb kontejner\u00eb - Kosova Times","og_description":"Pran\u00eb kontejner\u00ebve p\u00ebr mbeturina pothuajse n\u00eb secil\u00ebn lagje t\u00eb Prishtin\u00ebs \u00ebsht\u00eb krijuar edhe nj\u00eb vend ilegal p\u00ebr hedhjen e mbeturinave inerte. \u201cAskund n\u00eb bot\u00eb nuk ka k\u00ebshtu, vet\u00ebm te ne. Vijn\u00eb i heqin me kamion\u00ebt e pastrimit, por prap\u00eb i hedhin, kjo gjendje na pengon shum\u00eb\u201d, ka th\u00ebn\u00eb qytetari. Nj\u00ebsoj \u00ebsht\u00eb edhe pran\u00eb kompleksit \u201cKurrizi\u201d [&hellip;]","og_url":"https:\/\/kosovatimes.info\/index.php\/2026\/05\/02\/qytetaret-e-pandergjegjshem-hedhin-mbeturinat-inerte-ne-kontejnere\/","og_site_name":"Kosova Times","article_published_time":"2026-05-02T18:30:00+00:00","article_modified_time":"2026-05-02T21:53:40+00:00","og_image":[{"width":780,"height":500,"url":"https:\/\/kosovatimes.info\/wp-content\/uploads\/2026\/05\/Mbeturina.jpg","type":"image\/jpeg"}],"author":"i l","twitter_card":"summary_large_image","twitter_misc":{"Written by":"i l","Est. reading time":"2 minutes"},"schema":{"@context":"https:\/\/schema.org","@graph":[{"@type":"Article","@id":"https:\/\/kosovatimes.info\/index.php\/2026\/05\/02\/qytetaret-e-pandergjegjshem-hedhin-mbeturinat-inerte-ne-kontejnere\/#article","isPartOf":{"@id":"https:\/\/kosovatimes.info\/index.php\/2026\/05\/02\/qytetaret-e-pandergjegjshem-hedhin-mbeturinat-inerte-ne-kontejnere\/"},"author":{"name":"i l","@id":"https:\/\/kosovatimes.info\/#\/schema\/person\/7586712b9c512fe68085de007378c915"},"headline":"Qytetar\u00ebt e pand\u00ebrgjegjsh\u00ebm hedhin mbeturinat inerte n\u00eb kontejner\u00eb","datePublished":"2026-05-02T18:30:00+00:00","dateModified":"2026-05-02T21:53:40+00:00","mainEntityOfPage":{"@id":"https:\/\/kosovatimes.info\/index.php\/2026\/05\/02\/qytetaret-e-pandergjegjshem-hedhin-mbeturinat-inerte-ne-kontejnere\/"},"wordCount":327,"commentCount":0,"image":{"@id":"https:\/\/kosovatimes.info\/index.php\/2026\/05\/02\/qytetaret-e-pandergjegjshem-hedhin-mbeturinat-inerte-ne-kontejnere\/#primaryimage"},"thumbnailUrl":"https:\/\/kosovatimes.info\/wp-content\/uploads\/2026\/05\/Mbeturina.jpg","articleSection":["Kosov\u00eb","Lajme"],"inLanguage":"en-US","potentialAction":[{"@type":"CommentAction","name":"Comment","target":["https:\/\/kosovatimes.info\/index.php\/2026\/05\/02\/qytetaret-e-pandergjegjshem-hedhin-mbeturinat-inerte-ne-kontejnere\/#respond"]}]},{"@type":"WebPage","@id":"https:\/\/kosovatimes.info\/index.php\/2026\/05\/02\/qytetaret-e-pandergjegjshem-hedhin-mbeturinat-inerte-ne-kontejnere\/","url":"https:\/\/kosovatimes.info\/index.php\/2026\/05\/02\/qytetaret-e-pandergjegjshem-hedhin-mbeturinat-inerte-ne-kontejnere\/","name":"Qytetar\u00ebt e pand\u00ebrgjegjsh\u00ebm hedhin mbeturinat inerte n\u00eb kontejner\u00eb - Kosova Times","isPartOf":{"@id":"https:\/\/kosovatimes.info\/#website"},"primaryImageOfPage":{"@id":"https:\/\/kosovatimes.info\/index.php\/2026\/05\/02\/qytetaret-e-pandergjegjshem-hedhin-mbeturinat-inerte-ne-kontejnere\/#primaryimage"},"image":{"@id":"https:\/\/kosovatimes.info\/index.php\/2026\/05\/02\/qytetaret-e-pandergjegjshem-hedhin-mbeturinat-inerte-ne-kontejnere\/#primaryimage"},"thumbnailUrl":"https:\/\/kosovatimes.info\/wp-content\/uploads\/2026\/05\/Mbeturina.jpg","datePublished":"2026-05-02T18:30:00+00:00","dateModified":"2026-05-02T21:53:40+00:00","author":{"@id":"https:\/\/kosovatimes.info\/#\/schema\/person\/7586712b9c512fe68085de007378c915"},"breadcrumb":{"@id":"https:\/\/kosovatimes.info\/index.php\/2026\/05\/02\/qytetaret-e-pandergjegjshem-hedhin-mbeturinat-inerte-ne-kontejnere\/#breadcrumb"},"inLanguage":"en-US","potentialAction":[{"@type":"ReadAction","target":["https:\/\/kosovatimes.info\/index.php\/2026\/05\/02\/qytetaret-e-pandergjegjshem-hedhin-mbeturinat-inerte-ne-kontejnere\/"]}]},{"@type":"ImageObject","inLanguage":"en-US","@id":"https:\/\/kosovatimes.info\/index.php\/2026\/05\/02\/qytetaret-e-pandergjegjshem-hedhin-mbeturinat-inerte-ne-kontejnere\/#primaryimage","url":"https:\/\/kosovatimes.info\/wp-content\/uploads\/2026\/05\/Mbeturina.jpg","contentUrl":"https:\/\/kosovatimes.info\/wp-content\/uploads\/2026\/05\/Mbeturina.jpg","width":780,"height":500},{"@type":"BreadcrumbList","@id":"https:\/\/kosovatimes.info\/index.php\/2026\/05\/02\/qytetaret-e-pandergjegjshem-hedhin-mbeturinat-inerte-ne-kontejnere\/#breadcrumb","itemListElement":[{"@type":"ListItem","position":1,"name":"Home","item":"https:\/\/kosovatimes.info\/"},{"@type":"ListItem","position":2,"name":"Qytetar\u00ebt e pand\u00ebrgjegjsh\u00ebm hedhin mbeturinat inerte n\u00eb kontejner\u00eb"}]},{"@type":"WebSite","@id":"https:\/\/kosovatimes.info\/#website","url":"https:\/\/kosovatimes.info\/","name":"Kosova Times","description":"","potentialAction":[{"@type":"SearchAction","target":{"@type":"EntryPoint","urlTemplate":"https:\/\/kosovatimes.info\/?s={search_term_string}"},"query-input":{"@type":"PropertyValueSpecification","valueRequired":true,"valueName":"search_term_string"}}],"inLanguage":"en-US"},{"@type":"Person","@id":"https:\/\/kosovatimes.info\/#\/schema\/person\/7586712b9c512fe68085de007378c915","name":"i l","image":{"@type":"ImageObject","inLanguage":"en-US","@id":"https:\/\/secure.gravatar.com\/avatar\/bad9296e02816160ae2e2435beda58222022298d5625d49fea74d18816fbb31d?s=96&d=mm&r=g","url":"https:\/\/secure.gravatar.com\/avatar\/bad9296e02816160ae2e2435beda58222022298d5625d49fea74d18816fbb31d?s=96&d=mm&r=g","contentUrl":"https:\/\/secure.gravatar.com\/avatar\/bad9296e02816160ae2e2435beda58222022298d5625d49fea74d18816fbb31d?s=96&d=mm&r=g","caption":"i l"},"url":"https:\/\/kosovatimes.info\/index.php\/author\/iliri\/"}]}},"_links":{"self":[{"href":"https:\/\/kosovatimes.info\/index.php\/wp-json\/wp\/v2\/posts\/13145","targetHints":{"allow":["GET"]}}],"collection":[{"href":"https:\/\/kosovatimes.info\/index.php\/wp-json\/wp\/v2\/posts"}],"about":[{"href":"https:\/\/kosovatimes.info\/index.php\/wp-json\/wp\/v2\/types\/post"}],"author":[{"embeddable":true,"href":"https:\/\/kosovatimes.info\/index.php\/wp-json\/wp\/v2\/users\/4"}],"replies":[{"embeddable":true,"href":"https:\/\/kosovatimes.info\/index.php\/wp-json\/wp\/v2\/comments?post=13145"}],"version-history":[{"count":1,"href":"https:\/\/kosovatimes.info\/index.php\/wp-json\/wp\/v2\/posts\/13145\/revisions"}],"predecessor-version":[{"id":13147,"href":"https:\/\/kosovatimes.info\/index.php\/wp-json\/wp\/v2\/posts\/13145\/revisions\/13147"}],"wp:featuredmedia":[{"embeddable":true,"href":"https:\/\/kosovatimes.info\/index.php\/wp-json\/wp\/v2\/media\/13146"}],"wp:attachment":[{"href":"https:\/\/kosovatimes.info\/index.php\/wp-json\/wp\/v2\/media?parent=13145"}],"wp:term":[{"taxonomy":"category","embeddable":true,"href":"https:\/\/kosovatimes.info\/index.php\/wp-json\/wp\/v2\/categories?post=13145"},{"taxonomy":"post_tag","embeddable":true,"href":"https:\/\/kosovatimes.info\/index.php\/wp-json\/wp\/v2\/tags?post=13145"}],"curies":[{"name":"wp","href":"https:\/\/api.w.org\/{rel}","templated":true}]}}