{"id":13158,"date":"2026-05-03T00:01:32","date_gmt":"2026-05-02T22:01:32","guid":{"rendered":"https:\/\/kosovatimes.info\/?p=13158"},"modified":"2026-05-03T00:01:35","modified_gmt":"2026-05-02T22:01:35","slug":"laureatja-iraniane-e-cmimit-nobel-ne-prag-te-vdekjes-jeta-e-saj-eshte-ne-duart-e-iranit-lirojeni-para-se-te-jete-teper-vone","status":"publish","type":"post","link":"https:\/\/kosovatimes.info\/index.php\/2026\/05\/03\/laureatja-iraniane-e-cmimit-nobel-ne-prag-te-vdekjes-jeta-e-saj-eshte-ne-duart-e-iranit-lirojeni-para-se-te-jete-teper-vone\/","title":{"rendered":"Laureatja iraniane e \u00c7mimit Nobel n\u00eb prag t\u00eb vdekjes: &#8216;Jeta e saj \u00ebsht\u00eb n\u00eb duart e Iranit, lirojeni para se t\u00eb jet\u00eb tep\u00ebr von\u00eb&#8217;"},"content":{"rendered":"\n<p>Kreu i Komitetit Norvegjez t\u00eb \u00c7mimit Nobel tha t\u00eb shtun\u00ebn se jeta e laureates s\u00eb burgosur t\u00eb \u00c7mimit Nobel p\u00ebr Paqen,&nbsp;<strong>Narges Mohammadi,<\/strong>&nbsp;\u00ebsht\u00eb n\u00eb duart e autoriteteve iraniane pasi sh\u00ebndeti i saj u &#8220;p\u00ebrkeq\u00ebsua r\u00ebnd\u00eb&#8221; dhe b\u00ebri thirrje p\u00ebr lirimin e saj dhe dor\u00ebzimin te ekipi i saj mjek\u00ebsor.<\/p>\n\n\n\n<p>Mohammadi u transferua nga burgu n\u00eb spital t\u00eb premten pas nj\u00eb \u201cp\u00ebrkeq\u00ebsimi katastrofik t\u00eb sh\u00ebndetit t\u00eb saj, duke p\u00ebrfshir\u00eb dy episode humbjeje t\u00eb plot\u00eb t\u00eb vet\u00ebdijes dhe nj\u00eb atak t\u00eb r\u00ebnd\u00eb n\u00eb zem\u00ebr\u201d, tha fondacioni i drejtuar nga familja e saj.<\/p>\n\n\n\n<p>Fondacioni Narges Mohammadi tha se transferimi ishte nj\u00eb domosdoshm\u00ebri pasi mjek\u00ebt e burgut p\u00ebrcaktuan se gjendja e saj nuk mund t\u00eb trajtohej &#8216;n\u00eb vend&#8217;.Mohammadi, e cila ishte n\u00eb t\u00eb 50-at dhe fitoi \u00c7mimin Nobel p\u00ebr Paqen p\u00ebr p\u00ebrpjekjet e saj p\u00ebr t\u00eb p\u00ebrmir\u00ebsuar t\u00eb drejtat e grave dhe p\u00ebr t\u00eb hequr d\u00ebnimin me vdekje n\u00eb Iran, dyshohet se ka p\u00ebsuar nj\u00eb atak n\u00eb zem\u00ebr n\u00eb fund t\u00eb marsit, tha familja e saj.<\/p>\n\n\n\n<p>T\u00eb shtun\u00ebn, fondacioni tha se laureatja e \u00c7mimit Nobel ishte n\u00eb gjendje t\u00eb paq\u00ebndrueshme dhe po merrte oksigjen. Fondacioni b\u00ebri thirrje p\u00ebr transferimin e saj n\u00eb nj\u00eb spital n\u00eb Teheran.<\/p>\n\n\n\n<p>Reuters nuk mundi ta konfirmonte n\u00eb m\u00ebnyr\u00eb t\u00eb pavarur gjendjen e saj.<strong>Joergen Watne Frydnes<\/strong>\u00a0, kryetar i Komitetit Norvegjez t\u00eb \u00c7mimit Nobel q\u00eb jep \u00c7mimin Nobel p\u00ebr Paqen, tha se autoritetet iraniane duhet ta lirojn\u00eb Mohammadin dhe t&#8217;ia l\u00ebn\u00eb ekipit t\u00eb saj mjek\u00ebsor p\u00ebr trajtim urgjent, sepse jeta e saj \u00ebsht\u00eb n\u00eb rrezik.<\/p>\n","protected":false},"excerpt":{"rendered":"<p>Kreu i Komitetit Norvegjez t\u00eb \u00c7mimit Nobel tha t\u00eb shtun\u00ebn se jeta e laureates s\u00eb burgosur t\u00eb \u00c7mimit Nobel p\u00ebr Paqen,&nbsp;Narges Mohammadi,&nbsp;\u00ebsht\u00eb n\u00eb duart e autoriteteve iraniane pasi sh\u00ebndeti i saj u &#8220;p\u00ebrkeq\u00ebsua r\u00ebnd\u00eb&#8221; dhe b\u00ebri thirrje p\u00ebr lirimin e saj dhe dor\u00ebzimin te ekipi i saj mjek\u00ebsor. Mohammadi u transferua nga burgu n\u00eb spital [&hellip;]<\/p>\n","protected":false},"author":4,"featured_media":13159,"comment_status":"open","ping_status":"open","sticky":false,"template":"","format":"standard","meta":{"footnotes":""},"categories":[33,30],"tags":[],"class_list":{"0":"post-13158","1":"post","2":"type-post","3":"status-publish","4":"format-standard","5":"has-post-thumbnail","7":"category-bote","8":"category-lajme"},"yoast_head":"<!-- This site is optimized with the Yoast SEO plugin v27.4 - https:\/\/yoast.com\/product\/yoast-seo-wordpress\/ -->\n<title>Laureatja iraniane e \u00c7mimit Nobel n\u00eb prag t\u00eb vdekjes: &#039;Jeta e saj \u00ebsht\u00eb n\u00eb duart e Iranit, lirojeni para se t\u00eb jet\u00eb tep\u00ebr von\u00eb&#039; - Kosova Times<\/title>\n<meta name=\"robots\" content=\"index, follow, max-snippet:-1, max-image-preview:large, max-video-preview:-1\" \/>\n<link rel=\"canonical\" href=\"https:\/\/kosovatimes.info\/index.php\/2026\/05\/03\/laureatja-iraniane-e-cmimit-nobel-ne-prag-te-vdekjes-jeta-e-saj-eshte-ne-duart-e-iranit-lirojeni-para-se-te-jete-teper-vone\/\" \/>\n<meta property=\"og:locale\" content=\"en_US\" \/>\n<meta property=\"og:type\" content=\"article\" \/>\n<meta property=\"og:title\" content=\"Laureatja iraniane e \u00c7mimit Nobel n\u00eb prag t\u00eb vdekjes: &#039;Jeta e saj \u00ebsht\u00eb n\u00eb duart e Iranit, lirojeni para se t\u00eb jet\u00eb tep\u00ebr von\u00eb&#039; - Kosova Times\" \/>\n<meta property=\"og:description\" content=\"Kreu i Komitetit Norvegjez t\u00eb \u00c7mimit Nobel tha t\u00eb shtun\u00ebn se jeta e laureates s\u00eb burgosur t\u00eb \u00c7mimit Nobel p\u00ebr Paqen,&nbsp;Narges Mohammadi,&nbsp;\u00ebsht\u00eb n\u00eb duart e autoriteteve iraniane pasi sh\u00ebndeti i saj u &#8220;p\u00ebrkeq\u00ebsua r\u00ebnd\u00eb&#8221; dhe b\u00ebri thirrje p\u00ebr lirimin e saj dhe dor\u00ebzimin te ekipi i saj mjek\u00ebsor. Mohammadi u transferua nga burgu n\u00eb spital [&hellip;]\" \/>\n<meta property=\"og:url\" content=\"https:\/\/kosovatimes.info\/index.php\/2026\/05\/03\/laureatja-iraniane-e-cmimit-nobel-ne-prag-te-vdekjes-jeta-e-saj-eshte-ne-duart-e-iranit-lirojeni-para-se-te-jete-teper-vone\/\" \/>\n<meta property=\"og:site_name\" content=\"Kosova Times\" \/>\n<meta property=\"article:published_time\" content=\"2026-05-02T22:01:32+00:00\" \/>\n<meta property=\"article:modified_time\" content=\"2026-05-02T22:01:35+00:00\" \/>\n<meta property=\"og:image\" content=\"https:\/\/kosovatimes.info\/wp-content\/uploads\/2026\/05\/Nrges.jpg\" \/>\n\t<meta property=\"og:image:width\" content=\"1280\" \/>\n\t<meta property=\"og:image:height\" content=\"670\" \/>\n\t<meta property=\"og:image:type\" content=\"image\/jpeg\" \/>\n<meta name=\"author\" content=\"i l\" \/>\n<meta name=\"twitter:card\" content=\"summary_large_image\" \/>\n<meta name=\"twitter:label1\" content=\"Written by\" \/>\n\t<meta name=\"twitter:data1\" content=\"i l\" \/>\n\t<meta name=\"twitter:label2\" content=\"Est. reading time\" \/>\n\t<meta name=\"twitter:data2\" content=\"2 minutes\" \/>\n<script type=\"application\/ld+json\" class=\"yoast-schema-graph\">{\"@context\":\"https:\\\/\\\/schema.org\",\"@graph\":[{\"@type\":\"Article\",\"@id\":\"https:\\\/\\\/kosovatimes.info\\\/index.php\\\/2026\\\/05\\\/03\\\/laureatja-iraniane-e-cmimit-nobel-ne-prag-te-vdekjes-jeta-e-saj-eshte-ne-duart-e-iranit-lirojeni-para-se-te-jete-teper-vone\\\/#article\",\"isPartOf\":{\"@id\":\"https:\\\/\\\/kosovatimes.info\\\/index.php\\\/2026\\\/05\\\/03\\\/laureatja-iraniane-e-cmimit-nobel-ne-prag-te-vdekjes-jeta-e-saj-eshte-ne-duart-e-iranit-lirojeni-para-se-te-jete-teper-vone\\\/\"},\"author\":{\"name\":\"i l\",\"@id\":\"https:\\\/\\\/kosovatimes.info\\\/#\\\/schema\\\/person\\\/7586712b9c512fe68085de007378c915\"},\"headline\":\"Laureatja iraniane e \u00c7mimit Nobel n\u00eb prag t\u00eb vdekjes: &#8216;Jeta e saj \u00ebsht\u00eb n\u00eb duart e Iranit, lirojeni para se t\u00eb jet\u00eb tep\u00ebr von\u00eb&#8217;\",\"datePublished\":\"2026-05-02T22:01:32+00:00\",\"dateModified\":\"2026-05-02T22:01:35+00:00\",\"mainEntityOfPage\":{\"@id\":\"https:\\\/\\\/kosovatimes.info\\\/index.php\\\/2026\\\/05\\\/03\\\/laureatja-iraniane-e-cmimit-nobel-ne-prag-te-vdekjes-jeta-e-saj-eshte-ne-duart-e-iranit-lirojeni-para-se-te-jete-teper-vone\\\/\"},\"wordCount\":314,\"commentCount\":0,\"image\":{\"@id\":\"https:\\\/\\\/kosovatimes.info\\\/index.php\\\/2026\\\/05\\\/03\\\/laureatja-iraniane-e-cmimit-nobel-ne-prag-te-vdekjes-jeta-e-saj-eshte-ne-duart-e-iranit-lirojeni-para-se-te-jete-teper-vone\\\/#primaryimage\"},\"thumbnailUrl\":\"https:\\\/\\\/kosovatimes.info\\\/wp-content\\\/uploads\\\/2026\\\/05\\\/Nrges.jpg\",\"articleSection\":[\"Bot\u00eb\",\"Lajme\"],\"inLanguage\":\"en-US\",\"potentialAction\":[{\"@type\":\"CommentAction\",\"name\":\"Comment\",\"target\":[\"https:\\\/\\\/kosovatimes.info\\\/index.php\\\/2026\\\/05\\\/03\\\/laureatja-iraniane-e-cmimit-nobel-ne-prag-te-vdekjes-jeta-e-saj-eshte-ne-duart-e-iranit-lirojeni-para-se-te-jete-teper-vone\\\/#respond\"]}]},{\"@type\":\"WebPage\",\"@id\":\"https:\\\/\\\/kosovatimes.info\\\/index.php\\\/2026\\\/05\\\/03\\\/laureatja-iraniane-e-cmimit-nobel-ne-prag-te-vdekjes-jeta-e-saj-eshte-ne-duart-e-iranit-lirojeni-para-se-te-jete-teper-vone\\\/\",\"url\":\"https:\\\/\\\/kosovatimes.info\\\/index.php\\\/2026\\\/05\\\/03\\\/laureatja-iraniane-e-cmimit-nobel-ne-prag-te-vdekjes-jeta-e-saj-eshte-ne-duart-e-iranit-lirojeni-para-se-te-jete-teper-vone\\\/\",\"name\":\"Laureatja iraniane e \u00c7mimit Nobel n\u00eb prag t\u00eb vdekjes: 'Jeta e saj \u00ebsht\u00eb n\u00eb duart e Iranit, lirojeni para se t\u00eb jet\u00eb tep\u00ebr von\u00eb' - Kosova Times\",\"isPartOf\":{\"@id\":\"https:\\\/\\\/kosovatimes.info\\\/#website\"},\"primaryImageOfPage\":{\"@id\":\"https:\\\/\\\/kosovatimes.info\\\/index.php\\\/2026\\\/05\\\/03\\\/laureatja-iraniane-e-cmimit-nobel-ne-prag-te-vdekjes-jeta-e-saj-eshte-ne-duart-e-iranit-lirojeni-para-se-te-jete-teper-vone\\\/#primaryimage\"},\"image\":{\"@id\":\"https:\\\/\\\/kosovatimes.info\\\/index.php\\\/2026\\\/05\\\/03\\\/laureatja-iraniane-e-cmimit-nobel-ne-prag-te-vdekjes-jeta-e-saj-eshte-ne-duart-e-iranit-lirojeni-para-se-te-jete-teper-vone\\\/#primaryimage\"},\"thumbnailUrl\":\"https:\\\/\\\/kosovatimes.info\\\/wp-content\\\/uploads\\\/2026\\\/05\\\/Nrges.jpg\",\"datePublished\":\"2026-05-02T22:01:32+00:00\",\"dateModified\":\"2026-05-02T22:01:35+00:00\",\"author\":{\"@id\":\"https:\\\/\\\/kosovatimes.info\\\/#\\\/schema\\\/person\\\/7586712b9c512fe68085de007378c915\"},\"breadcrumb\":{\"@id\":\"https:\\\/\\\/kosovatimes.info\\\/index.php\\\/2026\\\/05\\\/03\\\/laureatja-iraniane-e-cmimit-nobel-ne-prag-te-vdekjes-jeta-e-saj-eshte-ne-duart-e-iranit-lirojeni-para-se-te-jete-teper-vone\\\/#breadcrumb\"},\"inLanguage\":\"en-US\",\"potentialAction\":[{\"@type\":\"ReadAction\",\"target\":[\"https:\\\/\\\/kosovatimes.info\\\/index.php\\\/2026\\\/05\\\/03\\\/laureatja-iraniane-e-cmimit-nobel-ne-prag-te-vdekjes-jeta-e-saj-eshte-ne-duart-e-iranit-lirojeni-para-se-te-jete-teper-vone\\\/\"]}]},{\"@type\":\"ImageObject\",\"inLanguage\":\"en-US\",\"@id\":\"https:\\\/\\\/kosovatimes.info\\\/index.php\\\/2026\\\/05\\\/03\\\/laureatja-iraniane-e-cmimit-nobel-ne-prag-te-vdekjes-jeta-e-saj-eshte-ne-duart-e-iranit-lirojeni-para-se-te-jete-teper-vone\\\/#primaryimage\",\"url\":\"https:\\\/\\\/kosovatimes.info\\\/wp-content\\\/uploads\\\/2026\\\/05\\\/Nrges.jpg\",\"contentUrl\":\"https:\\\/\\\/kosovatimes.info\\\/wp-content\\\/uploads\\\/2026\\\/05\\\/Nrges.jpg\",\"width\":1280,\"height\":670},{\"@type\":\"BreadcrumbList\",\"@id\":\"https:\\\/\\\/kosovatimes.info\\\/index.php\\\/2026\\\/05\\\/03\\\/laureatja-iraniane-e-cmimit-nobel-ne-prag-te-vdekjes-jeta-e-saj-eshte-ne-duart-e-iranit-lirojeni-para-se-te-jete-teper-vone\\\/#breadcrumb\",\"itemListElement\":[{\"@type\":\"ListItem\",\"position\":1,\"name\":\"Home\",\"item\":\"https:\\\/\\\/kosovatimes.info\\\/\"},{\"@type\":\"ListItem\",\"position\":2,\"name\":\"Laureatja iraniane e \u00c7mimit Nobel n\u00eb prag t\u00eb vdekjes: &#8216;Jeta e saj \u00ebsht\u00eb n\u00eb duart e Iranit, lirojeni para se t\u00eb jet\u00eb tep\u00ebr von\u00eb&#8217;\"}]},{\"@type\":\"WebSite\",\"@id\":\"https:\\\/\\\/kosovatimes.info\\\/#website\",\"url\":\"https:\\\/\\\/kosovatimes.info\\\/\",\"name\":\"Kosova Times\",\"description\":\"\",\"potentialAction\":[{\"@type\":\"SearchAction\",\"target\":{\"@type\":\"EntryPoint\",\"urlTemplate\":\"https:\\\/\\\/kosovatimes.info\\\/?s={search_term_string}\"},\"query-input\":{\"@type\":\"PropertyValueSpecification\",\"valueRequired\":true,\"valueName\":\"search_term_string\"}}],\"inLanguage\":\"en-US\"},{\"@type\":\"Person\",\"@id\":\"https:\\\/\\\/kosovatimes.info\\\/#\\\/schema\\\/person\\\/7586712b9c512fe68085de007378c915\",\"name\":\"i l\",\"image\":{\"@type\":\"ImageObject\",\"inLanguage\":\"en-US\",\"@id\":\"https:\\\/\\\/secure.gravatar.com\\\/avatar\\\/bad9296e02816160ae2e2435beda58222022298d5625d49fea74d18816fbb31d?s=96&d=mm&r=g\",\"url\":\"https:\\\/\\\/secure.gravatar.com\\\/avatar\\\/bad9296e02816160ae2e2435beda58222022298d5625d49fea74d18816fbb31d?s=96&d=mm&r=g\",\"contentUrl\":\"https:\\\/\\\/secure.gravatar.com\\\/avatar\\\/bad9296e02816160ae2e2435beda58222022298d5625d49fea74d18816fbb31d?s=96&d=mm&r=g\",\"caption\":\"i l\"},\"url\":\"https:\\\/\\\/kosovatimes.info\\\/index.php\\\/author\\\/iliri\\\/\"}]}<\/script>\n<!-- \/ Yoast SEO plugin. -->","yoast_head_json":{"title":"Laureatja iraniane e \u00c7mimit Nobel n\u00eb prag t\u00eb vdekjes: 'Jeta e saj \u00ebsht\u00eb n\u00eb duart e Iranit, lirojeni para se t\u00eb jet\u00eb tep\u00ebr von\u00eb' - Kosova Times","robots":{"index":"index","follow":"follow","max-snippet":"max-snippet:-1","max-image-preview":"max-image-preview:large","max-video-preview":"max-video-preview:-1"},"canonical":"https:\/\/kosovatimes.info\/index.php\/2026\/05\/03\/laureatja-iraniane-e-cmimit-nobel-ne-prag-te-vdekjes-jeta-e-saj-eshte-ne-duart-e-iranit-lirojeni-para-se-te-jete-teper-vone\/","og_locale":"en_US","og_type":"article","og_title":"Laureatja iraniane e \u00c7mimit Nobel n\u00eb prag t\u00eb vdekjes: 'Jeta e saj \u00ebsht\u00eb n\u00eb duart e Iranit, lirojeni para se t\u00eb jet\u00eb tep\u00ebr von\u00eb' - Kosova Times","og_description":"Kreu i Komitetit Norvegjez t\u00eb \u00c7mimit Nobel tha t\u00eb shtun\u00ebn se jeta e laureates s\u00eb burgosur t\u00eb \u00c7mimit Nobel p\u00ebr Paqen,&nbsp;Narges Mohammadi,&nbsp;\u00ebsht\u00eb n\u00eb duart e autoriteteve iraniane pasi sh\u00ebndeti i saj u &#8220;p\u00ebrkeq\u00ebsua r\u00ebnd\u00eb&#8221; dhe b\u00ebri thirrje p\u00ebr lirimin e saj dhe dor\u00ebzimin te ekipi i saj mjek\u00ebsor. Mohammadi u transferua nga burgu n\u00eb spital [&hellip;]","og_url":"https:\/\/kosovatimes.info\/index.php\/2026\/05\/03\/laureatja-iraniane-e-cmimit-nobel-ne-prag-te-vdekjes-jeta-e-saj-eshte-ne-duart-e-iranit-lirojeni-para-se-te-jete-teper-vone\/","og_site_name":"Kosova Times","article_published_time":"2026-05-02T22:01:32+00:00","article_modified_time":"2026-05-02T22:01:35+00:00","og_image":[{"width":1280,"height":670,"url":"https:\/\/kosovatimes.info\/wp-content\/uploads\/2026\/05\/Nrges.jpg","type":"image\/jpeg"}],"author":"i l","twitter_card":"summary_large_image","twitter_misc":{"Written by":"i l","Est. reading time":"2 minutes"},"schema":{"@context":"https:\/\/schema.org","@graph":[{"@type":"Article","@id":"https:\/\/kosovatimes.info\/index.php\/2026\/05\/03\/laureatja-iraniane-e-cmimit-nobel-ne-prag-te-vdekjes-jeta-e-saj-eshte-ne-duart-e-iranit-lirojeni-para-se-te-jete-teper-vone\/#article","isPartOf":{"@id":"https:\/\/kosovatimes.info\/index.php\/2026\/05\/03\/laureatja-iraniane-e-cmimit-nobel-ne-prag-te-vdekjes-jeta-e-saj-eshte-ne-duart-e-iranit-lirojeni-para-se-te-jete-teper-vone\/"},"author":{"name":"i l","@id":"https:\/\/kosovatimes.info\/#\/schema\/person\/7586712b9c512fe68085de007378c915"},"headline":"Laureatja iraniane e \u00c7mimit Nobel n\u00eb prag t\u00eb vdekjes: &#8216;Jeta e saj \u00ebsht\u00eb n\u00eb duart e Iranit, lirojeni para se t\u00eb jet\u00eb tep\u00ebr von\u00eb&#8217;","datePublished":"2026-05-02T22:01:32+00:00","dateModified":"2026-05-02T22:01:35+00:00","mainEntityOfPage":{"@id":"https:\/\/kosovatimes.info\/index.php\/2026\/05\/03\/laureatja-iraniane-e-cmimit-nobel-ne-prag-te-vdekjes-jeta-e-saj-eshte-ne-duart-e-iranit-lirojeni-para-se-te-jete-teper-vone\/"},"wordCount":314,"commentCount":0,"image":{"@id":"https:\/\/kosovatimes.info\/index.php\/2026\/05\/03\/laureatja-iraniane-e-cmimit-nobel-ne-prag-te-vdekjes-jeta-e-saj-eshte-ne-duart-e-iranit-lirojeni-para-se-te-jete-teper-vone\/#primaryimage"},"thumbnailUrl":"https:\/\/kosovatimes.info\/wp-content\/uploads\/2026\/05\/Nrges.jpg","articleSection":["Bot\u00eb","Lajme"],"inLanguage":"en-US","potentialAction":[{"@type":"CommentAction","name":"Comment","target":["https:\/\/kosovatimes.info\/index.php\/2026\/05\/03\/laureatja-iraniane-e-cmimit-nobel-ne-prag-te-vdekjes-jeta-e-saj-eshte-ne-duart-e-iranit-lirojeni-para-se-te-jete-teper-vone\/#respond"]}]},{"@type":"WebPage","@id":"https:\/\/kosovatimes.info\/index.php\/2026\/05\/03\/laureatja-iraniane-e-cmimit-nobel-ne-prag-te-vdekjes-jeta-e-saj-eshte-ne-duart-e-iranit-lirojeni-para-se-te-jete-teper-vone\/","url":"https:\/\/kosovatimes.info\/index.php\/2026\/05\/03\/laureatja-iraniane-e-cmimit-nobel-ne-prag-te-vdekjes-jeta-e-saj-eshte-ne-duart-e-iranit-lirojeni-para-se-te-jete-teper-vone\/","name":"Laureatja iraniane e \u00c7mimit Nobel n\u00eb prag t\u00eb vdekjes: 'Jeta e saj \u00ebsht\u00eb n\u00eb duart e Iranit, lirojeni para se t\u00eb jet\u00eb tep\u00ebr von\u00eb' - Kosova Times","isPartOf":{"@id":"https:\/\/kosovatimes.info\/#website"},"primaryImageOfPage":{"@id":"https:\/\/kosovatimes.info\/index.php\/2026\/05\/03\/laureatja-iraniane-e-cmimit-nobel-ne-prag-te-vdekjes-jeta-e-saj-eshte-ne-duart-e-iranit-lirojeni-para-se-te-jete-teper-vone\/#primaryimage"},"image":{"@id":"https:\/\/kosovatimes.info\/index.php\/2026\/05\/03\/laureatja-iraniane-e-cmimit-nobel-ne-prag-te-vdekjes-jeta-e-saj-eshte-ne-duart-e-iranit-lirojeni-para-se-te-jete-teper-vone\/#primaryimage"},"thumbnailUrl":"https:\/\/kosovatimes.info\/wp-content\/uploads\/2026\/05\/Nrges.jpg","datePublished":"2026-05-02T22:01:32+00:00","dateModified":"2026-05-02T22:01:35+00:00","author":{"@id":"https:\/\/kosovatimes.info\/#\/schema\/person\/7586712b9c512fe68085de007378c915"},"breadcrumb":{"@id":"https:\/\/kosovatimes.info\/index.php\/2026\/05\/03\/laureatja-iraniane-e-cmimit-nobel-ne-prag-te-vdekjes-jeta-e-saj-eshte-ne-duart-e-iranit-lirojeni-para-se-te-jete-teper-vone\/#breadcrumb"},"inLanguage":"en-US","potentialAction":[{"@type":"ReadAction","target":["https:\/\/kosovatimes.info\/index.php\/2026\/05\/03\/laureatja-iraniane-e-cmimit-nobel-ne-prag-te-vdekjes-jeta-e-saj-eshte-ne-duart-e-iranit-lirojeni-para-se-te-jete-teper-vone\/"]}]},{"@type":"ImageObject","inLanguage":"en-US","@id":"https:\/\/kosovatimes.info\/index.php\/2026\/05\/03\/laureatja-iraniane-e-cmimit-nobel-ne-prag-te-vdekjes-jeta-e-saj-eshte-ne-duart-e-iranit-lirojeni-para-se-te-jete-teper-vone\/#primaryimage","url":"https:\/\/kosovatimes.info\/wp-content\/uploads\/2026\/05\/Nrges.jpg","contentUrl":"https:\/\/kosovatimes.info\/wp-content\/uploads\/2026\/05\/Nrges.jpg","width":1280,"height":670},{"@type":"BreadcrumbList","@id":"https:\/\/kosovatimes.info\/index.php\/2026\/05\/03\/laureatja-iraniane-e-cmimit-nobel-ne-prag-te-vdekjes-jeta-e-saj-eshte-ne-duart-e-iranit-lirojeni-para-se-te-jete-teper-vone\/#breadcrumb","itemListElement":[{"@type":"ListItem","position":1,"name":"Home","item":"https:\/\/kosovatimes.info\/"},{"@type":"ListItem","position":2,"name":"Laureatja iraniane e \u00c7mimit Nobel n\u00eb prag t\u00eb vdekjes: &#8216;Jeta e saj \u00ebsht\u00eb n\u00eb duart e Iranit, lirojeni para se t\u00eb jet\u00eb tep\u00ebr von\u00eb&#8217;"}]},{"@type":"WebSite","@id":"https:\/\/kosovatimes.info\/#website","url":"https:\/\/kosovatimes.info\/","name":"Kosova Times","description":"","potentialAction":[{"@type":"SearchAction","target":{"@type":"EntryPoint","urlTemplate":"https:\/\/kosovatimes.info\/?s={search_term_string}"},"query-input":{"@type":"PropertyValueSpecification","valueRequired":true,"valueName":"search_term_string"}}],"inLanguage":"en-US"},{"@type":"Person","@id":"https:\/\/kosovatimes.info\/#\/schema\/person\/7586712b9c512fe68085de007378c915","name":"i l","image":{"@type":"ImageObject","inLanguage":"en-US","@id":"https:\/\/secure.gravatar.com\/avatar\/bad9296e02816160ae2e2435beda58222022298d5625d49fea74d18816fbb31d?s=96&d=mm&r=g","url":"https:\/\/secure.gravatar.com\/avatar\/bad9296e02816160ae2e2435beda58222022298d5625d49fea74d18816fbb31d?s=96&d=mm&r=g","contentUrl":"https:\/\/secure.gravatar.com\/avatar\/bad9296e02816160ae2e2435beda58222022298d5625d49fea74d18816fbb31d?s=96&d=mm&r=g","caption":"i l"},"url":"https:\/\/kosovatimes.info\/index.php\/author\/iliri\/"}]}},"_links":{"self":[{"href":"https:\/\/kosovatimes.info\/index.php\/wp-json\/wp\/v2\/posts\/13158","targetHints":{"allow":["GET"]}}],"collection":[{"href":"https:\/\/kosovatimes.info\/index.php\/wp-json\/wp\/v2\/posts"}],"about":[{"href":"https:\/\/kosovatimes.info\/index.php\/wp-json\/wp\/v2\/types\/post"}],"author":[{"embeddable":true,"href":"https:\/\/kosovatimes.info\/index.php\/wp-json\/wp\/v2\/users\/4"}],"replies":[{"embeddable":true,"href":"https:\/\/kosovatimes.info\/index.php\/wp-json\/wp\/v2\/comments?post=13158"}],"version-history":[{"count":1,"href":"https:\/\/kosovatimes.info\/index.php\/wp-json\/wp\/v2\/posts\/13158\/revisions"}],"predecessor-version":[{"id":13160,"href":"https:\/\/kosovatimes.info\/index.php\/wp-json\/wp\/v2\/posts\/13158\/revisions\/13160"}],"wp:featuredmedia":[{"embeddable":true,"href":"https:\/\/kosovatimes.info\/index.php\/wp-json\/wp\/v2\/media\/13159"}],"wp:attachment":[{"href":"https:\/\/kosovatimes.info\/index.php\/wp-json\/wp\/v2\/media?parent=13158"}],"wp:term":[{"taxonomy":"category","embeddable":true,"href":"https:\/\/kosovatimes.info\/index.php\/wp-json\/wp\/v2\/categories?post=13158"},{"taxonomy":"post_tag","embeddable":true,"href":"https:\/\/kosovatimes.info\/index.php\/wp-json\/wp\/v2\/tags?post=13158"}],"curies":[{"name":"wp","href":"https:\/\/api.w.org\/{rel}","templated":true}]}}