{"id":13162,"date":"2026-05-03T09:00:00","date_gmt":"2026-05-03T07:00:00","guid":{"rendered":"https:\/\/kosovatimes.info\/?p=13162"},"modified":"2026-05-03T11:27:32","modified_gmt":"2026-05-03T09:27:32","slug":"destinacionet-verore-ku-shkojne-njerezit-me-stil-te-mire","status":"publish","type":"post","link":"https:\/\/kosovatimes.info\/index.php\/2026\/05\/03\/destinacionet-verore-ku-shkojne-njerezit-me-stil-te-mire\/","title":{"rendered":"Destinacionet verore ku shkojn\u00eb njer\u00ebzit me stil t\u00eb mir\u00eb"},"content":{"rendered":"\n<p>K\u00ebto jan\u00eb vende ku vera duket pak m\u00eb e k\u00ebndshme, m\u00eb e ngadalt\u00eb dhe m\u00eb kuptimplot\u00eb \u2014 dhe ku stili nuk \u00ebsht\u00eb nj\u00eb trend, \u00ebsht\u00eb nj\u00eb m\u00ebnyr\u00eb jetese.<\/p>\n\n\n\n<h2 class=\"wp-block-heading\">Biarritz, Franc\u00eb<\/h2>\n\n\n\n<p>P\u00ebr vajzat q\u00eb duan pak gjall\u00ebri n\u00eb fluturimin e tyre. M\u00ebngjeset fillojn\u00eb n\u00eb oqean, pasditet kalohen n\u00eb tarracat e kafeneve dhe gjith\u00e7ka \u00ebsht\u00eb plot\u00ebsisht e relaksuar deri n\u00eb dark\u00eb. Biarritz \u00ebsht\u00eb ish-streha e aristokracis\u00eb evropiane dhe kryeqyteti i sot\u00ebm i kultur\u00ebs s\u00eb surf-it.<\/p>\n\n\n\n<figure class=\"wp-block-image\" id=\"attachment_2815231\"><img decoding=\"async\" src=\"http:\/\/zadovoljna.nova.rs\/wp-content\/uploads\/2026\/04\/08\/1775648568-hannah-reding-zY2LtAuGzwc-unsplash-768x1024.jpg\" alt=\"\" class=\"wp-image-2815231\"\/><\/figure>\n\n\n\n<p>Transformimi i k\u00ebtij vendi filloi n\u00eb mesin e shekullit t\u00eb 19-t\u00eb kur Perandoresha Eugenia u dashurua me k\u00ebt\u00eb fshat modest peshkatar\u00ebsh me vet\u00ebm 800 banor\u00eb. Pasi ajo e bindi Napoleonin III t\u00eb nd\u00ebrtonte pallatin e tij veror k\u00ebtu n\u00eb vitin 1854, fati i qytetit ndryshoi p\u00ebrgjithmon\u00eb. Nd\u00ebrtimi i Hotel du Palais madh\u00ebshtor nisi nj\u00eb val\u00eb turizmi aristokratik.<\/p>\n\n\n\n<figure class=\"wp-block-image\" id=\"attachment_2815237\"><img decoding=\"async\" src=\"http:\/\/zadovoljna.nova.rs\/wp-content\/uploads\/2026\/04\/08\/1775648595-profimedia-0466730112-682x1024.jpg\" alt=\"\" class=\"wp-image-2815237\"\/><\/figure>\n\n\n\n<p>Deri n\u00eb vitin 1860, mb\u00ebrritja e hekurudh\u00ebs lidhi Biarritzin me Parisin, duke sjell\u00eb vizitor\u00eb t\u00eb pasur t\u00eb etur p\u00ebr banjot e saj sh\u00ebruese n\u00eb det dhe jet\u00ebn shoq\u00ebrore fisnike. Shpejt, hotele t\u00eb m\u00ebdha, kazino dhe vila luksoze u ngrit\u00ebn p\u00ebrgjat\u00eb bregdetit, duke \u00e7imentuar reputacionin e qytetit si &#8220;vendpushimi i mbret\u00ebrve dhe mbret\u00ebreshave midis vendpushimeve&#8221;.<\/p>\n\n\n\n<figure class=\"wp-block-image\" id=\"attachment_2815232\"><img decoding=\"async\" src=\"http:\/\/zadovoljna.nova.rs\/wp-content\/uploads\/2026\/04\/08\/1775648584-profimedia-0465457424-1024x682.jpg\" alt=\"\" class=\"wp-image-2815232\"\/><\/figure>\n\n\n\n<p>Sot, Biarritz balancon me mjesht\u00ebri t\u00eb kaluar\u00ebn e tij prestigjioze me atraktivitetin bashk\u00ebkohor. Plazhi Grande Plage i qytetit gum\u00ebzhin nga energjia &#8211; surfist\u00ebt kapin val\u00ebt nd\u00ebrsa ata q\u00eb lahen shijojn\u00eb r\u00ebr\u00ebn e art\u00eb. N\u00eb tregun Les Halles, vendasit dhe vizitor\u00ebt takohen duke shijuar goca deti t\u00eb fresk\u00ebta dhe specialitete rajonale, duke krijuar nj\u00eb atmosfer\u00eb autentike q\u00eb pasqyron m\u00ebnyr\u00ebn e jetes\u00ebs baske.<\/p>\n\n\n\n<p>Qendrat e talasoterapis\u00eb s\u00eb qytetit ofrojn\u00eb trajtime luksoze me uj\u00eb deti, duke t\u00ebrhequr entuziast\u00eb t\u00eb Wellness nga e gjith\u00eb Evropa. Dashamir\u00ebsit e natyr\u00ebs shijojn\u00eb sh\u00ebtitjet p\u00ebrgjat\u00eb bregdetit midis plazheve me r\u00ebr\u00eb, nd\u00ebrsa dashamir\u00ebsit e kultur\u00ebs eksplorojn\u00eb ekspozitat interesante t\u00eb Muzeut t\u00eb Detit.<\/p>\n\n\n\n<figure class=\"wp-block-image\" id=\"attachment_2815241\"><img decoding=\"async\" src=\"http:\/\/zadovoljna.nova.rs\/wp-content\/uploads\/2026\/04\/08\/1775648607-profimedia-0133581974-682x1024.jpg\" alt=\"\" class=\"wp-image-2815241\"\/><\/figure>\n\n\n\n<p>Gjat\u00eb gjith\u00eb vitit mbahen ngjarje t\u00eb ndryshme &#8211; nga garat nd\u00ebrkomb\u00ebtare t\u00eb surfit deri te turnet\u00eb baske t\u00eb pelot\u00ebs. Klima e but\u00eb, e kombinuar me fushat e shk\u00eblqyera t\u00eb golfit dhe nj\u00eb ofert\u00eb t\u00eb shk\u00eblqyer blerjesh, e b\u00ebn Biarritzin nj\u00eb destinacion t\u00ebrheq\u00ebs si p\u00ebr pushime t\u00eb shkurtra ashtu edhe p\u00ebr q\u00ebndrime m\u00eb t\u00eb gjata.<\/p>\n\n\n\n<h2 class=\"wp-block-heading\">Sh\u00ebn Moritz, Zvic\u00ebr<\/h2>\n\n\n\n<figure class=\"wp-block-image\" id=\"attachment_2815248\"><img decoding=\"async\" src=\"http:\/\/zadovoljna.nova.rs\/wp-content\/uploads\/2026\/04\/08\/1775649215-przemyslaw-olczak-DTt5PSkG7fE-unsplash-683x1024.jpg\" alt=\"\" class=\"wp-image-2815248\"\/><figcaption class=\"wp-element-caption\">Foto: Unsplash.com\/<br>przemyslaw-olczak<\/figcaption><\/figure>\n\n\n\n<p>Sh\u00ebn Moritzi nuk \u00ebsht\u00eb vet\u00ebm p\u00ebr dim\u00ebr. Verat jan\u00eb me aj\u00ebr alpin, not n\u00eb liqen dhe per\u00ebndime dielli mahnit\u00ebse. \u00cbsht\u00eb lloji i destinacionit ku t\u00eb mos b\u00ebsh absolutisht asgj\u00eb t\u00eb duket si nj\u00eb stil jetese i hartuar me kujdes.<\/p>\n\n\n\n<figure class=\"wp-block-image\" id=\"attachment_2815243\"><img decoding=\"async\" src=\"http:\/\/zadovoljna.nova.rs\/wp-content\/uploads\/2026\/04\/08\/1775649201-despina-galani-ualXzAB6xOo-unsplash-1024x768.jpg\" alt=\"\" class=\"wp-image-2815243\"\/><\/figure>\n\n\n\n<p>I rrethuar nga liqene dhe maja alpine, ky vend ofron gjith\u00e7ka, nga noti dhe lundrimi deri te shtigjet malore dhe \u00e7iklizmi. Dit\u00ebt kalojn\u00eb leht\u00eb me aj\u00ebr dhe natyr\u00eb t\u00eb past\u00ebr kristalore, nd\u00ebrsa mbr\u00ebmjet sjellin atmosfer\u00ebn e sofistikuar t\u00eb hoteleve dhe restoranteve luksoze.<\/p>\n\n\n\n<h2 class=\"wp-block-heading\">Paros, Greqi<\/h2>\n\n\n\n<figure class=\"wp-block-image\" id=\"attachment_2815271\"><img decoding=\"async\" src=\"http:\/\/zadovoljna.nova.rs\/wp-content\/uploads\/2026\/04\/08\/1775649437-alkistis-calich-REIqXuBFI2I-unsplash-684x1024.jpg\" alt=\"\" class=\"wp-image-2815271\"\/><\/figure>\n\n\n\n<p>Parosi nuk \u00ebsht\u00eb versioni i Greqis\u00eb q\u00eb algoritmi vazhdon t\u00eb t\u00eb imponoj\u00eb. \u00cbsht\u00eb nj\u00eb vend ku energjia \u00ebsht\u00eb m\u00eb e but\u00eb, ku \u00ebsht\u00eb m\u00eb e v\u00ebshtir\u00eb t\u00eb gjesh nj\u00eb tavolin\u00eb p\u00ebr arsyet e duhura dhe ku askush nuk nxitohet t\u00eb zgjohet nga dreka.<\/p>\n\n\n\n<figure class=\"wp-block-image\" id=\"attachment_2815282\"><img decoding=\"async\" src=\"http:\/\/zadovoljna.nova.rs\/wp-content\/uploads\/2026\/04\/08\/1775649475-tobias-rademacher-XJVeTT-oBGk-unsplash-683x1024.jpg\" alt=\"\" class=\"wp-image-2815282\"\/><\/figure>\n\n\n\n<p>Parosi \u00ebsht\u00eb nj\u00eb ishull q\u00eb ka jetuar prej koh\u00ebsh n\u00eb hijen e Mikonosit dhe Santorinit, por pik\u00ebrisht kjo i ka lejuar t\u00eb ruaj\u00eb autenticitetin e tij. Dikur nj\u00eb ndales\u00eb e r\u00ebnd\u00ebsishme n\u00eb rrug\u00ebt tregtare dhe e njohur p\u00ebr mermerin e bardh\u00eb t\u00eb p\u00ebrdorur q\u00eb n\u00eb Greqin\u00eb e lasht\u00eb, sot ofron nj\u00eb p\u00ebrzierje t\u00eb Mesdheut tradicional dhe modern pa pompozitet t\u00eb tepruar.<\/p>\n\n\n\n<figure class=\"wp-block-image\" id=\"attachment_2815277\"><img decoding=\"async\" src=\"http:\/\/zadovoljna.nova.rs\/wp-content\/uploads\/2026\/04\/08\/1775649456-andreas-motsios-1V7XKCWrK8Y-unsplash-668x1024.jpg\" alt=\"\" class=\"wp-image-2815277\"\/><\/figure>\n\n\n\n<p>Sot, Parosi t\u00ebrheq ata q\u00eb k\u00ebrkojn\u00eb nj\u00eb rit\u00ebm m\u00eb t\u00eb ngadalt\u00eb dhe luks m\u00eb delikat. N\u00eb vende si Naousa, nj\u00eb ish-fshat peshkimi, dit\u00ebt kalohen pran\u00eb detit, tavernave t\u00eb vogla dhe rrug\u00ebve t\u00eb ngushta, nd\u00ebrsa mbr\u00ebmjet shnd\u00ebrrohen n\u00eb takime elegante, por t\u00eb qeta. Plazhet jan\u00eb t\u00eb larmishme &#8211; nga gjiret me er\u00eb, ideale p\u00ebr surf dhe shikimin e balenave, deri te gjiret e qeta me det bruz.<\/p>\n\n\n\n<h2 class=\"wp-block-heading\">Ischia, Itali<\/h2>\n\n\n\n<figure class=\"wp-block-image\" id=\"attachment_2815313\"><img decoding=\"async\" src=\"http:\/\/zadovoljna.nova.rs\/wp-content\/uploads\/2026\/04\/08\/1775650773-samuel-c-zYzBIcFuumQ-unsplash-1024x457.jpg\" alt=\"\" class=\"wp-image-2815313\"\/><\/figure>\n\n\n\n<p>Italia pa turmat e Bregut t\u00eb Amalfit. Spa termale, kopshte t\u00eb fshehura dhe vila q\u00eb do t\u00eb mbushin albumin tuaj t\u00eb fotove. Nj\u00eb vendpushim \u00ebnd\u00ebrrimtar dhe i paduksh\u00ebm p\u00ebr ata q\u00eb e duan bregdetin italian, por n\u00eb heshtje.<\/p>\n\n\n\n<figure class=\"wp-block-image\" id=\"attachment_2815311\"><img decoding=\"async\" src=\"http:\/\/zadovoljna.nova.rs\/wp-content\/uploads\/2026\/04\/08\/1775650572-profimedia-1005322171-1024x682.jpg\" alt=\"\" class=\"wp-image-2815311\"\/><\/figure>\n\n\n\n<h2 class=\"wp-block-heading\">Majorka, Spanj\u00eb<\/h2>\n\n\n\n<p>Anti-Ibiza. Majorka \u00ebsht\u00eb e qet\u00eb n\u00eb nj\u00eb m\u00ebnyr\u00eb q\u00eb duket e q\u00ebllimshme &#8211; uj\u00eb kristalor, gjire me r\u00ebr\u00eb dhe njer\u00ebz t\u00eb bukur sa duhet p\u00ebr ta mbajtur situat\u00ebn interesante.<\/p>\n\n\n\n<figure class=\"wp-block-image\" id=\"attachment_2815317\"><img decoding=\"async\" src=\"http:\/\/zadovoljna.nova.rs\/wp-content\/uploads\/2026\/04\/08\/1775650870-chloe-lefleur-F0ZUIUeW490-unsplash-768x1024.jpg\" alt=\"\" class=\"wp-image-2815317\"\/><\/figure>\n","protected":false},"excerpt":{"rendered":"<p>K\u00ebto jan\u00eb vende ku vera duket pak m\u00eb e k\u00ebndshme, m\u00eb e ngadalt\u00eb dhe m\u00eb kuptimplot\u00eb \u2014 dhe ku stili nuk \u00ebsht\u00eb nj\u00eb trend, \u00ebsht\u00eb nj\u00eb m\u00ebnyr\u00eb jetese. Biarritz, Franc\u00eb P\u00ebr vajzat q\u00eb duan pak gjall\u00ebri n\u00eb fluturimin e tyre. M\u00ebngjeset fillojn\u00eb n\u00eb oqean, pasditet kalohen n\u00eb tarracat e kafeneve dhe gjith\u00e7ka \u00ebsht\u00eb plot\u00ebsisht e [&hellip;]<\/p>\n","protected":false},"author":4,"featured_media":13169,"comment_status":"open","ping_status":"open","sticky":false,"template":"","format":"standard","meta":{"footnotes":""},"categories":[43],"tags":[],"class_list":{"0":"post-13162","1":"post","2":"type-post","3":"status-publish","4":"format-standard","5":"has-post-thumbnail","7":"category-turizem"},"yoast_head":"<!-- This site is optimized with the Yoast SEO plugin v27.4 - https:\/\/yoast.com\/product\/yoast-seo-wordpress\/ -->\n<title>Destinacionet verore ku shkojn\u00eb njer\u00ebzit me stil t\u00eb mir\u00eb - Kosova Times<\/title>\n<meta name=\"robots\" content=\"index, follow, max-snippet:-1, max-image-preview:large, max-video-preview:-1\" \/>\n<link rel=\"canonical\" href=\"https:\/\/kosovatimes.info\/index.php\/2026\/05\/03\/destinacionet-verore-ku-shkojne-njerezit-me-stil-te-mire\/\" \/>\n<meta property=\"og:locale\" content=\"en_US\" \/>\n<meta property=\"og:type\" content=\"article\" \/>\n<meta property=\"og:title\" content=\"Destinacionet verore ku shkojn\u00eb njer\u00ebzit me stil t\u00eb mir\u00eb - Kosova Times\" \/>\n<meta property=\"og:description\" content=\"K\u00ebto jan\u00eb vende ku vera duket pak m\u00eb e k\u00ebndshme, m\u00eb e ngadalt\u00eb dhe m\u00eb kuptimplot\u00eb \u2014 dhe ku stili nuk \u00ebsht\u00eb nj\u00eb trend, \u00ebsht\u00eb nj\u00eb m\u00ebnyr\u00eb jetese. Biarritz, Franc\u00eb P\u00ebr vajzat q\u00eb duan pak gjall\u00ebri n\u00eb fluturimin e tyre. M\u00ebngjeset fillojn\u00eb n\u00eb oqean, pasditet kalohen n\u00eb tarracat e kafeneve dhe gjith\u00e7ka \u00ebsht\u00eb plot\u00ebsisht e [&hellip;]\" \/>\n<meta property=\"og:url\" content=\"https:\/\/kosovatimes.info\/index.php\/2026\/05\/03\/destinacionet-verore-ku-shkojne-njerezit-me-stil-te-mire\/\" \/>\n<meta property=\"og:site_name\" content=\"Kosova Times\" \/>\n<meta property=\"article:published_time\" content=\"2026-05-03T07:00:00+00:00\" \/>\n<meta property=\"article:modified_time\" content=\"2026-05-03T09:27:32+00:00\" \/>\n<meta property=\"og:image\" content=\"https:\/\/kosovatimes.info\/wp-content\/uploads\/2026\/05\/destinacione.jpg\" \/>\n\t<meta property=\"og:image:width\" content=\"696\" \/>\n\t<meta property=\"og:image:height\" content=\"464\" \/>\n\t<meta property=\"og:image:type\" content=\"image\/jpeg\" \/>\n<meta name=\"author\" content=\"i l\" \/>\n<meta name=\"twitter:card\" content=\"summary_large_image\" \/>\n<meta name=\"twitter:label1\" content=\"Written by\" \/>\n\t<meta name=\"twitter:data1\" content=\"i l\" \/>\n\t<meta name=\"twitter:label2\" content=\"Est. reading time\" \/>\n\t<meta name=\"twitter:data2\" content=\"6 minutes\" \/>\n<script type=\"application\/ld+json\" class=\"yoast-schema-graph\">{\"@context\":\"https:\\\/\\\/schema.org\",\"@graph\":[{\"@type\":\"Article\",\"@id\":\"https:\\\/\\\/kosovatimes.info\\\/index.php\\\/2026\\\/05\\\/03\\\/destinacionet-verore-ku-shkojne-njerezit-me-stil-te-mire\\\/#article\",\"isPartOf\":{\"@id\":\"https:\\\/\\\/kosovatimes.info\\\/index.php\\\/2026\\\/05\\\/03\\\/destinacionet-verore-ku-shkojne-njerezit-me-stil-te-mire\\\/\"},\"author\":{\"name\":\"i l\",\"@id\":\"https:\\\/\\\/kosovatimes.info\\\/#\\\/schema\\\/person\\\/7586712b9c512fe68085de007378c915\"},\"headline\":\"Destinacionet verore ku shkojn\u00eb njer\u00ebzit me stil t\u00eb mir\u00eb\",\"datePublished\":\"2026-05-03T07:00:00+00:00\",\"dateModified\":\"2026-05-03T09:27:32+00:00\",\"mainEntityOfPage\":{\"@id\":\"https:\\\/\\\/kosovatimes.info\\\/index.php\\\/2026\\\/05\\\/03\\\/destinacionet-verore-ku-shkojne-njerezit-me-stil-te-mire\\\/\"},\"wordCount\":787,\"commentCount\":0,\"image\":{\"@id\":\"https:\\\/\\\/kosovatimes.info\\\/index.php\\\/2026\\\/05\\\/03\\\/destinacionet-verore-ku-shkojne-njerezit-me-stil-te-mire\\\/#primaryimage\"},\"thumbnailUrl\":\"https:\\\/\\\/kosovatimes.info\\\/wp-content\\\/uploads\\\/2026\\\/05\\\/destinacione.jpg\",\"articleSection\":[\"Turiz\u00ebm\"],\"inLanguage\":\"en-US\",\"potentialAction\":[{\"@type\":\"CommentAction\",\"name\":\"Comment\",\"target\":[\"https:\\\/\\\/kosovatimes.info\\\/index.php\\\/2026\\\/05\\\/03\\\/destinacionet-verore-ku-shkojne-njerezit-me-stil-te-mire\\\/#respond\"]}]},{\"@type\":\"WebPage\",\"@id\":\"https:\\\/\\\/kosovatimes.info\\\/index.php\\\/2026\\\/05\\\/03\\\/destinacionet-verore-ku-shkojne-njerezit-me-stil-te-mire\\\/\",\"url\":\"https:\\\/\\\/kosovatimes.info\\\/index.php\\\/2026\\\/05\\\/03\\\/destinacionet-verore-ku-shkojne-njerezit-me-stil-te-mire\\\/\",\"name\":\"Destinacionet verore ku shkojn\u00eb njer\u00ebzit me stil t\u00eb mir\u00eb - Kosova Times\",\"isPartOf\":{\"@id\":\"https:\\\/\\\/kosovatimes.info\\\/#website\"},\"primaryImageOfPage\":{\"@id\":\"https:\\\/\\\/kosovatimes.info\\\/index.php\\\/2026\\\/05\\\/03\\\/destinacionet-verore-ku-shkojne-njerezit-me-stil-te-mire\\\/#primaryimage\"},\"image\":{\"@id\":\"https:\\\/\\\/kosovatimes.info\\\/index.php\\\/2026\\\/05\\\/03\\\/destinacionet-verore-ku-shkojne-njerezit-me-stil-te-mire\\\/#primaryimage\"},\"thumbnailUrl\":\"https:\\\/\\\/kosovatimes.info\\\/wp-content\\\/uploads\\\/2026\\\/05\\\/destinacione.jpg\",\"datePublished\":\"2026-05-03T07:00:00+00:00\",\"dateModified\":\"2026-05-03T09:27:32+00:00\",\"author\":{\"@id\":\"https:\\\/\\\/kosovatimes.info\\\/#\\\/schema\\\/person\\\/7586712b9c512fe68085de007378c915\"},\"breadcrumb\":{\"@id\":\"https:\\\/\\\/kosovatimes.info\\\/index.php\\\/2026\\\/05\\\/03\\\/destinacionet-verore-ku-shkojne-njerezit-me-stil-te-mire\\\/#breadcrumb\"},\"inLanguage\":\"en-US\",\"potentialAction\":[{\"@type\":\"ReadAction\",\"target\":[\"https:\\\/\\\/kosovatimes.info\\\/index.php\\\/2026\\\/05\\\/03\\\/destinacionet-verore-ku-shkojne-njerezit-me-stil-te-mire\\\/\"]}]},{\"@type\":\"ImageObject\",\"inLanguage\":\"en-US\",\"@id\":\"https:\\\/\\\/kosovatimes.info\\\/index.php\\\/2026\\\/05\\\/03\\\/destinacionet-verore-ku-shkojne-njerezit-me-stil-te-mire\\\/#primaryimage\",\"url\":\"https:\\\/\\\/kosovatimes.info\\\/wp-content\\\/uploads\\\/2026\\\/05\\\/destinacione.jpg\",\"contentUrl\":\"https:\\\/\\\/kosovatimes.info\\\/wp-content\\\/uploads\\\/2026\\\/05\\\/destinacione.jpg\",\"width\":696,\"height\":464},{\"@type\":\"BreadcrumbList\",\"@id\":\"https:\\\/\\\/kosovatimes.info\\\/index.php\\\/2026\\\/05\\\/03\\\/destinacionet-verore-ku-shkojne-njerezit-me-stil-te-mire\\\/#breadcrumb\",\"itemListElement\":[{\"@type\":\"ListItem\",\"position\":1,\"name\":\"Home\",\"item\":\"https:\\\/\\\/kosovatimes.info\\\/\"},{\"@type\":\"ListItem\",\"position\":2,\"name\":\"Destinacionet verore ku shkojn\u00eb njer\u00ebzit me stil t\u00eb mir\u00eb\"}]},{\"@type\":\"WebSite\",\"@id\":\"https:\\\/\\\/kosovatimes.info\\\/#website\",\"url\":\"https:\\\/\\\/kosovatimes.info\\\/\",\"name\":\"Kosova Times\",\"description\":\"\",\"potentialAction\":[{\"@type\":\"SearchAction\",\"target\":{\"@type\":\"EntryPoint\",\"urlTemplate\":\"https:\\\/\\\/kosovatimes.info\\\/?s={search_term_string}\"},\"query-input\":{\"@type\":\"PropertyValueSpecification\",\"valueRequired\":true,\"valueName\":\"search_term_string\"}}],\"inLanguage\":\"en-US\"},{\"@type\":\"Person\",\"@id\":\"https:\\\/\\\/kosovatimes.info\\\/#\\\/schema\\\/person\\\/7586712b9c512fe68085de007378c915\",\"name\":\"i l\",\"image\":{\"@type\":\"ImageObject\",\"inLanguage\":\"en-US\",\"@id\":\"https:\\\/\\\/secure.gravatar.com\\\/avatar\\\/bad9296e02816160ae2e2435beda58222022298d5625d49fea74d18816fbb31d?s=96&d=mm&r=g\",\"url\":\"https:\\\/\\\/secure.gravatar.com\\\/avatar\\\/bad9296e02816160ae2e2435beda58222022298d5625d49fea74d18816fbb31d?s=96&d=mm&r=g\",\"contentUrl\":\"https:\\\/\\\/secure.gravatar.com\\\/avatar\\\/bad9296e02816160ae2e2435beda58222022298d5625d49fea74d18816fbb31d?s=96&d=mm&r=g\",\"caption\":\"i l\"},\"url\":\"https:\\\/\\\/kosovatimes.info\\\/index.php\\\/author\\\/iliri\\\/\"}]}<\/script>\n<!-- \/ Yoast SEO plugin. -->","yoast_head_json":{"title":"Destinacionet verore ku shkojn\u00eb njer\u00ebzit me stil t\u00eb mir\u00eb - Kosova Times","robots":{"index":"index","follow":"follow","max-snippet":"max-snippet:-1","max-image-preview":"max-image-preview:large","max-video-preview":"max-video-preview:-1"},"canonical":"https:\/\/kosovatimes.info\/index.php\/2026\/05\/03\/destinacionet-verore-ku-shkojne-njerezit-me-stil-te-mire\/","og_locale":"en_US","og_type":"article","og_title":"Destinacionet verore ku shkojn\u00eb njer\u00ebzit me stil t\u00eb mir\u00eb - Kosova Times","og_description":"K\u00ebto jan\u00eb vende ku vera duket pak m\u00eb e k\u00ebndshme, m\u00eb e ngadalt\u00eb dhe m\u00eb kuptimplot\u00eb \u2014 dhe ku stili nuk \u00ebsht\u00eb nj\u00eb trend, \u00ebsht\u00eb nj\u00eb m\u00ebnyr\u00eb jetese. Biarritz, Franc\u00eb P\u00ebr vajzat q\u00eb duan pak gjall\u00ebri n\u00eb fluturimin e tyre. M\u00ebngjeset fillojn\u00eb n\u00eb oqean, pasditet kalohen n\u00eb tarracat e kafeneve dhe gjith\u00e7ka \u00ebsht\u00eb plot\u00ebsisht e [&hellip;]","og_url":"https:\/\/kosovatimes.info\/index.php\/2026\/05\/03\/destinacionet-verore-ku-shkojne-njerezit-me-stil-te-mire\/","og_site_name":"Kosova Times","article_published_time":"2026-05-03T07:00:00+00:00","article_modified_time":"2026-05-03T09:27:32+00:00","og_image":[{"width":696,"height":464,"url":"https:\/\/kosovatimes.info\/wp-content\/uploads\/2026\/05\/destinacione.jpg","type":"image\/jpeg"}],"author":"i l","twitter_card":"summary_large_image","twitter_misc":{"Written by":"i l","Est. reading time":"6 minutes"},"schema":{"@context":"https:\/\/schema.org","@graph":[{"@type":"Article","@id":"https:\/\/kosovatimes.info\/index.php\/2026\/05\/03\/destinacionet-verore-ku-shkojne-njerezit-me-stil-te-mire\/#article","isPartOf":{"@id":"https:\/\/kosovatimes.info\/index.php\/2026\/05\/03\/destinacionet-verore-ku-shkojne-njerezit-me-stil-te-mire\/"},"author":{"name":"i l","@id":"https:\/\/kosovatimes.info\/#\/schema\/person\/7586712b9c512fe68085de007378c915"},"headline":"Destinacionet verore ku shkojn\u00eb njer\u00ebzit me stil t\u00eb mir\u00eb","datePublished":"2026-05-03T07:00:00+00:00","dateModified":"2026-05-03T09:27:32+00:00","mainEntityOfPage":{"@id":"https:\/\/kosovatimes.info\/index.php\/2026\/05\/03\/destinacionet-verore-ku-shkojne-njerezit-me-stil-te-mire\/"},"wordCount":787,"commentCount":0,"image":{"@id":"https:\/\/kosovatimes.info\/index.php\/2026\/05\/03\/destinacionet-verore-ku-shkojne-njerezit-me-stil-te-mire\/#primaryimage"},"thumbnailUrl":"https:\/\/kosovatimes.info\/wp-content\/uploads\/2026\/05\/destinacione.jpg","articleSection":["Turiz\u00ebm"],"inLanguage":"en-US","potentialAction":[{"@type":"CommentAction","name":"Comment","target":["https:\/\/kosovatimes.info\/index.php\/2026\/05\/03\/destinacionet-verore-ku-shkojne-njerezit-me-stil-te-mire\/#respond"]}]},{"@type":"WebPage","@id":"https:\/\/kosovatimes.info\/index.php\/2026\/05\/03\/destinacionet-verore-ku-shkojne-njerezit-me-stil-te-mire\/","url":"https:\/\/kosovatimes.info\/index.php\/2026\/05\/03\/destinacionet-verore-ku-shkojne-njerezit-me-stil-te-mire\/","name":"Destinacionet verore ku shkojn\u00eb njer\u00ebzit me stil t\u00eb mir\u00eb - Kosova Times","isPartOf":{"@id":"https:\/\/kosovatimes.info\/#website"},"primaryImageOfPage":{"@id":"https:\/\/kosovatimes.info\/index.php\/2026\/05\/03\/destinacionet-verore-ku-shkojne-njerezit-me-stil-te-mire\/#primaryimage"},"image":{"@id":"https:\/\/kosovatimes.info\/index.php\/2026\/05\/03\/destinacionet-verore-ku-shkojne-njerezit-me-stil-te-mire\/#primaryimage"},"thumbnailUrl":"https:\/\/kosovatimes.info\/wp-content\/uploads\/2026\/05\/destinacione.jpg","datePublished":"2026-05-03T07:00:00+00:00","dateModified":"2026-05-03T09:27:32+00:00","author":{"@id":"https:\/\/kosovatimes.info\/#\/schema\/person\/7586712b9c512fe68085de007378c915"},"breadcrumb":{"@id":"https:\/\/kosovatimes.info\/index.php\/2026\/05\/03\/destinacionet-verore-ku-shkojne-njerezit-me-stil-te-mire\/#breadcrumb"},"inLanguage":"en-US","potentialAction":[{"@type":"ReadAction","target":["https:\/\/kosovatimes.info\/index.php\/2026\/05\/03\/destinacionet-verore-ku-shkojne-njerezit-me-stil-te-mire\/"]}]},{"@type":"ImageObject","inLanguage":"en-US","@id":"https:\/\/kosovatimes.info\/index.php\/2026\/05\/03\/destinacionet-verore-ku-shkojne-njerezit-me-stil-te-mire\/#primaryimage","url":"https:\/\/kosovatimes.info\/wp-content\/uploads\/2026\/05\/destinacione.jpg","contentUrl":"https:\/\/kosovatimes.info\/wp-content\/uploads\/2026\/05\/destinacione.jpg","width":696,"height":464},{"@type":"BreadcrumbList","@id":"https:\/\/kosovatimes.info\/index.php\/2026\/05\/03\/destinacionet-verore-ku-shkojne-njerezit-me-stil-te-mire\/#breadcrumb","itemListElement":[{"@type":"ListItem","position":1,"name":"Home","item":"https:\/\/kosovatimes.info\/"},{"@type":"ListItem","position":2,"name":"Destinacionet verore ku shkojn\u00eb njer\u00ebzit me stil t\u00eb mir\u00eb"}]},{"@type":"WebSite","@id":"https:\/\/kosovatimes.info\/#website","url":"https:\/\/kosovatimes.info\/","name":"Kosova Times","description":"","potentialAction":[{"@type":"SearchAction","target":{"@type":"EntryPoint","urlTemplate":"https:\/\/kosovatimes.info\/?s={search_term_string}"},"query-input":{"@type":"PropertyValueSpecification","valueRequired":true,"valueName":"search_term_string"}}],"inLanguage":"en-US"},{"@type":"Person","@id":"https:\/\/kosovatimes.info\/#\/schema\/person\/7586712b9c512fe68085de007378c915","name":"i l","image":{"@type":"ImageObject","inLanguage":"en-US","@id":"https:\/\/secure.gravatar.com\/avatar\/bad9296e02816160ae2e2435beda58222022298d5625d49fea74d18816fbb31d?s=96&d=mm&r=g","url":"https:\/\/secure.gravatar.com\/avatar\/bad9296e02816160ae2e2435beda58222022298d5625d49fea74d18816fbb31d?s=96&d=mm&r=g","contentUrl":"https:\/\/secure.gravatar.com\/avatar\/bad9296e02816160ae2e2435beda58222022298d5625d49fea74d18816fbb31d?s=96&d=mm&r=g","caption":"i l"},"url":"https:\/\/kosovatimes.info\/index.php\/author\/iliri\/"}]}},"_links":{"self":[{"href":"https:\/\/kosovatimes.info\/index.php\/wp-json\/wp\/v2\/posts\/13162","targetHints":{"allow":["GET"]}}],"collection":[{"href":"https:\/\/kosovatimes.info\/index.php\/wp-json\/wp\/v2\/posts"}],"about":[{"href":"https:\/\/kosovatimes.info\/index.php\/wp-json\/wp\/v2\/types\/post"}],"author":[{"embeddable":true,"href":"https:\/\/kosovatimes.info\/index.php\/wp-json\/wp\/v2\/users\/4"}],"replies":[{"embeddable":true,"href":"https:\/\/kosovatimes.info\/index.php\/wp-json\/wp\/v2\/comments?post=13162"}],"version-history":[{"count":1,"href":"https:\/\/kosovatimes.info\/index.php\/wp-json\/wp\/v2\/posts\/13162\/revisions"}],"predecessor-version":[{"id":13164,"href":"https:\/\/kosovatimes.info\/index.php\/wp-json\/wp\/v2\/posts\/13162\/revisions\/13164"}],"wp:featuredmedia":[{"embeddable":true,"href":"https:\/\/kosovatimes.info\/index.php\/wp-json\/wp\/v2\/media\/13169"}],"wp:attachment":[{"href":"https:\/\/kosovatimes.info\/index.php\/wp-json\/wp\/v2\/media?parent=13162"}],"wp:term":[{"taxonomy":"category","embeddable":true,"href":"https:\/\/kosovatimes.info\/index.php\/wp-json\/wp\/v2\/categories?post=13162"},{"taxonomy":"post_tag","embeddable":true,"href":"https:\/\/kosovatimes.info\/index.php\/wp-json\/wp\/v2\/tags?post=13162"}],"curies":[{"name":"wp","href":"https:\/\/api.w.org\/{rel}","templated":true}]}}