{"id":13165,"date":"2026-05-03T09:30:00","date_gmt":"2026-05-03T07:30:00","guid":{"rendered":"https:\/\/kosovatimes.info\/?p=13165"},"modified":"2026-05-03T00:11:41","modified_gmt":"2026-05-02T22:11:41","slug":"keto-jane-arkitektet-me-te-mira-femra-ne-bote-qe-e-bejne-boten-nje-vend-me-te-mire","status":"publish","type":"post","link":"https:\/\/kosovatimes.info\/index.php\/2026\/05\/03\/keto-jane-arkitektet-me-te-mira-femra-ne-bote-qe-e-bejne-boten-nje-vend-me-te-mire\/","title":{"rendered":"K\u00ebto jan\u00eb arkitektet m\u00eb t\u00eb mira femra n\u00eb bot\u00eb q\u00eb e b\u00ebjn\u00eb bot\u00ebn nj\u00eb vend m\u00eb t\u00eb mir\u00eb"},"content":{"rendered":"\n<p><strong>Arkitektura ka qen\u00eb nj\u00eb profesion i dominuar nga meshkujt p\u00ebr dekada t\u00eb t\u00ebra, por vitet e fundit nj\u00eb num\u00ebr gjithnj\u00eb e n\u00eb rritje i arkitekteve femra jo vet\u00ebm q\u00eb po ndryshojn\u00eb rregullat e loj\u00ebs, por edhe po form\u00ebsojn\u00eb m\u00ebnyr\u00ebn se si e kuptojm\u00eb hap\u00ebsir\u00ebn moderne.<\/strong><\/p>\n\n\n\n<p>Projektet e tyre rip\u00ebrcaktojn\u00eb qytetet, prezantojn\u00eb ide t\u00eb reja rreth q\u00ebndrueshm\u00ebris\u00eb, p\u00ebrgjegj\u00ebsis\u00eb sociale dhe marr\u00ebdh\u00ebnies midis njer\u00ebzve dhe hap\u00ebsir\u00ebs. Nga muzet\u00eb dhe rrokaqiejt\u00eb spektakolar\u00eb deri te nd\u00ebrhyrjet delikate n\u00eb komunitet, k\u00ebto gra v\u00ebrtetojn\u00eb se\u00a0arkitektura\u00a0nuk ka t\u00eb b\u00ebj\u00eb vet\u00ebm me form\u00ebn, por edhe me historin\u00eb, identitetin dhe vizionin e s\u00eb ardhmes. Puna e tyre frym\u00ebzon nj\u00eb brez t\u00eb ri dizajner\u00ebsh dhe tregon se kreativiteti dhe inovacioni n\u00eb arkitektur\u00eb sot vjen nga perspektivat e larmishme q\u00eb form\u00ebsojn\u00eb peizazhin global.<\/p>\n\n\n\n<h2 class=\"wp-block-heading\">Elizabeth Diller<\/h2>\n\n\n\n<figure class=\"wp-block-image\" id=\"attachment_2802178\"><img decoding=\"async\" src=\"http:\/\/zadovoljna.nova.rs\/wp-content\/uploads\/2026\/03\/10\/1773143852-profimedia-0430290343-1024x683.jpg\" alt=\"\" class=\"wp-image-2802178\"\/><\/figure>\n\n\n\n<p>Bashk\u00ebthemeluese e studios Diller Scofidio + Renfro. Diller i qaset arkitektur\u00ebs si nj\u00eb lloj performance &#8211; duke fshir\u00eb kufijt\u00eb midis struktur\u00ebs, hap\u00ebsir\u00ebs publike dhe aktivizmit. Projektet e studios DS+R e rip\u00ebrfytyrojn\u00eb qytetin p\u00ebrmes parqeve t\u00eb ngritura, muzeve kinetike dhe institucioneve q\u00eb ndryshojn\u00eb m\u00ebnyr\u00ebn se si e p\u00ebrjetojm\u00eb jet\u00ebn urbane. Disa nga projektet e saj m\u00eb t\u00eb famshme p\u00ebrfshijn\u00eb High Line, The Shed, The Broad dhe Lincoln Center.<\/p>\n\n\n\n<figure class=\"wp-block-image\" id=\"attachment_2802187\"><img decoding=\"async\" src=\"http:\/\/zadovoljna.nova.rs\/wp-content\/uploads\/2026\/03\/10\/1773144038-profimedia-0944225418-1024x683.jpg\" alt=\"\" class=\"wp-image-2802187\"\/><\/figure>\n\n\n\n<h2 class=\"wp-block-heading\">Xu Tiantian<\/h2>\n\n\n\n<figure class=\"wp-block-image\" id=\"attachment_2802192\"><img decoding=\"async\" src=\"http:\/\/zadovoljna.nova.rs\/wp-content\/uploads\/2026\/03\/10\/1773144115-profimedia-0494735351-708x1024.jpg\" alt=\"\" class=\"wp-image-2802192\"\/><\/figure>\n\n\n\n<p>Themeluese e studios DnA_Design dhe Architecture. Xu njihet p\u00ebr rigjall\u00ebrimin e fshatrave rurale p\u00ebrmes nd\u00ebrhyrjeve t\u00eb sakta dhe n\u00eb shkall\u00eb t\u00eb vog\u00ebl q\u00eb respektojn\u00eb zanatet lokale, peizazhin dhe jet\u00ebn e komunitetit. Nd\u00ebr projektet e saj m\u00eb t\u00eb famshme jan\u00eb rigjall\u00ebrimi i guroreve Jinyun n\u00eb Provinc\u00ebn Zhejiang, Fabrika e Tofut n\u00eb Fshatin Caizhai, Pun\u00ebtoria e \u00c7ajit Huiming n\u00eb Songyang, si dhe Pavionet e Pishave dhe Bambus\u00eb, t\u00eb cilat demonstrojn\u00eb qasjen e saj ndaj nd\u00ebrhyrjeve t\u00eb vogla dhe t\u00eb sakta arkitekturore n\u00eb komunitetet rurale.<\/p>\n\n\n\n<figure class=\"wp-block-image\" id=\"attachment_2802207\"><img decoding=\"async\" src=\"http:\/\/zadovoljna.nova.rs\/wp-content\/uploads\/2026\/03\/10\/1773144226-profimedia-0494735366-1024x681.jpg\" alt=\"\" class=\"wp-image-2802207\"\/><\/figure>\n\n\n\n<h2 class=\"wp-block-heading\">Charlotte Perriand<\/h2>\n\n\n\n<figure class=\"wp-block-image\" id=\"attachment_2802212\"><img decoding=\"async\" src=\"http:\/\/zadovoljna.nova.rs\/wp-content\/uploads\/2026\/03\/10\/1773144307-profimedia-1038519831-1024x627.jpg\" alt=\"\" class=\"wp-image-2802212\"\/><\/figure>\n\n\n\n<p>Nj\u00eb nga pionieret e modernizmit, Perriand lidhi arkitektur\u00ebn, dizajnin e brendsh\u00ebm dhe t\u00eb mobiljeve. N\u00ebp\u00ebrmjet bashk\u00ebpunimit me Le Corbusier dhe Pierre Jeanneret, ajo ndihmoi n\u00eb p\u00ebrcaktimin e nj\u00eb m\u00ebnyre t\u00eb re jetese &#8211; funksionale, humane dhe thell\u00ebsisht t\u00eb lidhur me natyr\u00ebn dhe jet\u00ebn e p\u00ebrditshme. Nd\u00ebr veprat e saj m\u00eb t\u00eb famshme jan\u00eb mobiljet nga koleksioni LC q\u00eb ajo dizajnoi me Le Corbusier dhe Pierre Jeanneret, interier\u00ebt e kompleksit malor Les Arcs n\u00eb Franc\u00eb, si dhe mobilje t\u00eb shumta moderniste q\u00eb jan\u00eb nj\u00eb kombinim i funksionalitetit, thjesht\u00ebsis\u00eb dhe af\u00ebrsis\u00eb me natyr\u00ebn.<\/p>\n\n\n\n<figure class=\"wp-block-image\" id=\"attachment_2802227\"><img decoding=\"async\" src=\"http:\/\/zadovoljna.nova.rs\/wp-content\/uploads\/2026\/03\/10\/1773144450-profimedia-0419690596-1024x798.jpg\" alt=\"\" class=\"wp-image-2802227\"\/><\/figure>\n\n\n\n<h2 class=\"wp-block-heading\">Tosin Oshinowo<\/h2>\n\n\n\n<figure class=\"wp-block-image\" id=\"attachment_2802232\"><img decoding=\"async\" src=\"http:\/\/zadovoljna.nova.rs\/wp-content\/uploads\/2026\/03\/10\/1773144511-profimedia-1019297531-1024x683.jpg\" alt=\"\" class=\"wp-image-2802232\"\/><\/figure>\n\n\n\n<p>Arkitekte nigeriane e njohur p\u00ebr p\u00ebrzierjen e dizajnit bashk\u00ebkohor me trash\u00ebgimin\u00eb joruba. P\u00ebrmes arkitektur\u00ebs s\u00eb rr\u00ebnjosur n\u00eb vend, puna e saj pasqyron kultur\u00ebn, identitetin dhe q\u00ebndrueshm\u00ebrin\u00eb. Nd\u00ebr projektet e saj m\u00eb t\u00eb famshme jan\u00eb Qendra Tregtare Maryland n\u00eb Lagos, dyqani kryesor Adidas n\u00eb Lagos, si dhe projekte strehimi social si\u00e7 \u00ebsht\u00eb kompleksi Coral Pavilion, ku ajo kombinon dizajnin bashk\u00ebkohor me kultur\u00ebn lokale nigeriane dhe kontekstin klimatik.<\/p>\n\n\n\n<h2 class=\"wp-block-heading\">Jeanne Gang<\/h2>\n\n\n\n<figure class=\"wp-block-image\" id=\"attachment_2802238\"><img decoding=\"async\" src=\"http:\/\/zadovoljna.nova.rs\/wp-content\/uploads\/2026\/03\/10\/1773144737-profimedia-0735038995-682x1024.jpg\" alt=\"\" class=\"wp-image-2802238\"\/><\/figure>\n\n\n\n<p>Themeluese e Studio Gang, e njohur p\u00ebr arkitektur\u00ebn skulpturale dhe t\u00eb angazhuar socialisht q\u00eb lidh njer\u00ebzit, ekologjin\u00eb dhe jet\u00ebn urbane. Nd\u00ebr projektet e saj m\u00eb t\u00eb famshme jan\u00eb rrokaqielli Aqua Tower n\u00eb \u00c7ikago, Qendra Arcus p\u00ebr Lidership t\u00eb Drejt\u00ebsis\u00eb Sociale n\u00eb Michigan, si dhe St. Regis Chicago (ish Vista Tower), t\u00eb cilat dallohen nga forma e tyre skulpturale dhe lidhja e fort\u00eb midis arkitektur\u00ebs, komunitetit dhe natyr\u00ebs.<\/p>\n\n\n\n<figure class=\"wp-block-image\" id=\"attachment_2802233\"><img decoding=\"async\" src=\"http:\/\/zadovoljna.nova.rs\/wp-content\/uploads\/2026\/03\/10\/1773144733-profimedia-0978734472-1024x683.jpg\" alt=\"\" class=\"wp-image-2802233\"\/><\/figure>\n\n\n\n<h2 class=\"wp-block-heading\">Lina Ghotmeh<\/h2>\n\n\n\n<figure class=\"wp-block-image\" id=\"attachment_2802248\"><img decoding=\"async\" src=\"http:\/\/zadovoljna.nova.rs\/wp-content\/uploads\/2026\/03\/10\/1773144944-profimedia-1020088864-1024x683.jpg\" alt=\"\" class=\"wp-image-2802248\"\/><\/figure>\n\n\n\n<p>Arkitekte franko-libaneze, puna e s\u00eb cil\u00ebs eksploron kujtes\u00ebn, materialin dhe kontekstin, duke krijuar arkitektur\u00eb q\u00eb rritet natyrsh\u00ebm nga mjedisi p\u00ebrreth. Nd\u00ebr projektet e saj m\u00eb t\u00eb famshme jan\u00eb kulla rezidenciale Stone Garden n\u00eb Bejrut, Muzeu Komb\u00ebtar Estonez n\u00eb Tartu (n\u00eb bashk\u00ebpunim me studion Dorell Ghotmeh Tane), si dhe Serpentine Pavilion n\u00eb Lond\u00ebr nga viti 2023, t\u00eb cilat eksplorojn\u00eb marr\u00ebdh\u00ebnien midis arkitektur\u00ebs, kujtes\u00ebs dhe vendit.<\/p>\n\n\n\n<figure class=\"wp-block-image\" id=\"attachment_2802253\"><img decoding=\"async\" src=\"http:\/\/zadovoljna.nova.rs\/wp-content\/uploads\/2026\/03\/10\/1773144949-profimedia-0782295525-1024x681.jpg\" alt=\"\" class=\"wp-image-2802253\"\/><\/figure>\n\n\n\n<h2 class=\"wp-block-heading\">Kazuyo Sejima<\/h2>\n\n\n\n<figure class=\"wp-block-image\" id=\"attachment_2802258\"><img decoding=\"async\" src=\"http:\/\/zadovoljna.nova.rs\/wp-content\/uploads\/2026\/03\/10\/1773145127-profimedia-1037801719-698x1024.jpg\" alt=\"\" class=\"wp-image-2802258\"\/><\/figure>\n\n\n\n<p>E lindur n\u00eb vitin 1956, Sejima \u00ebsht\u00eb nj\u00eb nga z\u00ebrat kryesor\u00eb t\u00eb arkitektur\u00ebs bashk\u00ebkohore. Si bashk\u00ebthemeluese e studios SANAA, puna e saj karakterizohet nga leht\u00ebsia, transparenca dhe kufijt\u00eb delikat\u00eb hap\u00ebsinor\u00eb, duke krijuar mjedise q\u00eb duken minimaliste, por n\u00eb t\u00eb nj\u00ebjt\u00ebn koh\u00eb thell\u00ebsisht njer\u00ebzore. Nd\u00ebr projektet e saj m\u00eb t\u00eb famshme jan\u00eb Muzeu i Artit Bashk\u00ebkohor i Shekullit 21 n\u00eb Kanazawa, Muzeu i Ri i Artit Bashk\u00ebkohor n\u00eb Nju Jork, Qendra e M\u00ebsimit Rolex n\u00eb Lozan\u00eb, si dhe Louvre-Lens n\u00eb Franc\u00eb, t\u00eb cilin e realizoi si pjes\u00eb e studios SANAA dhe q\u00eb jan\u00eb t\u00eb njohura p\u00ebr transparenc\u00ebn, drit\u00ebn dhe format e tyre minimaliste.<\/p>\n\n\n\n<figure class=\"wp-block-image\" id=\"attachment_2802262\"><img decoding=\"async\" src=\"http:\/\/zadovoljna.nova.rs\/wp-content\/uploads\/2026\/03\/10\/1773145132-profimedia-0566976323-1024x683.jpg\" alt=\"\" class=\"wp-image-2802262\"\/><\/figure>\n","protected":false},"excerpt":{"rendered":"<p>Arkitektura ka qen\u00eb nj\u00eb profesion i dominuar nga meshkujt p\u00ebr dekada t\u00eb t\u00ebra, por vitet e fundit nj\u00eb num\u00ebr gjithnj\u00eb e n\u00eb rritje i arkitekteve femra jo vet\u00ebm q\u00eb po ndryshojn\u00eb rregullat e loj\u00ebs, por edhe po form\u00ebsojn\u00eb m\u00ebnyr\u00ebn se si e kuptojm\u00eb hap\u00ebsir\u00ebn moderne. Projektet e tyre rip\u00ebrcaktojn\u00eb qytetet, prezantojn\u00eb ide t\u00eb reja rreth [&hellip;]<\/p>\n","protected":false},"author":4,"featured_media":13166,"comment_status":"open","ping_status":"open","sticky":false,"template":"","format":"standard","meta":{"footnotes":""},"categories":[38],"tags":[],"class_list":{"0":"post-13165","1":"post","2":"type-post","3":"status-publish","4":"format-standard","5":"has-post-thumbnail","7":"category-stil"},"yoast_head":"<!-- This site is optimized with the Yoast SEO plugin v27.4 - https:\/\/yoast.com\/product\/yoast-seo-wordpress\/ -->\n<title>K\u00ebto jan\u00eb arkitektet m\u00eb t\u00eb mira femra n\u00eb bot\u00eb q\u00eb e b\u00ebjn\u00eb bot\u00ebn nj\u00eb vend m\u00eb t\u00eb mir\u00eb - Kosova Times<\/title>\n<meta name=\"robots\" content=\"index, follow, max-snippet:-1, max-image-preview:large, max-video-preview:-1\" \/>\n<link rel=\"canonical\" href=\"https:\/\/kosovatimes.info\/index.php\/2026\/05\/03\/keto-jane-arkitektet-me-te-mira-femra-ne-bote-qe-e-bejne-boten-nje-vend-me-te-mire\/\" \/>\n<meta property=\"og:locale\" content=\"en_US\" \/>\n<meta property=\"og:type\" content=\"article\" \/>\n<meta property=\"og:title\" content=\"K\u00ebto jan\u00eb arkitektet m\u00eb t\u00eb mira femra n\u00eb bot\u00eb q\u00eb e b\u00ebjn\u00eb bot\u00ebn nj\u00eb vend m\u00eb t\u00eb mir\u00eb - Kosova Times\" \/>\n<meta property=\"og:description\" content=\"Arkitektura ka qen\u00eb nj\u00eb profesion i dominuar nga meshkujt p\u00ebr dekada t\u00eb t\u00ebra, por vitet e fundit nj\u00eb num\u00ebr gjithnj\u00eb e n\u00eb rritje i arkitekteve femra jo vet\u00ebm q\u00eb po ndryshojn\u00eb rregullat e loj\u00ebs, por edhe po form\u00ebsojn\u00eb m\u00ebnyr\u00ebn se si e kuptojm\u00eb hap\u00ebsir\u00ebn moderne. Projektet e tyre rip\u00ebrcaktojn\u00eb qytetet, prezantojn\u00eb ide t\u00eb reja rreth [&hellip;]\" \/>\n<meta property=\"og:url\" content=\"https:\/\/kosovatimes.info\/index.php\/2026\/05\/03\/keto-jane-arkitektet-me-te-mira-femra-ne-bote-qe-e-bejne-boten-nje-vend-me-te-mire\/\" \/>\n<meta property=\"og:site_name\" content=\"Kosova Times\" \/>\n<meta property=\"article:published_time\" content=\"2026-05-03T07:30:00+00:00\" \/>\n<meta property=\"og:image\" content=\"https:\/\/kosovatimes.info\/wp-content\/uploads\/2026\/05\/stephan.jpg\" \/>\n\t<meta property=\"og:image:width\" content=\"750\" \/>\n\t<meta property=\"og:image:height\" content=\"499\" \/>\n\t<meta property=\"og:image:type\" content=\"image\/jpeg\" \/>\n<meta name=\"author\" content=\"i l\" \/>\n<meta name=\"twitter:card\" content=\"summary_large_image\" \/>\n<meta name=\"twitter:label1\" content=\"Written by\" \/>\n\t<meta name=\"twitter:data1\" content=\"i l\" \/>\n\t<meta name=\"twitter:label2\" content=\"Est. reading time\" \/>\n\t<meta name=\"twitter:data2\" content=\"6 minutes\" \/>\n<script type=\"application\/ld+json\" class=\"yoast-schema-graph\">{\"@context\":\"https:\\\/\\\/schema.org\",\"@graph\":[{\"@type\":\"Article\",\"@id\":\"https:\\\/\\\/kosovatimes.info\\\/index.php\\\/2026\\\/05\\\/03\\\/keto-jane-arkitektet-me-te-mira-femra-ne-bote-qe-e-bejne-boten-nje-vend-me-te-mire\\\/#article\",\"isPartOf\":{\"@id\":\"https:\\\/\\\/kosovatimes.info\\\/index.php\\\/2026\\\/05\\\/03\\\/keto-jane-arkitektet-me-te-mira-femra-ne-bote-qe-e-bejne-boten-nje-vend-me-te-mire\\\/\"},\"author\":{\"name\":\"i l\",\"@id\":\"https:\\\/\\\/kosovatimes.info\\\/#\\\/schema\\\/person\\\/7586712b9c512fe68085de007378c915\"},\"headline\":\"K\u00ebto jan\u00eb arkitektet m\u00eb t\u00eb mira femra n\u00eb bot\u00eb q\u00eb e b\u00ebjn\u00eb bot\u00ebn nj\u00eb vend m\u00eb t\u00eb mir\u00eb\",\"datePublished\":\"2026-05-03T07:30:00+00:00\",\"mainEntityOfPage\":{\"@id\":\"https:\\\/\\\/kosovatimes.info\\\/index.php\\\/2026\\\/05\\\/03\\\/keto-jane-arkitektet-me-te-mira-femra-ne-bote-qe-e-bejne-boten-nje-vend-me-te-mire\\\/\"},\"wordCount\":815,\"commentCount\":0,\"image\":{\"@id\":\"https:\\\/\\\/kosovatimes.info\\\/index.php\\\/2026\\\/05\\\/03\\\/keto-jane-arkitektet-me-te-mira-femra-ne-bote-qe-e-bejne-boten-nje-vend-me-te-mire\\\/#primaryimage\"},\"thumbnailUrl\":\"https:\\\/\\\/kosovatimes.info\\\/wp-content\\\/uploads\\\/2026\\\/05\\\/stephan.jpg\",\"articleSection\":[\"Stil\"],\"inLanguage\":\"en-US\",\"potentialAction\":[{\"@type\":\"CommentAction\",\"name\":\"Comment\",\"target\":[\"https:\\\/\\\/kosovatimes.info\\\/index.php\\\/2026\\\/05\\\/03\\\/keto-jane-arkitektet-me-te-mira-femra-ne-bote-qe-e-bejne-boten-nje-vend-me-te-mire\\\/#respond\"]}]},{\"@type\":\"WebPage\",\"@id\":\"https:\\\/\\\/kosovatimes.info\\\/index.php\\\/2026\\\/05\\\/03\\\/keto-jane-arkitektet-me-te-mira-femra-ne-bote-qe-e-bejne-boten-nje-vend-me-te-mire\\\/\",\"url\":\"https:\\\/\\\/kosovatimes.info\\\/index.php\\\/2026\\\/05\\\/03\\\/keto-jane-arkitektet-me-te-mira-femra-ne-bote-qe-e-bejne-boten-nje-vend-me-te-mire\\\/\",\"name\":\"K\u00ebto jan\u00eb arkitektet m\u00eb t\u00eb mira femra n\u00eb bot\u00eb q\u00eb e b\u00ebjn\u00eb bot\u00ebn nj\u00eb vend m\u00eb t\u00eb mir\u00eb - Kosova Times\",\"isPartOf\":{\"@id\":\"https:\\\/\\\/kosovatimes.info\\\/#website\"},\"primaryImageOfPage\":{\"@id\":\"https:\\\/\\\/kosovatimes.info\\\/index.php\\\/2026\\\/05\\\/03\\\/keto-jane-arkitektet-me-te-mira-femra-ne-bote-qe-e-bejne-boten-nje-vend-me-te-mire\\\/#primaryimage\"},\"image\":{\"@id\":\"https:\\\/\\\/kosovatimes.info\\\/index.php\\\/2026\\\/05\\\/03\\\/keto-jane-arkitektet-me-te-mira-femra-ne-bote-qe-e-bejne-boten-nje-vend-me-te-mire\\\/#primaryimage\"},\"thumbnailUrl\":\"https:\\\/\\\/kosovatimes.info\\\/wp-content\\\/uploads\\\/2026\\\/05\\\/stephan.jpg\",\"datePublished\":\"2026-05-03T07:30:00+00:00\",\"author\":{\"@id\":\"https:\\\/\\\/kosovatimes.info\\\/#\\\/schema\\\/person\\\/7586712b9c512fe68085de007378c915\"},\"breadcrumb\":{\"@id\":\"https:\\\/\\\/kosovatimes.info\\\/index.php\\\/2026\\\/05\\\/03\\\/keto-jane-arkitektet-me-te-mira-femra-ne-bote-qe-e-bejne-boten-nje-vend-me-te-mire\\\/#breadcrumb\"},\"inLanguage\":\"en-US\",\"potentialAction\":[{\"@type\":\"ReadAction\",\"target\":[\"https:\\\/\\\/kosovatimes.info\\\/index.php\\\/2026\\\/05\\\/03\\\/keto-jane-arkitektet-me-te-mira-femra-ne-bote-qe-e-bejne-boten-nje-vend-me-te-mire\\\/\"]}]},{\"@type\":\"ImageObject\",\"inLanguage\":\"en-US\",\"@id\":\"https:\\\/\\\/kosovatimes.info\\\/index.php\\\/2026\\\/05\\\/03\\\/keto-jane-arkitektet-me-te-mira-femra-ne-bote-qe-e-bejne-boten-nje-vend-me-te-mire\\\/#primaryimage\",\"url\":\"https:\\\/\\\/kosovatimes.info\\\/wp-content\\\/uploads\\\/2026\\\/05\\\/stephan.jpg\",\"contentUrl\":\"https:\\\/\\\/kosovatimes.info\\\/wp-content\\\/uploads\\\/2026\\\/05\\\/stephan.jpg\",\"width\":750,\"height\":499,\"caption\":\"Image: 782279460, License: Rights-managed, Restrictions: Usage restrictions: Advertising and promotion,Commercial electronic,Consumer goods,Direct mail and brochures,Indoor display,Internal business usage,Personal use, Model Release: no, Credit line: Stephen Chung \\\/ Alamy \\\/ Profimedia\"},{\"@type\":\"BreadcrumbList\",\"@id\":\"https:\\\/\\\/kosovatimes.info\\\/index.php\\\/2026\\\/05\\\/03\\\/keto-jane-arkitektet-me-te-mira-femra-ne-bote-qe-e-bejne-boten-nje-vend-me-te-mire\\\/#breadcrumb\",\"itemListElement\":[{\"@type\":\"ListItem\",\"position\":1,\"name\":\"Home\",\"item\":\"https:\\\/\\\/kosovatimes.info\\\/\"},{\"@type\":\"ListItem\",\"position\":2,\"name\":\"K\u00ebto jan\u00eb arkitektet m\u00eb t\u00eb mira femra n\u00eb bot\u00eb q\u00eb e b\u00ebjn\u00eb bot\u00ebn nj\u00eb vend m\u00eb t\u00eb mir\u00eb\"}]},{\"@type\":\"WebSite\",\"@id\":\"https:\\\/\\\/kosovatimes.info\\\/#website\",\"url\":\"https:\\\/\\\/kosovatimes.info\\\/\",\"name\":\"Kosova Times\",\"description\":\"\",\"potentialAction\":[{\"@type\":\"SearchAction\",\"target\":{\"@type\":\"EntryPoint\",\"urlTemplate\":\"https:\\\/\\\/kosovatimes.info\\\/?s={search_term_string}\"},\"query-input\":{\"@type\":\"PropertyValueSpecification\",\"valueRequired\":true,\"valueName\":\"search_term_string\"}}],\"inLanguage\":\"en-US\"},{\"@type\":\"Person\",\"@id\":\"https:\\\/\\\/kosovatimes.info\\\/#\\\/schema\\\/person\\\/7586712b9c512fe68085de007378c915\",\"name\":\"i l\",\"image\":{\"@type\":\"ImageObject\",\"inLanguage\":\"en-US\",\"@id\":\"https:\\\/\\\/secure.gravatar.com\\\/avatar\\\/bad9296e02816160ae2e2435beda58222022298d5625d49fea74d18816fbb31d?s=96&d=mm&r=g\",\"url\":\"https:\\\/\\\/secure.gravatar.com\\\/avatar\\\/bad9296e02816160ae2e2435beda58222022298d5625d49fea74d18816fbb31d?s=96&d=mm&r=g\",\"contentUrl\":\"https:\\\/\\\/secure.gravatar.com\\\/avatar\\\/bad9296e02816160ae2e2435beda58222022298d5625d49fea74d18816fbb31d?s=96&d=mm&r=g\",\"caption\":\"i l\"},\"url\":\"https:\\\/\\\/kosovatimes.info\\\/index.php\\\/author\\\/iliri\\\/\"}]}<\/script>\n<!-- \/ Yoast SEO plugin. -->","yoast_head_json":{"title":"K\u00ebto jan\u00eb arkitektet m\u00eb t\u00eb mira femra n\u00eb bot\u00eb q\u00eb e b\u00ebjn\u00eb bot\u00ebn nj\u00eb vend m\u00eb t\u00eb mir\u00eb - Kosova Times","robots":{"index":"index","follow":"follow","max-snippet":"max-snippet:-1","max-image-preview":"max-image-preview:large","max-video-preview":"max-video-preview:-1"},"canonical":"https:\/\/kosovatimes.info\/index.php\/2026\/05\/03\/keto-jane-arkitektet-me-te-mira-femra-ne-bote-qe-e-bejne-boten-nje-vend-me-te-mire\/","og_locale":"en_US","og_type":"article","og_title":"K\u00ebto jan\u00eb arkitektet m\u00eb t\u00eb mira femra n\u00eb bot\u00eb q\u00eb e b\u00ebjn\u00eb bot\u00ebn nj\u00eb vend m\u00eb t\u00eb mir\u00eb - Kosova Times","og_description":"Arkitektura ka qen\u00eb nj\u00eb profesion i dominuar nga meshkujt p\u00ebr dekada t\u00eb t\u00ebra, por vitet e fundit nj\u00eb num\u00ebr gjithnj\u00eb e n\u00eb rritje i arkitekteve femra jo vet\u00ebm q\u00eb po ndryshojn\u00eb rregullat e loj\u00ebs, por edhe po form\u00ebsojn\u00eb m\u00ebnyr\u00ebn se si e kuptojm\u00eb hap\u00ebsir\u00ebn moderne. Projektet e tyre rip\u00ebrcaktojn\u00eb qytetet, prezantojn\u00eb ide t\u00eb reja rreth [&hellip;]","og_url":"https:\/\/kosovatimes.info\/index.php\/2026\/05\/03\/keto-jane-arkitektet-me-te-mira-femra-ne-bote-qe-e-bejne-boten-nje-vend-me-te-mire\/","og_site_name":"Kosova Times","article_published_time":"2026-05-03T07:30:00+00:00","og_image":[{"width":750,"height":499,"url":"https:\/\/kosovatimes.info\/wp-content\/uploads\/2026\/05\/stephan.jpg","type":"image\/jpeg"}],"author":"i l","twitter_card":"summary_large_image","twitter_misc":{"Written by":"i l","Est. reading time":"6 minutes"},"schema":{"@context":"https:\/\/schema.org","@graph":[{"@type":"Article","@id":"https:\/\/kosovatimes.info\/index.php\/2026\/05\/03\/keto-jane-arkitektet-me-te-mira-femra-ne-bote-qe-e-bejne-boten-nje-vend-me-te-mire\/#article","isPartOf":{"@id":"https:\/\/kosovatimes.info\/index.php\/2026\/05\/03\/keto-jane-arkitektet-me-te-mira-femra-ne-bote-qe-e-bejne-boten-nje-vend-me-te-mire\/"},"author":{"name":"i l","@id":"https:\/\/kosovatimes.info\/#\/schema\/person\/7586712b9c512fe68085de007378c915"},"headline":"K\u00ebto jan\u00eb arkitektet m\u00eb t\u00eb mira femra n\u00eb bot\u00eb q\u00eb e b\u00ebjn\u00eb bot\u00ebn nj\u00eb vend m\u00eb t\u00eb mir\u00eb","datePublished":"2026-05-03T07:30:00+00:00","mainEntityOfPage":{"@id":"https:\/\/kosovatimes.info\/index.php\/2026\/05\/03\/keto-jane-arkitektet-me-te-mira-femra-ne-bote-qe-e-bejne-boten-nje-vend-me-te-mire\/"},"wordCount":815,"commentCount":0,"image":{"@id":"https:\/\/kosovatimes.info\/index.php\/2026\/05\/03\/keto-jane-arkitektet-me-te-mira-femra-ne-bote-qe-e-bejne-boten-nje-vend-me-te-mire\/#primaryimage"},"thumbnailUrl":"https:\/\/kosovatimes.info\/wp-content\/uploads\/2026\/05\/stephan.jpg","articleSection":["Stil"],"inLanguage":"en-US","potentialAction":[{"@type":"CommentAction","name":"Comment","target":["https:\/\/kosovatimes.info\/index.php\/2026\/05\/03\/keto-jane-arkitektet-me-te-mira-femra-ne-bote-qe-e-bejne-boten-nje-vend-me-te-mire\/#respond"]}]},{"@type":"WebPage","@id":"https:\/\/kosovatimes.info\/index.php\/2026\/05\/03\/keto-jane-arkitektet-me-te-mira-femra-ne-bote-qe-e-bejne-boten-nje-vend-me-te-mire\/","url":"https:\/\/kosovatimes.info\/index.php\/2026\/05\/03\/keto-jane-arkitektet-me-te-mira-femra-ne-bote-qe-e-bejne-boten-nje-vend-me-te-mire\/","name":"K\u00ebto jan\u00eb arkitektet m\u00eb t\u00eb mira femra n\u00eb bot\u00eb q\u00eb e b\u00ebjn\u00eb bot\u00ebn nj\u00eb vend m\u00eb t\u00eb mir\u00eb - Kosova Times","isPartOf":{"@id":"https:\/\/kosovatimes.info\/#website"},"primaryImageOfPage":{"@id":"https:\/\/kosovatimes.info\/index.php\/2026\/05\/03\/keto-jane-arkitektet-me-te-mira-femra-ne-bote-qe-e-bejne-boten-nje-vend-me-te-mire\/#primaryimage"},"image":{"@id":"https:\/\/kosovatimes.info\/index.php\/2026\/05\/03\/keto-jane-arkitektet-me-te-mira-femra-ne-bote-qe-e-bejne-boten-nje-vend-me-te-mire\/#primaryimage"},"thumbnailUrl":"https:\/\/kosovatimes.info\/wp-content\/uploads\/2026\/05\/stephan.jpg","datePublished":"2026-05-03T07:30:00+00:00","author":{"@id":"https:\/\/kosovatimes.info\/#\/schema\/person\/7586712b9c512fe68085de007378c915"},"breadcrumb":{"@id":"https:\/\/kosovatimes.info\/index.php\/2026\/05\/03\/keto-jane-arkitektet-me-te-mira-femra-ne-bote-qe-e-bejne-boten-nje-vend-me-te-mire\/#breadcrumb"},"inLanguage":"en-US","potentialAction":[{"@type":"ReadAction","target":["https:\/\/kosovatimes.info\/index.php\/2026\/05\/03\/keto-jane-arkitektet-me-te-mira-femra-ne-bote-qe-e-bejne-boten-nje-vend-me-te-mire\/"]}]},{"@type":"ImageObject","inLanguage":"en-US","@id":"https:\/\/kosovatimes.info\/index.php\/2026\/05\/03\/keto-jane-arkitektet-me-te-mira-femra-ne-bote-qe-e-bejne-boten-nje-vend-me-te-mire\/#primaryimage","url":"https:\/\/kosovatimes.info\/wp-content\/uploads\/2026\/05\/stephan.jpg","contentUrl":"https:\/\/kosovatimes.info\/wp-content\/uploads\/2026\/05\/stephan.jpg","width":750,"height":499,"caption":"Image: 782279460, License: Rights-managed, Restrictions: Usage restrictions: Advertising and promotion,Commercial electronic,Consumer goods,Direct mail and brochures,Indoor display,Internal business usage,Personal use, Model Release: no, Credit line: Stephen Chung \/ Alamy \/ Profimedia"},{"@type":"BreadcrumbList","@id":"https:\/\/kosovatimes.info\/index.php\/2026\/05\/03\/keto-jane-arkitektet-me-te-mira-femra-ne-bote-qe-e-bejne-boten-nje-vend-me-te-mire\/#breadcrumb","itemListElement":[{"@type":"ListItem","position":1,"name":"Home","item":"https:\/\/kosovatimes.info\/"},{"@type":"ListItem","position":2,"name":"K\u00ebto jan\u00eb arkitektet m\u00eb t\u00eb mira femra n\u00eb bot\u00eb q\u00eb e b\u00ebjn\u00eb bot\u00ebn nj\u00eb vend m\u00eb t\u00eb mir\u00eb"}]},{"@type":"WebSite","@id":"https:\/\/kosovatimes.info\/#website","url":"https:\/\/kosovatimes.info\/","name":"Kosova Times","description":"","potentialAction":[{"@type":"SearchAction","target":{"@type":"EntryPoint","urlTemplate":"https:\/\/kosovatimes.info\/?s={search_term_string}"},"query-input":{"@type":"PropertyValueSpecification","valueRequired":true,"valueName":"search_term_string"}}],"inLanguage":"en-US"},{"@type":"Person","@id":"https:\/\/kosovatimes.info\/#\/schema\/person\/7586712b9c512fe68085de007378c915","name":"i l","image":{"@type":"ImageObject","inLanguage":"en-US","@id":"https:\/\/secure.gravatar.com\/avatar\/bad9296e02816160ae2e2435beda58222022298d5625d49fea74d18816fbb31d?s=96&d=mm&r=g","url":"https:\/\/secure.gravatar.com\/avatar\/bad9296e02816160ae2e2435beda58222022298d5625d49fea74d18816fbb31d?s=96&d=mm&r=g","contentUrl":"https:\/\/secure.gravatar.com\/avatar\/bad9296e02816160ae2e2435beda58222022298d5625d49fea74d18816fbb31d?s=96&d=mm&r=g","caption":"i l"},"url":"https:\/\/kosovatimes.info\/index.php\/author\/iliri\/"}]}},"_links":{"self":[{"href":"https:\/\/kosovatimes.info\/index.php\/wp-json\/wp\/v2\/posts\/13165","targetHints":{"allow":["GET"]}}],"collection":[{"href":"https:\/\/kosovatimes.info\/index.php\/wp-json\/wp\/v2\/posts"}],"about":[{"href":"https:\/\/kosovatimes.info\/index.php\/wp-json\/wp\/v2\/types\/post"}],"author":[{"embeddable":true,"href":"https:\/\/kosovatimes.info\/index.php\/wp-json\/wp\/v2\/users\/4"}],"replies":[{"embeddable":true,"href":"https:\/\/kosovatimes.info\/index.php\/wp-json\/wp\/v2\/comments?post=13165"}],"version-history":[{"count":1,"href":"https:\/\/kosovatimes.info\/index.php\/wp-json\/wp\/v2\/posts\/13165\/revisions"}],"predecessor-version":[{"id":13167,"href":"https:\/\/kosovatimes.info\/index.php\/wp-json\/wp\/v2\/posts\/13165\/revisions\/13167"}],"wp:featuredmedia":[{"embeddable":true,"href":"https:\/\/kosovatimes.info\/index.php\/wp-json\/wp\/v2\/media\/13166"}],"wp:attachment":[{"href":"https:\/\/kosovatimes.info\/index.php\/wp-json\/wp\/v2\/media?parent=13165"}],"wp:term":[{"taxonomy":"category","embeddable":true,"href":"https:\/\/kosovatimes.info\/index.php\/wp-json\/wp\/v2\/categories?post=13165"},{"taxonomy":"post_tag","embeddable":true,"href":"https:\/\/kosovatimes.info\/index.php\/wp-json\/wp\/v2\/tags?post=13165"}],"curies":[{"name":"wp","href":"https:\/\/api.w.org\/{rel}","templated":true}]}}