{"id":13173,"date":"2026-05-03T09:10:00","date_gmt":"2026-05-03T07:10:00","guid":{"rendered":"https:\/\/kosovatimes.info\/?p=13173"},"modified":"2026-05-03T11:30:41","modified_gmt":"2026-05-03T09:30:41","slug":"policia-nis-hetimet-per-vdekjen-e-nje-gruaje-ne-podujeve","status":"publish","type":"post","link":"https:\/\/kosovatimes.info\/index.php\/2026\/05\/03\/policia-nis-hetimet-per-vdekjen-e-nje-gruaje-ne-podujeve\/","title":{"rendered":"Policia nis hetimet p\u00ebr vdekjen e nj\u00eb gruaje n\u00eb Podujev\u00eb"},"content":{"rendered":"\n<p><strong>Nj\u00eb grua rreth mosh\u00ebs 44-vje\u00e7are \u00ebsht\u00eb d\u00ebrguar nga familjar\u00ebt n\u00eb Qendr\u00ebn e Urgjenc\u00ebs n\u00eb Podujev\u00eb, ku mjeku kujdestar ka konstatuar vdekjen e saj.<\/strong><\/p>\n\n\n\n<p>Sipas njoftimit nga Policia, me vendim t\u00eb prokurorit, trupi i pajet\u00eb \u00ebsht\u00eb d\u00ebrguar p\u00ebr obduksion n\u00eb Institutin e Mjek\u00ebsis\u00eb Ligjore n\u00eb Prishtin\u00eb.<br>Rasti \u00ebsht\u00eb duke u hetuar.<\/p>\n","protected":false},"excerpt":{"rendered":"<p>Nj\u00eb grua rreth mosh\u00ebs 44-vje\u00e7are \u00ebsht\u00eb d\u00ebrguar nga familjar\u00ebt n\u00eb Qendr\u00ebn e Urgjenc\u00ebs n\u00eb Podujev\u00eb, ku mjeku kujdestar ka konstatuar vdekjen e saj. Sipas njoftimit nga Policia, me vendim t\u00eb prokurorit, trupi i pajet\u00eb \u00ebsht\u00eb d\u00ebrguar p\u00ebr obduksion n\u00eb Institutin e Mjek\u00ebsis\u00eb Ligjore n\u00eb Prishtin\u00eb.Rasti \u00ebsht\u00eb duke u hetuar.<\/p>\n","protected":false},"author":4,"featured_media":9502,"comment_status":"open","ping_status":"open","sticky":false,"template":"","format":"standard","meta":{"footnotes":""},"categories":[31,30],"tags":[],"class_list":{"0":"post-13173","1":"post","2":"type-post","3":"status-publish","4":"format-standard","5":"has-post-thumbnail","7":"category-kosove","8":"category-lajme"},"yoast_head":"<!-- This site is optimized with the Yoast SEO plugin v27.4 - https:\/\/yoast.com\/product\/yoast-seo-wordpress\/ -->\n<title>Policia nis hetimet p\u00ebr vdekjen e nj\u00eb gruaje n\u00eb Podujev\u00eb - Kosova Times<\/title>\n<meta name=\"robots\" content=\"index, follow, max-snippet:-1, max-image-preview:large, max-video-preview:-1\" \/>\n<link rel=\"canonical\" href=\"https:\/\/kosovatimes.info\/index.php\/2026\/05\/03\/policia-nis-hetimet-per-vdekjen-e-nje-gruaje-ne-podujeve\/\" \/>\n<meta property=\"og:locale\" content=\"en_US\" \/>\n<meta property=\"og:type\" content=\"article\" \/>\n<meta property=\"og:title\" content=\"Policia nis hetimet p\u00ebr vdekjen e nj\u00eb gruaje n\u00eb Podujev\u00eb - Kosova Times\" \/>\n<meta property=\"og:description\" content=\"Nj\u00eb grua rreth mosh\u00ebs 44-vje\u00e7are \u00ebsht\u00eb d\u00ebrguar nga familjar\u00ebt n\u00eb Qendr\u00ebn e Urgjenc\u00ebs n\u00eb Podujev\u00eb, ku mjeku kujdestar ka konstatuar vdekjen e saj. Sipas njoftimit nga Policia, me vendim t\u00eb prokurorit, trupi i pajet\u00eb \u00ebsht\u00eb d\u00ebrguar p\u00ebr obduksion n\u00eb Institutin e Mjek\u00ebsis\u00eb Ligjore n\u00eb Prishtin\u00eb.Rasti \u00ebsht\u00eb duke u hetuar.\" \/>\n<meta property=\"og:url\" content=\"https:\/\/kosovatimes.info\/index.php\/2026\/05\/03\/policia-nis-hetimet-per-vdekjen-e-nje-gruaje-ne-podujeve\/\" \/>\n<meta property=\"og:site_name\" content=\"Kosova Times\" \/>\n<meta property=\"article:published_time\" content=\"2026-05-03T07:10:00+00:00\" \/>\n<meta property=\"article:modified_time\" content=\"2026-05-03T09:30:41+00:00\" \/>\n<meta property=\"og:image\" content=\"https:\/\/kosovatimes.info\/wp-content\/uploads\/2026\/04\/policia-1.jpeg\" \/>\n\t<meta property=\"og:image:width\" content=\"300\" \/>\n\t<meta property=\"og:image:height\" content=\"168\" \/>\n\t<meta property=\"og:image:type\" content=\"image\/jpeg\" \/>\n<meta name=\"author\" content=\"i l\" \/>\n<meta name=\"twitter:card\" content=\"summary_large_image\" \/>\n<meta name=\"twitter:label1\" content=\"Written by\" \/>\n\t<meta name=\"twitter:data1\" content=\"i l\" \/>\n\t<meta name=\"twitter:label2\" content=\"Est. reading time\" \/>\n\t<meta name=\"twitter:data2\" content=\"1 minute\" \/>\n<script type=\"application\/ld+json\" class=\"yoast-schema-graph\">{\"@context\":\"https:\\\/\\\/schema.org\",\"@graph\":[{\"@type\":\"Article\",\"@id\":\"https:\\\/\\\/kosovatimes.info\\\/index.php\\\/2026\\\/05\\\/03\\\/policia-nis-hetimet-per-vdekjen-e-nje-gruaje-ne-podujeve\\\/#article\",\"isPartOf\":{\"@id\":\"https:\\\/\\\/kosovatimes.info\\\/index.php\\\/2026\\\/05\\\/03\\\/policia-nis-hetimet-per-vdekjen-e-nje-gruaje-ne-podujeve\\\/\"},\"author\":{\"name\":\"i l\",\"@id\":\"https:\\\/\\\/kosovatimes.info\\\/#\\\/schema\\\/person\\\/7586712b9c512fe68085de007378c915\"},\"headline\":\"Policia nis hetimet p\u00ebr vdekjen e nj\u00eb gruaje n\u00eb Podujev\u00eb\",\"datePublished\":\"2026-05-03T07:10:00+00:00\",\"dateModified\":\"2026-05-03T09:30:41+00:00\",\"mainEntityOfPage\":{\"@id\":\"https:\\\/\\\/kosovatimes.info\\\/index.php\\\/2026\\\/05\\\/03\\\/policia-nis-hetimet-per-vdekjen-e-nje-gruaje-ne-podujeve\\\/\"},\"wordCount\":70,\"commentCount\":0,\"image\":{\"@id\":\"https:\\\/\\\/kosovatimes.info\\\/index.php\\\/2026\\\/05\\\/03\\\/policia-nis-hetimet-per-vdekjen-e-nje-gruaje-ne-podujeve\\\/#primaryimage\"},\"thumbnailUrl\":\"https:\\\/\\\/kosovatimes.info\\\/wp-content\\\/uploads\\\/2026\\\/04\\\/policia-1.jpeg\",\"articleSection\":[\"Kosov\u00eb\",\"Lajme\"],\"inLanguage\":\"en-US\",\"potentialAction\":[{\"@type\":\"CommentAction\",\"name\":\"Comment\",\"target\":[\"https:\\\/\\\/kosovatimes.info\\\/index.php\\\/2026\\\/05\\\/03\\\/policia-nis-hetimet-per-vdekjen-e-nje-gruaje-ne-podujeve\\\/#respond\"]}]},{\"@type\":\"WebPage\",\"@id\":\"https:\\\/\\\/kosovatimes.info\\\/index.php\\\/2026\\\/05\\\/03\\\/policia-nis-hetimet-per-vdekjen-e-nje-gruaje-ne-podujeve\\\/\",\"url\":\"https:\\\/\\\/kosovatimes.info\\\/index.php\\\/2026\\\/05\\\/03\\\/policia-nis-hetimet-per-vdekjen-e-nje-gruaje-ne-podujeve\\\/\",\"name\":\"Policia nis hetimet p\u00ebr vdekjen e nj\u00eb gruaje n\u00eb Podujev\u00eb - Kosova Times\",\"isPartOf\":{\"@id\":\"https:\\\/\\\/kosovatimes.info\\\/#website\"},\"primaryImageOfPage\":{\"@id\":\"https:\\\/\\\/kosovatimes.info\\\/index.php\\\/2026\\\/05\\\/03\\\/policia-nis-hetimet-per-vdekjen-e-nje-gruaje-ne-podujeve\\\/#primaryimage\"},\"image\":{\"@id\":\"https:\\\/\\\/kosovatimes.info\\\/index.php\\\/2026\\\/05\\\/03\\\/policia-nis-hetimet-per-vdekjen-e-nje-gruaje-ne-podujeve\\\/#primaryimage\"},\"thumbnailUrl\":\"https:\\\/\\\/kosovatimes.info\\\/wp-content\\\/uploads\\\/2026\\\/04\\\/policia-1.jpeg\",\"datePublished\":\"2026-05-03T07:10:00+00:00\",\"dateModified\":\"2026-05-03T09:30:41+00:00\",\"author\":{\"@id\":\"https:\\\/\\\/kosovatimes.info\\\/#\\\/schema\\\/person\\\/7586712b9c512fe68085de007378c915\"},\"breadcrumb\":{\"@id\":\"https:\\\/\\\/kosovatimes.info\\\/index.php\\\/2026\\\/05\\\/03\\\/policia-nis-hetimet-per-vdekjen-e-nje-gruaje-ne-podujeve\\\/#breadcrumb\"},\"inLanguage\":\"en-US\",\"potentialAction\":[{\"@type\":\"ReadAction\",\"target\":[\"https:\\\/\\\/kosovatimes.info\\\/index.php\\\/2026\\\/05\\\/03\\\/policia-nis-hetimet-per-vdekjen-e-nje-gruaje-ne-podujeve\\\/\"]}]},{\"@type\":\"ImageObject\",\"inLanguage\":\"en-US\",\"@id\":\"https:\\\/\\\/kosovatimes.info\\\/index.php\\\/2026\\\/05\\\/03\\\/policia-nis-hetimet-per-vdekjen-e-nje-gruaje-ne-podujeve\\\/#primaryimage\",\"url\":\"https:\\\/\\\/kosovatimes.info\\\/wp-content\\\/uploads\\\/2026\\\/04\\\/policia-1.jpeg\",\"contentUrl\":\"https:\\\/\\\/kosovatimes.info\\\/wp-content\\\/uploads\\\/2026\\\/04\\\/policia-1.jpeg\",\"width\":300,\"height\":168},{\"@type\":\"BreadcrumbList\",\"@id\":\"https:\\\/\\\/kosovatimes.info\\\/index.php\\\/2026\\\/05\\\/03\\\/policia-nis-hetimet-per-vdekjen-e-nje-gruaje-ne-podujeve\\\/#breadcrumb\",\"itemListElement\":[{\"@type\":\"ListItem\",\"position\":1,\"name\":\"Home\",\"item\":\"https:\\\/\\\/kosovatimes.info\\\/\"},{\"@type\":\"ListItem\",\"position\":2,\"name\":\"Policia nis hetimet p\u00ebr vdekjen e nj\u00eb gruaje n\u00eb Podujev\u00eb\"}]},{\"@type\":\"WebSite\",\"@id\":\"https:\\\/\\\/kosovatimes.info\\\/#website\",\"url\":\"https:\\\/\\\/kosovatimes.info\\\/\",\"name\":\"Kosova Times\",\"description\":\"\",\"potentialAction\":[{\"@type\":\"SearchAction\",\"target\":{\"@type\":\"EntryPoint\",\"urlTemplate\":\"https:\\\/\\\/kosovatimes.info\\\/?s={search_term_string}\"},\"query-input\":{\"@type\":\"PropertyValueSpecification\",\"valueRequired\":true,\"valueName\":\"search_term_string\"}}],\"inLanguage\":\"en-US\"},{\"@type\":\"Person\",\"@id\":\"https:\\\/\\\/kosovatimes.info\\\/#\\\/schema\\\/person\\\/7586712b9c512fe68085de007378c915\",\"name\":\"i l\",\"image\":{\"@type\":\"ImageObject\",\"inLanguage\":\"en-US\",\"@id\":\"https:\\\/\\\/secure.gravatar.com\\\/avatar\\\/bad9296e02816160ae2e2435beda58222022298d5625d49fea74d18816fbb31d?s=96&d=mm&r=g\",\"url\":\"https:\\\/\\\/secure.gravatar.com\\\/avatar\\\/bad9296e02816160ae2e2435beda58222022298d5625d49fea74d18816fbb31d?s=96&d=mm&r=g\",\"contentUrl\":\"https:\\\/\\\/secure.gravatar.com\\\/avatar\\\/bad9296e02816160ae2e2435beda58222022298d5625d49fea74d18816fbb31d?s=96&d=mm&r=g\",\"caption\":\"i l\"},\"url\":\"https:\\\/\\\/kosovatimes.info\\\/index.php\\\/author\\\/iliri\\\/\"}]}<\/script>\n<!-- \/ Yoast SEO plugin. -->","yoast_head_json":{"title":"Policia nis hetimet p\u00ebr vdekjen e nj\u00eb gruaje n\u00eb Podujev\u00eb - Kosova Times","robots":{"index":"index","follow":"follow","max-snippet":"max-snippet:-1","max-image-preview":"max-image-preview:large","max-video-preview":"max-video-preview:-1"},"canonical":"https:\/\/kosovatimes.info\/index.php\/2026\/05\/03\/policia-nis-hetimet-per-vdekjen-e-nje-gruaje-ne-podujeve\/","og_locale":"en_US","og_type":"article","og_title":"Policia nis hetimet p\u00ebr vdekjen e nj\u00eb gruaje n\u00eb Podujev\u00eb - Kosova Times","og_description":"Nj\u00eb grua rreth mosh\u00ebs 44-vje\u00e7are \u00ebsht\u00eb d\u00ebrguar nga familjar\u00ebt n\u00eb Qendr\u00ebn e Urgjenc\u00ebs n\u00eb Podujev\u00eb, ku mjeku kujdestar ka konstatuar vdekjen e saj. Sipas njoftimit nga Policia, me vendim t\u00eb prokurorit, trupi i pajet\u00eb \u00ebsht\u00eb d\u00ebrguar p\u00ebr obduksion n\u00eb Institutin e Mjek\u00ebsis\u00eb Ligjore n\u00eb Prishtin\u00eb.Rasti \u00ebsht\u00eb duke u hetuar.","og_url":"https:\/\/kosovatimes.info\/index.php\/2026\/05\/03\/policia-nis-hetimet-per-vdekjen-e-nje-gruaje-ne-podujeve\/","og_site_name":"Kosova Times","article_published_time":"2026-05-03T07:10:00+00:00","article_modified_time":"2026-05-03T09:30:41+00:00","og_image":[{"width":300,"height":168,"url":"https:\/\/kosovatimes.info\/wp-content\/uploads\/2026\/04\/policia-1.jpeg","type":"image\/jpeg"}],"author":"i l","twitter_card":"summary_large_image","twitter_misc":{"Written by":"i l","Est. reading time":"1 minute"},"schema":{"@context":"https:\/\/schema.org","@graph":[{"@type":"Article","@id":"https:\/\/kosovatimes.info\/index.php\/2026\/05\/03\/policia-nis-hetimet-per-vdekjen-e-nje-gruaje-ne-podujeve\/#article","isPartOf":{"@id":"https:\/\/kosovatimes.info\/index.php\/2026\/05\/03\/policia-nis-hetimet-per-vdekjen-e-nje-gruaje-ne-podujeve\/"},"author":{"name":"i l","@id":"https:\/\/kosovatimes.info\/#\/schema\/person\/7586712b9c512fe68085de007378c915"},"headline":"Policia nis hetimet p\u00ebr vdekjen e nj\u00eb gruaje n\u00eb Podujev\u00eb","datePublished":"2026-05-03T07:10:00+00:00","dateModified":"2026-05-03T09:30:41+00:00","mainEntityOfPage":{"@id":"https:\/\/kosovatimes.info\/index.php\/2026\/05\/03\/policia-nis-hetimet-per-vdekjen-e-nje-gruaje-ne-podujeve\/"},"wordCount":70,"commentCount":0,"image":{"@id":"https:\/\/kosovatimes.info\/index.php\/2026\/05\/03\/policia-nis-hetimet-per-vdekjen-e-nje-gruaje-ne-podujeve\/#primaryimage"},"thumbnailUrl":"https:\/\/kosovatimes.info\/wp-content\/uploads\/2026\/04\/policia-1.jpeg","articleSection":["Kosov\u00eb","Lajme"],"inLanguage":"en-US","potentialAction":[{"@type":"CommentAction","name":"Comment","target":["https:\/\/kosovatimes.info\/index.php\/2026\/05\/03\/policia-nis-hetimet-per-vdekjen-e-nje-gruaje-ne-podujeve\/#respond"]}]},{"@type":"WebPage","@id":"https:\/\/kosovatimes.info\/index.php\/2026\/05\/03\/policia-nis-hetimet-per-vdekjen-e-nje-gruaje-ne-podujeve\/","url":"https:\/\/kosovatimes.info\/index.php\/2026\/05\/03\/policia-nis-hetimet-per-vdekjen-e-nje-gruaje-ne-podujeve\/","name":"Policia nis hetimet p\u00ebr vdekjen e nj\u00eb gruaje n\u00eb Podujev\u00eb - Kosova Times","isPartOf":{"@id":"https:\/\/kosovatimes.info\/#website"},"primaryImageOfPage":{"@id":"https:\/\/kosovatimes.info\/index.php\/2026\/05\/03\/policia-nis-hetimet-per-vdekjen-e-nje-gruaje-ne-podujeve\/#primaryimage"},"image":{"@id":"https:\/\/kosovatimes.info\/index.php\/2026\/05\/03\/policia-nis-hetimet-per-vdekjen-e-nje-gruaje-ne-podujeve\/#primaryimage"},"thumbnailUrl":"https:\/\/kosovatimes.info\/wp-content\/uploads\/2026\/04\/policia-1.jpeg","datePublished":"2026-05-03T07:10:00+00:00","dateModified":"2026-05-03T09:30:41+00:00","author":{"@id":"https:\/\/kosovatimes.info\/#\/schema\/person\/7586712b9c512fe68085de007378c915"},"breadcrumb":{"@id":"https:\/\/kosovatimes.info\/index.php\/2026\/05\/03\/policia-nis-hetimet-per-vdekjen-e-nje-gruaje-ne-podujeve\/#breadcrumb"},"inLanguage":"en-US","potentialAction":[{"@type":"ReadAction","target":["https:\/\/kosovatimes.info\/index.php\/2026\/05\/03\/policia-nis-hetimet-per-vdekjen-e-nje-gruaje-ne-podujeve\/"]}]},{"@type":"ImageObject","inLanguage":"en-US","@id":"https:\/\/kosovatimes.info\/index.php\/2026\/05\/03\/policia-nis-hetimet-per-vdekjen-e-nje-gruaje-ne-podujeve\/#primaryimage","url":"https:\/\/kosovatimes.info\/wp-content\/uploads\/2026\/04\/policia-1.jpeg","contentUrl":"https:\/\/kosovatimes.info\/wp-content\/uploads\/2026\/04\/policia-1.jpeg","width":300,"height":168},{"@type":"BreadcrumbList","@id":"https:\/\/kosovatimes.info\/index.php\/2026\/05\/03\/policia-nis-hetimet-per-vdekjen-e-nje-gruaje-ne-podujeve\/#breadcrumb","itemListElement":[{"@type":"ListItem","position":1,"name":"Home","item":"https:\/\/kosovatimes.info\/"},{"@type":"ListItem","position":2,"name":"Policia nis hetimet p\u00ebr vdekjen e nj\u00eb gruaje n\u00eb Podujev\u00eb"}]},{"@type":"WebSite","@id":"https:\/\/kosovatimes.info\/#website","url":"https:\/\/kosovatimes.info\/","name":"Kosova Times","description":"","potentialAction":[{"@type":"SearchAction","target":{"@type":"EntryPoint","urlTemplate":"https:\/\/kosovatimes.info\/?s={search_term_string}"},"query-input":{"@type":"PropertyValueSpecification","valueRequired":true,"valueName":"search_term_string"}}],"inLanguage":"en-US"},{"@type":"Person","@id":"https:\/\/kosovatimes.info\/#\/schema\/person\/7586712b9c512fe68085de007378c915","name":"i l","image":{"@type":"ImageObject","inLanguage":"en-US","@id":"https:\/\/secure.gravatar.com\/avatar\/bad9296e02816160ae2e2435beda58222022298d5625d49fea74d18816fbb31d?s=96&d=mm&r=g","url":"https:\/\/secure.gravatar.com\/avatar\/bad9296e02816160ae2e2435beda58222022298d5625d49fea74d18816fbb31d?s=96&d=mm&r=g","contentUrl":"https:\/\/secure.gravatar.com\/avatar\/bad9296e02816160ae2e2435beda58222022298d5625d49fea74d18816fbb31d?s=96&d=mm&r=g","caption":"i l"},"url":"https:\/\/kosovatimes.info\/index.php\/author\/iliri\/"}]}},"_links":{"self":[{"href":"https:\/\/kosovatimes.info\/index.php\/wp-json\/wp\/v2\/posts\/13173","targetHints":{"allow":["GET"]}}],"collection":[{"href":"https:\/\/kosovatimes.info\/index.php\/wp-json\/wp\/v2\/posts"}],"about":[{"href":"https:\/\/kosovatimes.info\/index.php\/wp-json\/wp\/v2\/types\/post"}],"author":[{"embeddable":true,"href":"https:\/\/kosovatimes.info\/index.php\/wp-json\/wp\/v2\/users\/4"}],"replies":[{"embeddable":true,"href":"https:\/\/kosovatimes.info\/index.php\/wp-json\/wp\/v2\/comments?post=13173"}],"version-history":[{"count":1,"href":"https:\/\/kosovatimes.info\/index.php\/wp-json\/wp\/v2\/posts\/13173\/revisions"}],"predecessor-version":[{"id":13174,"href":"https:\/\/kosovatimes.info\/index.php\/wp-json\/wp\/v2\/posts\/13173\/revisions\/13174"}],"wp:featuredmedia":[{"embeddable":true,"href":"https:\/\/kosovatimes.info\/index.php\/wp-json\/wp\/v2\/media\/9502"}],"wp:attachment":[{"href":"https:\/\/kosovatimes.info\/index.php\/wp-json\/wp\/v2\/media?parent=13173"}],"wp:term":[{"taxonomy":"category","embeddable":true,"href":"https:\/\/kosovatimes.info\/index.php\/wp-json\/wp\/v2\/categories?post=13173"},{"taxonomy":"post_tag","embeddable":true,"href":"https:\/\/kosovatimes.info\/index.php\/wp-json\/wp\/v2\/tags?post=13173"}],"curies":[{"name":"wp","href":"https:\/\/api.w.org\/{rel}","templated":true}]}}