{"id":13184,"date":"2026-05-03T11:45:50","date_gmt":"2026-05-03T09:45:50","guid":{"rendered":"https:\/\/kosovatimes.info\/?p=13184"},"modified":"2026-05-03T11:47:34","modified_gmt":"2026-05-03T09:47:34","slug":"gruaja-terheqese-kroate-u-shfaq-ne-nje-gare-te-formula-1-kameramani-harroi-punen-e-tij","status":"publish","type":"post","link":"https:\/\/kosovatimes.info\/index.php\/2026\/05\/03\/gruaja-terheqese-kroate-u-shfaq-ne-nje-gare-te-formula-1-kameramani-harroi-punen-e-tij\/","title":{"rendered":"Gruaja t\u00ebrheq\u00ebse kroate u shfaq n\u00eb nj\u00eb gar\u00eb t\u00eb Formula 1, kameramani  &#8220;harroi&#8221; pun\u00ebn e tij"},"content":{"rendered":"\n<p>Influencuesja dhe modelja t\u00ebrheq\u00ebse kroate Ivana Knoll t\u00ebrhoqi p\u00ebrs\u00ebri v\u00ebmendjen e madhe t\u00eb publikut, k\u00ebt\u00eb her\u00eb n\u00eb gar\u00ebn e Formula 1 p\u00ebr \u00c7mimin e Madh t\u00eb Miamit.<\/p>\n\n\n\n<p>Pasi videoja e kameramanit t\u00eb televizionit Sky Sport u b\u00eb virale n\u00eb rrjetet sociale, ku tregohej prezantuesja duke e kaluar fokusin tek Ivana kur ajo u shfaq n\u00eb kuad\u00ebr, doli q\u00eb kameramani nuk ishte i vetmi q\u00eb u habit nga pamja e saj.<\/p>\n\n\n\n<p>Konkretisht, gjat\u00eb nj\u00eb prej transmetimeve, Ivana eci pas prezantueses n\u00eb nj\u00eb kombinim mjaft t\u00ebrheq\u00ebs, me pantallona t\u00eb shkurtra dhe nj\u00eb bluz\u00eb t\u00eb ngusht\u00eb, gj\u00eb q\u00eb nuk kaloi pa u v\u00ebn\u00eb re. N\u00eb at\u00eb moment, kameramani &#8220;harroi&#8221; shkurtimisht detyr\u00ebn e tij kryesore dhe e ndoqi at\u00eb n\u00eb kuad\u00ebr nd\u00ebrsa ajo ecte para kamer\u00ebs.<\/p>\n\n\n\n<figure class=\"wp-block-embed is-type-video is-provider-youtube wp-block-embed-youtube wp-embed-aspect-9-16 wp-has-aspect-ratio\"><div class=\"wp-block-embed__wrapper\">\n<div class=\"youtube-embed\" data-video_id=\"\"><iframe loading=\"lazy\" title=\"Camera man zooms in on Ivana Kn\u00f6ll during Miami F1\u00a0#miami #f1 #miamif1 #ivanaknoll #influencer\" width=\"563\" height=\"1000\" src=\"https:\/\/www.youtube.com\/embed\/wFSXMC15xew?feature=oembed&#038;enablejsapi=1\" frameborder=\"0\" allow=\"accelerometer; autoplay; clipboard-write; encrypted-media; gyroscope; picture-in-picture; web-share\" referrerpolicy=\"strict-origin-when-cross-origin\" allowfullscreen><\/iframe><\/div>\n<\/div><\/figure>\n\n\n\n<p>Megjithat\u00eb, kjo nuk t\u00ebrhoqi v\u00ebmendjen vet\u00ebm nga media. Nj\u00eb video e nj\u00eb an\u00ebtari t\u00eb ekipit McLaren, i cili u ndal dhe e shikoi Ivan\u00ebn nd\u00ebrsa ajo kalonte pran\u00eb boshtit t\u00eb ekipit, po qarkullon gjithashtu n\u00eb rrjetet sociale. Reagimi i tij, surpriza dhe buz\u00ebqeshja, u b\u00ebn\u00eb shpejt nj\u00eb hit midis tifoz\u00ebve.<\/p>\n\n\n\n<p>Ivana Knoll, e njohur edhe me nofk\u00ebn &#8220;Knoll Doll&#8221;, ka t\u00ebrhequr shum\u00eb v\u00ebmendje n\u00eb ngjarjet e m\u00ebdha sportive p\u00ebr vite me radh\u00eb. Ajo ishte ve\u00e7an\u00ebrisht n\u00eb qend\u00ebr t\u00eb v\u00ebmendjes gjat\u00eb Kup\u00ebs s\u00eb Bot\u00ebs n\u00eb Katar n\u00eb vitin 2022, por edhe m\u00eb her\u00ebt, kur u em\u00ebrua nj\u00eb nga tifozet m\u00eb t\u00ebrheq\u00ebse n\u00eb Kup\u00ebn e Bot\u00ebs 2018.<\/p>\n\n\n\n<p>Mb\u00ebrritja e saj n\u00eb Miami tregoi edhe nj\u00eb her\u00eb se, kudo q\u00eb shfaqet, v\u00ebmendja \u00ebsht\u00eb e garantuar.<\/p>\n","protected":false},"excerpt":{"rendered":"<p>Influencuesja dhe modelja t\u00ebrheq\u00ebse kroate Ivana Knoll t\u00ebrhoqi p\u00ebrs\u00ebri v\u00ebmendjen e madhe t\u00eb publikut, k\u00ebt\u00eb her\u00eb n\u00eb gar\u00ebn e Formula 1 p\u00ebr \u00c7mimin e Madh t\u00eb Miamit. Pasi videoja e kameramanit t\u00eb televizionit Sky Sport u b\u00eb virale n\u00eb rrjetet sociale, ku tregohej prezantuesja duke e kaluar fokusin tek Ivana kur ajo u shfaq n\u00eb [&hellip;]<\/p>\n","protected":false},"author":4,"featured_media":13186,"comment_status":"open","ping_status":"open","sticky":false,"template":"","format":"standard","meta":{"footnotes":""},"categories":[38],"tags":[],"class_list":{"0":"post-13184","1":"post","2":"type-post","3":"status-publish","4":"format-standard","5":"has-post-thumbnail","7":"category-stil"},"yoast_head":"<!-- This site is optimized with the Yoast SEO plugin v27.4 - https:\/\/yoast.com\/product\/yoast-seo-wordpress\/ -->\n<title>Gruaja t\u00ebrheq\u00ebse kroate u shfaq n\u00eb nj\u00eb gar\u00eb t\u00eb Formula 1, kameramani &quot;harroi&quot; pun\u00ebn e tij - Kosova Times<\/title>\n<meta name=\"robots\" content=\"index, follow, max-snippet:-1, max-image-preview:large, max-video-preview:-1\" \/>\n<link rel=\"canonical\" href=\"https:\/\/kosovatimes.info\/index.php\/2026\/05\/03\/gruaja-terheqese-kroate-u-shfaq-ne-nje-gare-te-formula-1-kameramani-harroi-punen-e-tij\/\" \/>\n<meta property=\"og:locale\" content=\"en_US\" \/>\n<meta property=\"og:type\" content=\"article\" \/>\n<meta property=\"og:title\" content=\"Gruaja t\u00ebrheq\u00ebse kroate u shfaq n\u00eb nj\u00eb gar\u00eb t\u00eb Formula 1, kameramani &quot;harroi&quot; pun\u00ebn e tij - Kosova Times\" \/>\n<meta property=\"og:description\" content=\"Influencuesja dhe modelja t\u00ebrheq\u00ebse kroate Ivana Knoll t\u00ebrhoqi p\u00ebrs\u00ebri v\u00ebmendjen e madhe t\u00eb publikut, k\u00ebt\u00eb her\u00eb n\u00eb gar\u00ebn e Formula 1 p\u00ebr \u00c7mimin e Madh t\u00eb Miamit. Pasi videoja e kameramanit t\u00eb televizionit Sky Sport u b\u00eb virale n\u00eb rrjetet sociale, ku tregohej prezantuesja duke e kaluar fokusin tek Ivana kur ajo u shfaq n\u00eb [&hellip;]\" \/>\n<meta property=\"og:url\" content=\"https:\/\/kosovatimes.info\/index.php\/2026\/05\/03\/gruaja-terheqese-kroate-u-shfaq-ne-nje-gare-te-formula-1-kameramani-harroi-punen-e-tij\/\" \/>\n<meta property=\"og:site_name\" content=\"Kosova Times\" \/>\n<meta property=\"article:published_time\" content=\"2026-05-03T09:45:50+00:00\" \/>\n<meta property=\"article:modified_time\" content=\"2026-05-03T09:47:34+00:00\" \/>\n<meta property=\"og:image\" content=\"https:\/\/kosovatimes.info\/wp-content\/uploads\/2026\/05\/knoll.jpeg\" \/>\n\t<meta property=\"og:image:width\" content=\"237\" \/>\n\t<meta property=\"og:image:height\" content=\"213\" \/>\n\t<meta property=\"og:image:type\" content=\"image\/jpeg\" \/>\n<meta name=\"author\" content=\"i l\" \/>\n<meta name=\"twitter:card\" content=\"summary_large_image\" \/>\n<meta name=\"twitter:label1\" content=\"Written by\" \/>\n\t<meta name=\"twitter:data1\" content=\"i l\" \/>\n\t<meta name=\"twitter:label2\" content=\"Est. reading time\" \/>\n\t<meta name=\"twitter:data2\" content=\"2 minutes\" \/>\n<script type=\"application\/ld+json\" class=\"yoast-schema-graph\">{\"@context\":\"https:\\\/\\\/schema.org\",\"@graph\":[{\"@type\":\"Article\",\"@id\":\"https:\\\/\\\/kosovatimes.info\\\/index.php\\\/2026\\\/05\\\/03\\\/gruaja-terheqese-kroate-u-shfaq-ne-nje-gare-te-formula-1-kameramani-harroi-punen-e-tij\\\/#article\",\"isPartOf\":{\"@id\":\"https:\\\/\\\/kosovatimes.info\\\/index.php\\\/2026\\\/05\\\/03\\\/gruaja-terheqese-kroate-u-shfaq-ne-nje-gare-te-formula-1-kameramani-harroi-punen-e-tij\\\/\"},\"author\":{\"name\":\"i l\",\"@id\":\"https:\\\/\\\/kosovatimes.info\\\/#\\\/schema\\\/person\\\/7586712b9c512fe68085de007378c915\"},\"headline\":\"Gruaja t\u00ebrheq\u00ebse kroate u shfaq n\u00eb nj\u00eb gar\u00eb t\u00eb Formula 1, kameramani &#8220;harroi&#8221; pun\u00ebn e tij\",\"datePublished\":\"2026-05-03T09:45:50+00:00\",\"dateModified\":\"2026-05-03T09:47:34+00:00\",\"mainEntityOfPage\":{\"@id\":\"https:\\\/\\\/kosovatimes.info\\\/index.php\\\/2026\\\/05\\\/03\\\/gruaja-terheqese-kroate-u-shfaq-ne-nje-gare-te-formula-1-kameramani-harroi-punen-e-tij\\\/\"},\"wordCount\":311,\"commentCount\":0,\"image\":{\"@id\":\"https:\\\/\\\/kosovatimes.info\\\/index.php\\\/2026\\\/05\\\/03\\\/gruaja-terheqese-kroate-u-shfaq-ne-nje-gare-te-formula-1-kameramani-harroi-punen-e-tij\\\/#primaryimage\"},\"thumbnailUrl\":\"https:\\\/\\\/kosovatimes.info\\\/wp-content\\\/uploads\\\/2026\\\/05\\\/knoll.jpeg\",\"articleSection\":[\"Stil\"],\"inLanguage\":\"en-US\",\"potentialAction\":[{\"@type\":\"CommentAction\",\"name\":\"Comment\",\"target\":[\"https:\\\/\\\/kosovatimes.info\\\/index.php\\\/2026\\\/05\\\/03\\\/gruaja-terheqese-kroate-u-shfaq-ne-nje-gare-te-formula-1-kameramani-harroi-punen-e-tij\\\/#respond\"]}]},{\"@type\":\"WebPage\",\"@id\":\"https:\\\/\\\/kosovatimes.info\\\/index.php\\\/2026\\\/05\\\/03\\\/gruaja-terheqese-kroate-u-shfaq-ne-nje-gare-te-formula-1-kameramani-harroi-punen-e-tij\\\/\",\"url\":\"https:\\\/\\\/kosovatimes.info\\\/index.php\\\/2026\\\/05\\\/03\\\/gruaja-terheqese-kroate-u-shfaq-ne-nje-gare-te-formula-1-kameramani-harroi-punen-e-tij\\\/\",\"name\":\"Gruaja t\u00ebrheq\u00ebse kroate u shfaq n\u00eb nj\u00eb gar\u00eb t\u00eb Formula 1, kameramani \\\"harroi\\\" pun\u00ebn e tij - Kosova Times\",\"isPartOf\":{\"@id\":\"https:\\\/\\\/kosovatimes.info\\\/#website\"},\"primaryImageOfPage\":{\"@id\":\"https:\\\/\\\/kosovatimes.info\\\/index.php\\\/2026\\\/05\\\/03\\\/gruaja-terheqese-kroate-u-shfaq-ne-nje-gare-te-formula-1-kameramani-harroi-punen-e-tij\\\/#primaryimage\"},\"image\":{\"@id\":\"https:\\\/\\\/kosovatimes.info\\\/index.php\\\/2026\\\/05\\\/03\\\/gruaja-terheqese-kroate-u-shfaq-ne-nje-gare-te-formula-1-kameramani-harroi-punen-e-tij\\\/#primaryimage\"},\"thumbnailUrl\":\"https:\\\/\\\/kosovatimes.info\\\/wp-content\\\/uploads\\\/2026\\\/05\\\/knoll.jpeg\",\"datePublished\":\"2026-05-03T09:45:50+00:00\",\"dateModified\":\"2026-05-03T09:47:34+00:00\",\"author\":{\"@id\":\"https:\\\/\\\/kosovatimes.info\\\/#\\\/schema\\\/person\\\/7586712b9c512fe68085de007378c915\"},\"breadcrumb\":{\"@id\":\"https:\\\/\\\/kosovatimes.info\\\/index.php\\\/2026\\\/05\\\/03\\\/gruaja-terheqese-kroate-u-shfaq-ne-nje-gare-te-formula-1-kameramani-harroi-punen-e-tij\\\/#breadcrumb\"},\"inLanguage\":\"en-US\",\"potentialAction\":[{\"@type\":\"ReadAction\",\"target\":[\"https:\\\/\\\/kosovatimes.info\\\/index.php\\\/2026\\\/05\\\/03\\\/gruaja-terheqese-kroate-u-shfaq-ne-nje-gare-te-formula-1-kameramani-harroi-punen-e-tij\\\/\"]}]},{\"@type\":\"ImageObject\",\"inLanguage\":\"en-US\",\"@id\":\"https:\\\/\\\/kosovatimes.info\\\/index.php\\\/2026\\\/05\\\/03\\\/gruaja-terheqese-kroate-u-shfaq-ne-nje-gare-te-formula-1-kameramani-harroi-punen-e-tij\\\/#primaryimage\",\"url\":\"https:\\\/\\\/kosovatimes.info\\\/wp-content\\\/uploads\\\/2026\\\/05\\\/knoll.jpeg\",\"contentUrl\":\"https:\\\/\\\/kosovatimes.info\\\/wp-content\\\/uploads\\\/2026\\\/05\\\/knoll.jpeg\",\"width\":237,\"height\":213},{\"@type\":\"BreadcrumbList\",\"@id\":\"https:\\\/\\\/kosovatimes.info\\\/index.php\\\/2026\\\/05\\\/03\\\/gruaja-terheqese-kroate-u-shfaq-ne-nje-gare-te-formula-1-kameramani-harroi-punen-e-tij\\\/#breadcrumb\",\"itemListElement\":[{\"@type\":\"ListItem\",\"position\":1,\"name\":\"Home\",\"item\":\"https:\\\/\\\/kosovatimes.info\\\/\"},{\"@type\":\"ListItem\",\"position\":2,\"name\":\"Gruaja t\u00ebrheq\u00ebse kroate u shfaq n\u00eb nj\u00eb gar\u00eb t\u00eb Formula 1, kameramani &#8220;harroi&#8221; pun\u00ebn e tij\"}]},{\"@type\":\"WebSite\",\"@id\":\"https:\\\/\\\/kosovatimes.info\\\/#website\",\"url\":\"https:\\\/\\\/kosovatimes.info\\\/\",\"name\":\"Kosova Times\",\"description\":\"\",\"potentialAction\":[{\"@type\":\"SearchAction\",\"target\":{\"@type\":\"EntryPoint\",\"urlTemplate\":\"https:\\\/\\\/kosovatimes.info\\\/?s={search_term_string}\"},\"query-input\":{\"@type\":\"PropertyValueSpecification\",\"valueRequired\":true,\"valueName\":\"search_term_string\"}}],\"inLanguage\":\"en-US\"},{\"@type\":\"Person\",\"@id\":\"https:\\\/\\\/kosovatimes.info\\\/#\\\/schema\\\/person\\\/7586712b9c512fe68085de007378c915\",\"name\":\"i l\",\"image\":{\"@type\":\"ImageObject\",\"inLanguage\":\"en-US\",\"@id\":\"https:\\\/\\\/secure.gravatar.com\\\/avatar\\\/bad9296e02816160ae2e2435beda58222022298d5625d49fea74d18816fbb31d?s=96&d=mm&r=g\",\"url\":\"https:\\\/\\\/secure.gravatar.com\\\/avatar\\\/bad9296e02816160ae2e2435beda58222022298d5625d49fea74d18816fbb31d?s=96&d=mm&r=g\",\"contentUrl\":\"https:\\\/\\\/secure.gravatar.com\\\/avatar\\\/bad9296e02816160ae2e2435beda58222022298d5625d49fea74d18816fbb31d?s=96&d=mm&r=g\",\"caption\":\"i l\"},\"url\":\"https:\\\/\\\/kosovatimes.info\\\/index.php\\\/author\\\/iliri\\\/\"}]}<\/script>\n<!-- \/ Yoast SEO plugin. -->","yoast_head_json":{"title":"Gruaja t\u00ebrheq\u00ebse kroate u shfaq n\u00eb nj\u00eb gar\u00eb t\u00eb Formula 1, kameramani \"harroi\" pun\u00ebn e tij - Kosova Times","robots":{"index":"index","follow":"follow","max-snippet":"max-snippet:-1","max-image-preview":"max-image-preview:large","max-video-preview":"max-video-preview:-1"},"canonical":"https:\/\/kosovatimes.info\/index.php\/2026\/05\/03\/gruaja-terheqese-kroate-u-shfaq-ne-nje-gare-te-formula-1-kameramani-harroi-punen-e-tij\/","og_locale":"en_US","og_type":"article","og_title":"Gruaja t\u00ebrheq\u00ebse kroate u shfaq n\u00eb nj\u00eb gar\u00eb t\u00eb Formula 1, kameramani \"harroi\" pun\u00ebn e tij - Kosova Times","og_description":"Influencuesja dhe modelja t\u00ebrheq\u00ebse kroate Ivana Knoll t\u00ebrhoqi p\u00ebrs\u00ebri v\u00ebmendjen e madhe t\u00eb publikut, k\u00ebt\u00eb her\u00eb n\u00eb gar\u00ebn e Formula 1 p\u00ebr \u00c7mimin e Madh t\u00eb Miamit. Pasi videoja e kameramanit t\u00eb televizionit Sky Sport u b\u00eb virale n\u00eb rrjetet sociale, ku tregohej prezantuesja duke e kaluar fokusin tek Ivana kur ajo u shfaq n\u00eb [&hellip;]","og_url":"https:\/\/kosovatimes.info\/index.php\/2026\/05\/03\/gruaja-terheqese-kroate-u-shfaq-ne-nje-gare-te-formula-1-kameramani-harroi-punen-e-tij\/","og_site_name":"Kosova Times","article_published_time":"2026-05-03T09:45:50+00:00","article_modified_time":"2026-05-03T09:47:34+00:00","og_image":[{"width":237,"height":213,"url":"https:\/\/kosovatimes.info\/wp-content\/uploads\/2026\/05\/knoll.jpeg","type":"image\/jpeg"}],"author":"i l","twitter_card":"summary_large_image","twitter_misc":{"Written by":"i l","Est. reading time":"2 minutes"},"schema":{"@context":"https:\/\/schema.org","@graph":[{"@type":"Article","@id":"https:\/\/kosovatimes.info\/index.php\/2026\/05\/03\/gruaja-terheqese-kroate-u-shfaq-ne-nje-gare-te-formula-1-kameramani-harroi-punen-e-tij\/#article","isPartOf":{"@id":"https:\/\/kosovatimes.info\/index.php\/2026\/05\/03\/gruaja-terheqese-kroate-u-shfaq-ne-nje-gare-te-formula-1-kameramani-harroi-punen-e-tij\/"},"author":{"name":"i l","@id":"https:\/\/kosovatimes.info\/#\/schema\/person\/7586712b9c512fe68085de007378c915"},"headline":"Gruaja t\u00ebrheq\u00ebse kroate u shfaq n\u00eb nj\u00eb gar\u00eb t\u00eb Formula 1, kameramani &#8220;harroi&#8221; pun\u00ebn e tij","datePublished":"2026-05-03T09:45:50+00:00","dateModified":"2026-05-03T09:47:34+00:00","mainEntityOfPage":{"@id":"https:\/\/kosovatimes.info\/index.php\/2026\/05\/03\/gruaja-terheqese-kroate-u-shfaq-ne-nje-gare-te-formula-1-kameramani-harroi-punen-e-tij\/"},"wordCount":311,"commentCount":0,"image":{"@id":"https:\/\/kosovatimes.info\/index.php\/2026\/05\/03\/gruaja-terheqese-kroate-u-shfaq-ne-nje-gare-te-formula-1-kameramani-harroi-punen-e-tij\/#primaryimage"},"thumbnailUrl":"https:\/\/kosovatimes.info\/wp-content\/uploads\/2026\/05\/knoll.jpeg","articleSection":["Stil"],"inLanguage":"en-US","potentialAction":[{"@type":"CommentAction","name":"Comment","target":["https:\/\/kosovatimes.info\/index.php\/2026\/05\/03\/gruaja-terheqese-kroate-u-shfaq-ne-nje-gare-te-formula-1-kameramani-harroi-punen-e-tij\/#respond"]}]},{"@type":"WebPage","@id":"https:\/\/kosovatimes.info\/index.php\/2026\/05\/03\/gruaja-terheqese-kroate-u-shfaq-ne-nje-gare-te-formula-1-kameramani-harroi-punen-e-tij\/","url":"https:\/\/kosovatimes.info\/index.php\/2026\/05\/03\/gruaja-terheqese-kroate-u-shfaq-ne-nje-gare-te-formula-1-kameramani-harroi-punen-e-tij\/","name":"Gruaja t\u00ebrheq\u00ebse kroate u shfaq n\u00eb nj\u00eb gar\u00eb t\u00eb Formula 1, kameramani \"harroi\" pun\u00ebn e tij - Kosova Times","isPartOf":{"@id":"https:\/\/kosovatimes.info\/#website"},"primaryImageOfPage":{"@id":"https:\/\/kosovatimes.info\/index.php\/2026\/05\/03\/gruaja-terheqese-kroate-u-shfaq-ne-nje-gare-te-formula-1-kameramani-harroi-punen-e-tij\/#primaryimage"},"image":{"@id":"https:\/\/kosovatimes.info\/index.php\/2026\/05\/03\/gruaja-terheqese-kroate-u-shfaq-ne-nje-gare-te-formula-1-kameramani-harroi-punen-e-tij\/#primaryimage"},"thumbnailUrl":"https:\/\/kosovatimes.info\/wp-content\/uploads\/2026\/05\/knoll.jpeg","datePublished":"2026-05-03T09:45:50+00:00","dateModified":"2026-05-03T09:47:34+00:00","author":{"@id":"https:\/\/kosovatimes.info\/#\/schema\/person\/7586712b9c512fe68085de007378c915"},"breadcrumb":{"@id":"https:\/\/kosovatimes.info\/index.php\/2026\/05\/03\/gruaja-terheqese-kroate-u-shfaq-ne-nje-gare-te-formula-1-kameramani-harroi-punen-e-tij\/#breadcrumb"},"inLanguage":"en-US","potentialAction":[{"@type":"ReadAction","target":["https:\/\/kosovatimes.info\/index.php\/2026\/05\/03\/gruaja-terheqese-kroate-u-shfaq-ne-nje-gare-te-formula-1-kameramani-harroi-punen-e-tij\/"]}]},{"@type":"ImageObject","inLanguage":"en-US","@id":"https:\/\/kosovatimes.info\/index.php\/2026\/05\/03\/gruaja-terheqese-kroate-u-shfaq-ne-nje-gare-te-formula-1-kameramani-harroi-punen-e-tij\/#primaryimage","url":"https:\/\/kosovatimes.info\/wp-content\/uploads\/2026\/05\/knoll.jpeg","contentUrl":"https:\/\/kosovatimes.info\/wp-content\/uploads\/2026\/05\/knoll.jpeg","width":237,"height":213},{"@type":"BreadcrumbList","@id":"https:\/\/kosovatimes.info\/index.php\/2026\/05\/03\/gruaja-terheqese-kroate-u-shfaq-ne-nje-gare-te-formula-1-kameramani-harroi-punen-e-tij\/#breadcrumb","itemListElement":[{"@type":"ListItem","position":1,"name":"Home","item":"https:\/\/kosovatimes.info\/"},{"@type":"ListItem","position":2,"name":"Gruaja t\u00ebrheq\u00ebse kroate u shfaq n\u00eb nj\u00eb gar\u00eb t\u00eb Formula 1, kameramani &#8220;harroi&#8221; pun\u00ebn e tij"}]},{"@type":"WebSite","@id":"https:\/\/kosovatimes.info\/#website","url":"https:\/\/kosovatimes.info\/","name":"Kosova Times","description":"","potentialAction":[{"@type":"SearchAction","target":{"@type":"EntryPoint","urlTemplate":"https:\/\/kosovatimes.info\/?s={search_term_string}"},"query-input":{"@type":"PropertyValueSpecification","valueRequired":true,"valueName":"search_term_string"}}],"inLanguage":"en-US"},{"@type":"Person","@id":"https:\/\/kosovatimes.info\/#\/schema\/person\/7586712b9c512fe68085de007378c915","name":"i l","image":{"@type":"ImageObject","inLanguage":"en-US","@id":"https:\/\/secure.gravatar.com\/avatar\/bad9296e02816160ae2e2435beda58222022298d5625d49fea74d18816fbb31d?s=96&d=mm&r=g","url":"https:\/\/secure.gravatar.com\/avatar\/bad9296e02816160ae2e2435beda58222022298d5625d49fea74d18816fbb31d?s=96&d=mm&r=g","contentUrl":"https:\/\/secure.gravatar.com\/avatar\/bad9296e02816160ae2e2435beda58222022298d5625d49fea74d18816fbb31d?s=96&d=mm&r=g","caption":"i l"},"url":"https:\/\/kosovatimes.info\/index.php\/author\/iliri\/"}]}},"_links":{"self":[{"href":"https:\/\/kosovatimes.info\/index.php\/wp-json\/wp\/v2\/posts\/13184","targetHints":{"allow":["GET"]}}],"collection":[{"href":"https:\/\/kosovatimes.info\/index.php\/wp-json\/wp\/v2\/posts"}],"about":[{"href":"https:\/\/kosovatimes.info\/index.php\/wp-json\/wp\/v2\/types\/post"}],"author":[{"embeddable":true,"href":"https:\/\/kosovatimes.info\/index.php\/wp-json\/wp\/v2\/users\/4"}],"replies":[{"embeddable":true,"href":"https:\/\/kosovatimes.info\/index.php\/wp-json\/wp\/v2\/comments?post=13184"}],"version-history":[{"count":2,"href":"https:\/\/kosovatimes.info\/index.php\/wp-json\/wp\/v2\/posts\/13184\/revisions"}],"predecessor-version":[{"id":13188,"href":"https:\/\/kosovatimes.info\/index.php\/wp-json\/wp\/v2\/posts\/13184\/revisions\/13188"}],"wp:featuredmedia":[{"embeddable":true,"href":"https:\/\/kosovatimes.info\/index.php\/wp-json\/wp\/v2\/media\/13186"}],"wp:attachment":[{"href":"https:\/\/kosovatimes.info\/index.php\/wp-json\/wp\/v2\/media?parent=13184"}],"wp:term":[{"taxonomy":"category","embeddable":true,"href":"https:\/\/kosovatimes.info\/index.php\/wp-json\/wp\/v2\/categories?post=13184"},{"taxonomy":"post_tag","embeddable":true,"href":"https:\/\/kosovatimes.info\/index.php\/wp-json\/wp\/v2\/tags?post=13184"}],"curies":[{"name":"wp","href":"https:\/\/api.w.org\/{rel}","templated":true}]}}