{"id":13189,"date":"2026-05-03T11:54:59","date_gmt":"2026-05-03T09:54:59","guid":{"rendered":"https:\/\/kosovatimes.info\/?p=13189"},"modified":"2026-05-03T11:55:04","modified_gmt":"2026-05-03T09:55:04","slug":"ukraine-tre-te-vdekur-ne-sulmet-ruse-ne-odessa-dhe-kherson","status":"publish","type":"post","link":"https:\/\/kosovatimes.info\/index.php\/2026\/05\/03\/ukraine-tre-te-vdekur-ne-sulmet-ruse-ne-odessa-dhe-kherson\/","title":{"rendered":"Ukrain\u00eb: Tre t\u00eb vdekur n\u00eb sulmet ruse n\u00eb Odessa dhe Kherson"},"content":{"rendered":"\n<p>Tre persona u vran\u00eb n\u00eb&nbsp;<strong>Ukrain\u00eb<\/strong>&nbsp;sot, t\u00eb diel\u00ebn, nga sulmet me dron\u00eb rus\u00eb n\u00eb rajonet e&nbsp;<strong>Odes\u00ebs<\/strong>&nbsp;dhe&nbsp;<strong>Khersonit<\/strong>&nbsp;.<\/p>\n\n\n\n<figure class=\"wp-block-image\"><img decoding=\"async\" src=\"https:\/\/www.kathimerini.gr\/wp-content\/uploads\/2026\/05\/HHX8oYMbsAAhGHp-960x540.jpg?1777799318816\" alt=\"Ukrain\u00eb: Tre t\u00eb vdekur n\u00eb sulmet ruse n\u00eb Odessa dhe Kherson-1\"\/><\/figure>\n\n\n\n<p>Dy persona u vran\u00eb n\u00eb sulmet ruse n\u00eb Odessa, ku ka infrastruktur\u00eb t\u00eb r\u00ebnd\u00ebsishme portuale, p\u00ebrfshir\u00eb shoferin e nj\u00eb kamioni, tha guvernatori i saj, Oleh Kiper.<\/p>\n\n\n\n<p>&#8220;Dron\u00ebt armiq\u00ebsor\u00eb godit\u00ebn tre nd\u00ebrtesa banimi, nd\u00ebrsa dy t\u00eb tjera u d\u00ebmtuan. Edhe objektet dhe pajisjet n\u00eb port u d\u00ebmtuan&#8221;, shpjegoi ai.<\/p>\n\n\n\n<figure class=\"wp-block-image\"><img decoding=\"async\" src=\"https:\/\/www.kathimerini.gr\/wp-content\/uploads\/2026\/05\/Odessa-960x540.png?1777799243735\" alt=\"Ukrain\u00eb: Tre t\u00eb vdekur n\u00eb sulmet ruse n\u00eb Odessa dhe Kherson-2\"\/><figcaption class=\"wp-element-caption\"><em>Foto: Platforma X<\/em><\/figcaption><\/figure>\n\n\n\n<p>Nd\u00ebrkoh\u00eb, nj\u00eb burr\u00eb u vra n\u00eb sulmet ajrore ruse n\u00eb rajonin e Khersonit, n\u00eb jug t\u00eb Ukrain\u00ebs, sipas autoriteteve.<\/p>\n\n\n\n<p>Gjat\u00eb nat\u00ebs nga e shtuna n\u00eb t\u00eb diel, Rusia l\u00ebshoi \u200b\u200b268 dron\u00eb dhe nj\u00eb raket\u00eb balistike kund\u00ebr Ukrain\u00ebs, sipas mbrojtjes ajrore t\u00eb vendit.<\/p>\n\n\n\n<h3 class=\"wp-block-heading\">Zjarr n\u00eb portin rus<\/h3>\n\n\n\n<p>Ukraina nisi nj\u00eb tjet\u00ebr sulm me dron gjat\u00eb nat\u00ebs kund\u00ebr portit rus t\u00eb Primorskut, i vendosur n\u00eb bregdetin baltik, duke shkaktuar nj\u00eb zjarr, njoftoi guvernatori rajonal Alexander Drozdenko.<\/p>\n\n\n\n<p>&#8220;Nj\u00eb zjarr shp\u00ebrtheu gjat\u00eb sprapsjes s\u00eb sulmeve n\u00eb Primorsk. Zjarri po trajtohet aktualisht&#8221;, tha Drozdenko, guvernator i rajonit t\u00eb Leningradit, n\u00eb Telegram.<\/p>\n\n\n\n<p>Sipas tij, m\u00eb shum\u00eb se 60 dron\u00eb u rr\u00ebzuan gjat\u00eb nat\u00ebs mbi rajon. Megjithat\u00eb, ai shtoi se nuk pati derdhje nafte pas sulmit n\u00eb Primorsk, nj\u00eb port i madh eksporti nafte.<\/p>\n\n\n\n<figure class=\"wp-block-embed is-type-rich is-provider-twitter wp-block-embed-twitter\"><div class=\"wp-block-embed__wrapper\">\n<blockquote class=\"twitter-tweet\" data-width=\"550\" data-dnt=\"true\"><p lang=\"fr\" dir=\"ltr\">Le port de Primorsk ds la r\u00e9gion de Leningrad en Russie a pris le relais de Tuapse et Perm<br>Apr\u00e8s la visite nocturne de\ud83e\udd9f amicaux, de nbreux foyers d&#39;incendie ont \u00e9t\u00e9 d\u00e9tect\u00e9s ds le port.<br>Vent de Crim\u00e9e <a href=\"https:\/\/t.co\/XDFVaX2svV\">pic.twitter.com\/XDFVaX2svV<\/a><\/p>&mdash; Lotto*6*6 (@Seydoux37652197) <a href=\"https:\/\/twitter.com\/Seydoux37652197\/status\/2050848257035620648?ref_src=twsrc%5Etfw\">May 3, 2026<\/a><\/blockquote><script async src=\"https:\/\/platform.twitter.com\/widgets.js\" charset=\"utf-8\"><\/script>\n<\/div><\/figure>\n\n\n\n<p>Primorsk, nj\u00eb nga portet m\u00eb t\u00eb r\u00ebnd\u00ebsishme t\u00eb eksportit t\u00eb naft\u00ebs n\u00eb Rusi, ka kapacitetin p\u00ebr t\u00eb trajtuar 1 milion fu\u00e7i naft\u00eb n\u00eb dit\u00eb. Ka qen\u00eb cak i sulmeve t\u00eb p\u00ebrs\u00ebritura nga Ukraina n\u00eb muajt e fundit, nd\u00ebrsa Kievi ka shtuar sulmet ndaj infrastruktur\u00ebs energjetike ruse dhe objektivave t\u00eb tjer\u00eb n\u00eb nj\u00eb p\u00ebrpjekje p\u00ebr t\u00eb kufizuar aft\u00ebsin\u00eb e Mosk\u00ebs p\u00ebr t\u00eb financuar luft\u00ebn.<\/p>\n\n\n\n<p>N\u00eb t\u00eb nj\u00ebjt\u00ebn koh\u00eb, Presidenti ukrainas Volodymyr Zelensky tha se forcat ukrainase godit\u00ebn dy cisterna nafte t\u00eb flot\u00ebs ruse n\u00eb hije n\u00eb hyrje t\u00eb portit t\u00eb Novorossiysk, n\u00eb Detin e Zi.<\/p>\n\n\n\n<figure class=\"wp-block-embed is-type-rich is-provider-twitter wp-block-embed-twitter\"><div class=\"wp-block-embed__wrapper\">\n<blockquote class=\"twitter-tweet\" data-width=\"550\" data-dnt=\"true\"><p lang=\"en\" dir=\"ltr\">Our warriors continue to apply sanctions against Russia\u2019s shadow oil fleet \u2013 two such vessels were struck in the waters at the entrance to the port of Novorossiysk. These tankers had been actively used to transport oil \u2013 not anymore. I am grateful to Chief of the General Staff\u2026 <a href=\"https:\/\/t.co\/8aCse8h95j\">pic.twitter.com\/8aCse8h95j<\/a><\/p>&mdash; Volodymyr Zelenskyy \/ \u0412\u043e\u043b\u043e\u0434\u0438\u043c\u0438\u0440 \u0417\u0435\u043b\u0435\u043d\u0441\u044c\u043a\u0438\u0439 (@ZelenskyyUa) <a href=\"https:\/\/twitter.com\/ZelenskyyUa\/status\/2050824439491674150?ref_src=twsrc%5Etfw\">May 3, 2026<\/a><\/blockquote><script async src=\"https:\/\/platform.twitter.com\/widgets.js\" charset=\"utf-8\"><\/script>\n<\/div><\/figure>\n\n\n\n<p>\u201cK\u00ebto anije cisterna u p\u00ebrdor\u00ebn p\u00ebr t\u00eb transportuar naft\u00eb \u2013 jo m\u00eb\u201d, shkroi z. Zelensky n\u00eb Telegram. \u201cAft\u00ebsit\u00eb e Ukrain\u00ebs me rreze t\u00eb gjat\u00eb veprimi do t\u00eb vazhdojn\u00eb t\u00eb zhvillohen n\u00eb m\u00ebnyr\u00eb gjith\u00ebp\u00ebrfshir\u00ebse \u2013 n\u00eb det, n\u00eb aj\u00ebr dhe n\u00eb tok\u00eb\u201d, shtoi ai.<\/p>\n\n\n\n<p>Sulme ukrainase u regjistruan edhe n\u00eb rajone t\u00eb tjera ruse t\u00eb shtun\u00ebn dhe t\u00eb diel\u00ebn.<\/p>\n\n\n\n<p>Guvernatori i Rajonit t\u00eb Mosk\u00ebs, Andrei Vorobyov, tha t\u00eb shtun\u00ebn n\u00eb mbr\u00ebmje se nj\u00eb burr\u00eb 77-vje\u00e7ar u vra n\u00eb nj\u00eb fshat pas nj\u00eb sulmi me dron.Nga ana e tij, kryebashkiaku i kryeqytetit rus, Sergei Sobyanin, theksoi se kat\u00ebr dron\u00eb q\u00eb po shkonin drejt Mosk\u00ebs u rr\u00ebzuan.<\/p>\n\n\n\n<p>Vasily Anokhin, guvernatori i rajonit Smolensk, vuri n\u00eb dukje se tre persona, p\u00ebrfshir\u00eb nj\u00eb f\u00ebmij\u00eb, u plagos\u00ebn sot kur nj\u00eb dron u rr\u00ebzua n\u00eb nj\u00eb nd\u00ebrtes\u00eb banimi.<\/p>\n\n\n\n<p>Ministria ruse e Mbrojtjes njoftoi k\u00ebt\u00eb m\u00ebngjes se rr\u00ebzoi 334 dron\u00eb ukrainas gjat\u00eb nat\u00ebs, nj\u00eb num\u00ebr ve\u00e7an\u00ebrisht i lart\u00eb.<\/p>\n\n\n\n<p>Mbrojtja ajrore kapi dron\u00eb ukrainas n\u00eb 15 rajone ruse, disa larg vij\u00ebs s\u00eb frontit, por edhe af\u00ebr qyteteve m\u00eb t\u00eb populluara t\u00eb Rusis\u00eb &#8211; Mosk\u00ebs dhe Sh\u00ebn Petersburgut &#8211; si dhe n\u00eb gadishullin e aneksuar ukrainas t\u00eb Krimes\u00eb.<\/p>\n\n\n\n<h3 class=\"wp-block-heading\">T\u00eb dh\u00ebnat e dronit<\/h3>\n\n\n\n<p>Sipas nj\u00eb analize t\u00eb AFP-s\u00eb t\u00eb t\u00eb dh\u00ebnave t\u00eb publikuara nga Forcat Ajrore Ukrainase, ushtria ruse l\u00ebshoi \u200b\u200bnj\u00eb num\u00ebr rekord dron\u00ebsh me rreze t\u00eb gjat\u00eb veprimi (6,583) kund\u00ebr Ukrain\u00ebs gjat\u00eb prillit.<\/p>\n\n\n\n<p>N\u00eb p\u00ebrgjigje t\u00eb k\u00ebtyre bombardimeve t\u00eb p\u00ebrditshme, t\u00eb cilat tani jan\u00eb m\u00eb t\u00eb shpeshta dhe gjat\u00eb dit\u00ebs, Kievi ka goditur objektiva t\u00eb shumta n\u00eb Rusi, si ushtarake ashtu edhe energjetike, me q\u00ebllim q\u00eb t\u00eb kufizoj\u00eb aft\u00ebsin\u00eb e Mosk\u00ebs p\u00ebr t\u00eb financuar luft\u00ebn.<\/p>\n\n\n\n<p>Nd\u00ebrsa p\u00ebrpjekjet diplomatike p\u00ebr t&#8217;i dh\u00ebn\u00eb fund luft\u00ebs kan\u00eb ngecur, Rusia ka propozuar nj\u00eb arm\u00ebpushim m\u00eb 9 maj, dit\u00ebn kur feston fitoren sovjetike ndaj Gjermanis\u00eb naziste. Kievi \u00ebsht\u00eb p\u00ebrgjigjur duke th\u00ebn\u00eb se po e shqyrton propozimin.<em>Ukrinform<\/em><\/p>\n","protected":false},"excerpt":{"rendered":"<p>Tre persona u vran\u00eb n\u00eb&nbsp;Ukrain\u00eb&nbsp;sot, t\u00eb diel\u00ebn, nga sulmet me dron\u00eb rus\u00eb n\u00eb rajonet e&nbsp;Odes\u00ebs&nbsp;dhe&nbsp;Khersonit&nbsp;. Dy persona u vran\u00eb n\u00eb sulmet ruse n\u00eb Odessa, ku ka infrastruktur\u00eb t\u00eb r\u00ebnd\u00ebsishme portuale, p\u00ebrfshir\u00eb shoferin e nj\u00eb kamioni, tha guvernatori i saj, Oleh Kiper. &#8220;Dron\u00ebt armiq\u00ebsor\u00eb godit\u00ebn tre nd\u00ebrtesa banimi, nd\u00ebrsa dy t\u00eb tjera u d\u00ebmtuan. Edhe objektet [&hellip;]<\/p>\n","protected":false},"author":4,"featured_media":13190,"comment_status":"open","ping_status":"open","sticky":false,"template":"","format":"standard","meta":{"footnotes":""},"categories":[33,30],"tags":[],"class_list":{"0":"post-13189","1":"post","2":"type-post","3":"status-publish","4":"format-standard","5":"has-post-thumbnail","7":"category-bote","8":"category-lajme"},"yoast_head":"<!-- This site is optimized with the Yoast SEO plugin v27.4 - https:\/\/yoast.com\/product\/yoast-seo-wordpress\/ -->\n<title>Ukrain\u00eb: Tre t\u00eb vdekur n\u00eb sulmet ruse n\u00eb Odessa dhe Kherson - Kosova Times<\/title>\n<meta name=\"robots\" content=\"index, follow, max-snippet:-1, max-image-preview:large, max-video-preview:-1\" \/>\n<link rel=\"canonical\" href=\"https:\/\/kosovatimes.info\/index.php\/2026\/05\/03\/ukraine-tre-te-vdekur-ne-sulmet-ruse-ne-odessa-dhe-kherson\/\" \/>\n<meta property=\"og:locale\" content=\"en_US\" \/>\n<meta property=\"og:type\" content=\"article\" \/>\n<meta property=\"og:title\" content=\"Ukrain\u00eb: Tre t\u00eb vdekur n\u00eb sulmet ruse n\u00eb Odessa dhe Kherson - Kosova Times\" \/>\n<meta property=\"og:description\" content=\"Tre persona u vran\u00eb n\u00eb&nbsp;Ukrain\u00eb&nbsp;sot, t\u00eb diel\u00ebn, nga sulmet me dron\u00eb rus\u00eb n\u00eb rajonet e&nbsp;Odes\u00ebs&nbsp;dhe&nbsp;Khersonit&nbsp;. Dy persona u vran\u00eb n\u00eb sulmet ruse n\u00eb Odessa, ku ka infrastruktur\u00eb t\u00eb r\u00ebnd\u00ebsishme portuale, p\u00ebrfshir\u00eb shoferin e nj\u00eb kamioni, tha guvernatori i saj, Oleh Kiper. &#8220;Dron\u00ebt armiq\u00ebsor\u00eb godit\u00ebn tre nd\u00ebrtesa banimi, nd\u00ebrsa dy t\u00eb tjera u d\u00ebmtuan. Edhe objektet [&hellip;]\" \/>\n<meta property=\"og:url\" content=\"https:\/\/kosovatimes.info\/index.php\/2026\/05\/03\/ukraine-tre-te-vdekur-ne-sulmet-ruse-ne-odessa-dhe-kherson\/\" \/>\n<meta property=\"og:site_name\" content=\"Kosova Times\" \/>\n<meta property=\"article:published_time\" content=\"2026-05-03T09:54:59+00:00\" \/>\n<meta property=\"article:modified_time\" content=\"2026-05-03T09:55:04+00:00\" \/>\n<meta property=\"og:image\" content=\"https:\/\/kosovatimes.info\/wp-content\/uploads\/2026\/05\/Odesa.jpg\" \/>\n\t<meta property=\"og:image:width\" content=\"2436\" \/>\n\t<meta property=\"og:image:height\" content=\"1655\" \/>\n\t<meta property=\"og:image:type\" content=\"image\/jpeg\" \/>\n<meta name=\"author\" content=\"i l\" \/>\n<meta name=\"twitter:card\" content=\"summary_large_image\" \/>\n<meta name=\"twitter:label1\" content=\"Written by\" \/>\n\t<meta name=\"twitter:data1\" content=\"i l\" \/>\n\t<meta name=\"twitter:label2\" content=\"Est. reading time\" \/>\n\t<meta name=\"twitter:data2\" content=\"4 minutes\" \/>\n<script type=\"application\/ld+json\" class=\"yoast-schema-graph\">{\"@context\":\"https:\\\/\\\/schema.org\",\"@graph\":[{\"@type\":\"Article\",\"@id\":\"https:\\\/\\\/kosovatimes.info\\\/index.php\\\/2026\\\/05\\\/03\\\/ukraine-tre-te-vdekur-ne-sulmet-ruse-ne-odessa-dhe-kherson\\\/#article\",\"isPartOf\":{\"@id\":\"https:\\\/\\\/kosovatimes.info\\\/index.php\\\/2026\\\/05\\\/03\\\/ukraine-tre-te-vdekur-ne-sulmet-ruse-ne-odessa-dhe-kherson\\\/\"},\"author\":{\"name\":\"i l\",\"@id\":\"https:\\\/\\\/kosovatimes.info\\\/#\\\/schema\\\/person\\\/7586712b9c512fe68085de007378c915\"},\"headline\":\"Ukrain\u00eb: Tre t\u00eb vdekur n\u00eb sulmet ruse n\u00eb Odessa dhe Kherson\",\"datePublished\":\"2026-05-03T09:54:59+00:00\",\"dateModified\":\"2026-05-03T09:55:04+00:00\",\"mainEntityOfPage\":{\"@id\":\"https:\\\/\\\/kosovatimes.info\\\/index.php\\\/2026\\\/05\\\/03\\\/ukraine-tre-te-vdekur-ne-sulmet-ruse-ne-odessa-dhe-kherson\\\/\"},\"wordCount\":788,\"commentCount\":0,\"image\":{\"@id\":\"https:\\\/\\\/kosovatimes.info\\\/index.php\\\/2026\\\/05\\\/03\\\/ukraine-tre-te-vdekur-ne-sulmet-ruse-ne-odessa-dhe-kherson\\\/#primaryimage\"},\"thumbnailUrl\":\"https:\\\/\\\/kosovatimes.info\\\/wp-content\\\/uploads\\\/2026\\\/05\\\/Odesa.jpg\",\"articleSection\":[\"Bot\u00eb\",\"Lajme\"],\"inLanguage\":\"en-US\",\"potentialAction\":[{\"@type\":\"CommentAction\",\"name\":\"Comment\",\"target\":[\"https:\\\/\\\/kosovatimes.info\\\/index.php\\\/2026\\\/05\\\/03\\\/ukraine-tre-te-vdekur-ne-sulmet-ruse-ne-odessa-dhe-kherson\\\/#respond\"]}]},{\"@type\":\"WebPage\",\"@id\":\"https:\\\/\\\/kosovatimes.info\\\/index.php\\\/2026\\\/05\\\/03\\\/ukraine-tre-te-vdekur-ne-sulmet-ruse-ne-odessa-dhe-kherson\\\/\",\"url\":\"https:\\\/\\\/kosovatimes.info\\\/index.php\\\/2026\\\/05\\\/03\\\/ukraine-tre-te-vdekur-ne-sulmet-ruse-ne-odessa-dhe-kherson\\\/\",\"name\":\"Ukrain\u00eb: Tre t\u00eb vdekur n\u00eb sulmet ruse n\u00eb Odessa dhe Kherson - Kosova Times\",\"isPartOf\":{\"@id\":\"https:\\\/\\\/kosovatimes.info\\\/#website\"},\"primaryImageOfPage\":{\"@id\":\"https:\\\/\\\/kosovatimes.info\\\/index.php\\\/2026\\\/05\\\/03\\\/ukraine-tre-te-vdekur-ne-sulmet-ruse-ne-odessa-dhe-kherson\\\/#primaryimage\"},\"image\":{\"@id\":\"https:\\\/\\\/kosovatimes.info\\\/index.php\\\/2026\\\/05\\\/03\\\/ukraine-tre-te-vdekur-ne-sulmet-ruse-ne-odessa-dhe-kherson\\\/#primaryimage\"},\"thumbnailUrl\":\"https:\\\/\\\/kosovatimes.info\\\/wp-content\\\/uploads\\\/2026\\\/05\\\/Odesa.jpg\",\"datePublished\":\"2026-05-03T09:54:59+00:00\",\"dateModified\":\"2026-05-03T09:55:04+00:00\",\"author\":{\"@id\":\"https:\\\/\\\/kosovatimes.info\\\/#\\\/schema\\\/person\\\/7586712b9c512fe68085de007378c915\"},\"breadcrumb\":{\"@id\":\"https:\\\/\\\/kosovatimes.info\\\/index.php\\\/2026\\\/05\\\/03\\\/ukraine-tre-te-vdekur-ne-sulmet-ruse-ne-odessa-dhe-kherson\\\/#breadcrumb\"},\"inLanguage\":\"en-US\",\"potentialAction\":[{\"@type\":\"ReadAction\",\"target\":[\"https:\\\/\\\/kosovatimes.info\\\/index.php\\\/2026\\\/05\\\/03\\\/ukraine-tre-te-vdekur-ne-sulmet-ruse-ne-odessa-dhe-kherson\\\/\"]}]},{\"@type\":\"ImageObject\",\"inLanguage\":\"en-US\",\"@id\":\"https:\\\/\\\/kosovatimes.info\\\/index.php\\\/2026\\\/05\\\/03\\\/ukraine-tre-te-vdekur-ne-sulmet-ruse-ne-odessa-dhe-kherson\\\/#primaryimage\",\"url\":\"https:\\\/\\\/kosovatimes.info\\\/wp-content\\\/uploads\\\/2026\\\/05\\\/Odesa.jpg\",\"contentUrl\":\"https:\\\/\\\/kosovatimes.info\\\/wp-content\\\/uploads\\\/2026\\\/05\\\/Odesa.jpg\",\"width\":2436,\"height\":1655},{\"@type\":\"BreadcrumbList\",\"@id\":\"https:\\\/\\\/kosovatimes.info\\\/index.php\\\/2026\\\/05\\\/03\\\/ukraine-tre-te-vdekur-ne-sulmet-ruse-ne-odessa-dhe-kherson\\\/#breadcrumb\",\"itemListElement\":[{\"@type\":\"ListItem\",\"position\":1,\"name\":\"Home\",\"item\":\"https:\\\/\\\/kosovatimes.info\\\/\"},{\"@type\":\"ListItem\",\"position\":2,\"name\":\"Ukrain\u00eb: Tre t\u00eb vdekur n\u00eb sulmet ruse n\u00eb Odessa dhe Kherson\"}]},{\"@type\":\"WebSite\",\"@id\":\"https:\\\/\\\/kosovatimes.info\\\/#website\",\"url\":\"https:\\\/\\\/kosovatimes.info\\\/\",\"name\":\"Kosova Times\",\"description\":\"\",\"potentialAction\":[{\"@type\":\"SearchAction\",\"target\":{\"@type\":\"EntryPoint\",\"urlTemplate\":\"https:\\\/\\\/kosovatimes.info\\\/?s={search_term_string}\"},\"query-input\":{\"@type\":\"PropertyValueSpecification\",\"valueRequired\":true,\"valueName\":\"search_term_string\"}}],\"inLanguage\":\"en-US\"},{\"@type\":\"Person\",\"@id\":\"https:\\\/\\\/kosovatimes.info\\\/#\\\/schema\\\/person\\\/7586712b9c512fe68085de007378c915\",\"name\":\"i l\",\"image\":{\"@type\":\"ImageObject\",\"inLanguage\":\"en-US\",\"@id\":\"https:\\\/\\\/secure.gravatar.com\\\/avatar\\\/bad9296e02816160ae2e2435beda58222022298d5625d49fea74d18816fbb31d?s=96&d=mm&r=g\",\"url\":\"https:\\\/\\\/secure.gravatar.com\\\/avatar\\\/bad9296e02816160ae2e2435beda58222022298d5625d49fea74d18816fbb31d?s=96&d=mm&r=g\",\"contentUrl\":\"https:\\\/\\\/secure.gravatar.com\\\/avatar\\\/bad9296e02816160ae2e2435beda58222022298d5625d49fea74d18816fbb31d?s=96&d=mm&r=g\",\"caption\":\"i l\"},\"url\":\"https:\\\/\\\/kosovatimes.info\\\/index.php\\\/author\\\/iliri\\\/\"}]}<\/script>\n<!-- \/ Yoast SEO plugin. -->","yoast_head_json":{"title":"Ukrain\u00eb: Tre t\u00eb vdekur n\u00eb sulmet ruse n\u00eb Odessa dhe Kherson - Kosova Times","robots":{"index":"index","follow":"follow","max-snippet":"max-snippet:-1","max-image-preview":"max-image-preview:large","max-video-preview":"max-video-preview:-1"},"canonical":"https:\/\/kosovatimes.info\/index.php\/2026\/05\/03\/ukraine-tre-te-vdekur-ne-sulmet-ruse-ne-odessa-dhe-kherson\/","og_locale":"en_US","og_type":"article","og_title":"Ukrain\u00eb: Tre t\u00eb vdekur n\u00eb sulmet ruse n\u00eb Odessa dhe Kherson - Kosova Times","og_description":"Tre persona u vran\u00eb n\u00eb&nbsp;Ukrain\u00eb&nbsp;sot, t\u00eb diel\u00ebn, nga sulmet me dron\u00eb rus\u00eb n\u00eb rajonet e&nbsp;Odes\u00ebs&nbsp;dhe&nbsp;Khersonit&nbsp;. Dy persona u vran\u00eb n\u00eb sulmet ruse n\u00eb Odessa, ku ka infrastruktur\u00eb t\u00eb r\u00ebnd\u00ebsishme portuale, p\u00ebrfshir\u00eb shoferin e nj\u00eb kamioni, tha guvernatori i saj, Oleh Kiper. &#8220;Dron\u00ebt armiq\u00ebsor\u00eb godit\u00ebn tre nd\u00ebrtesa banimi, nd\u00ebrsa dy t\u00eb tjera u d\u00ebmtuan. Edhe objektet [&hellip;]","og_url":"https:\/\/kosovatimes.info\/index.php\/2026\/05\/03\/ukraine-tre-te-vdekur-ne-sulmet-ruse-ne-odessa-dhe-kherson\/","og_site_name":"Kosova Times","article_published_time":"2026-05-03T09:54:59+00:00","article_modified_time":"2026-05-03T09:55:04+00:00","og_image":[{"width":2436,"height":1655,"url":"https:\/\/kosovatimes.info\/wp-content\/uploads\/2026\/05\/Odesa.jpg","type":"image\/jpeg"}],"author":"i l","twitter_card":"summary_large_image","twitter_misc":{"Written by":"i l","Est. reading time":"4 minutes"},"schema":{"@context":"https:\/\/schema.org","@graph":[{"@type":"Article","@id":"https:\/\/kosovatimes.info\/index.php\/2026\/05\/03\/ukraine-tre-te-vdekur-ne-sulmet-ruse-ne-odessa-dhe-kherson\/#article","isPartOf":{"@id":"https:\/\/kosovatimes.info\/index.php\/2026\/05\/03\/ukraine-tre-te-vdekur-ne-sulmet-ruse-ne-odessa-dhe-kherson\/"},"author":{"name":"i l","@id":"https:\/\/kosovatimes.info\/#\/schema\/person\/7586712b9c512fe68085de007378c915"},"headline":"Ukrain\u00eb: Tre t\u00eb vdekur n\u00eb sulmet ruse n\u00eb Odessa dhe Kherson","datePublished":"2026-05-03T09:54:59+00:00","dateModified":"2026-05-03T09:55:04+00:00","mainEntityOfPage":{"@id":"https:\/\/kosovatimes.info\/index.php\/2026\/05\/03\/ukraine-tre-te-vdekur-ne-sulmet-ruse-ne-odessa-dhe-kherson\/"},"wordCount":788,"commentCount":0,"image":{"@id":"https:\/\/kosovatimes.info\/index.php\/2026\/05\/03\/ukraine-tre-te-vdekur-ne-sulmet-ruse-ne-odessa-dhe-kherson\/#primaryimage"},"thumbnailUrl":"https:\/\/kosovatimes.info\/wp-content\/uploads\/2026\/05\/Odesa.jpg","articleSection":["Bot\u00eb","Lajme"],"inLanguage":"en-US","potentialAction":[{"@type":"CommentAction","name":"Comment","target":["https:\/\/kosovatimes.info\/index.php\/2026\/05\/03\/ukraine-tre-te-vdekur-ne-sulmet-ruse-ne-odessa-dhe-kherson\/#respond"]}]},{"@type":"WebPage","@id":"https:\/\/kosovatimes.info\/index.php\/2026\/05\/03\/ukraine-tre-te-vdekur-ne-sulmet-ruse-ne-odessa-dhe-kherson\/","url":"https:\/\/kosovatimes.info\/index.php\/2026\/05\/03\/ukraine-tre-te-vdekur-ne-sulmet-ruse-ne-odessa-dhe-kherson\/","name":"Ukrain\u00eb: Tre t\u00eb vdekur n\u00eb sulmet ruse n\u00eb Odessa dhe Kherson - Kosova Times","isPartOf":{"@id":"https:\/\/kosovatimes.info\/#website"},"primaryImageOfPage":{"@id":"https:\/\/kosovatimes.info\/index.php\/2026\/05\/03\/ukraine-tre-te-vdekur-ne-sulmet-ruse-ne-odessa-dhe-kherson\/#primaryimage"},"image":{"@id":"https:\/\/kosovatimes.info\/index.php\/2026\/05\/03\/ukraine-tre-te-vdekur-ne-sulmet-ruse-ne-odessa-dhe-kherson\/#primaryimage"},"thumbnailUrl":"https:\/\/kosovatimes.info\/wp-content\/uploads\/2026\/05\/Odesa.jpg","datePublished":"2026-05-03T09:54:59+00:00","dateModified":"2026-05-03T09:55:04+00:00","author":{"@id":"https:\/\/kosovatimes.info\/#\/schema\/person\/7586712b9c512fe68085de007378c915"},"breadcrumb":{"@id":"https:\/\/kosovatimes.info\/index.php\/2026\/05\/03\/ukraine-tre-te-vdekur-ne-sulmet-ruse-ne-odessa-dhe-kherson\/#breadcrumb"},"inLanguage":"en-US","potentialAction":[{"@type":"ReadAction","target":["https:\/\/kosovatimes.info\/index.php\/2026\/05\/03\/ukraine-tre-te-vdekur-ne-sulmet-ruse-ne-odessa-dhe-kherson\/"]}]},{"@type":"ImageObject","inLanguage":"en-US","@id":"https:\/\/kosovatimes.info\/index.php\/2026\/05\/03\/ukraine-tre-te-vdekur-ne-sulmet-ruse-ne-odessa-dhe-kherson\/#primaryimage","url":"https:\/\/kosovatimes.info\/wp-content\/uploads\/2026\/05\/Odesa.jpg","contentUrl":"https:\/\/kosovatimes.info\/wp-content\/uploads\/2026\/05\/Odesa.jpg","width":2436,"height":1655},{"@type":"BreadcrumbList","@id":"https:\/\/kosovatimes.info\/index.php\/2026\/05\/03\/ukraine-tre-te-vdekur-ne-sulmet-ruse-ne-odessa-dhe-kherson\/#breadcrumb","itemListElement":[{"@type":"ListItem","position":1,"name":"Home","item":"https:\/\/kosovatimes.info\/"},{"@type":"ListItem","position":2,"name":"Ukrain\u00eb: Tre t\u00eb vdekur n\u00eb sulmet ruse n\u00eb Odessa dhe Kherson"}]},{"@type":"WebSite","@id":"https:\/\/kosovatimes.info\/#website","url":"https:\/\/kosovatimes.info\/","name":"Kosova Times","description":"","potentialAction":[{"@type":"SearchAction","target":{"@type":"EntryPoint","urlTemplate":"https:\/\/kosovatimes.info\/?s={search_term_string}"},"query-input":{"@type":"PropertyValueSpecification","valueRequired":true,"valueName":"search_term_string"}}],"inLanguage":"en-US"},{"@type":"Person","@id":"https:\/\/kosovatimes.info\/#\/schema\/person\/7586712b9c512fe68085de007378c915","name":"i l","image":{"@type":"ImageObject","inLanguage":"en-US","@id":"https:\/\/secure.gravatar.com\/avatar\/bad9296e02816160ae2e2435beda58222022298d5625d49fea74d18816fbb31d?s=96&d=mm&r=g","url":"https:\/\/secure.gravatar.com\/avatar\/bad9296e02816160ae2e2435beda58222022298d5625d49fea74d18816fbb31d?s=96&d=mm&r=g","contentUrl":"https:\/\/secure.gravatar.com\/avatar\/bad9296e02816160ae2e2435beda58222022298d5625d49fea74d18816fbb31d?s=96&d=mm&r=g","caption":"i l"},"url":"https:\/\/kosovatimes.info\/index.php\/author\/iliri\/"}]}},"_links":{"self":[{"href":"https:\/\/kosovatimes.info\/index.php\/wp-json\/wp\/v2\/posts\/13189","targetHints":{"allow":["GET"]}}],"collection":[{"href":"https:\/\/kosovatimes.info\/index.php\/wp-json\/wp\/v2\/posts"}],"about":[{"href":"https:\/\/kosovatimes.info\/index.php\/wp-json\/wp\/v2\/types\/post"}],"author":[{"embeddable":true,"href":"https:\/\/kosovatimes.info\/index.php\/wp-json\/wp\/v2\/users\/4"}],"replies":[{"embeddable":true,"href":"https:\/\/kosovatimes.info\/index.php\/wp-json\/wp\/v2\/comments?post=13189"}],"version-history":[{"count":1,"href":"https:\/\/kosovatimes.info\/index.php\/wp-json\/wp\/v2\/posts\/13189\/revisions"}],"predecessor-version":[{"id":13191,"href":"https:\/\/kosovatimes.info\/index.php\/wp-json\/wp\/v2\/posts\/13189\/revisions\/13191"}],"wp:featuredmedia":[{"embeddable":true,"href":"https:\/\/kosovatimes.info\/index.php\/wp-json\/wp\/v2\/media\/13190"}],"wp:attachment":[{"href":"https:\/\/kosovatimes.info\/index.php\/wp-json\/wp\/v2\/media?parent=13189"}],"wp:term":[{"taxonomy":"category","embeddable":true,"href":"https:\/\/kosovatimes.info\/index.php\/wp-json\/wp\/v2\/categories?post=13189"},{"taxonomy":"post_tag","embeddable":true,"href":"https:\/\/kosovatimes.info\/index.php\/wp-json\/wp\/v2\/tags?post=13189"}],"curies":[{"name":"wp","href":"https:\/\/api.w.org\/{rel}","templated":true}]}}