{"id":13192,"date":"2026-05-03T11:57:23","date_gmt":"2026-05-03T09:57:23","guid":{"rendered":"https:\/\/kosovatimes.info\/?p=13192"},"modified":"2026-05-03T11:57:26","modified_gmt":"2026-05-03T09:57:26","slug":"bie-bore-ne-atika-te-greqise","status":"publish","type":"post","link":"https:\/\/kosovatimes.info\/index.php\/2026\/05\/03\/bie-bore-ne-atika-te-greqise\/","title":{"rendered":"Bie bor\u00eb n\u00eb Atika te Greqis\u00eb"},"content":{"rendered":"\n<p>Edhe pse jemi n\u00eb dit\u00ebn e tret\u00eb t\u00eb majit,&nbsp;<strong>Parnitha<\/strong>&nbsp;dhe&nbsp;<strong>Penteli mir\u00ebprit\u00ebn&nbsp;<\/strong><strong>flok\u00eb d\u00ebbore<\/strong>&nbsp;t\u00eb afta t\u00eb mbulonin bor\u00ebn n\u00eb nivelet m\u00eb t\u00eb larta n\u00eb or\u00ebt e para t\u00eb m\u00ebngjesit sot, t\u00eb diel\u00ebn,&nbsp;duke rezultuar n\u00eb pezullimin e p\u00ebrkohsh\u00ebm t\u00eb trafikut n\u00eb Bulevardin Parnitha.<\/p>\n\n\n\n<p>P\u00ebr t\u00eb dyt\u00ebn dit\u00eb radhazi, malet n\u00eb veri t\u00eb pellgut t\u00eb Atik\u00ebs u mbuluan nga t\u00eb bardha, nd\u00ebrsa moti i keq tre-ditor arrin n\u00eb faz\u00ebn e tij t\u00eb fundit, sipas parashikimeve t\u00eb Sh\u00ebrbimit Komb\u00ebtar Meteorologjik.<\/p>\n\n\n\n<figure class=\"wp-block-embed is-type-rich is-provider-twitter wp-block-embed-twitter\"><div class=\"wp-block-embed__wrapper\">\n<blockquote class=\"twitter-tweet\" data-width=\"550\" data-dnt=\"true\"><p lang=\"el\" dir=\"ltr\">\u0394\u03b5\u03bd \u03b5\u03af\u03bd\u03b1\u03b9 1 \u0394\u03b5\u03ba\u03b5\u03bc\u03b2\u03c1\u03af\u03bf\u03c5 \u03b5\u03af\u03bd\u03b1\u03b9 3 \u039c\u03b1\u0390\u03bf\u03c5 \u03ba\u03b1\u03b9 \u03c4\u03b1 \u03c0\u03ac\u03bd\u03c4\u03b1 \u03b5\u03af\u03bd\u03b1\u03b9 \u03bb\u03b5\u03c5\u03ba\u03ac \u03c3\u03c4\u03b7\u03bd \u03a0\u03ac\u03c1\u03bd\u03b7\u03b8\u03b1 \u03cc\u03c0\u03bf\u03c5 \u03c4\u03bf \u03c7\u03b9\u03cc\u03bd\u03b9 \u03be\u03b5\u03c0\u03b5\u03c1\u03bd\u03ac\u03b5\u03b9 \u03c4\u03bf\u03c5\u03c2 10 \u03c0\u03cc\u03bd\u03c4\u03bf\u03c5\u03c2<br><br>\u0392\u03af\u03bd\u03c4\u03b5\u03bf : \u0392\u03af\u03bd\u03c4\u03b5\u03bf \u0392\u03ad\u03c1\u03b1 \u0391\u03b2\u03c1\u03b1\u03bc\u03af\u03b4\u03bf\u03c5 <a href=\"https:\/\/t.co\/5O3SwI9YL7\">pic.twitter.com\/5O3SwI9YL7<\/a><\/p>&mdash; Forecast Weather Greece (@ForecastGreece) <a href=\"https:\/\/twitter.com\/ForecastGreece\/status\/2050815009035354426?ref_src=twsrc%5Etfw\">May 3, 2026<\/a><\/blockquote><script async src=\"https:\/\/platform.twitter.com\/widgets.js\" charset=\"utf-8\"><\/script>\n<\/div><\/figure>\n\n\n\n<p>Policia ndaloi trafikun n\u00eb Bulevardin Parnithos nga lart\u00ebsia e teleferikut dhe m\u00eb lart, p\u00ebr \u00e7do rast.<\/p>\n\n\n\n<p>Megjithat\u00eb, n\u00eb p\u00ebrgjith\u00ebsi, nuk raportohen probleme me trafikun.<\/p>\n\n\n\n<p>Shum\u00eb m\u00eb tep\u00ebr reshje d\u00ebbore raportohen n\u00eb zonat malore t\u00eb Greqis\u00eb qendrore dhe Peloponezit. Imazhe t\u00eb reshjeve t\u00eb dendura t\u00eb d\u00ebbor\u00ebs dhe mbules\u00ebs s\u00eb gjer\u00eb t\u00eb d\u00ebbor\u00ebs po transmetohen nga Kalavryta, Ziria Corinth, Parnassos dhe disa zona t\u00eb tjera.Si\u00e7 i tha kryebashkiaku i Arachov\u00ebs, Yiannis Stathas, ERT, rruga p\u00ebr n\u00eb qendr\u00ebn e skive Parnassos k\u00ebrkon zinxhir\u00eb, duke kujtuar se qendra e skive tani \u00ebsht\u00eb e mbyllur.<\/p>\n\n\n\n<p>Vendpushimet e skive n\u00eb t\u00eb gjith\u00eb Greqin\u00eb jan\u00eb mbyllur q\u00eb nga 19 prilli.<\/p>\n\n\n\n<p><em>Burimi: ERT<\/em><\/p>\n","protected":false},"excerpt":{"rendered":"<p>Edhe pse jemi n\u00eb dit\u00ebn e tret\u00eb t\u00eb majit,&nbsp;Parnitha&nbsp;dhe&nbsp;Penteli mir\u00ebprit\u00ebn&nbsp;flok\u00eb d\u00ebbore&nbsp;t\u00eb afta t\u00eb mbulonin bor\u00ebn n\u00eb nivelet m\u00eb t\u00eb larta n\u00eb or\u00ebt e para t\u00eb m\u00ebngjesit sot, t\u00eb diel\u00ebn,&nbsp;duke rezultuar n\u00eb pezullimin e p\u00ebrkohsh\u00ebm t\u00eb trafikut n\u00eb Bulevardin Parnitha. P\u00ebr t\u00eb dyt\u00ebn dit\u00eb radhazi, malet n\u00eb veri t\u00eb pellgut t\u00eb Atik\u00ebs u mbuluan nga t\u00eb [&hellip;]<\/p>\n","protected":false},"author":4,"featured_media":13193,"comment_status":"open","ping_status":"open","sticky":false,"template":"","format":"standard","meta":{"footnotes":""},"categories":[33,30],"tags":[],"class_list":{"0":"post-13192","1":"post","2":"type-post","3":"status-publish","4":"format-standard","5":"has-post-thumbnail","7":"category-bote","8":"category-lajme"},"yoast_head":"<!-- This site is optimized with the Yoast SEO plugin v27.4 - https:\/\/yoast.com\/product\/yoast-seo-wordpress\/ -->\n<title>Bie bor\u00eb n\u00eb Atika te Greqis\u00eb - Kosova Times<\/title>\n<meta name=\"robots\" content=\"index, follow, max-snippet:-1, max-image-preview:large, max-video-preview:-1\" \/>\n<link rel=\"canonical\" href=\"https:\/\/kosovatimes.info\/index.php\/2026\/05\/03\/bie-bore-ne-atika-te-greqise\/\" \/>\n<meta property=\"og:locale\" content=\"en_US\" \/>\n<meta property=\"og:type\" content=\"article\" \/>\n<meta property=\"og:title\" content=\"Bie bor\u00eb n\u00eb Atika te Greqis\u00eb - Kosova Times\" \/>\n<meta property=\"og:description\" content=\"Edhe pse jemi n\u00eb dit\u00ebn e tret\u00eb t\u00eb majit,&nbsp;Parnitha&nbsp;dhe&nbsp;Penteli mir\u00ebprit\u00ebn&nbsp;flok\u00eb d\u00ebbore&nbsp;t\u00eb afta t\u00eb mbulonin bor\u00ebn n\u00eb nivelet m\u00eb t\u00eb larta n\u00eb or\u00ebt e para t\u00eb m\u00ebngjesit sot, t\u00eb diel\u00ebn,&nbsp;duke rezultuar n\u00eb pezullimin e p\u00ebrkohsh\u00ebm t\u00eb trafikut n\u00eb Bulevardin Parnitha. P\u00ebr t\u00eb dyt\u00ebn dit\u00eb radhazi, malet n\u00eb veri t\u00eb pellgut t\u00eb Atik\u00ebs u mbuluan nga t\u00eb [&hellip;]\" \/>\n<meta property=\"og:url\" content=\"https:\/\/kosovatimes.info\/index.php\/2026\/05\/03\/bie-bore-ne-atika-te-greqise\/\" \/>\n<meta property=\"og:site_name\" content=\"Kosova Times\" \/>\n<meta property=\"article:published_time\" content=\"2026-05-03T09:57:23+00:00\" \/>\n<meta property=\"article:modified_time\" content=\"2026-05-03T09:57:26+00:00\" \/>\n<meta property=\"og:image\" content=\"https:\/\/kosovatimes.info\/wp-content\/uploads\/2026\/05\/Bora.jpg\" \/>\n\t<meta property=\"og:image:width\" content=\"2560\" \/>\n\t<meta property=\"og:image:height\" content=\"1738\" \/>\n\t<meta property=\"og:image:type\" content=\"image\/jpeg\" \/>\n<meta name=\"author\" content=\"i l\" \/>\n<meta name=\"twitter:card\" content=\"summary_large_image\" \/>\n<meta name=\"twitter:label1\" content=\"Written by\" \/>\n\t<meta name=\"twitter:data1\" content=\"i l\" \/>\n\t<meta name=\"twitter:label2\" content=\"Est. reading time\" \/>\n\t<meta name=\"twitter:data2\" content=\"2 minutes\" \/>\n<script type=\"application\/ld+json\" class=\"yoast-schema-graph\">{\"@context\":\"https:\\\/\\\/schema.org\",\"@graph\":[{\"@type\":\"Article\",\"@id\":\"https:\\\/\\\/kosovatimes.info\\\/index.php\\\/2026\\\/05\\\/03\\\/bie-bore-ne-atika-te-greqise\\\/#article\",\"isPartOf\":{\"@id\":\"https:\\\/\\\/kosovatimes.info\\\/index.php\\\/2026\\\/05\\\/03\\\/bie-bore-ne-atika-te-greqise\\\/\"},\"author\":{\"name\":\"i l\",\"@id\":\"https:\\\/\\\/kosovatimes.info\\\/#\\\/schema\\\/person\\\/7586712b9c512fe68085de007378c915\"},\"headline\":\"Bie bor\u00eb n\u00eb Atika te Greqis\u00eb\",\"datePublished\":\"2026-05-03T09:57:23+00:00\",\"dateModified\":\"2026-05-03T09:57:26+00:00\",\"mainEntityOfPage\":{\"@id\":\"https:\\\/\\\/kosovatimes.info\\\/index.php\\\/2026\\\/05\\\/03\\\/bie-bore-ne-atika-te-greqise\\\/\"},\"wordCount\":268,\"commentCount\":0,\"image\":{\"@id\":\"https:\\\/\\\/kosovatimes.info\\\/index.php\\\/2026\\\/05\\\/03\\\/bie-bore-ne-atika-te-greqise\\\/#primaryimage\"},\"thumbnailUrl\":\"https:\\\/\\\/kosovatimes.info\\\/wp-content\\\/uploads\\\/2026\\\/05\\\/Bora.jpg\",\"articleSection\":[\"Bot\u00eb\",\"Lajme\"],\"inLanguage\":\"en-US\",\"potentialAction\":[{\"@type\":\"CommentAction\",\"name\":\"Comment\",\"target\":[\"https:\\\/\\\/kosovatimes.info\\\/index.php\\\/2026\\\/05\\\/03\\\/bie-bore-ne-atika-te-greqise\\\/#respond\"]}]},{\"@type\":\"WebPage\",\"@id\":\"https:\\\/\\\/kosovatimes.info\\\/index.php\\\/2026\\\/05\\\/03\\\/bie-bore-ne-atika-te-greqise\\\/\",\"url\":\"https:\\\/\\\/kosovatimes.info\\\/index.php\\\/2026\\\/05\\\/03\\\/bie-bore-ne-atika-te-greqise\\\/\",\"name\":\"Bie bor\u00eb n\u00eb Atika te Greqis\u00eb - Kosova Times\",\"isPartOf\":{\"@id\":\"https:\\\/\\\/kosovatimes.info\\\/#website\"},\"primaryImageOfPage\":{\"@id\":\"https:\\\/\\\/kosovatimes.info\\\/index.php\\\/2026\\\/05\\\/03\\\/bie-bore-ne-atika-te-greqise\\\/#primaryimage\"},\"image\":{\"@id\":\"https:\\\/\\\/kosovatimes.info\\\/index.php\\\/2026\\\/05\\\/03\\\/bie-bore-ne-atika-te-greqise\\\/#primaryimage\"},\"thumbnailUrl\":\"https:\\\/\\\/kosovatimes.info\\\/wp-content\\\/uploads\\\/2026\\\/05\\\/Bora.jpg\",\"datePublished\":\"2026-05-03T09:57:23+00:00\",\"dateModified\":\"2026-05-03T09:57:26+00:00\",\"author\":{\"@id\":\"https:\\\/\\\/kosovatimes.info\\\/#\\\/schema\\\/person\\\/7586712b9c512fe68085de007378c915\"},\"breadcrumb\":{\"@id\":\"https:\\\/\\\/kosovatimes.info\\\/index.php\\\/2026\\\/05\\\/03\\\/bie-bore-ne-atika-te-greqise\\\/#breadcrumb\"},\"inLanguage\":\"en-US\",\"potentialAction\":[{\"@type\":\"ReadAction\",\"target\":[\"https:\\\/\\\/kosovatimes.info\\\/index.php\\\/2026\\\/05\\\/03\\\/bie-bore-ne-atika-te-greqise\\\/\"]}]},{\"@type\":\"ImageObject\",\"inLanguage\":\"en-US\",\"@id\":\"https:\\\/\\\/kosovatimes.info\\\/index.php\\\/2026\\\/05\\\/03\\\/bie-bore-ne-atika-te-greqise\\\/#primaryimage\",\"url\":\"https:\\\/\\\/kosovatimes.info\\\/wp-content\\\/uploads\\\/2026\\\/05\\\/Bora.jpg\",\"contentUrl\":\"https:\\\/\\\/kosovatimes.info\\\/wp-content\\\/uploads\\\/2026\\\/05\\\/Bora.jpg\",\"width\":2560,\"height\":1738},{\"@type\":\"BreadcrumbList\",\"@id\":\"https:\\\/\\\/kosovatimes.info\\\/index.php\\\/2026\\\/05\\\/03\\\/bie-bore-ne-atika-te-greqise\\\/#breadcrumb\",\"itemListElement\":[{\"@type\":\"ListItem\",\"position\":1,\"name\":\"Home\",\"item\":\"https:\\\/\\\/kosovatimes.info\\\/\"},{\"@type\":\"ListItem\",\"position\":2,\"name\":\"Bie bor\u00eb n\u00eb Atika te Greqis\u00eb\"}]},{\"@type\":\"WebSite\",\"@id\":\"https:\\\/\\\/kosovatimes.info\\\/#website\",\"url\":\"https:\\\/\\\/kosovatimes.info\\\/\",\"name\":\"Kosova Times\",\"description\":\"\",\"potentialAction\":[{\"@type\":\"SearchAction\",\"target\":{\"@type\":\"EntryPoint\",\"urlTemplate\":\"https:\\\/\\\/kosovatimes.info\\\/?s={search_term_string}\"},\"query-input\":{\"@type\":\"PropertyValueSpecification\",\"valueRequired\":true,\"valueName\":\"search_term_string\"}}],\"inLanguage\":\"en-US\"},{\"@type\":\"Person\",\"@id\":\"https:\\\/\\\/kosovatimes.info\\\/#\\\/schema\\\/person\\\/7586712b9c512fe68085de007378c915\",\"name\":\"i l\",\"image\":{\"@type\":\"ImageObject\",\"inLanguage\":\"en-US\",\"@id\":\"https:\\\/\\\/secure.gravatar.com\\\/avatar\\\/bad9296e02816160ae2e2435beda58222022298d5625d49fea74d18816fbb31d?s=96&d=mm&r=g\",\"url\":\"https:\\\/\\\/secure.gravatar.com\\\/avatar\\\/bad9296e02816160ae2e2435beda58222022298d5625d49fea74d18816fbb31d?s=96&d=mm&r=g\",\"contentUrl\":\"https:\\\/\\\/secure.gravatar.com\\\/avatar\\\/bad9296e02816160ae2e2435beda58222022298d5625d49fea74d18816fbb31d?s=96&d=mm&r=g\",\"caption\":\"i l\"},\"url\":\"https:\\\/\\\/kosovatimes.info\\\/index.php\\\/author\\\/iliri\\\/\"}]}<\/script>\n<!-- \/ Yoast SEO plugin. -->","yoast_head_json":{"title":"Bie bor\u00eb n\u00eb Atika te Greqis\u00eb - Kosova Times","robots":{"index":"index","follow":"follow","max-snippet":"max-snippet:-1","max-image-preview":"max-image-preview:large","max-video-preview":"max-video-preview:-1"},"canonical":"https:\/\/kosovatimes.info\/index.php\/2026\/05\/03\/bie-bore-ne-atika-te-greqise\/","og_locale":"en_US","og_type":"article","og_title":"Bie bor\u00eb n\u00eb Atika te Greqis\u00eb - Kosova Times","og_description":"Edhe pse jemi n\u00eb dit\u00ebn e tret\u00eb t\u00eb majit,&nbsp;Parnitha&nbsp;dhe&nbsp;Penteli mir\u00ebprit\u00ebn&nbsp;flok\u00eb d\u00ebbore&nbsp;t\u00eb afta t\u00eb mbulonin bor\u00ebn n\u00eb nivelet m\u00eb t\u00eb larta n\u00eb or\u00ebt e para t\u00eb m\u00ebngjesit sot, t\u00eb diel\u00ebn,&nbsp;duke rezultuar n\u00eb pezullimin e p\u00ebrkohsh\u00ebm t\u00eb trafikut n\u00eb Bulevardin Parnitha. P\u00ebr t\u00eb dyt\u00ebn dit\u00eb radhazi, malet n\u00eb veri t\u00eb pellgut t\u00eb Atik\u00ebs u mbuluan nga t\u00eb [&hellip;]","og_url":"https:\/\/kosovatimes.info\/index.php\/2026\/05\/03\/bie-bore-ne-atika-te-greqise\/","og_site_name":"Kosova Times","article_published_time":"2026-05-03T09:57:23+00:00","article_modified_time":"2026-05-03T09:57:26+00:00","og_image":[{"width":2560,"height":1738,"url":"https:\/\/kosovatimes.info\/wp-content\/uploads\/2026\/05\/Bora.jpg","type":"image\/jpeg"}],"author":"i l","twitter_card":"summary_large_image","twitter_misc":{"Written by":"i l","Est. reading time":"2 minutes"},"schema":{"@context":"https:\/\/schema.org","@graph":[{"@type":"Article","@id":"https:\/\/kosovatimes.info\/index.php\/2026\/05\/03\/bie-bore-ne-atika-te-greqise\/#article","isPartOf":{"@id":"https:\/\/kosovatimes.info\/index.php\/2026\/05\/03\/bie-bore-ne-atika-te-greqise\/"},"author":{"name":"i l","@id":"https:\/\/kosovatimes.info\/#\/schema\/person\/7586712b9c512fe68085de007378c915"},"headline":"Bie bor\u00eb n\u00eb Atika te Greqis\u00eb","datePublished":"2026-05-03T09:57:23+00:00","dateModified":"2026-05-03T09:57:26+00:00","mainEntityOfPage":{"@id":"https:\/\/kosovatimes.info\/index.php\/2026\/05\/03\/bie-bore-ne-atika-te-greqise\/"},"wordCount":268,"commentCount":0,"image":{"@id":"https:\/\/kosovatimes.info\/index.php\/2026\/05\/03\/bie-bore-ne-atika-te-greqise\/#primaryimage"},"thumbnailUrl":"https:\/\/kosovatimes.info\/wp-content\/uploads\/2026\/05\/Bora.jpg","articleSection":["Bot\u00eb","Lajme"],"inLanguage":"en-US","potentialAction":[{"@type":"CommentAction","name":"Comment","target":["https:\/\/kosovatimes.info\/index.php\/2026\/05\/03\/bie-bore-ne-atika-te-greqise\/#respond"]}]},{"@type":"WebPage","@id":"https:\/\/kosovatimes.info\/index.php\/2026\/05\/03\/bie-bore-ne-atika-te-greqise\/","url":"https:\/\/kosovatimes.info\/index.php\/2026\/05\/03\/bie-bore-ne-atika-te-greqise\/","name":"Bie bor\u00eb n\u00eb Atika te Greqis\u00eb - Kosova Times","isPartOf":{"@id":"https:\/\/kosovatimes.info\/#website"},"primaryImageOfPage":{"@id":"https:\/\/kosovatimes.info\/index.php\/2026\/05\/03\/bie-bore-ne-atika-te-greqise\/#primaryimage"},"image":{"@id":"https:\/\/kosovatimes.info\/index.php\/2026\/05\/03\/bie-bore-ne-atika-te-greqise\/#primaryimage"},"thumbnailUrl":"https:\/\/kosovatimes.info\/wp-content\/uploads\/2026\/05\/Bora.jpg","datePublished":"2026-05-03T09:57:23+00:00","dateModified":"2026-05-03T09:57:26+00:00","author":{"@id":"https:\/\/kosovatimes.info\/#\/schema\/person\/7586712b9c512fe68085de007378c915"},"breadcrumb":{"@id":"https:\/\/kosovatimes.info\/index.php\/2026\/05\/03\/bie-bore-ne-atika-te-greqise\/#breadcrumb"},"inLanguage":"en-US","potentialAction":[{"@type":"ReadAction","target":["https:\/\/kosovatimes.info\/index.php\/2026\/05\/03\/bie-bore-ne-atika-te-greqise\/"]}]},{"@type":"ImageObject","inLanguage":"en-US","@id":"https:\/\/kosovatimes.info\/index.php\/2026\/05\/03\/bie-bore-ne-atika-te-greqise\/#primaryimage","url":"https:\/\/kosovatimes.info\/wp-content\/uploads\/2026\/05\/Bora.jpg","contentUrl":"https:\/\/kosovatimes.info\/wp-content\/uploads\/2026\/05\/Bora.jpg","width":2560,"height":1738},{"@type":"BreadcrumbList","@id":"https:\/\/kosovatimes.info\/index.php\/2026\/05\/03\/bie-bore-ne-atika-te-greqise\/#breadcrumb","itemListElement":[{"@type":"ListItem","position":1,"name":"Home","item":"https:\/\/kosovatimes.info\/"},{"@type":"ListItem","position":2,"name":"Bie bor\u00eb n\u00eb Atika te Greqis\u00eb"}]},{"@type":"WebSite","@id":"https:\/\/kosovatimes.info\/#website","url":"https:\/\/kosovatimes.info\/","name":"Kosova Times","description":"","potentialAction":[{"@type":"SearchAction","target":{"@type":"EntryPoint","urlTemplate":"https:\/\/kosovatimes.info\/?s={search_term_string}"},"query-input":{"@type":"PropertyValueSpecification","valueRequired":true,"valueName":"search_term_string"}}],"inLanguage":"en-US"},{"@type":"Person","@id":"https:\/\/kosovatimes.info\/#\/schema\/person\/7586712b9c512fe68085de007378c915","name":"i l","image":{"@type":"ImageObject","inLanguage":"en-US","@id":"https:\/\/secure.gravatar.com\/avatar\/bad9296e02816160ae2e2435beda58222022298d5625d49fea74d18816fbb31d?s=96&d=mm&r=g","url":"https:\/\/secure.gravatar.com\/avatar\/bad9296e02816160ae2e2435beda58222022298d5625d49fea74d18816fbb31d?s=96&d=mm&r=g","contentUrl":"https:\/\/secure.gravatar.com\/avatar\/bad9296e02816160ae2e2435beda58222022298d5625d49fea74d18816fbb31d?s=96&d=mm&r=g","caption":"i l"},"url":"https:\/\/kosovatimes.info\/index.php\/author\/iliri\/"}]}},"_links":{"self":[{"href":"https:\/\/kosovatimes.info\/index.php\/wp-json\/wp\/v2\/posts\/13192","targetHints":{"allow":["GET"]}}],"collection":[{"href":"https:\/\/kosovatimes.info\/index.php\/wp-json\/wp\/v2\/posts"}],"about":[{"href":"https:\/\/kosovatimes.info\/index.php\/wp-json\/wp\/v2\/types\/post"}],"author":[{"embeddable":true,"href":"https:\/\/kosovatimes.info\/index.php\/wp-json\/wp\/v2\/users\/4"}],"replies":[{"embeddable":true,"href":"https:\/\/kosovatimes.info\/index.php\/wp-json\/wp\/v2\/comments?post=13192"}],"version-history":[{"count":1,"href":"https:\/\/kosovatimes.info\/index.php\/wp-json\/wp\/v2\/posts\/13192\/revisions"}],"predecessor-version":[{"id":13194,"href":"https:\/\/kosovatimes.info\/index.php\/wp-json\/wp\/v2\/posts\/13192\/revisions\/13194"}],"wp:featuredmedia":[{"embeddable":true,"href":"https:\/\/kosovatimes.info\/index.php\/wp-json\/wp\/v2\/media\/13193"}],"wp:attachment":[{"href":"https:\/\/kosovatimes.info\/index.php\/wp-json\/wp\/v2\/media?parent=13192"}],"wp:term":[{"taxonomy":"category","embeddable":true,"href":"https:\/\/kosovatimes.info\/index.php\/wp-json\/wp\/v2\/categories?post=13192"},{"taxonomy":"post_tag","embeddable":true,"href":"https:\/\/kosovatimes.info\/index.php\/wp-json\/wp\/v2\/tags?post=13192"}],"curies":[{"name":"wp","href":"https:\/\/api.w.org\/{rel}","templated":true}]}}