{"id":13210,"date":"2026-05-03T12:46:51","date_gmt":"2026-05-03T10:46:51","guid":{"rendered":"https:\/\/kosovatimes.info\/?p=13210"},"modified":"2026-05-03T12:46:52","modified_gmt":"2026-05-03T10:46:52","slug":"banoreve-te-estonise-u-jane-leshuar-alarme-per-kercenime-nga-drone","status":"publish","type":"post","link":"https:\/\/kosovatimes.info\/index.php\/2026\/05\/03\/banoreve-te-estonise-u-jane-leshuar-alarme-per-kercenime-nga-drone\/","title":{"rendered":"Banor\u00ebve t\u00eb Estonis\u00eb u jan\u00eb l\u00ebshuar alarme p\u00ebr k\u00ebrc\u00ebnime nga dron\u00eb"},"content":{"rendered":"\n<p>Banor\u00ebt e dy qarqeve n\u00eb Estonin\u00eb lindore\u2014Idu-Virumaa dhe Qarku V\u00f5ru\u2014mor\u00ebn nj\u00eb alarm celular p\u00ebr nj\u00eb k\u00ebrc\u00ebnim t\u00eb mundsh\u00ebm ajror nat\u00ebn e 3 majit. &#8220;N\u00ebse vini re nj\u00eb dron, strehohuni menj\u00ebher\u00eb&#8221;, shkruhej n\u00eb mesazhin, t\u00eb cilin banor\u00ebt e Idu-Virumaa (q\u00eb p\u00ebrfshin qytetin e Narv\u00ebs) e mor\u00ebn rreth or\u00ebs 3:00 t\u00eb m\u00ebngjesit sipas or\u00ebs lokale,&nbsp;<a href=\"https:\/\/rus.postimees.ee\/8463563\/serdce-ushlo-v-pyatki-zhiteli-narvy-prosnulis-ot-strashnogo-gula-sily-oborony-predupredili-ob-ugroze-dronov\" target=\"_blank\" rel=\"noreferrer noopener\">raporton<\/a>&nbsp;Postimees . Rreth or\u00ebs 5:30 t\u00eb m\u00ebngjesit, mb\u00ebrriti nj\u00eb mesazh q\u00eb deklaronte se k\u00ebrc\u00ebnimi kishte kaluar.<\/p>\n\n\n\n<p>Banor\u00ebt e Narv\u00ebs, e cila ndodhet n\u00eb kufirin me Rusin\u00eb,\u00a0<a href=\"https:\/\/www.facebook.com\/groups\/326094650888881\/?__cft__%5B0%5D=AZYYh6Cydd1fNPYs3qxj5sw2II-0m6_eboHzmTARbFtWAis8ZBjYo5xl3sy4P5cfL98wnF7bnPcX_BEdgjC7G4XY9_SeFfv72eHQRaZxjgiIiI4FSWUlsJjQ425F-OKEsUtGQUO34jDMNjtlOD71PBKsmVuWXOLFG25qzPdY00miggj4axZzWh7DL0PasKeD-u4&amp;__tn__=-UC%2CP-R\" target=\"_blank\" rel=\"noreferrer noopener\">shkruan<\/a>\u00a0n\u00eb Facebook se u zgjuan rreth or\u00ebs 3:00 t\u00eb m\u00ebngjesit nga nj\u00eb zhurm\u00eb e ngjashme me at\u00eb t\u00eb nj\u00eb varke me motor ose kosit\u00ebseje bari. Disa p\u00ebrdorues anonim\u00eb shkruan se pan\u00eb dron\u00eb q\u00eb fluturonin sip\u00ebr kok\u00ebs, nd\u00ebrsa t\u00eb tjer\u00eb raportuan se pan\u00eb shk\u00ebndija dhe d\u00ebgjuan shp\u00ebrthime, me sa duket nga sistemet e mbrojtjes ajrore.Postimees v\u00ebren se nj\u00eb njoftim me mesazh teksti mund t\u00eb d\u00ebrgohet kur &#8220;nj\u00eb dron jasht\u00eb kursit ka hyr\u00eb ose po hyn n\u00eb hap\u00ebsir\u00ebn ajrore t\u00eb Estonis\u00eb, ka t\u00eb ngjar\u00eb t\u00eb fluturoj\u00eb mbi territor dhe nuk p\u00ebrb\u00ebn nj\u00eb k\u00ebrc\u00ebnim t\u00eb menj\u00ebhersh\u00ebm p\u00ebr banor\u00ebt&#8221;; ky nuk \u00ebsht\u00eb nj\u00eb paralajm\u00ebrim p\u00ebr sulm ajror q\u00eb u k\u00ebrkon njer\u00ebzve t\u00eb k\u00ebrkojn\u00eb strehim.<\/p>\n\n\n\n<p>Koloneli Uku Arnold, kreu i Departamentit t\u00eb Komunikimeve Strategjike t\u00eb Shtabit t\u00eb P\u00ebrgjithsh\u00ebm t\u00eb Forcave t\u00eb Mbrojtjes Estoneze,&nbsp;<a href=\"https:\/\/rus.err.ee\/1610012977\/uku-arold-o-nochnom-incidente-s-bpla-trevoga-snjata-povrezhdenij-ne-zafiksirovano\" target=\"_blank\" rel=\"noreferrer noopener\">raportoi m\u00eb von\u00eb<\/a>&nbsp;se paralajm\u00ebrimi lidhej me nj\u00eb sulm t\u00eb kryer nga Ukraina ndaj infrastruktur\u00ebs ruse nat\u00ebn e 3 majit. Sipas Arnold, &#8220;dron\u00ebt po fluturonin paralelisht me kufirin estonez, pran\u00eb hap\u00ebsir\u00ebs ajrore, pa hyr\u00eb n\u00eb vend. Megjithat\u00eb, p\u00ebr shkak t\u00eb specifikave t\u00eb trajektores s\u00eb tyre, ekzistonte rreziku q\u00eb disa prej tyre t\u00eb mund t\u00eb hynin n\u00eb hap\u00ebsir\u00ebn ajrore estoneze&#8221;. Nj\u00eb dron, tha ai, hyri p\u00ebr pak koh\u00eb n\u00eb hap\u00ebsir\u00ebn ajrore pran\u00eb Liqenit Peipus dhe m\u00eb pas u largua. Nuk pati raportime p\u00ebr rr\u00ebzime dron\u00ebsh ose rr\u00ebnoja n\u00eb zon\u00eb.<\/p>\n\n\n\n<p>K\u00ebshtu, autoritetet nuk e konfirmuan fluturimin e dron\u00ebve direkt mbi Narva.<\/p>\n\n\n\n<p>Estonia kufizohet me Oblastin e Leningradit t\u00eb Rusis\u00eb, autoritetet e t\u00eb cilit raportuan nj\u00eb sulm masiv me dron\u00eb ukrainas. Porti i Primorskut n\u00eb Gjirin e Finland\u00ebs ishte n\u00eb sh\u00ebnjest\u00ebr n\u00eb ve\u00e7anti.<\/p>\n\n\n\n<p>M\u00eb von\u00eb&nbsp;<a href=\"https:\/\/www.pravda.com.ua\/rus\/news\/2026\/05\/03\/8032900\/\" target=\"_blank\" rel=\"noreferrer noopener\">doli<\/a>&nbsp;se banor\u00ebt e disa qyteteve n\u00eb Letonin\u00eb lindore mor\u00ebn gjithashtu nj\u00eb paralajm\u00ebrim t\u00eb ngjash\u00ebm gjat\u00eb nat\u00ebs. Nuk u raportua n\u00ebse dron\u00ebt kishin fluturuar n\u00eb hap\u00ebsir\u00ebn ajrore letoneze.<\/p>\n\n\n\n<p>N\u00eb prill, Rajoni i Leningradit iu n\u00ebnshtrua disa sulmeve t\u00eb ngjashme, me dron\u00eb ukrainas q\u00eb fluturonin vazhdimisht n\u00eb Estoni, Letoni dhe Finland\u00eb. Nj\u00eb nga dron\u00ebt u rr\u00ebzua n\u00eb oxhakun e nj\u00eb termocentrali pran\u00eb Narv\u00ebs, duke mos shkaktuar praktikisht asnj\u00eb d\u00ebm. Autoritetet estoneze pranuan se dron\u00ebt ishin ukrainas dhe me shum\u00eb gjasa u devijuan, ndoshta p\u00ebr shkak t\u00eb luft\u00ebs elektronike ruse. Ministria e Jashtme e Ukrain\u00ebs u k\u00ebrkoi falje partner\u00ebve t\u00eb saj p\u00ebr incidente t\u00eb tilla.<\/p>\n\n\n\n<p>Nd\u00ebrkoh\u00eb, n\u00eb Mosk\u00eb, nj\u00eb num\u00ebr mediash dhe figurash pro-luft\u00ebs akuzuan shtetet baltike p\u00ebr pjes\u00ebmarrje n\u00eb sulme ndaj Rusis\u00eb duke i lejuar Ukrain\u00ebs t\u00eb p\u00ebrdor\u00eb lirisht hap\u00ebsir\u00ebn e tyre ajrore p\u00ebr fluturime me dron\u00eb. Talini dhe Riga e mohuan k\u00ebt\u00eb. Ministria e Jashtme ruse deklaroi se i kishte paralajm\u00ebruar vendet p\u00ebr &#8220;hakmarrje&#8221; n\u00ebse do t\u00eb lejonin Ukrain\u00ebn t\u00eb p\u00ebrdorte hap\u00ebsir\u00ebn e tyre ajrore.<\/p>\n","protected":false},"excerpt":{"rendered":"<p>Banor\u00ebt e dy qarqeve n\u00eb Estonin\u00eb lindore\u2014Idu-Virumaa dhe Qarku V\u00f5ru\u2014mor\u00ebn nj\u00eb alarm celular p\u00ebr nj\u00eb k\u00ebrc\u00ebnim t\u00eb mundsh\u00ebm ajror nat\u00ebn e 3 majit. &#8220;N\u00ebse vini re nj\u00eb dron, strehohuni menj\u00ebher\u00eb&#8221;, shkruhej n\u00eb mesazhin, t\u00eb cilin banor\u00ebt e Idu-Virumaa (q\u00eb p\u00ebrfshin qytetin e Narv\u00ebs) e mor\u00ebn rreth or\u00ebs 3:00 t\u00eb m\u00ebngjesit sipas or\u00ebs lokale,&nbsp;raporton&nbsp;Postimees . Rreth [&hellip;]<\/p>\n","protected":false},"author":4,"featured_media":13211,"comment_status":"open","ping_status":"open","sticky":false,"template":"","format":"standard","meta":{"footnotes":""},"categories":[33,30],"tags":[],"class_list":{"0":"post-13210","1":"post","2":"type-post","3":"status-publish","4":"format-standard","5":"has-post-thumbnail","7":"category-bote","8":"category-lajme"},"yoast_head":"<!-- This site is optimized with the Yoast SEO plugin v27.4 - https:\/\/yoast.com\/product\/yoast-seo-wordpress\/ -->\n<title>Banor\u00ebve t\u00eb Estonis\u00eb u jan\u00eb l\u00ebshuar alarme p\u00ebr k\u00ebrc\u00ebnime nga dron\u00eb - Kosova Times<\/title>\n<meta name=\"robots\" content=\"index, follow, max-snippet:-1, max-image-preview:large, max-video-preview:-1\" \/>\n<link rel=\"canonical\" href=\"https:\/\/kosovatimes.info\/index.php\/2026\/05\/03\/banoreve-te-estonise-u-jane-leshuar-alarme-per-kercenime-nga-drone\/\" \/>\n<meta property=\"og:locale\" content=\"en_US\" \/>\n<meta property=\"og:type\" content=\"article\" \/>\n<meta property=\"og:title\" content=\"Banor\u00ebve t\u00eb Estonis\u00eb u jan\u00eb l\u00ebshuar alarme p\u00ebr k\u00ebrc\u00ebnime nga dron\u00eb - Kosova Times\" \/>\n<meta property=\"og:description\" content=\"Banor\u00ebt e dy qarqeve n\u00eb Estonin\u00eb lindore\u2014Idu-Virumaa dhe Qarku V\u00f5ru\u2014mor\u00ebn nj\u00eb alarm celular p\u00ebr nj\u00eb k\u00ebrc\u00ebnim t\u00eb mundsh\u00ebm ajror nat\u00ebn e 3 majit. &#8220;N\u00ebse vini re nj\u00eb dron, strehohuni menj\u00ebher\u00eb&#8221;, shkruhej n\u00eb mesazhin, t\u00eb cilin banor\u00ebt e Idu-Virumaa (q\u00eb p\u00ebrfshin qytetin e Narv\u00ebs) e mor\u00ebn rreth or\u00ebs 3:00 t\u00eb m\u00ebngjesit sipas or\u00ebs lokale,&nbsp;raporton&nbsp;Postimees . Rreth [&hellip;]\" \/>\n<meta property=\"og:url\" content=\"https:\/\/kosovatimes.info\/index.php\/2026\/05\/03\/banoreve-te-estonise-u-jane-leshuar-alarme-per-kercenime-nga-drone\/\" \/>\n<meta property=\"og:site_name\" content=\"Kosova Times\" \/>\n<meta property=\"article:published_time\" content=\"2026-05-03T10:46:51+00:00\" \/>\n<meta property=\"article:modified_time\" content=\"2026-05-03T10:46:52+00:00\" \/>\n<meta name=\"author\" content=\"i l\" \/>\n<meta name=\"twitter:card\" content=\"summary_large_image\" \/>\n<meta name=\"twitter:label1\" content=\"Written by\" \/>\n\t<meta name=\"twitter:data1\" content=\"i l\" \/>\n\t<meta name=\"twitter:label2\" content=\"Est. reading time\" \/>\n\t<meta name=\"twitter:data2\" content=\"3 minutes\" \/>\n<script type=\"application\/ld+json\" class=\"yoast-schema-graph\">{\"@context\":\"https:\\\/\\\/schema.org\",\"@graph\":[{\"@type\":\"Article\",\"@id\":\"https:\\\/\\\/kosovatimes.info\\\/index.php\\\/2026\\\/05\\\/03\\\/banoreve-te-estonise-u-jane-leshuar-alarme-per-kercenime-nga-drone\\\/#article\",\"isPartOf\":{\"@id\":\"https:\\\/\\\/kosovatimes.info\\\/index.php\\\/2026\\\/05\\\/03\\\/banoreve-te-estonise-u-jane-leshuar-alarme-per-kercenime-nga-drone\\\/\"},\"author\":{\"name\":\"i l\",\"@id\":\"https:\\\/\\\/kosovatimes.info\\\/#\\\/schema\\\/person\\\/7586712b9c512fe68085de007378c915\"},\"headline\":\"Banor\u00ebve t\u00eb Estonis\u00eb u jan\u00eb l\u00ebshuar alarme p\u00ebr k\u00ebrc\u00ebnime nga dron\u00eb\",\"datePublished\":\"2026-05-03T10:46:51+00:00\",\"dateModified\":\"2026-05-03T10:46:52+00:00\",\"mainEntityOfPage\":{\"@id\":\"https:\\\/\\\/kosovatimes.info\\\/index.php\\\/2026\\\/05\\\/03\\\/banoreve-te-estonise-u-jane-leshuar-alarme-per-kercenime-nga-drone\\\/\"},\"wordCount\":639,\"commentCount\":0,\"image\":{\"@id\":\"https:\\\/\\\/kosovatimes.info\\\/index.php\\\/2026\\\/05\\\/03\\\/banoreve-te-estonise-u-jane-leshuar-alarme-per-kercenime-nga-drone\\\/#primaryimage\"},\"thumbnailUrl\":\"https:\\\/\\\/kosovatimes.info\\\/wp-content\\\/uploads\\\/2026\\\/05\\\/Estoni.avif\",\"articleSection\":[\"Bot\u00eb\",\"Lajme\"],\"inLanguage\":\"en-US\",\"potentialAction\":[{\"@type\":\"CommentAction\",\"name\":\"Comment\",\"target\":[\"https:\\\/\\\/kosovatimes.info\\\/index.php\\\/2026\\\/05\\\/03\\\/banoreve-te-estonise-u-jane-leshuar-alarme-per-kercenime-nga-drone\\\/#respond\"]}]},{\"@type\":\"WebPage\",\"@id\":\"https:\\\/\\\/kosovatimes.info\\\/index.php\\\/2026\\\/05\\\/03\\\/banoreve-te-estonise-u-jane-leshuar-alarme-per-kercenime-nga-drone\\\/\",\"url\":\"https:\\\/\\\/kosovatimes.info\\\/index.php\\\/2026\\\/05\\\/03\\\/banoreve-te-estonise-u-jane-leshuar-alarme-per-kercenime-nga-drone\\\/\",\"name\":\"Banor\u00ebve t\u00eb Estonis\u00eb u jan\u00eb l\u00ebshuar alarme p\u00ebr k\u00ebrc\u00ebnime nga dron\u00eb - Kosova Times\",\"isPartOf\":{\"@id\":\"https:\\\/\\\/kosovatimes.info\\\/#website\"},\"primaryImageOfPage\":{\"@id\":\"https:\\\/\\\/kosovatimes.info\\\/index.php\\\/2026\\\/05\\\/03\\\/banoreve-te-estonise-u-jane-leshuar-alarme-per-kercenime-nga-drone\\\/#primaryimage\"},\"image\":{\"@id\":\"https:\\\/\\\/kosovatimes.info\\\/index.php\\\/2026\\\/05\\\/03\\\/banoreve-te-estonise-u-jane-leshuar-alarme-per-kercenime-nga-drone\\\/#primaryimage\"},\"thumbnailUrl\":\"https:\\\/\\\/kosovatimes.info\\\/wp-content\\\/uploads\\\/2026\\\/05\\\/Estoni.avif\",\"datePublished\":\"2026-05-03T10:46:51+00:00\",\"dateModified\":\"2026-05-03T10:46:52+00:00\",\"author\":{\"@id\":\"https:\\\/\\\/kosovatimes.info\\\/#\\\/schema\\\/person\\\/7586712b9c512fe68085de007378c915\"},\"breadcrumb\":{\"@id\":\"https:\\\/\\\/kosovatimes.info\\\/index.php\\\/2026\\\/05\\\/03\\\/banoreve-te-estonise-u-jane-leshuar-alarme-per-kercenime-nga-drone\\\/#breadcrumb\"},\"inLanguage\":\"en-US\",\"potentialAction\":[{\"@type\":\"ReadAction\",\"target\":[\"https:\\\/\\\/kosovatimes.info\\\/index.php\\\/2026\\\/05\\\/03\\\/banoreve-te-estonise-u-jane-leshuar-alarme-per-kercenime-nga-drone\\\/\"]}]},{\"@type\":\"ImageObject\",\"inLanguage\":\"en-US\",\"@id\":\"https:\\\/\\\/kosovatimes.info\\\/index.php\\\/2026\\\/05\\\/03\\\/banoreve-te-estonise-u-jane-leshuar-alarme-per-kercenime-nga-drone\\\/#primaryimage\",\"url\":\"https:\\\/\\\/kosovatimes.info\\\/wp-content\\\/uploads\\\/2026\\\/05\\\/Estoni.avif\",\"contentUrl\":\"https:\\\/\\\/kosovatimes.info\\\/wp-content\\\/uploads\\\/2026\\\/05\\\/Estoni.avif\",\"width\":1023,\"height\":575},{\"@type\":\"BreadcrumbList\",\"@id\":\"https:\\\/\\\/kosovatimes.info\\\/index.php\\\/2026\\\/05\\\/03\\\/banoreve-te-estonise-u-jane-leshuar-alarme-per-kercenime-nga-drone\\\/#breadcrumb\",\"itemListElement\":[{\"@type\":\"ListItem\",\"position\":1,\"name\":\"Home\",\"item\":\"https:\\\/\\\/kosovatimes.info\\\/\"},{\"@type\":\"ListItem\",\"position\":2,\"name\":\"Banor\u00ebve t\u00eb Estonis\u00eb u jan\u00eb l\u00ebshuar alarme p\u00ebr k\u00ebrc\u00ebnime nga dron\u00eb\"}]},{\"@type\":\"WebSite\",\"@id\":\"https:\\\/\\\/kosovatimes.info\\\/#website\",\"url\":\"https:\\\/\\\/kosovatimes.info\\\/\",\"name\":\"Kosova Times\",\"description\":\"\",\"potentialAction\":[{\"@type\":\"SearchAction\",\"target\":{\"@type\":\"EntryPoint\",\"urlTemplate\":\"https:\\\/\\\/kosovatimes.info\\\/?s={search_term_string}\"},\"query-input\":{\"@type\":\"PropertyValueSpecification\",\"valueRequired\":true,\"valueName\":\"search_term_string\"}}],\"inLanguage\":\"en-US\"},{\"@type\":\"Person\",\"@id\":\"https:\\\/\\\/kosovatimes.info\\\/#\\\/schema\\\/person\\\/7586712b9c512fe68085de007378c915\",\"name\":\"i l\",\"image\":{\"@type\":\"ImageObject\",\"inLanguage\":\"en-US\",\"@id\":\"https:\\\/\\\/secure.gravatar.com\\\/avatar\\\/bad9296e02816160ae2e2435beda58222022298d5625d49fea74d18816fbb31d?s=96&d=mm&r=g\",\"url\":\"https:\\\/\\\/secure.gravatar.com\\\/avatar\\\/bad9296e02816160ae2e2435beda58222022298d5625d49fea74d18816fbb31d?s=96&d=mm&r=g\",\"contentUrl\":\"https:\\\/\\\/secure.gravatar.com\\\/avatar\\\/bad9296e02816160ae2e2435beda58222022298d5625d49fea74d18816fbb31d?s=96&d=mm&r=g\",\"caption\":\"i l\"},\"url\":\"https:\\\/\\\/kosovatimes.info\\\/index.php\\\/author\\\/iliri\\\/\"}]}<\/script>\n<!-- \/ Yoast SEO plugin. -->","yoast_head_json":{"title":"Banor\u00ebve t\u00eb Estonis\u00eb u jan\u00eb l\u00ebshuar alarme p\u00ebr k\u00ebrc\u00ebnime nga dron\u00eb - Kosova Times","robots":{"index":"index","follow":"follow","max-snippet":"max-snippet:-1","max-image-preview":"max-image-preview:large","max-video-preview":"max-video-preview:-1"},"canonical":"https:\/\/kosovatimes.info\/index.php\/2026\/05\/03\/banoreve-te-estonise-u-jane-leshuar-alarme-per-kercenime-nga-drone\/","og_locale":"en_US","og_type":"article","og_title":"Banor\u00ebve t\u00eb Estonis\u00eb u jan\u00eb l\u00ebshuar alarme p\u00ebr k\u00ebrc\u00ebnime nga dron\u00eb - Kosova Times","og_description":"Banor\u00ebt e dy qarqeve n\u00eb Estonin\u00eb lindore\u2014Idu-Virumaa dhe Qarku V\u00f5ru\u2014mor\u00ebn nj\u00eb alarm celular p\u00ebr nj\u00eb k\u00ebrc\u00ebnim t\u00eb mundsh\u00ebm ajror nat\u00ebn e 3 majit. &#8220;N\u00ebse vini re nj\u00eb dron, strehohuni menj\u00ebher\u00eb&#8221;, shkruhej n\u00eb mesazhin, t\u00eb cilin banor\u00ebt e Idu-Virumaa (q\u00eb p\u00ebrfshin qytetin e Narv\u00ebs) e mor\u00ebn rreth or\u00ebs 3:00 t\u00eb m\u00ebngjesit sipas or\u00ebs lokale,&nbsp;raporton&nbsp;Postimees . Rreth [&hellip;]","og_url":"https:\/\/kosovatimes.info\/index.php\/2026\/05\/03\/banoreve-te-estonise-u-jane-leshuar-alarme-per-kercenime-nga-drone\/","og_site_name":"Kosova Times","article_published_time":"2026-05-03T10:46:51+00:00","article_modified_time":"2026-05-03T10:46:52+00:00","author":"i l","twitter_card":"summary_large_image","twitter_misc":{"Written by":"i l","Est. reading time":"3 minutes"},"schema":{"@context":"https:\/\/schema.org","@graph":[{"@type":"Article","@id":"https:\/\/kosovatimes.info\/index.php\/2026\/05\/03\/banoreve-te-estonise-u-jane-leshuar-alarme-per-kercenime-nga-drone\/#article","isPartOf":{"@id":"https:\/\/kosovatimes.info\/index.php\/2026\/05\/03\/banoreve-te-estonise-u-jane-leshuar-alarme-per-kercenime-nga-drone\/"},"author":{"name":"i l","@id":"https:\/\/kosovatimes.info\/#\/schema\/person\/7586712b9c512fe68085de007378c915"},"headline":"Banor\u00ebve t\u00eb Estonis\u00eb u jan\u00eb l\u00ebshuar alarme p\u00ebr k\u00ebrc\u00ebnime nga dron\u00eb","datePublished":"2026-05-03T10:46:51+00:00","dateModified":"2026-05-03T10:46:52+00:00","mainEntityOfPage":{"@id":"https:\/\/kosovatimes.info\/index.php\/2026\/05\/03\/banoreve-te-estonise-u-jane-leshuar-alarme-per-kercenime-nga-drone\/"},"wordCount":639,"commentCount":0,"image":{"@id":"https:\/\/kosovatimes.info\/index.php\/2026\/05\/03\/banoreve-te-estonise-u-jane-leshuar-alarme-per-kercenime-nga-drone\/#primaryimage"},"thumbnailUrl":"https:\/\/kosovatimes.info\/wp-content\/uploads\/2026\/05\/Estoni.avif","articleSection":["Bot\u00eb","Lajme"],"inLanguage":"en-US","potentialAction":[{"@type":"CommentAction","name":"Comment","target":["https:\/\/kosovatimes.info\/index.php\/2026\/05\/03\/banoreve-te-estonise-u-jane-leshuar-alarme-per-kercenime-nga-drone\/#respond"]}]},{"@type":"WebPage","@id":"https:\/\/kosovatimes.info\/index.php\/2026\/05\/03\/banoreve-te-estonise-u-jane-leshuar-alarme-per-kercenime-nga-drone\/","url":"https:\/\/kosovatimes.info\/index.php\/2026\/05\/03\/banoreve-te-estonise-u-jane-leshuar-alarme-per-kercenime-nga-drone\/","name":"Banor\u00ebve t\u00eb Estonis\u00eb u jan\u00eb l\u00ebshuar alarme p\u00ebr k\u00ebrc\u00ebnime nga dron\u00eb - Kosova Times","isPartOf":{"@id":"https:\/\/kosovatimes.info\/#website"},"primaryImageOfPage":{"@id":"https:\/\/kosovatimes.info\/index.php\/2026\/05\/03\/banoreve-te-estonise-u-jane-leshuar-alarme-per-kercenime-nga-drone\/#primaryimage"},"image":{"@id":"https:\/\/kosovatimes.info\/index.php\/2026\/05\/03\/banoreve-te-estonise-u-jane-leshuar-alarme-per-kercenime-nga-drone\/#primaryimage"},"thumbnailUrl":"https:\/\/kosovatimes.info\/wp-content\/uploads\/2026\/05\/Estoni.avif","datePublished":"2026-05-03T10:46:51+00:00","dateModified":"2026-05-03T10:46:52+00:00","author":{"@id":"https:\/\/kosovatimes.info\/#\/schema\/person\/7586712b9c512fe68085de007378c915"},"breadcrumb":{"@id":"https:\/\/kosovatimes.info\/index.php\/2026\/05\/03\/banoreve-te-estonise-u-jane-leshuar-alarme-per-kercenime-nga-drone\/#breadcrumb"},"inLanguage":"en-US","potentialAction":[{"@type":"ReadAction","target":["https:\/\/kosovatimes.info\/index.php\/2026\/05\/03\/banoreve-te-estonise-u-jane-leshuar-alarme-per-kercenime-nga-drone\/"]}]},{"@type":"ImageObject","inLanguage":"en-US","@id":"https:\/\/kosovatimes.info\/index.php\/2026\/05\/03\/banoreve-te-estonise-u-jane-leshuar-alarme-per-kercenime-nga-drone\/#primaryimage","url":"https:\/\/kosovatimes.info\/wp-content\/uploads\/2026\/05\/Estoni.avif","contentUrl":"https:\/\/kosovatimes.info\/wp-content\/uploads\/2026\/05\/Estoni.avif","width":1023,"height":575},{"@type":"BreadcrumbList","@id":"https:\/\/kosovatimes.info\/index.php\/2026\/05\/03\/banoreve-te-estonise-u-jane-leshuar-alarme-per-kercenime-nga-drone\/#breadcrumb","itemListElement":[{"@type":"ListItem","position":1,"name":"Home","item":"https:\/\/kosovatimes.info\/"},{"@type":"ListItem","position":2,"name":"Banor\u00ebve t\u00eb Estonis\u00eb u jan\u00eb l\u00ebshuar alarme p\u00ebr k\u00ebrc\u00ebnime nga dron\u00eb"}]},{"@type":"WebSite","@id":"https:\/\/kosovatimes.info\/#website","url":"https:\/\/kosovatimes.info\/","name":"Kosova Times","description":"","potentialAction":[{"@type":"SearchAction","target":{"@type":"EntryPoint","urlTemplate":"https:\/\/kosovatimes.info\/?s={search_term_string}"},"query-input":{"@type":"PropertyValueSpecification","valueRequired":true,"valueName":"search_term_string"}}],"inLanguage":"en-US"},{"@type":"Person","@id":"https:\/\/kosovatimes.info\/#\/schema\/person\/7586712b9c512fe68085de007378c915","name":"i l","image":{"@type":"ImageObject","inLanguage":"en-US","@id":"https:\/\/secure.gravatar.com\/avatar\/bad9296e02816160ae2e2435beda58222022298d5625d49fea74d18816fbb31d?s=96&d=mm&r=g","url":"https:\/\/secure.gravatar.com\/avatar\/bad9296e02816160ae2e2435beda58222022298d5625d49fea74d18816fbb31d?s=96&d=mm&r=g","contentUrl":"https:\/\/secure.gravatar.com\/avatar\/bad9296e02816160ae2e2435beda58222022298d5625d49fea74d18816fbb31d?s=96&d=mm&r=g","caption":"i l"},"url":"https:\/\/kosovatimes.info\/index.php\/author\/iliri\/"}]}},"_links":{"self":[{"href":"https:\/\/kosovatimes.info\/index.php\/wp-json\/wp\/v2\/posts\/13210","targetHints":{"allow":["GET"]}}],"collection":[{"href":"https:\/\/kosovatimes.info\/index.php\/wp-json\/wp\/v2\/posts"}],"about":[{"href":"https:\/\/kosovatimes.info\/index.php\/wp-json\/wp\/v2\/types\/post"}],"author":[{"embeddable":true,"href":"https:\/\/kosovatimes.info\/index.php\/wp-json\/wp\/v2\/users\/4"}],"replies":[{"embeddable":true,"href":"https:\/\/kosovatimes.info\/index.php\/wp-json\/wp\/v2\/comments?post=13210"}],"version-history":[{"count":1,"href":"https:\/\/kosovatimes.info\/index.php\/wp-json\/wp\/v2\/posts\/13210\/revisions"}],"predecessor-version":[{"id":13212,"href":"https:\/\/kosovatimes.info\/index.php\/wp-json\/wp\/v2\/posts\/13210\/revisions\/13212"}],"wp:featuredmedia":[{"embeddable":true,"href":"https:\/\/kosovatimes.info\/index.php\/wp-json\/wp\/v2\/media\/13211"}],"wp:attachment":[{"href":"https:\/\/kosovatimes.info\/index.php\/wp-json\/wp\/v2\/media?parent=13210"}],"wp:term":[{"taxonomy":"category","embeddable":true,"href":"https:\/\/kosovatimes.info\/index.php\/wp-json\/wp\/v2\/categories?post=13210"},{"taxonomy":"post_tag","embeddable":true,"href":"https:\/\/kosovatimes.info\/index.php\/wp-json\/wp\/v2\/tags?post=13210"}],"curies":[{"name":"wp","href":"https:\/\/api.w.org\/{rel}","templated":true}]}}