{"id":13213,"date":"2026-05-03T13:18:13","date_gmt":"2026-05-03T11:18:13","guid":{"rendered":"https:\/\/kosovatimes.info\/?p=13213"},"modified":"2026-05-03T13:18:14","modified_gmt":"2026-05-03T11:18:14","slug":"polonia-feston-235-vjetorin-e-kushtetutes-se-pare-moderne-te-evropes","status":"publish","type":"post","link":"https:\/\/kosovatimes.info\/index.php\/2026\/05\/03\/polonia-feston-235-vjetorin-e-kushtetutes-se-pare-moderne-te-evropes\/","title":{"rendered":"Polonia feston 235-vjetorin e Kushtetut\u00ebs s\u00eb Par\u00eb Moderne t\u00eb Evrop\u00ebs"},"content":{"rendered":"\n<p><\/p>\n\n\n\n<p>Polak\u00ebt sot sh\u00ebnojn\u00eb kart\u00ebn historike t\u00eb vitit 1791 q\u00eb modernizoi shtetin, hoqi veton liberum dhe vendosi ndarjen e pushteteve si nj\u00eb simbol t\u00eb identitetit komb\u00ebtar dhe liris\u00eb.<\/p>\n\n\n\n<p><strong>Nd\u00ebrsa flamujt val\u00ebviten n\u00eb t\u00eb gjith\u00eb vendin, polak\u00ebt sh\u00ebnojn\u00eb sot 235-vjetorin e Kushtetut\u00ebs s\u00eb 3 majit, kart\u00ebs historike q\u00eb modernizoi shtetin p\u00ebrmes reformave t\u00eb guximshme politike.<\/strong><\/p>\n\n\n\n<p>E konsideruar si kushtetuta e par\u00eb moderne demokratike e Evrop\u00ebs dhe e dyta n\u00eb bot\u00eb pas asaj t\u00eb Shteteve t\u00eb Bashkuara, ajo forcoi unitetin komb\u00ebtar dhe vendosi nj\u00eb shembull t\u00eb fuqish\u00ebm jasht\u00eb vendit.<\/p>\n\n\n\n<p>\u00c7udit\u00ebrisht largpam\u00ebse, kushtetuta shfuqizoi t\u00eb ashtuquajtur\u00ebn veto liberum, e cila kishte lejuar q\u00eb nj\u00eb kund\u00ebrshtim i vet\u00ebm t\u00eb prishte procedurat parlamentare, duke e z\u00ebvend\u00ebsuar at\u00eb me votimin e shumic\u00ebs n\u00eb Sejm, dhom\u00ebn e ul\u00ebt t\u00eb parlamentit polak.Ky ndryshim ndihmoi n\u00eb rivendosjen e qeverisjes efektive dhe parimet e saj ishin po aq transformuese. Neni 5, p\u00ebr shembull, deklaroi se \u00e7do autoritet do t\u00eb rrjedh\u00eb nga vullneti i popullit. P\u00ebr ta arritur k\u00ebt\u00eb, kushtetuta vendosi nj\u00eb ndarje t\u00eb qart\u00eb t\u00eb pushteteve legjislative, ekzekutive dhe gjyq\u00ebsore, duke e ankoruar Polonin\u00eb n\u00eb tradit\u00ebn n\u00eb zhvillim t\u00eb qeverisjes moderne kushtetuese.Reklam\u00eb.<\/p>\n\n\n\n<p>Gjithashtu, ajo k\u00ebrkoi t\u00eb zvog\u00eblonte pabarazit\u00eb sociale. Nd\u00ebrsa ruante nj\u00eb sistem t\u00eb bazuar n\u00eb klasa, kushtetuta hapi rrug\u00eb legjitime p\u00ebr p\u00ebrparim duke u dh\u00ebn\u00eb banor\u00ebve t\u00eb qytetit t\u00eb drejta q\u00eb dikur ishin t\u00eb rezervuara p\u00ebr fisnik\u00ebrin\u00eb, duke p\u00ebrfshir\u00eb mund\u00ebsin\u00eb p\u00ebr t\u00eb zot\u00ebruar tok\u00eb dhe p\u00ebr t\u00eb mbajtur shumic\u00ebn e posteve publike.<\/p>\n\n\n\n<p>Edhe pse fshatar\u00ebt nuk fituan t\u00eb drejta politike, ata u njoh\u00ebn rishtas si &#8220;forca m\u00eb e guximshme e vendit&#8221; dhe u vun\u00eb n\u00ebn mbrojtjen e shtetit me q\u00ebllim kufizimin e abuzimeve m\u00eb t\u00eb ashpra t\u00eb skllav\u00ebris\u00eb. Nd\u00ebrkoh\u00eb, qytetet fituan autonomi administrative dhe gjyq\u00ebsore, duke forcuar rolin e tyre n\u00eb jet\u00ebn publike.Pakicat fetare p\u00ebrfituan gjithashtu. Edhe pse katolicizmi romak u p\u00ebrsh\u00ebndet si besimi mbizot\u00ebrues, kushtetuta garantoi toleranc\u00ebn dhe mbrojtjen ligjore p\u00ebr t\u00eb gjitha besimet e tjera, duke sh\u00ebnuar nj\u00eb hap t\u00eb r\u00ebnd\u00ebsish\u00ebm drejt nj\u00eb p\u00ebrfshirjeje m\u00eb t\u00eb madhe.<\/p>\n\n\n\n<p>Pavar\u00ebsisht t\u00eb gjitha meritave t\u00eb saj, kushtetuta lindi nga urgjenca. Dikur nj\u00eb fuqi e madhe evropiane, deri n\u00eb vitin 1791, Komonuelthi Polako-Lituanez e gjeti veten t\u00eb zhytur n\u00eb nj\u00eb kriz\u00eb t\u00eb plot\u00eb. Vetoja e liberumit kishte paralizuar qeverisjen, duke e l\u00ebn\u00eb Sejmin t\u00eb preksh\u00ebm ndaj korrupsionit dhe manipulimit t\u00eb huaj.E dob\u00ebsuar politikisht dhe ushtarakisht, Polonia mbeti e ekspozuar ndaj fqinj\u00ebve t\u00eb saj gjithnj\u00eb e m\u00eb t\u00eb fuqish\u00ebm dhe reforma u b\u00eb thelb\u00ebsore p\u00ebr t\u00eb ruajtur pavar\u00ebsin\u00eb. I zgjedhur n\u00eb vitin 1764 me mb\u00ebshtetjen e fort\u00eb ruse, Mbreti Stanis\u0142aw August Poniatowski ndoqi modernizimin e kujdessh\u00ebm. Megjithat\u00eb, frika nga nj\u00eb Poloni n\u00eb ringjallje i shtyu Prusin\u00eb, Austrin\u00eb dhe Rusin\u00eb t\u00eb vepronin, dhe n\u00eb vitin 1772 ata e detyruan Polonin\u00eb t\u00eb l\u00ebshonte sip\u00ebrfaqe t\u00eb m\u00ebdha toke n\u00eb at\u00eb q\u00eb tani njihet si Ndarja e Par\u00eb.<\/p>\n\n\n\n<p>Pavar\u00ebsisht se u kritikua kaq ashp\u00ebr, Poniatowski e kuptoi se vet\u00ebm nj\u00eb reform\u00eb rr\u00ebnj\u00ebsore mund ta parandalonte r\u00ebnien e Polonis\u00eb. Mund\u00ebsia u shfaq nd\u00ebrsa Rusia u preokupua me luft\u00ebrat kund\u00ebr Turqis\u00eb dhe Suedis\u00eb.<\/p>\n\n\n\n<p>Midis viteve 1788 dhe 1791, reformator\u00ebt &#8211; p\u00ebrfshir\u00eb mbretin, Ignacy Potocki dhe Hugo Ko\u0142\u0142\u0105taj &#8211; hartuan nj\u00eb kushtetut\u00eb t\u00eb re. Duke u p\u00ebrballur me kund\u00ebrshtim t\u00eb fort\u00eb konservator, miratimi i saj u p\u00ebrshpejtua nd\u00ebrsa shum\u00eb kritik\u00eb ishin jasht\u00eb qytetit gjat\u00eb pushimeve t\u00eb Pashk\u00ebve dhe m\u00eb 3 maj 1791, ajo u miratua zyrtarisht brenda Dhom\u00ebs s\u00eb Senatit t\u00eb ruajtur t\u00eb K\u00ebshtjell\u00ebs Mbret\u00ebrore.<\/p>\n\n\n\n<p>Kushtetuta shkaktoi tronditje n\u00eb t\u00eb gjith\u00eb Evrop\u00ebn dhe u lavd\u00ebrua nga liberal\u00ebt n\u00eb mbar\u00eb bot\u00ebn. Edmund Burke, i konsideruar si themeluesi filozofik i konservatorizmit, e quajti at\u00eb nj\u00eb shembull t\u00eb tranzicionit politik paq\u00ebsor, duke lavd\u00ebruar m\u00ebnyr\u00ebn se si ajo forcoi fronin, nd\u00ebrkoh\u00eb q\u00eb frenoi anarkin\u00eb dhe nd\u00ebrhyrjet e huaja.\u00abKemi par\u00eb anarkin\u00eb dhe skllav\u00ebrin\u00eb t\u00eb hiqen menj\u00ebher\u00eb; nj\u00eb fron t\u00eb forcohet p\u00ebr mbrojtjen e popullit, pa cenuar lirit\u00eb e tyre; t\u00eb gjitha kabalet e huaja t\u00eb d\u00ebbohen, duke ndryshuar kuror\u00ebn nga zgjedhore n\u00eb t\u00eb trash\u00ebgueshme\u00bb, shkroi ai.<\/p>\n\n\n\n<p>Edhe George Washington u impresionua, duke v\u00ebn\u00eb n\u00eb dukje se \u201cPolonia, sipas dokumenteve publike, duket se ka b\u00ebr\u00eb hapa t\u00eb m\u00ebdhenj dhe t\u00eb papritur drejt liris\u00eb, gj\u00eb q\u00eb, n\u00ebse \u00ebsht\u00eb e v\u00ebrtet\u00eb, pasqyron nder t\u00eb madh p\u00ebr Mbretin aktual, i cili duket se ka qen\u00eb promotori kryesor i k\u00ebsaj \u00e7\u00ebshtjeje\u201d.<\/p>\n\n\n\n<p>Fatkeq\u00ebsisht p\u00ebr Polonin\u00eb, rus\u00ebt nuk ishin aq t\u00eb k\u00ebnaqur. \u201cLajmi m\u00eb i keq i mundsh\u00ebm ka mb\u00ebrritur nga Varshava\u201d, tha Alexander Bezborodko, nj\u00eb nga politik\u00ebb\u00ebr\u00ebsit kryesor\u00eb t\u00eb jasht\u00ebm t\u00eb Rusis\u00eb. \u201cMbreti polak \u00ebsht\u00eb b\u00ebr\u00eb pothuajse sovran.\u201d<\/p>\n\n\n\n<p>Sundimtarja e Rusis\u00eb, Katerina e Madhe, u pajtua. E t\u00ebrbuar nga paturp\u00ebsia e Polonis\u00eb, Caraina urdh\u00ebroi ushtrit\u00eb e saj t\u00eb drejtoheshin drejt per\u00ebndimit, duke shkaktuar k\u00ebshtu Luft\u00ebn Polako-Ruse t\u00eb vitit 1792.<\/p>\n\n\n\n<p>S\u00eb shpejti, Polonia do t\u00eb ndahej p\u00ebrs\u00ebri, dy her\u00eb me radh\u00eb, dhe Ndarja e Tret\u00eb \u00e7oi n\u00eb zhdukjen e plot\u00eb t\u00eb vendit nga harta.Por, nd\u00ebrsa n\u00eb fund t\u00eb fundit kushtetuta do t\u00eb ekzistonte n\u00eb praktik\u00eb vet\u00ebm p\u00ebr rreth nj\u00eb vit, historia e kujton at\u00eb me mir\u00ebsi. Brenda vendit, ajo mish\u00ebroi at\u00eb q\u00eb kombi mund t\u00eb b\u00ebhej &#8211; i fort\u00eb, i lir\u00eb, efikas dhe modern &#8211; dhe kjo ndihmoi n\u00eb lidhjen e polak\u00ebve s\u00eb bashku gjat\u00eb viteve m\u00eb t\u00eb zymta t\u00eb ndarjes p\u00ebrfundimtare.<\/p>\n\n\n\n<p>Duke ndihmuar n\u00eb fark\u00ebtimin e identitetit komb\u00ebtar t\u00eb Polonis\u00eb, vlera e kushtetut\u00ebs mbetet e padiskutueshme dhe sot ajo q\u00ebndron si nj\u00eb simbol i fuqish\u00ebm i luft\u00ebs s\u00eb kombit p\u00ebr liri dhe i ndjekjes s\u00eb tij t\u00eb paepur t\u00eb modernizimit politik.<\/p>\n","protected":false},"excerpt":{"rendered":"<p>Polak\u00ebt sot sh\u00ebnojn\u00eb kart\u00ebn historike t\u00eb vitit 1791 q\u00eb modernizoi shtetin, hoqi veton liberum dhe vendosi ndarjen e pushteteve si nj\u00eb simbol t\u00eb identitetit komb\u00ebtar dhe liris\u00eb. Nd\u00ebrsa flamujt val\u00ebviten n\u00eb t\u00eb gjith\u00eb vendin, polak\u00ebt sh\u00ebnojn\u00eb sot 235-vjetorin e Kushtetut\u00ebs s\u00eb 3 majit, kart\u00ebs historike q\u00eb modernizoi shtetin p\u00ebrmes reformave t\u00eb guximshme politike. E konsideruar [&hellip;]<\/p>\n","protected":false},"author":4,"featured_media":13214,"comment_status":"open","ping_status":"open","sticky":false,"template":"","format":"standard","meta":{"footnotes":""},"categories":[33,30],"tags":[],"class_list":{"0":"post-13213","1":"post","2":"type-post","3":"status-publish","4":"format-standard","5":"has-post-thumbnail","7":"category-bote","8":"category-lajme"},"yoast_head":"<!-- This site is optimized with the Yoast SEO plugin v27.4 - https:\/\/yoast.com\/product\/yoast-seo-wordpress\/ -->\n<title>Polonia feston 235-vjetorin e Kushtetut\u00ebs s\u00eb Par\u00eb Moderne t\u00eb Evrop\u00ebs - Kosova Times<\/title>\n<meta name=\"robots\" content=\"index, follow, max-snippet:-1, max-image-preview:large, max-video-preview:-1\" \/>\n<link rel=\"canonical\" href=\"https:\/\/kosovatimes.info\/index.php\/2026\/05\/03\/polonia-feston-235-vjetorin-e-kushtetutes-se-pare-moderne-te-evropes\/\" \/>\n<meta property=\"og:locale\" content=\"en_US\" \/>\n<meta property=\"og:type\" content=\"article\" \/>\n<meta property=\"og:title\" content=\"Polonia feston 235-vjetorin e Kushtetut\u00ebs s\u00eb Par\u00eb Moderne t\u00eb Evrop\u00ebs - Kosova Times\" \/>\n<meta property=\"og:description\" content=\"Polak\u00ebt sot sh\u00ebnojn\u00eb kart\u00ebn historike t\u00eb vitit 1791 q\u00eb modernizoi shtetin, hoqi veton liberum dhe vendosi ndarjen e pushteteve si nj\u00eb simbol t\u00eb identitetit komb\u00ebtar dhe liris\u00eb. Nd\u00ebrsa flamujt val\u00ebviten n\u00eb t\u00eb gjith\u00eb vendin, polak\u00ebt sh\u00ebnojn\u00eb sot 235-vjetorin e Kushtetut\u00ebs s\u00eb 3 majit, kart\u00ebs historike q\u00eb modernizoi shtetin p\u00ebrmes reformave t\u00eb guximshme politike. E konsideruar [&hellip;]\" \/>\n<meta property=\"og:url\" content=\"https:\/\/kosovatimes.info\/index.php\/2026\/05\/03\/polonia-feston-235-vjetorin-e-kushtetutes-se-pare-moderne-te-evropes\/\" \/>\n<meta property=\"og:site_name\" content=\"Kosova Times\" \/>\n<meta property=\"article:published_time\" content=\"2026-05-03T11:18:13+00:00\" \/>\n<meta property=\"article:modified_time\" content=\"2026-05-03T11:18:14+00:00\" \/>\n<meta property=\"og:image\" content=\"https:\/\/kosovatimes.info\/wp-content\/uploads\/2026\/05\/Polonia.webp\" \/>\n\t<meta property=\"og:image:width\" content=\"2560\" \/>\n\t<meta property=\"og:image:height\" content=\"1705\" \/>\n\t<meta property=\"og:image:type\" content=\"image\/webp\" \/>\n<meta name=\"author\" content=\"i l\" \/>\n<meta name=\"twitter:card\" content=\"summary_large_image\" \/>\n<meta name=\"twitter:label1\" content=\"Written by\" \/>\n\t<meta name=\"twitter:data1\" content=\"i l\" \/>\n\t<meta name=\"twitter:label2\" content=\"Est. reading time\" \/>\n\t<meta name=\"twitter:data2\" content=\"4 minutes\" \/>\n<script type=\"application\/ld+json\" class=\"yoast-schema-graph\">{\"@context\":\"https:\\\/\\\/schema.org\",\"@graph\":[{\"@type\":\"Article\",\"@id\":\"https:\\\/\\\/kosovatimes.info\\\/index.php\\\/2026\\\/05\\\/03\\\/polonia-feston-235-vjetorin-e-kushtetutes-se-pare-moderne-te-evropes\\\/#article\",\"isPartOf\":{\"@id\":\"https:\\\/\\\/kosovatimes.info\\\/index.php\\\/2026\\\/05\\\/03\\\/polonia-feston-235-vjetorin-e-kushtetutes-se-pare-moderne-te-evropes\\\/\"},\"author\":{\"name\":\"i l\",\"@id\":\"https:\\\/\\\/kosovatimes.info\\\/#\\\/schema\\\/person\\\/7586712b9c512fe68085de007378c915\"},\"headline\":\"Polonia feston 235-vjetorin e Kushtetut\u00ebs s\u00eb Par\u00eb Moderne t\u00eb Evrop\u00ebs\",\"datePublished\":\"2026-05-03T11:18:13+00:00\",\"dateModified\":\"2026-05-03T11:18:14+00:00\",\"mainEntityOfPage\":{\"@id\":\"https:\\\/\\\/kosovatimes.info\\\/index.php\\\/2026\\\/05\\\/03\\\/polonia-feston-235-vjetorin-e-kushtetutes-se-pare-moderne-te-evropes\\\/\"},\"wordCount\":1034,\"commentCount\":0,\"image\":{\"@id\":\"https:\\\/\\\/kosovatimes.info\\\/index.php\\\/2026\\\/05\\\/03\\\/polonia-feston-235-vjetorin-e-kushtetutes-se-pare-moderne-te-evropes\\\/#primaryimage\"},\"thumbnailUrl\":\"https:\\\/\\\/kosovatimes.info\\\/wp-content\\\/uploads\\\/2026\\\/05\\\/Polonia.webp\",\"articleSection\":[\"Bot\u00eb\",\"Lajme\"],\"inLanguage\":\"en-US\",\"potentialAction\":[{\"@type\":\"CommentAction\",\"name\":\"Comment\",\"target\":[\"https:\\\/\\\/kosovatimes.info\\\/index.php\\\/2026\\\/05\\\/03\\\/polonia-feston-235-vjetorin-e-kushtetutes-se-pare-moderne-te-evropes\\\/#respond\"]}]},{\"@type\":\"WebPage\",\"@id\":\"https:\\\/\\\/kosovatimes.info\\\/index.php\\\/2026\\\/05\\\/03\\\/polonia-feston-235-vjetorin-e-kushtetutes-se-pare-moderne-te-evropes\\\/\",\"url\":\"https:\\\/\\\/kosovatimes.info\\\/index.php\\\/2026\\\/05\\\/03\\\/polonia-feston-235-vjetorin-e-kushtetutes-se-pare-moderne-te-evropes\\\/\",\"name\":\"Polonia feston 235-vjetorin e Kushtetut\u00ebs s\u00eb Par\u00eb Moderne t\u00eb Evrop\u00ebs - Kosova Times\",\"isPartOf\":{\"@id\":\"https:\\\/\\\/kosovatimes.info\\\/#website\"},\"primaryImageOfPage\":{\"@id\":\"https:\\\/\\\/kosovatimes.info\\\/index.php\\\/2026\\\/05\\\/03\\\/polonia-feston-235-vjetorin-e-kushtetutes-se-pare-moderne-te-evropes\\\/#primaryimage\"},\"image\":{\"@id\":\"https:\\\/\\\/kosovatimes.info\\\/index.php\\\/2026\\\/05\\\/03\\\/polonia-feston-235-vjetorin-e-kushtetutes-se-pare-moderne-te-evropes\\\/#primaryimage\"},\"thumbnailUrl\":\"https:\\\/\\\/kosovatimes.info\\\/wp-content\\\/uploads\\\/2026\\\/05\\\/Polonia.webp\",\"datePublished\":\"2026-05-03T11:18:13+00:00\",\"dateModified\":\"2026-05-03T11:18:14+00:00\",\"author\":{\"@id\":\"https:\\\/\\\/kosovatimes.info\\\/#\\\/schema\\\/person\\\/7586712b9c512fe68085de007378c915\"},\"breadcrumb\":{\"@id\":\"https:\\\/\\\/kosovatimes.info\\\/index.php\\\/2026\\\/05\\\/03\\\/polonia-feston-235-vjetorin-e-kushtetutes-se-pare-moderne-te-evropes\\\/#breadcrumb\"},\"inLanguage\":\"en-US\",\"potentialAction\":[{\"@type\":\"ReadAction\",\"target\":[\"https:\\\/\\\/kosovatimes.info\\\/index.php\\\/2026\\\/05\\\/03\\\/polonia-feston-235-vjetorin-e-kushtetutes-se-pare-moderne-te-evropes\\\/\"]}]},{\"@type\":\"ImageObject\",\"inLanguage\":\"en-US\",\"@id\":\"https:\\\/\\\/kosovatimes.info\\\/index.php\\\/2026\\\/05\\\/03\\\/polonia-feston-235-vjetorin-e-kushtetutes-se-pare-moderne-te-evropes\\\/#primaryimage\",\"url\":\"https:\\\/\\\/kosovatimes.info\\\/wp-content\\\/uploads\\\/2026\\\/05\\\/Polonia.webp\",\"contentUrl\":\"https:\\\/\\\/kosovatimes.info\\\/wp-content\\\/uploads\\\/2026\\\/05\\\/Polonia.webp\",\"width\":2560,\"height\":1705},{\"@type\":\"BreadcrumbList\",\"@id\":\"https:\\\/\\\/kosovatimes.info\\\/index.php\\\/2026\\\/05\\\/03\\\/polonia-feston-235-vjetorin-e-kushtetutes-se-pare-moderne-te-evropes\\\/#breadcrumb\",\"itemListElement\":[{\"@type\":\"ListItem\",\"position\":1,\"name\":\"Home\",\"item\":\"https:\\\/\\\/kosovatimes.info\\\/\"},{\"@type\":\"ListItem\",\"position\":2,\"name\":\"Polonia feston 235-vjetorin e Kushtetut\u00ebs s\u00eb Par\u00eb Moderne t\u00eb Evrop\u00ebs\"}]},{\"@type\":\"WebSite\",\"@id\":\"https:\\\/\\\/kosovatimes.info\\\/#website\",\"url\":\"https:\\\/\\\/kosovatimes.info\\\/\",\"name\":\"Kosova Times\",\"description\":\"\",\"potentialAction\":[{\"@type\":\"SearchAction\",\"target\":{\"@type\":\"EntryPoint\",\"urlTemplate\":\"https:\\\/\\\/kosovatimes.info\\\/?s={search_term_string}\"},\"query-input\":{\"@type\":\"PropertyValueSpecification\",\"valueRequired\":true,\"valueName\":\"search_term_string\"}}],\"inLanguage\":\"en-US\"},{\"@type\":\"Person\",\"@id\":\"https:\\\/\\\/kosovatimes.info\\\/#\\\/schema\\\/person\\\/7586712b9c512fe68085de007378c915\",\"name\":\"i l\",\"image\":{\"@type\":\"ImageObject\",\"inLanguage\":\"en-US\",\"@id\":\"https:\\\/\\\/secure.gravatar.com\\\/avatar\\\/bad9296e02816160ae2e2435beda58222022298d5625d49fea74d18816fbb31d?s=96&d=mm&r=g\",\"url\":\"https:\\\/\\\/secure.gravatar.com\\\/avatar\\\/bad9296e02816160ae2e2435beda58222022298d5625d49fea74d18816fbb31d?s=96&d=mm&r=g\",\"contentUrl\":\"https:\\\/\\\/secure.gravatar.com\\\/avatar\\\/bad9296e02816160ae2e2435beda58222022298d5625d49fea74d18816fbb31d?s=96&d=mm&r=g\",\"caption\":\"i l\"},\"url\":\"https:\\\/\\\/kosovatimes.info\\\/index.php\\\/author\\\/iliri\\\/\"}]}<\/script>\n<!-- \/ Yoast SEO plugin. -->","yoast_head_json":{"title":"Polonia feston 235-vjetorin e Kushtetut\u00ebs s\u00eb Par\u00eb Moderne t\u00eb Evrop\u00ebs - Kosova Times","robots":{"index":"index","follow":"follow","max-snippet":"max-snippet:-1","max-image-preview":"max-image-preview:large","max-video-preview":"max-video-preview:-1"},"canonical":"https:\/\/kosovatimes.info\/index.php\/2026\/05\/03\/polonia-feston-235-vjetorin-e-kushtetutes-se-pare-moderne-te-evropes\/","og_locale":"en_US","og_type":"article","og_title":"Polonia feston 235-vjetorin e Kushtetut\u00ebs s\u00eb Par\u00eb Moderne t\u00eb Evrop\u00ebs - Kosova Times","og_description":"Polak\u00ebt sot sh\u00ebnojn\u00eb kart\u00ebn historike t\u00eb vitit 1791 q\u00eb modernizoi shtetin, hoqi veton liberum dhe vendosi ndarjen e pushteteve si nj\u00eb simbol t\u00eb identitetit komb\u00ebtar dhe liris\u00eb. Nd\u00ebrsa flamujt val\u00ebviten n\u00eb t\u00eb gjith\u00eb vendin, polak\u00ebt sh\u00ebnojn\u00eb sot 235-vjetorin e Kushtetut\u00ebs s\u00eb 3 majit, kart\u00ebs historike q\u00eb modernizoi shtetin p\u00ebrmes reformave t\u00eb guximshme politike. E konsideruar [&hellip;]","og_url":"https:\/\/kosovatimes.info\/index.php\/2026\/05\/03\/polonia-feston-235-vjetorin-e-kushtetutes-se-pare-moderne-te-evropes\/","og_site_name":"Kosova Times","article_published_time":"2026-05-03T11:18:13+00:00","article_modified_time":"2026-05-03T11:18:14+00:00","og_image":[{"width":2560,"height":1705,"url":"https:\/\/kosovatimes.info\/wp-content\/uploads\/2026\/05\/Polonia.webp","type":"image\/webp"}],"author":"i l","twitter_card":"summary_large_image","twitter_misc":{"Written by":"i l","Est. reading time":"4 minutes"},"schema":{"@context":"https:\/\/schema.org","@graph":[{"@type":"Article","@id":"https:\/\/kosovatimes.info\/index.php\/2026\/05\/03\/polonia-feston-235-vjetorin-e-kushtetutes-se-pare-moderne-te-evropes\/#article","isPartOf":{"@id":"https:\/\/kosovatimes.info\/index.php\/2026\/05\/03\/polonia-feston-235-vjetorin-e-kushtetutes-se-pare-moderne-te-evropes\/"},"author":{"name":"i l","@id":"https:\/\/kosovatimes.info\/#\/schema\/person\/7586712b9c512fe68085de007378c915"},"headline":"Polonia feston 235-vjetorin e Kushtetut\u00ebs s\u00eb Par\u00eb Moderne t\u00eb Evrop\u00ebs","datePublished":"2026-05-03T11:18:13+00:00","dateModified":"2026-05-03T11:18:14+00:00","mainEntityOfPage":{"@id":"https:\/\/kosovatimes.info\/index.php\/2026\/05\/03\/polonia-feston-235-vjetorin-e-kushtetutes-se-pare-moderne-te-evropes\/"},"wordCount":1034,"commentCount":0,"image":{"@id":"https:\/\/kosovatimes.info\/index.php\/2026\/05\/03\/polonia-feston-235-vjetorin-e-kushtetutes-se-pare-moderne-te-evropes\/#primaryimage"},"thumbnailUrl":"https:\/\/kosovatimes.info\/wp-content\/uploads\/2026\/05\/Polonia.webp","articleSection":["Bot\u00eb","Lajme"],"inLanguage":"en-US","potentialAction":[{"@type":"CommentAction","name":"Comment","target":["https:\/\/kosovatimes.info\/index.php\/2026\/05\/03\/polonia-feston-235-vjetorin-e-kushtetutes-se-pare-moderne-te-evropes\/#respond"]}]},{"@type":"WebPage","@id":"https:\/\/kosovatimes.info\/index.php\/2026\/05\/03\/polonia-feston-235-vjetorin-e-kushtetutes-se-pare-moderne-te-evropes\/","url":"https:\/\/kosovatimes.info\/index.php\/2026\/05\/03\/polonia-feston-235-vjetorin-e-kushtetutes-se-pare-moderne-te-evropes\/","name":"Polonia feston 235-vjetorin e Kushtetut\u00ebs s\u00eb Par\u00eb Moderne t\u00eb Evrop\u00ebs - Kosova Times","isPartOf":{"@id":"https:\/\/kosovatimes.info\/#website"},"primaryImageOfPage":{"@id":"https:\/\/kosovatimes.info\/index.php\/2026\/05\/03\/polonia-feston-235-vjetorin-e-kushtetutes-se-pare-moderne-te-evropes\/#primaryimage"},"image":{"@id":"https:\/\/kosovatimes.info\/index.php\/2026\/05\/03\/polonia-feston-235-vjetorin-e-kushtetutes-se-pare-moderne-te-evropes\/#primaryimage"},"thumbnailUrl":"https:\/\/kosovatimes.info\/wp-content\/uploads\/2026\/05\/Polonia.webp","datePublished":"2026-05-03T11:18:13+00:00","dateModified":"2026-05-03T11:18:14+00:00","author":{"@id":"https:\/\/kosovatimes.info\/#\/schema\/person\/7586712b9c512fe68085de007378c915"},"breadcrumb":{"@id":"https:\/\/kosovatimes.info\/index.php\/2026\/05\/03\/polonia-feston-235-vjetorin-e-kushtetutes-se-pare-moderne-te-evropes\/#breadcrumb"},"inLanguage":"en-US","potentialAction":[{"@type":"ReadAction","target":["https:\/\/kosovatimes.info\/index.php\/2026\/05\/03\/polonia-feston-235-vjetorin-e-kushtetutes-se-pare-moderne-te-evropes\/"]}]},{"@type":"ImageObject","inLanguage":"en-US","@id":"https:\/\/kosovatimes.info\/index.php\/2026\/05\/03\/polonia-feston-235-vjetorin-e-kushtetutes-se-pare-moderne-te-evropes\/#primaryimage","url":"https:\/\/kosovatimes.info\/wp-content\/uploads\/2026\/05\/Polonia.webp","contentUrl":"https:\/\/kosovatimes.info\/wp-content\/uploads\/2026\/05\/Polonia.webp","width":2560,"height":1705},{"@type":"BreadcrumbList","@id":"https:\/\/kosovatimes.info\/index.php\/2026\/05\/03\/polonia-feston-235-vjetorin-e-kushtetutes-se-pare-moderne-te-evropes\/#breadcrumb","itemListElement":[{"@type":"ListItem","position":1,"name":"Home","item":"https:\/\/kosovatimes.info\/"},{"@type":"ListItem","position":2,"name":"Polonia feston 235-vjetorin e Kushtetut\u00ebs s\u00eb Par\u00eb Moderne t\u00eb Evrop\u00ebs"}]},{"@type":"WebSite","@id":"https:\/\/kosovatimes.info\/#website","url":"https:\/\/kosovatimes.info\/","name":"Kosova Times","description":"","potentialAction":[{"@type":"SearchAction","target":{"@type":"EntryPoint","urlTemplate":"https:\/\/kosovatimes.info\/?s={search_term_string}"},"query-input":{"@type":"PropertyValueSpecification","valueRequired":true,"valueName":"search_term_string"}}],"inLanguage":"en-US"},{"@type":"Person","@id":"https:\/\/kosovatimes.info\/#\/schema\/person\/7586712b9c512fe68085de007378c915","name":"i l","image":{"@type":"ImageObject","inLanguage":"en-US","@id":"https:\/\/secure.gravatar.com\/avatar\/bad9296e02816160ae2e2435beda58222022298d5625d49fea74d18816fbb31d?s=96&d=mm&r=g","url":"https:\/\/secure.gravatar.com\/avatar\/bad9296e02816160ae2e2435beda58222022298d5625d49fea74d18816fbb31d?s=96&d=mm&r=g","contentUrl":"https:\/\/secure.gravatar.com\/avatar\/bad9296e02816160ae2e2435beda58222022298d5625d49fea74d18816fbb31d?s=96&d=mm&r=g","caption":"i l"},"url":"https:\/\/kosovatimes.info\/index.php\/author\/iliri\/"}]}},"_links":{"self":[{"href":"https:\/\/kosovatimes.info\/index.php\/wp-json\/wp\/v2\/posts\/13213","targetHints":{"allow":["GET"]}}],"collection":[{"href":"https:\/\/kosovatimes.info\/index.php\/wp-json\/wp\/v2\/posts"}],"about":[{"href":"https:\/\/kosovatimes.info\/index.php\/wp-json\/wp\/v2\/types\/post"}],"author":[{"embeddable":true,"href":"https:\/\/kosovatimes.info\/index.php\/wp-json\/wp\/v2\/users\/4"}],"replies":[{"embeddable":true,"href":"https:\/\/kosovatimes.info\/index.php\/wp-json\/wp\/v2\/comments?post=13213"}],"version-history":[{"count":1,"href":"https:\/\/kosovatimes.info\/index.php\/wp-json\/wp\/v2\/posts\/13213\/revisions"}],"predecessor-version":[{"id":13215,"href":"https:\/\/kosovatimes.info\/index.php\/wp-json\/wp\/v2\/posts\/13213\/revisions\/13215"}],"wp:featuredmedia":[{"embeddable":true,"href":"https:\/\/kosovatimes.info\/index.php\/wp-json\/wp\/v2\/media\/13214"}],"wp:attachment":[{"href":"https:\/\/kosovatimes.info\/index.php\/wp-json\/wp\/v2\/media?parent=13213"}],"wp:term":[{"taxonomy":"category","embeddable":true,"href":"https:\/\/kosovatimes.info\/index.php\/wp-json\/wp\/v2\/categories?post=13213"},{"taxonomy":"post_tag","embeddable":true,"href":"https:\/\/kosovatimes.info\/index.php\/wp-json\/wp\/v2\/tags?post=13213"}],"curies":[{"name":"wp","href":"https:\/\/api.w.org\/{rel}","templated":true}]}}