{"id":13216,"date":"2026-05-03T10:21:00","date_gmt":"2026-05-03T08:21:00","guid":{"rendered":"https:\/\/kosovatimes.info\/?p=13216"},"modified":"2026-05-03T13:27:56","modified_gmt":"2026-05-03T11:27:56","slug":"haxhiu-serbia-kreu-spastrim-etnik-dhe-gjenocid-ne-kosove","status":"publish","type":"post","link":"https:\/\/kosovatimes.info\/index.php\/2026\/05\/03\/haxhiu-serbia-kreu-spastrim-etnik-dhe-gjenocid-ne-kosove\/","title":{"rendered":"Haxhiu: Serbia kreu spastrim etnik dhe gjenocid n\u00eb Kosov\u00eb"},"content":{"rendered":"\n<p><strong>Ushtruesja e detyr\u00ebs s\u00eb Presidentes s\u00eb Republik\u00ebs s\u00eb Kosov\u00ebs, Albulena Haxhiu, n\u00eb 27-vjetorin e masakr\u00ebs n\u00eb Bukosh, tha se ajo \u00e7far\u00eb ka ndodhur para 27 viteve n\u00eb Bukosh, nuk \u00ebsht\u00eb di\u00e7ka e izoluar, por \u00ebsht\u00eb d\u00ebshmi e gjenocidit dhe spastrimit etnik q\u00eb Serbia e ka b\u00ebr\u00eb n\u00eb Republik\u00ebn e Kosov\u00ebs.<\/strong><\/p>\n\n\n\n<p>\u201cM\u00eb 3 maj t\u00eb vitit 1999, pra para 27 viteve, nga kolona e familjeve shqiptare u ndan\u00eb 25 civil\u00eb t\u00eb pafajsh\u00ebm, burra e djem nga mosha at\u00ebher\u00eb prej 85 deri n\u00eb 5 vje\u00e7are. Ata u mor\u00ebn dhunsh\u00ebm nga familjet e tyre. Familjet e tyre, n\u00eb an\u00ebn tjet\u00ebr, u detyruan q\u00eb ta vazhdojn\u00eb rrug\u00ebn e d\u00ebbimit, nd\u00ebrsa civil\u00ebt e pafajsh\u00ebm u vendos\u00ebn n\u00eb oborrin e shkoll\u00ebs, u vendos\u00ebn pran\u00eb mureve t\u00eb k\u00ebsaj shkolle dhe u pushkatuan. Pra, jo n\u00eb nj\u00eb betej\u00eb, jo n\u00eb nj\u00eb p\u00ebrballje t\u00eb armatosur, por u vran\u00eb e u pushkatuar mizorisht, q\u00ebllimisht. Sot, ne jemi k\u00ebtu p\u00ebr t\u00eb nderuar martir\u00ebt e pafajsh\u00ebm. Kjo cfar\u00eb ka ndodhur para 27 viteve k\u00ebtu n\u00eb Bukosh, nuk \u00ebsht\u00eb di\u00e7ka e izoluar, por \u00ebsht\u00eb d\u00ebshmi e gjenocidit dhe spastrimit etnik q\u00eb Serbia e ka b\u00ebr\u00eb n\u00eb Republik\u00ebn e Kosov\u00ebs\u201d, tha ajo.<\/p>\n\n\n\n<p>Sipas saj, por q\u00ebndresa e shqiptar\u00ebve t\u00eb Kosov\u00ebs, guximi dhe po ashtu bindja q\u00eb duhet t\u00eb q\u00ebndrojm\u00eb t\u00eb fort\u00eb, e ka detyruar Serbin\u00eb q\u00eb t\u00eb zbrazet.<\/p>\n\n\n\n<p>\u201cPra, lufta e drejt\u00eb e Ushtris\u00eb \u00c7lirimtare t\u00eb Kosov\u00ebs, q\u00ebndresa e popullit ton\u00eb dhe mb\u00ebshtetja e partner\u00ebve nd\u00ebrkomb\u00ebtar\u00eb p\u00ebrmes nd\u00ebrhyrjes, kan\u00eb b\u00ebr\u00eb q\u00eb Kosova t\u00eb \u00e7lirohet, t\u00eb jet\u00eb e lir\u00eb dhe t\u00eb jet\u00eb e pavarur. Ne sot nderojm\u00eb martir\u00ebt e pafajsh\u00ebm, kund\u00ebr dhun\u00ebs dhe padrejt\u00ebsis\u00eb. Shum\u00eb nga kryer\u00ebsit e k\u00ebsaj masakre ende nuk jan\u00eb nd\u00ebshkuar, por ata q\u00ebndrojn\u00eb si d\u00ebshmi se populli yn\u00eb \u00ebsht\u00eb i fort\u00eb p\u00ebrball\u00eb sfidave q\u00eb kalon. Sot jemi k\u00ebtu edhe p\u00ebrkrah familjeve, lavdi d\u00ebshmor\u00ebve dhe martir\u00ebve t\u00eb luft\u00ebs, si institucione t\u00eb Republik\u00ebs s\u00eb Kosov\u00ebs dhe angazhohemi n\u00eb vazhdim\u00ebsi q\u00eb t\u00eb adresojm\u00eb drejt\u00ebsin\u00eb, sidomos n\u00eb rastet kur b\u00ebhet fjal\u00eb p\u00ebr krimet e luft\u00ebs. Nuk mund t\u00eb vazhdojm\u00eb t\u00eb jemi pa drejt\u00ebsi p\u00ebr t\u00eb r\u00ebn\u00ebt tan\u00eb. Kudo q\u00eb shkojm\u00eb, k\u00ebrkesa e familjar\u00ebve \u00ebsht\u00eb q\u00eb t\u00eb ket\u00eb drejt\u00ebsi p\u00ebr k\u00ebto raste\u201d, tha ajo.<\/p>\n\n\n\n<p>Haxhiu tha se ka ende shum\u00eb krime pa u hetuar dhe pa u gjykuar, sepse Serbia nuk i dor\u00ebzon kriminel\u00ebt e luft\u00ebs.<\/p>\n\n\n\n<p>\u201cAndaj, p\u00ebrkund\u00ebr faktit q\u00eb s\u00eb fundi ka pasur p\u00ebrparime n\u00eb k\u00ebt\u00eb drejtim, kaq shum\u00eb krime t\u00eb kryera n\u00eb Kosov\u00eb nga Serbia q\u00eb mbeten pa drejt\u00ebsi. Prandaj, u b\u00ebjm\u00eb thirrje institucioneve t\u00eb drejt\u00ebsis\u00eb q\u00eb t\u00eb vazhdojn\u00eb pun\u00ebn, angazhimin, hetimin dhe ndjekjen penale, si dhe gjykimin e kriminel\u00ebve t\u00eb luft\u00ebs\u201d, tha Haxhiu.<br><br>M\u00eb pas, Ushtruesja e Detyr\u00ebs s\u00eb Presidentes s\u00eb Republik\u00ebs s\u00eb Kosov\u00ebs, Albulena Haxhiu dhe Ministri n\u00eb detyr\u00eb p\u00ebr Pun\u00eb, Familje dhe Vlerat e Luft\u00ebs \u00c7lirimtare, Andin Hoti, b\u00ebn\u00eb&nbsp; homazhe tek shtatorja e Heroit Besim Ndrecaj, n\u00eb Therand\u00eb.<\/p>\n\n\n\n<p><strong>Haxhiu b\u00ebri homazhe n\u00eb 27-vjetorin e masakr\u00ebs n\u00eb Bukosh|VIDEO<\/strong><\/p>\n\n\n\n<p>Ushtruesja e detyr\u00ebs s\u00eb Presidentes s\u00eb Republik\u00ebs s\u00eb Kosov\u00ebs, Albulena Haxhiu, b\u00ebri sot homazhe n\u00eb 27-vjetorin e masakr\u00ebs n\u00eb Bukosh.<img decoding=\"async\" src=\"https:\/\/www.rtklive.com\/sq\/gallery\/news_original\/723716-bQAFLuORsz.jpg\"><\/p>\n","protected":false},"excerpt":{"rendered":"<p>Ushtruesja e detyr\u00ebs s\u00eb Presidentes s\u00eb Republik\u00ebs s\u00eb Kosov\u00ebs, Albulena Haxhiu, n\u00eb 27-vjetorin e masakr\u00ebs n\u00eb Bukosh, tha se ajo \u00e7far\u00eb ka ndodhur para 27 viteve n\u00eb Bukosh, nuk \u00ebsht\u00eb di\u00e7ka e izoluar, por \u00ebsht\u00eb d\u00ebshmi e gjenocidit dhe spastrimit etnik q\u00eb Serbia e ka b\u00ebr\u00eb n\u00eb Republik\u00ebn e Kosov\u00ebs. \u201cM\u00eb 3 maj t\u00eb vitit [&hellip;]<\/p>\n","protected":false},"author":4,"featured_media":13217,"comment_status":"open","ping_status":"open","sticky":true,"template":"","format":"standard","meta":{"footnotes":""},"categories":[31,30],"tags":[],"class_list":{"0":"post-13216","1":"post","2":"type-post","3":"status-publish","4":"format-standard","5":"has-post-thumbnail","7":"category-kosove","8":"category-lajme"},"yoast_head":"<!-- This site is optimized with the Yoast SEO plugin v27.4 - https:\/\/yoast.com\/product\/yoast-seo-wordpress\/ -->\n<title>Haxhiu: Serbia kreu spastrim etnik dhe gjenocid n\u00eb Kosov\u00eb - Kosova Times<\/title>\n<meta name=\"robots\" content=\"index, follow, max-snippet:-1, max-image-preview:large, max-video-preview:-1\" \/>\n<link rel=\"canonical\" href=\"https:\/\/kosovatimes.info\/index.php\/2026\/05\/03\/haxhiu-serbia-kreu-spastrim-etnik-dhe-gjenocid-ne-kosove\/\" \/>\n<meta property=\"og:locale\" content=\"en_US\" \/>\n<meta property=\"og:type\" content=\"article\" \/>\n<meta property=\"og:title\" content=\"Haxhiu: Serbia kreu spastrim etnik dhe gjenocid n\u00eb Kosov\u00eb - Kosova Times\" \/>\n<meta property=\"og:description\" content=\"Ushtruesja e detyr\u00ebs s\u00eb Presidentes s\u00eb Republik\u00ebs s\u00eb Kosov\u00ebs, Albulena Haxhiu, n\u00eb 27-vjetorin e masakr\u00ebs n\u00eb Bukosh, tha se ajo \u00e7far\u00eb ka ndodhur para 27 viteve n\u00eb Bukosh, nuk \u00ebsht\u00eb di\u00e7ka e izoluar, por \u00ebsht\u00eb d\u00ebshmi e gjenocidit dhe spastrimit etnik q\u00eb Serbia e ka b\u00ebr\u00eb n\u00eb Republik\u00ebn e Kosov\u00ebs. \u201cM\u00eb 3 maj t\u00eb vitit [&hellip;]\" \/>\n<meta property=\"og:url\" content=\"https:\/\/kosovatimes.info\/index.php\/2026\/05\/03\/haxhiu-serbia-kreu-spastrim-etnik-dhe-gjenocid-ne-kosove\/\" \/>\n<meta property=\"og:site_name\" content=\"Kosova Times\" \/>\n<meta property=\"article:published_time\" content=\"2026-05-03T08:21:00+00:00\" \/>\n<meta property=\"article:modified_time\" content=\"2026-05-03T11:27:56+00:00\" \/>\n<meta property=\"og:image\" content=\"https:\/\/kosovatimes.info\/wp-content\/uploads\/2026\/05\/Haxhiu-3.jpg\" \/>\n\t<meta property=\"og:image:width\" content=\"780\" \/>\n\t<meta property=\"og:image:height\" content=\"500\" \/>\n\t<meta property=\"og:image:type\" content=\"image\/jpeg\" \/>\n<meta name=\"author\" content=\"i l\" \/>\n<meta name=\"twitter:card\" content=\"summary_large_image\" \/>\n<meta name=\"twitter:label1\" content=\"Written by\" \/>\n\t<meta name=\"twitter:data1\" content=\"i l\" \/>\n\t<meta name=\"twitter:label2\" content=\"Est. reading time\" \/>\n\t<meta name=\"twitter:data2\" content=\"3 minutes\" \/>\n<script type=\"application\/ld+json\" class=\"yoast-schema-graph\">{\"@context\":\"https:\\\/\\\/schema.org\",\"@graph\":[{\"@type\":\"Article\",\"@id\":\"https:\\\/\\\/kosovatimes.info\\\/index.php\\\/2026\\\/05\\\/03\\\/haxhiu-serbia-kreu-spastrim-etnik-dhe-gjenocid-ne-kosove\\\/#article\",\"isPartOf\":{\"@id\":\"https:\\\/\\\/kosovatimes.info\\\/index.php\\\/2026\\\/05\\\/03\\\/haxhiu-serbia-kreu-spastrim-etnik-dhe-gjenocid-ne-kosove\\\/\"},\"author\":{\"name\":\"i l\",\"@id\":\"https:\\\/\\\/kosovatimes.info\\\/#\\\/schema\\\/person\\\/7586712b9c512fe68085de007378c915\"},\"headline\":\"Haxhiu: Serbia kreu spastrim etnik dhe gjenocid n\u00eb Kosov\u00eb\",\"datePublished\":\"2026-05-03T08:21:00+00:00\",\"dateModified\":\"2026-05-03T11:27:56+00:00\",\"mainEntityOfPage\":{\"@id\":\"https:\\\/\\\/kosovatimes.info\\\/index.php\\\/2026\\\/05\\\/03\\\/haxhiu-serbia-kreu-spastrim-etnik-dhe-gjenocid-ne-kosove\\\/\"},\"wordCount\":598,\"commentCount\":0,\"image\":{\"@id\":\"https:\\\/\\\/kosovatimes.info\\\/index.php\\\/2026\\\/05\\\/03\\\/haxhiu-serbia-kreu-spastrim-etnik-dhe-gjenocid-ne-kosove\\\/#primaryimage\"},\"thumbnailUrl\":\"https:\\\/\\\/kosovatimes.info\\\/wp-content\\\/uploads\\\/2026\\\/05\\\/Haxhiu-3.jpg\",\"articleSection\":[\"Kosov\u00eb\",\"Lajme\"],\"inLanguage\":\"en-US\",\"potentialAction\":[{\"@type\":\"CommentAction\",\"name\":\"Comment\",\"target\":[\"https:\\\/\\\/kosovatimes.info\\\/index.php\\\/2026\\\/05\\\/03\\\/haxhiu-serbia-kreu-spastrim-etnik-dhe-gjenocid-ne-kosove\\\/#respond\"]}]},{\"@type\":\"WebPage\",\"@id\":\"https:\\\/\\\/kosovatimes.info\\\/index.php\\\/2026\\\/05\\\/03\\\/haxhiu-serbia-kreu-spastrim-etnik-dhe-gjenocid-ne-kosove\\\/\",\"url\":\"https:\\\/\\\/kosovatimes.info\\\/index.php\\\/2026\\\/05\\\/03\\\/haxhiu-serbia-kreu-spastrim-etnik-dhe-gjenocid-ne-kosove\\\/\",\"name\":\"Haxhiu: Serbia kreu spastrim etnik dhe gjenocid n\u00eb Kosov\u00eb - Kosova Times\",\"isPartOf\":{\"@id\":\"https:\\\/\\\/kosovatimes.info\\\/#website\"},\"primaryImageOfPage\":{\"@id\":\"https:\\\/\\\/kosovatimes.info\\\/index.php\\\/2026\\\/05\\\/03\\\/haxhiu-serbia-kreu-spastrim-etnik-dhe-gjenocid-ne-kosove\\\/#primaryimage\"},\"image\":{\"@id\":\"https:\\\/\\\/kosovatimes.info\\\/index.php\\\/2026\\\/05\\\/03\\\/haxhiu-serbia-kreu-spastrim-etnik-dhe-gjenocid-ne-kosove\\\/#primaryimage\"},\"thumbnailUrl\":\"https:\\\/\\\/kosovatimes.info\\\/wp-content\\\/uploads\\\/2026\\\/05\\\/Haxhiu-3.jpg\",\"datePublished\":\"2026-05-03T08:21:00+00:00\",\"dateModified\":\"2026-05-03T11:27:56+00:00\",\"author\":{\"@id\":\"https:\\\/\\\/kosovatimes.info\\\/#\\\/schema\\\/person\\\/7586712b9c512fe68085de007378c915\"},\"breadcrumb\":{\"@id\":\"https:\\\/\\\/kosovatimes.info\\\/index.php\\\/2026\\\/05\\\/03\\\/haxhiu-serbia-kreu-spastrim-etnik-dhe-gjenocid-ne-kosove\\\/#breadcrumb\"},\"inLanguage\":\"en-US\",\"potentialAction\":[{\"@type\":\"ReadAction\",\"target\":[\"https:\\\/\\\/kosovatimes.info\\\/index.php\\\/2026\\\/05\\\/03\\\/haxhiu-serbia-kreu-spastrim-etnik-dhe-gjenocid-ne-kosove\\\/\"]}]},{\"@type\":\"ImageObject\",\"inLanguage\":\"en-US\",\"@id\":\"https:\\\/\\\/kosovatimes.info\\\/index.php\\\/2026\\\/05\\\/03\\\/haxhiu-serbia-kreu-spastrim-etnik-dhe-gjenocid-ne-kosove\\\/#primaryimage\",\"url\":\"https:\\\/\\\/kosovatimes.info\\\/wp-content\\\/uploads\\\/2026\\\/05\\\/Haxhiu-3.jpg\",\"contentUrl\":\"https:\\\/\\\/kosovatimes.info\\\/wp-content\\\/uploads\\\/2026\\\/05\\\/Haxhiu-3.jpg\",\"width\":780,\"height\":500},{\"@type\":\"BreadcrumbList\",\"@id\":\"https:\\\/\\\/kosovatimes.info\\\/index.php\\\/2026\\\/05\\\/03\\\/haxhiu-serbia-kreu-spastrim-etnik-dhe-gjenocid-ne-kosove\\\/#breadcrumb\",\"itemListElement\":[{\"@type\":\"ListItem\",\"position\":1,\"name\":\"Home\",\"item\":\"https:\\\/\\\/kosovatimes.info\\\/\"},{\"@type\":\"ListItem\",\"position\":2,\"name\":\"Haxhiu: Serbia kreu spastrim etnik dhe gjenocid n\u00eb Kosov\u00eb\"}]},{\"@type\":\"WebSite\",\"@id\":\"https:\\\/\\\/kosovatimes.info\\\/#website\",\"url\":\"https:\\\/\\\/kosovatimes.info\\\/\",\"name\":\"Kosova Times\",\"description\":\"\",\"potentialAction\":[{\"@type\":\"SearchAction\",\"target\":{\"@type\":\"EntryPoint\",\"urlTemplate\":\"https:\\\/\\\/kosovatimes.info\\\/?s={search_term_string}\"},\"query-input\":{\"@type\":\"PropertyValueSpecification\",\"valueRequired\":true,\"valueName\":\"search_term_string\"}}],\"inLanguage\":\"en-US\"},{\"@type\":\"Person\",\"@id\":\"https:\\\/\\\/kosovatimes.info\\\/#\\\/schema\\\/person\\\/7586712b9c512fe68085de007378c915\",\"name\":\"i l\",\"image\":{\"@type\":\"ImageObject\",\"inLanguage\":\"en-US\",\"@id\":\"https:\\\/\\\/secure.gravatar.com\\\/avatar\\\/bad9296e02816160ae2e2435beda58222022298d5625d49fea74d18816fbb31d?s=96&d=mm&r=g\",\"url\":\"https:\\\/\\\/secure.gravatar.com\\\/avatar\\\/bad9296e02816160ae2e2435beda58222022298d5625d49fea74d18816fbb31d?s=96&d=mm&r=g\",\"contentUrl\":\"https:\\\/\\\/secure.gravatar.com\\\/avatar\\\/bad9296e02816160ae2e2435beda58222022298d5625d49fea74d18816fbb31d?s=96&d=mm&r=g\",\"caption\":\"i l\"},\"url\":\"https:\\\/\\\/kosovatimes.info\\\/index.php\\\/author\\\/iliri\\\/\"}]}<\/script>\n<!-- \/ Yoast SEO plugin. -->","yoast_head_json":{"title":"Haxhiu: Serbia kreu spastrim etnik dhe gjenocid n\u00eb Kosov\u00eb - Kosova Times","robots":{"index":"index","follow":"follow","max-snippet":"max-snippet:-1","max-image-preview":"max-image-preview:large","max-video-preview":"max-video-preview:-1"},"canonical":"https:\/\/kosovatimes.info\/index.php\/2026\/05\/03\/haxhiu-serbia-kreu-spastrim-etnik-dhe-gjenocid-ne-kosove\/","og_locale":"en_US","og_type":"article","og_title":"Haxhiu: Serbia kreu spastrim etnik dhe gjenocid n\u00eb Kosov\u00eb - Kosova Times","og_description":"Ushtruesja e detyr\u00ebs s\u00eb Presidentes s\u00eb Republik\u00ebs s\u00eb Kosov\u00ebs, Albulena Haxhiu, n\u00eb 27-vjetorin e masakr\u00ebs n\u00eb Bukosh, tha se ajo \u00e7far\u00eb ka ndodhur para 27 viteve n\u00eb Bukosh, nuk \u00ebsht\u00eb di\u00e7ka e izoluar, por \u00ebsht\u00eb d\u00ebshmi e gjenocidit dhe spastrimit etnik q\u00eb Serbia e ka b\u00ebr\u00eb n\u00eb Republik\u00ebn e Kosov\u00ebs. \u201cM\u00eb 3 maj t\u00eb vitit [&hellip;]","og_url":"https:\/\/kosovatimes.info\/index.php\/2026\/05\/03\/haxhiu-serbia-kreu-spastrim-etnik-dhe-gjenocid-ne-kosove\/","og_site_name":"Kosova Times","article_published_time":"2026-05-03T08:21:00+00:00","article_modified_time":"2026-05-03T11:27:56+00:00","og_image":[{"width":780,"height":500,"url":"https:\/\/kosovatimes.info\/wp-content\/uploads\/2026\/05\/Haxhiu-3.jpg","type":"image\/jpeg"}],"author":"i l","twitter_card":"summary_large_image","twitter_misc":{"Written by":"i l","Est. reading time":"3 minutes"},"schema":{"@context":"https:\/\/schema.org","@graph":[{"@type":"Article","@id":"https:\/\/kosovatimes.info\/index.php\/2026\/05\/03\/haxhiu-serbia-kreu-spastrim-etnik-dhe-gjenocid-ne-kosove\/#article","isPartOf":{"@id":"https:\/\/kosovatimes.info\/index.php\/2026\/05\/03\/haxhiu-serbia-kreu-spastrim-etnik-dhe-gjenocid-ne-kosove\/"},"author":{"name":"i l","@id":"https:\/\/kosovatimes.info\/#\/schema\/person\/7586712b9c512fe68085de007378c915"},"headline":"Haxhiu: Serbia kreu spastrim etnik dhe gjenocid n\u00eb Kosov\u00eb","datePublished":"2026-05-03T08:21:00+00:00","dateModified":"2026-05-03T11:27:56+00:00","mainEntityOfPage":{"@id":"https:\/\/kosovatimes.info\/index.php\/2026\/05\/03\/haxhiu-serbia-kreu-spastrim-etnik-dhe-gjenocid-ne-kosove\/"},"wordCount":598,"commentCount":0,"image":{"@id":"https:\/\/kosovatimes.info\/index.php\/2026\/05\/03\/haxhiu-serbia-kreu-spastrim-etnik-dhe-gjenocid-ne-kosove\/#primaryimage"},"thumbnailUrl":"https:\/\/kosovatimes.info\/wp-content\/uploads\/2026\/05\/Haxhiu-3.jpg","articleSection":["Kosov\u00eb","Lajme"],"inLanguage":"en-US","potentialAction":[{"@type":"CommentAction","name":"Comment","target":["https:\/\/kosovatimes.info\/index.php\/2026\/05\/03\/haxhiu-serbia-kreu-spastrim-etnik-dhe-gjenocid-ne-kosove\/#respond"]}]},{"@type":"WebPage","@id":"https:\/\/kosovatimes.info\/index.php\/2026\/05\/03\/haxhiu-serbia-kreu-spastrim-etnik-dhe-gjenocid-ne-kosove\/","url":"https:\/\/kosovatimes.info\/index.php\/2026\/05\/03\/haxhiu-serbia-kreu-spastrim-etnik-dhe-gjenocid-ne-kosove\/","name":"Haxhiu: Serbia kreu spastrim etnik dhe gjenocid n\u00eb Kosov\u00eb - Kosova Times","isPartOf":{"@id":"https:\/\/kosovatimes.info\/#website"},"primaryImageOfPage":{"@id":"https:\/\/kosovatimes.info\/index.php\/2026\/05\/03\/haxhiu-serbia-kreu-spastrim-etnik-dhe-gjenocid-ne-kosove\/#primaryimage"},"image":{"@id":"https:\/\/kosovatimes.info\/index.php\/2026\/05\/03\/haxhiu-serbia-kreu-spastrim-etnik-dhe-gjenocid-ne-kosove\/#primaryimage"},"thumbnailUrl":"https:\/\/kosovatimes.info\/wp-content\/uploads\/2026\/05\/Haxhiu-3.jpg","datePublished":"2026-05-03T08:21:00+00:00","dateModified":"2026-05-03T11:27:56+00:00","author":{"@id":"https:\/\/kosovatimes.info\/#\/schema\/person\/7586712b9c512fe68085de007378c915"},"breadcrumb":{"@id":"https:\/\/kosovatimes.info\/index.php\/2026\/05\/03\/haxhiu-serbia-kreu-spastrim-etnik-dhe-gjenocid-ne-kosove\/#breadcrumb"},"inLanguage":"en-US","potentialAction":[{"@type":"ReadAction","target":["https:\/\/kosovatimes.info\/index.php\/2026\/05\/03\/haxhiu-serbia-kreu-spastrim-etnik-dhe-gjenocid-ne-kosove\/"]}]},{"@type":"ImageObject","inLanguage":"en-US","@id":"https:\/\/kosovatimes.info\/index.php\/2026\/05\/03\/haxhiu-serbia-kreu-spastrim-etnik-dhe-gjenocid-ne-kosove\/#primaryimage","url":"https:\/\/kosovatimes.info\/wp-content\/uploads\/2026\/05\/Haxhiu-3.jpg","contentUrl":"https:\/\/kosovatimes.info\/wp-content\/uploads\/2026\/05\/Haxhiu-3.jpg","width":780,"height":500},{"@type":"BreadcrumbList","@id":"https:\/\/kosovatimes.info\/index.php\/2026\/05\/03\/haxhiu-serbia-kreu-spastrim-etnik-dhe-gjenocid-ne-kosove\/#breadcrumb","itemListElement":[{"@type":"ListItem","position":1,"name":"Home","item":"https:\/\/kosovatimes.info\/"},{"@type":"ListItem","position":2,"name":"Haxhiu: Serbia kreu spastrim etnik dhe gjenocid n\u00eb Kosov\u00eb"}]},{"@type":"WebSite","@id":"https:\/\/kosovatimes.info\/#website","url":"https:\/\/kosovatimes.info\/","name":"Kosova Times","description":"","potentialAction":[{"@type":"SearchAction","target":{"@type":"EntryPoint","urlTemplate":"https:\/\/kosovatimes.info\/?s={search_term_string}"},"query-input":{"@type":"PropertyValueSpecification","valueRequired":true,"valueName":"search_term_string"}}],"inLanguage":"en-US"},{"@type":"Person","@id":"https:\/\/kosovatimes.info\/#\/schema\/person\/7586712b9c512fe68085de007378c915","name":"i l","image":{"@type":"ImageObject","inLanguage":"en-US","@id":"https:\/\/secure.gravatar.com\/avatar\/bad9296e02816160ae2e2435beda58222022298d5625d49fea74d18816fbb31d?s=96&d=mm&r=g","url":"https:\/\/secure.gravatar.com\/avatar\/bad9296e02816160ae2e2435beda58222022298d5625d49fea74d18816fbb31d?s=96&d=mm&r=g","contentUrl":"https:\/\/secure.gravatar.com\/avatar\/bad9296e02816160ae2e2435beda58222022298d5625d49fea74d18816fbb31d?s=96&d=mm&r=g","caption":"i l"},"url":"https:\/\/kosovatimes.info\/index.php\/author\/iliri\/"}]}},"_links":{"self":[{"href":"https:\/\/kosovatimes.info\/index.php\/wp-json\/wp\/v2\/posts\/13216","targetHints":{"allow":["GET"]}}],"collection":[{"href":"https:\/\/kosovatimes.info\/index.php\/wp-json\/wp\/v2\/posts"}],"about":[{"href":"https:\/\/kosovatimes.info\/index.php\/wp-json\/wp\/v2\/types\/post"}],"author":[{"embeddable":true,"href":"https:\/\/kosovatimes.info\/index.php\/wp-json\/wp\/v2\/users\/4"}],"replies":[{"embeddable":true,"href":"https:\/\/kosovatimes.info\/index.php\/wp-json\/wp\/v2\/comments?post=13216"}],"version-history":[{"count":1,"href":"https:\/\/kosovatimes.info\/index.php\/wp-json\/wp\/v2\/posts\/13216\/revisions"}],"predecessor-version":[{"id":13218,"href":"https:\/\/kosovatimes.info\/index.php\/wp-json\/wp\/v2\/posts\/13216\/revisions\/13218"}],"wp:featuredmedia":[{"embeddable":true,"href":"https:\/\/kosovatimes.info\/index.php\/wp-json\/wp\/v2\/media\/13217"}],"wp:attachment":[{"href":"https:\/\/kosovatimes.info\/index.php\/wp-json\/wp\/v2\/media?parent=13216"}],"wp:term":[{"taxonomy":"category","embeddable":true,"href":"https:\/\/kosovatimes.info\/index.php\/wp-json\/wp\/v2\/categories?post=13216"},{"taxonomy":"post_tag","embeddable":true,"href":"https:\/\/kosovatimes.info\/index.php\/wp-json\/wp\/v2\/tags?post=13216"}],"curies":[{"name":"wp","href":"https:\/\/api.w.org\/{rel}","templated":true}]}}