{"id":13225,"date":"2026-05-03T12:40:00","date_gmt":"2026-05-03T10:40:00","guid":{"rendered":"https:\/\/kosovatimes.info\/?p=13225"},"modified":"2026-05-03T13:29:58","modified_gmt":"2026-05-03T11:29:58","slug":"ndalohet-i-kerkuari-ne-muriqan-pritet-ekstradimi-i-tij-ne-kosove","status":"publish","type":"post","link":"https:\/\/kosovatimes.info\/index.php\/2026\/05\/03\/ndalohet-i-kerkuari-ne-muriqan-pritet-ekstradimi-i-tij-ne-kosove\/","title":{"rendered":"Ndalohet i k\u00ebrkuari n\u00eb Muriqan, pritet ekstradimi i tij n\u00eb Kosov\u00eb"},"content":{"rendered":"\n<p><strong>Sh\u00ebrbimet e Policis\u00eb Kufitare n\u00eb Pik\u00ebn e Kalimit Kufitar Muriqan kan\u00eb arrestuar me q\u00ebllim ekstradimin n\u00eb Kosov\u00eb nj\u00eb 23-vje\u00e7ar t\u00eb shpallur n\u00eb k\u00ebrkim nd\u00ebrkomb\u00ebtar p\u00ebr vepra q\u00eb lidhen me narkotik\u00ebt.<\/strong><\/p>\n\n\n\n<p>Sipas njoftimit zyrtar, gjat\u00eb kontrolleve t\u00eb shtuara n\u00eb dalje t\u00eb Republik\u00ebs s\u00eb Shqip\u00ebris\u00eb dhe fal\u00eb shk\u00ebmbimit t\u00eb informacionit me Interpol Tiran\u00ebn, u b\u00eb i mundur ndalimi i shtetasit E. M., 23 vje\u00e7, banues n\u00eb Franc\u00eb.<\/p>\n\n\n\n<p>Autoritetet b\u00ebjn\u00eb me dije se i riu ishte shpallur n\u00eb k\u00ebrkim nd\u00ebrkomb\u00ebtar nga autoritetet e Kosov\u00ebs, pasi akuzohet p\u00ebr vepr\u00ebn penale \u201cProdhim dhe shitje t\u00eb l\u00ebnd\u00ebve narkotike\u201d, t\u00eb parashikuar nga Kodi Penal i Kosov\u00ebs.<\/p>\n\n\n\n<p>Pas arrestimit n\u00eb PKK Muriqan, Interpol Tirana, n\u00eb bashk\u00ebpunim me autoritetet ligjzbatuese kosovare, po vijon procedurat p\u00ebr ekstradimin e tij drejt Kosov\u00ebs, ku do t\u00eb p\u00ebrballet me drejt\u00ebsin\u00eb.<\/p>\n","protected":false},"excerpt":{"rendered":"<p>Sh\u00ebrbimet e Policis\u00eb Kufitare n\u00eb Pik\u00ebn e Kalimit Kufitar Muriqan kan\u00eb arrestuar me q\u00ebllim ekstradimin n\u00eb Kosov\u00eb nj\u00eb 23-vje\u00e7ar t\u00eb shpallur n\u00eb k\u00ebrkim nd\u00ebrkomb\u00ebtar p\u00ebr vepra q\u00eb lidhen me narkotik\u00ebt. Sipas njoftimit zyrtar, gjat\u00eb kontrolleve t\u00eb shtuara n\u00eb dalje t\u00eb Republik\u00ebs s\u00eb Shqip\u00ebris\u00eb dhe fal\u00eb shk\u00ebmbimit t\u00eb informacionit me Interpol Tiran\u00ebn, u b\u00eb i mundur [&hellip;]<\/p>\n","protected":false},"author":4,"featured_media":13226,"comment_status":"open","ping_status":"open","sticky":false,"template":"","format":"standard","meta":{"footnotes":""},"categories":[31,30],"tags":[],"class_list":{"0":"post-13225","1":"post","2":"type-post","3":"status-publish","4":"format-standard","5":"has-post-thumbnail","7":"category-kosove","8":"category-lajme"},"yoast_head":"<!-- This site is optimized with the Yoast SEO plugin v27.4 - https:\/\/yoast.com\/product\/yoast-seo-wordpress\/ -->\n<title>Ndalohet i k\u00ebrkuari n\u00eb Muriqan, pritet ekstradimi i tij n\u00eb Kosov\u00eb - Kosova Times<\/title>\n<meta name=\"robots\" content=\"index, follow, max-snippet:-1, max-image-preview:large, max-video-preview:-1\" \/>\n<link rel=\"canonical\" href=\"https:\/\/kosovatimes.info\/index.php\/2026\/05\/03\/ndalohet-i-kerkuari-ne-muriqan-pritet-ekstradimi-i-tij-ne-kosove\/\" \/>\n<meta property=\"og:locale\" content=\"en_US\" \/>\n<meta property=\"og:type\" content=\"article\" \/>\n<meta property=\"og:title\" content=\"Ndalohet i k\u00ebrkuari n\u00eb Muriqan, pritet ekstradimi i tij n\u00eb Kosov\u00eb - Kosova Times\" \/>\n<meta property=\"og:description\" content=\"Sh\u00ebrbimet e Policis\u00eb Kufitare n\u00eb Pik\u00ebn e Kalimit Kufitar Muriqan kan\u00eb arrestuar me q\u00ebllim ekstradimin n\u00eb Kosov\u00eb nj\u00eb 23-vje\u00e7ar t\u00eb shpallur n\u00eb k\u00ebrkim nd\u00ebrkomb\u00ebtar p\u00ebr vepra q\u00eb lidhen me narkotik\u00ebt. Sipas njoftimit zyrtar, gjat\u00eb kontrolleve t\u00eb shtuara n\u00eb dalje t\u00eb Republik\u00ebs s\u00eb Shqip\u00ebris\u00eb dhe fal\u00eb shk\u00ebmbimit t\u00eb informacionit me Interpol Tiran\u00ebn, u b\u00eb i mundur [&hellip;]\" \/>\n<meta property=\"og:url\" content=\"https:\/\/kosovatimes.info\/index.php\/2026\/05\/03\/ndalohet-i-kerkuari-ne-muriqan-pritet-ekstradimi-i-tij-ne-kosove\/\" \/>\n<meta property=\"og:site_name\" content=\"Kosova Times\" \/>\n<meta property=\"article:published_time\" content=\"2026-05-03T10:40:00+00:00\" \/>\n<meta property=\"article:modified_time\" content=\"2026-05-03T11:29:58+00:00\" \/>\n<meta property=\"og:image\" content=\"https:\/\/kosovatimes.info\/wp-content\/uploads\/2026\/05\/Muriqan.jpg\" \/>\n\t<meta property=\"og:image:width\" content=\"780\" \/>\n\t<meta property=\"og:image:height\" content=\"500\" \/>\n\t<meta property=\"og:image:type\" content=\"image\/jpeg\" \/>\n<meta name=\"author\" content=\"i l\" \/>\n<meta name=\"twitter:card\" content=\"summary_large_image\" \/>\n<meta name=\"twitter:label1\" content=\"Written by\" \/>\n\t<meta name=\"twitter:data1\" content=\"i l\" \/>\n\t<meta name=\"twitter:label2\" content=\"Est. reading time\" \/>\n\t<meta name=\"twitter:data2\" content=\"1 minute\" \/>\n<script type=\"application\/ld+json\" class=\"yoast-schema-graph\">{\"@context\":\"https:\\\/\\\/schema.org\",\"@graph\":[{\"@type\":\"Article\",\"@id\":\"https:\\\/\\\/kosovatimes.info\\\/index.php\\\/2026\\\/05\\\/03\\\/ndalohet-i-kerkuari-ne-muriqan-pritet-ekstradimi-i-tij-ne-kosove\\\/#article\",\"isPartOf\":{\"@id\":\"https:\\\/\\\/kosovatimes.info\\\/index.php\\\/2026\\\/05\\\/03\\\/ndalohet-i-kerkuari-ne-muriqan-pritet-ekstradimi-i-tij-ne-kosove\\\/\"},\"author\":{\"name\":\"i l\",\"@id\":\"https:\\\/\\\/kosovatimes.info\\\/#\\\/schema\\\/person\\\/7586712b9c512fe68085de007378c915\"},\"headline\":\"Ndalohet i k\u00ebrkuari n\u00eb Muriqan, pritet ekstradimi i tij n\u00eb Kosov\u00eb\",\"datePublished\":\"2026-05-03T10:40:00+00:00\",\"dateModified\":\"2026-05-03T11:29:58+00:00\",\"mainEntityOfPage\":{\"@id\":\"https:\\\/\\\/kosovatimes.info\\\/index.php\\\/2026\\\/05\\\/03\\\/ndalohet-i-kerkuari-ne-muriqan-pritet-ekstradimi-i-tij-ne-kosove\\\/\"},\"wordCount\":166,\"commentCount\":0,\"image\":{\"@id\":\"https:\\\/\\\/kosovatimes.info\\\/index.php\\\/2026\\\/05\\\/03\\\/ndalohet-i-kerkuari-ne-muriqan-pritet-ekstradimi-i-tij-ne-kosove\\\/#primaryimage\"},\"thumbnailUrl\":\"https:\\\/\\\/kosovatimes.info\\\/wp-content\\\/uploads\\\/2026\\\/05\\\/Muriqan.jpg\",\"articleSection\":[\"Kosov\u00eb\",\"Lajme\"],\"inLanguage\":\"en-US\",\"potentialAction\":[{\"@type\":\"CommentAction\",\"name\":\"Comment\",\"target\":[\"https:\\\/\\\/kosovatimes.info\\\/index.php\\\/2026\\\/05\\\/03\\\/ndalohet-i-kerkuari-ne-muriqan-pritet-ekstradimi-i-tij-ne-kosove\\\/#respond\"]}]},{\"@type\":\"WebPage\",\"@id\":\"https:\\\/\\\/kosovatimes.info\\\/index.php\\\/2026\\\/05\\\/03\\\/ndalohet-i-kerkuari-ne-muriqan-pritet-ekstradimi-i-tij-ne-kosove\\\/\",\"url\":\"https:\\\/\\\/kosovatimes.info\\\/index.php\\\/2026\\\/05\\\/03\\\/ndalohet-i-kerkuari-ne-muriqan-pritet-ekstradimi-i-tij-ne-kosove\\\/\",\"name\":\"Ndalohet i k\u00ebrkuari n\u00eb Muriqan, pritet ekstradimi i tij n\u00eb Kosov\u00eb - Kosova Times\",\"isPartOf\":{\"@id\":\"https:\\\/\\\/kosovatimes.info\\\/#website\"},\"primaryImageOfPage\":{\"@id\":\"https:\\\/\\\/kosovatimes.info\\\/index.php\\\/2026\\\/05\\\/03\\\/ndalohet-i-kerkuari-ne-muriqan-pritet-ekstradimi-i-tij-ne-kosove\\\/#primaryimage\"},\"image\":{\"@id\":\"https:\\\/\\\/kosovatimes.info\\\/index.php\\\/2026\\\/05\\\/03\\\/ndalohet-i-kerkuari-ne-muriqan-pritet-ekstradimi-i-tij-ne-kosove\\\/#primaryimage\"},\"thumbnailUrl\":\"https:\\\/\\\/kosovatimes.info\\\/wp-content\\\/uploads\\\/2026\\\/05\\\/Muriqan.jpg\",\"datePublished\":\"2026-05-03T10:40:00+00:00\",\"dateModified\":\"2026-05-03T11:29:58+00:00\",\"author\":{\"@id\":\"https:\\\/\\\/kosovatimes.info\\\/#\\\/schema\\\/person\\\/7586712b9c512fe68085de007378c915\"},\"breadcrumb\":{\"@id\":\"https:\\\/\\\/kosovatimes.info\\\/index.php\\\/2026\\\/05\\\/03\\\/ndalohet-i-kerkuari-ne-muriqan-pritet-ekstradimi-i-tij-ne-kosove\\\/#breadcrumb\"},\"inLanguage\":\"en-US\",\"potentialAction\":[{\"@type\":\"ReadAction\",\"target\":[\"https:\\\/\\\/kosovatimes.info\\\/index.php\\\/2026\\\/05\\\/03\\\/ndalohet-i-kerkuari-ne-muriqan-pritet-ekstradimi-i-tij-ne-kosove\\\/\"]}]},{\"@type\":\"ImageObject\",\"inLanguage\":\"en-US\",\"@id\":\"https:\\\/\\\/kosovatimes.info\\\/index.php\\\/2026\\\/05\\\/03\\\/ndalohet-i-kerkuari-ne-muriqan-pritet-ekstradimi-i-tij-ne-kosove\\\/#primaryimage\",\"url\":\"https:\\\/\\\/kosovatimes.info\\\/wp-content\\\/uploads\\\/2026\\\/05\\\/Muriqan.jpg\",\"contentUrl\":\"https:\\\/\\\/kosovatimes.info\\\/wp-content\\\/uploads\\\/2026\\\/05\\\/Muriqan.jpg\",\"width\":780,\"height\":500},{\"@type\":\"BreadcrumbList\",\"@id\":\"https:\\\/\\\/kosovatimes.info\\\/index.php\\\/2026\\\/05\\\/03\\\/ndalohet-i-kerkuari-ne-muriqan-pritet-ekstradimi-i-tij-ne-kosove\\\/#breadcrumb\",\"itemListElement\":[{\"@type\":\"ListItem\",\"position\":1,\"name\":\"Home\",\"item\":\"https:\\\/\\\/kosovatimes.info\\\/\"},{\"@type\":\"ListItem\",\"position\":2,\"name\":\"Ndalohet i k\u00ebrkuari n\u00eb Muriqan, pritet ekstradimi i tij n\u00eb Kosov\u00eb\"}]},{\"@type\":\"WebSite\",\"@id\":\"https:\\\/\\\/kosovatimes.info\\\/#website\",\"url\":\"https:\\\/\\\/kosovatimes.info\\\/\",\"name\":\"Kosova Times\",\"description\":\"\",\"potentialAction\":[{\"@type\":\"SearchAction\",\"target\":{\"@type\":\"EntryPoint\",\"urlTemplate\":\"https:\\\/\\\/kosovatimes.info\\\/?s={search_term_string}\"},\"query-input\":{\"@type\":\"PropertyValueSpecification\",\"valueRequired\":true,\"valueName\":\"search_term_string\"}}],\"inLanguage\":\"en-US\"},{\"@type\":\"Person\",\"@id\":\"https:\\\/\\\/kosovatimes.info\\\/#\\\/schema\\\/person\\\/7586712b9c512fe68085de007378c915\",\"name\":\"i l\",\"image\":{\"@type\":\"ImageObject\",\"inLanguage\":\"en-US\",\"@id\":\"https:\\\/\\\/secure.gravatar.com\\\/avatar\\\/bad9296e02816160ae2e2435beda58222022298d5625d49fea74d18816fbb31d?s=96&d=mm&r=g\",\"url\":\"https:\\\/\\\/secure.gravatar.com\\\/avatar\\\/bad9296e02816160ae2e2435beda58222022298d5625d49fea74d18816fbb31d?s=96&d=mm&r=g\",\"contentUrl\":\"https:\\\/\\\/secure.gravatar.com\\\/avatar\\\/bad9296e02816160ae2e2435beda58222022298d5625d49fea74d18816fbb31d?s=96&d=mm&r=g\",\"caption\":\"i l\"},\"url\":\"https:\\\/\\\/kosovatimes.info\\\/index.php\\\/author\\\/iliri\\\/\"}]}<\/script>\n<!-- \/ Yoast SEO plugin. -->","yoast_head_json":{"title":"Ndalohet i k\u00ebrkuari n\u00eb Muriqan, pritet ekstradimi i tij n\u00eb Kosov\u00eb - Kosova Times","robots":{"index":"index","follow":"follow","max-snippet":"max-snippet:-1","max-image-preview":"max-image-preview:large","max-video-preview":"max-video-preview:-1"},"canonical":"https:\/\/kosovatimes.info\/index.php\/2026\/05\/03\/ndalohet-i-kerkuari-ne-muriqan-pritet-ekstradimi-i-tij-ne-kosove\/","og_locale":"en_US","og_type":"article","og_title":"Ndalohet i k\u00ebrkuari n\u00eb Muriqan, pritet ekstradimi i tij n\u00eb Kosov\u00eb - Kosova Times","og_description":"Sh\u00ebrbimet e Policis\u00eb Kufitare n\u00eb Pik\u00ebn e Kalimit Kufitar Muriqan kan\u00eb arrestuar me q\u00ebllim ekstradimin n\u00eb Kosov\u00eb nj\u00eb 23-vje\u00e7ar t\u00eb shpallur n\u00eb k\u00ebrkim nd\u00ebrkomb\u00ebtar p\u00ebr vepra q\u00eb lidhen me narkotik\u00ebt. Sipas njoftimit zyrtar, gjat\u00eb kontrolleve t\u00eb shtuara n\u00eb dalje t\u00eb Republik\u00ebs s\u00eb Shqip\u00ebris\u00eb dhe fal\u00eb shk\u00ebmbimit t\u00eb informacionit me Interpol Tiran\u00ebn, u b\u00eb i mundur [&hellip;]","og_url":"https:\/\/kosovatimes.info\/index.php\/2026\/05\/03\/ndalohet-i-kerkuari-ne-muriqan-pritet-ekstradimi-i-tij-ne-kosove\/","og_site_name":"Kosova Times","article_published_time":"2026-05-03T10:40:00+00:00","article_modified_time":"2026-05-03T11:29:58+00:00","og_image":[{"width":780,"height":500,"url":"https:\/\/kosovatimes.info\/wp-content\/uploads\/2026\/05\/Muriqan.jpg","type":"image\/jpeg"}],"author":"i l","twitter_card":"summary_large_image","twitter_misc":{"Written by":"i l","Est. reading time":"1 minute"},"schema":{"@context":"https:\/\/schema.org","@graph":[{"@type":"Article","@id":"https:\/\/kosovatimes.info\/index.php\/2026\/05\/03\/ndalohet-i-kerkuari-ne-muriqan-pritet-ekstradimi-i-tij-ne-kosove\/#article","isPartOf":{"@id":"https:\/\/kosovatimes.info\/index.php\/2026\/05\/03\/ndalohet-i-kerkuari-ne-muriqan-pritet-ekstradimi-i-tij-ne-kosove\/"},"author":{"name":"i l","@id":"https:\/\/kosovatimes.info\/#\/schema\/person\/7586712b9c512fe68085de007378c915"},"headline":"Ndalohet i k\u00ebrkuari n\u00eb Muriqan, pritet ekstradimi i tij n\u00eb Kosov\u00eb","datePublished":"2026-05-03T10:40:00+00:00","dateModified":"2026-05-03T11:29:58+00:00","mainEntityOfPage":{"@id":"https:\/\/kosovatimes.info\/index.php\/2026\/05\/03\/ndalohet-i-kerkuari-ne-muriqan-pritet-ekstradimi-i-tij-ne-kosove\/"},"wordCount":166,"commentCount":0,"image":{"@id":"https:\/\/kosovatimes.info\/index.php\/2026\/05\/03\/ndalohet-i-kerkuari-ne-muriqan-pritet-ekstradimi-i-tij-ne-kosove\/#primaryimage"},"thumbnailUrl":"https:\/\/kosovatimes.info\/wp-content\/uploads\/2026\/05\/Muriqan.jpg","articleSection":["Kosov\u00eb","Lajme"],"inLanguage":"en-US","potentialAction":[{"@type":"CommentAction","name":"Comment","target":["https:\/\/kosovatimes.info\/index.php\/2026\/05\/03\/ndalohet-i-kerkuari-ne-muriqan-pritet-ekstradimi-i-tij-ne-kosove\/#respond"]}]},{"@type":"WebPage","@id":"https:\/\/kosovatimes.info\/index.php\/2026\/05\/03\/ndalohet-i-kerkuari-ne-muriqan-pritet-ekstradimi-i-tij-ne-kosove\/","url":"https:\/\/kosovatimes.info\/index.php\/2026\/05\/03\/ndalohet-i-kerkuari-ne-muriqan-pritet-ekstradimi-i-tij-ne-kosove\/","name":"Ndalohet i k\u00ebrkuari n\u00eb Muriqan, pritet ekstradimi i tij n\u00eb Kosov\u00eb - Kosova Times","isPartOf":{"@id":"https:\/\/kosovatimes.info\/#website"},"primaryImageOfPage":{"@id":"https:\/\/kosovatimes.info\/index.php\/2026\/05\/03\/ndalohet-i-kerkuari-ne-muriqan-pritet-ekstradimi-i-tij-ne-kosove\/#primaryimage"},"image":{"@id":"https:\/\/kosovatimes.info\/index.php\/2026\/05\/03\/ndalohet-i-kerkuari-ne-muriqan-pritet-ekstradimi-i-tij-ne-kosove\/#primaryimage"},"thumbnailUrl":"https:\/\/kosovatimes.info\/wp-content\/uploads\/2026\/05\/Muriqan.jpg","datePublished":"2026-05-03T10:40:00+00:00","dateModified":"2026-05-03T11:29:58+00:00","author":{"@id":"https:\/\/kosovatimes.info\/#\/schema\/person\/7586712b9c512fe68085de007378c915"},"breadcrumb":{"@id":"https:\/\/kosovatimes.info\/index.php\/2026\/05\/03\/ndalohet-i-kerkuari-ne-muriqan-pritet-ekstradimi-i-tij-ne-kosove\/#breadcrumb"},"inLanguage":"en-US","potentialAction":[{"@type":"ReadAction","target":["https:\/\/kosovatimes.info\/index.php\/2026\/05\/03\/ndalohet-i-kerkuari-ne-muriqan-pritet-ekstradimi-i-tij-ne-kosove\/"]}]},{"@type":"ImageObject","inLanguage":"en-US","@id":"https:\/\/kosovatimes.info\/index.php\/2026\/05\/03\/ndalohet-i-kerkuari-ne-muriqan-pritet-ekstradimi-i-tij-ne-kosove\/#primaryimage","url":"https:\/\/kosovatimes.info\/wp-content\/uploads\/2026\/05\/Muriqan.jpg","contentUrl":"https:\/\/kosovatimes.info\/wp-content\/uploads\/2026\/05\/Muriqan.jpg","width":780,"height":500},{"@type":"BreadcrumbList","@id":"https:\/\/kosovatimes.info\/index.php\/2026\/05\/03\/ndalohet-i-kerkuari-ne-muriqan-pritet-ekstradimi-i-tij-ne-kosove\/#breadcrumb","itemListElement":[{"@type":"ListItem","position":1,"name":"Home","item":"https:\/\/kosovatimes.info\/"},{"@type":"ListItem","position":2,"name":"Ndalohet i k\u00ebrkuari n\u00eb Muriqan, pritet ekstradimi i tij n\u00eb Kosov\u00eb"}]},{"@type":"WebSite","@id":"https:\/\/kosovatimes.info\/#website","url":"https:\/\/kosovatimes.info\/","name":"Kosova Times","description":"","potentialAction":[{"@type":"SearchAction","target":{"@type":"EntryPoint","urlTemplate":"https:\/\/kosovatimes.info\/?s={search_term_string}"},"query-input":{"@type":"PropertyValueSpecification","valueRequired":true,"valueName":"search_term_string"}}],"inLanguage":"en-US"},{"@type":"Person","@id":"https:\/\/kosovatimes.info\/#\/schema\/person\/7586712b9c512fe68085de007378c915","name":"i l","image":{"@type":"ImageObject","inLanguage":"en-US","@id":"https:\/\/secure.gravatar.com\/avatar\/bad9296e02816160ae2e2435beda58222022298d5625d49fea74d18816fbb31d?s=96&d=mm&r=g","url":"https:\/\/secure.gravatar.com\/avatar\/bad9296e02816160ae2e2435beda58222022298d5625d49fea74d18816fbb31d?s=96&d=mm&r=g","contentUrl":"https:\/\/secure.gravatar.com\/avatar\/bad9296e02816160ae2e2435beda58222022298d5625d49fea74d18816fbb31d?s=96&d=mm&r=g","caption":"i l"},"url":"https:\/\/kosovatimes.info\/index.php\/author\/iliri\/"}]}},"_links":{"self":[{"href":"https:\/\/kosovatimes.info\/index.php\/wp-json\/wp\/v2\/posts\/13225","targetHints":{"allow":["GET"]}}],"collection":[{"href":"https:\/\/kosovatimes.info\/index.php\/wp-json\/wp\/v2\/posts"}],"about":[{"href":"https:\/\/kosovatimes.info\/index.php\/wp-json\/wp\/v2\/types\/post"}],"author":[{"embeddable":true,"href":"https:\/\/kosovatimes.info\/index.php\/wp-json\/wp\/v2\/users\/4"}],"replies":[{"embeddable":true,"href":"https:\/\/kosovatimes.info\/index.php\/wp-json\/wp\/v2\/comments?post=13225"}],"version-history":[{"count":1,"href":"https:\/\/kosovatimes.info\/index.php\/wp-json\/wp\/v2\/posts\/13225\/revisions"}],"predecessor-version":[{"id":13227,"href":"https:\/\/kosovatimes.info\/index.php\/wp-json\/wp\/v2\/posts\/13225\/revisions\/13227"}],"wp:featuredmedia":[{"embeddable":true,"href":"https:\/\/kosovatimes.info\/index.php\/wp-json\/wp\/v2\/media\/13226"}],"wp:attachment":[{"href":"https:\/\/kosovatimes.info\/index.php\/wp-json\/wp\/v2\/media?parent=13225"}],"wp:term":[{"taxonomy":"category","embeddable":true,"href":"https:\/\/kosovatimes.info\/index.php\/wp-json\/wp\/v2\/categories?post=13225"},{"taxonomy":"post_tag","embeddable":true,"href":"https:\/\/kosovatimes.info\/index.php\/wp-json\/wp\/v2\/tags?post=13225"}],"curies":[{"name":"wp","href":"https:\/\/api.w.org\/{rel}","templated":true}]}}