{"id":20789,"date":"2026-06-18T10:48:00","date_gmt":"2026-06-18T08:48:00","guid":{"rendered":"https:\/\/kosovatimes.info\/?p=20789"},"modified":"2026-06-18T13:24:50","modified_gmt":"2026-06-18T11:24:50","slug":"bogujevci-me-homologen-malazeze-ne-fokus-bashkepunimi-kulturor","status":"publish","type":"post","link":"https:\/\/kosovatimes.info\/index.php\/2026\/06\/18\/bogujevci-me-homologen-malazeze-ne-fokus-bashkepunimi-kulturor\/","title":{"rendered":"Bogujevci me homologen malazeze, n\u00eb fokus bashk\u00ebpunimi kulturor"},"content":{"rendered":"\n<p class=\"wp-block-paragraph\"><a target=\"_blank\" href=\"https:\/\/www.linkedin.com\/shareArticle?mini=true&amp;url=https%3A%2F%2Fwww.rtklive.com%2Fsq%2Fnews-single.php%3FID%3D727179\" rel=\"noreferrer noopener\"><\/a><\/p>\n\n\n\n<h2 class=\"wp-block-heading\"><strong>Ministrja n\u00eb detyr\u00eb e Kultur\u00ebs dhe Turizmit n\u00eb Kosov\u00eb, Saranda Bogujevci, ka zhvilluar nj\u00eb takim me ministren e Kultur\u00ebs s\u00eb Malit t\u00eb Zi, Tamara Vujovi\u0107, n\u00eb prag t\u00eb Forumit p\u00ebr Ekonomin\u00eb Kreative q\u00eb mbahet n\u00eb kuad\u00ebr t\u00eb Procesit t\u00eb Berlinit.<\/strong><\/h2>\n\n\n\n<p class=\"wp-block-paragraph\">Bogujevci theksoi se gjat\u00eb takimit \u00ebsht\u00eb diskutuar p\u00ebr mund\u00ebsit\u00eb e forcimit t\u00eb bashk\u00ebpunimit kulturor nd\u00ebrmjet Kosov\u00ebs dhe Malit t\u00eb Zi, me fokus n\u00eb kultur\u00eb, trash\u00ebgimi kulturore dhe industri kreative.<\/p>\n\n\n\n<p class=\"wp-block-paragraph\">Sipas saj, nj\u00eb pjes\u00eb e r\u00ebnd\u00ebsishme e bised\u00ebs i \u00ebsht\u00eb kushtuar krijimit t\u00eb lidhjeve m\u00eb t\u00eb forta institucionale, t\u00eb cilat do t\u00eb mund\u00ebsonin shk\u00ebmbimin e p\u00ebrvojave, realizimin e projekteve t\u00eb p\u00ebrbashk\u00ebta dhe mb\u00ebshtetjen e artist\u00ebve dhe profesionist\u00ebve t\u00eb kultur\u00ebs n\u00eb t\u00eb dy vendet.<\/p>\n\n\n\n<p class=\"wp-block-paragraph\">Bogujevci theksoi se bashk\u00ebpunimi rajonal n\u00eb fush\u00ebn e kultur\u00ebs mbetet nj\u00eb element i r\u00ebnd\u00ebsish\u00ebm p\u00ebr zhvillimin e sektorit kreativ dhe promovimin e vlerave kulturore n\u00eb rajon.<\/p>\n\n\n\n<p class=\"wp-block-paragraph\"><a href=\"https:\/\/www.facebook.com\/plugins\/post.php?href=https%3A%2F%2Fwww.facebook.com%2Fphoto.php%3Ffbid%3D1333592945530792%26set%3Da.1277580954465325%26type%3D3&amp;show_text=true&amp;width=500\">https:\/\/www.facebook.com\/plugins\/post.php?href=https%3A%2F%2Fwww.facebook.com%2Fphoto.php%3Ffbid%3D1333592945530792%26set%3Da.1277580954465325%26type%3D3&amp;show_text=true&amp;width=500<\/a><\/p>\n","protected":false},"excerpt":{"rendered":"<p>Ministrja n\u00eb detyr\u00eb e Kultur\u00ebs dhe Turizmit n\u00eb Kosov\u00eb, Saranda Bogujevci, ka zhvilluar nj\u00eb takim me ministren e Kultur\u00ebs s\u00eb Malit t\u00eb Zi, Tamara Vujovi\u0107, n\u00eb prag t\u00eb Forumit p\u00ebr Ekonomin\u00eb Kreative q\u00eb mbahet n\u00eb kuad\u00ebr t\u00eb Procesit t\u00eb Berlinit. Bogujevci theksoi se gjat\u00eb takimit \u00ebsht\u00eb diskutuar p\u00ebr mund\u00ebsit\u00eb e forcimit t\u00eb bashk\u00ebpunimit kulturor nd\u00ebrmjet [&hellip;]<\/p>\n","protected":false},"author":4,"featured_media":20790,"comment_status":"open","ping_status":"open","sticky":false,"template":"","format":"standard","meta":{"footnotes":""},"categories":[31,30],"tags":[],"class_list":["post-20789","post","type-post","status-publish","format-standard","has-post-thumbnail","category-kosove","category-lajme"],"yoast_head":"<!-- This site is optimized with the Yoast SEO plugin v27.4 - https:\/\/yoast.com\/product\/yoast-seo-wordpress\/ -->\n<title>Bogujevci me homologen malazeze, n\u00eb fokus bashk\u00ebpunimi kulturor - Kosova Times<\/title>\n<meta name=\"robots\" content=\"index, follow, max-snippet:-1, max-image-preview:large, max-video-preview:-1\" \/>\n<link rel=\"canonical\" href=\"https:\/\/kosovatimes.info\/index.php\/2026\/06\/18\/bogujevci-me-homologen-malazeze-ne-fokus-bashkepunimi-kulturor\/\" \/>\n<meta property=\"og:locale\" content=\"en_US\" \/>\n<meta property=\"og:type\" content=\"article\" \/>\n<meta property=\"og:title\" content=\"Bogujevci me homologen malazeze, n\u00eb fokus bashk\u00ebpunimi kulturor - Kosova Times\" \/>\n<meta property=\"og:description\" content=\"Ministrja n\u00eb detyr\u00eb e Kultur\u00ebs dhe Turizmit n\u00eb Kosov\u00eb, Saranda Bogujevci, ka zhvilluar nj\u00eb takim me ministren e Kultur\u00ebs s\u00eb Malit t\u00eb Zi, Tamara Vujovi\u0107, n\u00eb prag t\u00eb Forumit p\u00ebr Ekonomin\u00eb Kreative q\u00eb mbahet n\u00eb kuad\u00ebr t\u00eb Procesit t\u00eb Berlinit. Bogujevci theksoi se gjat\u00eb takimit \u00ebsht\u00eb diskutuar p\u00ebr mund\u00ebsit\u00eb e forcimit t\u00eb bashk\u00ebpunimit kulturor nd\u00ebrmjet [&hellip;]\" \/>\n<meta property=\"og:url\" content=\"https:\/\/kosovatimes.info\/index.php\/2026\/06\/18\/bogujevci-me-homologen-malazeze-ne-fokus-bashkepunimi-kulturor\/\" \/>\n<meta property=\"og:site_name\" content=\"Kosova Times\" \/>\n<meta property=\"article:published_time\" content=\"2026-06-18T08:48:00+00:00\" \/>\n<meta property=\"article:modified_time\" content=\"2026-06-18T11:24:50+00:00\" \/>\n<meta property=\"og:image\" content=\"https:\/\/kosovatimes.info\/wp-content\/uploads\/2026\/06\/Bogujevc.jpg\" \/>\n\t<meta property=\"og:image:width\" content=\"780\" \/>\n\t<meta property=\"og:image:height\" content=\"500\" \/>\n\t<meta property=\"og:image:type\" content=\"image\/jpeg\" \/>\n<meta name=\"author\" content=\"i l\" \/>\n<meta name=\"twitter:card\" content=\"summary_large_image\" \/>\n<meta name=\"twitter:label1\" content=\"Written by\" \/>\n\t<meta name=\"twitter:data1\" content=\"i l\" \/>\n\t<meta name=\"twitter:label2\" content=\"Est. reading time\" \/>\n\t<meta name=\"twitter:data2\" content=\"1 minute\" \/>\n<script type=\"application\/ld+json\" class=\"yoast-schema-graph\">{\"@context\":\"https:\\\/\\\/schema.org\",\"@graph\":[{\"@type\":\"Article\",\"@id\":\"https:\\\/\\\/kosovatimes.info\\\/index.php\\\/2026\\\/06\\\/18\\\/bogujevci-me-homologen-malazeze-ne-fokus-bashkepunimi-kulturor\\\/#article\",\"isPartOf\":{\"@id\":\"https:\\\/\\\/kosovatimes.info\\\/index.php\\\/2026\\\/06\\\/18\\\/bogujevci-me-homologen-malazeze-ne-fokus-bashkepunimi-kulturor\\\/\"},\"author\":{\"name\":\"i l\",\"@id\":\"https:\\\/\\\/kosovatimes.info\\\/#\\\/schema\\\/person\\\/7586712b9c512fe68085de007378c915\"},\"headline\":\"Bogujevci me homologen malazeze, n\u00eb fokus bashk\u00ebpunimi kulturor\",\"datePublished\":\"2026-06-18T08:48:00+00:00\",\"dateModified\":\"2026-06-18T11:24:50+00:00\",\"mainEntityOfPage\":{\"@id\":\"https:\\\/\\\/kosovatimes.info\\\/index.php\\\/2026\\\/06\\\/18\\\/bogujevci-me-homologen-malazeze-ne-fokus-bashkepunimi-kulturor\\\/\"},\"wordCount\":204,\"commentCount\":0,\"image\":{\"@id\":\"https:\\\/\\\/kosovatimes.info\\\/index.php\\\/2026\\\/06\\\/18\\\/bogujevci-me-homologen-malazeze-ne-fokus-bashkepunimi-kulturor\\\/#primaryimage\"},\"thumbnailUrl\":\"https:\\\/\\\/kosovatimes.info\\\/wp-content\\\/uploads\\\/2026\\\/06\\\/Bogujevc.jpg\",\"articleSection\":[\"Kosov\u00eb\",\"Lajme\"],\"inLanguage\":\"en-US\",\"potentialAction\":[{\"@type\":\"CommentAction\",\"name\":\"Comment\",\"target\":[\"https:\\\/\\\/kosovatimes.info\\\/index.php\\\/2026\\\/06\\\/18\\\/bogujevci-me-homologen-malazeze-ne-fokus-bashkepunimi-kulturor\\\/#respond\"]}]},{\"@type\":\"WebPage\",\"@id\":\"https:\\\/\\\/kosovatimes.info\\\/index.php\\\/2026\\\/06\\\/18\\\/bogujevci-me-homologen-malazeze-ne-fokus-bashkepunimi-kulturor\\\/\",\"url\":\"https:\\\/\\\/kosovatimes.info\\\/index.php\\\/2026\\\/06\\\/18\\\/bogujevci-me-homologen-malazeze-ne-fokus-bashkepunimi-kulturor\\\/\",\"name\":\"Bogujevci me homologen malazeze, n\u00eb fokus bashk\u00ebpunimi kulturor - Kosova Times\",\"isPartOf\":{\"@id\":\"https:\\\/\\\/kosovatimes.info\\\/#website\"},\"primaryImageOfPage\":{\"@id\":\"https:\\\/\\\/kosovatimes.info\\\/index.php\\\/2026\\\/06\\\/18\\\/bogujevci-me-homologen-malazeze-ne-fokus-bashkepunimi-kulturor\\\/#primaryimage\"},\"image\":{\"@id\":\"https:\\\/\\\/kosovatimes.info\\\/index.php\\\/2026\\\/06\\\/18\\\/bogujevci-me-homologen-malazeze-ne-fokus-bashkepunimi-kulturor\\\/#primaryimage\"},\"thumbnailUrl\":\"https:\\\/\\\/kosovatimes.info\\\/wp-content\\\/uploads\\\/2026\\\/06\\\/Bogujevc.jpg\",\"datePublished\":\"2026-06-18T08:48:00+00:00\",\"dateModified\":\"2026-06-18T11:24:50+00:00\",\"author\":{\"@id\":\"https:\\\/\\\/kosovatimes.info\\\/#\\\/schema\\\/person\\\/7586712b9c512fe68085de007378c915\"},\"breadcrumb\":{\"@id\":\"https:\\\/\\\/kosovatimes.info\\\/index.php\\\/2026\\\/06\\\/18\\\/bogujevci-me-homologen-malazeze-ne-fokus-bashkepunimi-kulturor\\\/#breadcrumb\"},\"inLanguage\":\"en-US\",\"potentialAction\":[{\"@type\":\"ReadAction\",\"target\":[\"https:\\\/\\\/kosovatimes.info\\\/index.php\\\/2026\\\/06\\\/18\\\/bogujevci-me-homologen-malazeze-ne-fokus-bashkepunimi-kulturor\\\/\"]}]},{\"@type\":\"ImageObject\",\"inLanguage\":\"en-US\",\"@id\":\"https:\\\/\\\/kosovatimes.info\\\/index.php\\\/2026\\\/06\\\/18\\\/bogujevci-me-homologen-malazeze-ne-fokus-bashkepunimi-kulturor\\\/#primaryimage\",\"url\":\"https:\\\/\\\/kosovatimes.info\\\/wp-content\\\/uploads\\\/2026\\\/06\\\/Bogujevc.jpg\",\"contentUrl\":\"https:\\\/\\\/kosovatimes.info\\\/wp-content\\\/uploads\\\/2026\\\/06\\\/Bogujevc.jpg\",\"width\":780,\"height\":500},{\"@type\":\"BreadcrumbList\",\"@id\":\"https:\\\/\\\/kosovatimes.info\\\/index.php\\\/2026\\\/06\\\/18\\\/bogujevci-me-homologen-malazeze-ne-fokus-bashkepunimi-kulturor\\\/#breadcrumb\",\"itemListElement\":[{\"@type\":\"ListItem\",\"position\":1,\"name\":\"Home\",\"item\":\"https:\\\/\\\/kosovatimes.info\\\/\"},{\"@type\":\"ListItem\",\"position\":2,\"name\":\"Bogujevci me homologen malazeze, n\u00eb fokus bashk\u00ebpunimi kulturor\"}]},{\"@type\":\"WebSite\",\"@id\":\"https:\\\/\\\/kosovatimes.info\\\/#website\",\"url\":\"https:\\\/\\\/kosovatimes.info\\\/\",\"name\":\"Kosova Times\",\"description\":\"\",\"potentialAction\":[{\"@type\":\"SearchAction\",\"target\":{\"@type\":\"EntryPoint\",\"urlTemplate\":\"https:\\\/\\\/kosovatimes.info\\\/?s={search_term_string}\"},\"query-input\":{\"@type\":\"PropertyValueSpecification\",\"valueRequired\":true,\"valueName\":\"search_term_string\"}}],\"inLanguage\":\"en-US\"},{\"@type\":\"Person\",\"@id\":\"https:\\\/\\\/kosovatimes.info\\\/#\\\/schema\\\/person\\\/7586712b9c512fe68085de007378c915\",\"name\":\"i l\",\"image\":{\"@type\":\"ImageObject\",\"inLanguage\":\"en-US\",\"@id\":\"https:\\\/\\\/secure.gravatar.com\\\/avatar\\\/bad9296e02816160ae2e2435beda58222022298d5625d49fea74d18816fbb31d?s=96&d=mm&r=g\",\"url\":\"https:\\\/\\\/secure.gravatar.com\\\/avatar\\\/bad9296e02816160ae2e2435beda58222022298d5625d49fea74d18816fbb31d?s=96&d=mm&r=g\",\"contentUrl\":\"https:\\\/\\\/secure.gravatar.com\\\/avatar\\\/bad9296e02816160ae2e2435beda58222022298d5625d49fea74d18816fbb31d?s=96&d=mm&r=g\",\"caption\":\"i l\"},\"url\":\"https:\\\/\\\/kosovatimes.info\\\/index.php\\\/author\\\/iliri\\\/\"}]}<\/script>\n<!-- \/ Yoast SEO plugin. -->","yoast_head_json":{"title":"Bogujevci me homologen malazeze, n\u00eb fokus bashk\u00ebpunimi kulturor - Kosova Times","robots":{"index":"index","follow":"follow","max-snippet":"max-snippet:-1","max-image-preview":"max-image-preview:large","max-video-preview":"max-video-preview:-1"},"canonical":"https:\/\/kosovatimes.info\/index.php\/2026\/06\/18\/bogujevci-me-homologen-malazeze-ne-fokus-bashkepunimi-kulturor\/","og_locale":"en_US","og_type":"article","og_title":"Bogujevci me homologen malazeze, n\u00eb fokus bashk\u00ebpunimi kulturor - Kosova Times","og_description":"Ministrja n\u00eb detyr\u00eb e Kultur\u00ebs dhe Turizmit n\u00eb Kosov\u00eb, Saranda Bogujevci, ka zhvilluar nj\u00eb takim me ministren e Kultur\u00ebs s\u00eb Malit t\u00eb Zi, Tamara Vujovi\u0107, n\u00eb prag t\u00eb Forumit p\u00ebr Ekonomin\u00eb Kreative q\u00eb mbahet n\u00eb kuad\u00ebr t\u00eb Procesit t\u00eb Berlinit. Bogujevci theksoi se gjat\u00eb takimit \u00ebsht\u00eb diskutuar p\u00ebr mund\u00ebsit\u00eb e forcimit t\u00eb bashk\u00ebpunimit kulturor nd\u00ebrmjet [&hellip;]","og_url":"https:\/\/kosovatimes.info\/index.php\/2026\/06\/18\/bogujevci-me-homologen-malazeze-ne-fokus-bashkepunimi-kulturor\/","og_site_name":"Kosova Times","article_published_time":"2026-06-18T08:48:00+00:00","article_modified_time":"2026-06-18T11:24:50+00:00","og_image":[{"width":780,"height":500,"url":"https:\/\/kosovatimes.info\/wp-content\/uploads\/2026\/06\/Bogujevc.jpg","type":"image\/jpeg"}],"author":"i l","twitter_card":"summary_large_image","twitter_misc":{"Written by":"i l","Est. reading time":"1 minute"},"schema":{"@context":"https:\/\/schema.org","@graph":[{"@type":"Article","@id":"https:\/\/kosovatimes.info\/index.php\/2026\/06\/18\/bogujevci-me-homologen-malazeze-ne-fokus-bashkepunimi-kulturor\/#article","isPartOf":{"@id":"https:\/\/kosovatimes.info\/index.php\/2026\/06\/18\/bogujevci-me-homologen-malazeze-ne-fokus-bashkepunimi-kulturor\/"},"author":{"name":"i l","@id":"https:\/\/kosovatimes.info\/#\/schema\/person\/7586712b9c512fe68085de007378c915"},"headline":"Bogujevci me homologen malazeze, n\u00eb fokus bashk\u00ebpunimi kulturor","datePublished":"2026-06-18T08:48:00+00:00","dateModified":"2026-06-18T11:24:50+00:00","mainEntityOfPage":{"@id":"https:\/\/kosovatimes.info\/index.php\/2026\/06\/18\/bogujevci-me-homologen-malazeze-ne-fokus-bashkepunimi-kulturor\/"},"wordCount":204,"commentCount":0,"image":{"@id":"https:\/\/kosovatimes.info\/index.php\/2026\/06\/18\/bogujevci-me-homologen-malazeze-ne-fokus-bashkepunimi-kulturor\/#primaryimage"},"thumbnailUrl":"https:\/\/kosovatimes.info\/wp-content\/uploads\/2026\/06\/Bogujevc.jpg","articleSection":["Kosov\u00eb","Lajme"],"inLanguage":"en-US","potentialAction":[{"@type":"CommentAction","name":"Comment","target":["https:\/\/kosovatimes.info\/index.php\/2026\/06\/18\/bogujevci-me-homologen-malazeze-ne-fokus-bashkepunimi-kulturor\/#respond"]}]},{"@type":"WebPage","@id":"https:\/\/kosovatimes.info\/index.php\/2026\/06\/18\/bogujevci-me-homologen-malazeze-ne-fokus-bashkepunimi-kulturor\/","url":"https:\/\/kosovatimes.info\/index.php\/2026\/06\/18\/bogujevci-me-homologen-malazeze-ne-fokus-bashkepunimi-kulturor\/","name":"Bogujevci me homologen malazeze, n\u00eb fokus bashk\u00ebpunimi kulturor - Kosova Times","isPartOf":{"@id":"https:\/\/kosovatimes.info\/#website"},"primaryImageOfPage":{"@id":"https:\/\/kosovatimes.info\/index.php\/2026\/06\/18\/bogujevci-me-homologen-malazeze-ne-fokus-bashkepunimi-kulturor\/#primaryimage"},"image":{"@id":"https:\/\/kosovatimes.info\/index.php\/2026\/06\/18\/bogujevci-me-homologen-malazeze-ne-fokus-bashkepunimi-kulturor\/#primaryimage"},"thumbnailUrl":"https:\/\/kosovatimes.info\/wp-content\/uploads\/2026\/06\/Bogujevc.jpg","datePublished":"2026-06-18T08:48:00+00:00","dateModified":"2026-06-18T11:24:50+00:00","author":{"@id":"https:\/\/kosovatimes.info\/#\/schema\/person\/7586712b9c512fe68085de007378c915"},"breadcrumb":{"@id":"https:\/\/kosovatimes.info\/index.php\/2026\/06\/18\/bogujevci-me-homologen-malazeze-ne-fokus-bashkepunimi-kulturor\/#breadcrumb"},"inLanguage":"en-US","potentialAction":[{"@type":"ReadAction","target":["https:\/\/kosovatimes.info\/index.php\/2026\/06\/18\/bogujevci-me-homologen-malazeze-ne-fokus-bashkepunimi-kulturor\/"]}]},{"@type":"ImageObject","inLanguage":"en-US","@id":"https:\/\/kosovatimes.info\/index.php\/2026\/06\/18\/bogujevci-me-homologen-malazeze-ne-fokus-bashkepunimi-kulturor\/#primaryimage","url":"https:\/\/kosovatimes.info\/wp-content\/uploads\/2026\/06\/Bogujevc.jpg","contentUrl":"https:\/\/kosovatimes.info\/wp-content\/uploads\/2026\/06\/Bogujevc.jpg","width":780,"height":500},{"@type":"BreadcrumbList","@id":"https:\/\/kosovatimes.info\/index.php\/2026\/06\/18\/bogujevci-me-homologen-malazeze-ne-fokus-bashkepunimi-kulturor\/#breadcrumb","itemListElement":[{"@type":"ListItem","position":1,"name":"Home","item":"https:\/\/kosovatimes.info\/"},{"@type":"ListItem","position":2,"name":"Bogujevci me homologen malazeze, n\u00eb fokus bashk\u00ebpunimi kulturor"}]},{"@type":"WebSite","@id":"https:\/\/kosovatimes.info\/#website","url":"https:\/\/kosovatimes.info\/","name":"Kosova Times","description":"","potentialAction":[{"@type":"SearchAction","target":{"@type":"EntryPoint","urlTemplate":"https:\/\/kosovatimes.info\/?s={search_term_string}"},"query-input":{"@type":"PropertyValueSpecification","valueRequired":true,"valueName":"search_term_string"}}],"inLanguage":"en-US"},{"@type":"Person","@id":"https:\/\/kosovatimes.info\/#\/schema\/person\/7586712b9c512fe68085de007378c915","name":"i l","image":{"@type":"ImageObject","inLanguage":"en-US","@id":"https:\/\/secure.gravatar.com\/avatar\/bad9296e02816160ae2e2435beda58222022298d5625d49fea74d18816fbb31d?s=96&d=mm&r=g","url":"https:\/\/secure.gravatar.com\/avatar\/bad9296e02816160ae2e2435beda58222022298d5625d49fea74d18816fbb31d?s=96&d=mm&r=g","contentUrl":"https:\/\/secure.gravatar.com\/avatar\/bad9296e02816160ae2e2435beda58222022298d5625d49fea74d18816fbb31d?s=96&d=mm&r=g","caption":"i l"},"url":"https:\/\/kosovatimes.info\/index.php\/author\/iliri\/"}]}},"_links":{"self":[{"href":"https:\/\/kosovatimes.info\/index.php\/wp-json\/wp\/v2\/posts\/20789","targetHints":{"allow":["GET"]}}],"collection":[{"href":"https:\/\/kosovatimes.info\/index.php\/wp-json\/wp\/v2\/posts"}],"about":[{"href":"https:\/\/kosovatimes.info\/index.php\/wp-json\/wp\/v2\/types\/post"}],"author":[{"embeddable":true,"href":"https:\/\/kosovatimes.info\/index.php\/wp-json\/wp\/v2\/users\/4"}],"replies":[{"embeddable":true,"href":"https:\/\/kosovatimes.info\/index.php\/wp-json\/wp\/v2\/comments?post=20789"}],"version-history":[{"count":1,"href":"https:\/\/kosovatimes.info\/index.php\/wp-json\/wp\/v2\/posts\/20789\/revisions"}],"predecessor-version":[{"id":20791,"href":"https:\/\/kosovatimes.info\/index.php\/wp-json\/wp\/v2\/posts\/20789\/revisions\/20791"}],"wp:featuredmedia":[{"embeddable":true,"href":"https:\/\/kosovatimes.info\/index.php\/wp-json\/wp\/v2\/media\/20790"}],"wp:attachment":[{"href":"https:\/\/kosovatimes.info\/index.php\/wp-json\/wp\/v2\/media?parent=20789"}],"wp:term":[{"taxonomy":"category","embeddable":true,"href":"https:\/\/kosovatimes.info\/index.php\/wp-json\/wp\/v2\/categories?post=20789"},{"taxonomy":"post_tag","embeddable":true,"href":"https:\/\/kosovatimes.info\/index.php\/wp-json\/wp\/v2\/tags?post=20789"}],"curies":[{"name":"wp","href":"https:\/\/api.w.org\/{rel}","templated":true}]}}