{"id":30028,"date":"2026-08-30T11:14:08","date_gmt":"2026-08-30T09:14:08","guid":{"rendered":"https:\/\/kosovatimes.info\/?p=30028"},"modified":"2026-08-30T11:14:52","modified_gmt":"2026-08-30T09:14:52","slug":"nga-skara-ose-nga-furra-pule-e-pjekur-ne-stilin-afrikan","status":"publish","type":"post","link":"https:\/\/kosovatimes.info\/index.php\/2026\/08\/30\/nga-skara-ose-nga-furra-pule-e-pjekur-ne-stilin-afrikan\/","title":{"rendered":"Nga skara ose nga furra: Pul\u00eb e pjekur n\u00eb stilin afrikan"},"content":{"rendered":"\n<p class=\"wp-block-paragraph\">Pula e er\u00ebzuar me limon, paprik\u00eb, hudh\u00ebr dhe rozmarin\u00eb merr nj\u00eb kore t\u00eb shijshme, leht\u00eb t\u00eb karamelizuar, nd\u00ebrsa mbetet e but\u00eb dhe l\u00ebngshme nga brenda.<\/p>\n\n\n\n<p class=\"wp-block-paragraph\"><strong>Kuku choma<\/strong>\u00a0\u00ebsht\u00eb nj\u00eb pjat\u00eb tradicionale e Afrik\u00ebs Lindore me\u00a0<br><strong>pul\u00eb t\u00eb pjekur n\u00eb skar\u00eb t\u00eb marinuar<\/strong>\u00a0. Pula, e sp\u00ebrkatur me limon, piper t\u00eb kuq, hudh\u00ebr dhe rozmarin\u00eb, merr nj\u00eb kore t\u00eb shijshme, leht\u00eb t\u00eb karamelizuar, nd\u00ebrsa mbetet e but\u00eb dhe l\u00ebngshme nga brenda.<\/p>\n\n\n\n<p class=\"wp-block-paragraph\">Kjo \u00ebsht\u00eb nj\u00eb recet\u00eb e thjesht\u00eb q\u00eb mund ta p\u00ebrgatitni n\u00eb skar\u00eb me qymyr druri,&nbsp;<strong>skar\u00eb elektrike ose n\u00eb furr\u00eb<\/strong>&nbsp;, dhe shkon shum\u00eb mir\u00eb me qull ugali, kachumbari, por edhe me patate &#8220;t\u00eb zakonshme&#8221;, perime t\u00eb pjekura n\u00eb furr\u00eb ose oriz.<\/p>\n\n\n\n<h2 class=\"wp-block-heading\">Pul\u00eb e pjekur n\u00eb stilin afrikan &#8211; p\u00ebrb\u00ebr\u00ebsit:<\/h2>\n\n\n\n<ul class=\"wp-block-list\">\n<li>1 pul\u00eb e t\u00ebr\u00eb, rreth 1.5\u20132 kg<\/li>\n\n\n\n<li>l\u00ebngu dhe l\u00ebkura e grir\u00eb e 1 limoni<\/li>\n\n\n\n<li>2 lug\u00eb gjelle sheqer kafe<\/li>\n\n\n\n<li>2 lug\u00eb gjelle gjalp\u00eb, margarin\u00eb ose vaj ulliri<\/li>\n\n\n\n<li>2 lug\u00eb \u00e7aji piper i kuq i bluar &#8211; i \u00ebmb\u00ebl, i tymosur ose pikant<\/li>\n\n\n\n<li>3-4 thelpinj hudh\u00ebr, t\u00eb grir\u00eb im\u00ebt ose t\u00eb shtypur<\/li>\n\n\n\n<li>1 lug\u00eb \u00e7aji krip\u00eb<\/li>\n\n\n\n<li>\u00bd lug\u00eb \u00e7aji piper i zi<\/li>\n\n\n\n<li>1-2 speca djeg\u00ebs, sipas d\u00ebshir\u00ebs<\/li>\n\n\n\n<li>1 lug\u00eb \u00e7aji rozmarin\u00eb t\u00eb thar\u00eb<\/li>\n<\/ul>\n\n\n\n<h2 class=\"wp-block-heading\">Pul\u00eb e pjekur n\u00eb stilin afrikan &#8211; p\u00ebrgatitja:<\/h2>\n\n\n\n<ol class=\"wp-block-list\">\n<li>Vendoseni t\u00eb gjith\u00eb pul\u00ebn n\u00eb nj\u00eb d\u00ebrras\u00eb prer\u00ebse dhe hiqni shtyll\u00ebn kurrizore. Shp\u00ebrndajeni pul\u00ebn dhe shtypeni leht\u00eb q\u00eb t\u00eb shtrihet sa m\u00eb shum\u00eb t\u00eb jet\u00eb e mundur.<\/li>\n\n\n\n<li>N\u00eb nj\u00eb tas, kombinoni l\u00ebngun e limonit dhe l\u00ebkur\u00ebn e grir\u00eb, sheqerin kaf, gjalpin ose vajin, specin e kuq t\u00eb bluar, hudhr\u00ebn, krip\u00ebn, piperin e zi, specin djeg\u00ebs dhe rozmarin\u00ebn. P\u00ebrziejini mir\u00eb q\u00eb t\u00eb gjith\u00eb p\u00ebrb\u00ebr\u00ebsit t\u00eb kombinohen.<\/li>\n\n\n\n<li>F\u00ebrkoni marinad\u00ebn me boll\u00ebk n\u00eb t\u00eb gjith\u00eb pul\u00ebn, p\u00ebrfshir\u00eb mishin nga posht\u00eb. P\u00ebr shije m\u00eb t\u00eb mir\u00eb, mbulojeni pul\u00ebn dhe vendoseni n\u00eb frigorifer p\u00ebr t\u00eb pakt\u00ebn 2 or\u00eb, idealisht gjat\u00eb gjith\u00eb nat\u00ebs. Para se ta piqni n\u00eb skar\u00eb, hiqeni nga frigoriferi dhe l\u00ebreni t\u00eb q\u00ebndroj\u00eb n\u00eb temperatur\u00eb ambienti p\u00ebr rreth 30 minuta.<\/li>\n\n\n\n<li>Ngroheni skar\u00ebn. Piqeni pul\u00ebn n\u00eb zjarr indirekt, duke e kthyer her\u00eb pas here q\u00eb t\u00eb piqet n\u00eb m\u00ebnyr\u00eb t\u00eb barabart\u00eb nga t\u00eb gjitha an\u00ebt. Koha e gatimit varet nga madh\u00ebsia e pul\u00ebs dhe temperatura e skar\u00ebs. Si udh\u00ebzues, lejoni rreth 15-20 minuta p\u00ebr \u00e7do 500 g pul\u00eb.<\/li>\n\n\n\n<li>N\u00ebse nuk keni skar\u00eb, mund ta piqni pul\u00ebn e marinuar n\u00eb furr\u00eb. Vendoseni n\u00eb nj\u00eb en\u00eb pjekjeje dhe piqeni derisa mishi t\u00eb jet\u00eb gatuar plot\u00ebsisht dhe l\u00ebkura t\u00eb jet\u00eb skuqur bukur.<\/li>\n<\/ol>\n","protected":false},"excerpt":{"rendered":"<p>Pula e er\u00ebzuar me limon, paprik\u00eb, hudh\u00ebr dhe rozmarin\u00eb merr nj\u00eb kore t\u00eb shijshme, leht\u00eb t\u00eb karamelizuar, nd\u00ebrsa mbetet e but\u00eb dhe l\u00ebngshme nga brenda. Kuku choma\u00a0\u00ebsht\u00eb nj\u00eb pjat\u00eb tradicionale e Afrik\u00ebs Lindore me\u00a0pul\u00eb t\u00eb pjekur n\u00eb skar\u00eb t\u00eb marinuar\u00a0. Pula, e sp\u00ebrkatur me limon, piper t\u00eb kuq, hudh\u00ebr dhe rozmarin\u00eb, merr nj\u00eb kore t\u00eb [&hellip;]<\/p>\n","protected":false},"author":4,"featured_media":30029,"comment_status":"open","ping_status":"open","sticky":false,"template":"","format":"standard","meta":{"footnotes":""},"categories":[39],"tags":[],"class_list":["post-30028","post","type-post","status-publish","format-standard","has-post-thumbnail","category-receta"],"yoast_head":"<!-- This site is optimized with the Yoast SEO plugin v27.4 - https:\/\/yoast.com\/product\/yoast-seo-wordpress\/ -->\n<title>Nga skara ose nga furra: Pul\u00eb e pjekur n\u00eb stilin afrikan - Kosova Times<\/title>\n<meta name=\"robots\" content=\"index, follow, max-snippet:-1, max-image-preview:large, max-video-preview:-1\" \/>\n<link rel=\"canonical\" href=\"https:\/\/kosovatimes.info\/index.php\/2026\/08\/30\/nga-skara-ose-nga-furra-pule-e-pjekur-ne-stilin-afrikan\/\" \/>\n<meta property=\"og:locale\" content=\"en_US\" \/>\n<meta property=\"og:type\" content=\"article\" \/>\n<meta property=\"og:title\" content=\"Nga skara ose nga furra: Pul\u00eb e pjekur n\u00eb stilin afrikan - Kosova Times\" \/>\n<meta property=\"og:description\" content=\"Pula e er\u00ebzuar me limon, paprik\u00eb, hudh\u00ebr dhe rozmarin\u00eb merr nj\u00eb kore t\u00eb shijshme, leht\u00eb t\u00eb karamelizuar, nd\u00ebrsa mbetet e but\u00eb dhe l\u00ebngshme nga brenda. Kuku choma\u00a0\u00ebsht\u00eb nj\u00eb pjat\u00eb tradicionale e Afrik\u00ebs Lindore me\u00a0pul\u00eb t\u00eb pjekur n\u00eb skar\u00eb t\u00eb marinuar\u00a0. Pula, e sp\u00ebrkatur me limon, piper t\u00eb kuq, hudh\u00ebr dhe rozmarin\u00eb, merr nj\u00eb kore t\u00eb [&hellip;]\" \/>\n<meta property=\"og:url\" content=\"https:\/\/kosovatimes.info\/index.php\/2026\/08\/30\/nga-skara-ose-nga-furra-pule-e-pjekur-ne-stilin-afrikan\/\" \/>\n<meta property=\"og:site_name\" content=\"Kosova Times\" \/>\n<meta property=\"article:published_time\" content=\"2026-08-30T09:14:08+00:00\" \/>\n<meta property=\"article:modified_time\" content=\"2026-08-30T09:14:52+00:00\" \/>\n<meta property=\"og:image\" content=\"https:\/\/kosovatimes.info\/wp-content\/uploads\/2026\/08\/Pula-1.jpg\" \/>\n\t<meta property=\"og:image:width\" content=\"920\" \/>\n\t<meta property=\"og:image:height\" content=\"695\" \/>\n\t<meta property=\"og:image:type\" content=\"image\/jpeg\" \/>\n<meta name=\"author\" content=\"i l\" \/>\n<meta name=\"twitter:card\" content=\"summary_large_image\" \/>\n<meta name=\"twitter:label1\" content=\"Written by\" \/>\n\t<meta name=\"twitter:data1\" content=\"i l\" \/>\n\t<meta name=\"twitter:label2\" content=\"Est. reading time\" \/>\n\t<meta name=\"twitter:data2\" content=\"2 minutes\" \/>\n<script type=\"application\/ld+json\" class=\"yoast-schema-graph\">{\"@context\":\"https:\\\/\\\/schema.org\",\"@graph\":[{\"@type\":\"Article\",\"@id\":\"https:\\\/\\\/kosovatimes.info\\\/index.php\\\/2026\\\/08\\\/30\\\/nga-skara-ose-nga-furra-pule-e-pjekur-ne-stilin-afrikan\\\/#article\",\"isPartOf\":{\"@id\":\"https:\\\/\\\/kosovatimes.info\\\/index.php\\\/2026\\\/08\\\/30\\\/nga-skara-ose-nga-furra-pule-e-pjekur-ne-stilin-afrikan\\\/\"},\"author\":{\"name\":\"i l\",\"@id\":\"https:\\\/\\\/kosovatimes.info\\\/#\\\/schema\\\/person\\\/7586712b9c512fe68085de007378c915\"},\"headline\":\"Nga skara ose nga furra: Pul\u00eb e pjekur n\u00eb stilin afrikan\",\"datePublished\":\"2026-08-30T09:14:08+00:00\",\"dateModified\":\"2026-08-30T09:14:52+00:00\",\"mainEntityOfPage\":{\"@id\":\"https:\\\/\\\/kosovatimes.info\\\/index.php\\\/2026\\\/08\\\/30\\\/nga-skara-ose-nga-furra-pule-e-pjekur-ne-stilin-afrikan\\\/\"},\"wordCount\":461,\"commentCount\":0,\"image\":{\"@id\":\"https:\\\/\\\/kosovatimes.info\\\/index.php\\\/2026\\\/08\\\/30\\\/nga-skara-ose-nga-furra-pule-e-pjekur-ne-stilin-afrikan\\\/#primaryimage\"},\"thumbnailUrl\":\"https:\\\/\\\/kosovatimes.info\\\/wp-content\\\/uploads\\\/2026\\\/08\\\/Pula-1.jpg\",\"articleSection\":[\"Receta\"],\"inLanguage\":\"en-US\",\"potentialAction\":[{\"@type\":\"CommentAction\",\"name\":\"Comment\",\"target\":[\"https:\\\/\\\/kosovatimes.info\\\/index.php\\\/2026\\\/08\\\/30\\\/nga-skara-ose-nga-furra-pule-e-pjekur-ne-stilin-afrikan\\\/#respond\"]}]},{\"@type\":\"WebPage\",\"@id\":\"https:\\\/\\\/kosovatimes.info\\\/index.php\\\/2026\\\/08\\\/30\\\/nga-skara-ose-nga-furra-pule-e-pjekur-ne-stilin-afrikan\\\/\",\"url\":\"https:\\\/\\\/kosovatimes.info\\\/index.php\\\/2026\\\/08\\\/30\\\/nga-skara-ose-nga-furra-pule-e-pjekur-ne-stilin-afrikan\\\/\",\"name\":\"Nga skara ose nga furra: Pul\u00eb e pjekur n\u00eb stilin afrikan - Kosova Times\",\"isPartOf\":{\"@id\":\"https:\\\/\\\/kosovatimes.info\\\/#website\"},\"primaryImageOfPage\":{\"@id\":\"https:\\\/\\\/kosovatimes.info\\\/index.php\\\/2026\\\/08\\\/30\\\/nga-skara-ose-nga-furra-pule-e-pjekur-ne-stilin-afrikan\\\/#primaryimage\"},\"image\":{\"@id\":\"https:\\\/\\\/kosovatimes.info\\\/index.php\\\/2026\\\/08\\\/30\\\/nga-skara-ose-nga-furra-pule-e-pjekur-ne-stilin-afrikan\\\/#primaryimage\"},\"thumbnailUrl\":\"https:\\\/\\\/kosovatimes.info\\\/wp-content\\\/uploads\\\/2026\\\/08\\\/Pula-1.jpg\",\"datePublished\":\"2026-08-30T09:14:08+00:00\",\"dateModified\":\"2026-08-30T09:14:52+00:00\",\"author\":{\"@id\":\"https:\\\/\\\/kosovatimes.info\\\/#\\\/schema\\\/person\\\/7586712b9c512fe68085de007378c915\"},\"breadcrumb\":{\"@id\":\"https:\\\/\\\/kosovatimes.info\\\/index.php\\\/2026\\\/08\\\/30\\\/nga-skara-ose-nga-furra-pule-e-pjekur-ne-stilin-afrikan\\\/#breadcrumb\"},\"inLanguage\":\"en-US\",\"potentialAction\":[{\"@type\":\"ReadAction\",\"target\":[\"https:\\\/\\\/kosovatimes.info\\\/index.php\\\/2026\\\/08\\\/30\\\/nga-skara-ose-nga-furra-pule-e-pjekur-ne-stilin-afrikan\\\/\"]}]},{\"@type\":\"ImageObject\",\"inLanguage\":\"en-US\",\"@id\":\"https:\\\/\\\/kosovatimes.info\\\/index.php\\\/2026\\\/08\\\/30\\\/nga-skara-ose-nga-furra-pule-e-pjekur-ne-stilin-afrikan\\\/#primaryimage\",\"url\":\"https:\\\/\\\/kosovatimes.info\\\/wp-content\\\/uploads\\\/2026\\\/08\\\/Pula-1.jpg\",\"contentUrl\":\"https:\\\/\\\/kosovatimes.info\\\/wp-content\\\/uploads\\\/2026\\\/08\\\/Pula-1.jpg\",\"width\":920,\"height\":695},{\"@type\":\"BreadcrumbList\",\"@id\":\"https:\\\/\\\/kosovatimes.info\\\/index.php\\\/2026\\\/08\\\/30\\\/nga-skara-ose-nga-furra-pule-e-pjekur-ne-stilin-afrikan\\\/#breadcrumb\",\"itemListElement\":[{\"@type\":\"ListItem\",\"position\":1,\"name\":\"Home\",\"item\":\"https:\\\/\\\/kosovatimes.info\\\/\"},{\"@type\":\"ListItem\",\"position\":2,\"name\":\"Nga skara ose nga furra: Pul\u00eb e pjekur n\u00eb stilin afrikan\"}]},{\"@type\":\"WebSite\",\"@id\":\"https:\\\/\\\/kosovatimes.info\\\/#website\",\"url\":\"https:\\\/\\\/kosovatimes.info\\\/\",\"name\":\"Kosova Times\",\"description\":\"\",\"potentialAction\":[{\"@type\":\"SearchAction\",\"target\":{\"@type\":\"EntryPoint\",\"urlTemplate\":\"https:\\\/\\\/kosovatimes.info\\\/?s={search_term_string}\"},\"query-input\":{\"@type\":\"PropertyValueSpecification\",\"valueRequired\":true,\"valueName\":\"search_term_string\"}}],\"inLanguage\":\"en-US\"},{\"@type\":\"Person\",\"@id\":\"https:\\\/\\\/kosovatimes.info\\\/#\\\/schema\\\/person\\\/7586712b9c512fe68085de007378c915\",\"name\":\"i l\",\"image\":{\"@type\":\"ImageObject\",\"inLanguage\":\"en-US\",\"@id\":\"https:\\\/\\\/secure.gravatar.com\\\/avatar\\\/bad9296e02816160ae2e2435beda58222022298d5625d49fea74d18816fbb31d?s=96&d=mm&r=g\",\"url\":\"https:\\\/\\\/secure.gravatar.com\\\/avatar\\\/bad9296e02816160ae2e2435beda58222022298d5625d49fea74d18816fbb31d?s=96&d=mm&r=g\",\"contentUrl\":\"https:\\\/\\\/secure.gravatar.com\\\/avatar\\\/bad9296e02816160ae2e2435beda58222022298d5625d49fea74d18816fbb31d?s=96&d=mm&r=g\",\"caption\":\"i l\"},\"url\":\"https:\\\/\\\/kosovatimes.info\\\/index.php\\\/author\\\/iliri\\\/\"}]}<\/script>\n<!-- \/ Yoast SEO plugin. -->","yoast_head_json":{"title":"Nga skara ose nga furra: Pul\u00eb e pjekur n\u00eb stilin afrikan - Kosova Times","robots":{"index":"index","follow":"follow","max-snippet":"max-snippet:-1","max-image-preview":"max-image-preview:large","max-video-preview":"max-video-preview:-1"},"canonical":"https:\/\/kosovatimes.info\/index.php\/2026\/08\/30\/nga-skara-ose-nga-furra-pule-e-pjekur-ne-stilin-afrikan\/","og_locale":"en_US","og_type":"article","og_title":"Nga skara ose nga furra: Pul\u00eb e pjekur n\u00eb stilin afrikan - Kosova Times","og_description":"Pula e er\u00ebzuar me limon, paprik\u00eb, hudh\u00ebr dhe rozmarin\u00eb merr nj\u00eb kore t\u00eb shijshme, leht\u00eb t\u00eb karamelizuar, nd\u00ebrsa mbetet e but\u00eb dhe l\u00ebngshme nga brenda. Kuku choma\u00a0\u00ebsht\u00eb nj\u00eb pjat\u00eb tradicionale e Afrik\u00ebs Lindore me\u00a0pul\u00eb t\u00eb pjekur n\u00eb skar\u00eb t\u00eb marinuar\u00a0. Pula, e sp\u00ebrkatur me limon, piper t\u00eb kuq, hudh\u00ebr dhe rozmarin\u00eb, merr nj\u00eb kore t\u00eb [&hellip;]","og_url":"https:\/\/kosovatimes.info\/index.php\/2026\/08\/30\/nga-skara-ose-nga-furra-pule-e-pjekur-ne-stilin-afrikan\/","og_site_name":"Kosova Times","article_published_time":"2026-08-30T09:14:08+00:00","article_modified_time":"2026-08-30T09:14:52+00:00","og_image":[{"width":920,"height":695,"url":"https:\/\/kosovatimes.info\/wp-content\/uploads\/2026\/08\/Pula-1.jpg","type":"image\/jpeg"}],"author":"i l","twitter_card":"summary_large_image","twitter_misc":{"Written by":"i l","Est. reading time":"2 minutes"},"schema":{"@context":"https:\/\/schema.org","@graph":[{"@type":"Article","@id":"https:\/\/kosovatimes.info\/index.php\/2026\/08\/30\/nga-skara-ose-nga-furra-pule-e-pjekur-ne-stilin-afrikan\/#article","isPartOf":{"@id":"https:\/\/kosovatimes.info\/index.php\/2026\/08\/30\/nga-skara-ose-nga-furra-pule-e-pjekur-ne-stilin-afrikan\/"},"author":{"name":"i l","@id":"https:\/\/kosovatimes.info\/#\/schema\/person\/7586712b9c512fe68085de007378c915"},"headline":"Nga skara ose nga furra: Pul\u00eb e pjekur n\u00eb stilin afrikan","datePublished":"2026-08-30T09:14:08+00:00","dateModified":"2026-08-30T09:14:52+00:00","mainEntityOfPage":{"@id":"https:\/\/kosovatimes.info\/index.php\/2026\/08\/30\/nga-skara-ose-nga-furra-pule-e-pjekur-ne-stilin-afrikan\/"},"wordCount":461,"commentCount":0,"image":{"@id":"https:\/\/kosovatimes.info\/index.php\/2026\/08\/30\/nga-skara-ose-nga-furra-pule-e-pjekur-ne-stilin-afrikan\/#primaryimage"},"thumbnailUrl":"https:\/\/kosovatimes.info\/wp-content\/uploads\/2026\/08\/Pula-1.jpg","articleSection":["Receta"],"inLanguage":"en-US","potentialAction":[{"@type":"CommentAction","name":"Comment","target":["https:\/\/kosovatimes.info\/index.php\/2026\/08\/30\/nga-skara-ose-nga-furra-pule-e-pjekur-ne-stilin-afrikan\/#respond"]}]},{"@type":"WebPage","@id":"https:\/\/kosovatimes.info\/index.php\/2026\/08\/30\/nga-skara-ose-nga-furra-pule-e-pjekur-ne-stilin-afrikan\/","url":"https:\/\/kosovatimes.info\/index.php\/2026\/08\/30\/nga-skara-ose-nga-furra-pule-e-pjekur-ne-stilin-afrikan\/","name":"Nga skara ose nga furra: Pul\u00eb e pjekur n\u00eb stilin afrikan - Kosova Times","isPartOf":{"@id":"https:\/\/kosovatimes.info\/#website"},"primaryImageOfPage":{"@id":"https:\/\/kosovatimes.info\/index.php\/2026\/08\/30\/nga-skara-ose-nga-furra-pule-e-pjekur-ne-stilin-afrikan\/#primaryimage"},"image":{"@id":"https:\/\/kosovatimes.info\/index.php\/2026\/08\/30\/nga-skara-ose-nga-furra-pule-e-pjekur-ne-stilin-afrikan\/#primaryimage"},"thumbnailUrl":"https:\/\/kosovatimes.info\/wp-content\/uploads\/2026\/08\/Pula-1.jpg","datePublished":"2026-08-30T09:14:08+00:00","dateModified":"2026-08-30T09:14:52+00:00","author":{"@id":"https:\/\/kosovatimes.info\/#\/schema\/person\/7586712b9c512fe68085de007378c915"},"breadcrumb":{"@id":"https:\/\/kosovatimes.info\/index.php\/2026\/08\/30\/nga-skara-ose-nga-furra-pule-e-pjekur-ne-stilin-afrikan\/#breadcrumb"},"inLanguage":"en-US","potentialAction":[{"@type":"ReadAction","target":["https:\/\/kosovatimes.info\/index.php\/2026\/08\/30\/nga-skara-ose-nga-furra-pule-e-pjekur-ne-stilin-afrikan\/"]}]},{"@type":"ImageObject","inLanguage":"en-US","@id":"https:\/\/kosovatimes.info\/index.php\/2026\/08\/30\/nga-skara-ose-nga-furra-pule-e-pjekur-ne-stilin-afrikan\/#primaryimage","url":"https:\/\/kosovatimes.info\/wp-content\/uploads\/2026\/08\/Pula-1.jpg","contentUrl":"https:\/\/kosovatimes.info\/wp-content\/uploads\/2026\/08\/Pula-1.jpg","width":920,"height":695},{"@type":"BreadcrumbList","@id":"https:\/\/kosovatimes.info\/index.php\/2026\/08\/30\/nga-skara-ose-nga-furra-pule-e-pjekur-ne-stilin-afrikan\/#breadcrumb","itemListElement":[{"@type":"ListItem","position":1,"name":"Home","item":"https:\/\/kosovatimes.info\/"},{"@type":"ListItem","position":2,"name":"Nga skara ose nga furra: Pul\u00eb e pjekur n\u00eb stilin afrikan"}]},{"@type":"WebSite","@id":"https:\/\/kosovatimes.info\/#website","url":"https:\/\/kosovatimes.info\/","name":"Kosova Times","description":"","potentialAction":[{"@type":"SearchAction","target":{"@type":"EntryPoint","urlTemplate":"https:\/\/kosovatimes.info\/?s={search_term_string}"},"query-input":{"@type":"PropertyValueSpecification","valueRequired":true,"valueName":"search_term_string"}}],"inLanguage":"en-US"},{"@type":"Person","@id":"https:\/\/kosovatimes.info\/#\/schema\/person\/7586712b9c512fe68085de007378c915","name":"i l","image":{"@type":"ImageObject","inLanguage":"en-US","@id":"https:\/\/secure.gravatar.com\/avatar\/bad9296e02816160ae2e2435beda58222022298d5625d49fea74d18816fbb31d?s=96&d=mm&r=g","url":"https:\/\/secure.gravatar.com\/avatar\/bad9296e02816160ae2e2435beda58222022298d5625d49fea74d18816fbb31d?s=96&d=mm&r=g","contentUrl":"https:\/\/secure.gravatar.com\/avatar\/bad9296e02816160ae2e2435beda58222022298d5625d49fea74d18816fbb31d?s=96&d=mm&r=g","caption":"i l"},"url":"https:\/\/kosovatimes.info\/index.php\/author\/iliri\/"}]}},"_links":{"self":[{"href":"https:\/\/kosovatimes.info\/index.php\/wp-json\/wp\/v2\/posts\/30028","targetHints":{"allow":["GET"]}}],"collection":[{"href":"https:\/\/kosovatimes.info\/index.php\/wp-json\/wp\/v2\/posts"}],"about":[{"href":"https:\/\/kosovatimes.info\/index.php\/wp-json\/wp\/v2\/types\/post"}],"author":[{"embeddable":true,"href":"https:\/\/kosovatimes.info\/index.php\/wp-json\/wp\/v2\/users\/4"}],"replies":[{"embeddable":true,"href":"https:\/\/kosovatimes.info\/index.php\/wp-json\/wp\/v2\/comments?post=30028"}],"version-history":[{"count":1,"href":"https:\/\/kosovatimes.info\/index.php\/wp-json\/wp\/v2\/posts\/30028\/revisions"}],"predecessor-version":[{"id":30030,"href":"https:\/\/kosovatimes.info\/index.php\/wp-json\/wp\/v2\/posts\/30028\/revisions\/30030"}],"wp:featuredmedia":[{"embeddable":true,"href":"https:\/\/kosovatimes.info\/index.php\/wp-json\/wp\/v2\/media\/30029"}],"wp:attachment":[{"href":"https:\/\/kosovatimes.info\/index.php\/wp-json\/wp\/v2\/media?parent=30028"}],"wp:term":[{"taxonomy":"category","embeddable":true,"href":"https:\/\/kosovatimes.info\/index.php\/wp-json\/wp\/v2\/categories?post=30028"},{"taxonomy":"post_tag","embeddable":true,"href":"https:\/\/kosovatimes.info\/index.php\/wp-json\/wp\/v2\/tags?post=30028"}],"curies":[{"name":"wp","href":"https:\/\/api.w.org\/{rel}","templated":true}]}}