{"id":30044,"date":"2026-08-30T10:16:00","date_gmt":"2026-08-30T08:16:00","guid":{"rendered":"https:\/\/kosovatimes.info\/?p=30044"},"modified":"2026-08-30T11:27:25","modified_gmt":"2026-08-30T09:27:25","slug":"haxhiu-uroj-qe-marreveshja-kurti-abdixhiku-te-permbyllet-sa-me-pare","status":"publish","type":"post","link":"https:\/\/kosovatimes.info\/index.php\/2026\/08\/30\/haxhiu-uroj-qe-marreveshja-kurti-abdixhiku-te-permbyllet-sa-me-pare\/","title":{"rendered":"Haxhiu: Uroj q\u00eb marr\u00ebveshja Kurti-Abdixhiku t\u00eb p\u00ebrmbyllet sa m\u00eb par\u00eb"},"content":{"rendered":"\n<p class=\"wp-block-paragraph\"><strong>Ushtruesja e detyr\u00ebs s\u00eb presidentes s\u00eb Kosov\u00ebs, Albulena Haxhiu, ka shprehur shpres\u00ebn se marr\u00ebveshja nd\u00ebrmjet L\u00ebvizjes Vet\u00ebvendosje dhe Lidhjes Demokratike t\u00eb Kosov\u00ebs do t\u00eb arrihet sa m\u00eb shpejt.<\/strong><\/p>\n\n\n\n<p class=\"wp-block-paragraph\">Pas takimit t\u00eb mbr\u00ebmsh\u00ebm nd\u00ebrmjet kryetarit t\u00eb Vet\u00ebvendosjes, Albin Kurti, dhe kryetarit t\u00eb LDK-s\u00eb, Lumir Abdixhiku, Haxhiu tha se p\u00ebrmbyllja e marr\u00ebveshjes \u00ebsht\u00eb e r\u00ebnd\u00ebsishme p\u00ebr ecjen p\u00ebrpara t\u00eb vendit.<\/p>\n\n\n\n<p class=\"wp-block-paragraph\">\u201cUn\u00eb uroj q\u00eb marr\u00ebveshja t\u00eb p\u00ebrmbyllet sa m\u00eb par\u00eb, p\u00ebr shkak se \u00ebsht\u00eb shum\u00eb e r\u00ebnd\u00ebsishme q\u00eb t\u00eb ecim p\u00ebrpara\u201d, tha Haxhiu.<\/p>\n\n\n\n<p class=\"wp-block-paragraph\">Ajo theksoi se Kosova ka p\u00ebrpara nj\u00eb s\u00ebr\u00eb p\u00ebrgjegj\u00ebsish dhe reformash q\u00eb duhet t\u00eb vazhdohen, nd\u00ebrsa ve\u00e7oi edhe obligimet n\u00eb proceset integruese.<\/p>\n\n\n\n<p class=\"wp-block-paragraph\">\u201cLe t\u00eb shpresojm\u00eb q\u00eb kjo jav\u00eb q\u00eb po vjen t\u00eb jet\u00eb vendimtare p\u00ebr k\u00ebt\u00eb proces t\u00eb r\u00ebnd\u00ebsish\u00ebm\u201d, deklaroi Haxhiu.<\/p>\n\n\n\n<p class=\"wp-block-paragraph\">Sipas saj, arritja e nj\u00eb marr\u00ebveshjeje do t\u00eb ishte e r\u00ebnd\u00ebsishme p\u00ebr vazhdimin e rrug\u00ebs s\u00eb Kosov\u00ebs drejt an\u00ebtar\u00ebsimit n\u00eb Bashkimin Evropian, K\u00ebshillin e Evrop\u00ebs dhe NATO, si dhe n\u00eb mekanizma t\u00eb tjer\u00eb nd\u00ebrkomb\u00ebtar\u00eb.<\/p>\n","protected":false},"excerpt":{"rendered":"<p>Ushtruesja e detyr\u00ebs s\u00eb presidentes s\u00eb Kosov\u00ebs, Albulena Haxhiu, ka shprehur shpres\u00ebn se marr\u00ebveshja nd\u00ebrmjet L\u00ebvizjes Vet\u00ebvendosje dhe Lidhjes Demokratike t\u00eb Kosov\u00ebs do t\u00eb arrihet sa m\u00eb shpejt. Pas takimit t\u00eb mbr\u00ebmsh\u00ebm nd\u00ebrmjet kryetarit t\u00eb Vet\u00ebvendosjes, Albin Kurti, dhe kryetarit t\u00eb LDK-s\u00eb, Lumir Abdixhiku, Haxhiu tha se p\u00ebrmbyllja e marr\u00ebveshjes \u00ebsht\u00eb e r\u00ebnd\u00ebsishme p\u00ebr ecjen [&hellip;]<\/p>\n","protected":false},"author":4,"featured_media":30045,"comment_status":"open","ping_status":"open","sticky":true,"template":"","format":"standard","meta":{"footnotes":""},"categories":[31,30],"tags":[],"class_list":["post-30044","post","type-post","status-publish","format-standard","has-post-thumbnail","category-kosove","category-lajme"],"yoast_head":"<!-- This site is optimized with the Yoast SEO plugin v27.4 - https:\/\/yoast.com\/product\/yoast-seo-wordpress\/ -->\n<title>Haxhiu: Uroj q\u00eb marr\u00ebveshja Kurti-Abdixhiku t\u00eb p\u00ebrmbyllet sa m\u00eb par\u00eb - Kosova Times<\/title>\n<meta name=\"robots\" content=\"index, follow, max-snippet:-1, max-image-preview:large, max-video-preview:-1\" \/>\n<link rel=\"canonical\" href=\"https:\/\/kosovatimes.info\/index.php\/2026\/08\/30\/haxhiu-uroj-qe-marreveshja-kurti-abdixhiku-te-permbyllet-sa-me-pare\/\" \/>\n<meta property=\"og:locale\" content=\"en_US\" \/>\n<meta property=\"og:type\" content=\"article\" \/>\n<meta property=\"og:title\" content=\"Haxhiu: Uroj q\u00eb marr\u00ebveshja Kurti-Abdixhiku t\u00eb p\u00ebrmbyllet sa m\u00eb par\u00eb - Kosova Times\" \/>\n<meta property=\"og:description\" content=\"Ushtruesja e detyr\u00ebs s\u00eb presidentes s\u00eb Kosov\u00ebs, Albulena Haxhiu, ka shprehur shpres\u00ebn se marr\u00ebveshja nd\u00ebrmjet L\u00ebvizjes Vet\u00ebvendosje dhe Lidhjes Demokratike t\u00eb Kosov\u00ebs do t\u00eb arrihet sa m\u00eb shpejt. Pas takimit t\u00eb mbr\u00ebmsh\u00ebm nd\u00ebrmjet kryetarit t\u00eb Vet\u00ebvendosjes, Albin Kurti, dhe kryetarit t\u00eb LDK-s\u00eb, Lumir Abdixhiku, Haxhiu tha se p\u00ebrmbyllja e marr\u00ebveshjes \u00ebsht\u00eb e r\u00ebnd\u00ebsishme p\u00ebr ecjen [&hellip;]\" \/>\n<meta property=\"og:url\" content=\"https:\/\/kosovatimes.info\/index.php\/2026\/08\/30\/haxhiu-uroj-qe-marreveshja-kurti-abdixhiku-te-permbyllet-sa-me-pare\/\" \/>\n<meta property=\"og:site_name\" content=\"Kosova Times\" \/>\n<meta property=\"article:published_time\" content=\"2026-08-30T08:16:00+00:00\" \/>\n<meta property=\"article:modified_time\" content=\"2026-08-30T09:27:25+00:00\" \/>\n<meta property=\"og:image\" content=\"https:\/\/kosovatimes.info\/wp-content\/uploads\/2026\/08\/Albulena-5.jpg\" \/>\n\t<meta property=\"og:image:width\" content=\"780\" \/>\n\t<meta property=\"og:image:height\" content=\"500\" \/>\n\t<meta property=\"og:image:type\" content=\"image\/jpeg\" \/>\n<meta name=\"author\" content=\"i l\" \/>\n<meta name=\"twitter:card\" content=\"summary_large_image\" \/>\n<meta name=\"twitter:label1\" content=\"Written by\" \/>\n\t<meta name=\"twitter:data1\" content=\"i l\" \/>\n\t<meta name=\"twitter:label2\" content=\"Est. reading time\" \/>\n\t<meta name=\"twitter:data2\" content=\"1 minute\" \/>\n<script type=\"application\/ld+json\" class=\"yoast-schema-graph\">{\"@context\":\"https:\\\/\\\/schema.org\",\"@graph\":[{\"@type\":\"Article\",\"@id\":\"https:\\\/\\\/kosovatimes.info\\\/index.php\\\/2026\\\/08\\\/30\\\/haxhiu-uroj-qe-marreveshja-kurti-abdixhiku-te-permbyllet-sa-me-pare\\\/#article\",\"isPartOf\":{\"@id\":\"https:\\\/\\\/kosovatimes.info\\\/index.php\\\/2026\\\/08\\\/30\\\/haxhiu-uroj-qe-marreveshja-kurti-abdixhiku-te-permbyllet-sa-me-pare\\\/\"},\"author\":{\"name\":\"i l\",\"@id\":\"https:\\\/\\\/kosovatimes.info\\\/#\\\/schema\\\/person\\\/7586712b9c512fe68085de007378c915\"},\"headline\":\"Haxhiu: Uroj q\u00eb marr\u00ebveshja Kurti-Abdixhiku t\u00eb p\u00ebrmbyllet sa m\u00eb par\u00eb\",\"datePublished\":\"2026-08-30T08:16:00+00:00\",\"dateModified\":\"2026-08-30T09:27:25+00:00\",\"mainEntityOfPage\":{\"@id\":\"https:\\\/\\\/kosovatimes.info\\\/index.php\\\/2026\\\/08\\\/30\\\/haxhiu-uroj-qe-marreveshja-kurti-abdixhiku-te-permbyllet-sa-me-pare\\\/\"},\"wordCount\":214,\"commentCount\":0,\"image\":{\"@id\":\"https:\\\/\\\/kosovatimes.info\\\/index.php\\\/2026\\\/08\\\/30\\\/haxhiu-uroj-qe-marreveshja-kurti-abdixhiku-te-permbyllet-sa-me-pare\\\/#primaryimage\"},\"thumbnailUrl\":\"https:\\\/\\\/kosovatimes.info\\\/wp-content\\\/uploads\\\/2026\\\/08\\\/Albulena-5.jpg\",\"articleSection\":[\"Kosov\u00eb\",\"Lajme\"],\"inLanguage\":\"en-US\",\"potentialAction\":[{\"@type\":\"CommentAction\",\"name\":\"Comment\",\"target\":[\"https:\\\/\\\/kosovatimes.info\\\/index.php\\\/2026\\\/08\\\/30\\\/haxhiu-uroj-qe-marreveshja-kurti-abdixhiku-te-permbyllet-sa-me-pare\\\/#respond\"]}]},{\"@type\":\"WebPage\",\"@id\":\"https:\\\/\\\/kosovatimes.info\\\/index.php\\\/2026\\\/08\\\/30\\\/haxhiu-uroj-qe-marreveshja-kurti-abdixhiku-te-permbyllet-sa-me-pare\\\/\",\"url\":\"https:\\\/\\\/kosovatimes.info\\\/index.php\\\/2026\\\/08\\\/30\\\/haxhiu-uroj-qe-marreveshja-kurti-abdixhiku-te-permbyllet-sa-me-pare\\\/\",\"name\":\"Haxhiu: Uroj q\u00eb marr\u00ebveshja Kurti-Abdixhiku t\u00eb p\u00ebrmbyllet sa m\u00eb par\u00eb - Kosova Times\",\"isPartOf\":{\"@id\":\"https:\\\/\\\/kosovatimes.info\\\/#website\"},\"primaryImageOfPage\":{\"@id\":\"https:\\\/\\\/kosovatimes.info\\\/index.php\\\/2026\\\/08\\\/30\\\/haxhiu-uroj-qe-marreveshja-kurti-abdixhiku-te-permbyllet-sa-me-pare\\\/#primaryimage\"},\"image\":{\"@id\":\"https:\\\/\\\/kosovatimes.info\\\/index.php\\\/2026\\\/08\\\/30\\\/haxhiu-uroj-qe-marreveshja-kurti-abdixhiku-te-permbyllet-sa-me-pare\\\/#primaryimage\"},\"thumbnailUrl\":\"https:\\\/\\\/kosovatimes.info\\\/wp-content\\\/uploads\\\/2026\\\/08\\\/Albulena-5.jpg\",\"datePublished\":\"2026-08-30T08:16:00+00:00\",\"dateModified\":\"2026-08-30T09:27:25+00:00\",\"author\":{\"@id\":\"https:\\\/\\\/kosovatimes.info\\\/#\\\/schema\\\/person\\\/7586712b9c512fe68085de007378c915\"},\"breadcrumb\":{\"@id\":\"https:\\\/\\\/kosovatimes.info\\\/index.php\\\/2026\\\/08\\\/30\\\/haxhiu-uroj-qe-marreveshja-kurti-abdixhiku-te-permbyllet-sa-me-pare\\\/#breadcrumb\"},\"inLanguage\":\"en-US\",\"potentialAction\":[{\"@type\":\"ReadAction\",\"target\":[\"https:\\\/\\\/kosovatimes.info\\\/index.php\\\/2026\\\/08\\\/30\\\/haxhiu-uroj-qe-marreveshja-kurti-abdixhiku-te-permbyllet-sa-me-pare\\\/\"]}]},{\"@type\":\"ImageObject\",\"inLanguage\":\"en-US\",\"@id\":\"https:\\\/\\\/kosovatimes.info\\\/index.php\\\/2026\\\/08\\\/30\\\/haxhiu-uroj-qe-marreveshja-kurti-abdixhiku-te-permbyllet-sa-me-pare\\\/#primaryimage\",\"url\":\"https:\\\/\\\/kosovatimes.info\\\/wp-content\\\/uploads\\\/2026\\\/08\\\/Albulena-5.jpg\",\"contentUrl\":\"https:\\\/\\\/kosovatimes.info\\\/wp-content\\\/uploads\\\/2026\\\/08\\\/Albulena-5.jpg\",\"width\":780,\"height\":500},{\"@type\":\"BreadcrumbList\",\"@id\":\"https:\\\/\\\/kosovatimes.info\\\/index.php\\\/2026\\\/08\\\/30\\\/haxhiu-uroj-qe-marreveshja-kurti-abdixhiku-te-permbyllet-sa-me-pare\\\/#breadcrumb\",\"itemListElement\":[{\"@type\":\"ListItem\",\"position\":1,\"name\":\"Home\",\"item\":\"https:\\\/\\\/kosovatimes.info\\\/\"},{\"@type\":\"ListItem\",\"position\":2,\"name\":\"Haxhiu: Uroj q\u00eb marr\u00ebveshja Kurti-Abdixhiku t\u00eb p\u00ebrmbyllet sa m\u00eb par\u00eb\"}]},{\"@type\":\"WebSite\",\"@id\":\"https:\\\/\\\/kosovatimes.info\\\/#website\",\"url\":\"https:\\\/\\\/kosovatimes.info\\\/\",\"name\":\"Kosova Times\",\"description\":\"\",\"potentialAction\":[{\"@type\":\"SearchAction\",\"target\":{\"@type\":\"EntryPoint\",\"urlTemplate\":\"https:\\\/\\\/kosovatimes.info\\\/?s={search_term_string}\"},\"query-input\":{\"@type\":\"PropertyValueSpecification\",\"valueRequired\":true,\"valueName\":\"search_term_string\"}}],\"inLanguage\":\"en-US\"},{\"@type\":\"Person\",\"@id\":\"https:\\\/\\\/kosovatimes.info\\\/#\\\/schema\\\/person\\\/7586712b9c512fe68085de007378c915\",\"name\":\"i l\",\"image\":{\"@type\":\"ImageObject\",\"inLanguage\":\"en-US\",\"@id\":\"https:\\\/\\\/secure.gravatar.com\\\/avatar\\\/bad9296e02816160ae2e2435beda58222022298d5625d49fea74d18816fbb31d?s=96&d=mm&r=g\",\"url\":\"https:\\\/\\\/secure.gravatar.com\\\/avatar\\\/bad9296e02816160ae2e2435beda58222022298d5625d49fea74d18816fbb31d?s=96&d=mm&r=g\",\"contentUrl\":\"https:\\\/\\\/secure.gravatar.com\\\/avatar\\\/bad9296e02816160ae2e2435beda58222022298d5625d49fea74d18816fbb31d?s=96&d=mm&r=g\",\"caption\":\"i l\"},\"url\":\"https:\\\/\\\/kosovatimes.info\\\/index.php\\\/author\\\/iliri\\\/\"}]}<\/script>\n<!-- \/ Yoast SEO plugin. -->","yoast_head_json":{"title":"Haxhiu: Uroj q\u00eb marr\u00ebveshja Kurti-Abdixhiku t\u00eb p\u00ebrmbyllet sa m\u00eb par\u00eb - Kosova Times","robots":{"index":"index","follow":"follow","max-snippet":"max-snippet:-1","max-image-preview":"max-image-preview:large","max-video-preview":"max-video-preview:-1"},"canonical":"https:\/\/kosovatimes.info\/index.php\/2026\/08\/30\/haxhiu-uroj-qe-marreveshja-kurti-abdixhiku-te-permbyllet-sa-me-pare\/","og_locale":"en_US","og_type":"article","og_title":"Haxhiu: Uroj q\u00eb marr\u00ebveshja Kurti-Abdixhiku t\u00eb p\u00ebrmbyllet sa m\u00eb par\u00eb - Kosova Times","og_description":"Ushtruesja e detyr\u00ebs s\u00eb presidentes s\u00eb Kosov\u00ebs, Albulena Haxhiu, ka shprehur shpres\u00ebn se marr\u00ebveshja nd\u00ebrmjet L\u00ebvizjes Vet\u00ebvendosje dhe Lidhjes Demokratike t\u00eb Kosov\u00ebs do t\u00eb arrihet sa m\u00eb shpejt. Pas takimit t\u00eb mbr\u00ebmsh\u00ebm nd\u00ebrmjet kryetarit t\u00eb Vet\u00ebvendosjes, Albin Kurti, dhe kryetarit t\u00eb LDK-s\u00eb, Lumir Abdixhiku, Haxhiu tha se p\u00ebrmbyllja e marr\u00ebveshjes \u00ebsht\u00eb e r\u00ebnd\u00ebsishme p\u00ebr ecjen [&hellip;]","og_url":"https:\/\/kosovatimes.info\/index.php\/2026\/08\/30\/haxhiu-uroj-qe-marreveshja-kurti-abdixhiku-te-permbyllet-sa-me-pare\/","og_site_name":"Kosova Times","article_published_time":"2026-08-30T08:16:00+00:00","article_modified_time":"2026-08-30T09:27:25+00:00","og_image":[{"width":780,"height":500,"url":"https:\/\/kosovatimes.info\/wp-content\/uploads\/2026\/08\/Albulena-5.jpg","type":"image\/jpeg"}],"author":"i l","twitter_card":"summary_large_image","twitter_misc":{"Written by":"i l","Est. reading time":"1 minute"},"schema":{"@context":"https:\/\/schema.org","@graph":[{"@type":"Article","@id":"https:\/\/kosovatimes.info\/index.php\/2026\/08\/30\/haxhiu-uroj-qe-marreveshja-kurti-abdixhiku-te-permbyllet-sa-me-pare\/#article","isPartOf":{"@id":"https:\/\/kosovatimes.info\/index.php\/2026\/08\/30\/haxhiu-uroj-qe-marreveshja-kurti-abdixhiku-te-permbyllet-sa-me-pare\/"},"author":{"name":"i l","@id":"https:\/\/kosovatimes.info\/#\/schema\/person\/7586712b9c512fe68085de007378c915"},"headline":"Haxhiu: Uroj q\u00eb marr\u00ebveshja Kurti-Abdixhiku t\u00eb p\u00ebrmbyllet sa m\u00eb par\u00eb","datePublished":"2026-08-30T08:16:00+00:00","dateModified":"2026-08-30T09:27:25+00:00","mainEntityOfPage":{"@id":"https:\/\/kosovatimes.info\/index.php\/2026\/08\/30\/haxhiu-uroj-qe-marreveshja-kurti-abdixhiku-te-permbyllet-sa-me-pare\/"},"wordCount":214,"commentCount":0,"image":{"@id":"https:\/\/kosovatimes.info\/index.php\/2026\/08\/30\/haxhiu-uroj-qe-marreveshja-kurti-abdixhiku-te-permbyllet-sa-me-pare\/#primaryimage"},"thumbnailUrl":"https:\/\/kosovatimes.info\/wp-content\/uploads\/2026\/08\/Albulena-5.jpg","articleSection":["Kosov\u00eb","Lajme"],"inLanguage":"en-US","potentialAction":[{"@type":"CommentAction","name":"Comment","target":["https:\/\/kosovatimes.info\/index.php\/2026\/08\/30\/haxhiu-uroj-qe-marreveshja-kurti-abdixhiku-te-permbyllet-sa-me-pare\/#respond"]}]},{"@type":"WebPage","@id":"https:\/\/kosovatimes.info\/index.php\/2026\/08\/30\/haxhiu-uroj-qe-marreveshja-kurti-abdixhiku-te-permbyllet-sa-me-pare\/","url":"https:\/\/kosovatimes.info\/index.php\/2026\/08\/30\/haxhiu-uroj-qe-marreveshja-kurti-abdixhiku-te-permbyllet-sa-me-pare\/","name":"Haxhiu: Uroj q\u00eb marr\u00ebveshja Kurti-Abdixhiku t\u00eb p\u00ebrmbyllet sa m\u00eb par\u00eb - Kosova Times","isPartOf":{"@id":"https:\/\/kosovatimes.info\/#website"},"primaryImageOfPage":{"@id":"https:\/\/kosovatimes.info\/index.php\/2026\/08\/30\/haxhiu-uroj-qe-marreveshja-kurti-abdixhiku-te-permbyllet-sa-me-pare\/#primaryimage"},"image":{"@id":"https:\/\/kosovatimes.info\/index.php\/2026\/08\/30\/haxhiu-uroj-qe-marreveshja-kurti-abdixhiku-te-permbyllet-sa-me-pare\/#primaryimage"},"thumbnailUrl":"https:\/\/kosovatimes.info\/wp-content\/uploads\/2026\/08\/Albulena-5.jpg","datePublished":"2026-08-30T08:16:00+00:00","dateModified":"2026-08-30T09:27:25+00:00","author":{"@id":"https:\/\/kosovatimes.info\/#\/schema\/person\/7586712b9c512fe68085de007378c915"},"breadcrumb":{"@id":"https:\/\/kosovatimes.info\/index.php\/2026\/08\/30\/haxhiu-uroj-qe-marreveshja-kurti-abdixhiku-te-permbyllet-sa-me-pare\/#breadcrumb"},"inLanguage":"en-US","potentialAction":[{"@type":"ReadAction","target":["https:\/\/kosovatimes.info\/index.php\/2026\/08\/30\/haxhiu-uroj-qe-marreveshja-kurti-abdixhiku-te-permbyllet-sa-me-pare\/"]}]},{"@type":"ImageObject","inLanguage":"en-US","@id":"https:\/\/kosovatimes.info\/index.php\/2026\/08\/30\/haxhiu-uroj-qe-marreveshja-kurti-abdixhiku-te-permbyllet-sa-me-pare\/#primaryimage","url":"https:\/\/kosovatimes.info\/wp-content\/uploads\/2026\/08\/Albulena-5.jpg","contentUrl":"https:\/\/kosovatimes.info\/wp-content\/uploads\/2026\/08\/Albulena-5.jpg","width":780,"height":500},{"@type":"BreadcrumbList","@id":"https:\/\/kosovatimes.info\/index.php\/2026\/08\/30\/haxhiu-uroj-qe-marreveshja-kurti-abdixhiku-te-permbyllet-sa-me-pare\/#breadcrumb","itemListElement":[{"@type":"ListItem","position":1,"name":"Home","item":"https:\/\/kosovatimes.info\/"},{"@type":"ListItem","position":2,"name":"Haxhiu: Uroj q\u00eb marr\u00ebveshja Kurti-Abdixhiku t\u00eb p\u00ebrmbyllet sa m\u00eb par\u00eb"}]},{"@type":"WebSite","@id":"https:\/\/kosovatimes.info\/#website","url":"https:\/\/kosovatimes.info\/","name":"Kosova Times","description":"","potentialAction":[{"@type":"SearchAction","target":{"@type":"EntryPoint","urlTemplate":"https:\/\/kosovatimes.info\/?s={search_term_string}"},"query-input":{"@type":"PropertyValueSpecification","valueRequired":true,"valueName":"search_term_string"}}],"inLanguage":"en-US"},{"@type":"Person","@id":"https:\/\/kosovatimes.info\/#\/schema\/person\/7586712b9c512fe68085de007378c915","name":"i l","image":{"@type":"ImageObject","inLanguage":"en-US","@id":"https:\/\/secure.gravatar.com\/avatar\/bad9296e02816160ae2e2435beda58222022298d5625d49fea74d18816fbb31d?s=96&d=mm&r=g","url":"https:\/\/secure.gravatar.com\/avatar\/bad9296e02816160ae2e2435beda58222022298d5625d49fea74d18816fbb31d?s=96&d=mm&r=g","contentUrl":"https:\/\/secure.gravatar.com\/avatar\/bad9296e02816160ae2e2435beda58222022298d5625d49fea74d18816fbb31d?s=96&d=mm&r=g","caption":"i l"},"url":"https:\/\/kosovatimes.info\/index.php\/author\/iliri\/"}]}},"_links":{"self":[{"href":"https:\/\/kosovatimes.info\/index.php\/wp-json\/wp\/v2\/posts\/30044","targetHints":{"allow":["GET"]}}],"collection":[{"href":"https:\/\/kosovatimes.info\/index.php\/wp-json\/wp\/v2\/posts"}],"about":[{"href":"https:\/\/kosovatimes.info\/index.php\/wp-json\/wp\/v2\/types\/post"}],"author":[{"embeddable":true,"href":"https:\/\/kosovatimes.info\/index.php\/wp-json\/wp\/v2\/users\/4"}],"replies":[{"embeddable":true,"href":"https:\/\/kosovatimes.info\/index.php\/wp-json\/wp\/v2\/comments?post=30044"}],"version-history":[{"count":1,"href":"https:\/\/kosovatimes.info\/index.php\/wp-json\/wp\/v2\/posts\/30044\/revisions"}],"predecessor-version":[{"id":30046,"href":"https:\/\/kosovatimes.info\/index.php\/wp-json\/wp\/v2\/posts\/30044\/revisions\/30046"}],"wp:featuredmedia":[{"embeddable":true,"href":"https:\/\/kosovatimes.info\/index.php\/wp-json\/wp\/v2\/media\/30045"}],"wp:attachment":[{"href":"https:\/\/kosovatimes.info\/index.php\/wp-json\/wp\/v2\/media?parent=30044"}],"wp:term":[{"taxonomy":"category","embeddable":true,"href":"https:\/\/kosovatimes.info\/index.php\/wp-json\/wp\/v2\/categories?post=30044"},{"taxonomy":"post_tag","embeddable":true,"href":"https:\/\/kosovatimes.info\/index.php\/wp-json\/wp\/v2\/tags?post=30044"}],"curies":[{"name":"wp","href":"https:\/\/api.w.org\/{rel}","templated":true}]}}