{"id":30047,"date":"2026-08-30T11:38:00","date_gmt":"2026-08-30T09:38:00","guid":{"rendered":"https:\/\/kosovatimes.info\/?p=30047"},"modified":"2026-08-30T13:08:12","modified_gmt":"2026-08-30T11:08:12","slug":"pdk-ne-homazhe-te-memoriali-i-personave-te-zhdukurfati-i-tyre-duhet-te-zbardhet","status":"publish","type":"post","link":"https:\/\/kosovatimes.info\/index.php\/2026\/08\/30\/pdk-ne-homazhe-te-memoriali-i-personave-te-zhdukurfati-i-tyre-duhet-te-zbardhet\/","title":{"rendered":"PDK n\u00eb homazhe te Memoriali i Personave t\u00eb Zhdukur:Fati i tyre duhet t\u00eb zbardhet"},"content":{"rendered":"\n<p class=\"wp-block-paragraph\"><strong>Grupi Parlamentar i Partis\u00eb Demokratike t\u00eb Kosov\u00ebs ka b\u00ebr\u00eb homazhe te Memoriali kushtuar personave t\u00eb zhdukur me dhun\u00eb gjat\u00eb luft\u00ebs s\u00eb fundit n\u00eb Kosov\u00eb.<\/strong><\/p>\n\n\n\n<p class=\"wp-block-paragraph\">N\u00eb nj\u00eb postim n\u00eb rrjetet sociale, PDK-ja tha se me respekt dhe p\u00ebrulje kujton t\u00eb gjith\u00eb personat, fati i t\u00eb cil\u00ebve ende mbetet i pazbardhur, duke shprehur solidaritet me familjet q\u00eb prej m\u00eb shum\u00eb se dy dekadash presin p\u00ebrgjigje p\u00ebr t\u00eb af\u00ebrmit e tyre.<\/p>\n\n\n\n<p class=\"wp-block-paragraph\">\u201cMe respekt dhe p\u00ebrulje kujtojm\u00eb t\u00eb gjith\u00eb ata, fati i t\u00eb cil\u00ebve ende mbetet i pazbardhur dhe q\u00ebndrojm\u00eb pran\u00eb familjeve q\u00eb prej m\u00eb shum\u00eb se dy dekadash presin p\u00ebrgjigje p\u00ebr m\u00eb t\u00eb dashurit e tyre\u201d, thuhet n\u00eb njoftimin e PDK-s\u00eb.<\/p>\n\n\n\n<p class=\"wp-block-paragraph\">Partia Demokratike e Kosov\u00ebs theksoi se k\u00ebrkimi p\u00ebr zbardhjen e fatit t\u00eb personave t\u00eb zhdukur dhe drejt\u00ebsin\u00eb p\u00ebr ta duhet t\u00eb vazhdoj\u00eb deri n\u00eb gjetjen e secilit prej tyre.<\/p>\n\n\n\n<p class=\"wp-block-paragraph\">\u201cE v\u00ebrteta, drejt\u00ebsia dhe kujtesa jan\u00eb detyrim i p\u00ebrhersh\u00ebm i yni\u201d, thuhet n\u00eb reagimin e PDK-s\u00eb.<\/p>\n","protected":false},"excerpt":{"rendered":"<p>Grupi Parlamentar i Partis\u00eb Demokratike t\u00eb Kosov\u00ebs ka b\u00ebr\u00eb homazhe te Memoriali kushtuar personave t\u00eb zhdukur me dhun\u00eb gjat\u00eb luft\u00ebs s\u00eb fundit n\u00eb Kosov\u00eb. N\u00eb nj\u00eb postim n\u00eb rrjetet sociale, PDK-ja tha se me respekt dhe p\u00ebrulje kujton t\u00eb gjith\u00eb personat, fati i t\u00eb cil\u00ebve ende mbetet i pazbardhur, duke shprehur solidaritet me familjet q\u00eb [&hellip;]<\/p>\n","protected":false},"author":4,"featured_media":30048,"comment_status":"open","ping_status":"open","sticky":false,"template":"","format":"standard","meta":{"footnotes":""},"categories":[31,30],"tags":[],"class_list":["post-30047","post","type-post","status-publish","format-standard","has-post-thumbnail","category-kosove","category-lajme"],"yoast_head":"<!-- This site is optimized with the Yoast SEO plugin v27.4 - https:\/\/yoast.com\/product\/yoast-seo-wordpress\/ -->\n<title>PDK n\u00eb homazhe te Memoriali i Personave t\u00eb Zhdukur:Fati i tyre duhet t\u00eb zbardhet - Kosova Times<\/title>\n<meta name=\"robots\" content=\"index, follow, max-snippet:-1, max-image-preview:large, max-video-preview:-1\" \/>\n<link rel=\"canonical\" href=\"https:\/\/kosovatimes.info\/index.php\/2026\/08\/30\/pdk-ne-homazhe-te-memoriali-i-personave-te-zhdukurfati-i-tyre-duhet-te-zbardhet\/\" \/>\n<meta property=\"og:locale\" content=\"en_US\" \/>\n<meta property=\"og:type\" content=\"article\" \/>\n<meta property=\"og:title\" content=\"PDK n\u00eb homazhe te Memoriali i Personave t\u00eb Zhdukur:Fati i tyre duhet t\u00eb zbardhet - Kosova Times\" \/>\n<meta property=\"og:description\" content=\"Grupi Parlamentar i Partis\u00eb Demokratike t\u00eb Kosov\u00ebs ka b\u00ebr\u00eb homazhe te Memoriali kushtuar personave t\u00eb zhdukur me dhun\u00eb gjat\u00eb luft\u00ebs s\u00eb fundit n\u00eb Kosov\u00eb. N\u00eb nj\u00eb postim n\u00eb rrjetet sociale, PDK-ja tha se me respekt dhe p\u00ebrulje kujton t\u00eb gjith\u00eb personat, fati i t\u00eb cil\u00ebve ende mbetet i pazbardhur, duke shprehur solidaritet me familjet q\u00eb [&hellip;]\" \/>\n<meta property=\"og:url\" content=\"https:\/\/kosovatimes.info\/index.php\/2026\/08\/30\/pdk-ne-homazhe-te-memoriali-i-personave-te-zhdukurfati-i-tyre-duhet-te-zbardhet\/\" \/>\n<meta property=\"og:site_name\" content=\"Kosova Times\" \/>\n<meta property=\"article:published_time\" content=\"2026-08-30T09:38:00+00:00\" \/>\n<meta property=\"article:modified_time\" content=\"2026-08-30T11:08:12+00:00\" \/>\n<meta property=\"og:image\" content=\"https:\/\/kosovatimes.info\/wp-content\/uploads\/2026\/08\/PDK-15.jpg\" \/>\n\t<meta property=\"og:image:width\" content=\"780\" \/>\n\t<meta property=\"og:image:height\" content=\"500\" \/>\n\t<meta property=\"og:image:type\" content=\"image\/jpeg\" \/>\n<meta name=\"author\" content=\"i l\" \/>\n<meta name=\"twitter:card\" content=\"summary_large_image\" \/>\n<meta name=\"twitter:label1\" content=\"Written by\" \/>\n\t<meta name=\"twitter:data1\" content=\"i l\" \/>\n\t<meta name=\"twitter:label2\" content=\"Est. reading time\" \/>\n\t<meta name=\"twitter:data2\" content=\"1 minute\" \/>\n<script type=\"application\/ld+json\" class=\"yoast-schema-graph\">{\"@context\":\"https:\\\/\\\/schema.org\",\"@graph\":[{\"@type\":\"Article\",\"@id\":\"https:\\\/\\\/kosovatimes.info\\\/index.php\\\/2026\\\/08\\\/30\\\/pdk-ne-homazhe-te-memoriali-i-personave-te-zhdukurfati-i-tyre-duhet-te-zbardhet\\\/#article\",\"isPartOf\":{\"@id\":\"https:\\\/\\\/kosovatimes.info\\\/index.php\\\/2026\\\/08\\\/30\\\/pdk-ne-homazhe-te-memoriali-i-personave-te-zhdukurfati-i-tyre-duhet-te-zbardhet\\\/\"},\"author\":{\"name\":\"i l\",\"@id\":\"https:\\\/\\\/kosovatimes.info\\\/#\\\/schema\\\/person\\\/7586712b9c512fe68085de007378c915\"},\"headline\":\"PDK n\u00eb homazhe te Memoriali i Personave t\u00eb Zhdukur:Fati i tyre duhet t\u00eb zbardhet\",\"datePublished\":\"2026-08-30T09:38:00+00:00\",\"dateModified\":\"2026-08-30T11:08:12+00:00\",\"mainEntityOfPage\":{\"@id\":\"https:\\\/\\\/kosovatimes.info\\\/index.php\\\/2026\\\/08\\\/30\\\/pdk-ne-homazhe-te-memoriali-i-personave-te-zhdukurfati-i-tyre-duhet-te-zbardhet\\\/\"},\"wordCount\":190,\"commentCount\":0,\"image\":{\"@id\":\"https:\\\/\\\/kosovatimes.info\\\/index.php\\\/2026\\\/08\\\/30\\\/pdk-ne-homazhe-te-memoriali-i-personave-te-zhdukurfati-i-tyre-duhet-te-zbardhet\\\/#primaryimage\"},\"thumbnailUrl\":\"https:\\\/\\\/kosovatimes.info\\\/wp-content\\\/uploads\\\/2026\\\/08\\\/PDK-15.jpg\",\"articleSection\":[\"Kosov\u00eb\",\"Lajme\"],\"inLanguage\":\"en-US\",\"potentialAction\":[{\"@type\":\"CommentAction\",\"name\":\"Comment\",\"target\":[\"https:\\\/\\\/kosovatimes.info\\\/index.php\\\/2026\\\/08\\\/30\\\/pdk-ne-homazhe-te-memoriali-i-personave-te-zhdukurfati-i-tyre-duhet-te-zbardhet\\\/#respond\"]}]},{\"@type\":\"WebPage\",\"@id\":\"https:\\\/\\\/kosovatimes.info\\\/index.php\\\/2026\\\/08\\\/30\\\/pdk-ne-homazhe-te-memoriali-i-personave-te-zhdukurfati-i-tyre-duhet-te-zbardhet\\\/\",\"url\":\"https:\\\/\\\/kosovatimes.info\\\/index.php\\\/2026\\\/08\\\/30\\\/pdk-ne-homazhe-te-memoriali-i-personave-te-zhdukurfati-i-tyre-duhet-te-zbardhet\\\/\",\"name\":\"PDK n\u00eb homazhe te Memoriali i Personave t\u00eb Zhdukur:Fati i tyre duhet t\u00eb zbardhet - Kosova Times\",\"isPartOf\":{\"@id\":\"https:\\\/\\\/kosovatimes.info\\\/#website\"},\"primaryImageOfPage\":{\"@id\":\"https:\\\/\\\/kosovatimes.info\\\/index.php\\\/2026\\\/08\\\/30\\\/pdk-ne-homazhe-te-memoriali-i-personave-te-zhdukurfati-i-tyre-duhet-te-zbardhet\\\/#primaryimage\"},\"image\":{\"@id\":\"https:\\\/\\\/kosovatimes.info\\\/index.php\\\/2026\\\/08\\\/30\\\/pdk-ne-homazhe-te-memoriali-i-personave-te-zhdukurfati-i-tyre-duhet-te-zbardhet\\\/#primaryimage\"},\"thumbnailUrl\":\"https:\\\/\\\/kosovatimes.info\\\/wp-content\\\/uploads\\\/2026\\\/08\\\/PDK-15.jpg\",\"datePublished\":\"2026-08-30T09:38:00+00:00\",\"dateModified\":\"2026-08-30T11:08:12+00:00\",\"author\":{\"@id\":\"https:\\\/\\\/kosovatimes.info\\\/#\\\/schema\\\/person\\\/7586712b9c512fe68085de007378c915\"},\"breadcrumb\":{\"@id\":\"https:\\\/\\\/kosovatimes.info\\\/index.php\\\/2026\\\/08\\\/30\\\/pdk-ne-homazhe-te-memoriali-i-personave-te-zhdukurfati-i-tyre-duhet-te-zbardhet\\\/#breadcrumb\"},\"inLanguage\":\"en-US\",\"potentialAction\":[{\"@type\":\"ReadAction\",\"target\":[\"https:\\\/\\\/kosovatimes.info\\\/index.php\\\/2026\\\/08\\\/30\\\/pdk-ne-homazhe-te-memoriali-i-personave-te-zhdukurfati-i-tyre-duhet-te-zbardhet\\\/\"]}]},{\"@type\":\"ImageObject\",\"inLanguage\":\"en-US\",\"@id\":\"https:\\\/\\\/kosovatimes.info\\\/index.php\\\/2026\\\/08\\\/30\\\/pdk-ne-homazhe-te-memoriali-i-personave-te-zhdukurfati-i-tyre-duhet-te-zbardhet\\\/#primaryimage\",\"url\":\"https:\\\/\\\/kosovatimes.info\\\/wp-content\\\/uploads\\\/2026\\\/08\\\/PDK-15.jpg\",\"contentUrl\":\"https:\\\/\\\/kosovatimes.info\\\/wp-content\\\/uploads\\\/2026\\\/08\\\/PDK-15.jpg\",\"width\":780,\"height\":500},{\"@type\":\"BreadcrumbList\",\"@id\":\"https:\\\/\\\/kosovatimes.info\\\/index.php\\\/2026\\\/08\\\/30\\\/pdk-ne-homazhe-te-memoriali-i-personave-te-zhdukurfati-i-tyre-duhet-te-zbardhet\\\/#breadcrumb\",\"itemListElement\":[{\"@type\":\"ListItem\",\"position\":1,\"name\":\"Home\",\"item\":\"https:\\\/\\\/kosovatimes.info\\\/\"},{\"@type\":\"ListItem\",\"position\":2,\"name\":\"PDK n\u00eb homazhe te Memoriali i Personave t\u00eb Zhdukur:Fati i tyre duhet t\u00eb zbardhet\"}]},{\"@type\":\"WebSite\",\"@id\":\"https:\\\/\\\/kosovatimes.info\\\/#website\",\"url\":\"https:\\\/\\\/kosovatimes.info\\\/\",\"name\":\"Kosova Times\",\"description\":\"\",\"potentialAction\":[{\"@type\":\"SearchAction\",\"target\":{\"@type\":\"EntryPoint\",\"urlTemplate\":\"https:\\\/\\\/kosovatimes.info\\\/?s={search_term_string}\"},\"query-input\":{\"@type\":\"PropertyValueSpecification\",\"valueRequired\":true,\"valueName\":\"search_term_string\"}}],\"inLanguage\":\"en-US\"},{\"@type\":\"Person\",\"@id\":\"https:\\\/\\\/kosovatimes.info\\\/#\\\/schema\\\/person\\\/7586712b9c512fe68085de007378c915\",\"name\":\"i l\",\"image\":{\"@type\":\"ImageObject\",\"inLanguage\":\"en-US\",\"@id\":\"https:\\\/\\\/secure.gravatar.com\\\/avatar\\\/bad9296e02816160ae2e2435beda58222022298d5625d49fea74d18816fbb31d?s=96&d=mm&r=g\",\"url\":\"https:\\\/\\\/secure.gravatar.com\\\/avatar\\\/bad9296e02816160ae2e2435beda58222022298d5625d49fea74d18816fbb31d?s=96&d=mm&r=g\",\"contentUrl\":\"https:\\\/\\\/secure.gravatar.com\\\/avatar\\\/bad9296e02816160ae2e2435beda58222022298d5625d49fea74d18816fbb31d?s=96&d=mm&r=g\",\"caption\":\"i l\"},\"url\":\"https:\\\/\\\/kosovatimes.info\\\/index.php\\\/author\\\/iliri\\\/\"}]}<\/script>\n<!-- \/ Yoast SEO plugin. -->","yoast_head_json":{"title":"PDK n\u00eb homazhe te Memoriali i Personave t\u00eb Zhdukur:Fati i tyre duhet t\u00eb zbardhet - Kosova Times","robots":{"index":"index","follow":"follow","max-snippet":"max-snippet:-1","max-image-preview":"max-image-preview:large","max-video-preview":"max-video-preview:-1"},"canonical":"https:\/\/kosovatimes.info\/index.php\/2026\/08\/30\/pdk-ne-homazhe-te-memoriali-i-personave-te-zhdukurfati-i-tyre-duhet-te-zbardhet\/","og_locale":"en_US","og_type":"article","og_title":"PDK n\u00eb homazhe te Memoriali i Personave t\u00eb Zhdukur:Fati i tyre duhet t\u00eb zbardhet - Kosova Times","og_description":"Grupi Parlamentar i Partis\u00eb Demokratike t\u00eb Kosov\u00ebs ka b\u00ebr\u00eb homazhe te Memoriali kushtuar personave t\u00eb zhdukur me dhun\u00eb gjat\u00eb luft\u00ebs s\u00eb fundit n\u00eb Kosov\u00eb. N\u00eb nj\u00eb postim n\u00eb rrjetet sociale, PDK-ja tha se me respekt dhe p\u00ebrulje kujton t\u00eb gjith\u00eb personat, fati i t\u00eb cil\u00ebve ende mbetet i pazbardhur, duke shprehur solidaritet me familjet q\u00eb [&hellip;]","og_url":"https:\/\/kosovatimes.info\/index.php\/2026\/08\/30\/pdk-ne-homazhe-te-memoriali-i-personave-te-zhdukurfati-i-tyre-duhet-te-zbardhet\/","og_site_name":"Kosova Times","article_published_time":"2026-08-30T09:38:00+00:00","article_modified_time":"2026-08-30T11:08:12+00:00","og_image":[{"width":780,"height":500,"url":"https:\/\/kosovatimes.info\/wp-content\/uploads\/2026\/08\/PDK-15.jpg","type":"image\/jpeg"}],"author":"i l","twitter_card":"summary_large_image","twitter_misc":{"Written by":"i l","Est. reading time":"1 minute"},"schema":{"@context":"https:\/\/schema.org","@graph":[{"@type":"Article","@id":"https:\/\/kosovatimes.info\/index.php\/2026\/08\/30\/pdk-ne-homazhe-te-memoriali-i-personave-te-zhdukurfati-i-tyre-duhet-te-zbardhet\/#article","isPartOf":{"@id":"https:\/\/kosovatimes.info\/index.php\/2026\/08\/30\/pdk-ne-homazhe-te-memoriali-i-personave-te-zhdukurfati-i-tyre-duhet-te-zbardhet\/"},"author":{"name":"i l","@id":"https:\/\/kosovatimes.info\/#\/schema\/person\/7586712b9c512fe68085de007378c915"},"headline":"PDK n\u00eb homazhe te Memoriali i Personave t\u00eb Zhdukur:Fati i tyre duhet t\u00eb zbardhet","datePublished":"2026-08-30T09:38:00+00:00","dateModified":"2026-08-30T11:08:12+00:00","mainEntityOfPage":{"@id":"https:\/\/kosovatimes.info\/index.php\/2026\/08\/30\/pdk-ne-homazhe-te-memoriali-i-personave-te-zhdukurfati-i-tyre-duhet-te-zbardhet\/"},"wordCount":190,"commentCount":0,"image":{"@id":"https:\/\/kosovatimes.info\/index.php\/2026\/08\/30\/pdk-ne-homazhe-te-memoriali-i-personave-te-zhdukurfati-i-tyre-duhet-te-zbardhet\/#primaryimage"},"thumbnailUrl":"https:\/\/kosovatimes.info\/wp-content\/uploads\/2026\/08\/PDK-15.jpg","articleSection":["Kosov\u00eb","Lajme"],"inLanguage":"en-US","potentialAction":[{"@type":"CommentAction","name":"Comment","target":["https:\/\/kosovatimes.info\/index.php\/2026\/08\/30\/pdk-ne-homazhe-te-memoriali-i-personave-te-zhdukurfati-i-tyre-duhet-te-zbardhet\/#respond"]}]},{"@type":"WebPage","@id":"https:\/\/kosovatimes.info\/index.php\/2026\/08\/30\/pdk-ne-homazhe-te-memoriali-i-personave-te-zhdukurfati-i-tyre-duhet-te-zbardhet\/","url":"https:\/\/kosovatimes.info\/index.php\/2026\/08\/30\/pdk-ne-homazhe-te-memoriali-i-personave-te-zhdukurfati-i-tyre-duhet-te-zbardhet\/","name":"PDK n\u00eb homazhe te Memoriali i Personave t\u00eb Zhdukur:Fati i tyre duhet t\u00eb zbardhet - Kosova Times","isPartOf":{"@id":"https:\/\/kosovatimes.info\/#website"},"primaryImageOfPage":{"@id":"https:\/\/kosovatimes.info\/index.php\/2026\/08\/30\/pdk-ne-homazhe-te-memoriali-i-personave-te-zhdukurfati-i-tyre-duhet-te-zbardhet\/#primaryimage"},"image":{"@id":"https:\/\/kosovatimes.info\/index.php\/2026\/08\/30\/pdk-ne-homazhe-te-memoriali-i-personave-te-zhdukurfati-i-tyre-duhet-te-zbardhet\/#primaryimage"},"thumbnailUrl":"https:\/\/kosovatimes.info\/wp-content\/uploads\/2026\/08\/PDK-15.jpg","datePublished":"2026-08-30T09:38:00+00:00","dateModified":"2026-08-30T11:08:12+00:00","author":{"@id":"https:\/\/kosovatimes.info\/#\/schema\/person\/7586712b9c512fe68085de007378c915"},"breadcrumb":{"@id":"https:\/\/kosovatimes.info\/index.php\/2026\/08\/30\/pdk-ne-homazhe-te-memoriali-i-personave-te-zhdukurfati-i-tyre-duhet-te-zbardhet\/#breadcrumb"},"inLanguage":"en-US","potentialAction":[{"@type":"ReadAction","target":["https:\/\/kosovatimes.info\/index.php\/2026\/08\/30\/pdk-ne-homazhe-te-memoriali-i-personave-te-zhdukurfati-i-tyre-duhet-te-zbardhet\/"]}]},{"@type":"ImageObject","inLanguage":"en-US","@id":"https:\/\/kosovatimes.info\/index.php\/2026\/08\/30\/pdk-ne-homazhe-te-memoriali-i-personave-te-zhdukurfati-i-tyre-duhet-te-zbardhet\/#primaryimage","url":"https:\/\/kosovatimes.info\/wp-content\/uploads\/2026\/08\/PDK-15.jpg","contentUrl":"https:\/\/kosovatimes.info\/wp-content\/uploads\/2026\/08\/PDK-15.jpg","width":780,"height":500},{"@type":"BreadcrumbList","@id":"https:\/\/kosovatimes.info\/index.php\/2026\/08\/30\/pdk-ne-homazhe-te-memoriali-i-personave-te-zhdukurfati-i-tyre-duhet-te-zbardhet\/#breadcrumb","itemListElement":[{"@type":"ListItem","position":1,"name":"Home","item":"https:\/\/kosovatimes.info\/"},{"@type":"ListItem","position":2,"name":"PDK n\u00eb homazhe te Memoriali i Personave t\u00eb Zhdukur:Fati i tyre duhet t\u00eb zbardhet"}]},{"@type":"WebSite","@id":"https:\/\/kosovatimes.info\/#website","url":"https:\/\/kosovatimes.info\/","name":"Kosova Times","description":"","potentialAction":[{"@type":"SearchAction","target":{"@type":"EntryPoint","urlTemplate":"https:\/\/kosovatimes.info\/?s={search_term_string}"},"query-input":{"@type":"PropertyValueSpecification","valueRequired":true,"valueName":"search_term_string"}}],"inLanguage":"en-US"},{"@type":"Person","@id":"https:\/\/kosovatimes.info\/#\/schema\/person\/7586712b9c512fe68085de007378c915","name":"i l","image":{"@type":"ImageObject","inLanguage":"en-US","@id":"https:\/\/secure.gravatar.com\/avatar\/bad9296e02816160ae2e2435beda58222022298d5625d49fea74d18816fbb31d?s=96&d=mm&r=g","url":"https:\/\/secure.gravatar.com\/avatar\/bad9296e02816160ae2e2435beda58222022298d5625d49fea74d18816fbb31d?s=96&d=mm&r=g","contentUrl":"https:\/\/secure.gravatar.com\/avatar\/bad9296e02816160ae2e2435beda58222022298d5625d49fea74d18816fbb31d?s=96&d=mm&r=g","caption":"i l"},"url":"https:\/\/kosovatimes.info\/index.php\/author\/iliri\/"}]}},"_links":{"self":[{"href":"https:\/\/kosovatimes.info\/index.php\/wp-json\/wp\/v2\/posts\/30047","targetHints":{"allow":["GET"]}}],"collection":[{"href":"https:\/\/kosovatimes.info\/index.php\/wp-json\/wp\/v2\/posts"}],"about":[{"href":"https:\/\/kosovatimes.info\/index.php\/wp-json\/wp\/v2\/types\/post"}],"author":[{"embeddable":true,"href":"https:\/\/kosovatimes.info\/index.php\/wp-json\/wp\/v2\/users\/4"}],"replies":[{"embeddable":true,"href":"https:\/\/kosovatimes.info\/index.php\/wp-json\/wp\/v2\/comments?post=30047"}],"version-history":[{"count":1,"href":"https:\/\/kosovatimes.info\/index.php\/wp-json\/wp\/v2\/posts\/30047\/revisions"}],"predecessor-version":[{"id":30049,"href":"https:\/\/kosovatimes.info\/index.php\/wp-json\/wp\/v2\/posts\/30047\/revisions\/30049"}],"wp:featuredmedia":[{"embeddable":true,"href":"https:\/\/kosovatimes.info\/index.php\/wp-json\/wp\/v2\/media\/30048"}],"wp:attachment":[{"href":"https:\/\/kosovatimes.info\/index.php\/wp-json\/wp\/v2\/media?parent=30047"}],"wp:term":[{"taxonomy":"category","embeddable":true,"href":"https:\/\/kosovatimes.info\/index.php\/wp-json\/wp\/v2\/categories?post=30047"},{"taxonomy":"post_tag","embeddable":true,"href":"https:\/\/kosovatimes.info\/index.php\/wp-json\/wp\/v2\/tags?post=30047"}],"curies":[{"name":"wp","href":"https:\/\/api.w.org\/{rel}","templated":true}]}}