{"id":30080,"date":"2026-08-30T19:06:03","date_gmt":"2026-08-30T17:06:03","guid":{"rendered":"https:\/\/kosovatimes.info\/?p=30080"},"modified":"2026-08-30T19:06:05","modified_gmt":"2026-08-30T17:06:05","slug":"video-britmat-dhe-skenat-qe-ndodhen-ne-pale-mbreme-nuk-mund-te-pershkruhen-ndryshe-pervecse-si-te-semura","status":"publish","type":"post","link":"https:\/\/kosovatimes.info\/index.php\/2026\/08\/30\/video-britmat-dhe-skenat-qe-ndodhen-ne-pale-mbreme-nuk-mund-te-pershkruhen-ndryshe-pervecse-si-te-semura\/","title":{"rendered":"VIDEO Britmat dhe skenat q\u00eb ndodh\u00ebn n\u00eb Pale mbr\u00ebm\u00eb nuk mund t\u00eb p\u00ebrshkruhen ndryshe p\u00ebrve\u00e7se si t\u00eb s\u00ebmura"},"content":{"rendered":"\n<p class=\"wp-block-paragraph\">Disa mij\u00ebra njer\u00ebz u mblodh\u00ebn t\u00eb shtun\u00ebn n\u00eb vende t\u00eb ndryshme n\u00eb t\u00eb gjith\u00eb Republik\u00ebn Srpska, p\u00ebrfshir\u00eb Pale, nj\u00eb qytet pran\u00eb Sarajev\u00ebs &#8211; i cili ishte selia e udh\u00ebheqjes politike serbe t\u00eb Bosnj\u00ebs gjat\u00eb luft\u00ebs n\u00eb Bosnj\u00eb dhe Hercegovin\u00eb &#8211; p\u00ebr t\u00eb nderuar kriminelin e luft\u00ebs&nbsp;<strong>Ratko Mladi\u0107<\/strong>&nbsp;, ish-komandantin e Ushtris\u00eb s\u00eb Republik\u00ebs Srpska, i cili u d\u00ebnua me burgim t\u00eb p\u00ebrjetsh\u00ebm me nj\u00eb vendim p\u00ebrfundimtar n\u00eb Hag\u00eb p\u00ebr gjenocidin n\u00eb Srebrenic\u00eb dhe krime t\u00eb tjera lufte, i cili vdiq t\u00eb enjten n\u00eb mosh\u00ebn 84 vje\u00e7.Qindra serb\u00eb n\u00eb Pale ndez\u00ebn qirinj n\u00eb nder t\u00eb Ratko Mladi\u0107 mbr\u00ebm\u00eb, si\u00e7 raportohet nga Istraga.ba s\u00eb bashku me publikimin e nj\u00eb videoje. Turma, si\u00e7 tregohet nga videot q\u00eb qarkullojn\u00eb n\u00eb mediat sociale, ndezi qirinj dhe pishtar\u00eb, brohoriti emrin e Mladi\u0107 dhe k\u00ebndoi k\u00ebng\u00eb n\u00eb nder t\u00eb kriminelit t\u00eb luft\u00ebs. Disa gjithashtu prek\u00ebn dhe p\u00ebrk\u00ebdhel\u00ebn nj\u00eb korniz\u00eb t\u00eb madhe me fotografin\u00eb e tij dhe puth\u00ebn flamurin serb.<\/p>\n\n\n\n<figure class=\"wp-block-embed is-type-rich is-provider-x wp-block-embed-x\"><div class=\"wp-block-embed__wrapper\">\n<blockquote class=\"twitter-tweet\" data-width=\"550\" data-dnt=\"true\"><p lang=\"und\" dir=\"ltr\">Stotine Srba na Palama palilo je sino\u0107 svije\u0107e u \u010dast ratnog zlo\u010dinca Ratka Mladi\u0107a <a href=\"https:\/\/t.co\/GLa9KxQb4z\">pic.twitter.com\/GLa9KxQb4z<\/a><\/p>&mdash; Istraga.ba (@IstragaB) <a href=\"https:\/\/x.com\/IstragaB\/status\/2093975417489133596?ref_src=twsrc%5Etfw\">August 30, 2026<\/a><\/blockquote><script async src=\"https:\/\/platform.x.com\/widgets.js\" charset=\"utf-8\"><\/script>\n<\/div><\/figure>\n\n\n\n<p class=\"wp-block-paragraph\">Nj\u00eb banderol\u00eb e madhe me mbishkrimin &#8220;Ratko Mladi\u0107!&#8221; u vendos n\u00eb mbikalimin n\u00eb rrug\u00ebn midis Pales dhe Jahorin\u00ebs, si\u00e7 raportoi&nbsp;<a href=\"https:\/\/www.oslobodjenje.ba\/vijesti\/bih\/na-putu-pale-jahorina-postavljen-transparent-s-imenom-ratnog-zlocinca-ratka-mladica\/\" target=\"_blank\" rel=\"noopener\">Oslobo\u0111enje<\/a>&nbsp;t\u00eb shtun\u00ebn .<\/p>\n\n\n\n<p class=\"wp-block-paragraph\">Sipas pamjeve t\u00eb postuara n\u00eb mediat sociale, turma njer\u00ebzish i b\u00ebn\u00eb homazhe Mladi\u00e7it n\u00eb Zvornik t\u00eb shtun\u00ebn n\u00eb mbr\u00ebmje, n\u00eb nat\u00ebn e tret\u00eb radhazi t\u00eb tubimeve n\u00eb nder t\u00eb tij.<\/p>\n\n\n\n<p class=\"wp-block-paragraph\">Si\u00e7 mund t\u00eb shihet n\u00eb pamjet filmike, turma brohoriste emrin e Ratko Mladi\u0107-it s\u00eb bashku me britm\u00ebn fam\u00ebkeqe &#8220;Thik\u00eb, tela me gjemba, Srebrenic\u00eb&#8221;, nj\u00eb slogan q\u00eb festonte gjenocidin n\u00eb t\u00eb cilin u ekzekutuan m\u00eb shum\u00eb se 8,000 burra dhe djem boshnjak\u00eb n\u00eb Srebrenic\u00eb n\u00eb vitin 1995.<\/p>\n\n\n\n<p class=\"wp-block-paragraph\">Shum\u00eb nga pjes\u00ebmarr\u00ebsit, sipas raportimeve n\u00eb mediat sociale, ishin t\u00eb rinj t\u00eb lindur &#8211; disa larg &#8211; pas p\u00ebrfundimit t\u00eb luft\u00ebs.<\/p>\n\n\n\n<figure class=\"wp-block-embed is-type-rich is-provider-x wp-block-embed-x\"><div class=\"wp-block-embed__wrapper\">\n<blockquote class=\"twitter-tweet\" data-width=\"550\" data-dnt=\"true\"><p lang=\"en\" dir=\"ltr\">WATCH: Last night in Zvornik, crowds chanting Ratko Mladi\u0107&#39;s name escalated to shouting &quot;Knife, barbed wire, Srebrenica,&quot; a slogan celebrating the 1995 genocide in which over 8,000 Bosniak men and boys were executed.<br><br>The marchers, many of them young men born after the war,\u2026 <a href=\"https:\/\/t.co\/S4yvhzbrcY\">pic.twitter.com\/S4yvhzbrcY<\/a><\/p>&mdash; Clash Report (@clashreport) <a href=\"https:\/\/x.com\/clashreport\/status\/2093984175481045276?ref_src=twsrc%5Etfw\">August 30, 2026<\/a><\/blockquote><script async src=\"https:\/\/platform.x.com\/widgets.js\" charset=\"utf-8\"><\/script>\n<\/div><\/figure>\n\n\n\n<p class=\"wp-block-paragraph\">Qytetar\u00ebt n\u00eb t\u00eb gjith\u00eb Republik\u00ebn Srpska jan\u00eb mbledhur prej dit\u00ebsh p\u00ebr t&#8217;i b\u00ebr\u00eb homazhe kriminelit t\u00eb d\u00ebnuar t\u00eb luft\u00ebs. Pjes\u00ebmarr\u00ebsit n\u00eb tubime shfaqin, prekin dhe puthin publikisht fotografit\u00eb e tij dhe flamujt serb, gj\u00eb q\u00eb ka shkaktuar reagime t\u00eb ashpra dhe d\u00ebnime nga publiku n\u00eb BiH.<\/p>\n\n\n\n<p class=\"wp-block-paragraph\">Nd\u00ebr mesazhet e d\u00ebgjuara n\u00eb tubime, Mladi\u00e7 quhet &#8220;hero serb&#8221;. Sh\u00ebrbime p\u00ebrkujtimore u mbajt\u00ebn n\u00eb disa kisha ortodokse.<\/p>\n","protected":false},"excerpt":{"rendered":"<p>Disa mij\u00ebra njer\u00ebz u mblodh\u00ebn t\u00eb shtun\u00ebn n\u00eb vende t\u00eb ndryshme n\u00eb t\u00eb gjith\u00eb Republik\u00ebn Srpska, p\u00ebrfshir\u00eb Pale, nj\u00eb qytet pran\u00eb Sarajev\u00ebs &#8211; i cili ishte selia e udh\u00ebheqjes politike serbe t\u00eb Bosnj\u00ebs gjat\u00eb luft\u00ebs n\u00eb Bosnj\u00eb dhe Hercegovin\u00eb &#8211; p\u00ebr t\u00eb nderuar kriminelin e luft\u00ebs&nbsp;Ratko Mladi\u0107&nbsp;, ish-komandantin e Ushtris\u00eb s\u00eb Republik\u00ebs Srpska, i cili [&hellip;]<\/p>\n","protected":false},"author":4,"featured_media":30081,"comment_status":"open","ping_status":"open","sticky":false,"template":"","format":"standard","meta":{"footnotes":""},"categories":[30,32],"tags":[],"class_list":["post-30080","post","type-post","status-publish","format-standard","has-post-thumbnail","category-lajme","category-rajon"],"yoast_head":"<!-- This site is optimized with the Yoast SEO plugin v27.4 - https:\/\/yoast.com\/product\/yoast-seo-wordpress\/ -->\n<title>VIDEO Britmat dhe skenat q\u00eb ndodh\u00ebn n\u00eb Pale mbr\u00ebm\u00eb nuk mund t\u00eb p\u00ebrshkruhen ndryshe p\u00ebrve\u00e7se si t\u00eb s\u00ebmura - Kosova Times<\/title>\n<meta name=\"robots\" content=\"index, follow, max-snippet:-1, max-image-preview:large, max-video-preview:-1\" \/>\n<link rel=\"canonical\" href=\"https:\/\/kosovatimes.info\/index.php\/2026\/08\/30\/video-britmat-dhe-skenat-qe-ndodhen-ne-pale-mbreme-nuk-mund-te-pershkruhen-ndryshe-pervecse-si-te-semura\/\" \/>\n<meta property=\"og:locale\" content=\"en_US\" \/>\n<meta property=\"og:type\" content=\"article\" \/>\n<meta property=\"og:title\" content=\"VIDEO Britmat dhe skenat q\u00eb ndodh\u00ebn n\u00eb Pale mbr\u00ebm\u00eb nuk mund t\u00eb p\u00ebrshkruhen ndryshe p\u00ebrve\u00e7se si t\u00eb s\u00ebmura - Kosova Times\" \/>\n<meta property=\"og:description\" content=\"Disa mij\u00ebra njer\u00ebz u mblodh\u00ebn t\u00eb shtun\u00ebn n\u00eb vende t\u00eb ndryshme n\u00eb t\u00eb gjith\u00eb Republik\u00ebn Srpska, p\u00ebrfshir\u00eb Pale, nj\u00eb qytet pran\u00eb Sarajev\u00ebs &#8211; i cili ishte selia e udh\u00ebheqjes politike serbe t\u00eb Bosnj\u00ebs gjat\u00eb luft\u00ebs n\u00eb Bosnj\u00eb dhe Hercegovin\u00eb &#8211; p\u00ebr t\u00eb nderuar kriminelin e luft\u00ebs&nbsp;Ratko Mladi\u0107&nbsp;, ish-komandantin e Ushtris\u00eb s\u00eb Republik\u00ebs Srpska, i cili [&hellip;]\" \/>\n<meta property=\"og:url\" content=\"https:\/\/kosovatimes.info\/index.php\/2026\/08\/30\/video-britmat-dhe-skenat-qe-ndodhen-ne-pale-mbreme-nuk-mund-te-pershkruhen-ndryshe-pervecse-si-te-semura\/\" \/>\n<meta property=\"og:site_name\" content=\"Kosova Times\" \/>\n<meta property=\"article:published_time\" content=\"2026-08-30T17:06:03+00:00\" \/>\n<meta property=\"article:modified_time\" content=\"2026-08-30T17:06:05+00:00\" \/>\n<meta property=\"og:image\" content=\"https:\/\/kosovatimes.info\/wp-content\/uploads\/2026\/08\/f_39507578_1280-1024x536.gif\" \/>\n\t<meta property=\"og:image:width\" content=\"1024\" \/>\n\t<meta property=\"og:image:height\" content=\"536\" \/>\n\t<meta property=\"og:image:type\" content=\"image\/gif\" \/>\n<meta name=\"author\" content=\"i l\" \/>\n<meta name=\"twitter:card\" content=\"summary_large_image\" \/>\n<meta name=\"twitter:label1\" content=\"Written by\" \/>\n\t<meta name=\"twitter:data1\" content=\"i l\" \/>\n\t<meta name=\"twitter:label2\" content=\"Est. reading time\" \/>\n\t<meta name=\"twitter:data2\" content=\"2 minutes\" \/>\n<script type=\"application\/ld+json\" class=\"yoast-schema-graph\">{\"@context\":\"https:\\\/\\\/schema.org\",\"@graph\":[{\"@type\":\"Article\",\"@id\":\"https:\\\/\\\/kosovatimes.info\\\/index.php\\\/2026\\\/08\\\/30\\\/video-britmat-dhe-skenat-qe-ndodhen-ne-pale-mbreme-nuk-mund-te-pershkruhen-ndryshe-pervecse-si-te-semura\\\/#article\",\"isPartOf\":{\"@id\":\"https:\\\/\\\/kosovatimes.info\\\/index.php\\\/2026\\\/08\\\/30\\\/video-britmat-dhe-skenat-qe-ndodhen-ne-pale-mbreme-nuk-mund-te-pershkruhen-ndryshe-pervecse-si-te-semura\\\/\"},\"author\":{\"name\":\"i l\",\"@id\":\"https:\\\/\\\/kosovatimes.info\\\/#\\\/schema\\\/person\\\/7586712b9c512fe68085de007378c915\"},\"headline\":\"VIDEO Britmat dhe skenat q\u00eb ndodh\u00ebn n\u00eb Pale mbr\u00ebm\u00eb nuk mund t\u00eb p\u00ebrshkruhen ndryshe p\u00ebrve\u00e7se si t\u00eb s\u00ebmura\",\"datePublished\":\"2026-08-30T17:06:03+00:00\",\"dateModified\":\"2026-08-30T17:06:05+00:00\",\"mainEntityOfPage\":{\"@id\":\"https:\\\/\\\/kosovatimes.info\\\/index.php\\\/2026\\\/08\\\/30\\\/video-britmat-dhe-skenat-qe-ndodhen-ne-pale-mbreme-nuk-mund-te-pershkruhen-ndryshe-pervecse-si-te-semura\\\/\"},\"wordCount\":497,\"commentCount\":0,\"image\":{\"@id\":\"https:\\\/\\\/kosovatimes.info\\\/index.php\\\/2026\\\/08\\\/30\\\/video-britmat-dhe-skenat-qe-ndodhen-ne-pale-mbreme-nuk-mund-te-pershkruhen-ndryshe-pervecse-si-te-semura\\\/#primaryimage\"},\"thumbnailUrl\":\"https:\\\/\\\/kosovatimes.info\\\/wp-content\\\/uploads\\\/2026\\\/08\\\/f_39507578_1280.gif\",\"articleSection\":[\"Lajme\",\"Rajon\"],\"inLanguage\":\"en-US\",\"potentialAction\":[{\"@type\":\"CommentAction\",\"name\":\"Comment\",\"target\":[\"https:\\\/\\\/kosovatimes.info\\\/index.php\\\/2026\\\/08\\\/30\\\/video-britmat-dhe-skenat-qe-ndodhen-ne-pale-mbreme-nuk-mund-te-pershkruhen-ndryshe-pervecse-si-te-semura\\\/#respond\"]}]},{\"@type\":\"WebPage\",\"@id\":\"https:\\\/\\\/kosovatimes.info\\\/index.php\\\/2026\\\/08\\\/30\\\/video-britmat-dhe-skenat-qe-ndodhen-ne-pale-mbreme-nuk-mund-te-pershkruhen-ndryshe-pervecse-si-te-semura\\\/\",\"url\":\"https:\\\/\\\/kosovatimes.info\\\/index.php\\\/2026\\\/08\\\/30\\\/video-britmat-dhe-skenat-qe-ndodhen-ne-pale-mbreme-nuk-mund-te-pershkruhen-ndryshe-pervecse-si-te-semura\\\/\",\"name\":\"VIDEO Britmat dhe skenat q\u00eb ndodh\u00ebn n\u00eb Pale mbr\u00ebm\u00eb nuk mund t\u00eb p\u00ebrshkruhen ndryshe p\u00ebrve\u00e7se si t\u00eb s\u00ebmura - Kosova Times\",\"isPartOf\":{\"@id\":\"https:\\\/\\\/kosovatimes.info\\\/#website\"},\"primaryImageOfPage\":{\"@id\":\"https:\\\/\\\/kosovatimes.info\\\/index.php\\\/2026\\\/08\\\/30\\\/video-britmat-dhe-skenat-qe-ndodhen-ne-pale-mbreme-nuk-mund-te-pershkruhen-ndryshe-pervecse-si-te-semura\\\/#primaryimage\"},\"image\":{\"@id\":\"https:\\\/\\\/kosovatimes.info\\\/index.php\\\/2026\\\/08\\\/30\\\/video-britmat-dhe-skenat-qe-ndodhen-ne-pale-mbreme-nuk-mund-te-pershkruhen-ndryshe-pervecse-si-te-semura\\\/#primaryimage\"},\"thumbnailUrl\":\"https:\\\/\\\/kosovatimes.info\\\/wp-content\\\/uploads\\\/2026\\\/08\\\/f_39507578_1280.gif\",\"datePublished\":\"2026-08-30T17:06:03+00:00\",\"dateModified\":\"2026-08-30T17:06:05+00:00\",\"author\":{\"@id\":\"https:\\\/\\\/kosovatimes.info\\\/#\\\/schema\\\/person\\\/7586712b9c512fe68085de007378c915\"},\"breadcrumb\":{\"@id\":\"https:\\\/\\\/kosovatimes.info\\\/index.php\\\/2026\\\/08\\\/30\\\/video-britmat-dhe-skenat-qe-ndodhen-ne-pale-mbreme-nuk-mund-te-pershkruhen-ndryshe-pervecse-si-te-semura\\\/#breadcrumb\"},\"inLanguage\":\"en-US\",\"potentialAction\":[{\"@type\":\"ReadAction\",\"target\":[\"https:\\\/\\\/kosovatimes.info\\\/index.php\\\/2026\\\/08\\\/30\\\/video-britmat-dhe-skenat-qe-ndodhen-ne-pale-mbreme-nuk-mund-te-pershkruhen-ndryshe-pervecse-si-te-semura\\\/\"]}]},{\"@type\":\"ImageObject\",\"inLanguage\":\"en-US\",\"@id\":\"https:\\\/\\\/kosovatimes.info\\\/index.php\\\/2026\\\/08\\\/30\\\/video-britmat-dhe-skenat-qe-ndodhen-ne-pale-mbreme-nuk-mund-te-pershkruhen-ndryshe-pervecse-si-te-semura\\\/#primaryimage\",\"url\":\"https:\\\/\\\/kosovatimes.info\\\/wp-content\\\/uploads\\\/2026\\\/08\\\/f_39507578_1280.gif\",\"contentUrl\":\"https:\\\/\\\/kosovatimes.info\\\/wp-content\\\/uploads\\\/2026\\\/08\\\/f_39507578_1280.gif\",\"width\":1280,\"height\":670},{\"@type\":\"BreadcrumbList\",\"@id\":\"https:\\\/\\\/kosovatimes.info\\\/index.php\\\/2026\\\/08\\\/30\\\/video-britmat-dhe-skenat-qe-ndodhen-ne-pale-mbreme-nuk-mund-te-pershkruhen-ndryshe-pervecse-si-te-semura\\\/#breadcrumb\",\"itemListElement\":[{\"@type\":\"ListItem\",\"position\":1,\"name\":\"Home\",\"item\":\"https:\\\/\\\/kosovatimes.info\\\/\"},{\"@type\":\"ListItem\",\"position\":2,\"name\":\"VIDEO Britmat dhe skenat q\u00eb ndodh\u00ebn n\u00eb Pale mbr\u00ebm\u00eb nuk mund t\u00eb p\u00ebrshkruhen ndryshe p\u00ebrve\u00e7se si t\u00eb s\u00ebmura\"}]},{\"@type\":\"WebSite\",\"@id\":\"https:\\\/\\\/kosovatimes.info\\\/#website\",\"url\":\"https:\\\/\\\/kosovatimes.info\\\/\",\"name\":\"Kosova Times\",\"description\":\"\",\"potentialAction\":[{\"@type\":\"SearchAction\",\"target\":{\"@type\":\"EntryPoint\",\"urlTemplate\":\"https:\\\/\\\/kosovatimes.info\\\/?s={search_term_string}\"},\"query-input\":{\"@type\":\"PropertyValueSpecification\",\"valueRequired\":true,\"valueName\":\"search_term_string\"}}],\"inLanguage\":\"en-US\"},{\"@type\":\"Person\",\"@id\":\"https:\\\/\\\/kosovatimes.info\\\/#\\\/schema\\\/person\\\/7586712b9c512fe68085de007378c915\",\"name\":\"i l\",\"image\":{\"@type\":\"ImageObject\",\"inLanguage\":\"en-US\",\"@id\":\"https:\\\/\\\/secure.gravatar.com\\\/avatar\\\/bad9296e02816160ae2e2435beda58222022298d5625d49fea74d18816fbb31d?s=96&d=mm&r=g\",\"url\":\"https:\\\/\\\/secure.gravatar.com\\\/avatar\\\/bad9296e02816160ae2e2435beda58222022298d5625d49fea74d18816fbb31d?s=96&d=mm&r=g\",\"contentUrl\":\"https:\\\/\\\/secure.gravatar.com\\\/avatar\\\/bad9296e02816160ae2e2435beda58222022298d5625d49fea74d18816fbb31d?s=96&d=mm&r=g\",\"caption\":\"i l\"},\"url\":\"https:\\\/\\\/kosovatimes.info\\\/index.php\\\/author\\\/iliri\\\/\"}]}<\/script>\n<!-- \/ Yoast SEO plugin. -->","yoast_head_json":{"title":"VIDEO Britmat dhe skenat q\u00eb ndodh\u00ebn n\u00eb Pale mbr\u00ebm\u00eb nuk mund t\u00eb p\u00ebrshkruhen ndryshe p\u00ebrve\u00e7se si t\u00eb s\u00ebmura - Kosova Times","robots":{"index":"index","follow":"follow","max-snippet":"max-snippet:-1","max-image-preview":"max-image-preview:large","max-video-preview":"max-video-preview:-1"},"canonical":"https:\/\/kosovatimes.info\/index.php\/2026\/08\/30\/video-britmat-dhe-skenat-qe-ndodhen-ne-pale-mbreme-nuk-mund-te-pershkruhen-ndryshe-pervecse-si-te-semura\/","og_locale":"en_US","og_type":"article","og_title":"VIDEO Britmat dhe skenat q\u00eb ndodh\u00ebn n\u00eb Pale mbr\u00ebm\u00eb nuk mund t\u00eb p\u00ebrshkruhen ndryshe p\u00ebrve\u00e7se si t\u00eb s\u00ebmura - Kosova Times","og_description":"Disa mij\u00ebra njer\u00ebz u mblodh\u00ebn t\u00eb shtun\u00ebn n\u00eb vende t\u00eb ndryshme n\u00eb t\u00eb gjith\u00eb Republik\u00ebn Srpska, p\u00ebrfshir\u00eb Pale, nj\u00eb qytet pran\u00eb Sarajev\u00ebs &#8211; i cili ishte selia e udh\u00ebheqjes politike serbe t\u00eb Bosnj\u00ebs gjat\u00eb luft\u00ebs n\u00eb Bosnj\u00eb dhe Hercegovin\u00eb &#8211; p\u00ebr t\u00eb nderuar kriminelin e luft\u00ebs&nbsp;Ratko Mladi\u0107&nbsp;, ish-komandantin e Ushtris\u00eb s\u00eb Republik\u00ebs Srpska, i cili [&hellip;]","og_url":"https:\/\/kosovatimes.info\/index.php\/2026\/08\/30\/video-britmat-dhe-skenat-qe-ndodhen-ne-pale-mbreme-nuk-mund-te-pershkruhen-ndryshe-pervecse-si-te-semura\/","og_site_name":"Kosova Times","article_published_time":"2026-08-30T17:06:03+00:00","article_modified_time":"2026-08-30T17:06:05+00:00","og_image":[{"width":1024,"height":536,"url":"https:\/\/kosovatimes.info\/wp-content\/uploads\/2026\/08\/f_39507578_1280-1024x536.gif","type":"image\/gif"}],"author":"i l","twitter_card":"summary_large_image","twitter_misc":{"Written by":"i l","Est. reading time":"2 minutes"},"schema":{"@context":"https:\/\/schema.org","@graph":[{"@type":"Article","@id":"https:\/\/kosovatimes.info\/index.php\/2026\/08\/30\/video-britmat-dhe-skenat-qe-ndodhen-ne-pale-mbreme-nuk-mund-te-pershkruhen-ndryshe-pervecse-si-te-semura\/#article","isPartOf":{"@id":"https:\/\/kosovatimes.info\/index.php\/2026\/08\/30\/video-britmat-dhe-skenat-qe-ndodhen-ne-pale-mbreme-nuk-mund-te-pershkruhen-ndryshe-pervecse-si-te-semura\/"},"author":{"name":"i l","@id":"https:\/\/kosovatimes.info\/#\/schema\/person\/7586712b9c512fe68085de007378c915"},"headline":"VIDEO Britmat dhe skenat q\u00eb ndodh\u00ebn n\u00eb Pale mbr\u00ebm\u00eb nuk mund t\u00eb p\u00ebrshkruhen ndryshe p\u00ebrve\u00e7se si t\u00eb s\u00ebmura","datePublished":"2026-08-30T17:06:03+00:00","dateModified":"2026-08-30T17:06:05+00:00","mainEntityOfPage":{"@id":"https:\/\/kosovatimes.info\/index.php\/2026\/08\/30\/video-britmat-dhe-skenat-qe-ndodhen-ne-pale-mbreme-nuk-mund-te-pershkruhen-ndryshe-pervecse-si-te-semura\/"},"wordCount":497,"commentCount":0,"image":{"@id":"https:\/\/kosovatimes.info\/index.php\/2026\/08\/30\/video-britmat-dhe-skenat-qe-ndodhen-ne-pale-mbreme-nuk-mund-te-pershkruhen-ndryshe-pervecse-si-te-semura\/#primaryimage"},"thumbnailUrl":"https:\/\/kosovatimes.info\/wp-content\/uploads\/2026\/08\/f_39507578_1280.gif","articleSection":["Lajme","Rajon"],"inLanguage":"en-US","potentialAction":[{"@type":"CommentAction","name":"Comment","target":["https:\/\/kosovatimes.info\/index.php\/2026\/08\/30\/video-britmat-dhe-skenat-qe-ndodhen-ne-pale-mbreme-nuk-mund-te-pershkruhen-ndryshe-pervecse-si-te-semura\/#respond"]}]},{"@type":"WebPage","@id":"https:\/\/kosovatimes.info\/index.php\/2026\/08\/30\/video-britmat-dhe-skenat-qe-ndodhen-ne-pale-mbreme-nuk-mund-te-pershkruhen-ndryshe-pervecse-si-te-semura\/","url":"https:\/\/kosovatimes.info\/index.php\/2026\/08\/30\/video-britmat-dhe-skenat-qe-ndodhen-ne-pale-mbreme-nuk-mund-te-pershkruhen-ndryshe-pervecse-si-te-semura\/","name":"VIDEO Britmat dhe skenat q\u00eb ndodh\u00ebn n\u00eb Pale mbr\u00ebm\u00eb nuk mund t\u00eb p\u00ebrshkruhen ndryshe p\u00ebrve\u00e7se si t\u00eb s\u00ebmura - Kosova Times","isPartOf":{"@id":"https:\/\/kosovatimes.info\/#website"},"primaryImageOfPage":{"@id":"https:\/\/kosovatimes.info\/index.php\/2026\/08\/30\/video-britmat-dhe-skenat-qe-ndodhen-ne-pale-mbreme-nuk-mund-te-pershkruhen-ndryshe-pervecse-si-te-semura\/#primaryimage"},"image":{"@id":"https:\/\/kosovatimes.info\/index.php\/2026\/08\/30\/video-britmat-dhe-skenat-qe-ndodhen-ne-pale-mbreme-nuk-mund-te-pershkruhen-ndryshe-pervecse-si-te-semura\/#primaryimage"},"thumbnailUrl":"https:\/\/kosovatimes.info\/wp-content\/uploads\/2026\/08\/f_39507578_1280.gif","datePublished":"2026-08-30T17:06:03+00:00","dateModified":"2026-08-30T17:06:05+00:00","author":{"@id":"https:\/\/kosovatimes.info\/#\/schema\/person\/7586712b9c512fe68085de007378c915"},"breadcrumb":{"@id":"https:\/\/kosovatimes.info\/index.php\/2026\/08\/30\/video-britmat-dhe-skenat-qe-ndodhen-ne-pale-mbreme-nuk-mund-te-pershkruhen-ndryshe-pervecse-si-te-semura\/#breadcrumb"},"inLanguage":"en-US","potentialAction":[{"@type":"ReadAction","target":["https:\/\/kosovatimes.info\/index.php\/2026\/08\/30\/video-britmat-dhe-skenat-qe-ndodhen-ne-pale-mbreme-nuk-mund-te-pershkruhen-ndryshe-pervecse-si-te-semura\/"]}]},{"@type":"ImageObject","inLanguage":"en-US","@id":"https:\/\/kosovatimes.info\/index.php\/2026\/08\/30\/video-britmat-dhe-skenat-qe-ndodhen-ne-pale-mbreme-nuk-mund-te-pershkruhen-ndryshe-pervecse-si-te-semura\/#primaryimage","url":"https:\/\/kosovatimes.info\/wp-content\/uploads\/2026\/08\/f_39507578_1280.gif","contentUrl":"https:\/\/kosovatimes.info\/wp-content\/uploads\/2026\/08\/f_39507578_1280.gif","width":1280,"height":670},{"@type":"BreadcrumbList","@id":"https:\/\/kosovatimes.info\/index.php\/2026\/08\/30\/video-britmat-dhe-skenat-qe-ndodhen-ne-pale-mbreme-nuk-mund-te-pershkruhen-ndryshe-pervecse-si-te-semura\/#breadcrumb","itemListElement":[{"@type":"ListItem","position":1,"name":"Home","item":"https:\/\/kosovatimes.info\/"},{"@type":"ListItem","position":2,"name":"VIDEO Britmat dhe skenat q\u00eb ndodh\u00ebn n\u00eb Pale mbr\u00ebm\u00eb nuk mund t\u00eb p\u00ebrshkruhen ndryshe p\u00ebrve\u00e7se si t\u00eb s\u00ebmura"}]},{"@type":"WebSite","@id":"https:\/\/kosovatimes.info\/#website","url":"https:\/\/kosovatimes.info\/","name":"Kosova Times","description":"","potentialAction":[{"@type":"SearchAction","target":{"@type":"EntryPoint","urlTemplate":"https:\/\/kosovatimes.info\/?s={search_term_string}"},"query-input":{"@type":"PropertyValueSpecification","valueRequired":true,"valueName":"search_term_string"}}],"inLanguage":"en-US"},{"@type":"Person","@id":"https:\/\/kosovatimes.info\/#\/schema\/person\/7586712b9c512fe68085de007378c915","name":"i l","image":{"@type":"ImageObject","inLanguage":"en-US","@id":"https:\/\/secure.gravatar.com\/avatar\/bad9296e02816160ae2e2435beda58222022298d5625d49fea74d18816fbb31d?s=96&d=mm&r=g","url":"https:\/\/secure.gravatar.com\/avatar\/bad9296e02816160ae2e2435beda58222022298d5625d49fea74d18816fbb31d?s=96&d=mm&r=g","contentUrl":"https:\/\/secure.gravatar.com\/avatar\/bad9296e02816160ae2e2435beda58222022298d5625d49fea74d18816fbb31d?s=96&d=mm&r=g","caption":"i l"},"url":"https:\/\/kosovatimes.info\/index.php\/author\/iliri\/"}]}},"_links":{"self":[{"href":"https:\/\/kosovatimes.info\/index.php\/wp-json\/wp\/v2\/posts\/30080","targetHints":{"allow":["GET"]}}],"collection":[{"href":"https:\/\/kosovatimes.info\/index.php\/wp-json\/wp\/v2\/posts"}],"about":[{"href":"https:\/\/kosovatimes.info\/index.php\/wp-json\/wp\/v2\/types\/post"}],"author":[{"embeddable":true,"href":"https:\/\/kosovatimes.info\/index.php\/wp-json\/wp\/v2\/users\/4"}],"replies":[{"embeddable":true,"href":"https:\/\/kosovatimes.info\/index.php\/wp-json\/wp\/v2\/comments?post=30080"}],"version-history":[{"count":1,"href":"https:\/\/kosovatimes.info\/index.php\/wp-json\/wp\/v2\/posts\/30080\/revisions"}],"predecessor-version":[{"id":30082,"href":"https:\/\/kosovatimes.info\/index.php\/wp-json\/wp\/v2\/posts\/30080\/revisions\/30082"}],"wp:featuredmedia":[{"embeddable":true,"href":"https:\/\/kosovatimes.info\/index.php\/wp-json\/wp\/v2\/media\/30081"}],"wp:attachment":[{"href":"https:\/\/kosovatimes.info\/index.php\/wp-json\/wp\/v2\/media?parent=30080"}],"wp:term":[{"taxonomy":"category","embeddable":true,"href":"https:\/\/kosovatimes.info\/index.php\/wp-json\/wp\/v2\/categories?post=30080"},{"taxonomy":"post_tag","embeddable":true,"href":"https:\/\/kosovatimes.info\/index.php\/wp-json\/wp\/v2\/tags?post=30080"}],"curies":[{"name":"wp","href":"https:\/\/api.w.org\/{rel}","templated":true}]}}