{"id":30086,"date":"2026-08-30T19:18:37","date_gmt":"2026-08-30T17:18:37","guid":{"rendered":"https:\/\/kosovatimes.info\/?p=30086"},"modified":"2026-08-30T19:18:38","modified_gmt":"2026-08-30T17:18:38","slug":"nje-vajze-5-vjecare-gjendet-e-gjalle-nen-rrenoja-shpetimtaret-menduan-se-degjuan-nje-mace","status":"publish","type":"post","link":"https:\/\/kosovatimes.info\/index.php\/2026\/08\/30\/nje-vajze-5-vjecare-gjendet-e-gjalle-nen-rrenoja-shpetimtaret-menduan-se-degjuan-nje-mace\/","title":{"rendered":"Nj\u00eb vajz\u00eb 5-vje\u00e7are gjendet e gjall\u00eb n\u00ebn rr\u00ebnoja \u2013 Shp\u00ebtimtar\u00ebt menduan se d\u00ebgjuan nj\u00eb mace"},"content":{"rendered":"\n<p class=\"wp-block-paragraph\"><strong>Nj\u00eb vajz\u00eb 5-vje\u00e7are<\/strong>&nbsp;q\u00eb u shp\u00ebtua nga rr\u00ebnojat t\u00eb premten (28\/08)&nbsp;u ribashkua me prind\u00ebrit e saj n\u00eb spital ,&nbsp;<strong>dy dit\u00eb pas p\u00ebrmbytjeve shkat\u00ebrruese<\/strong>&nbsp;q\u00eb godit\u00ebn&nbsp;<a href=\"https:\/\/www.kathimerini.gr\/tag\/nepal\/\" target=\"_blank\" rel=\"noopener\">Nepalin<\/a>&nbsp;.<\/p>\n\n\n\n<p class=\"wp-block-paragraph\">Manisa e vog\u00ebl&nbsp;<strong>po trajtohet n\u00eb gjendje t\u00eb q\u00ebndrueshme<\/strong>&nbsp;n\u00eb Spitalin M\u00ebsimor t\u00eb Katmandus\u00eb, tha nj\u00eb zyrtar i spitalit p\u00ebr BBC-n\u00eb.<\/p>\n\n\n\n<p class=\"wp-block-paragraph\">Shp\u00ebtimi i saj ndodhi n\u00eb rrethana trondit\u00ebse.<\/p>\n\n\n\n<figure class=\"wp-block-embed is-type-rich is-provider-x wp-block-embed-x\"><div class=\"wp-block-embed__wrapper\">\n<blockquote class=\"twitter-tweet\" data-width=\"550\" data-dnt=\"true\"><p lang=\"en\" dir=\"ltr\">A 6-year-old girl, Manisha Magar, has been safely rescued by the APF Rescue Team in Timure, Rasuwa.<br><br>She was taken to Kathmandu for further treatment.<br><br>Praying for her full recovery. \u2764\ufe0f\u200d\ud83e\ude79\ud83d\ude4f <a href=\"https:\/\/t.co\/zoidNV1Nf3\">pic.twitter.com\/zoidNV1Nf3<\/a><\/p>&mdash; PANSO QUEEN \ud83c\udf3c\ud83d\udc1d (@Niinameelah) <a href=\"https:\/\/x.com\/Niinameelah\/status\/2094000223236333642?ref_src=twsrc%5Etfw\">August 30, 2026<\/a><\/blockquote><script async src=\"https:\/\/platform.x.com\/widgets.js\" charset=\"utf-8\"><\/script>\n<\/div><\/figure>\n\n\n\n<p class=\"wp-block-paragraph\">Ekipet e shp\u00ebtimit po k\u00ebrkonin t\u00eb mbijetuar pran\u00eb Syambrubesi n\u00eb rajonin Rasuva kur&nbsp;<strong>d\u00ebgjuan nj\u00eb zhurm\u00eb t\u00eb dob\u00ebt q\u00eb vinte<\/strong>&nbsp;nga posht\u00eb rr\u00ebnojave. Fillimisht ata&nbsp;<strong>menduan se ishte nj\u00eb<\/strong>&nbsp;mace e bllokuar.<\/p>\n\n\n\n<p class=\"wp-block-paragraph\">Ekipet e shp\u00ebtimit filluan t\u00eb kontrollonin vendin e ngjarjes dhe&nbsp;<strong>t\u00eb hiqnin rr\u00ebnojat<\/strong>&nbsp;. At\u00ebher\u00eb pan\u00eb Manis\u00ebn,&nbsp;<strong>t\u00eb bllokuar<\/strong>&nbsp;n\u00ebn rr\u00ebnoja.<\/p>\n\n\n\n<h2 class=\"wp-block-heading\">Dy or\u00eb p\u00ebr ta liruar at\u00eb<\/h2>\n\n\n\n<p class=\"wp-block-paragraph\">Sipas Sanju Khatri, nj\u00eb oficer policie me Forc\u00ebn e Policis\u00eb s\u00eb Armatosur t\u00eb Nepalit,&nbsp;<strong>u desh\u00ebn rreth dy or\u00eb<\/strong>&nbsp;p\u00ebr t\u00eb liruar f\u00ebmij\u00ebn.<\/p>\n\n\n\n<p class=\"wp-block-paragraph\">5-vje\u00e7arja ishte&nbsp;<strong>gjall\u00eb<\/strong>&nbsp;, por&nbsp;<strong>mezi reagonte<\/strong>&nbsp;kur u nxor jasht\u00eb.<\/p>\n\n\n\n<p class=\"wp-block-paragraph\">Ekipi i shp\u00ebtimit k\u00ebrkoi&nbsp;<strong>ndihm\u00eb me helikopter<\/strong>&nbsp;p\u00ebr ta transportuar menj\u00ebher\u00eb n\u00eb spital, por kushtet e k\u00ebqija t\u00eb motit&nbsp;<strong>nuk e lejuan transportimin e saj ajror<\/strong>&nbsp;.<\/p>\n\n\n\n<p class=\"wp-block-paragraph\">K\u00ebshtu, shp\u00ebtuesit&nbsp;<strong>fillimisht e \u00e7uan at\u00eb n\u00eb<\/strong>&nbsp;kampin e forc\u00ebs, ku i dhan\u00eb uj\u00eb. Pas pak kohe,&nbsp;<strong>Manisa rifitoi vet\u00ebdijen<\/strong>&nbsp;dhe shp\u00ebtuesit filluan t&#8217;i jepnin&nbsp;<strong>uj\u00eb t\u00eb zier orizi<\/strong>&nbsp;p\u00ebr ta ndihmuar t\u00eb rifitonte forc\u00ebn.<\/p>\n\n\n\n<h2 class=\"wp-block-heading\">Ajo u ribashkua me prind\u00ebrit e saj.<\/h2>\n\n\n\n<p class=\"wp-block-paragraph\">Vajza e vog\u00ebl ishte&nbsp;<strong>duksh\u00ebm e tronditur nga ajo q\u00eb kishte p\u00ebrjetuar<\/strong>&nbsp;, por t\u00eb shtun\u00ebn pasdite (29\/08) ajo u&nbsp;<strong>transportua me helikopter<\/strong>&nbsp;n\u00eb departamentin e urgjenc\u00ebs pediatrike t\u00eb Spitalit M\u00ebsimor n\u00eb Katmandu, ku&nbsp;<strong>u ribashkua<\/strong>&nbsp;me prind\u00ebrit e saj.<\/p>\n\n\n\n<p class=\"wp-block-paragraph\">N\u00eb nj\u00eb p\u00ebrdit\u00ebsim t\u00eb m\u00ebtejsh\u00ebm t\u00eb diel\u00ebn (30\/08), spitali i tha BBC-s\u00eb se&nbsp;<strong>5-vje\u00e7arja po sh\u00ebrohet dhe gjendja e saj \u00ebsht\u00eb e q\u00ebndrueshme<\/strong>&nbsp;.<\/p>\n\n\n\n<p class=\"wp-block-paragraph\"><em>Me informacion nga BBC<\/em><\/p>\n","protected":false},"excerpt":{"rendered":"<p>Nj\u00eb vajz\u00eb 5-vje\u00e7are&nbsp;q\u00eb u shp\u00ebtua nga rr\u00ebnojat t\u00eb premten (28\/08)&nbsp;u ribashkua me prind\u00ebrit e saj n\u00eb spital ,&nbsp;dy dit\u00eb pas p\u00ebrmbytjeve shkat\u00ebrruese&nbsp;q\u00eb godit\u00ebn&nbsp;Nepalin&nbsp;. Manisa e vog\u00ebl&nbsp;po trajtohet n\u00eb gjendje t\u00eb q\u00ebndrueshme&nbsp;n\u00eb Spitalin M\u00ebsimor t\u00eb Katmandus\u00eb, tha nj\u00eb zyrtar i spitalit p\u00ebr BBC-n\u00eb. Shp\u00ebtimi i saj ndodhi n\u00eb rrethana trondit\u00ebse. Ekipet e shp\u00ebtimit po k\u00ebrkonin t\u00eb [&hellip;]<\/p>\n","protected":false},"author":4,"featured_media":30087,"comment_status":"open","ping_status":"open","sticky":false,"template":"","format":"standard","meta":{"footnotes":""},"categories":[33,30],"tags":[],"class_list":["post-30086","post","type-post","status-publish","format-standard","has-post-thumbnail","category-bote","category-lajme"],"yoast_head":"<!-- This site is optimized with the Yoast SEO plugin v27.4 - https:\/\/yoast.com\/product\/yoast-seo-wordpress\/ -->\n<title>Nj\u00eb vajz\u00eb 5-vje\u00e7are gjendet e gjall\u00eb n\u00ebn rr\u00ebnoja \u2013 Shp\u00ebtimtar\u00ebt menduan se d\u00ebgjuan nj\u00eb mace - Kosova Times<\/title>\n<meta name=\"robots\" content=\"index, follow, max-snippet:-1, max-image-preview:large, max-video-preview:-1\" \/>\n<link rel=\"canonical\" href=\"https:\/\/kosovatimes.info\/index.php\/2026\/08\/30\/nje-vajze-5-vjecare-gjendet-e-gjalle-nen-rrenoja-shpetimtaret-menduan-se-degjuan-nje-mace\/\" \/>\n<meta property=\"og:locale\" content=\"en_US\" \/>\n<meta property=\"og:type\" content=\"article\" \/>\n<meta property=\"og:title\" content=\"Nj\u00eb vajz\u00eb 5-vje\u00e7are gjendet e gjall\u00eb n\u00ebn rr\u00ebnoja \u2013 Shp\u00ebtimtar\u00ebt menduan se d\u00ebgjuan nj\u00eb mace - Kosova Times\" \/>\n<meta property=\"og:description\" content=\"Nj\u00eb vajz\u00eb 5-vje\u00e7are&nbsp;q\u00eb u shp\u00ebtua nga rr\u00ebnojat t\u00eb premten (28\/08)&nbsp;u ribashkua me prind\u00ebrit e saj n\u00eb spital ,&nbsp;dy dit\u00eb pas p\u00ebrmbytjeve shkat\u00ebrruese&nbsp;q\u00eb godit\u00ebn&nbsp;Nepalin&nbsp;. Manisa e vog\u00ebl&nbsp;po trajtohet n\u00eb gjendje t\u00eb q\u00ebndrueshme&nbsp;n\u00eb Spitalin M\u00ebsimor t\u00eb Katmandus\u00eb, tha nj\u00eb zyrtar i spitalit p\u00ebr BBC-n\u00eb. Shp\u00ebtimi i saj ndodhi n\u00eb rrethana trondit\u00ebse. Ekipet e shp\u00ebtimit po k\u00ebrkonin t\u00eb [&hellip;]\" \/>\n<meta property=\"og:url\" content=\"https:\/\/kosovatimes.info\/index.php\/2026\/08\/30\/nje-vajze-5-vjecare-gjendet-e-gjalle-nen-rrenoja-shpetimtaret-menduan-se-degjuan-nje-mace\/\" \/>\n<meta property=\"og:site_name\" content=\"Kosova Times\" \/>\n<meta property=\"article:published_time\" content=\"2026-08-30T17:18:37+00:00\" \/>\n<meta property=\"article:modified_time\" content=\"2026-08-30T17:18:38+00:00\" \/>\n<meta property=\"og:image\" content=\"https:\/\/kosovatimes.info\/wp-content\/uploads\/2026\/08\/vajza.png\" \/>\n\t<meta property=\"og:image:width\" content=\"499\" \/>\n\t<meta property=\"og:image:height\" content=\"281\" \/>\n\t<meta property=\"og:image:type\" content=\"image\/png\" \/>\n<meta name=\"author\" content=\"i l\" \/>\n<meta name=\"twitter:card\" content=\"summary_large_image\" \/>\n<meta name=\"twitter:label1\" content=\"Written by\" \/>\n\t<meta name=\"twitter:data1\" content=\"i l\" \/>\n\t<meta name=\"twitter:label2\" content=\"Est. reading time\" \/>\n\t<meta name=\"twitter:data2\" content=\"2 minutes\" \/>\n<script type=\"application\/ld+json\" class=\"yoast-schema-graph\">{\"@context\":\"https:\\\/\\\/schema.org\",\"@graph\":[{\"@type\":\"Article\",\"@id\":\"https:\\\/\\\/kosovatimes.info\\\/index.php\\\/2026\\\/08\\\/30\\\/nje-vajze-5-vjecare-gjendet-e-gjalle-nen-rrenoja-shpetimtaret-menduan-se-degjuan-nje-mace\\\/#article\",\"isPartOf\":{\"@id\":\"https:\\\/\\\/kosovatimes.info\\\/index.php\\\/2026\\\/08\\\/30\\\/nje-vajze-5-vjecare-gjendet-e-gjalle-nen-rrenoja-shpetimtaret-menduan-se-degjuan-nje-mace\\\/\"},\"author\":{\"name\":\"i l\",\"@id\":\"https:\\\/\\\/kosovatimes.info\\\/#\\\/schema\\\/person\\\/7586712b9c512fe68085de007378c915\"},\"headline\":\"Nj\u00eb vajz\u00eb 5-vje\u00e7are gjendet e gjall\u00eb n\u00ebn rr\u00ebnoja \u2013 Shp\u00ebtimtar\u00ebt menduan se d\u00ebgjuan nj\u00eb mace\",\"datePublished\":\"2026-08-30T17:18:37+00:00\",\"dateModified\":\"2026-08-30T17:18:38+00:00\",\"mainEntityOfPage\":{\"@id\":\"https:\\\/\\\/kosovatimes.info\\\/index.php\\\/2026\\\/08\\\/30\\\/nje-vajze-5-vjecare-gjendet-e-gjalle-nen-rrenoja-shpetimtaret-menduan-se-degjuan-nje-mace\\\/\"},\"wordCount\":438,\"commentCount\":0,\"image\":{\"@id\":\"https:\\\/\\\/kosovatimes.info\\\/index.php\\\/2026\\\/08\\\/30\\\/nje-vajze-5-vjecare-gjendet-e-gjalle-nen-rrenoja-shpetimtaret-menduan-se-degjuan-nje-mace\\\/#primaryimage\"},\"thumbnailUrl\":\"https:\\\/\\\/kosovatimes.info\\\/wp-content\\\/uploads\\\/2026\\\/08\\\/vajza.png\",\"articleSection\":[\"Bot\u00eb\",\"Lajme\"],\"inLanguage\":\"en-US\",\"potentialAction\":[{\"@type\":\"CommentAction\",\"name\":\"Comment\",\"target\":[\"https:\\\/\\\/kosovatimes.info\\\/index.php\\\/2026\\\/08\\\/30\\\/nje-vajze-5-vjecare-gjendet-e-gjalle-nen-rrenoja-shpetimtaret-menduan-se-degjuan-nje-mace\\\/#respond\"]}]},{\"@type\":\"WebPage\",\"@id\":\"https:\\\/\\\/kosovatimes.info\\\/index.php\\\/2026\\\/08\\\/30\\\/nje-vajze-5-vjecare-gjendet-e-gjalle-nen-rrenoja-shpetimtaret-menduan-se-degjuan-nje-mace\\\/\",\"url\":\"https:\\\/\\\/kosovatimes.info\\\/index.php\\\/2026\\\/08\\\/30\\\/nje-vajze-5-vjecare-gjendet-e-gjalle-nen-rrenoja-shpetimtaret-menduan-se-degjuan-nje-mace\\\/\",\"name\":\"Nj\u00eb vajz\u00eb 5-vje\u00e7are gjendet e gjall\u00eb n\u00ebn rr\u00ebnoja \u2013 Shp\u00ebtimtar\u00ebt menduan se d\u00ebgjuan nj\u00eb mace - Kosova Times\",\"isPartOf\":{\"@id\":\"https:\\\/\\\/kosovatimes.info\\\/#website\"},\"primaryImageOfPage\":{\"@id\":\"https:\\\/\\\/kosovatimes.info\\\/index.php\\\/2026\\\/08\\\/30\\\/nje-vajze-5-vjecare-gjendet-e-gjalle-nen-rrenoja-shpetimtaret-menduan-se-degjuan-nje-mace\\\/#primaryimage\"},\"image\":{\"@id\":\"https:\\\/\\\/kosovatimes.info\\\/index.php\\\/2026\\\/08\\\/30\\\/nje-vajze-5-vjecare-gjendet-e-gjalle-nen-rrenoja-shpetimtaret-menduan-se-degjuan-nje-mace\\\/#primaryimage\"},\"thumbnailUrl\":\"https:\\\/\\\/kosovatimes.info\\\/wp-content\\\/uploads\\\/2026\\\/08\\\/vajza.png\",\"datePublished\":\"2026-08-30T17:18:37+00:00\",\"dateModified\":\"2026-08-30T17:18:38+00:00\",\"author\":{\"@id\":\"https:\\\/\\\/kosovatimes.info\\\/#\\\/schema\\\/person\\\/7586712b9c512fe68085de007378c915\"},\"breadcrumb\":{\"@id\":\"https:\\\/\\\/kosovatimes.info\\\/index.php\\\/2026\\\/08\\\/30\\\/nje-vajze-5-vjecare-gjendet-e-gjalle-nen-rrenoja-shpetimtaret-menduan-se-degjuan-nje-mace\\\/#breadcrumb\"},\"inLanguage\":\"en-US\",\"potentialAction\":[{\"@type\":\"ReadAction\",\"target\":[\"https:\\\/\\\/kosovatimes.info\\\/index.php\\\/2026\\\/08\\\/30\\\/nje-vajze-5-vjecare-gjendet-e-gjalle-nen-rrenoja-shpetimtaret-menduan-se-degjuan-nje-mace\\\/\"]}]},{\"@type\":\"ImageObject\",\"inLanguage\":\"en-US\",\"@id\":\"https:\\\/\\\/kosovatimes.info\\\/index.php\\\/2026\\\/08\\\/30\\\/nje-vajze-5-vjecare-gjendet-e-gjalle-nen-rrenoja-shpetimtaret-menduan-se-degjuan-nje-mace\\\/#primaryimage\",\"url\":\"https:\\\/\\\/kosovatimes.info\\\/wp-content\\\/uploads\\\/2026\\\/08\\\/vajza.png\",\"contentUrl\":\"https:\\\/\\\/kosovatimes.info\\\/wp-content\\\/uploads\\\/2026\\\/08\\\/vajza.png\",\"width\":499,\"height\":281},{\"@type\":\"BreadcrumbList\",\"@id\":\"https:\\\/\\\/kosovatimes.info\\\/index.php\\\/2026\\\/08\\\/30\\\/nje-vajze-5-vjecare-gjendet-e-gjalle-nen-rrenoja-shpetimtaret-menduan-se-degjuan-nje-mace\\\/#breadcrumb\",\"itemListElement\":[{\"@type\":\"ListItem\",\"position\":1,\"name\":\"Home\",\"item\":\"https:\\\/\\\/kosovatimes.info\\\/\"},{\"@type\":\"ListItem\",\"position\":2,\"name\":\"Nj\u00eb vajz\u00eb 5-vje\u00e7are gjendet e gjall\u00eb n\u00ebn rr\u00ebnoja \u2013 Shp\u00ebtimtar\u00ebt menduan se d\u00ebgjuan nj\u00eb mace\"}]},{\"@type\":\"WebSite\",\"@id\":\"https:\\\/\\\/kosovatimes.info\\\/#website\",\"url\":\"https:\\\/\\\/kosovatimes.info\\\/\",\"name\":\"Kosova Times\",\"description\":\"\",\"potentialAction\":[{\"@type\":\"SearchAction\",\"target\":{\"@type\":\"EntryPoint\",\"urlTemplate\":\"https:\\\/\\\/kosovatimes.info\\\/?s={search_term_string}\"},\"query-input\":{\"@type\":\"PropertyValueSpecification\",\"valueRequired\":true,\"valueName\":\"search_term_string\"}}],\"inLanguage\":\"en-US\"},{\"@type\":\"Person\",\"@id\":\"https:\\\/\\\/kosovatimes.info\\\/#\\\/schema\\\/person\\\/7586712b9c512fe68085de007378c915\",\"name\":\"i l\",\"image\":{\"@type\":\"ImageObject\",\"inLanguage\":\"en-US\",\"@id\":\"https:\\\/\\\/secure.gravatar.com\\\/avatar\\\/bad9296e02816160ae2e2435beda58222022298d5625d49fea74d18816fbb31d?s=96&d=mm&r=g\",\"url\":\"https:\\\/\\\/secure.gravatar.com\\\/avatar\\\/bad9296e02816160ae2e2435beda58222022298d5625d49fea74d18816fbb31d?s=96&d=mm&r=g\",\"contentUrl\":\"https:\\\/\\\/secure.gravatar.com\\\/avatar\\\/bad9296e02816160ae2e2435beda58222022298d5625d49fea74d18816fbb31d?s=96&d=mm&r=g\",\"caption\":\"i l\"},\"url\":\"https:\\\/\\\/kosovatimes.info\\\/index.php\\\/author\\\/iliri\\\/\"}]}<\/script>\n<!-- \/ Yoast SEO plugin. -->","yoast_head_json":{"title":"Nj\u00eb vajz\u00eb 5-vje\u00e7are gjendet e gjall\u00eb n\u00ebn rr\u00ebnoja \u2013 Shp\u00ebtimtar\u00ebt menduan se d\u00ebgjuan nj\u00eb mace - Kosova Times","robots":{"index":"index","follow":"follow","max-snippet":"max-snippet:-1","max-image-preview":"max-image-preview:large","max-video-preview":"max-video-preview:-1"},"canonical":"https:\/\/kosovatimes.info\/index.php\/2026\/08\/30\/nje-vajze-5-vjecare-gjendet-e-gjalle-nen-rrenoja-shpetimtaret-menduan-se-degjuan-nje-mace\/","og_locale":"en_US","og_type":"article","og_title":"Nj\u00eb vajz\u00eb 5-vje\u00e7are gjendet e gjall\u00eb n\u00ebn rr\u00ebnoja \u2013 Shp\u00ebtimtar\u00ebt menduan se d\u00ebgjuan nj\u00eb mace - Kosova Times","og_description":"Nj\u00eb vajz\u00eb 5-vje\u00e7are&nbsp;q\u00eb u shp\u00ebtua nga rr\u00ebnojat t\u00eb premten (28\/08)&nbsp;u ribashkua me prind\u00ebrit e saj n\u00eb spital ,&nbsp;dy dit\u00eb pas p\u00ebrmbytjeve shkat\u00ebrruese&nbsp;q\u00eb godit\u00ebn&nbsp;Nepalin&nbsp;. Manisa e vog\u00ebl&nbsp;po trajtohet n\u00eb gjendje t\u00eb q\u00ebndrueshme&nbsp;n\u00eb Spitalin M\u00ebsimor t\u00eb Katmandus\u00eb, tha nj\u00eb zyrtar i spitalit p\u00ebr BBC-n\u00eb. Shp\u00ebtimi i saj ndodhi n\u00eb rrethana trondit\u00ebse. Ekipet e shp\u00ebtimit po k\u00ebrkonin t\u00eb [&hellip;]","og_url":"https:\/\/kosovatimes.info\/index.php\/2026\/08\/30\/nje-vajze-5-vjecare-gjendet-e-gjalle-nen-rrenoja-shpetimtaret-menduan-se-degjuan-nje-mace\/","og_site_name":"Kosova Times","article_published_time":"2026-08-30T17:18:37+00:00","article_modified_time":"2026-08-30T17:18:38+00:00","og_image":[{"width":499,"height":281,"url":"https:\/\/kosovatimes.info\/wp-content\/uploads\/2026\/08\/vajza.png","type":"image\/png"}],"author":"i l","twitter_card":"summary_large_image","twitter_misc":{"Written by":"i l","Est. reading time":"2 minutes"},"schema":{"@context":"https:\/\/schema.org","@graph":[{"@type":"Article","@id":"https:\/\/kosovatimes.info\/index.php\/2026\/08\/30\/nje-vajze-5-vjecare-gjendet-e-gjalle-nen-rrenoja-shpetimtaret-menduan-se-degjuan-nje-mace\/#article","isPartOf":{"@id":"https:\/\/kosovatimes.info\/index.php\/2026\/08\/30\/nje-vajze-5-vjecare-gjendet-e-gjalle-nen-rrenoja-shpetimtaret-menduan-se-degjuan-nje-mace\/"},"author":{"name":"i l","@id":"https:\/\/kosovatimes.info\/#\/schema\/person\/7586712b9c512fe68085de007378c915"},"headline":"Nj\u00eb vajz\u00eb 5-vje\u00e7are gjendet e gjall\u00eb n\u00ebn rr\u00ebnoja \u2013 Shp\u00ebtimtar\u00ebt menduan se d\u00ebgjuan nj\u00eb mace","datePublished":"2026-08-30T17:18:37+00:00","dateModified":"2026-08-30T17:18:38+00:00","mainEntityOfPage":{"@id":"https:\/\/kosovatimes.info\/index.php\/2026\/08\/30\/nje-vajze-5-vjecare-gjendet-e-gjalle-nen-rrenoja-shpetimtaret-menduan-se-degjuan-nje-mace\/"},"wordCount":438,"commentCount":0,"image":{"@id":"https:\/\/kosovatimes.info\/index.php\/2026\/08\/30\/nje-vajze-5-vjecare-gjendet-e-gjalle-nen-rrenoja-shpetimtaret-menduan-se-degjuan-nje-mace\/#primaryimage"},"thumbnailUrl":"https:\/\/kosovatimes.info\/wp-content\/uploads\/2026\/08\/vajza.png","articleSection":["Bot\u00eb","Lajme"],"inLanguage":"en-US","potentialAction":[{"@type":"CommentAction","name":"Comment","target":["https:\/\/kosovatimes.info\/index.php\/2026\/08\/30\/nje-vajze-5-vjecare-gjendet-e-gjalle-nen-rrenoja-shpetimtaret-menduan-se-degjuan-nje-mace\/#respond"]}]},{"@type":"WebPage","@id":"https:\/\/kosovatimes.info\/index.php\/2026\/08\/30\/nje-vajze-5-vjecare-gjendet-e-gjalle-nen-rrenoja-shpetimtaret-menduan-se-degjuan-nje-mace\/","url":"https:\/\/kosovatimes.info\/index.php\/2026\/08\/30\/nje-vajze-5-vjecare-gjendet-e-gjalle-nen-rrenoja-shpetimtaret-menduan-se-degjuan-nje-mace\/","name":"Nj\u00eb vajz\u00eb 5-vje\u00e7are gjendet e gjall\u00eb n\u00ebn rr\u00ebnoja \u2013 Shp\u00ebtimtar\u00ebt menduan se d\u00ebgjuan nj\u00eb mace - Kosova Times","isPartOf":{"@id":"https:\/\/kosovatimes.info\/#website"},"primaryImageOfPage":{"@id":"https:\/\/kosovatimes.info\/index.php\/2026\/08\/30\/nje-vajze-5-vjecare-gjendet-e-gjalle-nen-rrenoja-shpetimtaret-menduan-se-degjuan-nje-mace\/#primaryimage"},"image":{"@id":"https:\/\/kosovatimes.info\/index.php\/2026\/08\/30\/nje-vajze-5-vjecare-gjendet-e-gjalle-nen-rrenoja-shpetimtaret-menduan-se-degjuan-nje-mace\/#primaryimage"},"thumbnailUrl":"https:\/\/kosovatimes.info\/wp-content\/uploads\/2026\/08\/vajza.png","datePublished":"2026-08-30T17:18:37+00:00","dateModified":"2026-08-30T17:18:38+00:00","author":{"@id":"https:\/\/kosovatimes.info\/#\/schema\/person\/7586712b9c512fe68085de007378c915"},"breadcrumb":{"@id":"https:\/\/kosovatimes.info\/index.php\/2026\/08\/30\/nje-vajze-5-vjecare-gjendet-e-gjalle-nen-rrenoja-shpetimtaret-menduan-se-degjuan-nje-mace\/#breadcrumb"},"inLanguage":"en-US","potentialAction":[{"@type":"ReadAction","target":["https:\/\/kosovatimes.info\/index.php\/2026\/08\/30\/nje-vajze-5-vjecare-gjendet-e-gjalle-nen-rrenoja-shpetimtaret-menduan-se-degjuan-nje-mace\/"]}]},{"@type":"ImageObject","inLanguage":"en-US","@id":"https:\/\/kosovatimes.info\/index.php\/2026\/08\/30\/nje-vajze-5-vjecare-gjendet-e-gjalle-nen-rrenoja-shpetimtaret-menduan-se-degjuan-nje-mace\/#primaryimage","url":"https:\/\/kosovatimes.info\/wp-content\/uploads\/2026\/08\/vajza.png","contentUrl":"https:\/\/kosovatimes.info\/wp-content\/uploads\/2026\/08\/vajza.png","width":499,"height":281},{"@type":"BreadcrumbList","@id":"https:\/\/kosovatimes.info\/index.php\/2026\/08\/30\/nje-vajze-5-vjecare-gjendet-e-gjalle-nen-rrenoja-shpetimtaret-menduan-se-degjuan-nje-mace\/#breadcrumb","itemListElement":[{"@type":"ListItem","position":1,"name":"Home","item":"https:\/\/kosovatimes.info\/"},{"@type":"ListItem","position":2,"name":"Nj\u00eb vajz\u00eb 5-vje\u00e7are gjendet e gjall\u00eb n\u00ebn rr\u00ebnoja \u2013 Shp\u00ebtimtar\u00ebt menduan se d\u00ebgjuan nj\u00eb mace"}]},{"@type":"WebSite","@id":"https:\/\/kosovatimes.info\/#website","url":"https:\/\/kosovatimes.info\/","name":"Kosova Times","description":"","potentialAction":[{"@type":"SearchAction","target":{"@type":"EntryPoint","urlTemplate":"https:\/\/kosovatimes.info\/?s={search_term_string}"},"query-input":{"@type":"PropertyValueSpecification","valueRequired":true,"valueName":"search_term_string"}}],"inLanguage":"en-US"},{"@type":"Person","@id":"https:\/\/kosovatimes.info\/#\/schema\/person\/7586712b9c512fe68085de007378c915","name":"i l","image":{"@type":"ImageObject","inLanguage":"en-US","@id":"https:\/\/secure.gravatar.com\/avatar\/bad9296e02816160ae2e2435beda58222022298d5625d49fea74d18816fbb31d?s=96&d=mm&r=g","url":"https:\/\/secure.gravatar.com\/avatar\/bad9296e02816160ae2e2435beda58222022298d5625d49fea74d18816fbb31d?s=96&d=mm&r=g","contentUrl":"https:\/\/secure.gravatar.com\/avatar\/bad9296e02816160ae2e2435beda58222022298d5625d49fea74d18816fbb31d?s=96&d=mm&r=g","caption":"i l"},"url":"https:\/\/kosovatimes.info\/index.php\/author\/iliri\/"}]}},"_links":{"self":[{"href":"https:\/\/kosovatimes.info\/index.php\/wp-json\/wp\/v2\/posts\/30086","targetHints":{"allow":["GET"]}}],"collection":[{"href":"https:\/\/kosovatimes.info\/index.php\/wp-json\/wp\/v2\/posts"}],"about":[{"href":"https:\/\/kosovatimes.info\/index.php\/wp-json\/wp\/v2\/types\/post"}],"author":[{"embeddable":true,"href":"https:\/\/kosovatimes.info\/index.php\/wp-json\/wp\/v2\/users\/4"}],"replies":[{"embeddable":true,"href":"https:\/\/kosovatimes.info\/index.php\/wp-json\/wp\/v2\/comments?post=30086"}],"version-history":[{"count":1,"href":"https:\/\/kosovatimes.info\/index.php\/wp-json\/wp\/v2\/posts\/30086\/revisions"}],"predecessor-version":[{"id":30088,"href":"https:\/\/kosovatimes.info\/index.php\/wp-json\/wp\/v2\/posts\/30086\/revisions\/30088"}],"wp:featuredmedia":[{"embeddable":true,"href":"https:\/\/kosovatimes.info\/index.php\/wp-json\/wp\/v2\/media\/30087"}],"wp:attachment":[{"href":"https:\/\/kosovatimes.info\/index.php\/wp-json\/wp\/v2\/media?parent=30086"}],"wp:term":[{"taxonomy":"category","embeddable":true,"href":"https:\/\/kosovatimes.info\/index.php\/wp-json\/wp\/v2\/categories?post=30086"},{"taxonomy":"post_tag","embeddable":true,"href":"https:\/\/kosovatimes.info\/index.php\/wp-json\/wp\/v2\/tags?post=30086"}],"curies":[{"name":"wp","href":"https:\/\/api.w.org\/{rel}","templated":true}]}}