{"id":30092,"date":"2026-08-30T19:36:30","date_gmt":"2026-08-30T17:36:30","guid":{"rendered":"https:\/\/kosovatimes.info\/?p=30092"},"modified":"2026-08-30T19:36:32","modified_gmt":"2026-08-30T17:36:32","slug":"ky-eshte-serbi-qe-u-arratis-nga-burgu-ne-gjermani-dhe-qe-kerkohet-nga-e-gjithe-evropa-ai-cau-hekurat-u-ngjit-ne-cati-dhe-u-zhduk","status":"publish","type":"post","link":"https:\/\/kosovatimes.info\/index.php\/2026\/08\/30\/ky-eshte-serbi-qe-u-arratis-nga-burgu-ne-gjermani-dhe-qe-kerkohet-nga-e-gjithe-evropa-ai-cau-hekurat-u-ngjit-ne-cati-dhe-u-zhduk\/","title":{"rendered":"Ky \u00ebsht\u00eb  serbi q\u00eb u arratis nga burgu n\u00eb Gjermani dhe q\u00eb k\u00ebrkohet nga e gjith\u00eb Evropa: Ai \u00e7au hekurat, u ngjit n\u00eb \u00e7ati dhe u zhduk"},"content":{"rendered":"\n<p class=\"wp-block-paragraph\">I burgosuri Sa\u0161a D. (35) u arratis nga nj\u00eb burg n\u00eb Duisburg, Gjermanin\u00eb per\u00ebndimore, sot, njoftoi Ministria e Drejt\u00ebsis\u00eb e Rhein-Westfalen Veriore. Nj\u00eb z\u00ebdh\u00ebn\u00ebs i ministris\u00eb tha se burri serb dyshohet se ka hequr hekurat nga dritarja e qelis\u00eb s\u00eb tij dhe ndoshta i ka prer\u00eb ato.Sipas Ministris\u00eb s\u00eb Drejt\u00ebsis\u00eb t\u00eb North Rhine-Westphalia, i burgosuri me sa duket preu nj\u00eb shuf\u00ebr metalike n\u00eb hekurat p\u00ebrpara dritares s\u00eb qelis\u00eb s\u00eb tij. Ai dyshohet se theu shufr\u00ebn e dyt\u00eb, t\u00eb brendshme, duke p\u00ebrdorur nj\u00eb tavolin\u00eb n\u00eb qelin\u00eb e tij si lev\u00eb, raporton gazeta gjermane&nbsp;<a href=\"https:\/\/www.bild.de\/regional\/nordrhein-westfalen\/fund-nach-flucht-knast-ausbrecher-hatte-geheim-versteck-in-zelle-6a941e9ed88567044d84a26dv\" target=\"_blank\" rel=\"noopener\">Bild<\/a>&nbsp;.<\/p>\n\n\n\n<p class=\"wp-block-paragraph\">Pastaj ai rr\u00ebshqiti n\u00ebp\u00ebr nj\u00eb hapje t\u00eb ngusht\u00eb, u ngjit n\u00eb fasad\u00ebn e nd\u00ebrtes\u00ebs deri n\u00eb \u00e7ati dhe iku me vrap.<\/p>\n\n\n\n<p class=\"wp-block-paragraph\">Policia \u00ebsht\u00eb n\u00eb k\u00ebrkim t\u00eb nj\u00eb burri 35-vje\u00e7ar, i cili ka nj\u00eb tatuazh t\u00ebrheq\u00ebs t\u00eb nj\u00eb gruaje n\u00eb pjes\u00ebn e sip\u00ebrme t\u00eb krahut.<\/p>\n\n\n\n<p class=\"wp-block-paragraph\">Sipas Bild, Sa\u0161a D. u d\u00ebnua me gjasht\u00eb vjet burg m\u00eb 20 maj 2026 p\u00ebr dy vjedhje me thyerje n\u00eb Oberhausen, megjith\u00ebse vendimi nuk \u00ebsht\u00eb ende p\u00ebrfundimtar.<\/p>\n\n\n\n<p class=\"wp-block-paragraph\">Sipas informacioneve nga qarqet gjyq\u00ebsore, gjat\u00eb k\u00ebtyre vjedhjeve me thyerje, p\u00ebrve\u00e7 bizhuterive, ai dyshohet se ka vjedhur m\u00eb shum\u00eb se 200,000 euro n\u00eb para t\u00eb gatshme.<\/p>\n\n\n\n<p class=\"wp-block-paragraph\">Nuk \u00ebsht\u00eb e qart\u00eb n\u00eb k\u00ebt\u00eb koh\u00eb se ku e mori mjetin q\u00eb p\u00ebrdori p\u00ebr t\u00eb prer\u00eb gril\u00ebn.<\/p>\n\n\n\n<p class=\"wp-block-paragraph\">\u201cPse ky vend i fsheht\u00eb nuk u zbulua gjat\u00eb kontrolleve t\u00eb qelive dhe si mjeti i p\u00ebrdorur p\u00ebr t\u00eb prer\u00eb nj\u00eb nga hekurat p\u00ebrfundoi n\u00eb burg tani \u00ebsht\u00eb objekt hetimi\u201d, tha nj\u00eb z\u00ebdh\u00ebn\u00ebs i Ministris\u00eb s\u00eb Drejt\u00ebsis\u00eb p\u00ebr Bild.<\/p>\n\n\n\n<p class=\"wp-block-paragraph\">Rasti \u00ebsht\u00eb ve\u00e7an\u00ebrisht i ndjesh\u00ebm sepse gjyq\u00ebsori i North Rhine-Westphalia \u00ebsht\u00eb tronditur nga skandalet e burgjeve p\u00ebr muaj t\u00eb t\u00ebr\u00eb.<\/p>\n\n\n\n<p class=\"wp-block-paragraph\">Disa oficer\u00eb n\u00eb burgun Euskirchen jan\u00eb n\u00ebn dyshimin p\u00ebr korrupsion. Ka dyshime se t\u00eb burgosurit kan\u00eb marr\u00eb p\u00ebrfitime t\u00eb caktuara n\u00eb k\u00ebmbim t\u00eb parave, dhe hetuesit po hetojn\u00eb nj\u00eb sistem t\u00eb dyshuar ryshfeti dhe leht\u00ebsimi t\u00eb regjimit t\u00eb burgut.<\/p>\n\n\n\n<p class=\"wp-block-paragraph\">Megjithat\u00eb, ministria nuk sheh ndonj\u00eb lidhje midis k\u00ebtyre rasteve dhe arratisjes n\u00eb Duisburg p\u00ebr momentin.<\/p>\n\n\n\n<p class=\"wp-block-paragraph\">&#8220;Deri m\u00eb tani n\u00eb k\u00ebt\u00eb rast nuk kemi asnj\u00eb tregues p\u00ebr korrupsion brenda burgut&#8221;, tha z\u00ebdh\u00ebn\u00ebsi.<\/p>\n\n\n\n<p class=\"wp-block-paragraph\">&#8220;\u00cbsht\u00eb e qart\u00eb se \u00e7do gj\u00eb \u00ebsht\u00eb e mundur n\u00eb sistemin e burgjeve t\u00eb North Rhine-Westphalia tani&#8221;<\/p>\n\n\n\n<p class=\"wp-block-paragraph\">Werner Pfeil (60), nj\u00eb ekspert gjyq\u00ebsor p\u00ebr grupin parlamentar t\u00eb FDP-s\u00eb n\u00eb parlamentin e landit, kritikoi ashp\u00ebr Ministrin e Drejt\u00ebsis\u00eb t\u00eb North Rhine-Westphalia-s, Benjamin Limbach (56).<\/p>\n\n\n\n<p class=\"wp-block-paragraph\">&#8220;Tani nj\u00eb incident tjet\u00ebr i bashkohet seris\u00eb s\u00eb d\u00ebshtimeve, aksidenteve dhe l\u00ebshimeve t\u00eb ministrit t\u00eb drejt\u00ebsis\u00eb t\u00eb North Rhine-Westfalen&#8221;, tha Pfeil p\u00ebr Bild.<\/p>\n\n\n\n<p class=\"wp-block-paragraph\">Ai kujtoi se Limbach kishte deklaruar vet\u00ebm pak dit\u00eb m\u00eb par\u00eb se sistemi i burgjeve n\u00eb North Rhine-Westphalia ishte i sigurt.<\/p>\n\n\n\n<p class=\"wp-block-paragraph\">&#8220;Dhe tre dit\u00eb m\u00eb von\u00eb, gjat\u00eb nat\u00ebs, hekurat e burgut u pren\u00eb. \u00cbsht\u00eb e qart\u00eb se n\u00eb sistemin e burgjeve t\u00eb North Rhine-Westfalen, gjith\u00e7ka \u00ebsht\u00eb e mundur tani&#8221;, tha Feil.<\/p>\n","protected":false},"excerpt":{"rendered":"<p>I burgosuri Sa\u0161a D. (35) u arratis nga nj\u00eb burg n\u00eb Duisburg, Gjermanin\u00eb per\u00ebndimore, sot, njoftoi Ministria e Drejt\u00ebsis\u00eb e Rhein-Westfalen Veriore. Nj\u00eb z\u00ebdh\u00ebn\u00ebs i ministris\u00eb tha se burri serb dyshohet se ka hequr hekurat nga dritarja e qelis\u00eb s\u00eb tij dhe ndoshta i ka prer\u00eb ato.Sipas Ministris\u00eb s\u00eb Drejt\u00ebsis\u00eb t\u00eb North Rhine-Westphalia, i burgosuri [&hellip;]<\/p>\n","protected":false},"author":4,"featured_media":30093,"comment_status":"open","ping_status":"open","sticky":false,"template":"","format":"standard","meta":{"footnotes":""},"categories":[30,32],"tags":[],"class_list":["post-30092","post","type-post","status-publish","format-standard","has-post-thumbnail","category-lajme","category-rajon"],"yoast_head":"<!-- This site is optimized with the Yoast SEO plugin v27.4 - https:\/\/yoast.com\/product\/yoast-seo-wordpress\/ -->\n<title>Ky \u00ebsht\u00eb serbi q\u00eb u arratis nga burgu n\u00eb Gjermani dhe q\u00eb k\u00ebrkohet nga e gjith\u00eb Evropa: Ai \u00e7au hekurat, u ngjit n\u00eb \u00e7ati dhe u zhduk - Kosova Times<\/title>\n<meta name=\"robots\" content=\"index, follow, max-snippet:-1, max-image-preview:large, max-video-preview:-1\" \/>\n<link rel=\"canonical\" href=\"https:\/\/kosovatimes.info\/index.php\/2026\/08\/30\/ky-eshte-serbi-qe-u-arratis-nga-burgu-ne-gjermani-dhe-qe-kerkohet-nga-e-gjithe-evropa-ai-cau-hekurat-u-ngjit-ne-cati-dhe-u-zhduk\/\" \/>\n<meta property=\"og:locale\" content=\"en_US\" \/>\n<meta property=\"og:type\" content=\"article\" \/>\n<meta property=\"og:title\" content=\"Ky \u00ebsht\u00eb serbi q\u00eb u arratis nga burgu n\u00eb Gjermani dhe q\u00eb k\u00ebrkohet nga e gjith\u00eb Evropa: Ai \u00e7au hekurat, u ngjit n\u00eb \u00e7ati dhe u zhduk - Kosova Times\" \/>\n<meta property=\"og:description\" content=\"I burgosuri Sa\u0161a D. (35) u arratis nga nj\u00eb burg n\u00eb Duisburg, Gjermanin\u00eb per\u00ebndimore, sot, njoftoi Ministria e Drejt\u00ebsis\u00eb e Rhein-Westfalen Veriore. Nj\u00eb z\u00ebdh\u00ebn\u00ebs i ministris\u00eb tha se burri serb dyshohet se ka hequr hekurat nga dritarja e qelis\u00eb s\u00eb tij dhe ndoshta i ka prer\u00eb ato.Sipas Ministris\u00eb s\u00eb Drejt\u00ebsis\u00eb t\u00eb North Rhine-Westphalia, i burgosuri [&hellip;]\" \/>\n<meta property=\"og:url\" content=\"https:\/\/kosovatimes.info\/index.php\/2026\/08\/30\/ky-eshte-serbi-qe-u-arratis-nga-burgu-ne-gjermani-dhe-qe-kerkohet-nga-e-gjithe-evropa-ai-cau-hekurat-u-ngjit-ne-cati-dhe-u-zhduk\/\" \/>\n<meta property=\"og:site_name\" content=\"Kosova Times\" \/>\n<meta property=\"article:published_time\" content=\"2026-08-30T17:36:30+00:00\" \/>\n<meta property=\"article:modified_time\" content=\"2026-08-30T17:36:32+00:00\" \/>\n<meta name=\"author\" content=\"i l\" \/>\n<meta name=\"twitter:card\" content=\"summary_large_image\" \/>\n<meta name=\"twitter:label1\" content=\"Written by\" \/>\n\t<meta name=\"twitter:data1\" content=\"i l\" \/>\n\t<meta name=\"twitter:label2\" content=\"Est. reading time\" \/>\n\t<meta name=\"twitter:data2\" content=\"3 minutes\" \/>\n<script type=\"application\/ld+json\" class=\"yoast-schema-graph\">{\"@context\":\"https:\\\/\\\/schema.org\",\"@graph\":[{\"@type\":\"Article\",\"@id\":\"https:\\\/\\\/kosovatimes.info\\\/index.php\\\/2026\\\/08\\\/30\\\/ky-eshte-serbi-qe-u-arratis-nga-burgu-ne-gjermani-dhe-qe-kerkohet-nga-e-gjithe-evropa-ai-cau-hekurat-u-ngjit-ne-cati-dhe-u-zhduk\\\/#article\",\"isPartOf\":{\"@id\":\"https:\\\/\\\/kosovatimes.info\\\/index.php\\\/2026\\\/08\\\/30\\\/ky-eshte-serbi-qe-u-arratis-nga-burgu-ne-gjermani-dhe-qe-kerkohet-nga-e-gjithe-evropa-ai-cau-hekurat-u-ngjit-ne-cati-dhe-u-zhduk\\\/\"},\"author\":{\"name\":\"i l\",\"@id\":\"https:\\\/\\\/kosovatimes.info\\\/#\\\/schema\\\/person\\\/7586712b9c512fe68085de007378c915\"},\"headline\":\"Ky \u00ebsht\u00eb serbi q\u00eb u arratis nga burgu n\u00eb Gjermani dhe q\u00eb k\u00ebrkohet nga e gjith\u00eb Evropa: Ai \u00e7au hekurat, u ngjit n\u00eb \u00e7ati dhe u zhduk\",\"datePublished\":\"2026-08-30T17:36:30+00:00\",\"dateModified\":\"2026-08-30T17:36:32+00:00\",\"mainEntityOfPage\":{\"@id\":\"https:\\\/\\\/kosovatimes.info\\\/index.php\\\/2026\\\/08\\\/30\\\/ky-eshte-serbi-qe-u-arratis-nga-burgu-ne-gjermani-dhe-qe-kerkohet-nga-e-gjithe-evropa-ai-cau-hekurat-u-ngjit-ne-cati-dhe-u-zhduk\\\/\"},\"wordCount\":552,\"commentCount\":0,\"image\":{\"@id\":\"https:\\\/\\\/kosovatimes.info\\\/index.php\\\/2026\\\/08\\\/30\\\/ky-eshte-serbi-qe-u-arratis-nga-burgu-ne-gjermani-dhe-qe-kerkohet-nga-e-gjithe-evropa-ai-cau-hekurat-u-ngjit-ne-cati-dhe-u-zhduk\\\/#primaryimage\"},\"thumbnailUrl\":\"https:\\\/\\\/kosovatimes.info\\\/wp-content\\\/uploads\\\/2026\\\/08\\\/sasha.avif\",\"articleSection\":[\"Lajme\",\"Rajon\"],\"inLanguage\":\"en-US\",\"potentialAction\":[{\"@type\":\"CommentAction\",\"name\":\"Comment\",\"target\":[\"https:\\\/\\\/kosovatimes.info\\\/index.php\\\/2026\\\/08\\\/30\\\/ky-eshte-serbi-qe-u-arratis-nga-burgu-ne-gjermani-dhe-qe-kerkohet-nga-e-gjithe-evropa-ai-cau-hekurat-u-ngjit-ne-cati-dhe-u-zhduk\\\/#respond\"]}]},{\"@type\":\"WebPage\",\"@id\":\"https:\\\/\\\/kosovatimes.info\\\/index.php\\\/2026\\\/08\\\/30\\\/ky-eshte-serbi-qe-u-arratis-nga-burgu-ne-gjermani-dhe-qe-kerkohet-nga-e-gjithe-evropa-ai-cau-hekurat-u-ngjit-ne-cati-dhe-u-zhduk\\\/\",\"url\":\"https:\\\/\\\/kosovatimes.info\\\/index.php\\\/2026\\\/08\\\/30\\\/ky-eshte-serbi-qe-u-arratis-nga-burgu-ne-gjermani-dhe-qe-kerkohet-nga-e-gjithe-evropa-ai-cau-hekurat-u-ngjit-ne-cati-dhe-u-zhduk\\\/\",\"name\":\"Ky \u00ebsht\u00eb serbi q\u00eb u arratis nga burgu n\u00eb Gjermani dhe q\u00eb k\u00ebrkohet nga e gjith\u00eb Evropa: Ai \u00e7au hekurat, u ngjit n\u00eb \u00e7ati dhe u zhduk - Kosova Times\",\"isPartOf\":{\"@id\":\"https:\\\/\\\/kosovatimes.info\\\/#website\"},\"primaryImageOfPage\":{\"@id\":\"https:\\\/\\\/kosovatimes.info\\\/index.php\\\/2026\\\/08\\\/30\\\/ky-eshte-serbi-qe-u-arratis-nga-burgu-ne-gjermani-dhe-qe-kerkohet-nga-e-gjithe-evropa-ai-cau-hekurat-u-ngjit-ne-cati-dhe-u-zhduk\\\/#primaryimage\"},\"image\":{\"@id\":\"https:\\\/\\\/kosovatimes.info\\\/index.php\\\/2026\\\/08\\\/30\\\/ky-eshte-serbi-qe-u-arratis-nga-burgu-ne-gjermani-dhe-qe-kerkohet-nga-e-gjithe-evropa-ai-cau-hekurat-u-ngjit-ne-cati-dhe-u-zhduk\\\/#primaryimage\"},\"thumbnailUrl\":\"https:\\\/\\\/kosovatimes.info\\\/wp-content\\\/uploads\\\/2026\\\/08\\\/sasha.avif\",\"datePublished\":\"2026-08-30T17:36:30+00:00\",\"dateModified\":\"2026-08-30T17:36:32+00:00\",\"author\":{\"@id\":\"https:\\\/\\\/kosovatimes.info\\\/#\\\/schema\\\/person\\\/7586712b9c512fe68085de007378c915\"},\"breadcrumb\":{\"@id\":\"https:\\\/\\\/kosovatimes.info\\\/index.php\\\/2026\\\/08\\\/30\\\/ky-eshte-serbi-qe-u-arratis-nga-burgu-ne-gjermani-dhe-qe-kerkohet-nga-e-gjithe-evropa-ai-cau-hekurat-u-ngjit-ne-cati-dhe-u-zhduk\\\/#breadcrumb\"},\"inLanguage\":\"en-US\",\"potentialAction\":[{\"@type\":\"ReadAction\",\"target\":[\"https:\\\/\\\/kosovatimes.info\\\/index.php\\\/2026\\\/08\\\/30\\\/ky-eshte-serbi-qe-u-arratis-nga-burgu-ne-gjermani-dhe-qe-kerkohet-nga-e-gjithe-evropa-ai-cau-hekurat-u-ngjit-ne-cati-dhe-u-zhduk\\\/\"]}]},{\"@type\":\"ImageObject\",\"inLanguage\":\"en-US\",\"@id\":\"https:\\\/\\\/kosovatimes.info\\\/index.php\\\/2026\\\/08\\\/30\\\/ky-eshte-serbi-qe-u-arratis-nga-burgu-ne-gjermani-dhe-qe-kerkohet-nga-e-gjithe-evropa-ai-cau-hekurat-u-ngjit-ne-cati-dhe-u-zhduk\\\/#primaryimage\",\"url\":\"https:\\\/\\\/kosovatimes.info\\\/wp-content\\\/uploads\\\/2026\\\/08\\\/sasha.avif\",\"contentUrl\":\"https:\\\/\\\/kosovatimes.info\\\/wp-content\\\/uploads\\\/2026\\\/08\\\/sasha.avif\",\"width\":900,\"height\":600},{\"@type\":\"BreadcrumbList\",\"@id\":\"https:\\\/\\\/kosovatimes.info\\\/index.php\\\/2026\\\/08\\\/30\\\/ky-eshte-serbi-qe-u-arratis-nga-burgu-ne-gjermani-dhe-qe-kerkohet-nga-e-gjithe-evropa-ai-cau-hekurat-u-ngjit-ne-cati-dhe-u-zhduk\\\/#breadcrumb\",\"itemListElement\":[{\"@type\":\"ListItem\",\"position\":1,\"name\":\"Home\",\"item\":\"https:\\\/\\\/kosovatimes.info\\\/\"},{\"@type\":\"ListItem\",\"position\":2,\"name\":\"Ky \u00ebsht\u00eb serbi q\u00eb u arratis nga burgu n\u00eb Gjermani dhe q\u00eb k\u00ebrkohet nga e gjith\u00eb Evropa: Ai \u00e7au hekurat, u ngjit n\u00eb \u00e7ati dhe u zhduk\"}]},{\"@type\":\"WebSite\",\"@id\":\"https:\\\/\\\/kosovatimes.info\\\/#website\",\"url\":\"https:\\\/\\\/kosovatimes.info\\\/\",\"name\":\"Kosova Times\",\"description\":\"\",\"potentialAction\":[{\"@type\":\"SearchAction\",\"target\":{\"@type\":\"EntryPoint\",\"urlTemplate\":\"https:\\\/\\\/kosovatimes.info\\\/?s={search_term_string}\"},\"query-input\":{\"@type\":\"PropertyValueSpecification\",\"valueRequired\":true,\"valueName\":\"search_term_string\"}}],\"inLanguage\":\"en-US\"},{\"@type\":\"Person\",\"@id\":\"https:\\\/\\\/kosovatimes.info\\\/#\\\/schema\\\/person\\\/7586712b9c512fe68085de007378c915\",\"name\":\"i l\",\"image\":{\"@type\":\"ImageObject\",\"inLanguage\":\"en-US\",\"@id\":\"https:\\\/\\\/secure.gravatar.com\\\/avatar\\\/bad9296e02816160ae2e2435beda58222022298d5625d49fea74d18816fbb31d?s=96&d=mm&r=g\",\"url\":\"https:\\\/\\\/secure.gravatar.com\\\/avatar\\\/bad9296e02816160ae2e2435beda58222022298d5625d49fea74d18816fbb31d?s=96&d=mm&r=g\",\"contentUrl\":\"https:\\\/\\\/secure.gravatar.com\\\/avatar\\\/bad9296e02816160ae2e2435beda58222022298d5625d49fea74d18816fbb31d?s=96&d=mm&r=g\",\"caption\":\"i l\"},\"url\":\"https:\\\/\\\/kosovatimes.info\\\/index.php\\\/author\\\/iliri\\\/\"}]}<\/script>\n<!-- \/ Yoast SEO plugin. -->","yoast_head_json":{"title":"Ky \u00ebsht\u00eb serbi q\u00eb u arratis nga burgu n\u00eb Gjermani dhe q\u00eb k\u00ebrkohet nga e gjith\u00eb Evropa: Ai \u00e7au hekurat, u ngjit n\u00eb \u00e7ati dhe u zhduk - Kosova Times","robots":{"index":"index","follow":"follow","max-snippet":"max-snippet:-1","max-image-preview":"max-image-preview:large","max-video-preview":"max-video-preview:-1"},"canonical":"https:\/\/kosovatimes.info\/index.php\/2026\/08\/30\/ky-eshte-serbi-qe-u-arratis-nga-burgu-ne-gjermani-dhe-qe-kerkohet-nga-e-gjithe-evropa-ai-cau-hekurat-u-ngjit-ne-cati-dhe-u-zhduk\/","og_locale":"en_US","og_type":"article","og_title":"Ky \u00ebsht\u00eb serbi q\u00eb u arratis nga burgu n\u00eb Gjermani dhe q\u00eb k\u00ebrkohet nga e gjith\u00eb Evropa: Ai \u00e7au hekurat, u ngjit n\u00eb \u00e7ati dhe u zhduk - Kosova Times","og_description":"I burgosuri Sa\u0161a D. (35) u arratis nga nj\u00eb burg n\u00eb Duisburg, Gjermanin\u00eb per\u00ebndimore, sot, njoftoi Ministria e Drejt\u00ebsis\u00eb e Rhein-Westfalen Veriore. Nj\u00eb z\u00ebdh\u00ebn\u00ebs i ministris\u00eb tha se burri serb dyshohet se ka hequr hekurat nga dritarja e qelis\u00eb s\u00eb tij dhe ndoshta i ka prer\u00eb ato.Sipas Ministris\u00eb s\u00eb Drejt\u00ebsis\u00eb t\u00eb North Rhine-Westphalia, i burgosuri [&hellip;]","og_url":"https:\/\/kosovatimes.info\/index.php\/2026\/08\/30\/ky-eshte-serbi-qe-u-arratis-nga-burgu-ne-gjermani-dhe-qe-kerkohet-nga-e-gjithe-evropa-ai-cau-hekurat-u-ngjit-ne-cati-dhe-u-zhduk\/","og_site_name":"Kosova Times","article_published_time":"2026-08-30T17:36:30+00:00","article_modified_time":"2026-08-30T17:36:32+00:00","author":"i l","twitter_card":"summary_large_image","twitter_misc":{"Written by":"i l","Est. reading time":"3 minutes"},"schema":{"@context":"https:\/\/schema.org","@graph":[{"@type":"Article","@id":"https:\/\/kosovatimes.info\/index.php\/2026\/08\/30\/ky-eshte-serbi-qe-u-arratis-nga-burgu-ne-gjermani-dhe-qe-kerkohet-nga-e-gjithe-evropa-ai-cau-hekurat-u-ngjit-ne-cati-dhe-u-zhduk\/#article","isPartOf":{"@id":"https:\/\/kosovatimes.info\/index.php\/2026\/08\/30\/ky-eshte-serbi-qe-u-arratis-nga-burgu-ne-gjermani-dhe-qe-kerkohet-nga-e-gjithe-evropa-ai-cau-hekurat-u-ngjit-ne-cati-dhe-u-zhduk\/"},"author":{"name":"i l","@id":"https:\/\/kosovatimes.info\/#\/schema\/person\/7586712b9c512fe68085de007378c915"},"headline":"Ky \u00ebsht\u00eb serbi q\u00eb u arratis nga burgu n\u00eb Gjermani dhe q\u00eb k\u00ebrkohet nga e gjith\u00eb Evropa: Ai \u00e7au hekurat, u ngjit n\u00eb \u00e7ati dhe u zhduk","datePublished":"2026-08-30T17:36:30+00:00","dateModified":"2026-08-30T17:36:32+00:00","mainEntityOfPage":{"@id":"https:\/\/kosovatimes.info\/index.php\/2026\/08\/30\/ky-eshte-serbi-qe-u-arratis-nga-burgu-ne-gjermani-dhe-qe-kerkohet-nga-e-gjithe-evropa-ai-cau-hekurat-u-ngjit-ne-cati-dhe-u-zhduk\/"},"wordCount":552,"commentCount":0,"image":{"@id":"https:\/\/kosovatimes.info\/index.php\/2026\/08\/30\/ky-eshte-serbi-qe-u-arratis-nga-burgu-ne-gjermani-dhe-qe-kerkohet-nga-e-gjithe-evropa-ai-cau-hekurat-u-ngjit-ne-cati-dhe-u-zhduk\/#primaryimage"},"thumbnailUrl":"https:\/\/kosovatimes.info\/wp-content\/uploads\/2026\/08\/sasha.avif","articleSection":["Lajme","Rajon"],"inLanguage":"en-US","potentialAction":[{"@type":"CommentAction","name":"Comment","target":["https:\/\/kosovatimes.info\/index.php\/2026\/08\/30\/ky-eshte-serbi-qe-u-arratis-nga-burgu-ne-gjermani-dhe-qe-kerkohet-nga-e-gjithe-evropa-ai-cau-hekurat-u-ngjit-ne-cati-dhe-u-zhduk\/#respond"]}]},{"@type":"WebPage","@id":"https:\/\/kosovatimes.info\/index.php\/2026\/08\/30\/ky-eshte-serbi-qe-u-arratis-nga-burgu-ne-gjermani-dhe-qe-kerkohet-nga-e-gjithe-evropa-ai-cau-hekurat-u-ngjit-ne-cati-dhe-u-zhduk\/","url":"https:\/\/kosovatimes.info\/index.php\/2026\/08\/30\/ky-eshte-serbi-qe-u-arratis-nga-burgu-ne-gjermani-dhe-qe-kerkohet-nga-e-gjithe-evropa-ai-cau-hekurat-u-ngjit-ne-cati-dhe-u-zhduk\/","name":"Ky \u00ebsht\u00eb serbi q\u00eb u arratis nga burgu n\u00eb Gjermani dhe q\u00eb k\u00ebrkohet nga e gjith\u00eb Evropa: Ai \u00e7au hekurat, u ngjit n\u00eb \u00e7ati dhe u zhduk - Kosova Times","isPartOf":{"@id":"https:\/\/kosovatimes.info\/#website"},"primaryImageOfPage":{"@id":"https:\/\/kosovatimes.info\/index.php\/2026\/08\/30\/ky-eshte-serbi-qe-u-arratis-nga-burgu-ne-gjermani-dhe-qe-kerkohet-nga-e-gjithe-evropa-ai-cau-hekurat-u-ngjit-ne-cati-dhe-u-zhduk\/#primaryimage"},"image":{"@id":"https:\/\/kosovatimes.info\/index.php\/2026\/08\/30\/ky-eshte-serbi-qe-u-arratis-nga-burgu-ne-gjermani-dhe-qe-kerkohet-nga-e-gjithe-evropa-ai-cau-hekurat-u-ngjit-ne-cati-dhe-u-zhduk\/#primaryimage"},"thumbnailUrl":"https:\/\/kosovatimes.info\/wp-content\/uploads\/2026\/08\/sasha.avif","datePublished":"2026-08-30T17:36:30+00:00","dateModified":"2026-08-30T17:36:32+00:00","author":{"@id":"https:\/\/kosovatimes.info\/#\/schema\/person\/7586712b9c512fe68085de007378c915"},"breadcrumb":{"@id":"https:\/\/kosovatimes.info\/index.php\/2026\/08\/30\/ky-eshte-serbi-qe-u-arratis-nga-burgu-ne-gjermani-dhe-qe-kerkohet-nga-e-gjithe-evropa-ai-cau-hekurat-u-ngjit-ne-cati-dhe-u-zhduk\/#breadcrumb"},"inLanguage":"en-US","potentialAction":[{"@type":"ReadAction","target":["https:\/\/kosovatimes.info\/index.php\/2026\/08\/30\/ky-eshte-serbi-qe-u-arratis-nga-burgu-ne-gjermani-dhe-qe-kerkohet-nga-e-gjithe-evropa-ai-cau-hekurat-u-ngjit-ne-cati-dhe-u-zhduk\/"]}]},{"@type":"ImageObject","inLanguage":"en-US","@id":"https:\/\/kosovatimes.info\/index.php\/2026\/08\/30\/ky-eshte-serbi-qe-u-arratis-nga-burgu-ne-gjermani-dhe-qe-kerkohet-nga-e-gjithe-evropa-ai-cau-hekurat-u-ngjit-ne-cati-dhe-u-zhduk\/#primaryimage","url":"https:\/\/kosovatimes.info\/wp-content\/uploads\/2026\/08\/sasha.avif","contentUrl":"https:\/\/kosovatimes.info\/wp-content\/uploads\/2026\/08\/sasha.avif","width":900,"height":600},{"@type":"BreadcrumbList","@id":"https:\/\/kosovatimes.info\/index.php\/2026\/08\/30\/ky-eshte-serbi-qe-u-arratis-nga-burgu-ne-gjermani-dhe-qe-kerkohet-nga-e-gjithe-evropa-ai-cau-hekurat-u-ngjit-ne-cati-dhe-u-zhduk\/#breadcrumb","itemListElement":[{"@type":"ListItem","position":1,"name":"Home","item":"https:\/\/kosovatimes.info\/"},{"@type":"ListItem","position":2,"name":"Ky \u00ebsht\u00eb serbi q\u00eb u arratis nga burgu n\u00eb Gjermani dhe q\u00eb k\u00ebrkohet nga e gjith\u00eb Evropa: Ai \u00e7au hekurat, u ngjit n\u00eb \u00e7ati dhe u zhduk"}]},{"@type":"WebSite","@id":"https:\/\/kosovatimes.info\/#website","url":"https:\/\/kosovatimes.info\/","name":"Kosova Times","description":"","potentialAction":[{"@type":"SearchAction","target":{"@type":"EntryPoint","urlTemplate":"https:\/\/kosovatimes.info\/?s={search_term_string}"},"query-input":{"@type":"PropertyValueSpecification","valueRequired":true,"valueName":"search_term_string"}}],"inLanguage":"en-US"},{"@type":"Person","@id":"https:\/\/kosovatimes.info\/#\/schema\/person\/7586712b9c512fe68085de007378c915","name":"i l","image":{"@type":"ImageObject","inLanguage":"en-US","@id":"https:\/\/secure.gravatar.com\/avatar\/bad9296e02816160ae2e2435beda58222022298d5625d49fea74d18816fbb31d?s=96&d=mm&r=g","url":"https:\/\/secure.gravatar.com\/avatar\/bad9296e02816160ae2e2435beda58222022298d5625d49fea74d18816fbb31d?s=96&d=mm&r=g","contentUrl":"https:\/\/secure.gravatar.com\/avatar\/bad9296e02816160ae2e2435beda58222022298d5625d49fea74d18816fbb31d?s=96&d=mm&r=g","caption":"i l"},"url":"https:\/\/kosovatimes.info\/index.php\/author\/iliri\/"}]}},"_links":{"self":[{"href":"https:\/\/kosovatimes.info\/index.php\/wp-json\/wp\/v2\/posts\/30092","targetHints":{"allow":["GET"]}}],"collection":[{"href":"https:\/\/kosovatimes.info\/index.php\/wp-json\/wp\/v2\/posts"}],"about":[{"href":"https:\/\/kosovatimes.info\/index.php\/wp-json\/wp\/v2\/types\/post"}],"author":[{"embeddable":true,"href":"https:\/\/kosovatimes.info\/index.php\/wp-json\/wp\/v2\/users\/4"}],"replies":[{"embeddable":true,"href":"https:\/\/kosovatimes.info\/index.php\/wp-json\/wp\/v2\/comments?post=30092"}],"version-history":[{"count":1,"href":"https:\/\/kosovatimes.info\/index.php\/wp-json\/wp\/v2\/posts\/30092\/revisions"}],"predecessor-version":[{"id":30094,"href":"https:\/\/kosovatimes.info\/index.php\/wp-json\/wp\/v2\/posts\/30092\/revisions\/30094"}],"wp:featuredmedia":[{"embeddable":true,"href":"https:\/\/kosovatimes.info\/index.php\/wp-json\/wp\/v2\/media\/30093"}],"wp:attachment":[{"href":"https:\/\/kosovatimes.info\/index.php\/wp-json\/wp\/v2\/media?parent=30092"}],"wp:term":[{"taxonomy":"category","embeddable":true,"href":"https:\/\/kosovatimes.info\/index.php\/wp-json\/wp\/v2\/categories?post=30092"},{"taxonomy":"post_tag","embeddable":true,"href":"https:\/\/kosovatimes.info\/index.php\/wp-json\/wp\/v2\/tags?post=30092"}],"curies":[{"name":"wp","href":"https:\/\/api.w.org\/{rel}","templated":true}]}}