{"id":30095,"date":"2026-08-30T20:06:15","date_gmt":"2026-08-30T18:06:15","guid":{"rendered":"https:\/\/kosovatimes.info\/?p=30095"},"modified":"2026-08-30T20:06:17","modified_gmt":"2026-08-30T18:06:17","slug":"nese-paksojme-bashkite-per-eficense-pse-jo-edhe-numrin-e-deputeteve-dhe-ministrite","status":"publish","type":"post","link":"https:\/\/kosovatimes.info\/index.php\/2026\/08\/30\/nese-paksojme-bashkite-per-eficense-pse-jo-edhe-numrin-e-deputeteve-dhe-ministrite\/","title":{"rendered":"N\u00ebse paksojm\u00eb bashkit\u00eb p\u00ebr efi\u00e7ens\u00eb, pse jo edhe numrin e deputet\u00ebve dhe ministrit\u00eb?"},"content":{"rendered":"\n<p class=\"wp-block-paragraph\">nga Vladimir Mu\u00e7aj:<\/p>\n\n\n\n<p class=\"wp-block-paragraph\">N\u00ebse pak\u00ebsojm\u00eb bashkit\u00eb p\u00ebr eficenc\u00eb, pse jo edhe numrin e deputet\u00ebve e ministrit\u00eb?<br>Reforma Territoriale u nd\u00ebrmor me nj\u00eb argument t\u00eb fort\u00eb: m\u00eb pak nj\u00ebsi vendore do t\u00eb thot\u00eb m\u00eb pak kosto, m\u00eb pak burokraci dhe, mbi t\u00eb gjitha, sh\u00ebrbime m\u00eb efikase p\u00ebr qytetarin. Sot Shqip\u00ebria funksionon me 61 bashki, pas reform\u00ebs q\u00eb reduktoi ndjesh\u00ebm numrin e nj\u00ebsive vendore.<br>Le ta pranojm\u00eb p\u00ebr nj\u00eb moment k\u00ebt\u00eb logjik\u00eb. Por at\u00ebher\u00eb lind natyrsh\u00ebm nj\u00eb pyetje: pse kjo logjik\u00eb nuk zbatohet edhe n\u00eb nivelin qendror t\u00eb shtetit?<br>N\u00ebse m\u00eb pak bashki konsiderohen m\u00eb efikase, pse t\u00eb mos diskutojm\u00eb seriozisht edhe p\u00ebr reduktimin e numrit t\u00eb deputet\u00ebve? Shqip\u00ebria ka 140 mandate parlamentare. A \u00ebsht\u00eb ky num\u00ebr domosdoshm\u00ebrisht i justifikuar nga madh\u00ebsia e vendit, popullsia dhe nevojat reale t\u00eb p\u00ebrfaq\u00ebsimit? Apo kemi krijuar nj\u00eb struktur\u00eb politike q\u00eb, n\u00eb raport me p\u00ebrmasat e vendit, \u00ebsht\u00eb m\u00eb e madhe nga sa na nevojitet?<br>Pyetja nuk \u00ebsht\u00eb thjesht sa deputet\u00eb duhet t\u00eb ket\u00eb Shqip\u00ebria. Pyetja m\u00eb e r\u00ebnd\u00ebsishme \u00ebsht\u00eb: sa duhet t\u00eb paguaj\u00eb qytetari p\u00ebr nj\u00eb sistem politik dhe administrativ q\u00eb duhet t\u2019i sh\u00ebrbej\u00eb atij?<br>E nj\u00ebjta logjik\u00eb vlen edhe p\u00ebr qeverin\u00eb. N\u00ebse reforma k\u00ebrkon t\u00eb luftoj\u00eb fryrjen administrative n\u00eb nivel vendor, at\u00ebher\u00eb duhet par\u00eb me t\u00eb nj\u00ebjtin standard edhe struktura e ministrive, agjencive dhe administrat\u00ebs qendrore. A \u00ebsht\u00eb i domosdosh\u00ebm gjith\u00eb ky aparat shtet\u00ebror? A p\u00ebrkthehet \u00e7do struktur\u00eb e re n\u00eb nj\u00eb sh\u00ebrbim m\u00eb t\u00eb mir\u00eb p\u00ebr qytetarin, apo n\u00eb nj\u00eb tjet\u00ebr kosto mbi taksapaguesin?<br>Kjo nuk duhet t\u00eb jet\u00eb nj\u00eb \u00e7\u00ebshtje e s\u00eb majt\u00ebs apo s\u00eb djatht\u00ebs. Duhet t\u00eb jet\u00eb nj\u00eb debat mbi eficienc\u00ebn e shtetit, koston e tij dhe interesin publik.<br>Sepse nuk mund t\u00eb k\u00ebrkojm\u00eb sakrifica dhe racionalizim vet\u00ebm nga niveli vendor, nd\u00ebrkoh\u00eb q\u00eb n\u00eb qend\u00ebr vazhdojm\u00eb t\u00eb tolerojm\u00eb struktura, poste dhe institucione q\u00eb duhen rivler\u00ebsuar.<br>Ka ardhur koha q\u00eb reforma t\u00eb mos ndalet te harta e bashkive. Ajo duhet t\u00eb shkoj\u00eb deri te m\u00ebnyra se si nd\u00ebrtohet dhe funksionon i gjith\u00eb shteti shqiptar.<br>N\u00ebse reforma k\u00ebrkon m\u00eb pak p\u00ebr qytetarin, at\u00ebher\u00eb le t\u00eb ket\u00eb m\u00eb pak edhe n\u00eb politik\u00eb, n\u00eb administrat\u00eb dhe n\u00eb koston q\u00eb paguan qytetari.<br>Sepse n\u00eb fund t\u00eb fundit, shteti nuk matet me numrin e zyrave, deputet\u00ebve apo ministrive q\u00eb ka, por me cil\u00ebsin\u00eb e sh\u00ebrbimit q\u00eb i jep qytetarit.<\/p>\n","protected":false},"excerpt":{"rendered":"<p>nga Vladimir Mu\u00e7aj: N\u00ebse pak\u00ebsojm\u00eb bashkit\u00eb p\u00ebr eficenc\u00eb, pse jo edhe numrin e deputet\u00ebve e ministrit\u00eb?Reforma Territoriale u nd\u00ebrmor me nj\u00eb argument t\u00eb fort\u00eb: m\u00eb pak nj\u00ebsi vendore do t\u00eb thot\u00eb m\u00eb pak kosto, m\u00eb pak burokraci dhe, mbi t\u00eb gjitha, sh\u00ebrbime m\u00eb efikase p\u00ebr qytetarin. Sot Shqip\u00ebria funksionon me 61 bashki, pas reform\u00ebs q\u00eb [&hellip;]<\/p>\n","protected":false},"author":4,"featured_media":6354,"comment_status":"open","ping_status":"open","sticky":false,"template":"","format":"standard","meta":{"footnotes":""},"categories":[36],"tags":[],"class_list":["post-30095","post","type-post","status-publish","format-standard","has-post-thumbnail","category-analize"],"yoast_head":"<!-- This site is optimized with the Yoast SEO plugin v27.4 - https:\/\/yoast.com\/product\/yoast-seo-wordpress\/ -->\n<title>N\u00ebse paksojm\u00eb bashkit\u00eb p\u00ebr efi\u00e7ens\u00eb, pse jo edhe numrin e deputet\u00ebve dhe ministrit\u00eb? - Kosova Times<\/title>\n<meta name=\"robots\" content=\"index, follow, max-snippet:-1, max-image-preview:large, max-video-preview:-1\" \/>\n<link rel=\"canonical\" href=\"https:\/\/kosovatimes.info\/index.php\/2026\/08\/30\/nese-paksojme-bashkite-per-eficense-pse-jo-edhe-numrin-e-deputeteve-dhe-ministrite\/\" \/>\n<meta property=\"og:locale\" content=\"en_US\" \/>\n<meta property=\"og:type\" content=\"article\" \/>\n<meta property=\"og:title\" content=\"N\u00ebse paksojm\u00eb bashkit\u00eb p\u00ebr efi\u00e7ens\u00eb, pse jo edhe numrin e deputet\u00ebve dhe ministrit\u00eb? - Kosova Times\" \/>\n<meta property=\"og:description\" content=\"nga Vladimir Mu\u00e7aj: N\u00ebse pak\u00ebsojm\u00eb bashkit\u00eb p\u00ebr eficenc\u00eb, pse jo edhe numrin e deputet\u00ebve e ministrit\u00eb?Reforma Territoriale u nd\u00ebrmor me nj\u00eb argument t\u00eb fort\u00eb: m\u00eb pak nj\u00ebsi vendore do t\u00eb thot\u00eb m\u00eb pak kosto, m\u00eb pak burokraci dhe, mbi t\u00eb gjitha, sh\u00ebrbime m\u00eb efikase p\u00ebr qytetarin. Sot Shqip\u00ebria funksionon me 61 bashki, pas reform\u00ebs q\u00eb [&hellip;]\" \/>\n<meta property=\"og:url\" content=\"https:\/\/kosovatimes.info\/index.php\/2026\/08\/30\/nese-paksojme-bashkite-per-eficense-pse-jo-edhe-numrin-e-deputeteve-dhe-ministrite\/\" \/>\n<meta property=\"og:site_name\" content=\"Kosova Times\" \/>\n<meta property=\"article:published_time\" content=\"2026-08-30T18:06:15+00:00\" \/>\n<meta property=\"article:modified_time\" content=\"2026-08-30T18:06:17+00:00\" \/>\n<meta property=\"og:image\" content=\"https:\/\/kosovatimes.info\/wp-content\/uploads\/2026\/03\/Mucaj.webp\" \/>\n\t<meta property=\"og:image:width\" content=\"750\" \/>\n\t<meta property=\"og:image:height\" content=\"375\" \/>\n\t<meta property=\"og:image:type\" content=\"image\/webp\" \/>\n<meta name=\"author\" content=\"i l\" \/>\n<meta name=\"twitter:card\" content=\"summary_large_image\" \/>\n<meta name=\"twitter:label1\" content=\"Written by\" \/>\n\t<meta name=\"twitter:data1\" content=\"i l\" \/>\n\t<meta name=\"twitter:label2\" content=\"Est. reading time\" \/>\n\t<meta name=\"twitter:data2\" content=\"2 minutes\" \/>\n<script type=\"application\/ld+json\" class=\"yoast-schema-graph\">{\"@context\":\"https:\\\/\\\/schema.org\",\"@graph\":[{\"@type\":\"Article\",\"@id\":\"https:\\\/\\\/kosovatimes.info\\\/index.php\\\/2026\\\/08\\\/30\\\/nese-paksojme-bashkite-per-eficense-pse-jo-edhe-numrin-e-deputeteve-dhe-ministrite\\\/#article\",\"isPartOf\":{\"@id\":\"https:\\\/\\\/kosovatimes.info\\\/index.php\\\/2026\\\/08\\\/30\\\/nese-paksojme-bashkite-per-eficense-pse-jo-edhe-numrin-e-deputeteve-dhe-ministrite\\\/\"},\"author\":{\"name\":\"i l\",\"@id\":\"https:\\\/\\\/kosovatimes.info\\\/#\\\/schema\\\/person\\\/7586712b9c512fe68085de007378c915\"},\"headline\":\"N\u00ebse paksojm\u00eb bashkit\u00eb p\u00ebr efi\u00e7ens\u00eb, pse jo edhe numrin e deputet\u00ebve dhe ministrit\u00eb?\",\"datePublished\":\"2026-08-30T18:06:15+00:00\",\"dateModified\":\"2026-08-30T18:06:17+00:00\",\"mainEntityOfPage\":{\"@id\":\"https:\\\/\\\/kosovatimes.info\\\/index.php\\\/2026\\\/08\\\/30\\\/nese-paksojme-bashkite-per-eficense-pse-jo-edhe-numrin-e-deputeteve-dhe-ministrite\\\/\"},\"wordCount\":451,\"commentCount\":0,\"image\":{\"@id\":\"https:\\\/\\\/kosovatimes.info\\\/index.php\\\/2026\\\/08\\\/30\\\/nese-paksojme-bashkite-per-eficense-pse-jo-edhe-numrin-e-deputeteve-dhe-ministrite\\\/#primaryimage\"},\"thumbnailUrl\":\"https:\\\/\\\/kosovatimes.info\\\/wp-content\\\/uploads\\\/2026\\\/03\\\/Mucaj.webp\",\"articleSection\":[\"Analiz\u00eb\"],\"inLanguage\":\"en-US\",\"potentialAction\":[{\"@type\":\"CommentAction\",\"name\":\"Comment\",\"target\":[\"https:\\\/\\\/kosovatimes.info\\\/index.php\\\/2026\\\/08\\\/30\\\/nese-paksojme-bashkite-per-eficense-pse-jo-edhe-numrin-e-deputeteve-dhe-ministrite\\\/#respond\"]}]},{\"@type\":\"WebPage\",\"@id\":\"https:\\\/\\\/kosovatimes.info\\\/index.php\\\/2026\\\/08\\\/30\\\/nese-paksojme-bashkite-per-eficense-pse-jo-edhe-numrin-e-deputeteve-dhe-ministrite\\\/\",\"url\":\"https:\\\/\\\/kosovatimes.info\\\/index.php\\\/2026\\\/08\\\/30\\\/nese-paksojme-bashkite-per-eficense-pse-jo-edhe-numrin-e-deputeteve-dhe-ministrite\\\/\",\"name\":\"N\u00ebse paksojm\u00eb bashkit\u00eb p\u00ebr efi\u00e7ens\u00eb, pse jo edhe numrin e deputet\u00ebve dhe ministrit\u00eb? - Kosova Times\",\"isPartOf\":{\"@id\":\"https:\\\/\\\/kosovatimes.info\\\/#website\"},\"primaryImageOfPage\":{\"@id\":\"https:\\\/\\\/kosovatimes.info\\\/index.php\\\/2026\\\/08\\\/30\\\/nese-paksojme-bashkite-per-eficense-pse-jo-edhe-numrin-e-deputeteve-dhe-ministrite\\\/#primaryimage\"},\"image\":{\"@id\":\"https:\\\/\\\/kosovatimes.info\\\/index.php\\\/2026\\\/08\\\/30\\\/nese-paksojme-bashkite-per-eficense-pse-jo-edhe-numrin-e-deputeteve-dhe-ministrite\\\/#primaryimage\"},\"thumbnailUrl\":\"https:\\\/\\\/kosovatimes.info\\\/wp-content\\\/uploads\\\/2026\\\/03\\\/Mucaj.webp\",\"datePublished\":\"2026-08-30T18:06:15+00:00\",\"dateModified\":\"2026-08-30T18:06:17+00:00\",\"author\":{\"@id\":\"https:\\\/\\\/kosovatimes.info\\\/#\\\/schema\\\/person\\\/7586712b9c512fe68085de007378c915\"},\"breadcrumb\":{\"@id\":\"https:\\\/\\\/kosovatimes.info\\\/index.php\\\/2026\\\/08\\\/30\\\/nese-paksojme-bashkite-per-eficense-pse-jo-edhe-numrin-e-deputeteve-dhe-ministrite\\\/#breadcrumb\"},\"inLanguage\":\"en-US\",\"potentialAction\":[{\"@type\":\"ReadAction\",\"target\":[\"https:\\\/\\\/kosovatimes.info\\\/index.php\\\/2026\\\/08\\\/30\\\/nese-paksojme-bashkite-per-eficense-pse-jo-edhe-numrin-e-deputeteve-dhe-ministrite\\\/\"]}]},{\"@type\":\"ImageObject\",\"inLanguage\":\"en-US\",\"@id\":\"https:\\\/\\\/kosovatimes.info\\\/index.php\\\/2026\\\/08\\\/30\\\/nese-paksojme-bashkite-per-eficense-pse-jo-edhe-numrin-e-deputeteve-dhe-ministrite\\\/#primaryimage\",\"url\":\"https:\\\/\\\/kosovatimes.info\\\/wp-content\\\/uploads\\\/2026\\\/03\\\/Mucaj.webp\",\"contentUrl\":\"https:\\\/\\\/kosovatimes.info\\\/wp-content\\\/uploads\\\/2026\\\/03\\\/Mucaj.webp\",\"width\":750,\"height\":375},{\"@type\":\"BreadcrumbList\",\"@id\":\"https:\\\/\\\/kosovatimes.info\\\/index.php\\\/2026\\\/08\\\/30\\\/nese-paksojme-bashkite-per-eficense-pse-jo-edhe-numrin-e-deputeteve-dhe-ministrite\\\/#breadcrumb\",\"itemListElement\":[{\"@type\":\"ListItem\",\"position\":1,\"name\":\"Home\",\"item\":\"https:\\\/\\\/kosovatimes.info\\\/\"},{\"@type\":\"ListItem\",\"position\":2,\"name\":\"N\u00ebse paksojm\u00eb bashkit\u00eb p\u00ebr efi\u00e7ens\u00eb, pse jo edhe numrin e deputet\u00ebve dhe ministrit\u00eb?\"}]},{\"@type\":\"WebSite\",\"@id\":\"https:\\\/\\\/kosovatimes.info\\\/#website\",\"url\":\"https:\\\/\\\/kosovatimes.info\\\/\",\"name\":\"Kosova Times\",\"description\":\"\",\"potentialAction\":[{\"@type\":\"SearchAction\",\"target\":{\"@type\":\"EntryPoint\",\"urlTemplate\":\"https:\\\/\\\/kosovatimes.info\\\/?s={search_term_string}\"},\"query-input\":{\"@type\":\"PropertyValueSpecification\",\"valueRequired\":true,\"valueName\":\"search_term_string\"}}],\"inLanguage\":\"en-US\"},{\"@type\":\"Person\",\"@id\":\"https:\\\/\\\/kosovatimes.info\\\/#\\\/schema\\\/person\\\/7586712b9c512fe68085de007378c915\",\"name\":\"i l\",\"image\":{\"@type\":\"ImageObject\",\"inLanguage\":\"en-US\",\"@id\":\"https:\\\/\\\/secure.gravatar.com\\\/avatar\\\/bad9296e02816160ae2e2435beda58222022298d5625d49fea74d18816fbb31d?s=96&d=mm&r=g\",\"url\":\"https:\\\/\\\/secure.gravatar.com\\\/avatar\\\/bad9296e02816160ae2e2435beda58222022298d5625d49fea74d18816fbb31d?s=96&d=mm&r=g\",\"contentUrl\":\"https:\\\/\\\/secure.gravatar.com\\\/avatar\\\/bad9296e02816160ae2e2435beda58222022298d5625d49fea74d18816fbb31d?s=96&d=mm&r=g\",\"caption\":\"i l\"},\"url\":\"https:\\\/\\\/kosovatimes.info\\\/index.php\\\/author\\\/iliri\\\/\"}]}<\/script>\n<!-- \/ Yoast SEO plugin. -->","yoast_head_json":{"title":"N\u00ebse paksojm\u00eb bashkit\u00eb p\u00ebr efi\u00e7ens\u00eb, pse jo edhe numrin e deputet\u00ebve dhe ministrit\u00eb? - Kosova Times","robots":{"index":"index","follow":"follow","max-snippet":"max-snippet:-1","max-image-preview":"max-image-preview:large","max-video-preview":"max-video-preview:-1"},"canonical":"https:\/\/kosovatimes.info\/index.php\/2026\/08\/30\/nese-paksojme-bashkite-per-eficense-pse-jo-edhe-numrin-e-deputeteve-dhe-ministrite\/","og_locale":"en_US","og_type":"article","og_title":"N\u00ebse paksojm\u00eb bashkit\u00eb p\u00ebr efi\u00e7ens\u00eb, pse jo edhe numrin e deputet\u00ebve dhe ministrit\u00eb? - Kosova Times","og_description":"nga Vladimir Mu\u00e7aj: N\u00ebse pak\u00ebsojm\u00eb bashkit\u00eb p\u00ebr eficenc\u00eb, pse jo edhe numrin e deputet\u00ebve e ministrit\u00eb?Reforma Territoriale u nd\u00ebrmor me nj\u00eb argument t\u00eb fort\u00eb: m\u00eb pak nj\u00ebsi vendore do t\u00eb thot\u00eb m\u00eb pak kosto, m\u00eb pak burokraci dhe, mbi t\u00eb gjitha, sh\u00ebrbime m\u00eb efikase p\u00ebr qytetarin. Sot Shqip\u00ebria funksionon me 61 bashki, pas reform\u00ebs q\u00eb [&hellip;]","og_url":"https:\/\/kosovatimes.info\/index.php\/2026\/08\/30\/nese-paksojme-bashkite-per-eficense-pse-jo-edhe-numrin-e-deputeteve-dhe-ministrite\/","og_site_name":"Kosova Times","article_published_time":"2026-08-30T18:06:15+00:00","article_modified_time":"2026-08-30T18:06:17+00:00","og_image":[{"width":750,"height":375,"url":"https:\/\/kosovatimes.info\/wp-content\/uploads\/2026\/03\/Mucaj.webp","type":"image\/webp"}],"author":"i l","twitter_card":"summary_large_image","twitter_misc":{"Written by":"i l","Est. reading time":"2 minutes"},"schema":{"@context":"https:\/\/schema.org","@graph":[{"@type":"Article","@id":"https:\/\/kosovatimes.info\/index.php\/2026\/08\/30\/nese-paksojme-bashkite-per-eficense-pse-jo-edhe-numrin-e-deputeteve-dhe-ministrite\/#article","isPartOf":{"@id":"https:\/\/kosovatimes.info\/index.php\/2026\/08\/30\/nese-paksojme-bashkite-per-eficense-pse-jo-edhe-numrin-e-deputeteve-dhe-ministrite\/"},"author":{"name":"i l","@id":"https:\/\/kosovatimes.info\/#\/schema\/person\/7586712b9c512fe68085de007378c915"},"headline":"N\u00ebse paksojm\u00eb bashkit\u00eb p\u00ebr efi\u00e7ens\u00eb, pse jo edhe numrin e deputet\u00ebve dhe ministrit\u00eb?","datePublished":"2026-08-30T18:06:15+00:00","dateModified":"2026-08-30T18:06:17+00:00","mainEntityOfPage":{"@id":"https:\/\/kosovatimes.info\/index.php\/2026\/08\/30\/nese-paksojme-bashkite-per-eficense-pse-jo-edhe-numrin-e-deputeteve-dhe-ministrite\/"},"wordCount":451,"commentCount":0,"image":{"@id":"https:\/\/kosovatimes.info\/index.php\/2026\/08\/30\/nese-paksojme-bashkite-per-eficense-pse-jo-edhe-numrin-e-deputeteve-dhe-ministrite\/#primaryimage"},"thumbnailUrl":"https:\/\/kosovatimes.info\/wp-content\/uploads\/2026\/03\/Mucaj.webp","articleSection":["Analiz\u00eb"],"inLanguage":"en-US","potentialAction":[{"@type":"CommentAction","name":"Comment","target":["https:\/\/kosovatimes.info\/index.php\/2026\/08\/30\/nese-paksojme-bashkite-per-eficense-pse-jo-edhe-numrin-e-deputeteve-dhe-ministrite\/#respond"]}]},{"@type":"WebPage","@id":"https:\/\/kosovatimes.info\/index.php\/2026\/08\/30\/nese-paksojme-bashkite-per-eficense-pse-jo-edhe-numrin-e-deputeteve-dhe-ministrite\/","url":"https:\/\/kosovatimes.info\/index.php\/2026\/08\/30\/nese-paksojme-bashkite-per-eficense-pse-jo-edhe-numrin-e-deputeteve-dhe-ministrite\/","name":"N\u00ebse paksojm\u00eb bashkit\u00eb p\u00ebr efi\u00e7ens\u00eb, pse jo edhe numrin e deputet\u00ebve dhe ministrit\u00eb? - Kosova Times","isPartOf":{"@id":"https:\/\/kosovatimes.info\/#website"},"primaryImageOfPage":{"@id":"https:\/\/kosovatimes.info\/index.php\/2026\/08\/30\/nese-paksojme-bashkite-per-eficense-pse-jo-edhe-numrin-e-deputeteve-dhe-ministrite\/#primaryimage"},"image":{"@id":"https:\/\/kosovatimes.info\/index.php\/2026\/08\/30\/nese-paksojme-bashkite-per-eficense-pse-jo-edhe-numrin-e-deputeteve-dhe-ministrite\/#primaryimage"},"thumbnailUrl":"https:\/\/kosovatimes.info\/wp-content\/uploads\/2026\/03\/Mucaj.webp","datePublished":"2026-08-30T18:06:15+00:00","dateModified":"2026-08-30T18:06:17+00:00","author":{"@id":"https:\/\/kosovatimes.info\/#\/schema\/person\/7586712b9c512fe68085de007378c915"},"breadcrumb":{"@id":"https:\/\/kosovatimes.info\/index.php\/2026\/08\/30\/nese-paksojme-bashkite-per-eficense-pse-jo-edhe-numrin-e-deputeteve-dhe-ministrite\/#breadcrumb"},"inLanguage":"en-US","potentialAction":[{"@type":"ReadAction","target":["https:\/\/kosovatimes.info\/index.php\/2026\/08\/30\/nese-paksojme-bashkite-per-eficense-pse-jo-edhe-numrin-e-deputeteve-dhe-ministrite\/"]}]},{"@type":"ImageObject","inLanguage":"en-US","@id":"https:\/\/kosovatimes.info\/index.php\/2026\/08\/30\/nese-paksojme-bashkite-per-eficense-pse-jo-edhe-numrin-e-deputeteve-dhe-ministrite\/#primaryimage","url":"https:\/\/kosovatimes.info\/wp-content\/uploads\/2026\/03\/Mucaj.webp","contentUrl":"https:\/\/kosovatimes.info\/wp-content\/uploads\/2026\/03\/Mucaj.webp","width":750,"height":375},{"@type":"BreadcrumbList","@id":"https:\/\/kosovatimes.info\/index.php\/2026\/08\/30\/nese-paksojme-bashkite-per-eficense-pse-jo-edhe-numrin-e-deputeteve-dhe-ministrite\/#breadcrumb","itemListElement":[{"@type":"ListItem","position":1,"name":"Home","item":"https:\/\/kosovatimes.info\/"},{"@type":"ListItem","position":2,"name":"N\u00ebse paksojm\u00eb bashkit\u00eb p\u00ebr efi\u00e7ens\u00eb, pse jo edhe numrin e deputet\u00ebve dhe ministrit\u00eb?"}]},{"@type":"WebSite","@id":"https:\/\/kosovatimes.info\/#website","url":"https:\/\/kosovatimes.info\/","name":"Kosova Times","description":"","potentialAction":[{"@type":"SearchAction","target":{"@type":"EntryPoint","urlTemplate":"https:\/\/kosovatimes.info\/?s={search_term_string}"},"query-input":{"@type":"PropertyValueSpecification","valueRequired":true,"valueName":"search_term_string"}}],"inLanguage":"en-US"},{"@type":"Person","@id":"https:\/\/kosovatimes.info\/#\/schema\/person\/7586712b9c512fe68085de007378c915","name":"i l","image":{"@type":"ImageObject","inLanguage":"en-US","@id":"https:\/\/secure.gravatar.com\/avatar\/bad9296e02816160ae2e2435beda58222022298d5625d49fea74d18816fbb31d?s=96&d=mm&r=g","url":"https:\/\/secure.gravatar.com\/avatar\/bad9296e02816160ae2e2435beda58222022298d5625d49fea74d18816fbb31d?s=96&d=mm&r=g","contentUrl":"https:\/\/secure.gravatar.com\/avatar\/bad9296e02816160ae2e2435beda58222022298d5625d49fea74d18816fbb31d?s=96&d=mm&r=g","caption":"i l"},"url":"https:\/\/kosovatimes.info\/index.php\/author\/iliri\/"}]}},"_links":{"self":[{"href":"https:\/\/kosovatimes.info\/index.php\/wp-json\/wp\/v2\/posts\/30095","targetHints":{"allow":["GET"]}}],"collection":[{"href":"https:\/\/kosovatimes.info\/index.php\/wp-json\/wp\/v2\/posts"}],"about":[{"href":"https:\/\/kosovatimes.info\/index.php\/wp-json\/wp\/v2\/types\/post"}],"author":[{"embeddable":true,"href":"https:\/\/kosovatimes.info\/index.php\/wp-json\/wp\/v2\/users\/4"}],"replies":[{"embeddable":true,"href":"https:\/\/kosovatimes.info\/index.php\/wp-json\/wp\/v2\/comments?post=30095"}],"version-history":[{"count":1,"href":"https:\/\/kosovatimes.info\/index.php\/wp-json\/wp\/v2\/posts\/30095\/revisions"}],"predecessor-version":[{"id":30096,"href":"https:\/\/kosovatimes.info\/index.php\/wp-json\/wp\/v2\/posts\/30095\/revisions\/30096"}],"wp:featuredmedia":[{"embeddable":true,"href":"https:\/\/kosovatimes.info\/index.php\/wp-json\/wp\/v2\/media\/6354"}],"wp:attachment":[{"href":"https:\/\/kosovatimes.info\/index.php\/wp-json\/wp\/v2\/media?parent=30095"}],"wp:term":[{"taxonomy":"category","embeddable":true,"href":"https:\/\/kosovatimes.info\/index.php\/wp-json\/wp\/v2\/categories?post=30095"},{"taxonomy":"post_tag","embeddable":true,"href":"https:\/\/kosovatimes.info\/index.php\/wp-json\/wp\/v2\/tags?post=30095"}],"curies":[{"name":"wp","href":"https:\/\/api.w.org\/{rel}","templated":true}]}}