{"id":30097,"date":"2026-08-30T20:32:39","date_gmt":"2026-08-30T18:32:39","guid":{"rendered":"https:\/\/kosovatimes.info\/?p=30097"},"modified":"2026-08-30T20:32:40","modified_gmt":"2026-08-30T18:32:40","slug":"nga-instituti-te-propaganda-pavel-bushuyev-dhe-heroizimi-i-ratko-mladiqit","status":"publish","type":"post","link":"https:\/\/kosovatimes.info\/index.php\/2026\/08\/30\/nga-instituti-te-propaganda-pavel-bushuyev-dhe-heroizimi-i-ratko-mladiqit\/","title":{"rendered":"Nga Instituti te propaganda: Pavel Bushuyev dhe \u201cheroizimi\u201d i Ratko Mladiqit"},"content":{"rendered":"\n<p class=\"wp-block-paragraph\">Pavel Bushuyev \u00ebsht\u00eb kreu i Departamentit t\u00eb Studimeve Ballkanike n\u00eb Institutin e Vendeve t\u00eb CIS, duket i ngazellyer me grafitet per kryekriminelin Ratko Mladiq. &#8220;&#8230;ka nj\u00eb mbishkrim q\u00eb mbetet i nj\u00ebjt\u00eb kudo \u2014 n\u00eb Beograd, n\u00eb Valjeve t\u00eb Serbis\u00eb, n\u00eb Banja Lluk\u00eb t\u00eb BH dhe  n\u00eb Berane t\u00eb Malit t\u00eb Zi: <strong>&#8220;Ratko Mladi\u00e7 \u2014 nj\u00eb hero!&#8221;<\/strong>. Ky ekspert eshte ne mesin e disa te tjereve qe vehet ne funksion te politikes, pavaresisht punes ne institut qe duhet te jene neutral dhe te meren me hulumtime reale dhe faktologjike. Ai beson se, n\u00ebse nuk do t\u00eb ishte p\u00ebr t\u00eb, serb\u00ebt ortodoks\u00eb n\u00eb per\u00ebndim t\u00eb Drin\u00ebs do t&#8217;i ishin n\u00ebnshtruar &#8220;shfarosjes&#8221; nga forcat e mysliman\u00ebve boshnjak\u00eb dhe kroat\u00ebve boshnjak\u00eb, me mb\u00ebshtetjen e Per\u00ebndimit. Marr\u00ebveshja e Dejtonit, sipas k\u00ebtij k\u00ebndv\u00ebshtrimi, bazohet n\u00eb fitoret e arritura nga Mladi\u00e7. P\u00ebrndryshe, nuk do t\u00eb kishte me k\u00eb t\u00eb negociohej. Madje ai shkon me tutje duke bere avokatin dhe ekspertin e mjekesise. Kujdesi mjek\u00ebsor q\u00eb ai mori, sipas autorit, ishte m\u00eb shum\u00eb si nj\u00eb lloj &#8220;torture&#8221;: dhimbja jasht\u00ebzakonisht e fort\u00eb q\u00eb ai p\u00ebsoi u &#8220;trajtua&#8221; nga mjek\u00ebt e Hag\u00ebs me paracetamol. Ai nuk tregon per kujdesin qe iu ofrua dhe mundesin qe mjeket serbe ta vizitojne. &#8220;Haga ka refuzuar vazhdimisht k\u00ebrkesat ruse p\u00ebr t\u00eb transferuar gjeneralin n\u00eb Mosk\u00eb p\u00ebr trajtim. K\u00ebrkesat nga Beogradi jan\u00eb refuzuar gjithashtu!. Ai thote se  Slobodan Milloshevi\u00e7i u &#8220;helmua&#8221; n\u00eb burgun e Hag\u00ebs.<\/p>\n\n\n\n<p class=\"wp-block-paragraph\">&#8220;Historia e Ratko Mladi\u0107 \u00ebsht\u00eb edhe historia jon\u00eb \u2014 historia e Rusis\u00eb. M\u00eb sakt\u00ebsisht, nj\u00eb version deri von\u00eb i mundsh\u00ebm i historis\u00eb son\u00eb.<strong>Republika Srpska \u00ebsht\u00eb Donbass i Rusis\u00eb<\/strong>&#8220;<strong>.<\/strong>&#8220;, shkruan ai.<\/p>\n\n\n\n<p class=\"wp-block-paragraph\">Ky shkrim paraqet nj\u00eb q\u00ebndrim shum\u00eb t\u00eb tendenc\u00ebs dhe t\u00eb nj\u00ebansh\u00ebm. Krahasimi mes Republik\u00ebs Srpska dhe Donbasit \u00ebsht\u00eb shum\u00eb i thjeshtuar dhe l\u00eb jasht\u00eb shum\u00eb nuanca historike, politike dhe sociale q\u00eb i b\u00ebjn\u00eb k\u00ebto dy situata t\u00eb ndryshme. Po ashtu, referenca p\u00ebr Ratko Mladi\u0107 si &#8220;hero rus&#8221; \u00ebsht\u00eb e kontestueshme duke anashkaluar faktet e njohura nd\u00ebrkomb\u00ebtarisht p\u00ebr rolin e tij n\u00eb konfliktet e Ballkanit dhe aktet e dhun\u00ebs q\u00eb i kushtuan shum\u00eb jet\u00ebve njer\u00ebzore. <\/p>\n\n\n\n<p class=\"wp-block-paragraph\"><\/p>\n\n\n\n<p class=\"wp-block-paragraph\"><\/p>\n\n\n\n<p class=\"wp-block-paragraph\"><\/p>\n\n\n\n<p class=\"wp-block-paragraph\"><\/p>\n","protected":false},"excerpt":{"rendered":"<p>Pavel Bushuyev \u00ebsht\u00eb kreu i Departamentit t\u00eb Studimeve Ballkanike n\u00eb Institutin e Vendeve t\u00eb CIS, duket i ngazellyer me grafitet per kryekriminelin Ratko Mladiq. &#8220;&#8230;ka nj\u00eb mbishkrim q\u00eb mbetet i nj\u00ebjt\u00eb kudo \u2014 n\u00eb Beograd, n\u00eb Valjeve t\u00eb Serbis\u00eb, n\u00eb Banja Lluk\u00eb t\u00eb BH dhe n\u00eb Berane t\u00eb Malit t\u00eb Zi: &#8220;Ratko Mladi\u00e7 \u2014 nj\u00eb [&hellip;]<\/p>\n","protected":false},"author":4,"featured_media":30098,"comment_status":"open","ping_status":"open","sticky":false,"template":"","format":"standard","meta":{"footnotes":""},"categories":[30,32],"tags":[],"class_list":["post-30097","post","type-post","status-publish","format-standard","has-post-thumbnail","category-lajme","category-rajon"],"yoast_head":"<!-- This site is optimized with the Yoast SEO plugin v27.4 - https:\/\/yoast.com\/product\/yoast-seo-wordpress\/ -->\n<title>Nga Instituti te propaganda: Pavel Bushuyev dhe \u201cheroizimi\u201d i Ratko Mladiqit - Kosova Times<\/title>\n<meta name=\"robots\" content=\"index, follow, max-snippet:-1, max-image-preview:large, max-video-preview:-1\" \/>\n<link rel=\"canonical\" href=\"https:\/\/kosovatimes.info\/index.php\/2026\/08\/30\/nga-instituti-te-propaganda-pavel-bushuyev-dhe-heroizimi-i-ratko-mladiqit\/\" \/>\n<meta property=\"og:locale\" content=\"en_US\" \/>\n<meta property=\"og:type\" content=\"article\" \/>\n<meta property=\"og:title\" content=\"Nga Instituti te propaganda: Pavel Bushuyev dhe \u201cheroizimi\u201d i Ratko Mladiqit - Kosova Times\" \/>\n<meta property=\"og:description\" content=\"Pavel Bushuyev \u00ebsht\u00eb kreu i Departamentit t\u00eb Studimeve Ballkanike n\u00eb Institutin e Vendeve t\u00eb CIS, duket i ngazellyer me grafitet per kryekriminelin Ratko Mladiq. &#8220;&#8230;ka nj\u00eb mbishkrim q\u00eb mbetet i nj\u00ebjt\u00eb kudo \u2014 n\u00eb Beograd, n\u00eb Valjeve t\u00eb Serbis\u00eb, n\u00eb Banja Lluk\u00eb t\u00eb BH dhe n\u00eb Berane t\u00eb Malit t\u00eb Zi: &#8220;Ratko Mladi\u00e7 \u2014 nj\u00eb [&hellip;]\" \/>\n<meta property=\"og:url\" content=\"https:\/\/kosovatimes.info\/index.php\/2026\/08\/30\/nga-instituti-te-propaganda-pavel-bushuyev-dhe-heroizimi-i-ratko-mladiqit\/\" \/>\n<meta property=\"og:site_name\" content=\"Kosova Times\" \/>\n<meta property=\"article:published_time\" content=\"2026-08-30T18:32:39+00:00\" \/>\n<meta property=\"article:modified_time\" content=\"2026-08-30T18:32:40+00:00\" \/>\n<meta property=\"og:image\" content=\"https:\/\/kosovatimes.info\/wp-content\/uploads\/2026\/08\/mladic.jpg\" \/>\n\t<meta property=\"og:image:width\" content=\"1280\" \/>\n\t<meta property=\"og:image:height\" content=\"719\" \/>\n\t<meta property=\"og:image:type\" content=\"image\/jpeg\" \/>\n<meta name=\"author\" content=\"i l\" \/>\n<meta name=\"twitter:card\" content=\"summary_large_image\" \/>\n<meta name=\"twitter:label1\" content=\"Written by\" \/>\n\t<meta name=\"twitter:data1\" content=\"i l\" \/>\n\t<meta name=\"twitter:label2\" content=\"Est. reading time\" \/>\n\t<meta name=\"twitter:data2\" content=\"2 minutes\" \/>\n<script type=\"application\/ld+json\" class=\"yoast-schema-graph\">{\"@context\":\"https:\\\/\\\/schema.org\",\"@graph\":[{\"@type\":\"Article\",\"@id\":\"https:\\\/\\\/kosovatimes.info\\\/index.php\\\/2026\\\/08\\\/30\\\/nga-instituti-te-propaganda-pavel-bushuyev-dhe-heroizimi-i-ratko-mladiqit\\\/#article\",\"isPartOf\":{\"@id\":\"https:\\\/\\\/kosovatimes.info\\\/index.php\\\/2026\\\/08\\\/30\\\/nga-instituti-te-propaganda-pavel-bushuyev-dhe-heroizimi-i-ratko-mladiqit\\\/\"},\"author\":{\"name\":\"i l\",\"@id\":\"https:\\\/\\\/kosovatimes.info\\\/#\\\/schema\\\/person\\\/7586712b9c512fe68085de007378c915\"},\"headline\":\"Nga Instituti te propaganda: Pavel Bushuyev dhe \u201cheroizimi\u201d i Ratko Mladiqit\",\"datePublished\":\"2026-08-30T18:32:39+00:00\",\"dateModified\":\"2026-08-30T18:32:40+00:00\",\"mainEntityOfPage\":{\"@id\":\"https:\\\/\\\/kosovatimes.info\\\/index.php\\\/2026\\\/08\\\/30\\\/nga-instituti-te-propaganda-pavel-bushuyev-dhe-heroizimi-i-ratko-mladiqit\\\/\"},\"wordCount\":387,\"commentCount\":0,\"image\":{\"@id\":\"https:\\\/\\\/kosovatimes.info\\\/index.php\\\/2026\\\/08\\\/30\\\/nga-instituti-te-propaganda-pavel-bushuyev-dhe-heroizimi-i-ratko-mladiqit\\\/#primaryimage\"},\"thumbnailUrl\":\"https:\\\/\\\/kosovatimes.info\\\/wp-content\\\/uploads\\\/2026\\\/08\\\/mladic.jpg\",\"articleSection\":[\"Lajme\",\"Rajon\"],\"inLanguage\":\"en-US\",\"potentialAction\":[{\"@type\":\"CommentAction\",\"name\":\"Comment\",\"target\":[\"https:\\\/\\\/kosovatimes.info\\\/index.php\\\/2026\\\/08\\\/30\\\/nga-instituti-te-propaganda-pavel-bushuyev-dhe-heroizimi-i-ratko-mladiqit\\\/#respond\"]}]},{\"@type\":\"WebPage\",\"@id\":\"https:\\\/\\\/kosovatimes.info\\\/index.php\\\/2026\\\/08\\\/30\\\/nga-instituti-te-propaganda-pavel-bushuyev-dhe-heroizimi-i-ratko-mladiqit\\\/\",\"url\":\"https:\\\/\\\/kosovatimes.info\\\/index.php\\\/2026\\\/08\\\/30\\\/nga-instituti-te-propaganda-pavel-bushuyev-dhe-heroizimi-i-ratko-mladiqit\\\/\",\"name\":\"Nga Instituti te propaganda: Pavel Bushuyev dhe \u201cheroizimi\u201d i Ratko Mladiqit - Kosova Times\",\"isPartOf\":{\"@id\":\"https:\\\/\\\/kosovatimes.info\\\/#website\"},\"primaryImageOfPage\":{\"@id\":\"https:\\\/\\\/kosovatimes.info\\\/index.php\\\/2026\\\/08\\\/30\\\/nga-instituti-te-propaganda-pavel-bushuyev-dhe-heroizimi-i-ratko-mladiqit\\\/#primaryimage\"},\"image\":{\"@id\":\"https:\\\/\\\/kosovatimes.info\\\/index.php\\\/2026\\\/08\\\/30\\\/nga-instituti-te-propaganda-pavel-bushuyev-dhe-heroizimi-i-ratko-mladiqit\\\/#primaryimage\"},\"thumbnailUrl\":\"https:\\\/\\\/kosovatimes.info\\\/wp-content\\\/uploads\\\/2026\\\/08\\\/mladic.jpg\",\"datePublished\":\"2026-08-30T18:32:39+00:00\",\"dateModified\":\"2026-08-30T18:32:40+00:00\",\"author\":{\"@id\":\"https:\\\/\\\/kosovatimes.info\\\/#\\\/schema\\\/person\\\/7586712b9c512fe68085de007378c915\"},\"breadcrumb\":{\"@id\":\"https:\\\/\\\/kosovatimes.info\\\/index.php\\\/2026\\\/08\\\/30\\\/nga-instituti-te-propaganda-pavel-bushuyev-dhe-heroizimi-i-ratko-mladiqit\\\/#breadcrumb\"},\"inLanguage\":\"en-US\",\"potentialAction\":[{\"@type\":\"ReadAction\",\"target\":[\"https:\\\/\\\/kosovatimes.info\\\/index.php\\\/2026\\\/08\\\/30\\\/nga-instituti-te-propaganda-pavel-bushuyev-dhe-heroizimi-i-ratko-mladiqit\\\/\"]}]},{\"@type\":\"ImageObject\",\"inLanguage\":\"en-US\",\"@id\":\"https:\\\/\\\/kosovatimes.info\\\/index.php\\\/2026\\\/08\\\/30\\\/nga-instituti-te-propaganda-pavel-bushuyev-dhe-heroizimi-i-ratko-mladiqit\\\/#primaryimage\",\"url\":\"https:\\\/\\\/kosovatimes.info\\\/wp-content\\\/uploads\\\/2026\\\/08\\\/mladic.jpg\",\"contentUrl\":\"https:\\\/\\\/kosovatimes.info\\\/wp-content\\\/uploads\\\/2026\\\/08\\\/mladic.jpg\",\"width\":1280,\"height\":719},{\"@type\":\"BreadcrumbList\",\"@id\":\"https:\\\/\\\/kosovatimes.info\\\/index.php\\\/2026\\\/08\\\/30\\\/nga-instituti-te-propaganda-pavel-bushuyev-dhe-heroizimi-i-ratko-mladiqit\\\/#breadcrumb\",\"itemListElement\":[{\"@type\":\"ListItem\",\"position\":1,\"name\":\"Home\",\"item\":\"https:\\\/\\\/kosovatimes.info\\\/\"},{\"@type\":\"ListItem\",\"position\":2,\"name\":\"Nga Instituti te propaganda: Pavel Bushuyev dhe \u201cheroizimi\u201d i Ratko Mladiqit\"}]},{\"@type\":\"WebSite\",\"@id\":\"https:\\\/\\\/kosovatimes.info\\\/#website\",\"url\":\"https:\\\/\\\/kosovatimes.info\\\/\",\"name\":\"Kosova Times\",\"description\":\"\",\"potentialAction\":[{\"@type\":\"SearchAction\",\"target\":{\"@type\":\"EntryPoint\",\"urlTemplate\":\"https:\\\/\\\/kosovatimes.info\\\/?s={search_term_string}\"},\"query-input\":{\"@type\":\"PropertyValueSpecification\",\"valueRequired\":true,\"valueName\":\"search_term_string\"}}],\"inLanguage\":\"en-US\"},{\"@type\":\"Person\",\"@id\":\"https:\\\/\\\/kosovatimes.info\\\/#\\\/schema\\\/person\\\/7586712b9c512fe68085de007378c915\",\"name\":\"i l\",\"image\":{\"@type\":\"ImageObject\",\"inLanguage\":\"en-US\",\"@id\":\"https:\\\/\\\/secure.gravatar.com\\\/avatar\\\/bad9296e02816160ae2e2435beda58222022298d5625d49fea74d18816fbb31d?s=96&d=mm&r=g\",\"url\":\"https:\\\/\\\/secure.gravatar.com\\\/avatar\\\/bad9296e02816160ae2e2435beda58222022298d5625d49fea74d18816fbb31d?s=96&d=mm&r=g\",\"contentUrl\":\"https:\\\/\\\/secure.gravatar.com\\\/avatar\\\/bad9296e02816160ae2e2435beda58222022298d5625d49fea74d18816fbb31d?s=96&d=mm&r=g\",\"caption\":\"i l\"},\"url\":\"https:\\\/\\\/kosovatimes.info\\\/index.php\\\/author\\\/iliri\\\/\"}]}<\/script>\n<!-- \/ Yoast SEO plugin. -->","yoast_head_json":{"title":"Nga Instituti te propaganda: Pavel Bushuyev dhe \u201cheroizimi\u201d i Ratko Mladiqit - Kosova Times","robots":{"index":"index","follow":"follow","max-snippet":"max-snippet:-1","max-image-preview":"max-image-preview:large","max-video-preview":"max-video-preview:-1"},"canonical":"https:\/\/kosovatimes.info\/index.php\/2026\/08\/30\/nga-instituti-te-propaganda-pavel-bushuyev-dhe-heroizimi-i-ratko-mladiqit\/","og_locale":"en_US","og_type":"article","og_title":"Nga Instituti te propaganda: Pavel Bushuyev dhe \u201cheroizimi\u201d i Ratko Mladiqit - Kosova Times","og_description":"Pavel Bushuyev \u00ebsht\u00eb kreu i Departamentit t\u00eb Studimeve Ballkanike n\u00eb Institutin e Vendeve t\u00eb CIS, duket i ngazellyer me grafitet per kryekriminelin Ratko Mladiq. &#8220;&#8230;ka nj\u00eb mbishkrim q\u00eb mbetet i nj\u00ebjt\u00eb kudo \u2014 n\u00eb Beograd, n\u00eb Valjeve t\u00eb Serbis\u00eb, n\u00eb Banja Lluk\u00eb t\u00eb BH dhe n\u00eb Berane t\u00eb Malit t\u00eb Zi: &#8220;Ratko Mladi\u00e7 \u2014 nj\u00eb [&hellip;]","og_url":"https:\/\/kosovatimes.info\/index.php\/2026\/08\/30\/nga-instituti-te-propaganda-pavel-bushuyev-dhe-heroizimi-i-ratko-mladiqit\/","og_site_name":"Kosova Times","article_published_time":"2026-08-30T18:32:39+00:00","article_modified_time":"2026-08-30T18:32:40+00:00","og_image":[{"width":1280,"height":719,"url":"https:\/\/kosovatimes.info\/wp-content\/uploads\/2026\/08\/mladic.jpg","type":"image\/jpeg"}],"author":"i l","twitter_card":"summary_large_image","twitter_misc":{"Written by":"i l","Est. reading time":"2 minutes"},"schema":{"@context":"https:\/\/schema.org","@graph":[{"@type":"Article","@id":"https:\/\/kosovatimes.info\/index.php\/2026\/08\/30\/nga-instituti-te-propaganda-pavel-bushuyev-dhe-heroizimi-i-ratko-mladiqit\/#article","isPartOf":{"@id":"https:\/\/kosovatimes.info\/index.php\/2026\/08\/30\/nga-instituti-te-propaganda-pavel-bushuyev-dhe-heroizimi-i-ratko-mladiqit\/"},"author":{"name":"i l","@id":"https:\/\/kosovatimes.info\/#\/schema\/person\/7586712b9c512fe68085de007378c915"},"headline":"Nga Instituti te propaganda: Pavel Bushuyev dhe \u201cheroizimi\u201d i Ratko Mladiqit","datePublished":"2026-08-30T18:32:39+00:00","dateModified":"2026-08-30T18:32:40+00:00","mainEntityOfPage":{"@id":"https:\/\/kosovatimes.info\/index.php\/2026\/08\/30\/nga-instituti-te-propaganda-pavel-bushuyev-dhe-heroizimi-i-ratko-mladiqit\/"},"wordCount":387,"commentCount":0,"image":{"@id":"https:\/\/kosovatimes.info\/index.php\/2026\/08\/30\/nga-instituti-te-propaganda-pavel-bushuyev-dhe-heroizimi-i-ratko-mladiqit\/#primaryimage"},"thumbnailUrl":"https:\/\/kosovatimes.info\/wp-content\/uploads\/2026\/08\/mladic.jpg","articleSection":["Lajme","Rajon"],"inLanguage":"en-US","potentialAction":[{"@type":"CommentAction","name":"Comment","target":["https:\/\/kosovatimes.info\/index.php\/2026\/08\/30\/nga-instituti-te-propaganda-pavel-bushuyev-dhe-heroizimi-i-ratko-mladiqit\/#respond"]}]},{"@type":"WebPage","@id":"https:\/\/kosovatimes.info\/index.php\/2026\/08\/30\/nga-instituti-te-propaganda-pavel-bushuyev-dhe-heroizimi-i-ratko-mladiqit\/","url":"https:\/\/kosovatimes.info\/index.php\/2026\/08\/30\/nga-instituti-te-propaganda-pavel-bushuyev-dhe-heroizimi-i-ratko-mladiqit\/","name":"Nga Instituti te propaganda: Pavel Bushuyev dhe \u201cheroizimi\u201d i Ratko Mladiqit - Kosova Times","isPartOf":{"@id":"https:\/\/kosovatimes.info\/#website"},"primaryImageOfPage":{"@id":"https:\/\/kosovatimes.info\/index.php\/2026\/08\/30\/nga-instituti-te-propaganda-pavel-bushuyev-dhe-heroizimi-i-ratko-mladiqit\/#primaryimage"},"image":{"@id":"https:\/\/kosovatimes.info\/index.php\/2026\/08\/30\/nga-instituti-te-propaganda-pavel-bushuyev-dhe-heroizimi-i-ratko-mladiqit\/#primaryimage"},"thumbnailUrl":"https:\/\/kosovatimes.info\/wp-content\/uploads\/2026\/08\/mladic.jpg","datePublished":"2026-08-30T18:32:39+00:00","dateModified":"2026-08-30T18:32:40+00:00","author":{"@id":"https:\/\/kosovatimes.info\/#\/schema\/person\/7586712b9c512fe68085de007378c915"},"breadcrumb":{"@id":"https:\/\/kosovatimes.info\/index.php\/2026\/08\/30\/nga-instituti-te-propaganda-pavel-bushuyev-dhe-heroizimi-i-ratko-mladiqit\/#breadcrumb"},"inLanguage":"en-US","potentialAction":[{"@type":"ReadAction","target":["https:\/\/kosovatimes.info\/index.php\/2026\/08\/30\/nga-instituti-te-propaganda-pavel-bushuyev-dhe-heroizimi-i-ratko-mladiqit\/"]}]},{"@type":"ImageObject","inLanguage":"en-US","@id":"https:\/\/kosovatimes.info\/index.php\/2026\/08\/30\/nga-instituti-te-propaganda-pavel-bushuyev-dhe-heroizimi-i-ratko-mladiqit\/#primaryimage","url":"https:\/\/kosovatimes.info\/wp-content\/uploads\/2026\/08\/mladic.jpg","contentUrl":"https:\/\/kosovatimes.info\/wp-content\/uploads\/2026\/08\/mladic.jpg","width":1280,"height":719},{"@type":"BreadcrumbList","@id":"https:\/\/kosovatimes.info\/index.php\/2026\/08\/30\/nga-instituti-te-propaganda-pavel-bushuyev-dhe-heroizimi-i-ratko-mladiqit\/#breadcrumb","itemListElement":[{"@type":"ListItem","position":1,"name":"Home","item":"https:\/\/kosovatimes.info\/"},{"@type":"ListItem","position":2,"name":"Nga Instituti te propaganda: Pavel Bushuyev dhe \u201cheroizimi\u201d i Ratko Mladiqit"}]},{"@type":"WebSite","@id":"https:\/\/kosovatimes.info\/#website","url":"https:\/\/kosovatimes.info\/","name":"Kosova Times","description":"","potentialAction":[{"@type":"SearchAction","target":{"@type":"EntryPoint","urlTemplate":"https:\/\/kosovatimes.info\/?s={search_term_string}"},"query-input":{"@type":"PropertyValueSpecification","valueRequired":true,"valueName":"search_term_string"}}],"inLanguage":"en-US"},{"@type":"Person","@id":"https:\/\/kosovatimes.info\/#\/schema\/person\/7586712b9c512fe68085de007378c915","name":"i l","image":{"@type":"ImageObject","inLanguage":"en-US","@id":"https:\/\/secure.gravatar.com\/avatar\/bad9296e02816160ae2e2435beda58222022298d5625d49fea74d18816fbb31d?s=96&d=mm&r=g","url":"https:\/\/secure.gravatar.com\/avatar\/bad9296e02816160ae2e2435beda58222022298d5625d49fea74d18816fbb31d?s=96&d=mm&r=g","contentUrl":"https:\/\/secure.gravatar.com\/avatar\/bad9296e02816160ae2e2435beda58222022298d5625d49fea74d18816fbb31d?s=96&d=mm&r=g","caption":"i l"},"url":"https:\/\/kosovatimes.info\/index.php\/author\/iliri\/"}]}},"_links":{"self":[{"href":"https:\/\/kosovatimes.info\/index.php\/wp-json\/wp\/v2\/posts\/30097","targetHints":{"allow":["GET"]}}],"collection":[{"href":"https:\/\/kosovatimes.info\/index.php\/wp-json\/wp\/v2\/posts"}],"about":[{"href":"https:\/\/kosovatimes.info\/index.php\/wp-json\/wp\/v2\/types\/post"}],"author":[{"embeddable":true,"href":"https:\/\/kosovatimes.info\/index.php\/wp-json\/wp\/v2\/users\/4"}],"replies":[{"embeddable":true,"href":"https:\/\/kosovatimes.info\/index.php\/wp-json\/wp\/v2\/comments?post=30097"}],"version-history":[{"count":1,"href":"https:\/\/kosovatimes.info\/index.php\/wp-json\/wp\/v2\/posts\/30097\/revisions"}],"predecessor-version":[{"id":30099,"href":"https:\/\/kosovatimes.info\/index.php\/wp-json\/wp\/v2\/posts\/30097\/revisions\/30099"}],"wp:featuredmedia":[{"embeddable":true,"href":"https:\/\/kosovatimes.info\/index.php\/wp-json\/wp\/v2\/media\/30098"}],"wp:attachment":[{"href":"https:\/\/kosovatimes.info\/index.php\/wp-json\/wp\/v2\/media?parent=30097"}],"wp:term":[{"taxonomy":"category","embeddable":true,"href":"https:\/\/kosovatimes.info\/index.php\/wp-json\/wp\/v2\/categories?post=30097"},{"taxonomy":"post_tag","embeddable":true,"href":"https:\/\/kosovatimes.info\/index.php\/wp-json\/wp\/v2\/tags?post=30097"}],"curies":[{"name":"wp","href":"https:\/\/api.w.org\/{rel}","templated":true}]}}