{"id":30100,"date":"2026-08-30T20:19:00","date_gmt":"2026-08-30T18:19:00","guid":{"rendered":"https:\/\/kosovatimes.info\/?p=30100"},"modified":"2026-08-30T20:35:43","modified_gmt":"2026-08-30T18:35:43","slug":"defekti-ne-gypin-e-ujesjellesit-le-pa-uje-disa-rruge-ne-prishtine","status":"publish","type":"post","link":"https:\/\/kosovatimes.info\/index.php\/2026\/08\/30\/defekti-ne-gypin-e-ujesjellesit-le-pa-uje-disa-rruge-ne-prishtine\/","title":{"rendered":"Defekti n\u00eb gypin e uj\u00ebsjell\u00ebsit l\u00eb pa uj\u00eb disa rrug\u00eb n\u00eb Prishtin\u00eb"},"content":{"rendered":"\n<p class=\"wp-block-paragraph\"><strong>Kompania rajonale e uj\u00ebsjell\u00ebsit &#8220;Prishtina&#8221; b\u00ebri t\u00eb ditur p\u00ebr nd\u00ebrprerje t\u00eb furnizimit me uj\u00eb n\u00eb nj\u00eb pjes\u00eb t\u00eb Prishtin\u00ebs.<\/strong><\/p>\n\n\n\n<p class=\"wp-block-paragraph\">&#8220;Ju njoftojm\u00eb se p\u00ebr shkak t\u00eb nj\u00eb rrjedhjeje n\u00eb gypin Fi 90 mm, \u00ebsht\u00eb nd\u00ebrprer\u00eb uji n\u00eb rrug\u00ebn \u201cFerid Curri\u201d nga ora 18:00 e dat\u00ebs 30.08.2026. Rasti \u00ebsht\u00eb i komplikuar p\u00ebr intervenim dhe, p\u00ebr shkak t\u00eb kushteve n\u00eb terren, ekipet nuk kan\u00eb arritur q\u00eb sonte ta p\u00ebrfundojn\u00eb riparimin. Punimet do t\u00eb vazhdojn\u00eb nes\u00ebr, me q\u00ebllim t\u00eb sanimit t\u00eb defektit dhe rikthimit t\u00eb furnizimit me uj\u00eb sa m\u00eb shpejt t\u00eb jet\u00eb e mundur&#8221;, thuhrt n\u00eb njoftim.<\/p>\n\n\n\n<p class=\"wp-block-paragraph\">Si pasoj\u00eb e k\u00ebtij defekti, pa furnizim me uj\u00eb do t\u00eb jen\u00eb pjes\u00ebrisht:<\/p>\n\n\n\n<p class=\"wp-block-paragraph\">&#8220;Rruga \u201cFerid Curri\u201d, Rruga \u201cSpiro Mosiu, Rruga \u201cZahide Jashari\u201d dhe Nj\u00eb pjes\u00eb e rrug\u00ebve p\u00ebrreth zon\u00ebs s\u00eb \u201cFerid Currit\u201d,<\/p>\n\n\n\n<p class=\"wp-block-paragraph\">&#8220;Ju k\u00ebrkojm\u00eb ndjes\u00eb p\u00ebr shqet\u00ebsimin dhe fal\u00ebnderojm\u00eb konsumator\u00ebt p\u00ebr mir\u00ebkuptimin. Ekipet tona do t\u00eb angazhohen q\u00eb intervenimi t\u00eb p\u00ebrfundoj\u00eb n\u00eb afatin sa m\u00eb t\u00eb shkurt\u00ebr t\u00eb mundsh\u00ebm, njofton&nbsp;Kompania rajonale e uj\u00ebsjell\u00ebsit &#8220;Prishtina&#8221;.<\/p>\n","protected":false},"excerpt":{"rendered":"<p>Kompania rajonale e uj\u00ebsjell\u00ebsit &#8220;Prishtina&#8221; b\u00ebri t\u00eb ditur p\u00ebr nd\u00ebrprerje t\u00eb furnizimit me uj\u00eb n\u00eb nj\u00eb pjes\u00eb t\u00eb Prishtin\u00ebs. &#8220;Ju njoftojm\u00eb se p\u00ebr shkak t\u00eb nj\u00eb rrjedhjeje n\u00eb gypin Fi 90 mm, \u00ebsht\u00eb nd\u00ebrprer\u00eb uji n\u00eb rrug\u00ebn \u201cFerid Curri\u201d nga ora 18:00 e dat\u00ebs 30.08.2026. Rasti \u00ebsht\u00eb i komplikuar p\u00ebr intervenim dhe, p\u00ebr shkak t\u00eb [&hellip;]<\/p>\n","protected":false},"author":4,"featured_media":8589,"comment_status":"open","ping_status":"open","sticky":false,"template":"","format":"standard","meta":{"footnotes":""},"categories":[31,30],"tags":[],"class_list":["post-30100","post","type-post","status-publish","format-standard","has-post-thumbnail","category-kosove","category-lajme"],"yoast_head":"<!-- This site is optimized with the Yoast SEO plugin v27.4 - https:\/\/yoast.com\/product\/yoast-seo-wordpress\/ -->\n<title>Defekti n\u00eb gypin e uj\u00ebsjell\u00ebsit l\u00eb pa uj\u00eb disa rrug\u00eb n\u00eb Prishtin\u00eb - Kosova Times<\/title>\n<meta name=\"robots\" content=\"index, follow, max-snippet:-1, max-image-preview:large, max-video-preview:-1\" \/>\n<link rel=\"canonical\" href=\"https:\/\/kosovatimes.info\/index.php\/2026\/08\/30\/defekti-ne-gypin-e-ujesjellesit-le-pa-uje-disa-rruge-ne-prishtine\/\" \/>\n<meta property=\"og:locale\" content=\"en_US\" \/>\n<meta property=\"og:type\" content=\"article\" \/>\n<meta property=\"og:title\" content=\"Defekti n\u00eb gypin e uj\u00ebsjell\u00ebsit l\u00eb pa uj\u00eb disa rrug\u00eb n\u00eb Prishtin\u00eb - Kosova Times\" \/>\n<meta property=\"og:description\" content=\"Kompania rajonale e uj\u00ebsjell\u00ebsit &#8220;Prishtina&#8221; b\u00ebri t\u00eb ditur p\u00ebr nd\u00ebrprerje t\u00eb furnizimit me uj\u00eb n\u00eb nj\u00eb pjes\u00eb t\u00eb Prishtin\u00ebs. &#8220;Ju njoftojm\u00eb se p\u00ebr shkak t\u00eb nj\u00eb rrjedhjeje n\u00eb gypin Fi 90 mm, \u00ebsht\u00eb nd\u00ebrprer\u00eb uji n\u00eb rrug\u00ebn \u201cFerid Curri\u201d nga ora 18:00 e dat\u00ebs 30.08.2026. Rasti \u00ebsht\u00eb i komplikuar p\u00ebr intervenim dhe, p\u00ebr shkak t\u00eb [&hellip;]\" \/>\n<meta property=\"og:url\" content=\"https:\/\/kosovatimes.info\/index.php\/2026\/08\/30\/defekti-ne-gypin-e-ujesjellesit-le-pa-uje-disa-rruge-ne-prishtine\/\" \/>\n<meta property=\"og:site_name\" content=\"Kosova Times\" \/>\n<meta property=\"article:published_time\" content=\"2026-08-30T18:19:00+00:00\" \/>\n<meta property=\"article:modified_time\" content=\"2026-08-30T18:35:43+00:00\" \/>\n<meta property=\"og:image\" content=\"https:\/\/kosovatimes.info\/wp-content\/uploads\/2026\/04\/Uji.jpg\" \/>\n\t<meta property=\"og:image:width\" content=\"780\" \/>\n\t<meta property=\"og:image:height\" content=\"500\" \/>\n\t<meta property=\"og:image:type\" content=\"image\/jpeg\" \/>\n<meta name=\"author\" content=\"i l\" \/>\n<meta name=\"twitter:card\" content=\"summary_large_image\" \/>\n<meta name=\"twitter:label1\" content=\"Written by\" \/>\n\t<meta name=\"twitter:data1\" content=\"i l\" \/>\n\t<meta name=\"twitter:label2\" content=\"Est. reading time\" \/>\n\t<meta name=\"twitter:data2\" content=\"1 minute\" \/>\n<script type=\"application\/ld+json\" class=\"yoast-schema-graph\">{\"@context\":\"https:\\\/\\\/schema.org\",\"@graph\":[{\"@type\":\"Article\",\"@id\":\"https:\\\/\\\/kosovatimes.info\\\/index.php\\\/2026\\\/08\\\/30\\\/defekti-ne-gypin-e-ujesjellesit-le-pa-uje-disa-rruge-ne-prishtine\\\/#article\",\"isPartOf\":{\"@id\":\"https:\\\/\\\/kosovatimes.info\\\/index.php\\\/2026\\\/08\\\/30\\\/defekti-ne-gypin-e-ujesjellesit-le-pa-uje-disa-rruge-ne-prishtine\\\/\"},\"author\":{\"name\":\"i l\",\"@id\":\"https:\\\/\\\/kosovatimes.info\\\/#\\\/schema\\\/person\\\/7586712b9c512fe68085de007378c915\"},\"headline\":\"Defekti n\u00eb gypin e uj\u00ebsjell\u00ebsit l\u00eb pa uj\u00eb disa rrug\u00eb n\u00eb Prishtin\u00eb\",\"datePublished\":\"2026-08-30T18:19:00+00:00\",\"dateModified\":\"2026-08-30T18:35:43+00:00\",\"mainEntityOfPage\":{\"@id\":\"https:\\\/\\\/kosovatimes.info\\\/index.php\\\/2026\\\/08\\\/30\\\/defekti-ne-gypin-e-ujesjellesit-le-pa-uje-disa-rruge-ne-prishtine\\\/\"},\"wordCount\":203,\"commentCount\":0,\"image\":{\"@id\":\"https:\\\/\\\/kosovatimes.info\\\/index.php\\\/2026\\\/08\\\/30\\\/defekti-ne-gypin-e-ujesjellesit-le-pa-uje-disa-rruge-ne-prishtine\\\/#primaryimage\"},\"thumbnailUrl\":\"https:\\\/\\\/kosovatimes.info\\\/wp-content\\\/uploads\\\/2026\\\/04\\\/Uji.jpg\",\"articleSection\":[\"Kosov\u00eb\",\"Lajme\"],\"inLanguage\":\"en-US\",\"potentialAction\":[{\"@type\":\"CommentAction\",\"name\":\"Comment\",\"target\":[\"https:\\\/\\\/kosovatimes.info\\\/index.php\\\/2026\\\/08\\\/30\\\/defekti-ne-gypin-e-ujesjellesit-le-pa-uje-disa-rruge-ne-prishtine\\\/#respond\"]}]},{\"@type\":\"WebPage\",\"@id\":\"https:\\\/\\\/kosovatimes.info\\\/index.php\\\/2026\\\/08\\\/30\\\/defekti-ne-gypin-e-ujesjellesit-le-pa-uje-disa-rruge-ne-prishtine\\\/\",\"url\":\"https:\\\/\\\/kosovatimes.info\\\/index.php\\\/2026\\\/08\\\/30\\\/defekti-ne-gypin-e-ujesjellesit-le-pa-uje-disa-rruge-ne-prishtine\\\/\",\"name\":\"Defekti n\u00eb gypin e uj\u00ebsjell\u00ebsit l\u00eb pa uj\u00eb disa rrug\u00eb n\u00eb Prishtin\u00eb - Kosova Times\",\"isPartOf\":{\"@id\":\"https:\\\/\\\/kosovatimes.info\\\/#website\"},\"primaryImageOfPage\":{\"@id\":\"https:\\\/\\\/kosovatimes.info\\\/index.php\\\/2026\\\/08\\\/30\\\/defekti-ne-gypin-e-ujesjellesit-le-pa-uje-disa-rruge-ne-prishtine\\\/#primaryimage\"},\"image\":{\"@id\":\"https:\\\/\\\/kosovatimes.info\\\/index.php\\\/2026\\\/08\\\/30\\\/defekti-ne-gypin-e-ujesjellesit-le-pa-uje-disa-rruge-ne-prishtine\\\/#primaryimage\"},\"thumbnailUrl\":\"https:\\\/\\\/kosovatimes.info\\\/wp-content\\\/uploads\\\/2026\\\/04\\\/Uji.jpg\",\"datePublished\":\"2026-08-30T18:19:00+00:00\",\"dateModified\":\"2026-08-30T18:35:43+00:00\",\"author\":{\"@id\":\"https:\\\/\\\/kosovatimes.info\\\/#\\\/schema\\\/person\\\/7586712b9c512fe68085de007378c915\"},\"breadcrumb\":{\"@id\":\"https:\\\/\\\/kosovatimes.info\\\/index.php\\\/2026\\\/08\\\/30\\\/defekti-ne-gypin-e-ujesjellesit-le-pa-uje-disa-rruge-ne-prishtine\\\/#breadcrumb\"},\"inLanguage\":\"en-US\",\"potentialAction\":[{\"@type\":\"ReadAction\",\"target\":[\"https:\\\/\\\/kosovatimes.info\\\/index.php\\\/2026\\\/08\\\/30\\\/defekti-ne-gypin-e-ujesjellesit-le-pa-uje-disa-rruge-ne-prishtine\\\/\"]}]},{\"@type\":\"ImageObject\",\"inLanguage\":\"en-US\",\"@id\":\"https:\\\/\\\/kosovatimes.info\\\/index.php\\\/2026\\\/08\\\/30\\\/defekti-ne-gypin-e-ujesjellesit-le-pa-uje-disa-rruge-ne-prishtine\\\/#primaryimage\",\"url\":\"https:\\\/\\\/kosovatimes.info\\\/wp-content\\\/uploads\\\/2026\\\/04\\\/Uji.jpg\",\"contentUrl\":\"https:\\\/\\\/kosovatimes.info\\\/wp-content\\\/uploads\\\/2026\\\/04\\\/Uji.jpg\",\"width\":780,\"height\":500},{\"@type\":\"BreadcrumbList\",\"@id\":\"https:\\\/\\\/kosovatimes.info\\\/index.php\\\/2026\\\/08\\\/30\\\/defekti-ne-gypin-e-ujesjellesit-le-pa-uje-disa-rruge-ne-prishtine\\\/#breadcrumb\",\"itemListElement\":[{\"@type\":\"ListItem\",\"position\":1,\"name\":\"Home\",\"item\":\"https:\\\/\\\/kosovatimes.info\\\/\"},{\"@type\":\"ListItem\",\"position\":2,\"name\":\"Defekti n\u00eb gypin e uj\u00ebsjell\u00ebsit l\u00eb pa uj\u00eb disa rrug\u00eb n\u00eb Prishtin\u00eb\"}]},{\"@type\":\"WebSite\",\"@id\":\"https:\\\/\\\/kosovatimes.info\\\/#website\",\"url\":\"https:\\\/\\\/kosovatimes.info\\\/\",\"name\":\"Kosova Times\",\"description\":\"\",\"potentialAction\":[{\"@type\":\"SearchAction\",\"target\":{\"@type\":\"EntryPoint\",\"urlTemplate\":\"https:\\\/\\\/kosovatimes.info\\\/?s={search_term_string}\"},\"query-input\":{\"@type\":\"PropertyValueSpecification\",\"valueRequired\":true,\"valueName\":\"search_term_string\"}}],\"inLanguage\":\"en-US\"},{\"@type\":\"Person\",\"@id\":\"https:\\\/\\\/kosovatimes.info\\\/#\\\/schema\\\/person\\\/7586712b9c512fe68085de007378c915\",\"name\":\"i l\",\"image\":{\"@type\":\"ImageObject\",\"inLanguage\":\"en-US\",\"@id\":\"https:\\\/\\\/secure.gravatar.com\\\/avatar\\\/bad9296e02816160ae2e2435beda58222022298d5625d49fea74d18816fbb31d?s=96&d=mm&r=g\",\"url\":\"https:\\\/\\\/secure.gravatar.com\\\/avatar\\\/bad9296e02816160ae2e2435beda58222022298d5625d49fea74d18816fbb31d?s=96&d=mm&r=g\",\"contentUrl\":\"https:\\\/\\\/secure.gravatar.com\\\/avatar\\\/bad9296e02816160ae2e2435beda58222022298d5625d49fea74d18816fbb31d?s=96&d=mm&r=g\",\"caption\":\"i l\"},\"url\":\"https:\\\/\\\/kosovatimes.info\\\/index.php\\\/author\\\/iliri\\\/\"}]}<\/script>\n<!-- \/ Yoast SEO plugin. -->","yoast_head_json":{"title":"Defekti n\u00eb gypin e uj\u00ebsjell\u00ebsit l\u00eb pa uj\u00eb disa rrug\u00eb n\u00eb Prishtin\u00eb - Kosova Times","robots":{"index":"index","follow":"follow","max-snippet":"max-snippet:-1","max-image-preview":"max-image-preview:large","max-video-preview":"max-video-preview:-1"},"canonical":"https:\/\/kosovatimes.info\/index.php\/2026\/08\/30\/defekti-ne-gypin-e-ujesjellesit-le-pa-uje-disa-rruge-ne-prishtine\/","og_locale":"en_US","og_type":"article","og_title":"Defekti n\u00eb gypin e uj\u00ebsjell\u00ebsit l\u00eb pa uj\u00eb disa rrug\u00eb n\u00eb Prishtin\u00eb - Kosova Times","og_description":"Kompania rajonale e uj\u00ebsjell\u00ebsit &#8220;Prishtina&#8221; b\u00ebri t\u00eb ditur p\u00ebr nd\u00ebrprerje t\u00eb furnizimit me uj\u00eb n\u00eb nj\u00eb pjes\u00eb t\u00eb Prishtin\u00ebs. &#8220;Ju njoftojm\u00eb se p\u00ebr shkak t\u00eb nj\u00eb rrjedhjeje n\u00eb gypin Fi 90 mm, \u00ebsht\u00eb nd\u00ebrprer\u00eb uji n\u00eb rrug\u00ebn \u201cFerid Curri\u201d nga ora 18:00 e dat\u00ebs 30.08.2026. Rasti \u00ebsht\u00eb i komplikuar p\u00ebr intervenim dhe, p\u00ebr shkak t\u00eb [&hellip;]","og_url":"https:\/\/kosovatimes.info\/index.php\/2026\/08\/30\/defekti-ne-gypin-e-ujesjellesit-le-pa-uje-disa-rruge-ne-prishtine\/","og_site_name":"Kosova Times","article_published_time":"2026-08-30T18:19:00+00:00","article_modified_time":"2026-08-30T18:35:43+00:00","og_image":[{"width":780,"height":500,"url":"https:\/\/kosovatimes.info\/wp-content\/uploads\/2026\/04\/Uji.jpg","type":"image\/jpeg"}],"author":"i l","twitter_card":"summary_large_image","twitter_misc":{"Written by":"i l","Est. reading time":"1 minute"},"schema":{"@context":"https:\/\/schema.org","@graph":[{"@type":"Article","@id":"https:\/\/kosovatimes.info\/index.php\/2026\/08\/30\/defekti-ne-gypin-e-ujesjellesit-le-pa-uje-disa-rruge-ne-prishtine\/#article","isPartOf":{"@id":"https:\/\/kosovatimes.info\/index.php\/2026\/08\/30\/defekti-ne-gypin-e-ujesjellesit-le-pa-uje-disa-rruge-ne-prishtine\/"},"author":{"name":"i l","@id":"https:\/\/kosovatimes.info\/#\/schema\/person\/7586712b9c512fe68085de007378c915"},"headline":"Defekti n\u00eb gypin e uj\u00ebsjell\u00ebsit l\u00eb pa uj\u00eb disa rrug\u00eb n\u00eb Prishtin\u00eb","datePublished":"2026-08-30T18:19:00+00:00","dateModified":"2026-08-30T18:35:43+00:00","mainEntityOfPage":{"@id":"https:\/\/kosovatimes.info\/index.php\/2026\/08\/30\/defekti-ne-gypin-e-ujesjellesit-le-pa-uje-disa-rruge-ne-prishtine\/"},"wordCount":203,"commentCount":0,"image":{"@id":"https:\/\/kosovatimes.info\/index.php\/2026\/08\/30\/defekti-ne-gypin-e-ujesjellesit-le-pa-uje-disa-rruge-ne-prishtine\/#primaryimage"},"thumbnailUrl":"https:\/\/kosovatimes.info\/wp-content\/uploads\/2026\/04\/Uji.jpg","articleSection":["Kosov\u00eb","Lajme"],"inLanguage":"en-US","potentialAction":[{"@type":"CommentAction","name":"Comment","target":["https:\/\/kosovatimes.info\/index.php\/2026\/08\/30\/defekti-ne-gypin-e-ujesjellesit-le-pa-uje-disa-rruge-ne-prishtine\/#respond"]}]},{"@type":"WebPage","@id":"https:\/\/kosovatimes.info\/index.php\/2026\/08\/30\/defekti-ne-gypin-e-ujesjellesit-le-pa-uje-disa-rruge-ne-prishtine\/","url":"https:\/\/kosovatimes.info\/index.php\/2026\/08\/30\/defekti-ne-gypin-e-ujesjellesit-le-pa-uje-disa-rruge-ne-prishtine\/","name":"Defekti n\u00eb gypin e uj\u00ebsjell\u00ebsit l\u00eb pa uj\u00eb disa rrug\u00eb n\u00eb Prishtin\u00eb - Kosova Times","isPartOf":{"@id":"https:\/\/kosovatimes.info\/#website"},"primaryImageOfPage":{"@id":"https:\/\/kosovatimes.info\/index.php\/2026\/08\/30\/defekti-ne-gypin-e-ujesjellesit-le-pa-uje-disa-rruge-ne-prishtine\/#primaryimage"},"image":{"@id":"https:\/\/kosovatimes.info\/index.php\/2026\/08\/30\/defekti-ne-gypin-e-ujesjellesit-le-pa-uje-disa-rruge-ne-prishtine\/#primaryimage"},"thumbnailUrl":"https:\/\/kosovatimes.info\/wp-content\/uploads\/2026\/04\/Uji.jpg","datePublished":"2026-08-30T18:19:00+00:00","dateModified":"2026-08-30T18:35:43+00:00","author":{"@id":"https:\/\/kosovatimes.info\/#\/schema\/person\/7586712b9c512fe68085de007378c915"},"breadcrumb":{"@id":"https:\/\/kosovatimes.info\/index.php\/2026\/08\/30\/defekti-ne-gypin-e-ujesjellesit-le-pa-uje-disa-rruge-ne-prishtine\/#breadcrumb"},"inLanguage":"en-US","potentialAction":[{"@type":"ReadAction","target":["https:\/\/kosovatimes.info\/index.php\/2026\/08\/30\/defekti-ne-gypin-e-ujesjellesit-le-pa-uje-disa-rruge-ne-prishtine\/"]}]},{"@type":"ImageObject","inLanguage":"en-US","@id":"https:\/\/kosovatimes.info\/index.php\/2026\/08\/30\/defekti-ne-gypin-e-ujesjellesit-le-pa-uje-disa-rruge-ne-prishtine\/#primaryimage","url":"https:\/\/kosovatimes.info\/wp-content\/uploads\/2026\/04\/Uji.jpg","contentUrl":"https:\/\/kosovatimes.info\/wp-content\/uploads\/2026\/04\/Uji.jpg","width":780,"height":500},{"@type":"BreadcrumbList","@id":"https:\/\/kosovatimes.info\/index.php\/2026\/08\/30\/defekti-ne-gypin-e-ujesjellesit-le-pa-uje-disa-rruge-ne-prishtine\/#breadcrumb","itemListElement":[{"@type":"ListItem","position":1,"name":"Home","item":"https:\/\/kosovatimes.info\/"},{"@type":"ListItem","position":2,"name":"Defekti n\u00eb gypin e uj\u00ebsjell\u00ebsit l\u00eb pa uj\u00eb disa rrug\u00eb n\u00eb Prishtin\u00eb"}]},{"@type":"WebSite","@id":"https:\/\/kosovatimes.info\/#website","url":"https:\/\/kosovatimes.info\/","name":"Kosova Times","description":"","potentialAction":[{"@type":"SearchAction","target":{"@type":"EntryPoint","urlTemplate":"https:\/\/kosovatimes.info\/?s={search_term_string}"},"query-input":{"@type":"PropertyValueSpecification","valueRequired":true,"valueName":"search_term_string"}}],"inLanguage":"en-US"},{"@type":"Person","@id":"https:\/\/kosovatimes.info\/#\/schema\/person\/7586712b9c512fe68085de007378c915","name":"i l","image":{"@type":"ImageObject","inLanguage":"en-US","@id":"https:\/\/secure.gravatar.com\/avatar\/bad9296e02816160ae2e2435beda58222022298d5625d49fea74d18816fbb31d?s=96&d=mm&r=g","url":"https:\/\/secure.gravatar.com\/avatar\/bad9296e02816160ae2e2435beda58222022298d5625d49fea74d18816fbb31d?s=96&d=mm&r=g","contentUrl":"https:\/\/secure.gravatar.com\/avatar\/bad9296e02816160ae2e2435beda58222022298d5625d49fea74d18816fbb31d?s=96&d=mm&r=g","caption":"i l"},"url":"https:\/\/kosovatimes.info\/index.php\/author\/iliri\/"}]}},"_links":{"self":[{"href":"https:\/\/kosovatimes.info\/index.php\/wp-json\/wp\/v2\/posts\/30100","targetHints":{"allow":["GET"]}}],"collection":[{"href":"https:\/\/kosovatimes.info\/index.php\/wp-json\/wp\/v2\/posts"}],"about":[{"href":"https:\/\/kosovatimes.info\/index.php\/wp-json\/wp\/v2\/types\/post"}],"author":[{"embeddable":true,"href":"https:\/\/kosovatimes.info\/index.php\/wp-json\/wp\/v2\/users\/4"}],"replies":[{"embeddable":true,"href":"https:\/\/kosovatimes.info\/index.php\/wp-json\/wp\/v2\/comments?post=30100"}],"version-history":[{"count":1,"href":"https:\/\/kosovatimes.info\/index.php\/wp-json\/wp\/v2\/posts\/30100\/revisions"}],"predecessor-version":[{"id":30101,"href":"https:\/\/kosovatimes.info\/index.php\/wp-json\/wp\/v2\/posts\/30100\/revisions\/30101"}],"wp:featuredmedia":[{"embeddable":true,"href":"https:\/\/kosovatimes.info\/index.php\/wp-json\/wp\/v2\/media\/8589"}],"wp:attachment":[{"href":"https:\/\/kosovatimes.info\/index.php\/wp-json\/wp\/v2\/media?parent=30100"}],"wp:term":[{"taxonomy":"category","embeddable":true,"href":"https:\/\/kosovatimes.info\/index.php\/wp-json\/wp\/v2\/categories?post=30100"},{"taxonomy":"post_tag","embeddable":true,"href":"https:\/\/kosovatimes.info\/index.php\/wp-json\/wp\/v2\/tags?post=30100"}],"curies":[{"name":"wp","href":"https:\/\/api.w.org\/{rel}","templated":true}]}}