{"id":30102,"date":"2026-08-30T19:01:00","date_gmt":"2026-08-30T17:01:00","guid":{"rendered":"https:\/\/kosovatimes.info\/?p=30102"},"modified":"2026-08-30T20:37:51","modified_gmt":"2026-08-30T18:37:51","slug":"venecia-anulon-konferencen-e-jurise-se-festivalit-te-filmit","status":"publish","type":"post","link":"https:\/\/kosovatimes.info\/index.php\/2026\/08\/30\/venecia-anulon-konferencen-e-jurise-se-festivalit-te-filmit\/","title":{"rendered":"Venecia anulon konferenc\u00ebn e juris\u00eb s\u00eb Festivalit t\u00eb Filmit"},"content":{"rendered":"\n<p class=\"wp-block-paragraph\">atsh<\/p>\n\n\n\n<p class=\"wp-block-paragraph\"><strong>Festivali i Filmit n\u00eb Venecia ka marr\u00eb vendimin e pazakont\u00eb p\u00ebr t\u00eb anuluar konferenc\u00ebn tradicionale p\u00ebr shtyp me jurin\u00eb, e cila zakonisht zhvillohet p\u00ebrpara nisjes s\u00eb gar\u00ebs zyrtare t\u00eb filmave, e planifikuar t\u00eb m\u00ebrkur\u00ebn.<\/strong><\/p>\n\n\n\n<p class=\"wp-block-paragraph\">V\u00ebzhguesit e industris\u00eb s\u00eb filmit kan\u00eb spekuluar se vendimi mund t\u00eb jet\u00eb marr\u00eb p\u00ebr t\u00eb shmangur pyetjet e ndjeshme politike, t\u00eb cilat jan\u00eb b\u00ebr\u00eb pjes\u00eb e konferencave p\u00ebr shtyp n\u00eb festivalet e m\u00ebdha t\u00eb filmit.<\/p>\n\n\n\n<p class=\"wp-block-paragraph\">Organizator\u00ebt e edicionit t\u00eb 83-t\u00eb t\u00eb festivalit e kan\u00eb mohuar k\u00ebt\u00eb pretendim dhe than\u00eb p\u00ebr revist\u00ebn e industris\u00eb s\u00eb filmit \u201cDeadline\u201d, se konferenca ishte anuluar p\u00ebr shkak t\u00eb nj\u00eb \u201cp\u00ebrplasjeje n\u00eb agjend\u00eb\u201d.<\/p>\n\n\n\n<p class=\"wp-block-paragraph\">Konferenca, n\u00eb fillim t\u00eb festivalit me an\u00ebtar\u00ebt e juris\u00eb, q\u00eb vler\u00ebsojn\u00eb filmat n\u00eb gar\u00eb \u00ebsht\u00eb nj\u00eb praktik\u00eb e zakonshme n\u00eb festivale t\u00eb m\u00ebdha si Venecia, Kana dhe Berlini.<\/p>\n\n\n\n<p class=\"wp-block-paragraph\">N\u00eb Festivalin Nd\u00ebrkomb\u00ebtar t\u00eb Filmit n\u00eb Berlin, n\u00eb shkurt, konferenca p\u00ebr shtyp u kthye n\u00eb nj\u00eb pik\u00ebnisje t\u00eb nj\u00eb debati t\u00eb ashp\u00ebr politik p\u00ebr luft\u00ebn e Izraelit n\u00eb Gaza.<\/p>\n\n\n\n<p class=\"wp-block-paragraph\">Debati vazhdoi gjat\u00eb gjith\u00eb festivalit dhe u shoq\u00ebrua me nj\u00eb let\u00ebr t\u00eb hapur, protesta dhe deklarata publike.<\/p>\n\n\n\n<p class=\"wp-block-paragraph\">Kryetari i juris\u00eb, regjisori Wim Wenders, u pyet p\u00ebr luft\u00ebn dhe tha se kineast\u00ebt duhet \u201ct\u00eb q\u00ebndrojn\u00eb jasht\u00eb politik\u00ebs\u201d dhe t\u00eb sh\u00ebrbejn\u00eb si nj\u00eb lloj \u201ckund\u00ebrpeshe njer\u00ebzore\u201d ndaj saj.<\/p>\n\n\n\n<p class=\"wp-block-paragraph\">Deklaratat shkaktuan reagime t\u00eb forta dhe m\u00eb pas kineast\u00ebt u pyet\u00ebn vazhdimisht p\u00ebr q\u00ebndrimin e tyre ndaj luft\u00ebs.<\/p>\n\n\n\n<p class=\"wp-block-paragraph\">\u00c7\u00ebshtja e Gaz\u00ebs ishte e pranishme edhe n\u00eb Festivalin e Filmit n\u00eb Venecia vitin e kaluar, ve\u00e7an\u00ebrisht p\u00ebr shkak t\u00eb filmit \u201cThe Voice of Hind Rajab\u201d, q\u00eb tregon historin\u00eb e nj\u00eb vajze palestineze t\u00eb vrar\u00eb n\u00eb Gaza.<\/p>\n\n\n\n<p class=\"wp-block-paragraph\">Regjisorja e filmit, Kaouther Ben Hania, fitoi \u00e7mimin e dyt\u00eb m\u00eb t\u00eb r\u00ebnd\u00ebsish\u00ebm t\u00eb festivalit dhe k\u00ebt\u00eb vit \u00ebsht\u00eb pjes\u00eb e juris\u00eb, e cila drejtohet nga aktorja dhe regjisorja amerikane Maggie Gyllenhaal.<\/p>\n\n\n\n<p class=\"wp-block-paragraph\">Edhe kryetari i juris\u00eb s\u00eb vitit t\u00eb kaluar, Alexander Payne, u pyet p\u00ebr konfliktin n\u00eb Gaza gjat\u00eb konferenc\u00ebs n\u00eb Venecia n\u00eb vitin 2025.<\/p>\n\n\n\n<p class=\"wp-block-paragraph\">Lufta n\u00eb Gaza do t\u00eb jet\u00eb s\u00ebrish pjes\u00eb e gar\u00ebs k\u00ebt\u00eb vit, me filmin \u201cNaza\u201d, me regji t\u00eb Yuval Abraham dhe Rachel Szor, q\u00eb konkurron p\u00ebr \u00e7mimet kryesore t\u00eb festivalit.<\/p>\n\n\n\n<p class=\"wp-block-paragraph\">Abraham dhe Szor ishin pjes\u00eb e ekipit prej kat\u00ebr regjisor\u00ebsh t\u00eb filmit \u201cNo Other Land\u201d, i cili fitoi \u00e7mimin \u201cOscar\u201d p\u00ebr dokumentarin m\u00eb t\u00eb mir\u00eb n\u00eb vitin 2025.<\/p>\n","protected":false},"excerpt":{"rendered":"<p>atsh Festivali i Filmit n\u00eb Venecia ka marr\u00eb vendimin e pazakont\u00eb p\u00ebr t\u00eb anuluar konferenc\u00ebn tradicionale p\u00ebr shtyp me jurin\u00eb, e cila zakonisht zhvillohet p\u00ebrpara nisjes s\u00eb gar\u00ebs zyrtare t\u00eb filmave, e planifikuar t\u00eb m\u00ebrkur\u00ebn. V\u00ebzhguesit e industris\u00eb s\u00eb filmit kan\u00eb spekuluar se vendimi mund t\u00eb jet\u00eb marr\u00eb p\u00ebr t\u00eb shmangur pyetjet e ndjeshme politike, [&hellip;]<\/p>\n","protected":false},"author":4,"featured_media":30103,"comment_status":"open","ping_status":"open","sticky":false,"template":"","format":"standard","meta":{"footnotes":""},"categories":[41],"tags":[],"class_list":["post-30102","post","type-post","status-publish","format-standard","has-post-thumbnail","category-kulture"],"yoast_head":"<!-- This site is optimized with the Yoast SEO plugin v27.4 - https:\/\/yoast.com\/product\/yoast-seo-wordpress\/ -->\n<title>Venecia anulon konferenc\u00ebn e juris\u00eb s\u00eb Festivalit t\u00eb Filmit - Kosova Times<\/title>\n<meta name=\"robots\" content=\"index, follow, max-snippet:-1, max-image-preview:large, max-video-preview:-1\" \/>\n<link rel=\"canonical\" href=\"https:\/\/kosovatimes.info\/index.php\/2026\/08\/30\/venecia-anulon-konferencen-e-jurise-se-festivalit-te-filmit\/\" \/>\n<meta property=\"og:locale\" content=\"en_US\" \/>\n<meta property=\"og:type\" content=\"article\" \/>\n<meta property=\"og:title\" content=\"Venecia anulon konferenc\u00ebn e juris\u00eb s\u00eb Festivalit t\u00eb Filmit - Kosova Times\" \/>\n<meta property=\"og:description\" content=\"atsh Festivali i Filmit n\u00eb Venecia ka marr\u00eb vendimin e pazakont\u00eb p\u00ebr t\u00eb anuluar konferenc\u00ebn tradicionale p\u00ebr shtyp me jurin\u00eb, e cila zakonisht zhvillohet p\u00ebrpara nisjes s\u00eb gar\u00ebs zyrtare t\u00eb filmave, e planifikuar t\u00eb m\u00ebrkur\u00ebn. V\u00ebzhguesit e industris\u00eb s\u00eb filmit kan\u00eb spekuluar se vendimi mund t\u00eb jet\u00eb marr\u00eb p\u00ebr t\u00eb shmangur pyetjet e ndjeshme politike, [&hellip;]\" \/>\n<meta property=\"og:url\" content=\"https:\/\/kosovatimes.info\/index.php\/2026\/08\/30\/venecia-anulon-konferencen-e-jurise-se-festivalit-te-filmit\/\" \/>\n<meta property=\"og:site_name\" content=\"Kosova Times\" \/>\n<meta property=\"article:published_time\" content=\"2026-08-30T17:01:00+00:00\" \/>\n<meta property=\"article:modified_time\" content=\"2026-08-30T18:37:51+00:00\" \/>\n<meta property=\"og:image\" content=\"https:\/\/kosovatimes.info\/wp-content\/uploads\/2026\/08\/Veneci.jpg\" \/>\n\t<meta property=\"og:image:width\" content=\"780\" \/>\n\t<meta property=\"og:image:height\" content=\"500\" \/>\n\t<meta property=\"og:image:type\" content=\"image\/jpeg\" \/>\n<meta name=\"author\" content=\"i l\" \/>\n<meta name=\"twitter:card\" content=\"summary_large_image\" \/>\n<meta name=\"twitter:label1\" content=\"Written by\" \/>\n\t<meta name=\"twitter:data1\" content=\"i l\" \/>\n\t<meta name=\"twitter:label2\" content=\"Est. reading time\" \/>\n\t<meta name=\"twitter:data2\" content=\"2 minutes\" \/>\n<script type=\"application\/ld+json\" class=\"yoast-schema-graph\">{\"@context\":\"https:\\\/\\\/schema.org\",\"@graph\":[{\"@type\":\"Article\",\"@id\":\"https:\\\/\\\/kosovatimes.info\\\/index.php\\\/2026\\\/08\\\/30\\\/venecia-anulon-konferencen-e-jurise-se-festivalit-te-filmit\\\/#article\",\"isPartOf\":{\"@id\":\"https:\\\/\\\/kosovatimes.info\\\/index.php\\\/2026\\\/08\\\/30\\\/venecia-anulon-konferencen-e-jurise-se-festivalit-te-filmit\\\/\"},\"author\":{\"name\":\"i l\",\"@id\":\"https:\\\/\\\/kosovatimes.info\\\/#\\\/schema\\\/person\\\/7586712b9c512fe68085de007378c915\"},\"headline\":\"Venecia anulon konferenc\u00ebn e juris\u00eb s\u00eb Festivalit t\u00eb Filmit\",\"datePublished\":\"2026-08-30T17:01:00+00:00\",\"dateModified\":\"2026-08-30T18:37:51+00:00\",\"mainEntityOfPage\":{\"@id\":\"https:\\\/\\\/kosovatimes.info\\\/index.php\\\/2026\\\/08\\\/30\\\/venecia-anulon-konferencen-e-jurise-se-festivalit-te-filmit\\\/\"},\"wordCount\":442,\"commentCount\":0,\"image\":{\"@id\":\"https:\\\/\\\/kosovatimes.info\\\/index.php\\\/2026\\\/08\\\/30\\\/venecia-anulon-konferencen-e-jurise-se-festivalit-te-filmit\\\/#primaryimage\"},\"thumbnailUrl\":\"https:\\\/\\\/kosovatimes.info\\\/wp-content\\\/uploads\\\/2026\\\/08\\\/Veneci.jpg\",\"articleSection\":[\"Kultur\u00eb\"],\"inLanguage\":\"en-US\",\"potentialAction\":[{\"@type\":\"CommentAction\",\"name\":\"Comment\",\"target\":[\"https:\\\/\\\/kosovatimes.info\\\/index.php\\\/2026\\\/08\\\/30\\\/venecia-anulon-konferencen-e-jurise-se-festivalit-te-filmit\\\/#respond\"]}]},{\"@type\":\"WebPage\",\"@id\":\"https:\\\/\\\/kosovatimes.info\\\/index.php\\\/2026\\\/08\\\/30\\\/venecia-anulon-konferencen-e-jurise-se-festivalit-te-filmit\\\/\",\"url\":\"https:\\\/\\\/kosovatimes.info\\\/index.php\\\/2026\\\/08\\\/30\\\/venecia-anulon-konferencen-e-jurise-se-festivalit-te-filmit\\\/\",\"name\":\"Venecia anulon konferenc\u00ebn e juris\u00eb s\u00eb Festivalit t\u00eb Filmit - Kosova Times\",\"isPartOf\":{\"@id\":\"https:\\\/\\\/kosovatimes.info\\\/#website\"},\"primaryImageOfPage\":{\"@id\":\"https:\\\/\\\/kosovatimes.info\\\/index.php\\\/2026\\\/08\\\/30\\\/venecia-anulon-konferencen-e-jurise-se-festivalit-te-filmit\\\/#primaryimage\"},\"image\":{\"@id\":\"https:\\\/\\\/kosovatimes.info\\\/index.php\\\/2026\\\/08\\\/30\\\/venecia-anulon-konferencen-e-jurise-se-festivalit-te-filmit\\\/#primaryimage\"},\"thumbnailUrl\":\"https:\\\/\\\/kosovatimes.info\\\/wp-content\\\/uploads\\\/2026\\\/08\\\/Veneci.jpg\",\"datePublished\":\"2026-08-30T17:01:00+00:00\",\"dateModified\":\"2026-08-30T18:37:51+00:00\",\"author\":{\"@id\":\"https:\\\/\\\/kosovatimes.info\\\/#\\\/schema\\\/person\\\/7586712b9c512fe68085de007378c915\"},\"breadcrumb\":{\"@id\":\"https:\\\/\\\/kosovatimes.info\\\/index.php\\\/2026\\\/08\\\/30\\\/venecia-anulon-konferencen-e-jurise-se-festivalit-te-filmit\\\/#breadcrumb\"},\"inLanguage\":\"en-US\",\"potentialAction\":[{\"@type\":\"ReadAction\",\"target\":[\"https:\\\/\\\/kosovatimes.info\\\/index.php\\\/2026\\\/08\\\/30\\\/venecia-anulon-konferencen-e-jurise-se-festivalit-te-filmit\\\/\"]}]},{\"@type\":\"ImageObject\",\"inLanguage\":\"en-US\",\"@id\":\"https:\\\/\\\/kosovatimes.info\\\/index.php\\\/2026\\\/08\\\/30\\\/venecia-anulon-konferencen-e-jurise-se-festivalit-te-filmit\\\/#primaryimage\",\"url\":\"https:\\\/\\\/kosovatimes.info\\\/wp-content\\\/uploads\\\/2026\\\/08\\\/Veneci.jpg\",\"contentUrl\":\"https:\\\/\\\/kosovatimes.info\\\/wp-content\\\/uploads\\\/2026\\\/08\\\/Veneci.jpg\",\"width\":780,\"height\":500},{\"@type\":\"BreadcrumbList\",\"@id\":\"https:\\\/\\\/kosovatimes.info\\\/index.php\\\/2026\\\/08\\\/30\\\/venecia-anulon-konferencen-e-jurise-se-festivalit-te-filmit\\\/#breadcrumb\",\"itemListElement\":[{\"@type\":\"ListItem\",\"position\":1,\"name\":\"Home\",\"item\":\"https:\\\/\\\/kosovatimes.info\\\/\"},{\"@type\":\"ListItem\",\"position\":2,\"name\":\"Venecia anulon konferenc\u00ebn e juris\u00eb s\u00eb Festivalit t\u00eb Filmit\"}]},{\"@type\":\"WebSite\",\"@id\":\"https:\\\/\\\/kosovatimes.info\\\/#website\",\"url\":\"https:\\\/\\\/kosovatimes.info\\\/\",\"name\":\"Kosova Times\",\"description\":\"\",\"potentialAction\":[{\"@type\":\"SearchAction\",\"target\":{\"@type\":\"EntryPoint\",\"urlTemplate\":\"https:\\\/\\\/kosovatimes.info\\\/?s={search_term_string}\"},\"query-input\":{\"@type\":\"PropertyValueSpecification\",\"valueRequired\":true,\"valueName\":\"search_term_string\"}}],\"inLanguage\":\"en-US\"},{\"@type\":\"Person\",\"@id\":\"https:\\\/\\\/kosovatimes.info\\\/#\\\/schema\\\/person\\\/7586712b9c512fe68085de007378c915\",\"name\":\"i l\",\"image\":{\"@type\":\"ImageObject\",\"inLanguage\":\"en-US\",\"@id\":\"https:\\\/\\\/secure.gravatar.com\\\/avatar\\\/bad9296e02816160ae2e2435beda58222022298d5625d49fea74d18816fbb31d?s=96&d=mm&r=g\",\"url\":\"https:\\\/\\\/secure.gravatar.com\\\/avatar\\\/bad9296e02816160ae2e2435beda58222022298d5625d49fea74d18816fbb31d?s=96&d=mm&r=g\",\"contentUrl\":\"https:\\\/\\\/secure.gravatar.com\\\/avatar\\\/bad9296e02816160ae2e2435beda58222022298d5625d49fea74d18816fbb31d?s=96&d=mm&r=g\",\"caption\":\"i l\"},\"url\":\"https:\\\/\\\/kosovatimes.info\\\/index.php\\\/author\\\/iliri\\\/\"}]}<\/script>\n<!-- \/ Yoast SEO plugin. -->","yoast_head_json":{"title":"Venecia anulon konferenc\u00ebn e juris\u00eb s\u00eb Festivalit t\u00eb Filmit - Kosova Times","robots":{"index":"index","follow":"follow","max-snippet":"max-snippet:-1","max-image-preview":"max-image-preview:large","max-video-preview":"max-video-preview:-1"},"canonical":"https:\/\/kosovatimes.info\/index.php\/2026\/08\/30\/venecia-anulon-konferencen-e-jurise-se-festivalit-te-filmit\/","og_locale":"en_US","og_type":"article","og_title":"Venecia anulon konferenc\u00ebn e juris\u00eb s\u00eb Festivalit t\u00eb Filmit - Kosova Times","og_description":"atsh Festivali i Filmit n\u00eb Venecia ka marr\u00eb vendimin e pazakont\u00eb p\u00ebr t\u00eb anuluar konferenc\u00ebn tradicionale p\u00ebr shtyp me jurin\u00eb, e cila zakonisht zhvillohet p\u00ebrpara nisjes s\u00eb gar\u00ebs zyrtare t\u00eb filmave, e planifikuar t\u00eb m\u00ebrkur\u00ebn. V\u00ebzhguesit e industris\u00eb s\u00eb filmit kan\u00eb spekuluar se vendimi mund t\u00eb jet\u00eb marr\u00eb p\u00ebr t\u00eb shmangur pyetjet e ndjeshme politike, [&hellip;]","og_url":"https:\/\/kosovatimes.info\/index.php\/2026\/08\/30\/venecia-anulon-konferencen-e-jurise-se-festivalit-te-filmit\/","og_site_name":"Kosova Times","article_published_time":"2026-08-30T17:01:00+00:00","article_modified_time":"2026-08-30T18:37:51+00:00","og_image":[{"width":780,"height":500,"url":"https:\/\/kosovatimes.info\/wp-content\/uploads\/2026\/08\/Veneci.jpg","type":"image\/jpeg"}],"author":"i l","twitter_card":"summary_large_image","twitter_misc":{"Written by":"i l","Est. reading time":"2 minutes"},"schema":{"@context":"https:\/\/schema.org","@graph":[{"@type":"Article","@id":"https:\/\/kosovatimes.info\/index.php\/2026\/08\/30\/venecia-anulon-konferencen-e-jurise-se-festivalit-te-filmit\/#article","isPartOf":{"@id":"https:\/\/kosovatimes.info\/index.php\/2026\/08\/30\/venecia-anulon-konferencen-e-jurise-se-festivalit-te-filmit\/"},"author":{"name":"i l","@id":"https:\/\/kosovatimes.info\/#\/schema\/person\/7586712b9c512fe68085de007378c915"},"headline":"Venecia anulon konferenc\u00ebn e juris\u00eb s\u00eb Festivalit t\u00eb Filmit","datePublished":"2026-08-30T17:01:00+00:00","dateModified":"2026-08-30T18:37:51+00:00","mainEntityOfPage":{"@id":"https:\/\/kosovatimes.info\/index.php\/2026\/08\/30\/venecia-anulon-konferencen-e-jurise-se-festivalit-te-filmit\/"},"wordCount":442,"commentCount":0,"image":{"@id":"https:\/\/kosovatimes.info\/index.php\/2026\/08\/30\/venecia-anulon-konferencen-e-jurise-se-festivalit-te-filmit\/#primaryimage"},"thumbnailUrl":"https:\/\/kosovatimes.info\/wp-content\/uploads\/2026\/08\/Veneci.jpg","articleSection":["Kultur\u00eb"],"inLanguage":"en-US","potentialAction":[{"@type":"CommentAction","name":"Comment","target":["https:\/\/kosovatimes.info\/index.php\/2026\/08\/30\/venecia-anulon-konferencen-e-jurise-se-festivalit-te-filmit\/#respond"]}]},{"@type":"WebPage","@id":"https:\/\/kosovatimes.info\/index.php\/2026\/08\/30\/venecia-anulon-konferencen-e-jurise-se-festivalit-te-filmit\/","url":"https:\/\/kosovatimes.info\/index.php\/2026\/08\/30\/venecia-anulon-konferencen-e-jurise-se-festivalit-te-filmit\/","name":"Venecia anulon konferenc\u00ebn e juris\u00eb s\u00eb Festivalit t\u00eb Filmit - Kosova Times","isPartOf":{"@id":"https:\/\/kosovatimes.info\/#website"},"primaryImageOfPage":{"@id":"https:\/\/kosovatimes.info\/index.php\/2026\/08\/30\/venecia-anulon-konferencen-e-jurise-se-festivalit-te-filmit\/#primaryimage"},"image":{"@id":"https:\/\/kosovatimes.info\/index.php\/2026\/08\/30\/venecia-anulon-konferencen-e-jurise-se-festivalit-te-filmit\/#primaryimage"},"thumbnailUrl":"https:\/\/kosovatimes.info\/wp-content\/uploads\/2026\/08\/Veneci.jpg","datePublished":"2026-08-30T17:01:00+00:00","dateModified":"2026-08-30T18:37:51+00:00","author":{"@id":"https:\/\/kosovatimes.info\/#\/schema\/person\/7586712b9c512fe68085de007378c915"},"breadcrumb":{"@id":"https:\/\/kosovatimes.info\/index.php\/2026\/08\/30\/venecia-anulon-konferencen-e-jurise-se-festivalit-te-filmit\/#breadcrumb"},"inLanguage":"en-US","potentialAction":[{"@type":"ReadAction","target":["https:\/\/kosovatimes.info\/index.php\/2026\/08\/30\/venecia-anulon-konferencen-e-jurise-se-festivalit-te-filmit\/"]}]},{"@type":"ImageObject","inLanguage":"en-US","@id":"https:\/\/kosovatimes.info\/index.php\/2026\/08\/30\/venecia-anulon-konferencen-e-jurise-se-festivalit-te-filmit\/#primaryimage","url":"https:\/\/kosovatimes.info\/wp-content\/uploads\/2026\/08\/Veneci.jpg","contentUrl":"https:\/\/kosovatimes.info\/wp-content\/uploads\/2026\/08\/Veneci.jpg","width":780,"height":500},{"@type":"BreadcrumbList","@id":"https:\/\/kosovatimes.info\/index.php\/2026\/08\/30\/venecia-anulon-konferencen-e-jurise-se-festivalit-te-filmit\/#breadcrumb","itemListElement":[{"@type":"ListItem","position":1,"name":"Home","item":"https:\/\/kosovatimes.info\/"},{"@type":"ListItem","position":2,"name":"Venecia anulon konferenc\u00ebn e juris\u00eb s\u00eb Festivalit t\u00eb Filmit"}]},{"@type":"WebSite","@id":"https:\/\/kosovatimes.info\/#website","url":"https:\/\/kosovatimes.info\/","name":"Kosova Times","description":"","potentialAction":[{"@type":"SearchAction","target":{"@type":"EntryPoint","urlTemplate":"https:\/\/kosovatimes.info\/?s={search_term_string}"},"query-input":{"@type":"PropertyValueSpecification","valueRequired":true,"valueName":"search_term_string"}}],"inLanguage":"en-US"},{"@type":"Person","@id":"https:\/\/kosovatimes.info\/#\/schema\/person\/7586712b9c512fe68085de007378c915","name":"i l","image":{"@type":"ImageObject","inLanguage":"en-US","@id":"https:\/\/secure.gravatar.com\/avatar\/bad9296e02816160ae2e2435beda58222022298d5625d49fea74d18816fbb31d?s=96&d=mm&r=g","url":"https:\/\/secure.gravatar.com\/avatar\/bad9296e02816160ae2e2435beda58222022298d5625d49fea74d18816fbb31d?s=96&d=mm&r=g","contentUrl":"https:\/\/secure.gravatar.com\/avatar\/bad9296e02816160ae2e2435beda58222022298d5625d49fea74d18816fbb31d?s=96&d=mm&r=g","caption":"i l"},"url":"https:\/\/kosovatimes.info\/index.php\/author\/iliri\/"}]}},"_links":{"self":[{"href":"https:\/\/kosovatimes.info\/index.php\/wp-json\/wp\/v2\/posts\/30102","targetHints":{"allow":["GET"]}}],"collection":[{"href":"https:\/\/kosovatimes.info\/index.php\/wp-json\/wp\/v2\/posts"}],"about":[{"href":"https:\/\/kosovatimes.info\/index.php\/wp-json\/wp\/v2\/types\/post"}],"author":[{"embeddable":true,"href":"https:\/\/kosovatimes.info\/index.php\/wp-json\/wp\/v2\/users\/4"}],"replies":[{"embeddable":true,"href":"https:\/\/kosovatimes.info\/index.php\/wp-json\/wp\/v2\/comments?post=30102"}],"version-history":[{"count":1,"href":"https:\/\/kosovatimes.info\/index.php\/wp-json\/wp\/v2\/posts\/30102\/revisions"}],"predecessor-version":[{"id":30104,"href":"https:\/\/kosovatimes.info\/index.php\/wp-json\/wp\/v2\/posts\/30102\/revisions\/30104"}],"wp:featuredmedia":[{"embeddable":true,"href":"https:\/\/kosovatimes.info\/index.php\/wp-json\/wp\/v2\/media\/30103"}],"wp:attachment":[{"href":"https:\/\/kosovatimes.info\/index.php\/wp-json\/wp\/v2\/media?parent=30102"}],"wp:term":[{"taxonomy":"category","embeddable":true,"href":"https:\/\/kosovatimes.info\/index.php\/wp-json\/wp\/v2\/categories?post=30102"},{"taxonomy":"post_tag","embeddable":true,"href":"https:\/\/kosovatimes.info\/index.php\/wp-json\/wp\/v2\/tags?post=30102"}],"curies":[{"name":"wp","href":"https:\/\/api.w.org\/{rel}","templated":true}]}}