{"id":30114,"date":"2026-08-30T21:20:00","date_gmt":"2026-08-30T19:20:00","guid":{"rendered":"https:\/\/kosovatimes.info\/?p=30114"},"modified":"2026-08-30T22:14:52","modified_gmt":"2026-08-30T20:14:52","slug":"hapet-ekspozita-ngjyrat-e-lirise-aktivitet-artistik-kushtuar-luftes","status":"publish","type":"post","link":"https:\/\/kosovatimes.info\/index.php\/2026\/08\/30\/hapet-ekspozita-ngjyrat-e-lirise-aktivitet-artistik-kushtuar-luftes\/","title":{"rendered":"Hapet ekspozita \u201cNgjyrat e Liris\u00eb\u201d, aktivitet artistik kushtuar luft\u00ebs"},"content":{"rendered":"\n<p class=\"wp-block-paragraph\"><strong>Platforma qytetare \u201cLiria ka Em\u00ebr\u201d ka hapur sot ekspozit\u00ebn \u201cNgjyrat e Liris\u00eb\u201d, nj\u00eb aktivitet artistik kushtuar luft\u00ebs s\u00eb Ushtris\u00eb \u00c7lirimtare t\u00eb Kosov\u00ebs, sakrific\u00ebs p\u00ebr liri dhe kujtes\u00ebs kolektive.<\/strong><\/p>\n\n\n\n<p class=\"wp-block-paragraph\">N\u00eb ekspozit\u00eb jan\u00eb prezantuar vepra t\u00eb piktor\u00ebve, skulptor\u00ebve dhe artist\u00ebve t\u00eb mediumeve t\u00eb ndryshme, t\u00eb cil\u00ebt p\u00ebrmes krijimtaris\u00eb s\u00eb tyre kan\u00eb trajtuar luft\u00ebn e U\u00c7K-s\u00eb, sakrific\u00ebn, viktimat dhe pasojat e luft\u00ebs.<\/p>\n\n\n\n<p class=\"wp-block-paragraph\">N\u00eb ceremonin\u00eb e hapjes, n\u00eb em\u00ebr t\u00eb platform\u00ebs \u201cLiria ka Em\u00ebr\u201d, foli Eliza Hoxha, e cila theksoi r\u00ebnd\u00ebsin\u00eb e artit si nj\u00eb prej m\u00ebnyrave m\u00eb t\u00eb fuqishme p\u00ebr ta ruajtur dhe p\u00ebrcjell\u00eb kujtes\u00ebn historike te brezat e rinj.<\/p>\n\n\n\n<p class=\"wp-block-paragraph\">\u201cLiria jon\u00eb ka nj\u00eb histori, ka emra, ka sakrific\u00eb dhe ka kujtes\u00eb. P\u00ebrmes artit, kjo histori merr nj\u00eb gjuh\u00eb tjet\u00ebr, por mesazhi mbetet i nj\u00ebjt\u00eb: liria q\u00eb e g\u00ebzojm\u00eb sot \u00ebsht\u00eb nd\u00ebrtuar mbi sakrific\u00ebn e shum\u00eb brezave dhe ajo duhet t\u00eb kujtohet, t\u00eb nderohet dhe t\u2019u p\u00ebrcillet brezave q\u00eb vijn\u00eb,\u201d tha Hoxha.<\/p>\n\n\n\n<p class=\"wp-block-paragraph\">Ajo theksoi se ekspozita \u201cNgjyrat e Liris\u00eb\u201d synon ta sjell\u00eb historin\u00eb e luft\u00ebs \u00e7lirimtare edhe p\u00ebrmes perspektiv\u00ebs s\u00eb artist\u00ebve, duke e b\u00ebr\u00eb artin d\u00ebshmi t\u00eb kujtes\u00ebs kolektive.<\/p>\n\n\n\n<p class=\"wp-block-paragraph\">Ekspozita \u00ebsht\u00eb pjes\u00eb e aktiviteteve t\u00eb platform\u00ebs \u201cLiria ka Em\u00ebr\u201d, me synimin q\u00eb p\u00ebrmes artit, kultur\u00ebs dhe angazhimit qytetar t\u00eb ruhet dhe t\u00eb p\u00ebrcillet historia e luft\u00ebs \u00e7lirimtare dhe vlera e liris\u00eb.<\/p>\n","protected":false},"excerpt":{"rendered":"<p>Platforma qytetare \u201cLiria ka Em\u00ebr\u201d ka hapur sot ekspozit\u00ebn \u201cNgjyrat e Liris\u00eb\u201d, nj\u00eb aktivitet artistik kushtuar luft\u00ebs s\u00eb Ushtris\u00eb \u00c7lirimtare t\u00eb Kosov\u00ebs, sakrific\u00ebs p\u00ebr liri dhe kujtes\u00ebs kolektive. N\u00eb ekspozit\u00eb jan\u00eb prezantuar vepra t\u00eb piktor\u00ebve, skulptor\u00ebve dhe artist\u00ebve t\u00eb mediumeve t\u00eb ndryshme, t\u00eb cil\u00ebt p\u00ebrmes krijimtaris\u00eb s\u00eb tyre kan\u00eb trajtuar luft\u00ebn e U\u00c7K-s\u00eb, sakrific\u00ebn, viktimat [&hellip;]<\/p>\n","protected":false},"author":4,"featured_media":30115,"comment_status":"open","ping_status":"open","sticky":false,"template":"","format":"standard","meta":{"footnotes":""},"categories":[41],"tags":[],"class_list":["post-30114","post","type-post","status-publish","format-standard","has-post-thumbnail","category-kulture"],"yoast_head":"<!-- This site is optimized with the Yoast SEO plugin v27.4 - https:\/\/yoast.com\/product\/yoast-seo-wordpress\/ -->\n<title>Hapet ekspozita \u201cNgjyrat e Liris\u00eb\u201d, aktivitet artistik kushtuar luft\u00ebs - Kosova Times<\/title>\n<meta name=\"robots\" content=\"index, follow, max-snippet:-1, max-image-preview:large, max-video-preview:-1\" \/>\n<link rel=\"canonical\" href=\"https:\/\/kosovatimes.info\/index.php\/2026\/08\/30\/hapet-ekspozita-ngjyrat-e-lirise-aktivitet-artistik-kushtuar-luftes\/\" \/>\n<meta property=\"og:locale\" content=\"en_US\" \/>\n<meta property=\"og:type\" content=\"article\" \/>\n<meta property=\"og:title\" content=\"Hapet ekspozita \u201cNgjyrat e Liris\u00eb\u201d, aktivitet artistik kushtuar luft\u00ebs - Kosova Times\" \/>\n<meta property=\"og:description\" content=\"Platforma qytetare \u201cLiria ka Em\u00ebr\u201d ka hapur sot ekspozit\u00ebn \u201cNgjyrat e Liris\u00eb\u201d, nj\u00eb aktivitet artistik kushtuar luft\u00ebs s\u00eb Ushtris\u00eb \u00c7lirimtare t\u00eb Kosov\u00ebs, sakrific\u00ebs p\u00ebr liri dhe kujtes\u00ebs kolektive. N\u00eb ekspozit\u00eb jan\u00eb prezantuar vepra t\u00eb piktor\u00ebve, skulptor\u00ebve dhe artist\u00ebve t\u00eb mediumeve t\u00eb ndryshme, t\u00eb cil\u00ebt p\u00ebrmes krijimtaris\u00eb s\u00eb tyre kan\u00eb trajtuar luft\u00ebn e U\u00c7K-s\u00eb, sakrific\u00ebn, viktimat [&hellip;]\" \/>\n<meta property=\"og:url\" content=\"https:\/\/kosovatimes.info\/index.php\/2026\/08\/30\/hapet-ekspozita-ngjyrat-e-lirise-aktivitet-artistik-kushtuar-luftes\/\" \/>\n<meta property=\"og:site_name\" content=\"Kosova Times\" \/>\n<meta property=\"article:published_time\" content=\"2026-08-30T19:20:00+00:00\" \/>\n<meta property=\"article:modified_time\" content=\"2026-08-30T20:14:52+00:00\" \/>\n<meta property=\"og:image\" content=\"https:\/\/kosovatimes.info\/wp-content\/uploads\/2026\/08\/ekspozita.jpeg\" \/>\n\t<meta property=\"og:image:width\" content=\"780\" \/>\n\t<meta property=\"og:image:height\" content=\"500\" \/>\n\t<meta property=\"og:image:type\" content=\"image\/jpeg\" \/>\n<meta name=\"author\" content=\"i l\" \/>\n<meta name=\"twitter:card\" content=\"summary_large_image\" \/>\n<meta name=\"twitter:label1\" content=\"Written by\" \/>\n\t<meta name=\"twitter:data1\" content=\"i l\" \/>\n\t<meta name=\"twitter:label2\" content=\"Est. reading time\" \/>\n\t<meta name=\"twitter:data2\" content=\"2 minutes\" \/>\n<script type=\"application\/ld+json\" class=\"yoast-schema-graph\">{\"@context\":\"https:\\\/\\\/schema.org\",\"@graph\":[{\"@type\":\"Article\",\"@id\":\"https:\\\/\\\/kosovatimes.info\\\/index.php\\\/2026\\\/08\\\/30\\\/hapet-ekspozita-ngjyrat-e-lirise-aktivitet-artistik-kushtuar-luftes\\\/#article\",\"isPartOf\":{\"@id\":\"https:\\\/\\\/kosovatimes.info\\\/index.php\\\/2026\\\/08\\\/30\\\/hapet-ekspozita-ngjyrat-e-lirise-aktivitet-artistik-kushtuar-luftes\\\/\"},\"author\":{\"name\":\"i l\",\"@id\":\"https:\\\/\\\/kosovatimes.info\\\/#\\\/schema\\\/person\\\/7586712b9c512fe68085de007378c915\"},\"headline\":\"Hapet ekspozita \u201cNgjyrat e Liris\u00eb\u201d, aktivitet artistik kushtuar luft\u00ebs\",\"datePublished\":\"2026-08-30T19:20:00+00:00\",\"dateModified\":\"2026-08-30T20:14:52+00:00\",\"mainEntityOfPage\":{\"@id\":\"https:\\\/\\\/kosovatimes.info\\\/index.php\\\/2026\\\/08\\\/30\\\/hapet-ekspozita-ngjyrat-e-lirise-aktivitet-artistik-kushtuar-luftes\\\/\"},\"wordCount\":264,\"commentCount\":0,\"image\":{\"@id\":\"https:\\\/\\\/kosovatimes.info\\\/index.php\\\/2026\\\/08\\\/30\\\/hapet-ekspozita-ngjyrat-e-lirise-aktivitet-artistik-kushtuar-luftes\\\/#primaryimage\"},\"thumbnailUrl\":\"https:\\\/\\\/kosovatimes.info\\\/wp-content\\\/uploads\\\/2026\\\/08\\\/ekspozita.jpeg\",\"articleSection\":[\"Kultur\u00eb\"],\"inLanguage\":\"en-US\",\"potentialAction\":[{\"@type\":\"CommentAction\",\"name\":\"Comment\",\"target\":[\"https:\\\/\\\/kosovatimes.info\\\/index.php\\\/2026\\\/08\\\/30\\\/hapet-ekspozita-ngjyrat-e-lirise-aktivitet-artistik-kushtuar-luftes\\\/#respond\"]}]},{\"@type\":\"WebPage\",\"@id\":\"https:\\\/\\\/kosovatimes.info\\\/index.php\\\/2026\\\/08\\\/30\\\/hapet-ekspozita-ngjyrat-e-lirise-aktivitet-artistik-kushtuar-luftes\\\/\",\"url\":\"https:\\\/\\\/kosovatimes.info\\\/index.php\\\/2026\\\/08\\\/30\\\/hapet-ekspozita-ngjyrat-e-lirise-aktivitet-artistik-kushtuar-luftes\\\/\",\"name\":\"Hapet ekspozita \u201cNgjyrat e Liris\u00eb\u201d, aktivitet artistik kushtuar luft\u00ebs - Kosova Times\",\"isPartOf\":{\"@id\":\"https:\\\/\\\/kosovatimes.info\\\/#website\"},\"primaryImageOfPage\":{\"@id\":\"https:\\\/\\\/kosovatimes.info\\\/index.php\\\/2026\\\/08\\\/30\\\/hapet-ekspozita-ngjyrat-e-lirise-aktivitet-artistik-kushtuar-luftes\\\/#primaryimage\"},\"image\":{\"@id\":\"https:\\\/\\\/kosovatimes.info\\\/index.php\\\/2026\\\/08\\\/30\\\/hapet-ekspozita-ngjyrat-e-lirise-aktivitet-artistik-kushtuar-luftes\\\/#primaryimage\"},\"thumbnailUrl\":\"https:\\\/\\\/kosovatimes.info\\\/wp-content\\\/uploads\\\/2026\\\/08\\\/ekspozita.jpeg\",\"datePublished\":\"2026-08-30T19:20:00+00:00\",\"dateModified\":\"2026-08-30T20:14:52+00:00\",\"author\":{\"@id\":\"https:\\\/\\\/kosovatimes.info\\\/#\\\/schema\\\/person\\\/7586712b9c512fe68085de007378c915\"},\"breadcrumb\":{\"@id\":\"https:\\\/\\\/kosovatimes.info\\\/index.php\\\/2026\\\/08\\\/30\\\/hapet-ekspozita-ngjyrat-e-lirise-aktivitet-artistik-kushtuar-luftes\\\/#breadcrumb\"},\"inLanguage\":\"en-US\",\"potentialAction\":[{\"@type\":\"ReadAction\",\"target\":[\"https:\\\/\\\/kosovatimes.info\\\/index.php\\\/2026\\\/08\\\/30\\\/hapet-ekspozita-ngjyrat-e-lirise-aktivitet-artistik-kushtuar-luftes\\\/\"]}]},{\"@type\":\"ImageObject\",\"inLanguage\":\"en-US\",\"@id\":\"https:\\\/\\\/kosovatimes.info\\\/index.php\\\/2026\\\/08\\\/30\\\/hapet-ekspozita-ngjyrat-e-lirise-aktivitet-artistik-kushtuar-luftes\\\/#primaryimage\",\"url\":\"https:\\\/\\\/kosovatimes.info\\\/wp-content\\\/uploads\\\/2026\\\/08\\\/ekspozita.jpeg\",\"contentUrl\":\"https:\\\/\\\/kosovatimes.info\\\/wp-content\\\/uploads\\\/2026\\\/08\\\/ekspozita.jpeg\",\"width\":780,\"height\":500},{\"@type\":\"BreadcrumbList\",\"@id\":\"https:\\\/\\\/kosovatimes.info\\\/index.php\\\/2026\\\/08\\\/30\\\/hapet-ekspozita-ngjyrat-e-lirise-aktivitet-artistik-kushtuar-luftes\\\/#breadcrumb\",\"itemListElement\":[{\"@type\":\"ListItem\",\"position\":1,\"name\":\"Home\",\"item\":\"https:\\\/\\\/kosovatimes.info\\\/\"},{\"@type\":\"ListItem\",\"position\":2,\"name\":\"Hapet ekspozita \u201cNgjyrat e Liris\u00eb\u201d, aktivitet artistik kushtuar luft\u00ebs\"}]},{\"@type\":\"WebSite\",\"@id\":\"https:\\\/\\\/kosovatimes.info\\\/#website\",\"url\":\"https:\\\/\\\/kosovatimes.info\\\/\",\"name\":\"Kosova Times\",\"description\":\"\",\"potentialAction\":[{\"@type\":\"SearchAction\",\"target\":{\"@type\":\"EntryPoint\",\"urlTemplate\":\"https:\\\/\\\/kosovatimes.info\\\/?s={search_term_string}\"},\"query-input\":{\"@type\":\"PropertyValueSpecification\",\"valueRequired\":true,\"valueName\":\"search_term_string\"}}],\"inLanguage\":\"en-US\"},{\"@type\":\"Person\",\"@id\":\"https:\\\/\\\/kosovatimes.info\\\/#\\\/schema\\\/person\\\/7586712b9c512fe68085de007378c915\",\"name\":\"i l\",\"image\":{\"@type\":\"ImageObject\",\"inLanguage\":\"en-US\",\"@id\":\"https:\\\/\\\/secure.gravatar.com\\\/avatar\\\/bad9296e02816160ae2e2435beda58222022298d5625d49fea74d18816fbb31d?s=96&d=mm&r=g\",\"url\":\"https:\\\/\\\/secure.gravatar.com\\\/avatar\\\/bad9296e02816160ae2e2435beda58222022298d5625d49fea74d18816fbb31d?s=96&d=mm&r=g\",\"contentUrl\":\"https:\\\/\\\/secure.gravatar.com\\\/avatar\\\/bad9296e02816160ae2e2435beda58222022298d5625d49fea74d18816fbb31d?s=96&d=mm&r=g\",\"caption\":\"i l\"},\"url\":\"https:\\\/\\\/kosovatimes.info\\\/index.php\\\/author\\\/iliri\\\/\"}]}<\/script>\n<!-- \/ Yoast SEO plugin. -->","yoast_head_json":{"title":"Hapet ekspozita \u201cNgjyrat e Liris\u00eb\u201d, aktivitet artistik kushtuar luft\u00ebs - Kosova Times","robots":{"index":"index","follow":"follow","max-snippet":"max-snippet:-1","max-image-preview":"max-image-preview:large","max-video-preview":"max-video-preview:-1"},"canonical":"https:\/\/kosovatimes.info\/index.php\/2026\/08\/30\/hapet-ekspozita-ngjyrat-e-lirise-aktivitet-artistik-kushtuar-luftes\/","og_locale":"en_US","og_type":"article","og_title":"Hapet ekspozita \u201cNgjyrat e Liris\u00eb\u201d, aktivitet artistik kushtuar luft\u00ebs - Kosova Times","og_description":"Platforma qytetare \u201cLiria ka Em\u00ebr\u201d ka hapur sot ekspozit\u00ebn \u201cNgjyrat e Liris\u00eb\u201d, nj\u00eb aktivitet artistik kushtuar luft\u00ebs s\u00eb Ushtris\u00eb \u00c7lirimtare t\u00eb Kosov\u00ebs, sakrific\u00ebs p\u00ebr liri dhe kujtes\u00ebs kolektive. N\u00eb ekspozit\u00eb jan\u00eb prezantuar vepra t\u00eb piktor\u00ebve, skulptor\u00ebve dhe artist\u00ebve t\u00eb mediumeve t\u00eb ndryshme, t\u00eb cil\u00ebt p\u00ebrmes krijimtaris\u00eb s\u00eb tyre kan\u00eb trajtuar luft\u00ebn e U\u00c7K-s\u00eb, sakrific\u00ebn, viktimat [&hellip;]","og_url":"https:\/\/kosovatimes.info\/index.php\/2026\/08\/30\/hapet-ekspozita-ngjyrat-e-lirise-aktivitet-artistik-kushtuar-luftes\/","og_site_name":"Kosova Times","article_published_time":"2026-08-30T19:20:00+00:00","article_modified_time":"2026-08-30T20:14:52+00:00","og_image":[{"width":780,"height":500,"url":"https:\/\/kosovatimes.info\/wp-content\/uploads\/2026\/08\/ekspozita.jpeg","type":"image\/jpeg"}],"author":"i l","twitter_card":"summary_large_image","twitter_misc":{"Written by":"i l","Est. reading time":"2 minutes"},"schema":{"@context":"https:\/\/schema.org","@graph":[{"@type":"Article","@id":"https:\/\/kosovatimes.info\/index.php\/2026\/08\/30\/hapet-ekspozita-ngjyrat-e-lirise-aktivitet-artistik-kushtuar-luftes\/#article","isPartOf":{"@id":"https:\/\/kosovatimes.info\/index.php\/2026\/08\/30\/hapet-ekspozita-ngjyrat-e-lirise-aktivitet-artistik-kushtuar-luftes\/"},"author":{"name":"i l","@id":"https:\/\/kosovatimes.info\/#\/schema\/person\/7586712b9c512fe68085de007378c915"},"headline":"Hapet ekspozita \u201cNgjyrat e Liris\u00eb\u201d, aktivitet artistik kushtuar luft\u00ebs","datePublished":"2026-08-30T19:20:00+00:00","dateModified":"2026-08-30T20:14:52+00:00","mainEntityOfPage":{"@id":"https:\/\/kosovatimes.info\/index.php\/2026\/08\/30\/hapet-ekspozita-ngjyrat-e-lirise-aktivitet-artistik-kushtuar-luftes\/"},"wordCount":264,"commentCount":0,"image":{"@id":"https:\/\/kosovatimes.info\/index.php\/2026\/08\/30\/hapet-ekspozita-ngjyrat-e-lirise-aktivitet-artistik-kushtuar-luftes\/#primaryimage"},"thumbnailUrl":"https:\/\/kosovatimes.info\/wp-content\/uploads\/2026\/08\/ekspozita.jpeg","articleSection":["Kultur\u00eb"],"inLanguage":"en-US","potentialAction":[{"@type":"CommentAction","name":"Comment","target":["https:\/\/kosovatimes.info\/index.php\/2026\/08\/30\/hapet-ekspozita-ngjyrat-e-lirise-aktivitet-artistik-kushtuar-luftes\/#respond"]}]},{"@type":"WebPage","@id":"https:\/\/kosovatimes.info\/index.php\/2026\/08\/30\/hapet-ekspozita-ngjyrat-e-lirise-aktivitet-artistik-kushtuar-luftes\/","url":"https:\/\/kosovatimes.info\/index.php\/2026\/08\/30\/hapet-ekspozita-ngjyrat-e-lirise-aktivitet-artistik-kushtuar-luftes\/","name":"Hapet ekspozita \u201cNgjyrat e Liris\u00eb\u201d, aktivitet artistik kushtuar luft\u00ebs - Kosova Times","isPartOf":{"@id":"https:\/\/kosovatimes.info\/#website"},"primaryImageOfPage":{"@id":"https:\/\/kosovatimes.info\/index.php\/2026\/08\/30\/hapet-ekspozita-ngjyrat-e-lirise-aktivitet-artistik-kushtuar-luftes\/#primaryimage"},"image":{"@id":"https:\/\/kosovatimes.info\/index.php\/2026\/08\/30\/hapet-ekspozita-ngjyrat-e-lirise-aktivitet-artistik-kushtuar-luftes\/#primaryimage"},"thumbnailUrl":"https:\/\/kosovatimes.info\/wp-content\/uploads\/2026\/08\/ekspozita.jpeg","datePublished":"2026-08-30T19:20:00+00:00","dateModified":"2026-08-30T20:14:52+00:00","author":{"@id":"https:\/\/kosovatimes.info\/#\/schema\/person\/7586712b9c512fe68085de007378c915"},"breadcrumb":{"@id":"https:\/\/kosovatimes.info\/index.php\/2026\/08\/30\/hapet-ekspozita-ngjyrat-e-lirise-aktivitet-artistik-kushtuar-luftes\/#breadcrumb"},"inLanguage":"en-US","potentialAction":[{"@type":"ReadAction","target":["https:\/\/kosovatimes.info\/index.php\/2026\/08\/30\/hapet-ekspozita-ngjyrat-e-lirise-aktivitet-artistik-kushtuar-luftes\/"]}]},{"@type":"ImageObject","inLanguage":"en-US","@id":"https:\/\/kosovatimes.info\/index.php\/2026\/08\/30\/hapet-ekspozita-ngjyrat-e-lirise-aktivitet-artistik-kushtuar-luftes\/#primaryimage","url":"https:\/\/kosovatimes.info\/wp-content\/uploads\/2026\/08\/ekspozita.jpeg","contentUrl":"https:\/\/kosovatimes.info\/wp-content\/uploads\/2026\/08\/ekspozita.jpeg","width":780,"height":500},{"@type":"BreadcrumbList","@id":"https:\/\/kosovatimes.info\/index.php\/2026\/08\/30\/hapet-ekspozita-ngjyrat-e-lirise-aktivitet-artistik-kushtuar-luftes\/#breadcrumb","itemListElement":[{"@type":"ListItem","position":1,"name":"Home","item":"https:\/\/kosovatimes.info\/"},{"@type":"ListItem","position":2,"name":"Hapet ekspozita \u201cNgjyrat e Liris\u00eb\u201d, aktivitet artistik kushtuar luft\u00ebs"}]},{"@type":"WebSite","@id":"https:\/\/kosovatimes.info\/#website","url":"https:\/\/kosovatimes.info\/","name":"Kosova Times","description":"","potentialAction":[{"@type":"SearchAction","target":{"@type":"EntryPoint","urlTemplate":"https:\/\/kosovatimes.info\/?s={search_term_string}"},"query-input":{"@type":"PropertyValueSpecification","valueRequired":true,"valueName":"search_term_string"}}],"inLanguage":"en-US"},{"@type":"Person","@id":"https:\/\/kosovatimes.info\/#\/schema\/person\/7586712b9c512fe68085de007378c915","name":"i l","image":{"@type":"ImageObject","inLanguage":"en-US","@id":"https:\/\/secure.gravatar.com\/avatar\/bad9296e02816160ae2e2435beda58222022298d5625d49fea74d18816fbb31d?s=96&d=mm&r=g","url":"https:\/\/secure.gravatar.com\/avatar\/bad9296e02816160ae2e2435beda58222022298d5625d49fea74d18816fbb31d?s=96&d=mm&r=g","contentUrl":"https:\/\/secure.gravatar.com\/avatar\/bad9296e02816160ae2e2435beda58222022298d5625d49fea74d18816fbb31d?s=96&d=mm&r=g","caption":"i l"},"url":"https:\/\/kosovatimes.info\/index.php\/author\/iliri\/"}]}},"_links":{"self":[{"href":"https:\/\/kosovatimes.info\/index.php\/wp-json\/wp\/v2\/posts\/30114","targetHints":{"allow":["GET"]}}],"collection":[{"href":"https:\/\/kosovatimes.info\/index.php\/wp-json\/wp\/v2\/posts"}],"about":[{"href":"https:\/\/kosovatimes.info\/index.php\/wp-json\/wp\/v2\/types\/post"}],"author":[{"embeddable":true,"href":"https:\/\/kosovatimes.info\/index.php\/wp-json\/wp\/v2\/users\/4"}],"replies":[{"embeddable":true,"href":"https:\/\/kosovatimes.info\/index.php\/wp-json\/wp\/v2\/comments?post=30114"}],"version-history":[{"count":1,"href":"https:\/\/kosovatimes.info\/index.php\/wp-json\/wp\/v2\/posts\/30114\/revisions"}],"predecessor-version":[{"id":30116,"href":"https:\/\/kosovatimes.info\/index.php\/wp-json\/wp\/v2\/posts\/30114\/revisions\/30116"}],"wp:featuredmedia":[{"embeddable":true,"href":"https:\/\/kosovatimes.info\/index.php\/wp-json\/wp\/v2\/media\/30115"}],"wp:attachment":[{"href":"https:\/\/kosovatimes.info\/index.php\/wp-json\/wp\/v2\/media?parent=30114"}],"wp:term":[{"taxonomy":"category","embeddable":true,"href":"https:\/\/kosovatimes.info\/index.php\/wp-json\/wp\/v2\/categories?post=30114"},{"taxonomy":"post_tag","embeddable":true,"href":"https:\/\/kosovatimes.info\/index.php\/wp-json\/wp\/v2\/tags?post=30114"}],"curies":[{"name":"wp","href":"https:\/\/api.w.org\/{rel}","templated":true}]}}