{"id":30123,"date":"2026-08-30T20:54:00","date_gmt":"2026-08-30T18:54:00","guid":{"rendered":"https:\/\/kosovatimes.info\/?p=30123"},"modified":"2026-08-30T22:17:20","modified_gmt":"2026-08-30T20:17:20","slug":"prishtina-me-fitore-te-thelle-ndaj-llapit","status":"publish","type":"post","link":"https:\/\/kosovatimes.info\/index.php\/2026\/08\/30\/prishtina-me-fitore-te-thelle-ndaj-llapit\/","title":{"rendered":"Prishtina me fitore t\u00eb thell\u00eb ndaj Llapit"},"content":{"rendered":"\n<p class=\"wp-block-paragraph\"><strong>Prishtina ka sh\u00ebnuar fitore t\u00eb thell\u00eb ndaj Llapit n\u00eb xhiron e tret\u00eb t\u00eb Superlig\u00ebs s\u00eb Kosov\u00ebs n\u00eb futboll.<\/strong><\/p>\n\n\n\n<p class=\"wp-block-paragraph\">Ndeshja e zhvilluar t\u00eb diel\u00ebn n\u00eb stadiumin \u201cFadil Vokrri\u201d n\u00eb Prishtin\u00eb \u00ebsht\u00eb mbyllur me rezultat 4:0 n\u00eb favor t\u00eb vendasve.<\/p>\n\n\n\n<p class=\"wp-block-paragraph\">Prishtina e ka nisur&nbsp;ndeshjen n\u00eb m\u00ebnyr\u00ebn m\u00eb t\u00eb mir\u00eb t\u00eb mundshme, duke kaluar n\u00eb ep\u00ebrsi q\u00eb n\u00eb minut\u00ebn e dyt\u00eb. Diatta ka qen\u00eb ai q\u00eb e ka gjetur&nbsp;rrjet\u00ebn p\u00ebr 1:0.<\/p>\n\n\n\n<p class=\"wp-block-paragraph\">Ky rezultat ka mbetur&nbsp;n\u00eb fuqi deri n\u00eb p\u00ebrfundim t\u00eb pjes\u00ebs s\u00eb par\u00eb.<\/p>\n\n\n\n<p class=\"wp-block-paragraph\">N\u00eb pjes\u00ebn e dyt\u00eb, Prishtina e ka vazhduar&nbsp;dominimin dhe ka sh\u00ebnuar&nbsp;edhe tri her\u00eb t\u00eb tjera.&nbsp; Krasniqi ka realizuar&nbsp;n\u00eb minut\u00ebn e gjasht\u00ebdhjet\u00eb e tret\u00eb p\u00ebr 2:0, nd\u00ebrsa Diatta ka sh\u00ebnuar&nbsp;golin e tij t\u00eb dyt\u00eb personal n\u00eb minut\u00ebn e shtat\u00ebdhjet\u00eb e nj\u00eb.<\/p>\n\n\n\n<p class=\"wp-block-paragraph\">Fitoren e thell\u00eb t\u00eb Prishtin\u00ebs e ka vulosur&nbsp;Fazlija, i cili ka sh\u00ebnuar&nbsp;n\u00eb minut\u00ebn e tet\u00ebdhjet\u00eb e kat\u00ebrt p\u00ebr 4:0.<\/p>\n\n\n\n<p class=\"wp-block-paragraph\">Me k\u00ebt\u00eb fitore, Prishtina ka grumbulluar gjasht\u00eb pik\u00eb dhe renditet n\u00eb vendin e kat\u00ebrt t\u00eb tabel\u00ebs, me pik\u00eb t\u00eb barabarta me Drit\u00ebn, q\u00eb \u00ebsht\u00eb e treta.<\/p>\n\n\n\n<p class=\"wp-block-paragraph\">Gjilani ndodhet n\u00eb vendin e dyt\u00eb me shtat\u00eb pik\u00eb, po aq sa ka edhe Malisheva n\u00eb krye t\u00eb tabel\u00ebs.<\/p>\n","protected":false},"excerpt":{"rendered":"<p>Prishtina ka sh\u00ebnuar fitore t\u00eb thell\u00eb ndaj Llapit n\u00eb xhiron e tret\u00eb t\u00eb Superlig\u00ebs s\u00eb Kosov\u00ebs n\u00eb futboll. Ndeshja e zhvilluar t\u00eb diel\u00ebn n\u00eb stadiumin \u201cFadil Vokrri\u201d n\u00eb Prishtin\u00eb \u00ebsht\u00eb mbyllur me rezultat 4:0 n\u00eb favor t\u00eb vendasve. Prishtina e ka nisur&nbsp;ndeshjen n\u00eb m\u00ebnyr\u00ebn m\u00eb t\u00eb mir\u00eb t\u00eb mundshme, duke kaluar n\u00eb ep\u00ebrsi q\u00eb n\u00eb [&hellip;]<\/p>\n","protected":false},"author":4,"featured_media":30124,"comment_status":"open","ping_status":"open","sticky":false,"template":"","format":"standard","meta":{"footnotes":""},"categories":[1],"tags":[],"class_list":["post-30123","post","type-post","status-publish","format-standard","has-post-thumbnail","category-pafilter"],"yoast_head":"<!-- This site is optimized with the Yoast SEO plugin v27.4 - https:\/\/yoast.com\/product\/yoast-seo-wordpress\/ -->\n<title>Prishtina me fitore t\u00eb thell\u00eb ndaj Llapit - Kosova Times<\/title>\n<meta name=\"robots\" content=\"index, follow, max-snippet:-1, max-image-preview:large, max-video-preview:-1\" \/>\n<link rel=\"canonical\" href=\"https:\/\/kosovatimes.info\/index.php\/2026\/08\/30\/prishtina-me-fitore-te-thelle-ndaj-llapit\/\" \/>\n<meta property=\"og:locale\" content=\"en_US\" \/>\n<meta property=\"og:type\" content=\"article\" \/>\n<meta property=\"og:title\" content=\"Prishtina me fitore t\u00eb thell\u00eb ndaj Llapit - Kosova Times\" \/>\n<meta property=\"og:description\" content=\"Prishtina ka sh\u00ebnuar fitore t\u00eb thell\u00eb ndaj Llapit n\u00eb xhiron e tret\u00eb t\u00eb Superlig\u00ebs s\u00eb Kosov\u00ebs n\u00eb futboll. Ndeshja e zhvilluar t\u00eb diel\u00ebn n\u00eb stadiumin \u201cFadil Vokrri\u201d n\u00eb Prishtin\u00eb \u00ebsht\u00eb mbyllur me rezultat 4:0 n\u00eb favor t\u00eb vendasve. Prishtina e ka nisur&nbsp;ndeshjen n\u00eb m\u00ebnyr\u00ebn m\u00eb t\u00eb mir\u00eb t\u00eb mundshme, duke kaluar n\u00eb ep\u00ebrsi q\u00eb n\u00eb [&hellip;]\" \/>\n<meta property=\"og:url\" content=\"https:\/\/kosovatimes.info\/index.php\/2026\/08\/30\/prishtina-me-fitore-te-thelle-ndaj-llapit\/\" \/>\n<meta property=\"og:site_name\" content=\"Kosova Times\" \/>\n<meta property=\"article:published_time\" content=\"2026-08-30T18:54:00+00:00\" \/>\n<meta property=\"article:modified_time\" content=\"2026-08-30T20:17:20+00:00\" \/>\n<meta property=\"og:image\" content=\"https:\/\/kosovatimes.info\/wp-content\/uploads\/2026\/08\/Pishtina-1.jpg\" \/>\n\t<meta property=\"og:image:width\" content=\"780\" \/>\n\t<meta property=\"og:image:height\" content=\"500\" \/>\n\t<meta property=\"og:image:type\" content=\"image\/jpeg\" \/>\n<meta name=\"author\" content=\"i l\" \/>\n<meta name=\"twitter:card\" content=\"summary_large_image\" \/>\n<meta name=\"twitter:label1\" content=\"Written by\" \/>\n\t<meta name=\"twitter:data1\" content=\"i l\" \/>\n\t<meta name=\"twitter:label2\" content=\"Est. reading time\" \/>\n\t<meta name=\"twitter:data2\" content=\"2 minutes\" \/>\n<script type=\"application\/ld+json\" class=\"yoast-schema-graph\">{\"@context\":\"https:\\\/\\\/schema.org\",\"@graph\":[{\"@type\":\"Article\",\"@id\":\"https:\\\/\\\/kosovatimes.info\\\/index.php\\\/2026\\\/08\\\/30\\\/prishtina-me-fitore-te-thelle-ndaj-llapit\\\/#article\",\"isPartOf\":{\"@id\":\"https:\\\/\\\/kosovatimes.info\\\/index.php\\\/2026\\\/08\\\/30\\\/prishtina-me-fitore-te-thelle-ndaj-llapit\\\/\"},\"author\":{\"name\":\"i l\",\"@id\":\"https:\\\/\\\/kosovatimes.info\\\/#\\\/schema\\\/person\\\/7586712b9c512fe68085de007378c915\"},\"headline\":\"Prishtina me fitore t\u00eb thell\u00eb ndaj Llapit\",\"datePublished\":\"2026-08-30T18:54:00+00:00\",\"dateModified\":\"2026-08-30T20:17:20+00:00\",\"mainEntityOfPage\":{\"@id\":\"https:\\\/\\\/kosovatimes.info\\\/index.php\\\/2026\\\/08\\\/30\\\/prishtina-me-fitore-te-thelle-ndaj-llapit\\\/\"},\"wordCount\":238,\"commentCount\":0,\"image\":{\"@id\":\"https:\\\/\\\/kosovatimes.info\\\/index.php\\\/2026\\\/08\\\/30\\\/prishtina-me-fitore-te-thelle-ndaj-llapit\\\/#primaryimage\"},\"thumbnailUrl\":\"https:\\\/\\\/kosovatimes.info\\\/wp-content\\\/uploads\\\/2026\\\/08\\\/Pishtina-1.jpg\",\"articleSection\":[\"pafilter\"],\"inLanguage\":\"en-US\",\"potentialAction\":[{\"@type\":\"CommentAction\",\"name\":\"Comment\",\"target\":[\"https:\\\/\\\/kosovatimes.info\\\/index.php\\\/2026\\\/08\\\/30\\\/prishtina-me-fitore-te-thelle-ndaj-llapit\\\/#respond\"]}]},{\"@type\":\"WebPage\",\"@id\":\"https:\\\/\\\/kosovatimes.info\\\/index.php\\\/2026\\\/08\\\/30\\\/prishtina-me-fitore-te-thelle-ndaj-llapit\\\/\",\"url\":\"https:\\\/\\\/kosovatimes.info\\\/index.php\\\/2026\\\/08\\\/30\\\/prishtina-me-fitore-te-thelle-ndaj-llapit\\\/\",\"name\":\"Prishtina me fitore t\u00eb thell\u00eb ndaj Llapit - Kosova Times\",\"isPartOf\":{\"@id\":\"https:\\\/\\\/kosovatimes.info\\\/#website\"},\"primaryImageOfPage\":{\"@id\":\"https:\\\/\\\/kosovatimes.info\\\/index.php\\\/2026\\\/08\\\/30\\\/prishtina-me-fitore-te-thelle-ndaj-llapit\\\/#primaryimage\"},\"image\":{\"@id\":\"https:\\\/\\\/kosovatimes.info\\\/index.php\\\/2026\\\/08\\\/30\\\/prishtina-me-fitore-te-thelle-ndaj-llapit\\\/#primaryimage\"},\"thumbnailUrl\":\"https:\\\/\\\/kosovatimes.info\\\/wp-content\\\/uploads\\\/2026\\\/08\\\/Pishtina-1.jpg\",\"datePublished\":\"2026-08-30T18:54:00+00:00\",\"dateModified\":\"2026-08-30T20:17:20+00:00\",\"author\":{\"@id\":\"https:\\\/\\\/kosovatimes.info\\\/#\\\/schema\\\/person\\\/7586712b9c512fe68085de007378c915\"},\"breadcrumb\":{\"@id\":\"https:\\\/\\\/kosovatimes.info\\\/index.php\\\/2026\\\/08\\\/30\\\/prishtina-me-fitore-te-thelle-ndaj-llapit\\\/#breadcrumb\"},\"inLanguage\":\"en-US\",\"potentialAction\":[{\"@type\":\"ReadAction\",\"target\":[\"https:\\\/\\\/kosovatimes.info\\\/index.php\\\/2026\\\/08\\\/30\\\/prishtina-me-fitore-te-thelle-ndaj-llapit\\\/\"]}]},{\"@type\":\"ImageObject\",\"inLanguage\":\"en-US\",\"@id\":\"https:\\\/\\\/kosovatimes.info\\\/index.php\\\/2026\\\/08\\\/30\\\/prishtina-me-fitore-te-thelle-ndaj-llapit\\\/#primaryimage\",\"url\":\"https:\\\/\\\/kosovatimes.info\\\/wp-content\\\/uploads\\\/2026\\\/08\\\/Pishtina-1.jpg\",\"contentUrl\":\"https:\\\/\\\/kosovatimes.info\\\/wp-content\\\/uploads\\\/2026\\\/08\\\/Pishtina-1.jpg\",\"width\":780,\"height\":500},{\"@type\":\"BreadcrumbList\",\"@id\":\"https:\\\/\\\/kosovatimes.info\\\/index.php\\\/2026\\\/08\\\/30\\\/prishtina-me-fitore-te-thelle-ndaj-llapit\\\/#breadcrumb\",\"itemListElement\":[{\"@type\":\"ListItem\",\"position\":1,\"name\":\"Home\",\"item\":\"https:\\\/\\\/kosovatimes.info\\\/\"},{\"@type\":\"ListItem\",\"position\":2,\"name\":\"Prishtina me fitore t\u00eb thell\u00eb ndaj Llapit\"}]},{\"@type\":\"WebSite\",\"@id\":\"https:\\\/\\\/kosovatimes.info\\\/#website\",\"url\":\"https:\\\/\\\/kosovatimes.info\\\/\",\"name\":\"Kosova Times\",\"description\":\"\",\"potentialAction\":[{\"@type\":\"SearchAction\",\"target\":{\"@type\":\"EntryPoint\",\"urlTemplate\":\"https:\\\/\\\/kosovatimes.info\\\/?s={search_term_string}\"},\"query-input\":{\"@type\":\"PropertyValueSpecification\",\"valueRequired\":true,\"valueName\":\"search_term_string\"}}],\"inLanguage\":\"en-US\"},{\"@type\":\"Person\",\"@id\":\"https:\\\/\\\/kosovatimes.info\\\/#\\\/schema\\\/person\\\/7586712b9c512fe68085de007378c915\",\"name\":\"i l\",\"image\":{\"@type\":\"ImageObject\",\"inLanguage\":\"en-US\",\"@id\":\"https:\\\/\\\/secure.gravatar.com\\\/avatar\\\/bad9296e02816160ae2e2435beda58222022298d5625d49fea74d18816fbb31d?s=96&d=mm&r=g\",\"url\":\"https:\\\/\\\/secure.gravatar.com\\\/avatar\\\/bad9296e02816160ae2e2435beda58222022298d5625d49fea74d18816fbb31d?s=96&d=mm&r=g\",\"contentUrl\":\"https:\\\/\\\/secure.gravatar.com\\\/avatar\\\/bad9296e02816160ae2e2435beda58222022298d5625d49fea74d18816fbb31d?s=96&d=mm&r=g\",\"caption\":\"i l\"},\"url\":\"https:\\\/\\\/kosovatimes.info\\\/index.php\\\/author\\\/iliri\\\/\"}]}<\/script>\n<!-- \/ Yoast SEO plugin. -->","yoast_head_json":{"title":"Prishtina me fitore t\u00eb thell\u00eb ndaj Llapit - Kosova Times","robots":{"index":"index","follow":"follow","max-snippet":"max-snippet:-1","max-image-preview":"max-image-preview:large","max-video-preview":"max-video-preview:-1"},"canonical":"https:\/\/kosovatimes.info\/index.php\/2026\/08\/30\/prishtina-me-fitore-te-thelle-ndaj-llapit\/","og_locale":"en_US","og_type":"article","og_title":"Prishtina me fitore t\u00eb thell\u00eb ndaj Llapit - Kosova Times","og_description":"Prishtina ka sh\u00ebnuar fitore t\u00eb thell\u00eb ndaj Llapit n\u00eb xhiron e tret\u00eb t\u00eb Superlig\u00ebs s\u00eb Kosov\u00ebs n\u00eb futboll. Ndeshja e zhvilluar t\u00eb diel\u00ebn n\u00eb stadiumin \u201cFadil Vokrri\u201d n\u00eb Prishtin\u00eb \u00ebsht\u00eb mbyllur me rezultat 4:0 n\u00eb favor t\u00eb vendasve. Prishtina e ka nisur&nbsp;ndeshjen n\u00eb m\u00ebnyr\u00ebn m\u00eb t\u00eb mir\u00eb t\u00eb mundshme, duke kaluar n\u00eb ep\u00ebrsi q\u00eb n\u00eb [&hellip;]","og_url":"https:\/\/kosovatimes.info\/index.php\/2026\/08\/30\/prishtina-me-fitore-te-thelle-ndaj-llapit\/","og_site_name":"Kosova Times","article_published_time":"2026-08-30T18:54:00+00:00","article_modified_time":"2026-08-30T20:17:20+00:00","og_image":[{"width":780,"height":500,"url":"https:\/\/kosovatimes.info\/wp-content\/uploads\/2026\/08\/Pishtina-1.jpg","type":"image\/jpeg"}],"author":"i l","twitter_card":"summary_large_image","twitter_misc":{"Written by":"i l","Est. reading time":"2 minutes"},"schema":{"@context":"https:\/\/schema.org","@graph":[{"@type":"Article","@id":"https:\/\/kosovatimes.info\/index.php\/2026\/08\/30\/prishtina-me-fitore-te-thelle-ndaj-llapit\/#article","isPartOf":{"@id":"https:\/\/kosovatimes.info\/index.php\/2026\/08\/30\/prishtina-me-fitore-te-thelle-ndaj-llapit\/"},"author":{"name":"i l","@id":"https:\/\/kosovatimes.info\/#\/schema\/person\/7586712b9c512fe68085de007378c915"},"headline":"Prishtina me fitore t\u00eb thell\u00eb ndaj Llapit","datePublished":"2026-08-30T18:54:00+00:00","dateModified":"2026-08-30T20:17:20+00:00","mainEntityOfPage":{"@id":"https:\/\/kosovatimes.info\/index.php\/2026\/08\/30\/prishtina-me-fitore-te-thelle-ndaj-llapit\/"},"wordCount":238,"commentCount":0,"image":{"@id":"https:\/\/kosovatimes.info\/index.php\/2026\/08\/30\/prishtina-me-fitore-te-thelle-ndaj-llapit\/#primaryimage"},"thumbnailUrl":"https:\/\/kosovatimes.info\/wp-content\/uploads\/2026\/08\/Pishtina-1.jpg","articleSection":["pafilter"],"inLanguage":"en-US","potentialAction":[{"@type":"CommentAction","name":"Comment","target":["https:\/\/kosovatimes.info\/index.php\/2026\/08\/30\/prishtina-me-fitore-te-thelle-ndaj-llapit\/#respond"]}]},{"@type":"WebPage","@id":"https:\/\/kosovatimes.info\/index.php\/2026\/08\/30\/prishtina-me-fitore-te-thelle-ndaj-llapit\/","url":"https:\/\/kosovatimes.info\/index.php\/2026\/08\/30\/prishtina-me-fitore-te-thelle-ndaj-llapit\/","name":"Prishtina me fitore t\u00eb thell\u00eb ndaj Llapit - Kosova Times","isPartOf":{"@id":"https:\/\/kosovatimes.info\/#website"},"primaryImageOfPage":{"@id":"https:\/\/kosovatimes.info\/index.php\/2026\/08\/30\/prishtina-me-fitore-te-thelle-ndaj-llapit\/#primaryimage"},"image":{"@id":"https:\/\/kosovatimes.info\/index.php\/2026\/08\/30\/prishtina-me-fitore-te-thelle-ndaj-llapit\/#primaryimage"},"thumbnailUrl":"https:\/\/kosovatimes.info\/wp-content\/uploads\/2026\/08\/Pishtina-1.jpg","datePublished":"2026-08-30T18:54:00+00:00","dateModified":"2026-08-30T20:17:20+00:00","author":{"@id":"https:\/\/kosovatimes.info\/#\/schema\/person\/7586712b9c512fe68085de007378c915"},"breadcrumb":{"@id":"https:\/\/kosovatimes.info\/index.php\/2026\/08\/30\/prishtina-me-fitore-te-thelle-ndaj-llapit\/#breadcrumb"},"inLanguage":"en-US","potentialAction":[{"@type":"ReadAction","target":["https:\/\/kosovatimes.info\/index.php\/2026\/08\/30\/prishtina-me-fitore-te-thelle-ndaj-llapit\/"]}]},{"@type":"ImageObject","inLanguage":"en-US","@id":"https:\/\/kosovatimes.info\/index.php\/2026\/08\/30\/prishtina-me-fitore-te-thelle-ndaj-llapit\/#primaryimage","url":"https:\/\/kosovatimes.info\/wp-content\/uploads\/2026\/08\/Pishtina-1.jpg","contentUrl":"https:\/\/kosovatimes.info\/wp-content\/uploads\/2026\/08\/Pishtina-1.jpg","width":780,"height":500},{"@type":"BreadcrumbList","@id":"https:\/\/kosovatimes.info\/index.php\/2026\/08\/30\/prishtina-me-fitore-te-thelle-ndaj-llapit\/#breadcrumb","itemListElement":[{"@type":"ListItem","position":1,"name":"Home","item":"https:\/\/kosovatimes.info\/"},{"@type":"ListItem","position":2,"name":"Prishtina me fitore t\u00eb thell\u00eb ndaj Llapit"}]},{"@type":"WebSite","@id":"https:\/\/kosovatimes.info\/#website","url":"https:\/\/kosovatimes.info\/","name":"Kosova Times","description":"","potentialAction":[{"@type":"SearchAction","target":{"@type":"EntryPoint","urlTemplate":"https:\/\/kosovatimes.info\/?s={search_term_string}"},"query-input":{"@type":"PropertyValueSpecification","valueRequired":true,"valueName":"search_term_string"}}],"inLanguage":"en-US"},{"@type":"Person","@id":"https:\/\/kosovatimes.info\/#\/schema\/person\/7586712b9c512fe68085de007378c915","name":"i l","image":{"@type":"ImageObject","inLanguage":"en-US","@id":"https:\/\/secure.gravatar.com\/avatar\/bad9296e02816160ae2e2435beda58222022298d5625d49fea74d18816fbb31d?s=96&d=mm&r=g","url":"https:\/\/secure.gravatar.com\/avatar\/bad9296e02816160ae2e2435beda58222022298d5625d49fea74d18816fbb31d?s=96&d=mm&r=g","contentUrl":"https:\/\/secure.gravatar.com\/avatar\/bad9296e02816160ae2e2435beda58222022298d5625d49fea74d18816fbb31d?s=96&d=mm&r=g","caption":"i l"},"url":"https:\/\/kosovatimes.info\/index.php\/author\/iliri\/"}]}},"_links":{"self":[{"href":"https:\/\/kosovatimes.info\/index.php\/wp-json\/wp\/v2\/posts\/30123","targetHints":{"allow":["GET"]}}],"collection":[{"href":"https:\/\/kosovatimes.info\/index.php\/wp-json\/wp\/v2\/posts"}],"about":[{"href":"https:\/\/kosovatimes.info\/index.php\/wp-json\/wp\/v2\/types\/post"}],"author":[{"embeddable":true,"href":"https:\/\/kosovatimes.info\/index.php\/wp-json\/wp\/v2\/users\/4"}],"replies":[{"embeddable":true,"href":"https:\/\/kosovatimes.info\/index.php\/wp-json\/wp\/v2\/comments?post=30123"}],"version-history":[{"count":1,"href":"https:\/\/kosovatimes.info\/index.php\/wp-json\/wp\/v2\/posts\/30123\/revisions"}],"predecessor-version":[{"id":30125,"href":"https:\/\/kosovatimes.info\/index.php\/wp-json\/wp\/v2\/posts\/30123\/revisions\/30125"}],"wp:featuredmedia":[{"embeddable":true,"href":"https:\/\/kosovatimes.info\/index.php\/wp-json\/wp\/v2\/media\/30124"}],"wp:attachment":[{"href":"https:\/\/kosovatimes.info\/index.php\/wp-json\/wp\/v2\/media?parent=30123"}],"wp:term":[{"taxonomy":"category","embeddable":true,"href":"https:\/\/kosovatimes.info\/index.php\/wp-json\/wp\/v2\/categories?post=30123"},{"taxonomy":"post_tag","embeddable":true,"href":"https:\/\/kosovatimes.info\/index.php\/wp-json\/wp\/v2\/tags?post=30123"}],"curies":[{"name":"wp","href":"https:\/\/api.w.org\/{rel}","templated":true}]}}