{"id":30131,"date":"2026-08-30T22:20:44","date_gmt":"2026-08-30T20:20:44","guid":{"rendered":"https:\/\/kosovatimes.info\/?p=30131"},"modified":"2026-08-30T22:20:45","modified_gmt":"2026-08-30T20:20:45","slug":"merz-i-frikesuar-perpara-zgjedhjeve-ne-shtetin-gjerman-nuk-mund-ti-imagjinoj-pasojat-e-skenarit-nese-fiton-afd","status":"publish","type":"post","link":"https:\/\/kosovatimes.info\/index.php\/2026\/08\/30\/merz-i-frikesuar-perpara-zgjedhjeve-ne-shtetin-gjerman-nuk-mund-ti-imagjinoj-pasojat-e-skenarit-nese-fiton-afd\/","title":{"rendered":"Merz i frik\u00ebsuar p\u00ebrpara zgjedhjeve n\u00eb shtetin gjerman: &#8220;Nuk mund t&#8217;i imagjinoj pasojat e skenarit n\u00ebse fiton AfD&#8221;"},"content":{"rendered":"\n<p class=\"wp-block-paragraph\">Kancelari gjerman Friedrich Merz tha t\u00eb diel\u00ebn se nj\u00eb fitore e partis\u00eb s\u00eb ekstremit t\u00eb djatht\u00eb AfD n\u00eb zgjedhjet rajonale jav\u00ebn e ardhshme n\u00eb shtetin e Saksonis\u00eb-Anhalt do t\u00eb d\u00ebmtonte shtetin lindor dhe do t\u00eb dekurajonte kompanit\u00eb e huaja nga investimi n\u00eb vend.<\/p>\n\n\n\n<p class=\"wp-block-paragraph\">N\u00eb nj\u00eb intervist\u00eb me ARD, Merz tha se nuk mund t\u2019i imagjinonte pasojat e atij skenari.<\/p>\n\n\n\n<p class=\"wp-block-paragraph\">&#8220;Nuk mund ta imagjinoj investitor\u00eb nd\u00ebrkomb\u00ebtar\u00eb q\u00eb t\u00eb marrin pjes\u00eb n\u00eb nj\u00eb ceremoni inaugurimi me ministrin-president t\u00eb AfD-s\u00eb p\u00ebr t\u00eb ngritur fabrika t\u00eb reja dhe p\u00ebr t\u00eb krijuar biznese t\u00eb reja n\u00eb Saksoni-Anhalt&#8221;, tha ai n\u00eb nj\u00eb intervist\u00eb me transmetuesin publik ARD.<\/p>\n\n\n\n<p class=\"wp-block-paragraph\">Ai tha se shteti do t\u00eb p\u00ebsoj\u00eb d\u00ebme t\u00eb m\u00ebdha.<\/p>\n\n\n\n<p class=\"wp-block-paragraph\">&#8220;Megjithat\u00eb, ky \u00ebsht\u00eb nj\u00eb vendim p\u00ebr votuesit n\u00eb Saksoni-Anhalt. Shteti do t\u00eb p\u00ebsoj\u00eb d\u00ebme t\u00eb konsiderueshme n\u00ebse gj\u00ebrat shkojn\u00eb ashtu si\u00e7 kemi frik\u00eb se mund t\u00eb shkojn\u00eb&#8221;, tha Merz.<\/p>\n\n\n\n<p class=\"wp-block-paragraph\">Partia anti-imigrante AfD, ose Alternativa p\u00ebr Gjermanin\u00eb, aktualisht ka nj\u00eb ep\u00ebrsi t\u00eb fort\u00eb n\u00eb sondazhet e opinionit, me 42% krahasuar me 22% p\u00ebr Kristian Demokrat\u00ebt konservator\u00eb t\u00eb Merz, sipas nj\u00eb sondazhi t\u00eb koh\u00ebve t\u00eb fundit.<\/p>\n\n\n\n<p class=\"wp-block-paragraph\">N\u00ebse ky nivel mb\u00ebshtetjeje mbetet i pandryshuar deri n\u00eb zgjedhjet e 6 shtatorit, AfD ka t\u00eb ngjar\u00eb t\u00eb jet\u00eb af\u00ebr shumic\u00ebs absolute t\u00eb vendeve n\u00eb parlamentin e shtetit. Por rezultati i votimit mund t\u00eb varet n\u00ebse partit\u00eb m\u00eb t\u00eb vogla kalojn\u00eb pragun prej 5% t\u00eb nevojsh\u00ebm p\u00ebr t\u00eb hyr\u00eb n\u00eb parlament.<\/p>\n\n\n\n<p class=\"wp-block-paragraph\">T\u00eb gjitha partit\u00eb kryesore kan\u00eb njoftuar se nuk do t\u00eb hyjn\u00eb n\u00eb nj\u00eb koalicion me AfD-n\u00eb, q\u00eb do t\u00eb thot\u00eb se kryeministri aktual i shtetit nga Partia Kristian Demokratike, Sven Schulze, mund t\u00eb p\u00ebrpiqet t\u00eb nd\u00ebrtoj\u00eb koalicionin e tij ose t\u00eb formoj\u00eb nj\u00eb qeveri minoritare brenda nj\u00eb forme marr\u00ebveshjeje bashk\u00ebpunimi me partit\u00eb e tjera.<\/p>\n\n\n\n<p class=\"wp-block-paragraph\">Merz, i cili ka p\u00ebrjashtuar vazhdimisht bashk\u00ebpunimin si me AfD-n\u00eb ashtu edhe me partin\u00eb e majt\u00eb ekstreme, refuzoi t\u00eb thoshte se \u00e7far\u00eb do t\u00eb b\u00ebnte CDU n\u00ebse AfD nuk fitonte shumic\u00ebn absolute.<\/p>\n\n\n\n<p class=\"wp-block-paragraph\">&#8220;Ne do ta vler\u00ebsojm\u00eb situat\u00ebn n\u00eb drit\u00ebn e rezultateve t\u00eb zgjedhjeve dhe do t\u00eb b\u00ebjm\u00eb gjith\u00e7ka q\u00eb mundemi p\u00ebr t\u00eb parandaluar q\u00eb Saksonia-Anhalt t\u00eb bjer\u00eb n\u00eb duart e radikal\u00ebve&#8221;, tha ai.<\/p>\n","protected":false},"excerpt":{"rendered":"<p>Kancelari gjerman Friedrich Merz tha t\u00eb diel\u00ebn se nj\u00eb fitore e partis\u00eb s\u00eb ekstremit t\u00eb djatht\u00eb AfD n\u00eb zgjedhjet rajonale jav\u00ebn e ardhshme n\u00eb shtetin e Saksonis\u00eb-Anhalt do t\u00eb d\u00ebmtonte shtetin lindor dhe do t\u00eb dekurajonte kompanit\u00eb e huaja nga investimi n\u00eb vend. N\u00eb nj\u00eb intervist\u00eb me ARD, Merz tha se nuk mund t\u2019i imagjinonte [&hellip;]<\/p>\n","protected":false},"author":4,"featured_media":30132,"comment_status":"open","ping_status":"open","sticky":false,"template":"","format":"standard","meta":{"footnotes":""},"categories":[33,30],"tags":[],"class_list":["post-30131","post","type-post","status-publish","format-standard","has-post-thumbnail","category-bote","category-lajme"],"yoast_head":"<!-- This site is optimized with the Yoast SEO plugin v27.4 - https:\/\/yoast.com\/product\/yoast-seo-wordpress\/ -->\n<title>Merz i frik\u00ebsuar p\u00ebrpara zgjedhjeve n\u00eb shtetin gjerman: &quot;Nuk mund t&#039;i imagjinoj pasojat e skenarit n\u00ebse fiton AfD&quot; - Kosova Times<\/title>\n<meta name=\"robots\" content=\"index, follow, max-snippet:-1, max-image-preview:large, max-video-preview:-1\" \/>\n<link rel=\"canonical\" href=\"https:\/\/kosovatimes.info\/index.php\/2026\/08\/30\/merz-i-frikesuar-perpara-zgjedhjeve-ne-shtetin-gjerman-nuk-mund-ti-imagjinoj-pasojat-e-skenarit-nese-fiton-afd\/\" \/>\n<meta property=\"og:locale\" content=\"en_US\" \/>\n<meta property=\"og:type\" content=\"article\" \/>\n<meta property=\"og:title\" content=\"Merz i frik\u00ebsuar p\u00ebrpara zgjedhjeve n\u00eb shtetin gjerman: &quot;Nuk mund t&#039;i imagjinoj pasojat e skenarit n\u00ebse fiton AfD&quot; - Kosova Times\" \/>\n<meta property=\"og:description\" content=\"Kancelari gjerman Friedrich Merz tha t\u00eb diel\u00ebn se nj\u00eb fitore e partis\u00eb s\u00eb ekstremit t\u00eb djatht\u00eb AfD n\u00eb zgjedhjet rajonale jav\u00ebn e ardhshme n\u00eb shtetin e Saksonis\u00eb-Anhalt do t\u00eb d\u00ebmtonte shtetin lindor dhe do t\u00eb dekurajonte kompanit\u00eb e huaja nga investimi n\u00eb vend. N\u00eb nj\u00eb intervist\u00eb me ARD, Merz tha se nuk mund t\u2019i imagjinonte [&hellip;]\" \/>\n<meta property=\"og:url\" content=\"https:\/\/kosovatimes.info\/index.php\/2026\/08\/30\/merz-i-frikesuar-perpara-zgjedhjeve-ne-shtetin-gjerman-nuk-mund-ti-imagjinoj-pasojat-e-skenarit-nese-fiton-afd\/\" \/>\n<meta property=\"og:site_name\" content=\"Kosova Times\" \/>\n<meta property=\"article:published_time\" content=\"2026-08-30T20:20:44+00:00\" \/>\n<meta property=\"article:modified_time\" content=\"2026-08-30T20:20:45+00:00\" \/>\n<meta property=\"og:image\" content=\"https:\/\/kosovatimes.info\/wp-content\/uploads\/2026\/08\/Merc-1024x576.png\" \/>\n\t<meta property=\"og:image:width\" content=\"1024\" \/>\n\t<meta property=\"og:image:height\" content=\"576\" \/>\n\t<meta property=\"og:image:type\" content=\"image\/png\" \/>\n<meta name=\"author\" content=\"i l\" \/>\n<meta name=\"twitter:card\" content=\"summary_large_image\" \/>\n<meta name=\"twitter:label1\" content=\"Written by\" \/>\n\t<meta name=\"twitter:data1\" content=\"i l\" \/>\n\t<meta name=\"twitter:label2\" content=\"Est. reading time\" \/>\n\t<meta name=\"twitter:data2\" content=\"2 minutes\" \/>\n<script type=\"application\/ld+json\" class=\"yoast-schema-graph\">{\"@context\":\"https:\\\/\\\/schema.org\",\"@graph\":[{\"@type\":\"Article\",\"@id\":\"https:\\\/\\\/kosovatimes.info\\\/index.php\\\/2026\\\/08\\\/30\\\/merz-i-frikesuar-perpara-zgjedhjeve-ne-shtetin-gjerman-nuk-mund-ti-imagjinoj-pasojat-e-skenarit-nese-fiton-afd\\\/#article\",\"isPartOf\":{\"@id\":\"https:\\\/\\\/kosovatimes.info\\\/index.php\\\/2026\\\/08\\\/30\\\/merz-i-frikesuar-perpara-zgjedhjeve-ne-shtetin-gjerman-nuk-mund-ti-imagjinoj-pasojat-e-skenarit-nese-fiton-afd\\\/\"},\"author\":{\"name\":\"i l\",\"@id\":\"https:\\\/\\\/kosovatimes.info\\\/#\\\/schema\\\/person\\\/7586712b9c512fe68085de007378c915\"},\"headline\":\"Merz i frik\u00ebsuar p\u00ebrpara zgjedhjeve n\u00eb shtetin gjerman: &#8220;Nuk mund t&#8217;i imagjinoj pasojat e skenarit n\u00ebse fiton AfD&#8221;\",\"datePublished\":\"2026-08-30T20:20:44+00:00\",\"dateModified\":\"2026-08-30T20:20:45+00:00\",\"mainEntityOfPage\":{\"@id\":\"https:\\\/\\\/kosovatimes.info\\\/index.php\\\/2026\\\/08\\\/30\\\/merz-i-frikesuar-perpara-zgjedhjeve-ne-shtetin-gjerman-nuk-mund-ti-imagjinoj-pasojat-e-skenarit-nese-fiton-afd\\\/\"},\"wordCount\":406,\"commentCount\":0,\"image\":{\"@id\":\"https:\\\/\\\/kosovatimes.info\\\/index.php\\\/2026\\\/08\\\/30\\\/merz-i-frikesuar-perpara-zgjedhjeve-ne-shtetin-gjerman-nuk-mund-ti-imagjinoj-pasojat-e-skenarit-nese-fiton-afd\\\/#primaryimage\"},\"thumbnailUrl\":\"https:\\\/\\\/kosovatimes.info\\\/wp-content\\\/uploads\\\/2026\\\/08\\\/Merc.png\",\"articleSection\":[\"Bot\u00eb\",\"Lajme\"],\"inLanguage\":\"en-US\",\"potentialAction\":[{\"@type\":\"CommentAction\",\"name\":\"Comment\",\"target\":[\"https:\\\/\\\/kosovatimes.info\\\/index.php\\\/2026\\\/08\\\/30\\\/merz-i-frikesuar-perpara-zgjedhjeve-ne-shtetin-gjerman-nuk-mund-ti-imagjinoj-pasojat-e-skenarit-nese-fiton-afd\\\/#respond\"]}]},{\"@type\":\"WebPage\",\"@id\":\"https:\\\/\\\/kosovatimes.info\\\/index.php\\\/2026\\\/08\\\/30\\\/merz-i-frikesuar-perpara-zgjedhjeve-ne-shtetin-gjerman-nuk-mund-ti-imagjinoj-pasojat-e-skenarit-nese-fiton-afd\\\/\",\"url\":\"https:\\\/\\\/kosovatimes.info\\\/index.php\\\/2026\\\/08\\\/30\\\/merz-i-frikesuar-perpara-zgjedhjeve-ne-shtetin-gjerman-nuk-mund-ti-imagjinoj-pasojat-e-skenarit-nese-fiton-afd\\\/\",\"name\":\"Merz i frik\u00ebsuar p\u00ebrpara zgjedhjeve n\u00eb shtetin gjerman: \\\"Nuk mund t'i imagjinoj pasojat e skenarit n\u00ebse fiton AfD\\\" - Kosova Times\",\"isPartOf\":{\"@id\":\"https:\\\/\\\/kosovatimes.info\\\/#website\"},\"primaryImageOfPage\":{\"@id\":\"https:\\\/\\\/kosovatimes.info\\\/index.php\\\/2026\\\/08\\\/30\\\/merz-i-frikesuar-perpara-zgjedhjeve-ne-shtetin-gjerman-nuk-mund-ti-imagjinoj-pasojat-e-skenarit-nese-fiton-afd\\\/#primaryimage\"},\"image\":{\"@id\":\"https:\\\/\\\/kosovatimes.info\\\/index.php\\\/2026\\\/08\\\/30\\\/merz-i-frikesuar-perpara-zgjedhjeve-ne-shtetin-gjerman-nuk-mund-ti-imagjinoj-pasojat-e-skenarit-nese-fiton-afd\\\/#primaryimage\"},\"thumbnailUrl\":\"https:\\\/\\\/kosovatimes.info\\\/wp-content\\\/uploads\\\/2026\\\/08\\\/Merc.png\",\"datePublished\":\"2026-08-30T20:20:44+00:00\",\"dateModified\":\"2026-08-30T20:20:45+00:00\",\"author\":{\"@id\":\"https:\\\/\\\/kosovatimes.info\\\/#\\\/schema\\\/person\\\/7586712b9c512fe68085de007378c915\"},\"breadcrumb\":{\"@id\":\"https:\\\/\\\/kosovatimes.info\\\/index.php\\\/2026\\\/08\\\/30\\\/merz-i-frikesuar-perpara-zgjedhjeve-ne-shtetin-gjerman-nuk-mund-ti-imagjinoj-pasojat-e-skenarit-nese-fiton-afd\\\/#breadcrumb\"},\"inLanguage\":\"en-US\",\"potentialAction\":[{\"@type\":\"ReadAction\",\"target\":[\"https:\\\/\\\/kosovatimes.info\\\/index.php\\\/2026\\\/08\\\/30\\\/merz-i-frikesuar-perpara-zgjedhjeve-ne-shtetin-gjerman-nuk-mund-ti-imagjinoj-pasojat-e-skenarit-nese-fiton-afd\\\/\"]}]},{\"@type\":\"ImageObject\",\"inLanguage\":\"en-US\",\"@id\":\"https:\\\/\\\/kosovatimes.info\\\/index.php\\\/2026\\\/08\\\/30\\\/merz-i-frikesuar-perpara-zgjedhjeve-ne-shtetin-gjerman-nuk-mund-ti-imagjinoj-pasojat-e-skenarit-nese-fiton-afd\\\/#primaryimage\",\"url\":\"https:\\\/\\\/kosovatimes.info\\\/wp-content\\\/uploads\\\/2026\\\/08\\\/Merc.png\",\"contentUrl\":\"https:\\\/\\\/kosovatimes.info\\\/wp-content\\\/uploads\\\/2026\\\/08\\\/Merc.png\",\"width\":1920,\"height\":1080},{\"@type\":\"BreadcrumbList\",\"@id\":\"https:\\\/\\\/kosovatimes.info\\\/index.php\\\/2026\\\/08\\\/30\\\/merz-i-frikesuar-perpara-zgjedhjeve-ne-shtetin-gjerman-nuk-mund-ti-imagjinoj-pasojat-e-skenarit-nese-fiton-afd\\\/#breadcrumb\",\"itemListElement\":[{\"@type\":\"ListItem\",\"position\":1,\"name\":\"Home\",\"item\":\"https:\\\/\\\/kosovatimes.info\\\/\"},{\"@type\":\"ListItem\",\"position\":2,\"name\":\"Merz i frik\u00ebsuar p\u00ebrpara zgjedhjeve n\u00eb shtetin gjerman: &#8220;Nuk mund t&#8217;i imagjinoj pasojat e skenarit n\u00ebse fiton AfD&#8221;\"}]},{\"@type\":\"WebSite\",\"@id\":\"https:\\\/\\\/kosovatimes.info\\\/#website\",\"url\":\"https:\\\/\\\/kosovatimes.info\\\/\",\"name\":\"Kosova Times\",\"description\":\"\",\"potentialAction\":[{\"@type\":\"SearchAction\",\"target\":{\"@type\":\"EntryPoint\",\"urlTemplate\":\"https:\\\/\\\/kosovatimes.info\\\/?s={search_term_string}\"},\"query-input\":{\"@type\":\"PropertyValueSpecification\",\"valueRequired\":true,\"valueName\":\"search_term_string\"}}],\"inLanguage\":\"en-US\"},{\"@type\":\"Person\",\"@id\":\"https:\\\/\\\/kosovatimes.info\\\/#\\\/schema\\\/person\\\/7586712b9c512fe68085de007378c915\",\"name\":\"i l\",\"image\":{\"@type\":\"ImageObject\",\"inLanguage\":\"en-US\",\"@id\":\"https:\\\/\\\/secure.gravatar.com\\\/avatar\\\/bad9296e02816160ae2e2435beda58222022298d5625d49fea74d18816fbb31d?s=96&d=mm&r=g\",\"url\":\"https:\\\/\\\/secure.gravatar.com\\\/avatar\\\/bad9296e02816160ae2e2435beda58222022298d5625d49fea74d18816fbb31d?s=96&d=mm&r=g\",\"contentUrl\":\"https:\\\/\\\/secure.gravatar.com\\\/avatar\\\/bad9296e02816160ae2e2435beda58222022298d5625d49fea74d18816fbb31d?s=96&d=mm&r=g\",\"caption\":\"i l\"},\"url\":\"https:\\\/\\\/kosovatimes.info\\\/index.php\\\/author\\\/iliri\\\/\"}]}<\/script>\n<!-- \/ Yoast SEO plugin. -->","yoast_head_json":{"title":"Merz i frik\u00ebsuar p\u00ebrpara zgjedhjeve n\u00eb shtetin gjerman: \"Nuk mund t'i imagjinoj pasojat e skenarit n\u00ebse fiton AfD\" - Kosova Times","robots":{"index":"index","follow":"follow","max-snippet":"max-snippet:-1","max-image-preview":"max-image-preview:large","max-video-preview":"max-video-preview:-1"},"canonical":"https:\/\/kosovatimes.info\/index.php\/2026\/08\/30\/merz-i-frikesuar-perpara-zgjedhjeve-ne-shtetin-gjerman-nuk-mund-ti-imagjinoj-pasojat-e-skenarit-nese-fiton-afd\/","og_locale":"en_US","og_type":"article","og_title":"Merz i frik\u00ebsuar p\u00ebrpara zgjedhjeve n\u00eb shtetin gjerman: \"Nuk mund t'i imagjinoj pasojat e skenarit n\u00ebse fiton AfD\" - Kosova Times","og_description":"Kancelari gjerman Friedrich Merz tha t\u00eb diel\u00ebn se nj\u00eb fitore e partis\u00eb s\u00eb ekstremit t\u00eb djatht\u00eb AfD n\u00eb zgjedhjet rajonale jav\u00ebn e ardhshme n\u00eb shtetin e Saksonis\u00eb-Anhalt do t\u00eb d\u00ebmtonte shtetin lindor dhe do t\u00eb dekurajonte kompanit\u00eb e huaja nga investimi n\u00eb vend. N\u00eb nj\u00eb intervist\u00eb me ARD, Merz tha se nuk mund t\u2019i imagjinonte [&hellip;]","og_url":"https:\/\/kosovatimes.info\/index.php\/2026\/08\/30\/merz-i-frikesuar-perpara-zgjedhjeve-ne-shtetin-gjerman-nuk-mund-ti-imagjinoj-pasojat-e-skenarit-nese-fiton-afd\/","og_site_name":"Kosova Times","article_published_time":"2026-08-30T20:20:44+00:00","article_modified_time":"2026-08-30T20:20:45+00:00","og_image":[{"width":1024,"height":576,"url":"https:\/\/kosovatimes.info\/wp-content\/uploads\/2026\/08\/Merc-1024x576.png","type":"image\/png"}],"author":"i l","twitter_card":"summary_large_image","twitter_misc":{"Written by":"i l","Est. reading time":"2 minutes"},"schema":{"@context":"https:\/\/schema.org","@graph":[{"@type":"Article","@id":"https:\/\/kosovatimes.info\/index.php\/2026\/08\/30\/merz-i-frikesuar-perpara-zgjedhjeve-ne-shtetin-gjerman-nuk-mund-ti-imagjinoj-pasojat-e-skenarit-nese-fiton-afd\/#article","isPartOf":{"@id":"https:\/\/kosovatimes.info\/index.php\/2026\/08\/30\/merz-i-frikesuar-perpara-zgjedhjeve-ne-shtetin-gjerman-nuk-mund-ti-imagjinoj-pasojat-e-skenarit-nese-fiton-afd\/"},"author":{"name":"i l","@id":"https:\/\/kosovatimes.info\/#\/schema\/person\/7586712b9c512fe68085de007378c915"},"headline":"Merz i frik\u00ebsuar p\u00ebrpara zgjedhjeve n\u00eb shtetin gjerman: &#8220;Nuk mund t&#8217;i imagjinoj pasojat e skenarit n\u00ebse fiton AfD&#8221;","datePublished":"2026-08-30T20:20:44+00:00","dateModified":"2026-08-30T20:20:45+00:00","mainEntityOfPage":{"@id":"https:\/\/kosovatimes.info\/index.php\/2026\/08\/30\/merz-i-frikesuar-perpara-zgjedhjeve-ne-shtetin-gjerman-nuk-mund-ti-imagjinoj-pasojat-e-skenarit-nese-fiton-afd\/"},"wordCount":406,"commentCount":0,"image":{"@id":"https:\/\/kosovatimes.info\/index.php\/2026\/08\/30\/merz-i-frikesuar-perpara-zgjedhjeve-ne-shtetin-gjerman-nuk-mund-ti-imagjinoj-pasojat-e-skenarit-nese-fiton-afd\/#primaryimage"},"thumbnailUrl":"https:\/\/kosovatimes.info\/wp-content\/uploads\/2026\/08\/Merc.png","articleSection":["Bot\u00eb","Lajme"],"inLanguage":"en-US","potentialAction":[{"@type":"CommentAction","name":"Comment","target":["https:\/\/kosovatimes.info\/index.php\/2026\/08\/30\/merz-i-frikesuar-perpara-zgjedhjeve-ne-shtetin-gjerman-nuk-mund-ti-imagjinoj-pasojat-e-skenarit-nese-fiton-afd\/#respond"]}]},{"@type":"WebPage","@id":"https:\/\/kosovatimes.info\/index.php\/2026\/08\/30\/merz-i-frikesuar-perpara-zgjedhjeve-ne-shtetin-gjerman-nuk-mund-ti-imagjinoj-pasojat-e-skenarit-nese-fiton-afd\/","url":"https:\/\/kosovatimes.info\/index.php\/2026\/08\/30\/merz-i-frikesuar-perpara-zgjedhjeve-ne-shtetin-gjerman-nuk-mund-ti-imagjinoj-pasojat-e-skenarit-nese-fiton-afd\/","name":"Merz i frik\u00ebsuar p\u00ebrpara zgjedhjeve n\u00eb shtetin gjerman: \"Nuk mund t'i imagjinoj pasojat e skenarit n\u00ebse fiton AfD\" - Kosova Times","isPartOf":{"@id":"https:\/\/kosovatimes.info\/#website"},"primaryImageOfPage":{"@id":"https:\/\/kosovatimes.info\/index.php\/2026\/08\/30\/merz-i-frikesuar-perpara-zgjedhjeve-ne-shtetin-gjerman-nuk-mund-ti-imagjinoj-pasojat-e-skenarit-nese-fiton-afd\/#primaryimage"},"image":{"@id":"https:\/\/kosovatimes.info\/index.php\/2026\/08\/30\/merz-i-frikesuar-perpara-zgjedhjeve-ne-shtetin-gjerman-nuk-mund-ti-imagjinoj-pasojat-e-skenarit-nese-fiton-afd\/#primaryimage"},"thumbnailUrl":"https:\/\/kosovatimes.info\/wp-content\/uploads\/2026\/08\/Merc.png","datePublished":"2026-08-30T20:20:44+00:00","dateModified":"2026-08-30T20:20:45+00:00","author":{"@id":"https:\/\/kosovatimes.info\/#\/schema\/person\/7586712b9c512fe68085de007378c915"},"breadcrumb":{"@id":"https:\/\/kosovatimes.info\/index.php\/2026\/08\/30\/merz-i-frikesuar-perpara-zgjedhjeve-ne-shtetin-gjerman-nuk-mund-ti-imagjinoj-pasojat-e-skenarit-nese-fiton-afd\/#breadcrumb"},"inLanguage":"en-US","potentialAction":[{"@type":"ReadAction","target":["https:\/\/kosovatimes.info\/index.php\/2026\/08\/30\/merz-i-frikesuar-perpara-zgjedhjeve-ne-shtetin-gjerman-nuk-mund-ti-imagjinoj-pasojat-e-skenarit-nese-fiton-afd\/"]}]},{"@type":"ImageObject","inLanguage":"en-US","@id":"https:\/\/kosovatimes.info\/index.php\/2026\/08\/30\/merz-i-frikesuar-perpara-zgjedhjeve-ne-shtetin-gjerman-nuk-mund-ti-imagjinoj-pasojat-e-skenarit-nese-fiton-afd\/#primaryimage","url":"https:\/\/kosovatimes.info\/wp-content\/uploads\/2026\/08\/Merc.png","contentUrl":"https:\/\/kosovatimes.info\/wp-content\/uploads\/2026\/08\/Merc.png","width":1920,"height":1080},{"@type":"BreadcrumbList","@id":"https:\/\/kosovatimes.info\/index.php\/2026\/08\/30\/merz-i-frikesuar-perpara-zgjedhjeve-ne-shtetin-gjerman-nuk-mund-ti-imagjinoj-pasojat-e-skenarit-nese-fiton-afd\/#breadcrumb","itemListElement":[{"@type":"ListItem","position":1,"name":"Home","item":"https:\/\/kosovatimes.info\/"},{"@type":"ListItem","position":2,"name":"Merz i frik\u00ebsuar p\u00ebrpara zgjedhjeve n\u00eb shtetin gjerman: &#8220;Nuk mund t&#8217;i imagjinoj pasojat e skenarit n\u00ebse fiton AfD&#8221;"}]},{"@type":"WebSite","@id":"https:\/\/kosovatimes.info\/#website","url":"https:\/\/kosovatimes.info\/","name":"Kosova Times","description":"","potentialAction":[{"@type":"SearchAction","target":{"@type":"EntryPoint","urlTemplate":"https:\/\/kosovatimes.info\/?s={search_term_string}"},"query-input":{"@type":"PropertyValueSpecification","valueRequired":true,"valueName":"search_term_string"}}],"inLanguage":"en-US"},{"@type":"Person","@id":"https:\/\/kosovatimes.info\/#\/schema\/person\/7586712b9c512fe68085de007378c915","name":"i l","image":{"@type":"ImageObject","inLanguage":"en-US","@id":"https:\/\/secure.gravatar.com\/avatar\/bad9296e02816160ae2e2435beda58222022298d5625d49fea74d18816fbb31d?s=96&d=mm&r=g","url":"https:\/\/secure.gravatar.com\/avatar\/bad9296e02816160ae2e2435beda58222022298d5625d49fea74d18816fbb31d?s=96&d=mm&r=g","contentUrl":"https:\/\/secure.gravatar.com\/avatar\/bad9296e02816160ae2e2435beda58222022298d5625d49fea74d18816fbb31d?s=96&d=mm&r=g","caption":"i l"},"url":"https:\/\/kosovatimes.info\/index.php\/author\/iliri\/"}]}},"_links":{"self":[{"href":"https:\/\/kosovatimes.info\/index.php\/wp-json\/wp\/v2\/posts\/30131","targetHints":{"allow":["GET"]}}],"collection":[{"href":"https:\/\/kosovatimes.info\/index.php\/wp-json\/wp\/v2\/posts"}],"about":[{"href":"https:\/\/kosovatimes.info\/index.php\/wp-json\/wp\/v2\/types\/post"}],"author":[{"embeddable":true,"href":"https:\/\/kosovatimes.info\/index.php\/wp-json\/wp\/v2\/users\/4"}],"replies":[{"embeddable":true,"href":"https:\/\/kosovatimes.info\/index.php\/wp-json\/wp\/v2\/comments?post=30131"}],"version-history":[{"count":1,"href":"https:\/\/kosovatimes.info\/index.php\/wp-json\/wp\/v2\/posts\/30131\/revisions"}],"predecessor-version":[{"id":30133,"href":"https:\/\/kosovatimes.info\/index.php\/wp-json\/wp\/v2\/posts\/30131\/revisions\/30133"}],"wp:featuredmedia":[{"embeddable":true,"href":"https:\/\/kosovatimes.info\/index.php\/wp-json\/wp\/v2\/media\/30132"}],"wp:attachment":[{"href":"https:\/\/kosovatimes.info\/index.php\/wp-json\/wp\/v2\/media?parent=30131"}],"wp:term":[{"taxonomy":"category","embeddable":true,"href":"https:\/\/kosovatimes.info\/index.php\/wp-json\/wp\/v2\/categories?post=30131"},{"taxonomy":"post_tag","embeddable":true,"href":"https:\/\/kosovatimes.info\/index.php\/wp-json\/wp\/v2\/tags?post=30131"}],"curies":[{"name":"wp","href":"https:\/\/api.w.org\/{rel}","templated":true}]}}