{"id":30134,"date":"2026-08-30T22:32:01","date_gmt":"2026-08-30T20:32:01","guid":{"rendered":"https:\/\/kosovatimes.info\/?p=30134"},"modified":"2026-08-30T22:32:02","modified_gmt":"2026-08-30T20:32:02","slug":"silvano-loia-menaxheri-i-rai-dhe-partneri-i-aktores-francesca-neri-u-mbyt","status":"publish","type":"post","link":"https:\/\/kosovatimes.info\/index.php\/2026\/08\/30\/silvano-loia-menaxheri-i-rai-dhe-partneri-i-aktores-francesca-neri-u-mbyt\/","title":{"rendered":"Silvano Loia, menaxheri i Rai dhe partneri i aktores Francesca Neri, u mbyt"},"content":{"rendered":"\n<p class=\"wp-block-paragraph\">Silvano Loia, 52 vje\u00e7, menaxher i Rai Way dhe partner i aktores Francesca Neri, u mbyt n\u00eb detin midis Tarquinia dhe Montalto di Castro, n\u00eb bregdetin e Viterbos.<\/p>\n\n\n\n<h2 class=\"wp-block-heading\">\u00c7far\u00eb ndodhi<\/h2>\n\n\n\n<p class=\"wp-block-paragraph\">Tragjedia ndodhi dje n\u00eb Montalto di Castro, pran\u00eb rezervatit Sant&#8217;Agostino, nj\u00eb ferm\u00eb me pamje nga deti.<\/p>\n\n\n\n<p class=\"wp-block-paragraph\">Miqt\u00eb e burrit ngrit\u00ebn alarmin, t\u00eb shqet\u00ebsuar sepse ai nuk ishte kthyer pas disa or\u00ebsh.<\/p>\n\n\n\n<p class=\"wp-block-paragraph\">N\u00eb at\u00eb pik\u00eb, operacioni i shp\u00ebtimit filloi t\u00eb ec\u00eb p\u00ebrpara dhe ajo q\u00eb mund t\u00eb dukej si nj\u00eb vones\u00eb e thjesht\u00eb p\u00ebr nj\u00eb sh\u00ebtitje t\u00eb gjat\u00eb p\u00ebrgjat\u00eb bregut u shnd\u00ebrrua n\u00eb nj\u00eb k\u00ebrkim p\u00ebr nj\u00eb burr\u00eb t\u00eb zhdukur, me anije zjarrfik\u00ebse, roje bregdetare dhe nj\u00eb helikopter q\u00eb kontrollonin zon\u00ebn hap pas hapi.<\/p>\n\n\n\n<p class=\"wp-block-paragraph\">Pastaj, n\u00eb or\u00ebn 7:00 t\u00eb mbr\u00ebmjes, nj\u00eb distanc\u00eb t\u00eb shkurt\u00ebr nga vendi ku ai ishte larguar, u b\u00eb zbulimi tragjik: trupi i pajet\u00eb i menaxherit t\u00eb Rai Way u pa disa metra n\u00ebn sip\u00ebrfaqe pran\u00eb bregut p\u00ebrpara pron\u00ebs. Teoria m\u00eb e mundshme p\u00ebr vdekjen e Loias p\u00ebr momentin \u00ebsht\u00eb se ai u s\u00ebmur, por \u00ebsht\u00eb ende e paqart\u00eb n\u00ebse ai hyri n\u00eb uj\u00eb p\u00ebr t\u00eb notuar gjat\u00eb sh\u00ebtitjes s\u00eb tij apo n\u00ebse u s\u00ebmur n\u00eb breg dhe m\u00eb pas u rr\u00ebmbye n\u00eb uj\u00eb nga rryma.<\/p>\n\n\n\n<p class=\"wp-block-paragraph\">Trupi i tij i \u00ebsht\u00eb kthyer familjes dhe aktualisht ndodhet n\u00eb morgun bashkiak t\u00eb Montalto di Castro, duke pritur transportimin p\u00ebr n\u00eb Rom\u00eb p\u00ebr funeralin. Nd\u00ebrkoh\u00eb, mesazhe ngush\u00ebllimi po v\u00ebrshojn\u00eb p\u00ebr ndarjen tragjike nga jeta t\u00eb menaxherit.<\/p>\n\n\n\n<h2 class=\"wp-block-heading\">Dhimbja e miqve n\u00eb rrjetet sociale<\/h2>\n\n\n\n<p class=\"wp-block-paragraph\">Miqt\u00eb ndan\u00eb kujtimet e tyre n\u00eb rrjetet sociale: &#8220;Ishte vera e vitit &#8217;91, hera e fundit q\u00eb ishim t\u00eb gjith\u00eb bashk\u00eb&#8221;, shkroi Donato. &#8220;Q\u00eb at\u00ebher\u00eb, jemi par\u00eb disa her\u00eb, por si t\u00eb gjitha aventurat rinore, ajo e shkoll\u00ebs mbetet m\u00eb e bukura dhe m\u00eb intensivja, ajo q\u00eb e mban gjithmon\u00eb me vete. Kaq shum\u00eb kujtime rishfaqen sot, t\u00eb nxitura n\u00eb m\u00ebnyr\u00eb vullkanike nga emocioni i zbulimit se Silvano ishte tani i pari n\u00eb klas\u00ebn e tij q\u00eb nuk ishte m\u00eb n\u00eb gjendje t&#8217;u p\u00ebrgjigjej mesazheve n\u00eb WhatsApp.&#8221;<\/p>\n\n\n\n<p class=\"wp-block-paragraph\">Dhe p\u00ebrs\u00ebri: &#8220;P\u00ebrsh\u00ebndetje Silvano, shpresoj t\u00eb marr\u00ebsh p\u00ebrsh\u00ebndetjet tona dhe t\u00eb gjitha ato emocione dhe kujtime t\u00eb atyre viteve t\u00eb mrekullueshme dhe mbi t\u00eb gjitha pa shqet\u00ebsime, nj\u00eb koh\u00eb kur sigurisht nuk e imagjinonim kurr\u00eb se nj\u00eb dit\u00eb si kjo mund t\u00eb ekzistonte.&#8221; Bashkia e Montalto di Castro shprehu gjithashtu ngush\u00ebllimet e saj p\u00ebr ndarjen nga jeta t\u00eb Loias dhe t\u00eb nj\u00eb gruaje 55-vje\u00e7are q\u00eb vdiq gjithashtu dje p\u00ebr shkak t\u00eb s\u00ebmundjes n\u00eb plazh. &#8220;Ishte nj\u00eb dit\u00eb tragjike p\u00ebr qytetin ton\u00eb&#8221;, thuhet n\u00eb nj\u00eb postim t\u00eb publikuar n\u00eb mediat sociale. &#8220;N\u00eb em\u00ebr t\u00eb t\u00eb gjith\u00eb Administrat\u00ebs, shprehim ngush\u00ebllimet tona t\u00eb sinqerta familjeve t\u00eb viktimave.&#8221;<\/p>\n\n\n\n<h2 class=\"wp-block-heading\">Ngush\u00ebllimet e Rai-t<\/h2>\n\n\n\n<p class=\"wp-block-paragraph\">&#8220;Bordi i Drejtor\u00ebve t\u00eb RAI-t dhe CEO Giampaolo Rossi shprehin ngush\u00ebllimet e tyre m\u00eb t\u00eb thella p\u00ebr k\u00ebt\u00eb ndarje tragjike nga jeta&#8221;, thuhet n\u00eb nj\u00eb deklarat\u00eb t\u00eb l\u00ebshuar nga menaxhmenti i lart\u00eb i kompanis\u00eb. &#8220;Ata i shprehin ngush\u00ebllimet e tyre t\u00eb ve\u00e7anta partneres s\u00eb Loia-s, Francesca Neri, dhe familjes s\u00eb tij, duke ndar\u00eb me ngush\u00ebllime t\u00eb sinqerta k\u00ebt\u00eb moment pik\u00ebllimi t\u00eb madh.&#8221;<\/p>\n","protected":false},"excerpt":{"rendered":"<p>Silvano Loia, 52 vje\u00e7, menaxher i Rai Way dhe partner i aktores Francesca Neri, u mbyt n\u00eb detin midis Tarquinia dhe Montalto di Castro, n\u00eb bregdetin e Viterbos. \u00c7far\u00eb ndodhi Tragjedia ndodhi dje n\u00eb Montalto di Castro, pran\u00eb rezervatit Sant&#8217;Agostino, nj\u00eb ferm\u00eb me pamje nga deti. Miqt\u00eb e burrit ngrit\u00ebn alarmin, t\u00eb shqet\u00ebsuar sepse ai [&hellip;]<\/p>\n","protected":false},"author":4,"featured_media":30135,"comment_status":"open","ping_status":"open","sticky":false,"template":"","format":"standard","meta":{"footnotes":""},"categories":[30,32],"tags":[],"class_list":["post-30134","post","type-post","status-publish","format-standard","has-post-thumbnail","category-lajme","category-rajon"],"yoast_head":"<!-- This site is optimized with the Yoast SEO plugin v27.4 - https:\/\/yoast.com\/product\/yoast-seo-wordpress\/ -->\n<title>Silvano Loia, menaxheri i Rai dhe partneri i aktores Francesca Neri, u mbyt - Kosova Times<\/title>\n<meta name=\"robots\" content=\"index, follow, max-snippet:-1, max-image-preview:large, max-video-preview:-1\" \/>\n<link rel=\"canonical\" href=\"https:\/\/kosovatimes.info\/index.php\/2026\/08\/30\/silvano-loia-menaxheri-i-rai-dhe-partneri-i-aktores-francesca-neri-u-mbyt\/\" \/>\n<meta property=\"og:locale\" content=\"en_US\" \/>\n<meta property=\"og:type\" content=\"article\" \/>\n<meta property=\"og:title\" content=\"Silvano Loia, menaxheri i Rai dhe partneri i aktores Francesca Neri, u mbyt - Kosova Times\" \/>\n<meta property=\"og:description\" content=\"Silvano Loia, 52 vje\u00e7, menaxher i Rai Way dhe partner i aktores Francesca Neri, u mbyt n\u00eb detin midis Tarquinia dhe Montalto di Castro, n\u00eb bregdetin e Viterbos. \u00c7far\u00eb ndodhi Tragjedia ndodhi dje n\u00eb Montalto di Castro, pran\u00eb rezervatit Sant&#8217;Agostino, nj\u00eb ferm\u00eb me pamje nga deti. Miqt\u00eb e burrit ngrit\u00ebn alarmin, t\u00eb shqet\u00ebsuar sepse ai [&hellip;]\" \/>\n<meta property=\"og:url\" content=\"https:\/\/kosovatimes.info\/index.php\/2026\/08\/30\/silvano-loia-menaxheri-i-rai-dhe-partneri-i-aktores-francesca-neri-u-mbyt\/\" \/>\n<meta property=\"og:site_name\" content=\"Kosova Times\" \/>\n<meta property=\"article:published_time\" content=\"2026-08-30T20:32:01+00:00\" \/>\n<meta property=\"article:modified_time\" content=\"2026-08-30T20:32:02+00:00\" \/>\n<meta property=\"og:image\" content=\"https:\/\/kosovatimes.info\/wp-content\/uploads\/2026\/08\/Silvano.webp\" \/>\n\t<meta property=\"og:image:width\" content=\"774\" \/>\n\t<meta property=\"og:image:height\" content=\"516\" \/>\n\t<meta property=\"og:image:type\" content=\"image\/webp\" \/>\n<meta name=\"author\" content=\"i l\" \/>\n<meta name=\"twitter:card\" content=\"summary_large_image\" \/>\n<meta name=\"twitter:label1\" content=\"Written by\" \/>\n\t<meta name=\"twitter:data1\" content=\"i l\" \/>\n\t<meta name=\"twitter:label2\" content=\"Est. reading time\" \/>\n\t<meta name=\"twitter:data2\" content=\"3 minutes\" \/>\n<script type=\"application\/ld+json\" class=\"yoast-schema-graph\">{\"@context\":\"https:\\\/\\\/schema.org\",\"@graph\":[{\"@type\":\"Article\",\"@id\":\"https:\\\/\\\/kosovatimes.info\\\/index.php\\\/2026\\\/08\\\/30\\\/silvano-loia-menaxheri-i-rai-dhe-partneri-i-aktores-francesca-neri-u-mbyt\\\/#article\",\"isPartOf\":{\"@id\":\"https:\\\/\\\/kosovatimes.info\\\/index.php\\\/2026\\\/08\\\/30\\\/silvano-loia-menaxheri-i-rai-dhe-partneri-i-aktores-francesca-neri-u-mbyt\\\/\"},\"author\":{\"name\":\"i l\",\"@id\":\"https:\\\/\\\/kosovatimes.info\\\/#\\\/schema\\\/person\\\/7586712b9c512fe68085de007378c915\"},\"headline\":\"Silvano Loia, menaxheri i Rai dhe partneri i aktores Francesca Neri, u mbyt\",\"datePublished\":\"2026-08-30T20:32:01+00:00\",\"dateModified\":\"2026-08-30T20:32:02+00:00\",\"mainEntityOfPage\":{\"@id\":\"https:\\\/\\\/kosovatimes.info\\\/index.php\\\/2026\\\/08\\\/30\\\/silvano-loia-menaxheri-i-rai-dhe-partneri-i-aktores-francesca-neri-u-mbyt\\\/\"},\"wordCount\":577,\"commentCount\":0,\"image\":{\"@id\":\"https:\\\/\\\/kosovatimes.info\\\/index.php\\\/2026\\\/08\\\/30\\\/silvano-loia-menaxheri-i-rai-dhe-partneri-i-aktores-francesca-neri-u-mbyt\\\/#primaryimage\"},\"thumbnailUrl\":\"https:\\\/\\\/kosovatimes.info\\\/wp-content\\\/uploads\\\/2026\\\/08\\\/Silvano.webp\",\"articleSection\":[\"Lajme\",\"Rajon\"],\"inLanguage\":\"en-US\",\"potentialAction\":[{\"@type\":\"CommentAction\",\"name\":\"Comment\",\"target\":[\"https:\\\/\\\/kosovatimes.info\\\/index.php\\\/2026\\\/08\\\/30\\\/silvano-loia-menaxheri-i-rai-dhe-partneri-i-aktores-francesca-neri-u-mbyt\\\/#respond\"]}]},{\"@type\":\"WebPage\",\"@id\":\"https:\\\/\\\/kosovatimes.info\\\/index.php\\\/2026\\\/08\\\/30\\\/silvano-loia-menaxheri-i-rai-dhe-partneri-i-aktores-francesca-neri-u-mbyt\\\/\",\"url\":\"https:\\\/\\\/kosovatimes.info\\\/index.php\\\/2026\\\/08\\\/30\\\/silvano-loia-menaxheri-i-rai-dhe-partneri-i-aktores-francesca-neri-u-mbyt\\\/\",\"name\":\"Silvano Loia, menaxheri i Rai dhe partneri i aktores Francesca Neri, u mbyt - Kosova Times\",\"isPartOf\":{\"@id\":\"https:\\\/\\\/kosovatimes.info\\\/#website\"},\"primaryImageOfPage\":{\"@id\":\"https:\\\/\\\/kosovatimes.info\\\/index.php\\\/2026\\\/08\\\/30\\\/silvano-loia-menaxheri-i-rai-dhe-partneri-i-aktores-francesca-neri-u-mbyt\\\/#primaryimage\"},\"image\":{\"@id\":\"https:\\\/\\\/kosovatimes.info\\\/index.php\\\/2026\\\/08\\\/30\\\/silvano-loia-menaxheri-i-rai-dhe-partneri-i-aktores-francesca-neri-u-mbyt\\\/#primaryimage\"},\"thumbnailUrl\":\"https:\\\/\\\/kosovatimes.info\\\/wp-content\\\/uploads\\\/2026\\\/08\\\/Silvano.webp\",\"datePublished\":\"2026-08-30T20:32:01+00:00\",\"dateModified\":\"2026-08-30T20:32:02+00:00\",\"author\":{\"@id\":\"https:\\\/\\\/kosovatimes.info\\\/#\\\/schema\\\/person\\\/7586712b9c512fe68085de007378c915\"},\"breadcrumb\":{\"@id\":\"https:\\\/\\\/kosovatimes.info\\\/index.php\\\/2026\\\/08\\\/30\\\/silvano-loia-menaxheri-i-rai-dhe-partneri-i-aktores-francesca-neri-u-mbyt\\\/#breadcrumb\"},\"inLanguage\":\"en-US\",\"potentialAction\":[{\"@type\":\"ReadAction\",\"target\":[\"https:\\\/\\\/kosovatimes.info\\\/index.php\\\/2026\\\/08\\\/30\\\/silvano-loia-menaxheri-i-rai-dhe-partneri-i-aktores-francesca-neri-u-mbyt\\\/\"]}]},{\"@type\":\"ImageObject\",\"inLanguage\":\"en-US\",\"@id\":\"https:\\\/\\\/kosovatimes.info\\\/index.php\\\/2026\\\/08\\\/30\\\/silvano-loia-menaxheri-i-rai-dhe-partneri-i-aktores-francesca-neri-u-mbyt\\\/#primaryimage\",\"url\":\"https:\\\/\\\/kosovatimes.info\\\/wp-content\\\/uploads\\\/2026\\\/08\\\/Silvano.webp\",\"contentUrl\":\"https:\\\/\\\/kosovatimes.info\\\/wp-content\\\/uploads\\\/2026\\\/08\\\/Silvano.webp\",\"width\":774,\"height\":516},{\"@type\":\"BreadcrumbList\",\"@id\":\"https:\\\/\\\/kosovatimes.info\\\/index.php\\\/2026\\\/08\\\/30\\\/silvano-loia-menaxheri-i-rai-dhe-partneri-i-aktores-francesca-neri-u-mbyt\\\/#breadcrumb\",\"itemListElement\":[{\"@type\":\"ListItem\",\"position\":1,\"name\":\"Home\",\"item\":\"https:\\\/\\\/kosovatimes.info\\\/\"},{\"@type\":\"ListItem\",\"position\":2,\"name\":\"Silvano Loia, menaxheri i Rai dhe partneri i aktores Francesca Neri, u mbyt\"}]},{\"@type\":\"WebSite\",\"@id\":\"https:\\\/\\\/kosovatimes.info\\\/#website\",\"url\":\"https:\\\/\\\/kosovatimes.info\\\/\",\"name\":\"Kosova Times\",\"description\":\"\",\"potentialAction\":[{\"@type\":\"SearchAction\",\"target\":{\"@type\":\"EntryPoint\",\"urlTemplate\":\"https:\\\/\\\/kosovatimes.info\\\/?s={search_term_string}\"},\"query-input\":{\"@type\":\"PropertyValueSpecification\",\"valueRequired\":true,\"valueName\":\"search_term_string\"}}],\"inLanguage\":\"en-US\"},{\"@type\":\"Person\",\"@id\":\"https:\\\/\\\/kosovatimes.info\\\/#\\\/schema\\\/person\\\/7586712b9c512fe68085de007378c915\",\"name\":\"i l\",\"image\":{\"@type\":\"ImageObject\",\"inLanguage\":\"en-US\",\"@id\":\"https:\\\/\\\/secure.gravatar.com\\\/avatar\\\/bad9296e02816160ae2e2435beda58222022298d5625d49fea74d18816fbb31d?s=96&d=mm&r=g\",\"url\":\"https:\\\/\\\/secure.gravatar.com\\\/avatar\\\/bad9296e02816160ae2e2435beda58222022298d5625d49fea74d18816fbb31d?s=96&d=mm&r=g\",\"contentUrl\":\"https:\\\/\\\/secure.gravatar.com\\\/avatar\\\/bad9296e02816160ae2e2435beda58222022298d5625d49fea74d18816fbb31d?s=96&d=mm&r=g\",\"caption\":\"i l\"},\"url\":\"https:\\\/\\\/kosovatimes.info\\\/index.php\\\/author\\\/iliri\\\/\"}]}<\/script>\n<!-- \/ Yoast SEO plugin. -->","yoast_head_json":{"title":"Silvano Loia, menaxheri i Rai dhe partneri i aktores Francesca Neri, u mbyt - Kosova Times","robots":{"index":"index","follow":"follow","max-snippet":"max-snippet:-1","max-image-preview":"max-image-preview:large","max-video-preview":"max-video-preview:-1"},"canonical":"https:\/\/kosovatimes.info\/index.php\/2026\/08\/30\/silvano-loia-menaxheri-i-rai-dhe-partneri-i-aktores-francesca-neri-u-mbyt\/","og_locale":"en_US","og_type":"article","og_title":"Silvano Loia, menaxheri i Rai dhe partneri i aktores Francesca Neri, u mbyt - Kosova Times","og_description":"Silvano Loia, 52 vje\u00e7, menaxher i Rai Way dhe partner i aktores Francesca Neri, u mbyt n\u00eb detin midis Tarquinia dhe Montalto di Castro, n\u00eb bregdetin e Viterbos. \u00c7far\u00eb ndodhi Tragjedia ndodhi dje n\u00eb Montalto di Castro, pran\u00eb rezervatit Sant&#8217;Agostino, nj\u00eb ferm\u00eb me pamje nga deti. Miqt\u00eb e burrit ngrit\u00ebn alarmin, t\u00eb shqet\u00ebsuar sepse ai [&hellip;]","og_url":"https:\/\/kosovatimes.info\/index.php\/2026\/08\/30\/silvano-loia-menaxheri-i-rai-dhe-partneri-i-aktores-francesca-neri-u-mbyt\/","og_site_name":"Kosova Times","article_published_time":"2026-08-30T20:32:01+00:00","article_modified_time":"2026-08-30T20:32:02+00:00","og_image":[{"width":774,"height":516,"url":"https:\/\/kosovatimes.info\/wp-content\/uploads\/2026\/08\/Silvano.webp","type":"image\/webp"}],"author":"i l","twitter_card":"summary_large_image","twitter_misc":{"Written by":"i l","Est. reading time":"3 minutes"},"schema":{"@context":"https:\/\/schema.org","@graph":[{"@type":"Article","@id":"https:\/\/kosovatimes.info\/index.php\/2026\/08\/30\/silvano-loia-menaxheri-i-rai-dhe-partneri-i-aktores-francesca-neri-u-mbyt\/#article","isPartOf":{"@id":"https:\/\/kosovatimes.info\/index.php\/2026\/08\/30\/silvano-loia-menaxheri-i-rai-dhe-partneri-i-aktores-francesca-neri-u-mbyt\/"},"author":{"name":"i l","@id":"https:\/\/kosovatimes.info\/#\/schema\/person\/7586712b9c512fe68085de007378c915"},"headline":"Silvano Loia, menaxheri i Rai dhe partneri i aktores Francesca Neri, u mbyt","datePublished":"2026-08-30T20:32:01+00:00","dateModified":"2026-08-30T20:32:02+00:00","mainEntityOfPage":{"@id":"https:\/\/kosovatimes.info\/index.php\/2026\/08\/30\/silvano-loia-menaxheri-i-rai-dhe-partneri-i-aktores-francesca-neri-u-mbyt\/"},"wordCount":577,"commentCount":0,"image":{"@id":"https:\/\/kosovatimes.info\/index.php\/2026\/08\/30\/silvano-loia-menaxheri-i-rai-dhe-partneri-i-aktores-francesca-neri-u-mbyt\/#primaryimage"},"thumbnailUrl":"https:\/\/kosovatimes.info\/wp-content\/uploads\/2026\/08\/Silvano.webp","articleSection":["Lajme","Rajon"],"inLanguage":"en-US","potentialAction":[{"@type":"CommentAction","name":"Comment","target":["https:\/\/kosovatimes.info\/index.php\/2026\/08\/30\/silvano-loia-menaxheri-i-rai-dhe-partneri-i-aktores-francesca-neri-u-mbyt\/#respond"]}]},{"@type":"WebPage","@id":"https:\/\/kosovatimes.info\/index.php\/2026\/08\/30\/silvano-loia-menaxheri-i-rai-dhe-partneri-i-aktores-francesca-neri-u-mbyt\/","url":"https:\/\/kosovatimes.info\/index.php\/2026\/08\/30\/silvano-loia-menaxheri-i-rai-dhe-partneri-i-aktores-francesca-neri-u-mbyt\/","name":"Silvano Loia, menaxheri i Rai dhe partneri i aktores Francesca Neri, u mbyt - Kosova Times","isPartOf":{"@id":"https:\/\/kosovatimes.info\/#website"},"primaryImageOfPage":{"@id":"https:\/\/kosovatimes.info\/index.php\/2026\/08\/30\/silvano-loia-menaxheri-i-rai-dhe-partneri-i-aktores-francesca-neri-u-mbyt\/#primaryimage"},"image":{"@id":"https:\/\/kosovatimes.info\/index.php\/2026\/08\/30\/silvano-loia-menaxheri-i-rai-dhe-partneri-i-aktores-francesca-neri-u-mbyt\/#primaryimage"},"thumbnailUrl":"https:\/\/kosovatimes.info\/wp-content\/uploads\/2026\/08\/Silvano.webp","datePublished":"2026-08-30T20:32:01+00:00","dateModified":"2026-08-30T20:32:02+00:00","author":{"@id":"https:\/\/kosovatimes.info\/#\/schema\/person\/7586712b9c512fe68085de007378c915"},"breadcrumb":{"@id":"https:\/\/kosovatimes.info\/index.php\/2026\/08\/30\/silvano-loia-menaxheri-i-rai-dhe-partneri-i-aktores-francesca-neri-u-mbyt\/#breadcrumb"},"inLanguage":"en-US","potentialAction":[{"@type":"ReadAction","target":["https:\/\/kosovatimes.info\/index.php\/2026\/08\/30\/silvano-loia-menaxheri-i-rai-dhe-partneri-i-aktores-francesca-neri-u-mbyt\/"]}]},{"@type":"ImageObject","inLanguage":"en-US","@id":"https:\/\/kosovatimes.info\/index.php\/2026\/08\/30\/silvano-loia-menaxheri-i-rai-dhe-partneri-i-aktores-francesca-neri-u-mbyt\/#primaryimage","url":"https:\/\/kosovatimes.info\/wp-content\/uploads\/2026\/08\/Silvano.webp","contentUrl":"https:\/\/kosovatimes.info\/wp-content\/uploads\/2026\/08\/Silvano.webp","width":774,"height":516},{"@type":"BreadcrumbList","@id":"https:\/\/kosovatimes.info\/index.php\/2026\/08\/30\/silvano-loia-menaxheri-i-rai-dhe-partneri-i-aktores-francesca-neri-u-mbyt\/#breadcrumb","itemListElement":[{"@type":"ListItem","position":1,"name":"Home","item":"https:\/\/kosovatimes.info\/"},{"@type":"ListItem","position":2,"name":"Silvano Loia, menaxheri i Rai dhe partneri i aktores Francesca Neri, u mbyt"}]},{"@type":"WebSite","@id":"https:\/\/kosovatimes.info\/#website","url":"https:\/\/kosovatimes.info\/","name":"Kosova Times","description":"","potentialAction":[{"@type":"SearchAction","target":{"@type":"EntryPoint","urlTemplate":"https:\/\/kosovatimes.info\/?s={search_term_string}"},"query-input":{"@type":"PropertyValueSpecification","valueRequired":true,"valueName":"search_term_string"}}],"inLanguage":"en-US"},{"@type":"Person","@id":"https:\/\/kosovatimes.info\/#\/schema\/person\/7586712b9c512fe68085de007378c915","name":"i l","image":{"@type":"ImageObject","inLanguage":"en-US","@id":"https:\/\/secure.gravatar.com\/avatar\/bad9296e02816160ae2e2435beda58222022298d5625d49fea74d18816fbb31d?s=96&d=mm&r=g","url":"https:\/\/secure.gravatar.com\/avatar\/bad9296e02816160ae2e2435beda58222022298d5625d49fea74d18816fbb31d?s=96&d=mm&r=g","contentUrl":"https:\/\/secure.gravatar.com\/avatar\/bad9296e02816160ae2e2435beda58222022298d5625d49fea74d18816fbb31d?s=96&d=mm&r=g","caption":"i l"},"url":"https:\/\/kosovatimes.info\/index.php\/author\/iliri\/"}]}},"_links":{"self":[{"href":"https:\/\/kosovatimes.info\/index.php\/wp-json\/wp\/v2\/posts\/30134","targetHints":{"allow":["GET"]}}],"collection":[{"href":"https:\/\/kosovatimes.info\/index.php\/wp-json\/wp\/v2\/posts"}],"about":[{"href":"https:\/\/kosovatimes.info\/index.php\/wp-json\/wp\/v2\/types\/post"}],"author":[{"embeddable":true,"href":"https:\/\/kosovatimes.info\/index.php\/wp-json\/wp\/v2\/users\/4"}],"replies":[{"embeddable":true,"href":"https:\/\/kosovatimes.info\/index.php\/wp-json\/wp\/v2\/comments?post=30134"}],"version-history":[{"count":1,"href":"https:\/\/kosovatimes.info\/index.php\/wp-json\/wp\/v2\/posts\/30134\/revisions"}],"predecessor-version":[{"id":30136,"href":"https:\/\/kosovatimes.info\/index.php\/wp-json\/wp\/v2\/posts\/30134\/revisions\/30136"}],"wp:featuredmedia":[{"embeddable":true,"href":"https:\/\/kosovatimes.info\/index.php\/wp-json\/wp\/v2\/media\/30135"}],"wp:attachment":[{"href":"https:\/\/kosovatimes.info\/index.php\/wp-json\/wp\/v2\/media?parent=30134"}],"wp:term":[{"taxonomy":"category","embeddable":true,"href":"https:\/\/kosovatimes.info\/index.php\/wp-json\/wp\/v2\/categories?post=30134"},{"taxonomy":"post_tag","embeddable":true,"href":"https:\/\/kosovatimes.info\/index.php\/wp-json\/wp\/v2\/tags?post=30134"}],"curies":[{"name":"wp","href":"https:\/\/api.w.org\/{rel}","templated":true}]}}