{"id":30145,"date":"2026-08-31T08:24:00","date_gmt":"2026-08-31T06:24:00","guid":{"rendered":"https:\/\/kosovatimes.info\/?p=30145"},"modified":"2026-08-31T09:18:17","modified_gmt":"2026-08-31T07:18:17","slug":"pdk-ja-dhe-aleanca-sot-serish-para-qeverise","status":"publish","type":"post","link":"https:\/\/kosovatimes.info\/index.php\/2026\/08\/31\/pdk-ja-dhe-aleanca-sot-serish-para-qeverise\/","title":{"rendered":"PDK-ja dhe Aleanca, sot s\u00ebrish para Qeveris\u00eb"},"content":{"rendered":"\n<p class=\"wp-block-paragraph\"><strong>Grupi Parlamentar i PDK-s\u00eb, s\u00eb bashku me an\u00ebtar\u00eb t\u00eb Kryesis\u00eb, asamblist\u00eb, drejtor\u00eb dhe aktivist\u00eb nga Skenderaj dhe Istogu, si dhe p\u00ebrfaq\u00ebsues t\u00eb Aleanc\u00ebs, q\u00ebndruan sot para objektit t\u00eb Qeveris\u00eb s\u00eb Kosov\u00ebs.<\/strong><\/p>\n\n\n\n<p class=\"wp-block-paragraph\">PDK-ja dhe Aleanca kan\u00eb b\u00ebr\u00eb thirrje, si\u00e7 vler\u00ebsojn\u00eb ato&nbsp;p\u00ebr rikthimin e normalitetit institucional dhe kan\u00eb deklaruar se do t\u00eb vazhdojn\u00eb t\u00eb k\u00ebrkojn\u00eb mbrojtjen e shtetit, Kushtetut\u00ebs dhe interesit t\u00eb qytetar\u00ebve.<\/p>\n\n\n\n<p class=\"wp-block-paragraph\">Deputet\u00ebt e PDK-s\u00eb dhe Aleanc\u00ebs kan\u00eb zhvilluar edhe n\u00eb jav\u00ebt e kaluara aksione t\u00eb ngjashme, duke bllokuar hyrjen n\u00eb objektin e Qeveris\u00eb dhe duke k\u00ebrkuar tejkalimin e ng\u00ebr\u00e7it institucional.<\/p>\n","protected":false},"excerpt":{"rendered":"<p>Grupi Parlamentar i PDK-s\u00eb, s\u00eb bashku me an\u00ebtar\u00eb t\u00eb Kryesis\u00eb, asamblist\u00eb, drejtor\u00eb dhe aktivist\u00eb nga Skenderaj dhe Istogu, si dhe p\u00ebrfaq\u00ebsues t\u00eb Aleanc\u00ebs, q\u00ebndruan sot para objektit t\u00eb Qeveris\u00eb s\u00eb Kosov\u00ebs. PDK-ja dhe Aleanca kan\u00eb b\u00ebr\u00eb thirrje, si\u00e7 vler\u00ebsojn\u00eb ato&nbsp;p\u00ebr rikthimin e normalitetit institucional dhe kan\u00eb deklaruar se do t\u00eb vazhdojn\u00eb t\u00eb k\u00ebrkojn\u00eb mbrojtjen e [&hellip;]<\/p>\n","protected":false},"author":4,"featured_media":30146,"comment_status":"open","ping_status":"open","sticky":false,"template":"","format":"standard","meta":{"footnotes":""},"categories":[31,30],"tags":[],"class_list":["post-30145","post","type-post","status-publish","format-standard","has-post-thumbnail","category-kosove","category-lajme"],"yoast_head":"<!-- This site is optimized with the Yoast SEO plugin v27.4 - https:\/\/yoast.com\/product\/yoast-seo-wordpress\/ -->\n<title>PDK-ja dhe Aleanca, sot s\u00ebrish para Qeveris\u00eb - Kosova Times<\/title>\n<meta name=\"robots\" content=\"index, follow, max-snippet:-1, max-image-preview:large, max-video-preview:-1\" \/>\n<link rel=\"canonical\" href=\"https:\/\/kosovatimes.info\/index.php\/2026\/08\/31\/pdk-ja-dhe-aleanca-sot-serish-para-qeverise\/\" \/>\n<meta property=\"og:locale\" content=\"en_US\" \/>\n<meta property=\"og:type\" content=\"article\" \/>\n<meta property=\"og:title\" content=\"PDK-ja dhe Aleanca, sot s\u00ebrish para Qeveris\u00eb - Kosova Times\" \/>\n<meta property=\"og:description\" content=\"Grupi Parlamentar i PDK-s\u00eb, s\u00eb bashku me an\u00ebtar\u00eb t\u00eb Kryesis\u00eb, asamblist\u00eb, drejtor\u00eb dhe aktivist\u00eb nga Skenderaj dhe Istogu, si dhe p\u00ebrfaq\u00ebsues t\u00eb Aleanc\u00ebs, q\u00ebndruan sot para objektit t\u00eb Qeveris\u00eb s\u00eb Kosov\u00ebs. PDK-ja dhe Aleanca kan\u00eb b\u00ebr\u00eb thirrje, si\u00e7 vler\u00ebsojn\u00eb ato&nbsp;p\u00ebr rikthimin e normalitetit institucional dhe kan\u00eb deklaruar se do t\u00eb vazhdojn\u00eb t\u00eb k\u00ebrkojn\u00eb mbrojtjen e [&hellip;]\" \/>\n<meta property=\"og:url\" content=\"https:\/\/kosovatimes.info\/index.php\/2026\/08\/31\/pdk-ja-dhe-aleanca-sot-serish-para-qeverise\/\" \/>\n<meta property=\"og:site_name\" content=\"Kosova Times\" \/>\n<meta property=\"article:published_time\" content=\"2026-08-31T06:24:00+00:00\" \/>\n<meta property=\"article:modified_time\" content=\"2026-08-31T07:18:17+00:00\" \/>\n<meta property=\"og:image\" content=\"https:\/\/kosovatimes.info\/wp-content\/uploads\/2026\/08\/PDK.jpeg\" \/>\n\t<meta property=\"og:image:width\" content=\"780\" \/>\n\t<meta property=\"og:image:height\" content=\"500\" \/>\n\t<meta property=\"og:image:type\" content=\"image\/jpeg\" \/>\n<meta name=\"author\" content=\"i l\" \/>\n<meta name=\"twitter:card\" content=\"summary_large_image\" \/>\n<meta name=\"twitter:label1\" content=\"Written by\" \/>\n\t<meta name=\"twitter:data1\" content=\"i l\" \/>\n\t<meta name=\"twitter:label2\" content=\"Est. reading time\" \/>\n\t<meta name=\"twitter:data2\" content=\"1 minute\" \/>\n<script type=\"application\/ld+json\" class=\"yoast-schema-graph\">{\"@context\":\"https:\\\/\\\/schema.org\",\"@graph\":[{\"@type\":\"Article\",\"@id\":\"https:\\\/\\\/kosovatimes.info\\\/index.php\\\/2026\\\/08\\\/31\\\/pdk-ja-dhe-aleanca-sot-serish-para-qeverise\\\/#article\",\"isPartOf\":{\"@id\":\"https:\\\/\\\/kosovatimes.info\\\/index.php\\\/2026\\\/08\\\/31\\\/pdk-ja-dhe-aleanca-sot-serish-para-qeverise\\\/\"},\"author\":{\"name\":\"i l\",\"@id\":\"https:\\\/\\\/kosovatimes.info\\\/#\\\/schema\\\/person\\\/7586712b9c512fe68085de007378c915\"},\"headline\":\"PDK-ja dhe Aleanca, sot s\u00ebrish para Qeveris\u00eb\",\"datePublished\":\"2026-08-31T06:24:00+00:00\",\"dateModified\":\"2026-08-31T07:18:17+00:00\",\"mainEntityOfPage\":{\"@id\":\"https:\\\/\\\/kosovatimes.info\\\/index.php\\\/2026\\\/08\\\/31\\\/pdk-ja-dhe-aleanca-sot-serish-para-qeverise\\\/\"},\"wordCount\":118,\"commentCount\":0,\"image\":{\"@id\":\"https:\\\/\\\/kosovatimes.info\\\/index.php\\\/2026\\\/08\\\/31\\\/pdk-ja-dhe-aleanca-sot-serish-para-qeverise\\\/#primaryimage\"},\"thumbnailUrl\":\"https:\\\/\\\/kosovatimes.info\\\/wp-content\\\/uploads\\\/2026\\\/08\\\/PDK.jpeg\",\"articleSection\":[\"Kosov\u00eb\",\"Lajme\"],\"inLanguage\":\"en-US\",\"potentialAction\":[{\"@type\":\"CommentAction\",\"name\":\"Comment\",\"target\":[\"https:\\\/\\\/kosovatimes.info\\\/index.php\\\/2026\\\/08\\\/31\\\/pdk-ja-dhe-aleanca-sot-serish-para-qeverise\\\/#respond\"]}]},{\"@type\":\"WebPage\",\"@id\":\"https:\\\/\\\/kosovatimes.info\\\/index.php\\\/2026\\\/08\\\/31\\\/pdk-ja-dhe-aleanca-sot-serish-para-qeverise\\\/\",\"url\":\"https:\\\/\\\/kosovatimes.info\\\/index.php\\\/2026\\\/08\\\/31\\\/pdk-ja-dhe-aleanca-sot-serish-para-qeverise\\\/\",\"name\":\"PDK-ja dhe Aleanca, sot s\u00ebrish para Qeveris\u00eb - Kosova Times\",\"isPartOf\":{\"@id\":\"https:\\\/\\\/kosovatimes.info\\\/#website\"},\"primaryImageOfPage\":{\"@id\":\"https:\\\/\\\/kosovatimes.info\\\/index.php\\\/2026\\\/08\\\/31\\\/pdk-ja-dhe-aleanca-sot-serish-para-qeverise\\\/#primaryimage\"},\"image\":{\"@id\":\"https:\\\/\\\/kosovatimes.info\\\/index.php\\\/2026\\\/08\\\/31\\\/pdk-ja-dhe-aleanca-sot-serish-para-qeverise\\\/#primaryimage\"},\"thumbnailUrl\":\"https:\\\/\\\/kosovatimes.info\\\/wp-content\\\/uploads\\\/2026\\\/08\\\/PDK.jpeg\",\"datePublished\":\"2026-08-31T06:24:00+00:00\",\"dateModified\":\"2026-08-31T07:18:17+00:00\",\"author\":{\"@id\":\"https:\\\/\\\/kosovatimes.info\\\/#\\\/schema\\\/person\\\/7586712b9c512fe68085de007378c915\"},\"breadcrumb\":{\"@id\":\"https:\\\/\\\/kosovatimes.info\\\/index.php\\\/2026\\\/08\\\/31\\\/pdk-ja-dhe-aleanca-sot-serish-para-qeverise\\\/#breadcrumb\"},\"inLanguage\":\"en-US\",\"potentialAction\":[{\"@type\":\"ReadAction\",\"target\":[\"https:\\\/\\\/kosovatimes.info\\\/index.php\\\/2026\\\/08\\\/31\\\/pdk-ja-dhe-aleanca-sot-serish-para-qeverise\\\/\"]}]},{\"@type\":\"ImageObject\",\"inLanguage\":\"en-US\",\"@id\":\"https:\\\/\\\/kosovatimes.info\\\/index.php\\\/2026\\\/08\\\/31\\\/pdk-ja-dhe-aleanca-sot-serish-para-qeverise\\\/#primaryimage\",\"url\":\"https:\\\/\\\/kosovatimes.info\\\/wp-content\\\/uploads\\\/2026\\\/08\\\/PDK.jpeg\",\"contentUrl\":\"https:\\\/\\\/kosovatimes.info\\\/wp-content\\\/uploads\\\/2026\\\/08\\\/PDK.jpeg\",\"width\":780,\"height\":500},{\"@type\":\"BreadcrumbList\",\"@id\":\"https:\\\/\\\/kosovatimes.info\\\/index.php\\\/2026\\\/08\\\/31\\\/pdk-ja-dhe-aleanca-sot-serish-para-qeverise\\\/#breadcrumb\",\"itemListElement\":[{\"@type\":\"ListItem\",\"position\":1,\"name\":\"Home\",\"item\":\"https:\\\/\\\/kosovatimes.info\\\/\"},{\"@type\":\"ListItem\",\"position\":2,\"name\":\"PDK-ja dhe Aleanca, sot s\u00ebrish para Qeveris\u00eb\"}]},{\"@type\":\"WebSite\",\"@id\":\"https:\\\/\\\/kosovatimes.info\\\/#website\",\"url\":\"https:\\\/\\\/kosovatimes.info\\\/\",\"name\":\"Kosova Times\",\"description\":\"\",\"potentialAction\":[{\"@type\":\"SearchAction\",\"target\":{\"@type\":\"EntryPoint\",\"urlTemplate\":\"https:\\\/\\\/kosovatimes.info\\\/?s={search_term_string}\"},\"query-input\":{\"@type\":\"PropertyValueSpecification\",\"valueRequired\":true,\"valueName\":\"search_term_string\"}}],\"inLanguage\":\"en-US\"},{\"@type\":\"Person\",\"@id\":\"https:\\\/\\\/kosovatimes.info\\\/#\\\/schema\\\/person\\\/7586712b9c512fe68085de007378c915\",\"name\":\"i l\",\"image\":{\"@type\":\"ImageObject\",\"inLanguage\":\"en-US\",\"@id\":\"https:\\\/\\\/secure.gravatar.com\\\/avatar\\\/bad9296e02816160ae2e2435beda58222022298d5625d49fea74d18816fbb31d?s=96&d=mm&r=g\",\"url\":\"https:\\\/\\\/secure.gravatar.com\\\/avatar\\\/bad9296e02816160ae2e2435beda58222022298d5625d49fea74d18816fbb31d?s=96&d=mm&r=g\",\"contentUrl\":\"https:\\\/\\\/secure.gravatar.com\\\/avatar\\\/bad9296e02816160ae2e2435beda58222022298d5625d49fea74d18816fbb31d?s=96&d=mm&r=g\",\"caption\":\"i l\"},\"url\":\"https:\\\/\\\/kosovatimes.info\\\/index.php\\\/author\\\/iliri\\\/\"}]}<\/script>\n<!-- \/ Yoast SEO plugin. -->","yoast_head_json":{"title":"PDK-ja dhe Aleanca, sot s\u00ebrish para Qeveris\u00eb - Kosova Times","robots":{"index":"index","follow":"follow","max-snippet":"max-snippet:-1","max-image-preview":"max-image-preview:large","max-video-preview":"max-video-preview:-1"},"canonical":"https:\/\/kosovatimes.info\/index.php\/2026\/08\/31\/pdk-ja-dhe-aleanca-sot-serish-para-qeverise\/","og_locale":"en_US","og_type":"article","og_title":"PDK-ja dhe Aleanca, sot s\u00ebrish para Qeveris\u00eb - Kosova Times","og_description":"Grupi Parlamentar i PDK-s\u00eb, s\u00eb bashku me an\u00ebtar\u00eb t\u00eb Kryesis\u00eb, asamblist\u00eb, drejtor\u00eb dhe aktivist\u00eb nga Skenderaj dhe Istogu, si dhe p\u00ebrfaq\u00ebsues t\u00eb Aleanc\u00ebs, q\u00ebndruan sot para objektit t\u00eb Qeveris\u00eb s\u00eb Kosov\u00ebs. PDK-ja dhe Aleanca kan\u00eb b\u00ebr\u00eb thirrje, si\u00e7 vler\u00ebsojn\u00eb ato&nbsp;p\u00ebr rikthimin e normalitetit institucional dhe kan\u00eb deklaruar se do t\u00eb vazhdojn\u00eb t\u00eb k\u00ebrkojn\u00eb mbrojtjen e [&hellip;]","og_url":"https:\/\/kosovatimes.info\/index.php\/2026\/08\/31\/pdk-ja-dhe-aleanca-sot-serish-para-qeverise\/","og_site_name":"Kosova Times","article_published_time":"2026-08-31T06:24:00+00:00","article_modified_time":"2026-08-31T07:18:17+00:00","og_image":[{"width":780,"height":500,"url":"https:\/\/kosovatimes.info\/wp-content\/uploads\/2026\/08\/PDK.jpeg","type":"image\/jpeg"}],"author":"i l","twitter_card":"summary_large_image","twitter_misc":{"Written by":"i l","Est. reading time":"1 minute"},"schema":{"@context":"https:\/\/schema.org","@graph":[{"@type":"Article","@id":"https:\/\/kosovatimes.info\/index.php\/2026\/08\/31\/pdk-ja-dhe-aleanca-sot-serish-para-qeverise\/#article","isPartOf":{"@id":"https:\/\/kosovatimes.info\/index.php\/2026\/08\/31\/pdk-ja-dhe-aleanca-sot-serish-para-qeverise\/"},"author":{"name":"i l","@id":"https:\/\/kosovatimes.info\/#\/schema\/person\/7586712b9c512fe68085de007378c915"},"headline":"PDK-ja dhe Aleanca, sot s\u00ebrish para Qeveris\u00eb","datePublished":"2026-08-31T06:24:00+00:00","dateModified":"2026-08-31T07:18:17+00:00","mainEntityOfPage":{"@id":"https:\/\/kosovatimes.info\/index.php\/2026\/08\/31\/pdk-ja-dhe-aleanca-sot-serish-para-qeverise\/"},"wordCount":118,"commentCount":0,"image":{"@id":"https:\/\/kosovatimes.info\/index.php\/2026\/08\/31\/pdk-ja-dhe-aleanca-sot-serish-para-qeverise\/#primaryimage"},"thumbnailUrl":"https:\/\/kosovatimes.info\/wp-content\/uploads\/2026\/08\/PDK.jpeg","articleSection":["Kosov\u00eb","Lajme"],"inLanguage":"en-US","potentialAction":[{"@type":"CommentAction","name":"Comment","target":["https:\/\/kosovatimes.info\/index.php\/2026\/08\/31\/pdk-ja-dhe-aleanca-sot-serish-para-qeverise\/#respond"]}]},{"@type":"WebPage","@id":"https:\/\/kosovatimes.info\/index.php\/2026\/08\/31\/pdk-ja-dhe-aleanca-sot-serish-para-qeverise\/","url":"https:\/\/kosovatimes.info\/index.php\/2026\/08\/31\/pdk-ja-dhe-aleanca-sot-serish-para-qeverise\/","name":"PDK-ja dhe Aleanca, sot s\u00ebrish para Qeveris\u00eb - Kosova Times","isPartOf":{"@id":"https:\/\/kosovatimes.info\/#website"},"primaryImageOfPage":{"@id":"https:\/\/kosovatimes.info\/index.php\/2026\/08\/31\/pdk-ja-dhe-aleanca-sot-serish-para-qeverise\/#primaryimage"},"image":{"@id":"https:\/\/kosovatimes.info\/index.php\/2026\/08\/31\/pdk-ja-dhe-aleanca-sot-serish-para-qeverise\/#primaryimage"},"thumbnailUrl":"https:\/\/kosovatimes.info\/wp-content\/uploads\/2026\/08\/PDK.jpeg","datePublished":"2026-08-31T06:24:00+00:00","dateModified":"2026-08-31T07:18:17+00:00","author":{"@id":"https:\/\/kosovatimes.info\/#\/schema\/person\/7586712b9c512fe68085de007378c915"},"breadcrumb":{"@id":"https:\/\/kosovatimes.info\/index.php\/2026\/08\/31\/pdk-ja-dhe-aleanca-sot-serish-para-qeverise\/#breadcrumb"},"inLanguage":"en-US","potentialAction":[{"@type":"ReadAction","target":["https:\/\/kosovatimes.info\/index.php\/2026\/08\/31\/pdk-ja-dhe-aleanca-sot-serish-para-qeverise\/"]}]},{"@type":"ImageObject","inLanguage":"en-US","@id":"https:\/\/kosovatimes.info\/index.php\/2026\/08\/31\/pdk-ja-dhe-aleanca-sot-serish-para-qeverise\/#primaryimage","url":"https:\/\/kosovatimes.info\/wp-content\/uploads\/2026\/08\/PDK.jpeg","contentUrl":"https:\/\/kosovatimes.info\/wp-content\/uploads\/2026\/08\/PDK.jpeg","width":780,"height":500},{"@type":"BreadcrumbList","@id":"https:\/\/kosovatimes.info\/index.php\/2026\/08\/31\/pdk-ja-dhe-aleanca-sot-serish-para-qeverise\/#breadcrumb","itemListElement":[{"@type":"ListItem","position":1,"name":"Home","item":"https:\/\/kosovatimes.info\/"},{"@type":"ListItem","position":2,"name":"PDK-ja dhe Aleanca, sot s\u00ebrish para Qeveris\u00eb"}]},{"@type":"WebSite","@id":"https:\/\/kosovatimes.info\/#website","url":"https:\/\/kosovatimes.info\/","name":"Kosova Times","description":"","potentialAction":[{"@type":"SearchAction","target":{"@type":"EntryPoint","urlTemplate":"https:\/\/kosovatimes.info\/?s={search_term_string}"},"query-input":{"@type":"PropertyValueSpecification","valueRequired":true,"valueName":"search_term_string"}}],"inLanguage":"en-US"},{"@type":"Person","@id":"https:\/\/kosovatimes.info\/#\/schema\/person\/7586712b9c512fe68085de007378c915","name":"i l","image":{"@type":"ImageObject","inLanguage":"en-US","@id":"https:\/\/secure.gravatar.com\/avatar\/bad9296e02816160ae2e2435beda58222022298d5625d49fea74d18816fbb31d?s=96&d=mm&r=g","url":"https:\/\/secure.gravatar.com\/avatar\/bad9296e02816160ae2e2435beda58222022298d5625d49fea74d18816fbb31d?s=96&d=mm&r=g","contentUrl":"https:\/\/secure.gravatar.com\/avatar\/bad9296e02816160ae2e2435beda58222022298d5625d49fea74d18816fbb31d?s=96&d=mm&r=g","caption":"i l"},"url":"https:\/\/kosovatimes.info\/index.php\/author\/iliri\/"}]}},"_links":{"self":[{"href":"https:\/\/kosovatimes.info\/index.php\/wp-json\/wp\/v2\/posts\/30145","targetHints":{"allow":["GET"]}}],"collection":[{"href":"https:\/\/kosovatimes.info\/index.php\/wp-json\/wp\/v2\/posts"}],"about":[{"href":"https:\/\/kosovatimes.info\/index.php\/wp-json\/wp\/v2\/types\/post"}],"author":[{"embeddable":true,"href":"https:\/\/kosovatimes.info\/index.php\/wp-json\/wp\/v2\/users\/4"}],"replies":[{"embeddable":true,"href":"https:\/\/kosovatimes.info\/index.php\/wp-json\/wp\/v2\/comments?post=30145"}],"version-history":[{"count":1,"href":"https:\/\/kosovatimes.info\/index.php\/wp-json\/wp\/v2\/posts\/30145\/revisions"}],"predecessor-version":[{"id":30147,"href":"https:\/\/kosovatimes.info\/index.php\/wp-json\/wp\/v2\/posts\/30145\/revisions\/30147"}],"wp:featuredmedia":[{"embeddable":true,"href":"https:\/\/kosovatimes.info\/index.php\/wp-json\/wp\/v2\/media\/30146"}],"wp:attachment":[{"href":"https:\/\/kosovatimes.info\/index.php\/wp-json\/wp\/v2\/media?parent=30145"}],"wp:term":[{"taxonomy":"category","embeddable":true,"href":"https:\/\/kosovatimes.info\/index.php\/wp-json\/wp\/v2\/categories?post=30145"},{"taxonomy":"post_tag","embeddable":true,"href":"https:\/\/kosovatimes.info\/index.php\/wp-json\/wp\/v2\/tags?post=30145"}],"curies":[{"name":"wp","href":"https:\/\/api.w.org\/{rel}","templated":true}]}}