{"id":30156,"date":"2026-08-31T09:24:45","date_gmt":"2026-08-31T07:24:45","guid":{"rendered":"https:\/\/kosovatimes.info\/?p=30156"},"modified":"2026-08-31T09:24:47","modified_gmt":"2026-08-31T07:24:47","slug":"lavrov-paralajmeron-nato-n-rreziku-i-konfliktit-te-armatosur-me-pasoja-katastrofike-po-rritet","status":"publish","type":"post","link":"https:\/\/kosovatimes.info\/index.php\/2026\/08\/31\/lavrov-paralajmeron-nato-n-rreziku-i-konfliktit-te-armatosur-me-pasoja-katastrofike-po-rritet\/","title":{"rendered":"Lavrov paralajm\u00ebron NATO-n: Rreziku i konfliktit t\u00eb armatosur me pasoja katastrofike po rritet"},"content":{"rendered":"\n<p class=\"wp-block-paragraph\">Rusia i konsideron aktivitetet e NATO-s n\u00eb Arktik nj\u00eb k\u00ebrc\u00ebnim t\u00eb drejtp\u00ebrdrejt\u00eb p\u00ebr sigurin\u00eb, tha Ministri i Jasht\u00ebm&nbsp;<strong>Sergei Lavrov<\/strong>&nbsp;n\u00eb nj\u00eb artikull t\u00eb botuar t\u00eb h\u00ebn\u00ebn, nd\u00ebrsa an\u00ebtar\u00ebt e aleanc\u00ebs rrisin pranin\u00eb e tyre n\u00eb mes t\u00eb luft\u00ebs s\u00eb Rusis\u00eb kund\u00ebr Ukrain\u00ebs.N\u00eb shkurt, NATO nisi nj\u00eb mision t\u00eb quajtur Arctic Sentry p\u00ebr t\u00eb forcuar pranin\u00eb e saj n\u00eb veriun e larg\u00ebt, duke n\u00ebnvizuar fokusin n\u00eb rritje t\u00eb aleanc\u00ebs n\u00eb Arktik mes tensioneve me Rusin\u00eb dhe p\u00ebrpjekjes&nbsp;<strong>s\u00eb ish-presidentit amerikan Donald Trump<\/strong>&nbsp;p\u00ebr t\u00eb marr\u00eb Grenland\u00ebn.<\/p>\n\n\n\n<p class=\"wp-block-paragraph\">Rusia, e cila ka nj\u00eb flot\u00eb detare q\u00eb p\u00ebrfshin n\u00ebndet\u00ebse t\u00eb armatosura me arm\u00eb b\u00ebrthamore n\u00eb Arktik, e sheh rajonin si sfer\u00ebn e saj t\u00eb interesit, ku po zhvillon gjithashtu nj\u00eb rrug\u00eb detare p\u00ebr t&#8217;u lidhur me vendet aziatike.<\/p>\n\n\n\n<p class=\"wp-block-paragraph\">Moska m\u00eb par\u00eb protestoi kund\u00ebr misionit Arctic Sentinel, dhe n\u00eb artikull, Lavrov, ministri i jasht\u00ebm prej shum\u00eb koh\u00ebsh&nbsp;<strong>i Presidentit Vladimir Putin<\/strong>&nbsp;, tha se Rusia i konsideron st\u00ebrvitjet ushtarake t\u00eb NATO-s n\u00eb rajon &#8220;agresive&#8221;.<\/p>\n\n\n\n<p class=\"wp-block-paragraph\">&#8220;Nj\u00eb aktivitet i till\u00eb ushtarak n\u00eb Veriun e Larg\u00ebt p\u00ebrb\u00ebn nj\u00eb k\u00ebrc\u00ebnim t\u00eb drejtp\u00ebrdrejt\u00eb p\u00ebr sigurin\u00eb e Rusis\u00eb. Rreziqet e incidenteve q\u00eb mund t\u00eb provokojn\u00eb nj\u00eb konflikt t\u00eb armatosur, me pasoja potencialisht katastrofike, jan\u00eb duke u rritur&#8221;, tha ai n\u00eb nj\u00eb artikull t\u00eb botuar nga Ministria e Jashtme ruse.<\/p>\n\n\n\n<p class=\"wp-block-paragraph\">Rusia ka pranin\u00eb dhe infrastruktur\u00ebn ushtarake m\u00eb t\u00eb madhe n\u00eb Arktik, dhe Kina ka filluar t\u00eb rris\u00eb aktivitetin e saj n\u00eb zon\u00ebn e pasur me minerale vitet e fundit, kryesisht n\u00eb partneritet me Mosk\u00ebn.<\/p>\n\n\n\n<p class=\"wp-block-paragraph\">Fqinji i Rusis\u00eb, Norvegjia, k\u00ebt\u00eb muaj zgjeroi nj\u00eb brigad\u00eb ushtarake t\u00eb themeluar s\u00eb fundmi me baz\u00eb n\u00eb Arktik, l\u00ebvizja e fundit nga an\u00ebtari i NATO-s p\u00ebr t\u00eb forcuar ndikimin e saj mbrojt\u00ebs mes luft\u00ebs n\u00eb Ukrain\u00eb q\u00eb Rusia filloi n\u00eb vitin 2022.<\/p>\n\n\n\n<p class=\"wp-block-paragraph\">Moska m\u00eb par\u00eb ka hedhur posht\u00eb akuzat se p\u00ebrb\u00ebn nj\u00eb k\u00ebrc\u00ebnim p\u00ebr NATO-n.<\/p>\n","protected":false},"excerpt":{"rendered":"<p>Rusia i konsideron aktivitetet e NATO-s n\u00eb Arktik nj\u00eb k\u00ebrc\u00ebnim t\u00eb drejtp\u00ebrdrejt\u00eb p\u00ebr sigurin\u00eb, tha Ministri i Jasht\u00ebm&nbsp;Sergei Lavrov&nbsp;n\u00eb nj\u00eb artikull t\u00eb botuar t\u00eb h\u00ebn\u00ebn, nd\u00ebrsa an\u00ebtar\u00ebt e aleanc\u00ebs rrisin pranin\u00eb e tyre n\u00eb mes t\u00eb luft\u00ebs s\u00eb Rusis\u00eb kund\u00ebr Ukrain\u00ebs.N\u00eb shkurt, NATO nisi nj\u00eb mision t\u00eb quajtur Arctic Sentry p\u00ebr t\u00eb forcuar pranin\u00eb e [&hellip;]<\/p>\n","protected":false},"author":4,"featured_media":30157,"comment_status":"open","ping_status":"open","sticky":false,"template":"","format":"standard","meta":{"footnotes":""},"categories":[33,30],"tags":[],"class_list":["post-30156","post","type-post","status-publish","format-standard","has-post-thumbnail","category-bote","category-lajme"],"yoast_head":"<!-- This site is optimized with the Yoast SEO plugin v27.4 - https:\/\/yoast.com\/product\/yoast-seo-wordpress\/ -->\n<title>Lavrov paralajm\u00ebron NATO-n: Rreziku i konfliktit t\u00eb armatosur me pasoja katastrofike po rritet - Kosova Times<\/title>\n<meta name=\"robots\" content=\"index, follow, max-snippet:-1, max-image-preview:large, max-video-preview:-1\" \/>\n<link rel=\"canonical\" href=\"https:\/\/kosovatimes.info\/index.php\/2026\/08\/31\/lavrov-paralajmeron-nato-n-rreziku-i-konfliktit-te-armatosur-me-pasoja-katastrofike-po-rritet\/\" \/>\n<meta property=\"og:locale\" content=\"en_US\" \/>\n<meta property=\"og:type\" content=\"article\" \/>\n<meta property=\"og:title\" content=\"Lavrov paralajm\u00ebron NATO-n: Rreziku i konfliktit t\u00eb armatosur me pasoja katastrofike po rritet - Kosova Times\" \/>\n<meta property=\"og:description\" content=\"Rusia i konsideron aktivitetet e NATO-s n\u00eb Arktik nj\u00eb k\u00ebrc\u00ebnim t\u00eb drejtp\u00ebrdrejt\u00eb p\u00ebr sigurin\u00eb, tha Ministri i Jasht\u00ebm&nbsp;Sergei Lavrov&nbsp;n\u00eb nj\u00eb artikull t\u00eb botuar t\u00eb h\u00ebn\u00ebn, nd\u00ebrsa an\u00ebtar\u00ebt e aleanc\u00ebs rrisin pranin\u00eb e tyre n\u00eb mes t\u00eb luft\u00ebs s\u00eb Rusis\u00eb kund\u00ebr Ukrain\u00ebs.N\u00eb shkurt, NATO nisi nj\u00eb mision t\u00eb quajtur Arctic Sentry p\u00ebr t\u00eb forcuar pranin\u00eb e [&hellip;]\" \/>\n<meta property=\"og:url\" content=\"https:\/\/kosovatimes.info\/index.php\/2026\/08\/31\/lavrov-paralajmeron-nato-n-rreziku-i-konfliktit-te-armatosur-me-pasoja-katastrofike-po-rritet\/\" \/>\n<meta property=\"og:site_name\" content=\"Kosova Times\" \/>\n<meta property=\"article:published_time\" content=\"2026-08-31T07:24:45+00:00\" \/>\n<meta property=\"article:modified_time\" content=\"2026-08-31T07:24:47+00:00\" \/>\n<meta property=\"og:image\" content=\"https:\/\/kosovatimes.info\/wp-content\/uploads\/2026\/08\/raketa-1.webp\" \/>\n\t<meta property=\"og:image:width\" content=\"696\" \/>\n\t<meta property=\"og:image:height\" content=\"364\" \/>\n\t<meta property=\"og:image:type\" content=\"image\/webp\" \/>\n<meta name=\"author\" content=\"i l\" \/>\n<meta name=\"twitter:card\" content=\"summary_large_image\" \/>\n<meta name=\"twitter:label1\" content=\"Written by\" \/>\n\t<meta name=\"twitter:data1\" content=\"i l\" \/>\n\t<meta name=\"twitter:label2\" content=\"Est. reading time\" \/>\n\t<meta name=\"twitter:data2\" content=\"2 minutes\" \/>\n<script type=\"application\/ld+json\" class=\"yoast-schema-graph\">{\"@context\":\"https:\\\/\\\/schema.org\",\"@graph\":[{\"@type\":\"Article\",\"@id\":\"https:\\\/\\\/kosovatimes.info\\\/index.php\\\/2026\\\/08\\\/31\\\/lavrov-paralajmeron-nato-n-rreziku-i-konfliktit-te-armatosur-me-pasoja-katastrofike-po-rritet\\\/#article\",\"isPartOf\":{\"@id\":\"https:\\\/\\\/kosovatimes.info\\\/index.php\\\/2026\\\/08\\\/31\\\/lavrov-paralajmeron-nato-n-rreziku-i-konfliktit-te-armatosur-me-pasoja-katastrofike-po-rritet\\\/\"},\"author\":{\"name\":\"i l\",\"@id\":\"https:\\\/\\\/kosovatimes.info\\\/#\\\/schema\\\/person\\\/7586712b9c512fe68085de007378c915\"},\"headline\":\"Lavrov paralajm\u00ebron NATO-n: Rreziku i konfliktit t\u00eb armatosur me pasoja katastrofike po rritet\",\"datePublished\":\"2026-08-31T07:24:45+00:00\",\"dateModified\":\"2026-08-31T07:24:47+00:00\",\"mainEntityOfPage\":{\"@id\":\"https:\\\/\\\/kosovatimes.info\\\/index.php\\\/2026\\\/08\\\/31\\\/lavrov-paralajmeron-nato-n-rreziku-i-konfliktit-te-armatosur-me-pasoja-katastrofike-po-rritet\\\/\"},\"wordCount\":370,\"commentCount\":0,\"image\":{\"@id\":\"https:\\\/\\\/kosovatimes.info\\\/index.php\\\/2026\\\/08\\\/31\\\/lavrov-paralajmeron-nato-n-rreziku-i-konfliktit-te-armatosur-me-pasoja-katastrofike-po-rritet\\\/#primaryimage\"},\"thumbnailUrl\":\"https:\\\/\\\/kosovatimes.info\\\/wp-content\\\/uploads\\\/2026\\\/08\\\/raketa-1.webp\",\"articleSection\":[\"Bot\u00eb\",\"Lajme\"],\"inLanguage\":\"en-US\",\"potentialAction\":[{\"@type\":\"CommentAction\",\"name\":\"Comment\",\"target\":[\"https:\\\/\\\/kosovatimes.info\\\/index.php\\\/2026\\\/08\\\/31\\\/lavrov-paralajmeron-nato-n-rreziku-i-konfliktit-te-armatosur-me-pasoja-katastrofike-po-rritet\\\/#respond\"]}]},{\"@type\":\"WebPage\",\"@id\":\"https:\\\/\\\/kosovatimes.info\\\/index.php\\\/2026\\\/08\\\/31\\\/lavrov-paralajmeron-nato-n-rreziku-i-konfliktit-te-armatosur-me-pasoja-katastrofike-po-rritet\\\/\",\"url\":\"https:\\\/\\\/kosovatimes.info\\\/index.php\\\/2026\\\/08\\\/31\\\/lavrov-paralajmeron-nato-n-rreziku-i-konfliktit-te-armatosur-me-pasoja-katastrofike-po-rritet\\\/\",\"name\":\"Lavrov paralajm\u00ebron NATO-n: Rreziku i konfliktit t\u00eb armatosur me pasoja katastrofike po rritet - Kosova Times\",\"isPartOf\":{\"@id\":\"https:\\\/\\\/kosovatimes.info\\\/#website\"},\"primaryImageOfPage\":{\"@id\":\"https:\\\/\\\/kosovatimes.info\\\/index.php\\\/2026\\\/08\\\/31\\\/lavrov-paralajmeron-nato-n-rreziku-i-konfliktit-te-armatosur-me-pasoja-katastrofike-po-rritet\\\/#primaryimage\"},\"image\":{\"@id\":\"https:\\\/\\\/kosovatimes.info\\\/index.php\\\/2026\\\/08\\\/31\\\/lavrov-paralajmeron-nato-n-rreziku-i-konfliktit-te-armatosur-me-pasoja-katastrofike-po-rritet\\\/#primaryimage\"},\"thumbnailUrl\":\"https:\\\/\\\/kosovatimes.info\\\/wp-content\\\/uploads\\\/2026\\\/08\\\/raketa-1.webp\",\"datePublished\":\"2026-08-31T07:24:45+00:00\",\"dateModified\":\"2026-08-31T07:24:47+00:00\",\"author\":{\"@id\":\"https:\\\/\\\/kosovatimes.info\\\/#\\\/schema\\\/person\\\/7586712b9c512fe68085de007378c915\"},\"breadcrumb\":{\"@id\":\"https:\\\/\\\/kosovatimes.info\\\/index.php\\\/2026\\\/08\\\/31\\\/lavrov-paralajmeron-nato-n-rreziku-i-konfliktit-te-armatosur-me-pasoja-katastrofike-po-rritet\\\/#breadcrumb\"},\"inLanguage\":\"en-US\",\"potentialAction\":[{\"@type\":\"ReadAction\",\"target\":[\"https:\\\/\\\/kosovatimes.info\\\/index.php\\\/2026\\\/08\\\/31\\\/lavrov-paralajmeron-nato-n-rreziku-i-konfliktit-te-armatosur-me-pasoja-katastrofike-po-rritet\\\/\"]}]},{\"@type\":\"ImageObject\",\"inLanguage\":\"en-US\",\"@id\":\"https:\\\/\\\/kosovatimes.info\\\/index.php\\\/2026\\\/08\\\/31\\\/lavrov-paralajmeron-nato-n-rreziku-i-konfliktit-te-armatosur-me-pasoja-katastrofike-po-rritet\\\/#primaryimage\",\"url\":\"https:\\\/\\\/kosovatimes.info\\\/wp-content\\\/uploads\\\/2026\\\/08\\\/raketa-1.webp\",\"contentUrl\":\"https:\\\/\\\/kosovatimes.info\\\/wp-content\\\/uploads\\\/2026\\\/08\\\/raketa-1.webp\",\"width\":1280,\"height\":670},{\"@type\":\"BreadcrumbList\",\"@id\":\"https:\\\/\\\/kosovatimes.info\\\/index.php\\\/2026\\\/08\\\/31\\\/lavrov-paralajmeron-nato-n-rreziku-i-konfliktit-te-armatosur-me-pasoja-katastrofike-po-rritet\\\/#breadcrumb\",\"itemListElement\":[{\"@type\":\"ListItem\",\"position\":1,\"name\":\"Home\",\"item\":\"https:\\\/\\\/kosovatimes.info\\\/\"},{\"@type\":\"ListItem\",\"position\":2,\"name\":\"Lavrov paralajm\u00ebron NATO-n: Rreziku i konfliktit t\u00eb armatosur me pasoja katastrofike po rritet\"}]},{\"@type\":\"WebSite\",\"@id\":\"https:\\\/\\\/kosovatimes.info\\\/#website\",\"url\":\"https:\\\/\\\/kosovatimes.info\\\/\",\"name\":\"Kosova Times\",\"description\":\"\",\"potentialAction\":[{\"@type\":\"SearchAction\",\"target\":{\"@type\":\"EntryPoint\",\"urlTemplate\":\"https:\\\/\\\/kosovatimes.info\\\/?s={search_term_string}\"},\"query-input\":{\"@type\":\"PropertyValueSpecification\",\"valueRequired\":true,\"valueName\":\"search_term_string\"}}],\"inLanguage\":\"en-US\"},{\"@type\":\"Person\",\"@id\":\"https:\\\/\\\/kosovatimes.info\\\/#\\\/schema\\\/person\\\/7586712b9c512fe68085de007378c915\",\"name\":\"i l\",\"image\":{\"@type\":\"ImageObject\",\"inLanguage\":\"en-US\",\"@id\":\"https:\\\/\\\/secure.gravatar.com\\\/avatar\\\/bad9296e02816160ae2e2435beda58222022298d5625d49fea74d18816fbb31d?s=96&d=mm&r=g\",\"url\":\"https:\\\/\\\/secure.gravatar.com\\\/avatar\\\/bad9296e02816160ae2e2435beda58222022298d5625d49fea74d18816fbb31d?s=96&d=mm&r=g\",\"contentUrl\":\"https:\\\/\\\/secure.gravatar.com\\\/avatar\\\/bad9296e02816160ae2e2435beda58222022298d5625d49fea74d18816fbb31d?s=96&d=mm&r=g\",\"caption\":\"i l\"},\"url\":\"https:\\\/\\\/kosovatimes.info\\\/index.php\\\/author\\\/iliri\\\/\"}]}<\/script>\n<!-- \/ Yoast SEO plugin. -->","yoast_head_json":{"title":"Lavrov paralajm\u00ebron NATO-n: Rreziku i konfliktit t\u00eb armatosur me pasoja katastrofike po rritet - Kosova Times","robots":{"index":"index","follow":"follow","max-snippet":"max-snippet:-1","max-image-preview":"max-image-preview:large","max-video-preview":"max-video-preview:-1"},"canonical":"https:\/\/kosovatimes.info\/index.php\/2026\/08\/31\/lavrov-paralajmeron-nato-n-rreziku-i-konfliktit-te-armatosur-me-pasoja-katastrofike-po-rritet\/","og_locale":"en_US","og_type":"article","og_title":"Lavrov paralajm\u00ebron NATO-n: Rreziku i konfliktit t\u00eb armatosur me pasoja katastrofike po rritet - Kosova Times","og_description":"Rusia i konsideron aktivitetet e NATO-s n\u00eb Arktik nj\u00eb k\u00ebrc\u00ebnim t\u00eb drejtp\u00ebrdrejt\u00eb p\u00ebr sigurin\u00eb, tha Ministri i Jasht\u00ebm&nbsp;Sergei Lavrov&nbsp;n\u00eb nj\u00eb artikull t\u00eb botuar t\u00eb h\u00ebn\u00ebn, nd\u00ebrsa an\u00ebtar\u00ebt e aleanc\u00ebs rrisin pranin\u00eb e tyre n\u00eb mes t\u00eb luft\u00ebs s\u00eb Rusis\u00eb kund\u00ebr Ukrain\u00ebs.N\u00eb shkurt, NATO nisi nj\u00eb mision t\u00eb quajtur Arctic Sentry p\u00ebr t\u00eb forcuar pranin\u00eb e [&hellip;]","og_url":"https:\/\/kosovatimes.info\/index.php\/2026\/08\/31\/lavrov-paralajmeron-nato-n-rreziku-i-konfliktit-te-armatosur-me-pasoja-katastrofike-po-rritet\/","og_site_name":"Kosova Times","article_published_time":"2026-08-31T07:24:45+00:00","article_modified_time":"2026-08-31T07:24:47+00:00","og_image":[{"url":"https:\/\/kosovatimes.info\/wp-content\/uploads\/2026\/08\/raketa-1.webp","width":696,"height":364,"type":"image\/webp"}],"author":"i l","twitter_card":"summary_large_image","twitter_misc":{"Written by":"i l","Est. reading time":"2 minutes"},"schema":{"@context":"https:\/\/schema.org","@graph":[{"@type":"Article","@id":"https:\/\/kosovatimes.info\/index.php\/2026\/08\/31\/lavrov-paralajmeron-nato-n-rreziku-i-konfliktit-te-armatosur-me-pasoja-katastrofike-po-rritet\/#article","isPartOf":{"@id":"https:\/\/kosovatimes.info\/index.php\/2026\/08\/31\/lavrov-paralajmeron-nato-n-rreziku-i-konfliktit-te-armatosur-me-pasoja-katastrofike-po-rritet\/"},"author":{"name":"i l","@id":"https:\/\/kosovatimes.info\/#\/schema\/person\/7586712b9c512fe68085de007378c915"},"headline":"Lavrov paralajm\u00ebron NATO-n: Rreziku i konfliktit t\u00eb armatosur me pasoja katastrofike po rritet","datePublished":"2026-08-31T07:24:45+00:00","dateModified":"2026-08-31T07:24:47+00:00","mainEntityOfPage":{"@id":"https:\/\/kosovatimes.info\/index.php\/2026\/08\/31\/lavrov-paralajmeron-nato-n-rreziku-i-konfliktit-te-armatosur-me-pasoja-katastrofike-po-rritet\/"},"wordCount":370,"commentCount":0,"image":{"@id":"https:\/\/kosovatimes.info\/index.php\/2026\/08\/31\/lavrov-paralajmeron-nato-n-rreziku-i-konfliktit-te-armatosur-me-pasoja-katastrofike-po-rritet\/#primaryimage"},"thumbnailUrl":"https:\/\/kosovatimes.info\/wp-content\/uploads\/2026\/08\/raketa-1.webp","articleSection":["Bot\u00eb","Lajme"],"inLanguage":"en-US","potentialAction":[{"@type":"CommentAction","name":"Comment","target":["https:\/\/kosovatimes.info\/index.php\/2026\/08\/31\/lavrov-paralajmeron-nato-n-rreziku-i-konfliktit-te-armatosur-me-pasoja-katastrofike-po-rritet\/#respond"]}]},{"@type":"WebPage","@id":"https:\/\/kosovatimes.info\/index.php\/2026\/08\/31\/lavrov-paralajmeron-nato-n-rreziku-i-konfliktit-te-armatosur-me-pasoja-katastrofike-po-rritet\/","url":"https:\/\/kosovatimes.info\/index.php\/2026\/08\/31\/lavrov-paralajmeron-nato-n-rreziku-i-konfliktit-te-armatosur-me-pasoja-katastrofike-po-rritet\/","name":"Lavrov paralajm\u00ebron NATO-n: Rreziku i konfliktit t\u00eb armatosur me pasoja katastrofike po rritet - Kosova Times","isPartOf":{"@id":"https:\/\/kosovatimes.info\/#website"},"primaryImageOfPage":{"@id":"https:\/\/kosovatimes.info\/index.php\/2026\/08\/31\/lavrov-paralajmeron-nato-n-rreziku-i-konfliktit-te-armatosur-me-pasoja-katastrofike-po-rritet\/#primaryimage"},"image":{"@id":"https:\/\/kosovatimes.info\/index.php\/2026\/08\/31\/lavrov-paralajmeron-nato-n-rreziku-i-konfliktit-te-armatosur-me-pasoja-katastrofike-po-rritet\/#primaryimage"},"thumbnailUrl":"https:\/\/kosovatimes.info\/wp-content\/uploads\/2026\/08\/raketa-1.webp","datePublished":"2026-08-31T07:24:45+00:00","dateModified":"2026-08-31T07:24:47+00:00","author":{"@id":"https:\/\/kosovatimes.info\/#\/schema\/person\/7586712b9c512fe68085de007378c915"},"breadcrumb":{"@id":"https:\/\/kosovatimes.info\/index.php\/2026\/08\/31\/lavrov-paralajmeron-nato-n-rreziku-i-konfliktit-te-armatosur-me-pasoja-katastrofike-po-rritet\/#breadcrumb"},"inLanguage":"en-US","potentialAction":[{"@type":"ReadAction","target":["https:\/\/kosovatimes.info\/index.php\/2026\/08\/31\/lavrov-paralajmeron-nato-n-rreziku-i-konfliktit-te-armatosur-me-pasoja-katastrofike-po-rritet\/"]}]},{"@type":"ImageObject","inLanguage":"en-US","@id":"https:\/\/kosovatimes.info\/index.php\/2026\/08\/31\/lavrov-paralajmeron-nato-n-rreziku-i-konfliktit-te-armatosur-me-pasoja-katastrofike-po-rritet\/#primaryimage","url":"https:\/\/kosovatimes.info\/wp-content\/uploads\/2026\/08\/raketa-1.webp","contentUrl":"https:\/\/kosovatimes.info\/wp-content\/uploads\/2026\/08\/raketa-1.webp","width":1280,"height":670},{"@type":"BreadcrumbList","@id":"https:\/\/kosovatimes.info\/index.php\/2026\/08\/31\/lavrov-paralajmeron-nato-n-rreziku-i-konfliktit-te-armatosur-me-pasoja-katastrofike-po-rritet\/#breadcrumb","itemListElement":[{"@type":"ListItem","position":1,"name":"Home","item":"https:\/\/kosovatimes.info\/"},{"@type":"ListItem","position":2,"name":"Lavrov paralajm\u00ebron NATO-n: Rreziku i konfliktit t\u00eb armatosur me pasoja katastrofike po rritet"}]},{"@type":"WebSite","@id":"https:\/\/kosovatimes.info\/#website","url":"https:\/\/kosovatimes.info\/","name":"Kosova Times","description":"","potentialAction":[{"@type":"SearchAction","target":{"@type":"EntryPoint","urlTemplate":"https:\/\/kosovatimes.info\/?s={search_term_string}"},"query-input":{"@type":"PropertyValueSpecification","valueRequired":true,"valueName":"search_term_string"}}],"inLanguage":"en-US"},{"@type":"Person","@id":"https:\/\/kosovatimes.info\/#\/schema\/person\/7586712b9c512fe68085de007378c915","name":"i l","image":{"@type":"ImageObject","inLanguage":"en-US","@id":"https:\/\/secure.gravatar.com\/avatar\/bad9296e02816160ae2e2435beda58222022298d5625d49fea74d18816fbb31d?s=96&d=mm&r=g","url":"https:\/\/secure.gravatar.com\/avatar\/bad9296e02816160ae2e2435beda58222022298d5625d49fea74d18816fbb31d?s=96&d=mm&r=g","contentUrl":"https:\/\/secure.gravatar.com\/avatar\/bad9296e02816160ae2e2435beda58222022298d5625d49fea74d18816fbb31d?s=96&d=mm&r=g","caption":"i l"},"url":"https:\/\/kosovatimes.info\/index.php\/author\/iliri\/"}]}},"_links":{"self":[{"href":"https:\/\/kosovatimes.info\/index.php\/wp-json\/wp\/v2\/posts\/30156","targetHints":{"allow":["GET"]}}],"collection":[{"href":"https:\/\/kosovatimes.info\/index.php\/wp-json\/wp\/v2\/posts"}],"about":[{"href":"https:\/\/kosovatimes.info\/index.php\/wp-json\/wp\/v2\/types\/post"}],"author":[{"embeddable":true,"href":"https:\/\/kosovatimes.info\/index.php\/wp-json\/wp\/v2\/users\/4"}],"replies":[{"embeddable":true,"href":"https:\/\/kosovatimes.info\/index.php\/wp-json\/wp\/v2\/comments?post=30156"}],"version-history":[{"count":1,"href":"https:\/\/kosovatimes.info\/index.php\/wp-json\/wp\/v2\/posts\/30156\/revisions"}],"predecessor-version":[{"id":30158,"href":"https:\/\/kosovatimes.info\/index.php\/wp-json\/wp\/v2\/posts\/30156\/revisions\/30158"}],"wp:featuredmedia":[{"embeddable":true,"href":"https:\/\/kosovatimes.info\/index.php\/wp-json\/wp\/v2\/media\/30157"}],"wp:attachment":[{"href":"https:\/\/kosovatimes.info\/index.php\/wp-json\/wp\/v2\/media?parent=30156"}],"wp:term":[{"taxonomy":"category","embeddable":true,"href":"https:\/\/kosovatimes.info\/index.php\/wp-json\/wp\/v2\/categories?post=30156"},{"taxonomy":"post_tag","embeddable":true,"href":"https:\/\/kosovatimes.info\/index.php\/wp-json\/wp\/v2\/tags?post=30156"}],"curies":[{"name":"wp","href":"https:\/\/api.w.org\/{rel}","templated":true}]}}