{"id":30159,"date":"2026-08-31T09:33:33","date_gmt":"2026-08-31T07:33:33","guid":{"rendered":"https:\/\/kosovatimes.info\/?p=30159"},"modified":"2026-08-31T09:33:34","modified_gmt":"2026-08-31T07:33:34","slug":"avokat-i-shquar-serb-serbia-po-shkon-ne-anen-e-erret-te-historise-ne-po-cimentojme-rolin-tone-ne-gjenocid","status":"publish","type":"post","link":"https:\/\/kosovatimes.info\/index.php\/2026\/08\/31\/avokat-i-shquar-serb-serbia-po-shkon-ne-anen-e-erret-te-historise-ne-po-cimentojme-rolin-tone-ne-gjenocid\/","title":{"rendered":"Avokat i shquar serb: &#8216;Serbia po shkon n\u00eb an\u00ebn e err\u00ebt t\u00eb historis\u00eb, ne po \u00e7imentojm\u00eb rolin ton\u00eb n\u00eb gjenocid&#8217;"},"content":{"rendered":"\n<p class=\"wp-block-paragraph\">Ish-gjenerali i Ushtris\u00eb s\u00eb Republik\u00ebs Srpska (VRS),&nbsp;<strong>Ratko Mladi\u0107,<\/strong>&nbsp;vdiq m\u00eb 27 gusht n\u00eb nj\u00eb burg n\u00eb Hag\u00eb, Holand\u00eb. Ai po vuante nj\u00eb d\u00ebnim me burgim t\u00eb p\u00ebrjetsh\u00ebm atje, pasi u shpall fajtor n\u00eb vitin 2021 nga nj\u00eb vendim p\u00ebrfundimtar i Mekanizmit p\u00ebr Gjykatat Penale Nd\u00ebrkomb\u00ebtare (Mekanizmi) &#8211; i njohur edhe si Tribunali i Hag\u00ebs &#8211; p\u00ebr gjenocid n\u00eb Srebrenic\u00eb, krime kund\u00ebr njer\u00ebzimit dhe shkelje t\u00eb ligjeve ose zakoneve t\u00eb luft\u00ebs gjat\u00eb luft\u00ebs n\u00eb Bosnj\u00eb dhe Hercegovin\u00eb, raportoi&nbsp;<a href=\"https:\/\/www.dw.com\/hr\/po%C4%8Dasti-ratku-mladi%C4%87u-srbija-na-mra%C4%8Dnoj-strani-povijesti\/a-78556675\" target=\"_blank\" rel=\"noopener\">Deutsche Welle<\/a>&nbsp;.<\/p>\n\n\n\n<p class=\"wp-block-paragraph\">Mekanizmi, pasardh\u00ebsi i Tribunalit Nd\u00ebrkomb\u00ebtar Penal p\u00ebr ish-Jugosllavin\u00eb (ICTY), njoftoi se Mlladi\u00e7 vdiq n\u00eb nj\u00eb nj\u00ebsi paraburgimi n\u00eb Hag\u00eb, ku ai priste nj\u00eb vendim se n\u00eb cilin vend do t\u00eb vuante pjes\u00ebn e mbetur t\u00eb d\u00ebnimit t\u00eb tij. Disa or\u00eb pasi u publikua lajmi p\u00ebr vdekjen e Mlladi\u00e7it, Ministri serb i Drejt\u00ebsis\u00eb&nbsp;<strong>Nenad Vuji\u00e7<\/strong>&nbsp;i tha Televizionit Alternativ t\u00eb Banja Luk\u00ebs se ish-gjenerali i VRS-s\u00eb do t\u00eb varroset me nderimet m\u00eb t\u00eb larta shtet\u00ebrore dhe shtoi se familja e tij do t\u00eb vendos\u00eb p\u00ebr vendin e varrimit.<\/p>\n\n\n\n<p class=\"wp-block-paragraph\">\u201cDeklarata skandaloze e Ministrit Vuji\u0107 \u00ebsht\u00eb nj\u00eb vazhdim logjik i deklaratave t\u00eb m\u00ebparshme, por edhe i aktiviteteve t\u00eb zyrtar\u00ebve serb\u00eb dhe q\u00ebndrimit t\u00eb p\u00ebrgjithsh\u00ebm t\u00eb shtetit t\u00eb Serbis\u00eb ndaj vendimeve t\u00eb ICTY-s\u00eb dhe Gjykat\u00ebs Nd\u00ebrkomb\u00ebtare t\u00eb Drejt\u00ebsis\u00eb. N\u00ebse realizohet, ajo nuk do t\u00eb jet\u00eb vet\u00ebm pjes\u00eb e llogaritjeve parazgjedhore, por nj\u00eb tjet\u00ebr n\u00eb nj\u00eb seri provash t\u00eb politik\u00ebs zyrtare t\u00eb kujtes\u00ebs s\u00eb Serbis\u00eb, e cila nuk bazohet n\u00eb idealin e s\u00eb v\u00ebrtet\u00ebs, por n\u00eb relativizimin e krimeve\u201d, tha p\u00ebr DW\u00a0<br><strong>Olga Manojloviq Pintar<\/strong>\u00a0, bashk\u00ebpun\u00ebtore e lart\u00eb k\u00ebrkimore n\u00eb Institutin p\u00ebr Historin\u00eb e Koh\u00ebve t\u00eb Fundit t\u00eb Serbis\u00eb.<\/p>\n\n\n\n<figure class=\"wp-block-image\"><a class=\"se__anchor image-popup-vertical-fit open-gallery--photoswipe-embed photoswipe-event\" href=\"https:\/\/media.jutarnji.hr\/images\/slike\/2026\/08\/30\/39490696.jpg\"><img decoding=\"async\" src=\"https:\/\/media.jutarnji.hr\/images\/slike\/2026\/08\/30\/39490696.jpg?1788154797\" alt=\"imazh\"\/><\/a><\/figure>\n\n\n\n<h3 class=\"wp-block-heading\">&#8220;\u00c7imentimi&#8221; i rolit t\u00eb Serbis\u00eb<\/h3>\n\n\n\n<p class=\"wp-block-paragraph\">Vuji\u00e7 tha gjithashtu se Serbia pret informacion nga Mekanizmi se \u00e7far\u00eb duhet b\u00ebr\u00eb p\u00ebr t\u00eb marr\u00eb trupin e Mladi\u00e7it. &#8220;Ne jemi t\u00eb gatsh\u00ebm, n\u00ebse thon\u00eb se do t\u00eb vijm\u00eb nes\u00ebr n\u00eb m\u00ebngjes, t\u00eb jemi n\u00eb Hag\u00eb dhe t\u00eb marrim trupin e gjeneral Mladi\u00e7it&#8221;, theksoi Vuji\u00e7.<\/p>\n\n\n\n<p class=\"wp-block-paragraph\">Avokati\u00a0<strong>Mihailo Pavloviq<\/strong>\u00a0beson se me deklarata t\u00eb tilla Serbia d\u00ebshiron t\u00eb &#8220;\u00e7imentoj\u00eb rolin e saj n\u00eb gjenocidin e kryer n\u00eb Srebrenic\u00eb&#8221;: &#8220;Fakti q\u00eb Gjykata Nd\u00ebrkomb\u00ebtare e Drejt\u00ebsis\u00eb vendosi q\u00eb Serbia nuk kreu ose ishte bashk\u00ebpun\u00ebtore n\u00eb gjenocidin n\u00eb Srebrenic\u00eb (megjith\u00ebse vendosi gjithashtu q\u00eb Serbia nuk e parandaloi gjenocidin n\u00eb Srebrenic\u00eb n\u00eb vitin 1995) duket se nuk \u00ebsht\u00eb e mjaftueshme p\u00ebr p\u00ebrfaq\u00ebsuesit e autoriteteve n\u00eb Serbi. \u00cbsht\u00eb e v\u00ebshtir\u00eb t\u00eb heq\u00ebsh qafe p\u00ebrshtypjen se po b\u00ebjm\u00eb \u00e7mos q\u00eb t\u00eb marrim ende nj\u00eb rol n\u00eb krimin m\u00eb t\u00eb r\u00ebnd\u00eb t\u00eb mundsh\u00ebm t\u00eb kryer n\u00eb Evrop\u00eb pas Luft\u00ebs s\u00eb Dyt\u00eb Bot\u00ebrore&#8221;, thekson Pavlovi\u0107, i cili \u00ebsht\u00eb gjithashtu ekspert ligjor p\u00ebr \u00e7\u00ebshtjet e krimeve t\u00eb luft\u00ebs.<\/p>\n\n\n\n<p class=\"wp-block-paragraph\">Ai shton se duke marr\u00eb trupin dhe duke varrosur kriminelin e d\u00ebnuar t\u00eb luft\u00ebs me nderimet m\u00eb t\u00eb larta ushtarake, Serbia &#8220;po e vendos veten hapur n\u00eb an\u00ebn e err\u00ebt t\u00eb historis\u00eb, pa q\u00ebllimin p\u00ebr t&#8217;u p\u00ebrballur me t\u00eb keqen q\u00eb u krye n\u00eb territorin e ish-Jugosllavis\u00eb&#8221;.<\/p>\n\n\n\n<p class=\"wp-block-paragraph\">\u201cMe l\u00ebvizje t\u00eb tilla, po b\u00ebhet nj\u00eb p\u00ebrpjekje p\u00ebr t\u00eb p\u00ebrforcuar narrativ\u00ebn e krijuar tashm\u00eb n\u00eb publikun serb p\u00ebr Serbin\u00eb si viktima e vetme ose m\u00eb e madhja e k\u00ebtyre luft\u00ebrave dhe padrejt\u00ebsis\u00eb q\u00eb preku vet\u00ebm popullin serb, n\u00eb m\u00ebnyr\u00eb q\u00eb publiku n\u00eb thelb t\u00eb mos ket\u00eb kurr\u00eb mund\u00ebsin\u00eb t\u00eb shoh\u00eb objektivisht rolin e Serbis\u00eb n\u00eb k\u00ebto luft\u00ebra dhe krimet e kryera nga an\u00ebtar\u00eb individual\u00eb t\u00eb k\u00ebtij kombi\u201d, thekson Pavlovi\u0107.<\/p>\n\n\n\n<h3 class=\"wp-block-heading\">Autoritetet n\u00eb Serbi \u2013 \u201cduke injoruar vendimet\u201d<\/h3>\n\n\n\n<p class=\"wp-block-paragraph\">Komisioni Evropian (KE) reagoi ndaj deklarat\u00ebs s\u00eb Vuji\u0107 dhe njoftoi p\u00ebr Radion Evropa e Lir\u00eb se, n\u00eb rast se Mladi\u0107 varroset n\u00eb Serbi, &#8220;u takon autoriteteve serbe t\u00eb konfirmojn\u00eb rolin e mundsh\u00ebm q\u00eb mund t\u00eb luajn\u00eb n\u00eb organizimin ose varrimin e Ratko Mladiq&#8221;. KE shtoi se glorifikimi i kriminel\u00ebve t\u00eb luft\u00ebs &#8220;bie ndesh me vlerat m\u00eb themelore evropiane dhe se nuk ka vend as n\u00eb BE dhe as n\u00eb vendet q\u00eb jan\u00eb kandidate p\u00ebr an\u00ebtar\u00ebsim n\u00eb BE&#8221;, njoftoi\u00a0<a href=\"https:\/\/www.dw.com\/hr\/po%C4%8Dasti-ratku-mladi%C4%87u-srbija-na-mra%C4%8Dnoj-strani-povijesti\/a-78556675\" target=\"_blank\" rel=\"noopener\">Deutsche Welle<\/a>\u00a0.<\/p>\n\n\n\n<p class=\"wp-block-paragraph\"><strong>T\u00eb premten (28 gusht), Aleksandar Vu\u00e7i\u00e7<\/strong>&nbsp;b\u00ebri nj\u00eb deklarat\u00eb pak m\u00eb t\u00eb matur se Vuji\u00e7, por ai nuk e d\u00ebnoi dhe as nuk u distancua nga njoftimi i ministrit se Mladi\u00e7 do t\u00eb varrosej me nderime t\u00eb plota ushtarake. Ai e d\u00ebnoi, si\u00e7 tha ai, Hag\u00ebn sepse donte &#8220;vdekjen e Mladi\u00e7it pas hekurave&#8221;.<\/p>\n\n\n\n<p class=\"wp-block-paragraph\">\u201cAta nuk donin ta lejonin gjeneralin t\u00eb vdiste n\u00eb Serbi, t\u00eb vdiste aty ku donte, kjo \u00ebsht\u00eb sjellje anti-civilizuese, sjellje pa precedent dhe pa justifikim\u201d, tha Vu\u00e7i\u00e7 gjat\u00eb nj\u00eb vizite n\u00eb Ose\u010dina.<\/p>\n\n\n\n<p class=\"wp-block-paragraph\">Gjykata n\u00eb Hag\u00eb, sipas mendimit t\u00eb Ministrit t\u00eb Brendsh\u00ebm\u00a0<strong>Ivica Da\u00e7iq<\/strong>\u00a0, tregoi an\u00ebn e saj, si\u00e7 deklaroi ai n\u00eb Instagram, anti-qytet\u00ebruese, sepse hodhi posht\u00eb k\u00ebrkes\u00ebn q\u00eb Mladi\u00e7i t\u00eb kalonte dit\u00ebt e tij t\u00eb fundit n\u00eb Serbi.<\/p>\n\n\n\n<p class=\"wp-block-paragraph\">Manojloviq Pintar thekson se &#8220;p\u00ebr vite me radh\u00eb, shtyllat kryesore t\u00eb regjimit n\u00eb Serbi kan\u00eb qen\u00eb injorimi dhe dh\u00ebnia e kuptimit t\u00eb vendimeve t\u00eb provuara p\u00ebr krime lufte, glorifikimi i kriminel\u00ebve t\u00eb luft\u00ebs, mungesa e empatis\u00eb p\u00ebr viktimat e kombeve dhe feve t\u00eb tjera, si dhe mohimi i gjenocidit n\u00eb Srebrenic\u00eb dhe disfata e plot\u00eb ushtarake dhe politike n\u00eb t\u00eb gjitha luft\u00ebrat q\u00eb Serbia filloi dhe udh\u00ebhoqi n\u00eb vitet n\u00ebnt\u00ebdhjet\u00eb&#8221;.<\/p>\n\n\n\n<p class=\"wp-block-paragraph\">&#8220;Varrimi i nj\u00eb krimineli t\u00eb d\u00ebnuar lufte me nderime shtet\u00ebrore do t\u00eb jet\u00eb nj\u00eb tjet\u00ebr prov\u00eb e politik\u00ebs s\u00eb pabes\u00eb ndaj fqinj\u00ebve, e cila \u00ebsht\u00eb nj\u00eb burim i vazhduesh\u00ebm tensioni n\u00eb rajon, por edhe i manipulimit dhe mashtrimit t\u00eb planifikuar t\u00eb qytetar\u00ebve t\u00eb Serbis\u00eb. Ne t\u00eb gjith\u00eb e dim\u00eb se vlerat shoq\u00ebrore, dhe nj\u00eb shtet ligjor dhe p\u00ebrgjegj\u00ebs, nuk mund t\u00eb nd\u00ebrtohen mbi g\u00ebnjeshtra, ve\u00e7an\u00ebrisht mbi g\u00ebnjeshtra t\u00eb tilla monstruoze&#8221;, thot\u00eb Manojlovi\u0107 Pintar.<\/p>\n\n\n\n<h3 class=\"wp-block-heading\">Opozita \u2013 kriminele p\u00ebr disa, hero p\u00ebr t\u00eb tjer\u00eb<\/h3>\n\n\n\n<p class=\"wp-block-paragraph\">Partit\u00eb opozitare reaguan gjithashtu ndaj vdekjes s\u00eb Ratko Mladiq-it; midis tyre Partia e Liris\u00eb dhe Drejt\u00ebsis\u00eb, e cila theksoi se &#8220;askush q\u00eb ka kryer nj\u00eb krim nuk mund t\u00eb jet\u00eb nj\u00eb model p\u00ebr brezat e ardhsh\u00ebm&#8221;. Partia Demokratike deklaroi se vdekja e nj\u00eb individi &#8220;nuk mund t\u00eb fshij\u00eb p\u00ebrgjegj\u00ebsin\u00eb p\u00ebr krimet e kryera&#8221;, nd\u00ebrsa Fronti i Gjelb\u00ebr-i i Majt\u00eb tha se &#8220;mbetet nj\u00eb detyrim p\u00ebr t\u00eb mos harruar ose relativizuar kurr\u00eb t\u00eb v\u00ebrtet\u00ebn rreth gjenocidit n\u00eb Srebrenic\u00eb dhe krimeve t\u00eb tjera t\u00eb luft\u00ebs&#8221;, raportoi\u00a0<a href=\"https:\/\/www.dw.com\/hr\/po%C4%8Dasti-ratku-mladi%C4%87u-srbija-na-mra%C4%8Dnoj-strani-povijesti\/a-78556675\" target=\"_blank\" rel=\"noopener\">Deutsche Welle<\/a>\u00a0.<\/p>\n\n\n\n<p class=\"wp-block-paragraph\">Kryetari i Partis\u00eb s\u00eb Re Demokratike t\u00eb Serbis\u00eb,&nbsp;<strong>Millosh Jovanoviq,<\/strong>&nbsp;deklaroi se Mlladiqi udh\u00ebhoqi luft\u00ebn p\u00ebr lirin\u00eb e popullit serb, nd\u00ebrsa p\u00ebr l\u00ebvizjen &#8220;Ne &#8211; Fuqia e Popullit&#8221;, Mlladiqi \u00ebsht\u00eb hero i &#8220;Luft\u00ebs p\u00ebr Mbrojtjen e Atdheut&#8221;.<\/p>\n\n\n\n<p class=\"wp-block-paragraph\"><\/p>\n\n\n\n<h3 class=\"wp-block-heading\">N\u00ebnt\u00eb vjet gjyq<\/h3>\n\n\n\n<p class=\"wp-block-paragraph\">Ratko Mladiq u arrestua n\u00eb Serbi n\u00eb vitin 2011 pas 15 vitesh n\u00eb arrati. Gjykimi i tij para ICTY-s\u00eb filloi n\u00eb vitin 2012. N\u00eb vendimin e shkall\u00ebs s\u00eb par\u00eb, bazuar n\u00eb 9,914 prova materiale t\u00eb pranuara dhe d\u00ebshmin\u00eb e 591 d\u00ebshmitar\u00ebve, Mladi\u00e7 u d\u00ebnua p\u00ebr gjenocid n\u00eb Srebrenic\u00eb, p\u00ebrndjekje dhe vrasje n\u00eb komunat n\u00eb t\u00eb gjith\u00eb Bosnj\u00ebn dhe Hercegovin\u00ebn, si dhe p\u00ebr terrorizim dhe vrasje t\u00eb civil\u00ebve n\u00eb Sarajev\u00eb. Dhoma e Apelit e Mekanizmit i la n\u00eb fuqi vendimet n\u00eb vitin 2021.<\/p>\n\n\n\n<p class=\"wp-block-paragraph\">N\u00ebse Mlladiq do t\u00eb varrosej me nderimet m\u00eb t\u00eb larta shtet\u00ebrore, a mund t\u00eb mbahej Serbia ligj\u00ebrisht p\u00ebrgjegj\u00ebse, duke pasur parasysh r\u00ebnd\u00ebsin\u00eb e krimeve p\u00ebr t\u00eb cilat ai u d\u00ebnua?<\/p>\n\n\n\n<p class=\"wp-block-paragraph\">\u00abNuk jam i sigurt n\u00ebse do t\u00eb kishte nj\u00eb lloj mb\u00ebshtetjeje p\u00ebr nj\u00eb \u00e7\u00ebshtje gjyq\u00ebsore, por do t\u00eb krijonte hap\u00ebsir\u00eb \u200b\u200bp\u00ebr viktimat, ose m\u00eb sakt\u00eb an\u00ebtar\u00ebt e familjeve t\u00eb tyre, q\u00eb potencialisht t\u00eb nisin procedura kund\u00ebr Serbis\u00eb p\u00ebr hapat q\u00eb po nd\u00ebrmerr Serbia t\u00eb cil\u00ebt n\u00eb thelb lavd\u00ebrojn\u00eb nj\u00eb kriminel lufte\u00bb, thot\u00eb Pavloviq. Ai shpjegon se n\u00eb at\u00eb rast, do t\u00eb ishte nj\u00eb shkelje e s\u00eb drejt\u00ebs p\u00ebr jet\u00eb dhe ndalimi i diskriminimit n\u00eb lidhje me k\u00ebt\u00eb lloj shkeljeje.<\/p>\n\n\n\n<p class=\"wp-block-paragraph\">\u201cP\u00ebrshtypja ime \u00ebsht\u00eb se p\u00ebr Serbin\u00eb, n\u00eb k\u00ebt\u00eb moment, kjo nuk do t\u00eb kishte shum\u00eb r\u00ebnd\u00ebsi, sepse d\u00ebshira p\u00ebr t\u00eb z\u00ebn\u00eb nj\u00eb karrige n\u00eb korridorin e err\u00ebt t\u00eb historis\u00eb s\u00eb viteve 1990 \u00ebsht\u00eb m\u00eb e fort\u00eb se \u00e7do pasoj\u00eb tjet\u00ebr q\u00eb populli serb mund t\u00eb p\u00ebrjetoj\u00eb nga nj\u00eb vendim i till\u00eb nga autoritetet e tij\u201d, p\u00ebrfundoi Pavloviq p\u00ebr DW.<\/p>\n","protected":false},"excerpt":{"rendered":"<p>Ish-gjenerali i Ushtris\u00eb s\u00eb Republik\u00ebs Srpska (VRS),&nbsp;Ratko Mladi\u0107,&nbsp;vdiq m\u00eb 27 gusht n\u00eb nj\u00eb burg n\u00eb Hag\u00eb, Holand\u00eb. Ai po vuante nj\u00eb d\u00ebnim me burgim t\u00eb p\u00ebrjetsh\u00ebm atje, pasi u shpall fajtor n\u00eb vitin 2021 nga nj\u00eb vendim p\u00ebrfundimtar i Mekanizmit p\u00ebr Gjykatat Penale Nd\u00ebrkomb\u00ebtare (Mekanizmi) &#8211; i njohur edhe si Tribunali i Hag\u00ebs &#8211; p\u00ebr [&hellip;]<\/p>\n","protected":false},"author":4,"featured_media":30160,"comment_status":"open","ping_status":"open","sticky":false,"template":"","format":"standard","meta":{"footnotes":""},"categories":[30,32],"tags":[],"class_list":["post-30159","post","type-post","status-publish","format-standard","has-post-thumbnail","category-lajme","category-rajon"],"yoast_head":"<!-- This site is optimized with the Yoast SEO plugin v27.4 - https:\/\/yoast.com\/product\/yoast-seo-wordpress\/ -->\n<title>Avokat i shquar serb: &#039;Serbia po shkon n\u00eb an\u00ebn e err\u00ebt t\u00eb historis\u00eb, ne po \u00e7imentojm\u00eb rolin ton\u00eb n\u00eb gjenocid&#039; - Kosova Times<\/title>\n<meta name=\"robots\" content=\"index, follow, max-snippet:-1, max-image-preview:large, max-video-preview:-1\" \/>\n<link rel=\"canonical\" href=\"https:\/\/kosovatimes.info\/index.php\/2026\/08\/31\/avokat-i-shquar-serb-serbia-po-shkon-ne-anen-e-erret-te-historise-ne-po-cimentojme-rolin-tone-ne-gjenocid\/\" \/>\n<meta property=\"og:locale\" content=\"en_US\" \/>\n<meta property=\"og:type\" content=\"article\" \/>\n<meta property=\"og:title\" content=\"Avokat i shquar serb: &#039;Serbia po shkon n\u00eb an\u00ebn e err\u00ebt t\u00eb historis\u00eb, ne po \u00e7imentojm\u00eb rolin ton\u00eb n\u00eb gjenocid&#039; - Kosova Times\" \/>\n<meta property=\"og:description\" content=\"Ish-gjenerali i Ushtris\u00eb s\u00eb Republik\u00ebs Srpska (VRS),&nbsp;Ratko Mladi\u0107,&nbsp;vdiq m\u00eb 27 gusht n\u00eb nj\u00eb burg n\u00eb Hag\u00eb, Holand\u00eb. Ai po vuante nj\u00eb d\u00ebnim me burgim t\u00eb p\u00ebrjetsh\u00ebm atje, pasi u shpall fajtor n\u00eb vitin 2021 nga nj\u00eb vendim p\u00ebrfundimtar i Mekanizmit p\u00ebr Gjykatat Penale Nd\u00ebrkomb\u00ebtare (Mekanizmi) &#8211; i njohur edhe si Tribunali i Hag\u00ebs &#8211; p\u00ebr [&hellip;]\" \/>\n<meta property=\"og:url\" content=\"https:\/\/kosovatimes.info\/index.php\/2026\/08\/31\/avokat-i-shquar-serb-serbia-po-shkon-ne-anen-e-erret-te-historise-ne-po-cimentojme-rolin-tone-ne-gjenocid\/\" \/>\n<meta property=\"og:site_name\" content=\"Kosova Times\" \/>\n<meta property=\"article:published_time\" content=\"2026-08-31T07:33:33+00:00\" \/>\n<meta property=\"article:modified_time\" content=\"2026-08-31T07:33:34+00:00\" \/>\n<meta property=\"og:image\" content=\"https:\/\/kosovatimes.info\/wp-content\/uploads\/2026\/08\/Mladiq-1.jpg\" \/>\n\t<meta property=\"og:image:width\" content=\"1280\" \/>\n\t<meta property=\"og:image:height\" content=\"865\" \/>\n\t<meta property=\"og:image:type\" content=\"image\/jpeg\" \/>\n<meta name=\"author\" content=\"i l\" \/>\n<meta name=\"twitter:card\" content=\"summary_large_image\" \/>\n<meta name=\"twitter:label1\" content=\"Written by\" \/>\n\t<meta name=\"twitter:data1\" content=\"i l\" \/>\n\t<meta name=\"twitter:label2\" content=\"Est. reading time\" \/>\n\t<meta name=\"twitter:data2\" content=\"6 minutes\" \/>\n<script type=\"application\/ld+json\" class=\"yoast-schema-graph\">{\"@context\":\"https:\\\/\\\/schema.org\",\"@graph\":[{\"@type\":\"Article\",\"@id\":\"https:\\\/\\\/kosovatimes.info\\\/index.php\\\/2026\\\/08\\\/31\\\/avokat-i-shquar-serb-serbia-po-shkon-ne-anen-e-erret-te-historise-ne-po-cimentojme-rolin-tone-ne-gjenocid\\\/#article\",\"isPartOf\":{\"@id\":\"https:\\\/\\\/kosovatimes.info\\\/index.php\\\/2026\\\/08\\\/31\\\/avokat-i-shquar-serb-serbia-po-shkon-ne-anen-e-erret-te-historise-ne-po-cimentojme-rolin-tone-ne-gjenocid\\\/\"},\"author\":{\"name\":\"i l\",\"@id\":\"https:\\\/\\\/kosovatimes.info\\\/#\\\/schema\\\/person\\\/7586712b9c512fe68085de007378c915\"},\"headline\":\"Avokat i shquar serb: &#8216;Serbia po shkon n\u00eb an\u00ebn e err\u00ebt t\u00eb historis\u00eb, ne po \u00e7imentojm\u00eb rolin ton\u00eb n\u00eb gjenocid&#8217;\",\"datePublished\":\"2026-08-31T07:33:33+00:00\",\"dateModified\":\"2026-08-31T07:33:34+00:00\",\"mainEntityOfPage\":{\"@id\":\"https:\\\/\\\/kosovatimes.info\\\/index.php\\\/2026\\\/08\\\/31\\\/avokat-i-shquar-serb-serbia-po-shkon-ne-anen-e-erret-te-historise-ne-po-cimentojme-rolin-tone-ne-gjenocid\\\/\"},\"wordCount\":1521,\"commentCount\":0,\"image\":{\"@id\":\"https:\\\/\\\/kosovatimes.info\\\/index.php\\\/2026\\\/08\\\/31\\\/avokat-i-shquar-serb-serbia-po-shkon-ne-anen-e-erret-te-historise-ne-po-cimentojme-rolin-tone-ne-gjenocid\\\/#primaryimage\"},\"thumbnailUrl\":\"https:\\\/\\\/kosovatimes.info\\\/wp-content\\\/uploads\\\/2026\\\/08\\\/Mladiq-1.jpg\",\"articleSection\":[\"Lajme\",\"Rajon\"],\"inLanguage\":\"en-US\",\"potentialAction\":[{\"@type\":\"CommentAction\",\"name\":\"Comment\",\"target\":[\"https:\\\/\\\/kosovatimes.info\\\/index.php\\\/2026\\\/08\\\/31\\\/avokat-i-shquar-serb-serbia-po-shkon-ne-anen-e-erret-te-historise-ne-po-cimentojme-rolin-tone-ne-gjenocid\\\/#respond\"]}]},{\"@type\":\"WebPage\",\"@id\":\"https:\\\/\\\/kosovatimes.info\\\/index.php\\\/2026\\\/08\\\/31\\\/avokat-i-shquar-serb-serbia-po-shkon-ne-anen-e-erret-te-historise-ne-po-cimentojme-rolin-tone-ne-gjenocid\\\/\",\"url\":\"https:\\\/\\\/kosovatimes.info\\\/index.php\\\/2026\\\/08\\\/31\\\/avokat-i-shquar-serb-serbia-po-shkon-ne-anen-e-erret-te-historise-ne-po-cimentojme-rolin-tone-ne-gjenocid\\\/\",\"name\":\"Avokat i shquar serb: 'Serbia po shkon n\u00eb an\u00ebn e err\u00ebt t\u00eb historis\u00eb, ne po \u00e7imentojm\u00eb rolin ton\u00eb n\u00eb gjenocid' - Kosova Times\",\"isPartOf\":{\"@id\":\"https:\\\/\\\/kosovatimes.info\\\/#website\"},\"primaryImageOfPage\":{\"@id\":\"https:\\\/\\\/kosovatimes.info\\\/index.php\\\/2026\\\/08\\\/31\\\/avokat-i-shquar-serb-serbia-po-shkon-ne-anen-e-erret-te-historise-ne-po-cimentojme-rolin-tone-ne-gjenocid\\\/#primaryimage\"},\"image\":{\"@id\":\"https:\\\/\\\/kosovatimes.info\\\/index.php\\\/2026\\\/08\\\/31\\\/avokat-i-shquar-serb-serbia-po-shkon-ne-anen-e-erret-te-historise-ne-po-cimentojme-rolin-tone-ne-gjenocid\\\/#primaryimage\"},\"thumbnailUrl\":\"https:\\\/\\\/kosovatimes.info\\\/wp-content\\\/uploads\\\/2026\\\/08\\\/Mladiq-1.jpg\",\"datePublished\":\"2026-08-31T07:33:33+00:00\",\"dateModified\":\"2026-08-31T07:33:34+00:00\",\"author\":{\"@id\":\"https:\\\/\\\/kosovatimes.info\\\/#\\\/schema\\\/person\\\/7586712b9c512fe68085de007378c915\"},\"breadcrumb\":{\"@id\":\"https:\\\/\\\/kosovatimes.info\\\/index.php\\\/2026\\\/08\\\/31\\\/avokat-i-shquar-serb-serbia-po-shkon-ne-anen-e-erret-te-historise-ne-po-cimentojme-rolin-tone-ne-gjenocid\\\/#breadcrumb\"},\"inLanguage\":\"en-US\",\"potentialAction\":[{\"@type\":\"ReadAction\",\"target\":[\"https:\\\/\\\/kosovatimes.info\\\/index.php\\\/2026\\\/08\\\/31\\\/avokat-i-shquar-serb-serbia-po-shkon-ne-anen-e-erret-te-historise-ne-po-cimentojme-rolin-tone-ne-gjenocid\\\/\"]}]},{\"@type\":\"ImageObject\",\"inLanguage\":\"en-US\",\"@id\":\"https:\\\/\\\/kosovatimes.info\\\/index.php\\\/2026\\\/08\\\/31\\\/avokat-i-shquar-serb-serbia-po-shkon-ne-anen-e-erret-te-historise-ne-po-cimentojme-rolin-tone-ne-gjenocid\\\/#primaryimage\",\"url\":\"https:\\\/\\\/kosovatimes.info\\\/wp-content\\\/uploads\\\/2026\\\/08\\\/Mladiq-1.jpg\",\"contentUrl\":\"https:\\\/\\\/kosovatimes.info\\\/wp-content\\\/uploads\\\/2026\\\/08\\\/Mladiq-1.jpg\",\"width\":1280,\"height\":865},{\"@type\":\"BreadcrumbList\",\"@id\":\"https:\\\/\\\/kosovatimes.info\\\/index.php\\\/2026\\\/08\\\/31\\\/avokat-i-shquar-serb-serbia-po-shkon-ne-anen-e-erret-te-historise-ne-po-cimentojme-rolin-tone-ne-gjenocid\\\/#breadcrumb\",\"itemListElement\":[{\"@type\":\"ListItem\",\"position\":1,\"name\":\"Home\",\"item\":\"https:\\\/\\\/kosovatimes.info\\\/\"},{\"@type\":\"ListItem\",\"position\":2,\"name\":\"Avokat i shquar serb: &#8216;Serbia po shkon n\u00eb an\u00ebn e err\u00ebt t\u00eb historis\u00eb, ne po \u00e7imentojm\u00eb rolin ton\u00eb n\u00eb gjenocid&#8217;\"}]},{\"@type\":\"WebSite\",\"@id\":\"https:\\\/\\\/kosovatimes.info\\\/#website\",\"url\":\"https:\\\/\\\/kosovatimes.info\\\/\",\"name\":\"Kosova Times\",\"description\":\"\",\"potentialAction\":[{\"@type\":\"SearchAction\",\"target\":{\"@type\":\"EntryPoint\",\"urlTemplate\":\"https:\\\/\\\/kosovatimes.info\\\/?s={search_term_string}\"},\"query-input\":{\"@type\":\"PropertyValueSpecification\",\"valueRequired\":true,\"valueName\":\"search_term_string\"}}],\"inLanguage\":\"en-US\"},{\"@type\":\"Person\",\"@id\":\"https:\\\/\\\/kosovatimes.info\\\/#\\\/schema\\\/person\\\/7586712b9c512fe68085de007378c915\",\"name\":\"i l\",\"image\":{\"@type\":\"ImageObject\",\"inLanguage\":\"en-US\",\"@id\":\"https:\\\/\\\/secure.gravatar.com\\\/avatar\\\/bad9296e02816160ae2e2435beda58222022298d5625d49fea74d18816fbb31d?s=96&d=mm&r=g\",\"url\":\"https:\\\/\\\/secure.gravatar.com\\\/avatar\\\/bad9296e02816160ae2e2435beda58222022298d5625d49fea74d18816fbb31d?s=96&d=mm&r=g\",\"contentUrl\":\"https:\\\/\\\/secure.gravatar.com\\\/avatar\\\/bad9296e02816160ae2e2435beda58222022298d5625d49fea74d18816fbb31d?s=96&d=mm&r=g\",\"caption\":\"i l\"},\"url\":\"https:\\\/\\\/kosovatimes.info\\\/index.php\\\/author\\\/iliri\\\/\"}]}<\/script>\n<!-- \/ Yoast SEO plugin. -->","yoast_head_json":{"title":"Avokat i shquar serb: 'Serbia po shkon n\u00eb an\u00ebn e err\u00ebt t\u00eb historis\u00eb, ne po \u00e7imentojm\u00eb rolin ton\u00eb n\u00eb gjenocid' - Kosova Times","robots":{"index":"index","follow":"follow","max-snippet":"max-snippet:-1","max-image-preview":"max-image-preview:large","max-video-preview":"max-video-preview:-1"},"canonical":"https:\/\/kosovatimes.info\/index.php\/2026\/08\/31\/avokat-i-shquar-serb-serbia-po-shkon-ne-anen-e-erret-te-historise-ne-po-cimentojme-rolin-tone-ne-gjenocid\/","og_locale":"en_US","og_type":"article","og_title":"Avokat i shquar serb: 'Serbia po shkon n\u00eb an\u00ebn e err\u00ebt t\u00eb historis\u00eb, ne po \u00e7imentojm\u00eb rolin ton\u00eb n\u00eb gjenocid' - Kosova Times","og_description":"Ish-gjenerali i Ushtris\u00eb s\u00eb Republik\u00ebs Srpska (VRS),&nbsp;Ratko Mladi\u0107,&nbsp;vdiq m\u00eb 27 gusht n\u00eb nj\u00eb burg n\u00eb Hag\u00eb, Holand\u00eb. Ai po vuante nj\u00eb d\u00ebnim me burgim t\u00eb p\u00ebrjetsh\u00ebm atje, pasi u shpall fajtor n\u00eb vitin 2021 nga nj\u00eb vendim p\u00ebrfundimtar i Mekanizmit p\u00ebr Gjykatat Penale Nd\u00ebrkomb\u00ebtare (Mekanizmi) &#8211; i njohur edhe si Tribunali i Hag\u00ebs &#8211; p\u00ebr [&hellip;]","og_url":"https:\/\/kosovatimes.info\/index.php\/2026\/08\/31\/avokat-i-shquar-serb-serbia-po-shkon-ne-anen-e-erret-te-historise-ne-po-cimentojme-rolin-tone-ne-gjenocid\/","og_site_name":"Kosova Times","article_published_time":"2026-08-31T07:33:33+00:00","article_modified_time":"2026-08-31T07:33:34+00:00","og_image":[{"width":1280,"height":865,"url":"https:\/\/kosovatimes.info\/wp-content\/uploads\/2026\/08\/Mladiq-1.jpg","type":"image\/jpeg"}],"author":"i l","twitter_card":"summary_large_image","twitter_misc":{"Written by":"i l","Est. reading time":"6 minutes"},"schema":{"@context":"https:\/\/schema.org","@graph":[{"@type":"Article","@id":"https:\/\/kosovatimes.info\/index.php\/2026\/08\/31\/avokat-i-shquar-serb-serbia-po-shkon-ne-anen-e-erret-te-historise-ne-po-cimentojme-rolin-tone-ne-gjenocid\/#article","isPartOf":{"@id":"https:\/\/kosovatimes.info\/index.php\/2026\/08\/31\/avokat-i-shquar-serb-serbia-po-shkon-ne-anen-e-erret-te-historise-ne-po-cimentojme-rolin-tone-ne-gjenocid\/"},"author":{"name":"i l","@id":"https:\/\/kosovatimes.info\/#\/schema\/person\/7586712b9c512fe68085de007378c915"},"headline":"Avokat i shquar serb: &#8216;Serbia po shkon n\u00eb an\u00ebn e err\u00ebt t\u00eb historis\u00eb, ne po \u00e7imentojm\u00eb rolin ton\u00eb n\u00eb gjenocid&#8217;","datePublished":"2026-08-31T07:33:33+00:00","dateModified":"2026-08-31T07:33:34+00:00","mainEntityOfPage":{"@id":"https:\/\/kosovatimes.info\/index.php\/2026\/08\/31\/avokat-i-shquar-serb-serbia-po-shkon-ne-anen-e-erret-te-historise-ne-po-cimentojme-rolin-tone-ne-gjenocid\/"},"wordCount":1521,"commentCount":0,"image":{"@id":"https:\/\/kosovatimes.info\/index.php\/2026\/08\/31\/avokat-i-shquar-serb-serbia-po-shkon-ne-anen-e-erret-te-historise-ne-po-cimentojme-rolin-tone-ne-gjenocid\/#primaryimage"},"thumbnailUrl":"https:\/\/kosovatimes.info\/wp-content\/uploads\/2026\/08\/Mladiq-1.jpg","articleSection":["Lajme","Rajon"],"inLanguage":"en-US","potentialAction":[{"@type":"CommentAction","name":"Comment","target":["https:\/\/kosovatimes.info\/index.php\/2026\/08\/31\/avokat-i-shquar-serb-serbia-po-shkon-ne-anen-e-erret-te-historise-ne-po-cimentojme-rolin-tone-ne-gjenocid\/#respond"]}]},{"@type":"WebPage","@id":"https:\/\/kosovatimes.info\/index.php\/2026\/08\/31\/avokat-i-shquar-serb-serbia-po-shkon-ne-anen-e-erret-te-historise-ne-po-cimentojme-rolin-tone-ne-gjenocid\/","url":"https:\/\/kosovatimes.info\/index.php\/2026\/08\/31\/avokat-i-shquar-serb-serbia-po-shkon-ne-anen-e-erret-te-historise-ne-po-cimentojme-rolin-tone-ne-gjenocid\/","name":"Avokat i shquar serb: 'Serbia po shkon n\u00eb an\u00ebn e err\u00ebt t\u00eb historis\u00eb, ne po \u00e7imentojm\u00eb rolin ton\u00eb n\u00eb gjenocid' - Kosova Times","isPartOf":{"@id":"https:\/\/kosovatimes.info\/#website"},"primaryImageOfPage":{"@id":"https:\/\/kosovatimes.info\/index.php\/2026\/08\/31\/avokat-i-shquar-serb-serbia-po-shkon-ne-anen-e-erret-te-historise-ne-po-cimentojme-rolin-tone-ne-gjenocid\/#primaryimage"},"image":{"@id":"https:\/\/kosovatimes.info\/index.php\/2026\/08\/31\/avokat-i-shquar-serb-serbia-po-shkon-ne-anen-e-erret-te-historise-ne-po-cimentojme-rolin-tone-ne-gjenocid\/#primaryimage"},"thumbnailUrl":"https:\/\/kosovatimes.info\/wp-content\/uploads\/2026\/08\/Mladiq-1.jpg","datePublished":"2026-08-31T07:33:33+00:00","dateModified":"2026-08-31T07:33:34+00:00","author":{"@id":"https:\/\/kosovatimes.info\/#\/schema\/person\/7586712b9c512fe68085de007378c915"},"breadcrumb":{"@id":"https:\/\/kosovatimes.info\/index.php\/2026\/08\/31\/avokat-i-shquar-serb-serbia-po-shkon-ne-anen-e-erret-te-historise-ne-po-cimentojme-rolin-tone-ne-gjenocid\/#breadcrumb"},"inLanguage":"en-US","potentialAction":[{"@type":"ReadAction","target":["https:\/\/kosovatimes.info\/index.php\/2026\/08\/31\/avokat-i-shquar-serb-serbia-po-shkon-ne-anen-e-erret-te-historise-ne-po-cimentojme-rolin-tone-ne-gjenocid\/"]}]},{"@type":"ImageObject","inLanguage":"en-US","@id":"https:\/\/kosovatimes.info\/index.php\/2026\/08\/31\/avokat-i-shquar-serb-serbia-po-shkon-ne-anen-e-erret-te-historise-ne-po-cimentojme-rolin-tone-ne-gjenocid\/#primaryimage","url":"https:\/\/kosovatimes.info\/wp-content\/uploads\/2026\/08\/Mladiq-1.jpg","contentUrl":"https:\/\/kosovatimes.info\/wp-content\/uploads\/2026\/08\/Mladiq-1.jpg","width":1280,"height":865},{"@type":"BreadcrumbList","@id":"https:\/\/kosovatimes.info\/index.php\/2026\/08\/31\/avokat-i-shquar-serb-serbia-po-shkon-ne-anen-e-erret-te-historise-ne-po-cimentojme-rolin-tone-ne-gjenocid\/#breadcrumb","itemListElement":[{"@type":"ListItem","position":1,"name":"Home","item":"https:\/\/kosovatimes.info\/"},{"@type":"ListItem","position":2,"name":"Avokat i shquar serb: &#8216;Serbia po shkon n\u00eb an\u00ebn e err\u00ebt t\u00eb historis\u00eb, ne po \u00e7imentojm\u00eb rolin ton\u00eb n\u00eb gjenocid&#8217;"}]},{"@type":"WebSite","@id":"https:\/\/kosovatimes.info\/#website","url":"https:\/\/kosovatimes.info\/","name":"Kosova Times","description":"","potentialAction":[{"@type":"SearchAction","target":{"@type":"EntryPoint","urlTemplate":"https:\/\/kosovatimes.info\/?s={search_term_string}"},"query-input":{"@type":"PropertyValueSpecification","valueRequired":true,"valueName":"search_term_string"}}],"inLanguage":"en-US"},{"@type":"Person","@id":"https:\/\/kosovatimes.info\/#\/schema\/person\/7586712b9c512fe68085de007378c915","name":"i l","image":{"@type":"ImageObject","inLanguage":"en-US","@id":"https:\/\/secure.gravatar.com\/avatar\/bad9296e02816160ae2e2435beda58222022298d5625d49fea74d18816fbb31d?s=96&d=mm&r=g","url":"https:\/\/secure.gravatar.com\/avatar\/bad9296e02816160ae2e2435beda58222022298d5625d49fea74d18816fbb31d?s=96&d=mm&r=g","contentUrl":"https:\/\/secure.gravatar.com\/avatar\/bad9296e02816160ae2e2435beda58222022298d5625d49fea74d18816fbb31d?s=96&d=mm&r=g","caption":"i l"},"url":"https:\/\/kosovatimes.info\/index.php\/author\/iliri\/"}]}},"_links":{"self":[{"href":"https:\/\/kosovatimes.info\/index.php\/wp-json\/wp\/v2\/posts\/30159","targetHints":{"allow":["GET"]}}],"collection":[{"href":"https:\/\/kosovatimes.info\/index.php\/wp-json\/wp\/v2\/posts"}],"about":[{"href":"https:\/\/kosovatimes.info\/index.php\/wp-json\/wp\/v2\/types\/post"}],"author":[{"embeddable":true,"href":"https:\/\/kosovatimes.info\/index.php\/wp-json\/wp\/v2\/users\/4"}],"replies":[{"embeddable":true,"href":"https:\/\/kosovatimes.info\/index.php\/wp-json\/wp\/v2\/comments?post=30159"}],"version-history":[{"count":1,"href":"https:\/\/kosovatimes.info\/index.php\/wp-json\/wp\/v2\/posts\/30159\/revisions"}],"predecessor-version":[{"id":30161,"href":"https:\/\/kosovatimes.info\/index.php\/wp-json\/wp\/v2\/posts\/30159\/revisions\/30161"}],"wp:featuredmedia":[{"embeddable":true,"href":"https:\/\/kosovatimes.info\/index.php\/wp-json\/wp\/v2\/media\/30160"}],"wp:attachment":[{"href":"https:\/\/kosovatimes.info\/index.php\/wp-json\/wp\/v2\/media?parent=30159"}],"wp:term":[{"taxonomy":"category","embeddable":true,"href":"https:\/\/kosovatimes.info\/index.php\/wp-json\/wp\/v2\/categories?post=30159"},{"taxonomy":"post_tag","embeddable":true,"href":"https:\/\/kosovatimes.info\/index.php\/wp-json\/wp\/v2\/tags?post=30159"}],"curies":[{"name":"wp","href":"https:\/\/api.w.org\/{rel}","templated":true}]}}