{"id":30162,"date":"2026-08-31T09:49:02","date_gmt":"2026-08-31T07:49:02","guid":{"rendered":"https:\/\/kosovatimes.info\/?p=30162"},"modified":"2026-08-31T09:49:04","modified_gmt":"2026-08-31T07:49:04","slug":"pese-ore-te-bllokuar-ne-nje-avion-per-shkak-te-nje-defekti-zera-te-fiket-dhe-sulm-paniku","status":"publish","type":"post","link":"https:\/\/kosovatimes.info\/index.php\/2026\/08\/31\/pese-ore-te-bllokuar-ne-nje-avion-per-shkak-te-nje-defekti-zera-te-fiket-dhe-sulm-paniku\/","title":{"rendered":"Pes\u00eb or\u00eb t\u00eb bllokuar n\u00eb nj\u00eb avion p\u00ebr shkak t\u00eb nj\u00eb defekti \u2013 Z\u00ebra, t\u00eb fik\u00ebt dhe sulm paniku"},"content":{"rendered":"\n<p class=\"wp-block-paragraph\">Momente&nbsp;<strong>tensioni dhe vuajtjesh t\u00eb m\u00ebdha<\/strong>&nbsp;p\u00ebrjetuan&nbsp;<strong>183 pasagjer\u00eb<\/strong>&nbsp;n\u00eb nj\u00eb fluturim nga&nbsp;<a href=\"https:\/\/www.kathimerini.gr\/tag\/chania\/\" target=\"_blank\" rel=\"noopener\">Hania<\/a>&nbsp;p\u00ebr n\u00eb Selanik, t\u00eb cil\u00ebt q\u00ebndruan&nbsp;<strong>n\u00eb avion p\u00ebr af\u00ebrsisht pes\u00eb or\u00eb<\/strong>&nbsp;p\u00ebr shkak t\u00eb nj\u00eb problemi teknik.<\/p>\n\n\n\n<p class=\"wp-block-paragraph\">Boeing&nbsp;<strong>737<\/strong>&nbsp;ishte planifikuar t\u00eb ngrihej nga Aeroporti Daskalogiannis n\u00eb or\u00ebn 16:40. Megjithat\u00eb, nd\u00ebrsa procesi i taksimit kishte filluar, ndodhi&nbsp;<strong>nj\u00eb defekt teknik , duke rezultuar n\u00eb&nbsp;<\/strong><strong>kthimin e avionit<\/strong>&nbsp;nga kapiteni&nbsp;n\u00eb pozicionin e parkimit.<\/p>\n\n\n\n<p class=\"wp-block-paragraph\">Teknik\u00ebt nxituan n\u00eb vendngjarje p\u00ebr t\u00eb kryer&nbsp;<strong>kontrollet e nevojshme<\/strong>&nbsp;dhe p\u00ebr t\u00eb p\u00ebrcaktuar n\u00ebse avioni mund ta kryente&nbsp;fluturimin&nbsp;&nbsp;<strong>n\u00eb m\u00ebnyr\u00eb t\u00eb sigurt .<\/strong><\/p>\n\n\n\n<p class=\"wp-block-paragraph\">P\u00ebraf\u00ebrsisht dy or\u00eb m\u00eb von\u00eb, u b\u00eb nj\u00eb p\u00ebrpjekje p\u00ebr t\u00eb rinisur motor\u00ebt, por&nbsp;<strong>nj\u00eb tregues i ri u shfaq n\u00eb instrumente<\/strong>&nbsp;, duke rezultuar n\u00eb nj\u00eb pritje edhe m\u00eb t\u00eb gjat\u00eb.<\/p>\n\n\n\n<p class=\"wp-block-paragraph\"><a href=\"https:\/\/www.kathimerini.gr\/society\/564428539\/synagermos-sti-rodo-aeroskafos-tis-olympic-air-epestrepse-sto-aerodromio-logo-pithanis-michanikis-vlavis\/\" target=\"_blank\" rel=\"noopener\"><\/a><\/p>\n\n\n\n<h2 class=\"wp-block-heading\">Pes\u00eb or\u00eb n\u00eb aeroplan<\/h2>\n\n\n\n<p class=\"wp-block-paragraph\">Sipas asaj q\u00eb raporton ERT, 183 pasagjer\u00ebt q\u00ebndruan n\u00eb aeroplan p\u00ebr af\u00ebrsisht pes\u00eb or\u00eb, me&nbsp;<strong>vones\u00ebn e gjat\u00eb<\/strong>&nbsp;q\u00eb shkaktoi&nbsp;<strong>shqet\u00ebsim dhe acarim<\/strong>&nbsp;t\u00eb madh .<\/p>\n\n\n\n<p class=\"wp-block-paragraph\">Situata u p\u00ebrkeq\u00ebsua edhe m\u00eb tej kur, sipas t\u00eb nj\u00ebjtit informacion,&nbsp;<strong>pasagjer\u00ebt q\u00eb k\u00ebrkuan uj\u00eb u informuan se do t\u00eb duhej t\u00eb paguanin p\u00ebr t\u00eb<\/strong>&nbsp;.<\/p>\n\n\n\n<p class=\"wp-block-paragraph\">Pas rreth pes\u00eb or\u00ebsh, m\u00eb n\u00eb fund u dha &#8220;drita jeshile&#8221; p\u00ebr nisje. Megjithat\u00eb, kur avioni filloi t\u00eb l\u00ebvizte p\u00ebrs\u00ebri,\u00a0<strong>disa pasagjer\u00eb reaguan ashp\u00ebr<\/strong>\u00a0, duke deklaruar se nuk d\u00ebshironin m\u00eb t\u00eb udh\u00ebtonin.<a href=\"https:\/\/www.kathimerini.gr\/society\/564394768\/skiathos-italida-toyristria-traymatistike-sovara-apo-to-reyma-toyrmpinas-aeroskafoys\/\" target=\"_blank\" rel=\"noopener\"><\/a><\/p>\n\n\n\n<h2 class=\"wp-block-heading\">T\u00eb fik\u00ebt dhe sulm paniku<\/h2>\n\n\n\n<p class=\"wp-block-paragraph\">Brenda avionit pati&nbsp;britma dhe&nbsp;<strong>rr\u00ebmuj\u00eb t\u00eb madhe , nd\u00ebrsa nj\u00eb grua&nbsp;<\/strong><strong>ra t\u00eb fik\u00ebt<\/strong>&nbsp;dhe nj\u00eb e dyt\u00eb p\u00ebsoi&nbsp;<strong>nj\u00eb atak paniku<\/strong>&nbsp;.<\/p>\n\n\n\n<p class=\"wp-block-paragraph\">Policia u thirr n\u00eb aeroport, me oficer\u00ebt q\u00eb u p\u00ebrpoq\u00ebn&nbsp;<strong>t\u00eb qet\u00ebsonin tensionin<\/strong>&nbsp;dhe t\u00eb menaxhonin situat\u00ebn.<\/p>\n\n\n\n<p class=\"wp-block-paragraph\">N\u00eb fund,&nbsp;<strong>25 pasagjer\u00eb vendos\u00ebn ta braktisnin fluturimin<\/strong>&nbsp;dhe zbrit\u00ebn nga avioni.<\/p>\n\n\n\n<p class=\"wp-block-paragraph\">Gjat\u00eb transportit t\u00eb tyre me autobus,&nbsp;<strong>nj\u00eb grua u l\u00ebndua n\u00eb k\u00ebmb\u00eb<\/strong>&nbsp;dhe k\u00ebrkoi ndihm\u00ebn e EKAB-s\u00eb. Nj\u00eb ambulanc\u00eb e transportoi at\u00eb n\u00eb spital p\u00ebr ndihm\u00ebn e par\u00eb.<\/p>\n\n\n\n<p class=\"wp-block-paragraph\">Pasagjer\u00ebt q\u00eb zgjodh\u00ebn t\u00eb mos udh\u00ebtonin u nis\u00ebn nga aeroporti me destinacion qytetin e Hanias, nd\u00ebrsa pjesa tjet\u00ebr vazhduan udh\u00ebtimin e tyre p\u00ebr n\u00eb Selanik.<\/p>\n\n\n\n<p class=\"wp-block-paragraph\">Avioni m\u00eb n\u00eb fund u ngrit n\u00eb or\u00ebn 21:50,&nbsp;<strong>me nj\u00eb vones\u00eb prej rreth pes\u00eb or\u00ebsh<\/strong>&nbsp;.<\/p>\n\n\n\n<p class=\"wp-block-paragraph\"><em>Me informacion nga ERT<\/em><\/p>\n","protected":false},"excerpt":{"rendered":"<p>Momente&nbsp;tensioni dhe vuajtjesh t\u00eb m\u00ebdha&nbsp;p\u00ebrjetuan&nbsp;183 pasagjer\u00eb&nbsp;n\u00eb nj\u00eb fluturim nga&nbsp;Hania&nbsp;p\u00ebr n\u00eb Selanik, t\u00eb cil\u00ebt q\u00ebndruan&nbsp;n\u00eb avion p\u00ebr af\u00ebrsisht pes\u00eb or\u00eb&nbsp;p\u00ebr shkak t\u00eb nj\u00eb problemi teknik. Boeing&nbsp;737&nbsp;ishte planifikuar t\u00eb ngrihej nga Aeroporti Daskalogiannis n\u00eb or\u00ebn 16:40. Megjithat\u00eb, nd\u00ebrsa procesi i taksimit kishte filluar, ndodhi&nbsp;nj\u00eb defekt teknik , duke rezultuar n\u00eb&nbsp;kthimin e avionit&nbsp;nga kapiteni&nbsp;n\u00eb pozicionin e parkimit. Teknik\u00ebt [&hellip;]<\/p>\n","protected":false},"author":4,"featured_media":30163,"comment_status":"open","ping_status":"open","sticky":false,"template":"","format":"standard","meta":{"footnotes":""},"categories":[30,32],"tags":[],"class_list":["post-30162","post","type-post","status-publish","format-standard","has-post-thumbnail","category-lajme","category-rajon"],"yoast_head":"<!-- This site is optimized with the Yoast SEO plugin v27.4 - https:\/\/yoast.com\/product\/yoast-seo-wordpress\/ -->\n<title>Pes\u00eb or\u00eb t\u00eb bllokuar n\u00eb nj\u00eb avion p\u00ebr shkak t\u00eb nj\u00eb defekti \u2013 Z\u00ebra, t\u00eb fik\u00ebt dhe sulm paniku - Kosova Times<\/title>\n<meta name=\"robots\" content=\"index, follow, max-snippet:-1, max-image-preview:large, max-video-preview:-1\" \/>\n<link rel=\"canonical\" href=\"https:\/\/kosovatimes.info\/index.php\/2026\/08\/31\/pese-ore-te-bllokuar-ne-nje-avion-per-shkak-te-nje-defekti-zera-te-fiket-dhe-sulm-paniku\/\" \/>\n<meta property=\"og:locale\" content=\"en_US\" \/>\n<meta property=\"og:type\" content=\"article\" \/>\n<meta property=\"og:title\" content=\"Pes\u00eb or\u00eb t\u00eb bllokuar n\u00eb nj\u00eb avion p\u00ebr shkak t\u00eb nj\u00eb defekti \u2013 Z\u00ebra, t\u00eb fik\u00ebt dhe sulm paniku - Kosova Times\" \/>\n<meta property=\"og:description\" content=\"Momente&nbsp;tensioni dhe vuajtjesh t\u00eb m\u00ebdha&nbsp;p\u00ebrjetuan&nbsp;183 pasagjer\u00eb&nbsp;n\u00eb nj\u00eb fluturim nga&nbsp;Hania&nbsp;p\u00ebr n\u00eb Selanik, t\u00eb cil\u00ebt q\u00ebndruan&nbsp;n\u00eb avion p\u00ebr af\u00ebrsisht pes\u00eb or\u00eb&nbsp;p\u00ebr shkak t\u00eb nj\u00eb problemi teknik. Boeing&nbsp;737&nbsp;ishte planifikuar t\u00eb ngrihej nga Aeroporti Daskalogiannis n\u00eb or\u00ebn 16:40. Megjithat\u00eb, nd\u00ebrsa procesi i taksimit kishte filluar, ndodhi&nbsp;nj\u00eb defekt teknik , duke rezultuar n\u00eb&nbsp;kthimin e avionit&nbsp;nga kapiteni&nbsp;n\u00eb pozicionin e parkimit. Teknik\u00ebt [&hellip;]\" \/>\n<meta property=\"og:url\" content=\"https:\/\/kosovatimes.info\/index.php\/2026\/08\/31\/pese-ore-te-bllokuar-ne-nje-avion-per-shkak-te-nje-defekti-zera-te-fiket-dhe-sulm-paniku\/\" \/>\n<meta property=\"og:site_name\" content=\"Kosova Times\" \/>\n<meta property=\"article:published_time\" content=\"2026-08-31T07:49:02+00:00\" \/>\n<meta property=\"article:modified_time\" content=\"2026-08-31T07:49:04+00:00\" \/>\n<meta property=\"og:image\" content=\"https:\/\/kosovatimes.info\/wp-content\/uploads\/2026\/08\/hania.jpg\" \/>\n\t<meta property=\"og:image:width\" content=\"2560\" \/>\n\t<meta property=\"og:image:height\" content=\"1440\" \/>\n\t<meta property=\"og:image:type\" content=\"image\/jpeg\" \/>\n<meta name=\"author\" content=\"i l\" \/>\n<meta name=\"twitter:card\" content=\"summary_large_image\" \/>\n<meta name=\"twitter:label1\" content=\"Written by\" \/>\n\t<meta name=\"twitter:data1\" content=\"i l\" \/>\n\t<meta name=\"twitter:label2\" content=\"Est. reading time\" \/>\n\t<meta name=\"twitter:data2\" content=\"2 minutes\" \/>\n<script type=\"application\/ld+json\" class=\"yoast-schema-graph\">{\"@context\":\"https:\\\/\\\/schema.org\",\"@graph\":[{\"@type\":\"Article\",\"@id\":\"https:\\\/\\\/kosovatimes.info\\\/index.php\\\/2026\\\/08\\\/31\\\/pese-ore-te-bllokuar-ne-nje-avion-per-shkak-te-nje-defekti-zera-te-fiket-dhe-sulm-paniku\\\/#article\",\"isPartOf\":{\"@id\":\"https:\\\/\\\/kosovatimes.info\\\/index.php\\\/2026\\\/08\\\/31\\\/pese-ore-te-bllokuar-ne-nje-avion-per-shkak-te-nje-defekti-zera-te-fiket-dhe-sulm-paniku\\\/\"},\"author\":{\"name\":\"i l\",\"@id\":\"https:\\\/\\\/kosovatimes.info\\\/#\\\/schema\\\/person\\\/7586712b9c512fe68085de007378c915\"},\"headline\":\"Pes\u00eb or\u00eb t\u00eb bllokuar n\u00eb nj\u00eb avion p\u00ebr shkak t\u00eb nj\u00eb defekti \u2013 Z\u00ebra, t\u00eb fik\u00ebt dhe sulm paniku\",\"datePublished\":\"2026-08-31T07:49:02+00:00\",\"dateModified\":\"2026-08-31T07:49:04+00:00\",\"mainEntityOfPage\":{\"@id\":\"https:\\\/\\\/kosovatimes.info\\\/index.php\\\/2026\\\/08\\\/31\\\/pese-ore-te-bllokuar-ne-nje-avion-per-shkak-te-nje-defekti-zera-te-fiket-dhe-sulm-paniku\\\/\"},\"wordCount\":462,\"commentCount\":0,\"image\":{\"@id\":\"https:\\\/\\\/kosovatimes.info\\\/index.php\\\/2026\\\/08\\\/31\\\/pese-ore-te-bllokuar-ne-nje-avion-per-shkak-te-nje-defekti-zera-te-fiket-dhe-sulm-paniku\\\/#primaryimage\"},\"thumbnailUrl\":\"https:\\\/\\\/kosovatimes.info\\\/wp-content\\\/uploads\\\/2026\\\/08\\\/hania.jpg\",\"articleSection\":[\"Lajme\",\"Rajon\"],\"inLanguage\":\"en-US\",\"potentialAction\":[{\"@type\":\"CommentAction\",\"name\":\"Comment\",\"target\":[\"https:\\\/\\\/kosovatimes.info\\\/index.php\\\/2026\\\/08\\\/31\\\/pese-ore-te-bllokuar-ne-nje-avion-per-shkak-te-nje-defekti-zera-te-fiket-dhe-sulm-paniku\\\/#respond\"]}]},{\"@type\":\"WebPage\",\"@id\":\"https:\\\/\\\/kosovatimes.info\\\/index.php\\\/2026\\\/08\\\/31\\\/pese-ore-te-bllokuar-ne-nje-avion-per-shkak-te-nje-defekti-zera-te-fiket-dhe-sulm-paniku\\\/\",\"url\":\"https:\\\/\\\/kosovatimes.info\\\/index.php\\\/2026\\\/08\\\/31\\\/pese-ore-te-bllokuar-ne-nje-avion-per-shkak-te-nje-defekti-zera-te-fiket-dhe-sulm-paniku\\\/\",\"name\":\"Pes\u00eb or\u00eb t\u00eb bllokuar n\u00eb nj\u00eb avion p\u00ebr shkak t\u00eb nj\u00eb defekti \u2013 Z\u00ebra, t\u00eb fik\u00ebt dhe sulm paniku - Kosova Times\",\"isPartOf\":{\"@id\":\"https:\\\/\\\/kosovatimes.info\\\/#website\"},\"primaryImageOfPage\":{\"@id\":\"https:\\\/\\\/kosovatimes.info\\\/index.php\\\/2026\\\/08\\\/31\\\/pese-ore-te-bllokuar-ne-nje-avion-per-shkak-te-nje-defekti-zera-te-fiket-dhe-sulm-paniku\\\/#primaryimage\"},\"image\":{\"@id\":\"https:\\\/\\\/kosovatimes.info\\\/index.php\\\/2026\\\/08\\\/31\\\/pese-ore-te-bllokuar-ne-nje-avion-per-shkak-te-nje-defekti-zera-te-fiket-dhe-sulm-paniku\\\/#primaryimage\"},\"thumbnailUrl\":\"https:\\\/\\\/kosovatimes.info\\\/wp-content\\\/uploads\\\/2026\\\/08\\\/hania.jpg\",\"datePublished\":\"2026-08-31T07:49:02+00:00\",\"dateModified\":\"2026-08-31T07:49:04+00:00\",\"author\":{\"@id\":\"https:\\\/\\\/kosovatimes.info\\\/#\\\/schema\\\/person\\\/7586712b9c512fe68085de007378c915\"},\"breadcrumb\":{\"@id\":\"https:\\\/\\\/kosovatimes.info\\\/index.php\\\/2026\\\/08\\\/31\\\/pese-ore-te-bllokuar-ne-nje-avion-per-shkak-te-nje-defekti-zera-te-fiket-dhe-sulm-paniku\\\/#breadcrumb\"},\"inLanguage\":\"en-US\",\"potentialAction\":[{\"@type\":\"ReadAction\",\"target\":[\"https:\\\/\\\/kosovatimes.info\\\/index.php\\\/2026\\\/08\\\/31\\\/pese-ore-te-bllokuar-ne-nje-avion-per-shkak-te-nje-defekti-zera-te-fiket-dhe-sulm-paniku\\\/\"]}]},{\"@type\":\"ImageObject\",\"inLanguage\":\"en-US\",\"@id\":\"https:\\\/\\\/kosovatimes.info\\\/index.php\\\/2026\\\/08\\\/31\\\/pese-ore-te-bllokuar-ne-nje-avion-per-shkak-te-nje-defekti-zera-te-fiket-dhe-sulm-paniku\\\/#primaryimage\",\"url\":\"https:\\\/\\\/kosovatimes.info\\\/wp-content\\\/uploads\\\/2026\\\/08\\\/hania.jpg\",\"contentUrl\":\"https:\\\/\\\/kosovatimes.info\\\/wp-content\\\/uploads\\\/2026\\\/08\\\/hania.jpg\",\"width\":2560,\"height\":1440},{\"@type\":\"BreadcrumbList\",\"@id\":\"https:\\\/\\\/kosovatimes.info\\\/index.php\\\/2026\\\/08\\\/31\\\/pese-ore-te-bllokuar-ne-nje-avion-per-shkak-te-nje-defekti-zera-te-fiket-dhe-sulm-paniku\\\/#breadcrumb\",\"itemListElement\":[{\"@type\":\"ListItem\",\"position\":1,\"name\":\"Home\",\"item\":\"https:\\\/\\\/kosovatimes.info\\\/\"},{\"@type\":\"ListItem\",\"position\":2,\"name\":\"Pes\u00eb or\u00eb t\u00eb bllokuar n\u00eb nj\u00eb avion p\u00ebr shkak t\u00eb nj\u00eb defekti \u2013 Z\u00ebra, t\u00eb fik\u00ebt dhe sulm paniku\"}]},{\"@type\":\"WebSite\",\"@id\":\"https:\\\/\\\/kosovatimes.info\\\/#website\",\"url\":\"https:\\\/\\\/kosovatimes.info\\\/\",\"name\":\"Kosova Times\",\"description\":\"\",\"potentialAction\":[{\"@type\":\"SearchAction\",\"target\":{\"@type\":\"EntryPoint\",\"urlTemplate\":\"https:\\\/\\\/kosovatimes.info\\\/?s={search_term_string}\"},\"query-input\":{\"@type\":\"PropertyValueSpecification\",\"valueRequired\":true,\"valueName\":\"search_term_string\"}}],\"inLanguage\":\"en-US\"},{\"@type\":\"Person\",\"@id\":\"https:\\\/\\\/kosovatimes.info\\\/#\\\/schema\\\/person\\\/7586712b9c512fe68085de007378c915\",\"name\":\"i l\",\"image\":{\"@type\":\"ImageObject\",\"inLanguage\":\"en-US\",\"@id\":\"https:\\\/\\\/secure.gravatar.com\\\/avatar\\\/bad9296e02816160ae2e2435beda58222022298d5625d49fea74d18816fbb31d?s=96&d=mm&r=g\",\"url\":\"https:\\\/\\\/secure.gravatar.com\\\/avatar\\\/bad9296e02816160ae2e2435beda58222022298d5625d49fea74d18816fbb31d?s=96&d=mm&r=g\",\"contentUrl\":\"https:\\\/\\\/secure.gravatar.com\\\/avatar\\\/bad9296e02816160ae2e2435beda58222022298d5625d49fea74d18816fbb31d?s=96&d=mm&r=g\",\"caption\":\"i l\"},\"url\":\"https:\\\/\\\/kosovatimes.info\\\/index.php\\\/author\\\/iliri\\\/\"}]}<\/script>\n<!-- \/ Yoast SEO plugin. -->","yoast_head_json":{"title":"Pes\u00eb or\u00eb t\u00eb bllokuar n\u00eb nj\u00eb avion p\u00ebr shkak t\u00eb nj\u00eb defekti \u2013 Z\u00ebra, t\u00eb fik\u00ebt dhe sulm paniku - Kosova Times","robots":{"index":"index","follow":"follow","max-snippet":"max-snippet:-1","max-image-preview":"max-image-preview:large","max-video-preview":"max-video-preview:-1"},"canonical":"https:\/\/kosovatimes.info\/index.php\/2026\/08\/31\/pese-ore-te-bllokuar-ne-nje-avion-per-shkak-te-nje-defekti-zera-te-fiket-dhe-sulm-paniku\/","og_locale":"en_US","og_type":"article","og_title":"Pes\u00eb or\u00eb t\u00eb bllokuar n\u00eb nj\u00eb avion p\u00ebr shkak t\u00eb nj\u00eb defekti \u2013 Z\u00ebra, t\u00eb fik\u00ebt dhe sulm paniku - Kosova Times","og_description":"Momente&nbsp;tensioni dhe vuajtjesh t\u00eb m\u00ebdha&nbsp;p\u00ebrjetuan&nbsp;183 pasagjer\u00eb&nbsp;n\u00eb nj\u00eb fluturim nga&nbsp;Hania&nbsp;p\u00ebr n\u00eb Selanik, t\u00eb cil\u00ebt q\u00ebndruan&nbsp;n\u00eb avion p\u00ebr af\u00ebrsisht pes\u00eb or\u00eb&nbsp;p\u00ebr shkak t\u00eb nj\u00eb problemi teknik. Boeing&nbsp;737&nbsp;ishte planifikuar t\u00eb ngrihej nga Aeroporti Daskalogiannis n\u00eb or\u00ebn 16:40. Megjithat\u00eb, nd\u00ebrsa procesi i taksimit kishte filluar, ndodhi&nbsp;nj\u00eb defekt teknik , duke rezultuar n\u00eb&nbsp;kthimin e avionit&nbsp;nga kapiteni&nbsp;n\u00eb pozicionin e parkimit. Teknik\u00ebt [&hellip;]","og_url":"https:\/\/kosovatimes.info\/index.php\/2026\/08\/31\/pese-ore-te-bllokuar-ne-nje-avion-per-shkak-te-nje-defekti-zera-te-fiket-dhe-sulm-paniku\/","og_site_name":"Kosova Times","article_published_time":"2026-08-31T07:49:02+00:00","article_modified_time":"2026-08-31T07:49:04+00:00","og_image":[{"width":2560,"height":1440,"url":"https:\/\/kosovatimes.info\/wp-content\/uploads\/2026\/08\/hania.jpg","type":"image\/jpeg"}],"author":"i l","twitter_card":"summary_large_image","twitter_misc":{"Written by":"i l","Est. reading time":"2 minutes"},"schema":{"@context":"https:\/\/schema.org","@graph":[{"@type":"Article","@id":"https:\/\/kosovatimes.info\/index.php\/2026\/08\/31\/pese-ore-te-bllokuar-ne-nje-avion-per-shkak-te-nje-defekti-zera-te-fiket-dhe-sulm-paniku\/#article","isPartOf":{"@id":"https:\/\/kosovatimes.info\/index.php\/2026\/08\/31\/pese-ore-te-bllokuar-ne-nje-avion-per-shkak-te-nje-defekti-zera-te-fiket-dhe-sulm-paniku\/"},"author":{"name":"i l","@id":"https:\/\/kosovatimes.info\/#\/schema\/person\/7586712b9c512fe68085de007378c915"},"headline":"Pes\u00eb or\u00eb t\u00eb bllokuar n\u00eb nj\u00eb avion p\u00ebr shkak t\u00eb nj\u00eb defekti \u2013 Z\u00ebra, t\u00eb fik\u00ebt dhe sulm paniku","datePublished":"2026-08-31T07:49:02+00:00","dateModified":"2026-08-31T07:49:04+00:00","mainEntityOfPage":{"@id":"https:\/\/kosovatimes.info\/index.php\/2026\/08\/31\/pese-ore-te-bllokuar-ne-nje-avion-per-shkak-te-nje-defekti-zera-te-fiket-dhe-sulm-paniku\/"},"wordCount":462,"commentCount":0,"image":{"@id":"https:\/\/kosovatimes.info\/index.php\/2026\/08\/31\/pese-ore-te-bllokuar-ne-nje-avion-per-shkak-te-nje-defekti-zera-te-fiket-dhe-sulm-paniku\/#primaryimage"},"thumbnailUrl":"https:\/\/kosovatimes.info\/wp-content\/uploads\/2026\/08\/hania.jpg","articleSection":["Lajme","Rajon"],"inLanguage":"en-US","potentialAction":[{"@type":"CommentAction","name":"Comment","target":["https:\/\/kosovatimes.info\/index.php\/2026\/08\/31\/pese-ore-te-bllokuar-ne-nje-avion-per-shkak-te-nje-defekti-zera-te-fiket-dhe-sulm-paniku\/#respond"]}]},{"@type":"WebPage","@id":"https:\/\/kosovatimes.info\/index.php\/2026\/08\/31\/pese-ore-te-bllokuar-ne-nje-avion-per-shkak-te-nje-defekti-zera-te-fiket-dhe-sulm-paniku\/","url":"https:\/\/kosovatimes.info\/index.php\/2026\/08\/31\/pese-ore-te-bllokuar-ne-nje-avion-per-shkak-te-nje-defekti-zera-te-fiket-dhe-sulm-paniku\/","name":"Pes\u00eb or\u00eb t\u00eb bllokuar n\u00eb nj\u00eb avion p\u00ebr shkak t\u00eb nj\u00eb defekti \u2013 Z\u00ebra, t\u00eb fik\u00ebt dhe sulm paniku - Kosova Times","isPartOf":{"@id":"https:\/\/kosovatimes.info\/#website"},"primaryImageOfPage":{"@id":"https:\/\/kosovatimes.info\/index.php\/2026\/08\/31\/pese-ore-te-bllokuar-ne-nje-avion-per-shkak-te-nje-defekti-zera-te-fiket-dhe-sulm-paniku\/#primaryimage"},"image":{"@id":"https:\/\/kosovatimes.info\/index.php\/2026\/08\/31\/pese-ore-te-bllokuar-ne-nje-avion-per-shkak-te-nje-defekti-zera-te-fiket-dhe-sulm-paniku\/#primaryimage"},"thumbnailUrl":"https:\/\/kosovatimes.info\/wp-content\/uploads\/2026\/08\/hania.jpg","datePublished":"2026-08-31T07:49:02+00:00","dateModified":"2026-08-31T07:49:04+00:00","author":{"@id":"https:\/\/kosovatimes.info\/#\/schema\/person\/7586712b9c512fe68085de007378c915"},"breadcrumb":{"@id":"https:\/\/kosovatimes.info\/index.php\/2026\/08\/31\/pese-ore-te-bllokuar-ne-nje-avion-per-shkak-te-nje-defekti-zera-te-fiket-dhe-sulm-paniku\/#breadcrumb"},"inLanguage":"en-US","potentialAction":[{"@type":"ReadAction","target":["https:\/\/kosovatimes.info\/index.php\/2026\/08\/31\/pese-ore-te-bllokuar-ne-nje-avion-per-shkak-te-nje-defekti-zera-te-fiket-dhe-sulm-paniku\/"]}]},{"@type":"ImageObject","inLanguage":"en-US","@id":"https:\/\/kosovatimes.info\/index.php\/2026\/08\/31\/pese-ore-te-bllokuar-ne-nje-avion-per-shkak-te-nje-defekti-zera-te-fiket-dhe-sulm-paniku\/#primaryimage","url":"https:\/\/kosovatimes.info\/wp-content\/uploads\/2026\/08\/hania.jpg","contentUrl":"https:\/\/kosovatimes.info\/wp-content\/uploads\/2026\/08\/hania.jpg","width":2560,"height":1440},{"@type":"BreadcrumbList","@id":"https:\/\/kosovatimes.info\/index.php\/2026\/08\/31\/pese-ore-te-bllokuar-ne-nje-avion-per-shkak-te-nje-defekti-zera-te-fiket-dhe-sulm-paniku\/#breadcrumb","itemListElement":[{"@type":"ListItem","position":1,"name":"Home","item":"https:\/\/kosovatimes.info\/"},{"@type":"ListItem","position":2,"name":"Pes\u00eb or\u00eb t\u00eb bllokuar n\u00eb nj\u00eb avion p\u00ebr shkak t\u00eb nj\u00eb defekti \u2013 Z\u00ebra, t\u00eb fik\u00ebt dhe sulm paniku"}]},{"@type":"WebSite","@id":"https:\/\/kosovatimes.info\/#website","url":"https:\/\/kosovatimes.info\/","name":"Kosova Times","description":"","potentialAction":[{"@type":"SearchAction","target":{"@type":"EntryPoint","urlTemplate":"https:\/\/kosovatimes.info\/?s={search_term_string}"},"query-input":{"@type":"PropertyValueSpecification","valueRequired":true,"valueName":"search_term_string"}}],"inLanguage":"en-US"},{"@type":"Person","@id":"https:\/\/kosovatimes.info\/#\/schema\/person\/7586712b9c512fe68085de007378c915","name":"i l","image":{"@type":"ImageObject","inLanguage":"en-US","@id":"https:\/\/secure.gravatar.com\/avatar\/bad9296e02816160ae2e2435beda58222022298d5625d49fea74d18816fbb31d?s=96&d=mm&r=g","url":"https:\/\/secure.gravatar.com\/avatar\/bad9296e02816160ae2e2435beda58222022298d5625d49fea74d18816fbb31d?s=96&d=mm&r=g","contentUrl":"https:\/\/secure.gravatar.com\/avatar\/bad9296e02816160ae2e2435beda58222022298d5625d49fea74d18816fbb31d?s=96&d=mm&r=g","caption":"i l"},"url":"https:\/\/kosovatimes.info\/index.php\/author\/iliri\/"}]}},"_links":{"self":[{"href":"https:\/\/kosovatimes.info\/index.php\/wp-json\/wp\/v2\/posts\/30162","targetHints":{"allow":["GET"]}}],"collection":[{"href":"https:\/\/kosovatimes.info\/index.php\/wp-json\/wp\/v2\/posts"}],"about":[{"href":"https:\/\/kosovatimes.info\/index.php\/wp-json\/wp\/v2\/types\/post"}],"author":[{"embeddable":true,"href":"https:\/\/kosovatimes.info\/index.php\/wp-json\/wp\/v2\/users\/4"}],"replies":[{"embeddable":true,"href":"https:\/\/kosovatimes.info\/index.php\/wp-json\/wp\/v2\/comments?post=30162"}],"version-history":[{"count":1,"href":"https:\/\/kosovatimes.info\/index.php\/wp-json\/wp\/v2\/posts\/30162\/revisions"}],"predecessor-version":[{"id":30164,"href":"https:\/\/kosovatimes.info\/index.php\/wp-json\/wp\/v2\/posts\/30162\/revisions\/30164"}],"wp:featuredmedia":[{"embeddable":true,"href":"https:\/\/kosovatimes.info\/index.php\/wp-json\/wp\/v2\/media\/30163"}],"wp:attachment":[{"href":"https:\/\/kosovatimes.info\/index.php\/wp-json\/wp\/v2\/media?parent=30162"}],"wp:term":[{"taxonomy":"category","embeddable":true,"href":"https:\/\/kosovatimes.info\/index.php\/wp-json\/wp\/v2\/categories?post=30162"},{"taxonomy":"post_tag","embeddable":true,"href":"https:\/\/kosovatimes.info\/index.php\/wp-json\/wp\/v2\/tags?post=30162"}],"curies":[{"name":"wp","href":"https:\/\/api.w.org\/{rel}","templated":true}]}}