{"id":30199,"date":"2026-08-31T11:19:00","date_gmt":"2026-08-31T09:19:00","guid":{"rendered":"https:\/\/kosovatimes.info\/?p=30199"},"modified":"2026-08-31T12:43:04","modified_gmt":"2026-08-31T10:43:04","slug":"demtimi-i-gypave-nderpret-furnizimin-me-uje-ne-gracanice-dhe-zonat-perreth","status":"publish","type":"post","link":"https:\/\/kosovatimes.info\/index.php\/2026\/08\/31\/demtimi-i-gypave-nderpret-furnizimin-me-uje-ne-gracanice-dhe-zonat-perreth\/","title":{"rendered":"D\u00ebmtimi i gypave nd\u00ebrpret furnizimin me uj\u00eb n\u00eb Gra\u00e7anic\u00eb dhe zonat p\u00ebrreth"},"content":{"rendered":"\n<p class=\"wp-block-paragraph\"><strong>KRU \u201cPrishtina\u201d ka njoftuar p\u00ebr nd\u00ebrprerje t\u00eb furnizimit me uj\u00eb t\u00eb pijsh\u00ebm n\u00eb Gra\u00e7anic\u00eb dhe disa zona p\u00ebrreth, p\u00ebr shkak t\u00eb d\u00ebmtimit t\u00eb gypave kryesor\u00eb t\u00eb uj\u00ebsjell\u00ebsit.<\/strong><\/p>\n\n\n\n<p class=\"wp-block-paragraph\">Sipas njoftimit, pa furnizim me uj\u00eb kan\u00eb mbetur konsumator\u00ebt n\u00eb Gra\u00e7anic\u00eb, Badovc i Ri, Llapnasell\u00eb, Preoc dhe nj\u00eb pjes\u00eb e Sushic\u00ebs.<\/p>\n\n\n\n<p class=\"wp-block-paragraph\">Kompania ka b\u00ebr\u00eb t\u00eb ditur se jan\u00eb d\u00ebmtuar gypi kryesor DN 225, gypi DN 160 n\u00eb tri segmente n\u00eb Gra\u00e7anic\u00eb, si dhe gypi DN 90 n\u00eb nj\u00eb segment tjet\u00ebr.<\/p>\n\n\n\n<p class=\"wp-block-paragraph\">Ekipet teknike t\u00eb mir\u00ebmbajtjes jan\u00eb n\u00eb terren dhe po punojn\u00eb p\u00ebr sanimin e defekteve dhe rikthimin e furnizimit n\u00eb koh\u00ebn m\u00eb t\u00eb shpejt\u00eb t\u00eb mundshme.<\/p>\n\n\n\n<p class=\"wp-block-paragraph\">Sipas KRU \u201cPrishtina\u201d, furnizimi i rregullt me uj\u00eb do t\u00eb rikthehet menj\u00ebher\u00eb pas p\u00ebrfundimit t\u00eb punimeve sanuese.<\/p>\n\n\n\n<p class=\"wp-block-paragraph\">Kompania u ka b\u00ebr\u00eb thirrje konsumator\u00ebve p\u00ebr mir\u00ebkuptim gjat\u00eb koh\u00ebs s\u00eb nd\u00ebrprerjes.<\/p>\n","protected":false},"excerpt":{"rendered":"<p>KRU \u201cPrishtina\u201d ka njoftuar p\u00ebr nd\u00ebrprerje t\u00eb furnizimit me uj\u00eb t\u00eb pijsh\u00ebm n\u00eb Gra\u00e7anic\u00eb dhe disa zona p\u00ebrreth, p\u00ebr shkak t\u00eb d\u00ebmtimit t\u00eb gypave kryesor\u00eb t\u00eb uj\u00ebsjell\u00ebsit. Sipas njoftimit, pa furnizim me uj\u00eb kan\u00eb mbetur konsumator\u00ebt n\u00eb Gra\u00e7anic\u00eb, Badovc i Ri, Llapnasell\u00eb, Preoc dhe nj\u00eb pjes\u00eb e Sushic\u00ebs. Kompania ka b\u00ebr\u00eb t\u00eb ditur se jan\u00eb [&hellip;]<\/p>\n","protected":false},"author":4,"featured_media":30200,"comment_status":"open","ping_status":"open","sticky":false,"template":"","format":"standard","meta":{"footnotes":""},"categories":[31,30],"tags":[],"class_list":["post-30199","post","type-post","status-publish","format-standard","has-post-thumbnail","category-kosove","category-lajme"],"yoast_head":"<!-- This site is optimized with the Yoast SEO plugin v27.4 - https:\/\/yoast.com\/product\/yoast-seo-wordpress\/ -->\n<title>D\u00ebmtimi i gypave nd\u00ebrpret furnizimin me uj\u00eb n\u00eb Gra\u00e7anic\u00eb dhe zonat p\u00ebrreth - Kosova Times<\/title>\n<meta name=\"robots\" content=\"index, follow, max-snippet:-1, max-image-preview:large, max-video-preview:-1\" \/>\n<link rel=\"canonical\" href=\"https:\/\/kosovatimes.info\/index.php\/2026\/08\/31\/demtimi-i-gypave-nderpret-furnizimin-me-uje-ne-gracanice-dhe-zonat-perreth\/\" \/>\n<meta property=\"og:locale\" content=\"en_US\" \/>\n<meta property=\"og:type\" content=\"article\" \/>\n<meta property=\"og:title\" content=\"D\u00ebmtimi i gypave nd\u00ebrpret furnizimin me uj\u00eb n\u00eb Gra\u00e7anic\u00eb dhe zonat p\u00ebrreth - Kosova Times\" \/>\n<meta property=\"og:description\" content=\"KRU \u201cPrishtina\u201d ka njoftuar p\u00ebr nd\u00ebrprerje t\u00eb furnizimit me uj\u00eb t\u00eb pijsh\u00ebm n\u00eb Gra\u00e7anic\u00eb dhe disa zona p\u00ebrreth, p\u00ebr shkak t\u00eb d\u00ebmtimit t\u00eb gypave kryesor\u00eb t\u00eb uj\u00ebsjell\u00ebsit. Sipas njoftimit, pa furnizim me uj\u00eb kan\u00eb mbetur konsumator\u00ebt n\u00eb Gra\u00e7anic\u00eb, Badovc i Ri, Llapnasell\u00eb, Preoc dhe nj\u00eb pjes\u00eb e Sushic\u00ebs. Kompania ka b\u00ebr\u00eb t\u00eb ditur se jan\u00eb [&hellip;]\" \/>\n<meta property=\"og:url\" content=\"https:\/\/kosovatimes.info\/index.php\/2026\/08\/31\/demtimi-i-gypave-nderpret-furnizimin-me-uje-ne-gracanice-dhe-zonat-perreth\/\" \/>\n<meta property=\"og:site_name\" content=\"Kosova Times\" \/>\n<meta property=\"article:published_time\" content=\"2026-08-31T09:19:00+00:00\" \/>\n<meta property=\"article:modified_time\" content=\"2026-08-31T10:43:04+00:00\" \/>\n<meta property=\"og:image\" content=\"https:\/\/kosovatimes.info\/wp-content\/uploads\/2026\/08\/kru-1.jpg\" \/>\n\t<meta property=\"og:image:width\" content=\"780\" \/>\n\t<meta property=\"og:image:height\" content=\"500\" \/>\n\t<meta property=\"og:image:type\" content=\"image\/jpeg\" \/>\n<meta name=\"author\" content=\"i l\" \/>\n<meta name=\"twitter:card\" content=\"summary_large_image\" \/>\n<meta name=\"twitter:label1\" content=\"Written by\" \/>\n\t<meta name=\"twitter:data1\" content=\"i l\" \/>\n\t<meta name=\"twitter:label2\" content=\"Est. reading time\" \/>\n\t<meta name=\"twitter:data2\" content=\"1 minute\" \/>\n<script type=\"application\/ld+json\" class=\"yoast-schema-graph\">{\"@context\":\"https:\\\/\\\/schema.org\",\"@graph\":[{\"@type\":\"Article\",\"@id\":\"https:\\\/\\\/kosovatimes.info\\\/index.php\\\/2026\\\/08\\\/31\\\/demtimi-i-gypave-nderpret-furnizimin-me-uje-ne-gracanice-dhe-zonat-perreth\\\/#article\",\"isPartOf\":{\"@id\":\"https:\\\/\\\/kosovatimes.info\\\/index.php\\\/2026\\\/08\\\/31\\\/demtimi-i-gypave-nderpret-furnizimin-me-uje-ne-gracanice-dhe-zonat-perreth\\\/\"},\"author\":{\"name\":\"i l\",\"@id\":\"https:\\\/\\\/kosovatimes.info\\\/#\\\/schema\\\/person\\\/7586712b9c512fe68085de007378c915\"},\"headline\":\"D\u00ebmtimi i gypave nd\u00ebrpret furnizimin me uj\u00eb n\u00eb Gra\u00e7anic\u00eb dhe zonat p\u00ebrreth\",\"datePublished\":\"2026-08-31T09:19:00+00:00\",\"dateModified\":\"2026-08-31T10:43:04+00:00\",\"mainEntityOfPage\":{\"@id\":\"https:\\\/\\\/kosovatimes.info\\\/index.php\\\/2026\\\/08\\\/31\\\/demtimi-i-gypave-nderpret-furnizimin-me-uje-ne-gracanice-dhe-zonat-perreth\\\/\"},\"wordCount\":171,\"commentCount\":0,\"image\":{\"@id\":\"https:\\\/\\\/kosovatimes.info\\\/index.php\\\/2026\\\/08\\\/31\\\/demtimi-i-gypave-nderpret-furnizimin-me-uje-ne-gracanice-dhe-zonat-perreth\\\/#primaryimage\"},\"thumbnailUrl\":\"https:\\\/\\\/kosovatimes.info\\\/wp-content\\\/uploads\\\/2026\\\/08\\\/kru-1.jpg\",\"articleSection\":[\"Kosov\u00eb\",\"Lajme\"],\"inLanguage\":\"en-US\",\"potentialAction\":[{\"@type\":\"CommentAction\",\"name\":\"Comment\",\"target\":[\"https:\\\/\\\/kosovatimes.info\\\/index.php\\\/2026\\\/08\\\/31\\\/demtimi-i-gypave-nderpret-furnizimin-me-uje-ne-gracanice-dhe-zonat-perreth\\\/#respond\"]}]},{\"@type\":\"WebPage\",\"@id\":\"https:\\\/\\\/kosovatimes.info\\\/index.php\\\/2026\\\/08\\\/31\\\/demtimi-i-gypave-nderpret-furnizimin-me-uje-ne-gracanice-dhe-zonat-perreth\\\/\",\"url\":\"https:\\\/\\\/kosovatimes.info\\\/index.php\\\/2026\\\/08\\\/31\\\/demtimi-i-gypave-nderpret-furnizimin-me-uje-ne-gracanice-dhe-zonat-perreth\\\/\",\"name\":\"D\u00ebmtimi i gypave nd\u00ebrpret furnizimin me uj\u00eb n\u00eb Gra\u00e7anic\u00eb dhe zonat p\u00ebrreth - Kosova Times\",\"isPartOf\":{\"@id\":\"https:\\\/\\\/kosovatimes.info\\\/#website\"},\"primaryImageOfPage\":{\"@id\":\"https:\\\/\\\/kosovatimes.info\\\/index.php\\\/2026\\\/08\\\/31\\\/demtimi-i-gypave-nderpret-furnizimin-me-uje-ne-gracanice-dhe-zonat-perreth\\\/#primaryimage\"},\"image\":{\"@id\":\"https:\\\/\\\/kosovatimes.info\\\/index.php\\\/2026\\\/08\\\/31\\\/demtimi-i-gypave-nderpret-furnizimin-me-uje-ne-gracanice-dhe-zonat-perreth\\\/#primaryimage\"},\"thumbnailUrl\":\"https:\\\/\\\/kosovatimes.info\\\/wp-content\\\/uploads\\\/2026\\\/08\\\/kru-1.jpg\",\"datePublished\":\"2026-08-31T09:19:00+00:00\",\"dateModified\":\"2026-08-31T10:43:04+00:00\",\"author\":{\"@id\":\"https:\\\/\\\/kosovatimes.info\\\/#\\\/schema\\\/person\\\/7586712b9c512fe68085de007378c915\"},\"breadcrumb\":{\"@id\":\"https:\\\/\\\/kosovatimes.info\\\/index.php\\\/2026\\\/08\\\/31\\\/demtimi-i-gypave-nderpret-furnizimin-me-uje-ne-gracanice-dhe-zonat-perreth\\\/#breadcrumb\"},\"inLanguage\":\"en-US\",\"potentialAction\":[{\"@type\":\"ReadAction\",\"target\":[\"https:\\\/\\\/kosovatimes.info\\\/index.php\\\/2026\\\/08\\\/31\\\/demtimi-i-gypave-nderpret-furnizimin-me-uje-ne-gracanice-dhe-zonat-perreth\\\/\"]}]},{\"@type\":\"ImageObject\",\"inLanguage\":\"en-US\",\"@id\":\"https:\\\/\\\/kosovatimes.info\\\/index.php\\\/2026\\\/08\\\/31\\\/demtimi-i-gypave-nderpret-furnizimin-me-uje-ne-gracanice-dhe-zonat-perreth\\\/#primaryimage\",\"url\":\"https:\\\/\\\/kosovatimes.info\\\/wp-content\\\/uploads\\\/2026\\\/08\\\/kru-1.jpg\",\"contentUrl\":\"https:\\\/\\\/kosovatimes.info\\\/wp-content\\\/uploads\\\/2026\\\/08\\\/kru-1.jpg\",\"width\":780,\"height\":500},{\"@type\":\"BreadcrumbList\",\"@id\":\"https:\\\/\\\/kosovatimes.info\\\/index.php\\\/2026\\\/08\\\/31\\\/demtimi-i-gypave-nderpret-furnizimin-me-uje-ne-gracanice-dhe-zonat-perreth\\\/#breadcrumb\",\"itemListElement\":[{\"@type\":\"ListItem\",\"position\":1,\"name\":\"Home\",\"item\":\"https:\\\/\\\/kosovatimes.info\\\/\"},{\"@type\":\"ListItem\",\"position\":2,\"name\":\"D\u00ebmtimi i gypave nd\u00ebrpret furnizimin me uj\u00eb n\u00eb Gra\u00e7anic\u00eb dhe zonat p\u00ebrreth\"}]},{\"@type\":\"WebSite\",\"@id\":\"https:\\\/\\\/kosovatimes.info\\\/#website\",\"url\":\"https:\\\/\\\/kosovatimes.info\\\/\",\"name\":\"Kosova Times\",\"description\":\"\",\"potentialAction\":[{\"@type\":\"SearchAction\",\"target\":{\"@type\":\"EntryPoint\",\"urlTemplate\":\"https:\\\/\\\/kosovatimes.info\\\/?s={search_term_string}\"},\"query-input\":{\"@type\":\"PropertyValueSpecification\",\"valueRequired\":true,\"valueName\":\"search_term_string\"}}],\"inLanguage\":\"en-US\"},{\"@type\":\"Person\",\"@id\":\"https:\\\/\\\/kosovatimes.info\\\/#\\\/schema\\\/person\\\/7586712b9c512fe68085de007378c915\",\"name\":\"i l\",\"image\":{\"@type\":\"ImageObject\",\"inLanguage\":\"en-US\",\"@id\":\"https:\\\/\\\/secure.gravatar.com\\\/avatar\\\/bad9296e02816160ae2e2435beda58222022298d5625d49fea74d18816fbb31d?s=96&d=mm&r=g\",\"url\":\"https:\\\/\\\/secure.gravatar.com\\\/avatar\\\/bad9296e02816160ae2e2435beda58222022298d5625d49fea74d18816fbb31d?s=96&d=mm&r=g\",\"contentUrl\":\"https:\\\/\\\/secure.gravatar.com\\\/avatar\\\/bad9296e02816160ae2e2435beda58222022298d5625d49fea74d18816fbb31d?s=96&d=mm&r=g\",\"caption\":\"i l\"},\"url\":\"https:\\\/\\\/kosovatimes.info\\\/index.php\\\/author\\\/iliri\\\/\"}]}<\/script>\n<!-- \/ Yoast SEO plugin. -->","yoast_head_json":{"title":"D\u00ebmtimi i gypave nd\u00ebrpret furnizimin me uj\u00eb n\u00eb Gra\u00e7anic\u00eb dhe zonat p\u00ebrreth - Kosova Times","robots":{"index":"index","follow":"follow","max-snippet":"max-snippet:-1","max-image-preview":"max-image-preview:large","max-video-preview":"max-video-preview:-1"},"canonical":"https:\/\/kosovatimes.info\/index.php\/2026\/08\/31\/demtimi-i-gypave-nderpret-furnizimin-me-uje-ne-gracanice-dhe-zonat-perreth\/","og_locale":"en_US","og_type":"article","og_title":"D\u00ebmtimi i gypave nd\u00ebrpret furnizimin me uj\u00eb n\u00eb Gra\u00e7anic\u00eb dhe zonat p\u00ebrreth - Kosova Times","og_description":"KRU \u201cPrishtina\u201d ka njoftuar p\u00ebr nd\u00ebrprerje t\u00eb furnizimit me uj\u00eb t\u00eb pijsh\u00ebm n\u00eb Gra\u00e7anic\u00eb dhe disa zona p\u00ebrreth, p\u00ebr shkak t\u00eb d\u00ebmtimit t\u00eb gypave kryesor\u00eb t\u00eb uj\u00ebsjell\u00ebsit. Sipas njoftimit, pa furnizim me uj\u00eb kan\u00eb mbetur konsumator\u00ebt n\u00eb Gra\u00e7anic\u00eb, Badovc i Ri, Llapnasell\u00eb, Preoc dhe nj\u00eb pjes\u00eb e Sushic\u00ebs. Kompania ka b\u00ebr\u00eb t\u00eb ditur se jan\u00eb [&hellip;]","og_url":"https:\/\/kosovatimes.info\/index.php\/2026\/08\/31\/demtimi-i-gypave-nderpret-furnizimin-me-uje-ne-gracanice-dhe-zonat-perreth\/","og_site_name":"Kosova Times","article_published_time":"2026-08-31T09:19:00+00:00","article_modified_time":"2026-08-31T10:43:04+00:00","og_image":[{"width":780,"height":500,"url":"https:\/\/kosovatimes.info\/wp-content\/uploads\/2026\/08\/kru-1.jpg","type":"image\/jpeg"}],"author":"i l","twitter_card":"summary_large_image","twitter_misc":{"Written by":"i l","Est. reading time":"1 minute"},"schema":{"@context":"https:\/\/schema.org","@graph":[{"@type":"Article","@id":"https:\/\/kosovatimes.info\/index.php\/2026\/08\/31\/demtimi-i-gypave-nderpret-furnizimin-me-uje-ne-gracanice-dhe-zonat-perreth\/#article","isPartOf":{"@id":"https:\/\/kosovatimes.info\/index.php\/2026\/08\/31\/demtimi-i-gypave-nderpret-furnizimin-me-uje-ne-gracanice-dhe-zonat-perreth\/"},"author":{"name":"i l","@id":"https:\/\/kosovatimes.info\/#\/schema\/person\/7586712b9c512fe68085de007378c915"},"headline":"D\u00ebmtimi i gypave nd\u00ebrpret furnizimin me uj\u00eb n\u00eb Gra\u00e7anic\u00eb dhe zonat p\u00ebrreth","datePublished":"2026-08-31T09:19:00+00:00","dateModified":"2026-08-31T10:43:04+00:00","mainEntityOfPage":{"@id":"https:\/\/kosovatimes.info\/index.php\/2026\/08\/31\/demtimi-i-gypave-nderpret-furnizimin-me-uje-ne-gracanice-dhe-zonat-perreth\/"},"wordCount":171,"commentCount":0,"image":{"@id":"https:\/\/kosovatimes.info\/index.php\/2026\/08\/31\/demtimi-i-gypave-nderpret-furnizimin-me-uje-ne-gracanice-dhe-zonat-perreth\/#primaryimage"},"thumbnailUrl":"https:\/\/kosovatimes.info\/wp-content\/uploads\/2026\/08\/kru-1.jpg","articleSection":["Kosov\u00eb","Lajme"],"inLanguage":"en-US","potentialAction":[{"@type":"CommentAction","name":"Comment","target":["https:\/\/kosovatimes.info\/index.php\/2026\/08\/31\/demtimi-i-gypave-nderpret-furnizimin-me-uje-ne-gracanice-dhe-zonat-perreth\/#respond"]}]},{"@type":"WebPage","@id":"https:\/\/kosovatimes.info\/index.php\/2026\/08\/31\/demtimi-i-gypave-nderpret-furnizimin-me-uje-ne-gracanice-dhe-zonat-perreth\/","url":"https:\/\/kosovatimes.info\/index.php\/2026\/08\/31\/demtimi-i-gypave-nderpret-furnizimin-me-uje-ne-gracanice-dhe-zonat-perreth\/","name":"D\u00ebmtimi i gypave nd\u00ebrpret furnizimin me uj\u00eb n\u00eb Gra\u00e7anic\u00eb dhe zonat p\u00ebrreth - Kosova Times","isPartOf":{"@id":"https:\/\/kosovatimes.info\/#website"},"primaryImageOfPage":{"@id":"https:\/\/kosovatimes.info\/index.php\/2026\/08\/31\/demtimi-i-gypave-nderpret-furnizimin-me-uje-ne-gracanice-dhe-zonat-perreth\/#primaryimage"},"image":{"@id":"https:\/\/kosovatimes.info\/index.php\/2026\/08\/31\/demtimi-i-gypave-nderpret-furnizimin-me-uje-ne-gracanice-dhe-zonat-perreth\/#primaryimage"},"thumbnailUrl":"https:\/\/kosovatimes.info\/wp-content\/uploads\/2026\/08\/kru-1.jpg","datePublished":"2026-08-31T09:19:00+00:00","dateModified":"2026-08-31T10:43:04+00:00","author":{"@id":"https:\/\/kosovatimes.info\/#\/schema\/person\/7586712b9c512fe68085de007378c915"},"breadcrumb":{"@id":"https:\/\/kosovatimes.info\/index.php\/2026\/08\/31\/demtimi-i-gypave-nderpret-furnizimin-me-uje-ne-gracanice-dhe-zonat-perreth\/#breadcrumb"},"inLanguage":"en-US","potentialAction":[{"@type":"ReadAction","target":["https:\/\/kosovatimes.info\/index.php\/2026\/08\/31\/demtimi-i-gypave-nderpret-furnizimin-me-uje-ne-gracanice-dhe-zonat-perreth\/"]}]},{"@type":"ImageObject","inLanguage":"en-US","@id":"https:\/\/kosovatimes.info\/index.php\/2026\/08\/31\/demtimi-i-gypave-nderpret-furnizimin-me-uje-ne-gracanice-dhe-zonat-perreth\/#primaryimage","url":"https:\/\/kosovatimes.info\/wp-content\/uploads\/2026\/08\/kru-1.jpg","contentUrl":"https:\/\/kosovatimes.info\/wp-content\/uploads\/2026\/08\/kru-1.jpg","width":780,"height":500},{"@type":"BreadcrumbList","@id":"https:\/\/kosovatimes.info\/index.php\/2026\/08\/31\/demtimi-i-gypave-nderpret-furnizimin-me-uje-ne-gracanice-dhe-zonat-perreth\/#breadcrumb","itemListElement":[{"@type":"ListItem","position":1,"name":"Home","item":"https:\/\/kosovatimes.info\/"},{"@type":"ListItem","position":2,"name":"D\u00ebmtimi i gypave nd\u00ebrpret furnizimin me uj\u00eb n\u00eb Gra\u00e7anic\u00eb dhe zonat p\u00ebrreth"}]},{"@type":"WebSite","@id":"https:\/\/kosovatimes.info\/#website","url":"https:\/\/kosovatimes.info\/","name":"Kosova Times","description":"","potentialAction":[{"@type":"SearchAction","target":{"@type":"EntryPoint","urlTemplate":"https:\/\/kosovatimes.info\/?s={search_term_string}"},"query-input":{"@type":"PropertyValueSpecification","valueRequired":true,"valueName":"search_term_string"}}],"inLanguage":"en-US"},{"@type":"Person","@id":"https:\/\/kosovatimes.info\/#\/schema\/person\/7586712b9c512fe68085de007378c915","name":"i l","image":{"@type":"ImageObject","inLanguage":"en-US","@id":"https:\/\/secure.gravatar.com\/avatar\/bad9296e02816160ae2e2435beda58222022298d5625d49fea74d18816fbb31d?s=96&d=mm&r=g","url":"https:\/\/secure.gravatar.com\/avatar\/bad9296e02816160ae2e2435beda58222022298d5625d49fea74d18816fbb31d?s=96&d=mm&r=g","contentUrl":"https:\/\/secure.gravatar.com\/avatar\/bad9296e02816160ae2e2435beda58222022298d5625d49fea74d18816fbb31d?s=96&d=mm&r=g","caption":"i l"},"url":"https:\/\/kosovatimes.info\/index.php\/author\/iliri\/"}]}},"_links":{"self":[{"href":"https:\/\/kosovatimes.info\/index.php\/wp-json\/wp\/v2\/posts\/30199","targetHints":{"allow":["GET"]}}],"collection":[{"href":"https:\/\/kosovatimes.info\/index.php\/wp-json\/wp\/v2\/posts"}],"about":[{"href":"https:\/\/kosovatimes.info\/index.php\/wp-json\/wp\/v2\/types\/post"}],"author":[{"embeddable":true,"href":"https:\/\/kosovatimes.info\/index.php\/wp-json\/wp\/v2\/users\/4"}],"replies":[{"embeddable":true,"href":"https:\/\/kosovatimes.info\/index.php\/wp-json\/wp\/v2\/comments?post=30199"}],"version-history":[{"count":1,"href":"https:\/\/kosovatimes.info\/index.php\/wp-json\/wp\/v2\/posts\/30199\/revisions"}],"predecessor-version":[{"id":30201,"href":"https:\/\/kosovatimes.info\/index.php\/wp-json\/wp\/v2\/posts\/30199\/revisions\/30201"}],"wp:featuredmedia":[{"embeddable":true,"href":"https:\/\/kosovatimes.info\/index.php\/wp-json\/wp\/v2\/media\/30200"}],"wp:attachment":[{"href":"https:\/\/kosovatimes.info\/index.php\/wp-json\/wp\/v2\/media?parent=30199"}],"wp:term":[{"taxonomy":"category","embeddable":true,"href":"https:\/\/kosovatimes.info\/index.php\/wp-json\/wp\/v2\/categories?post=30199"},{"taxonomy":"post_tag","embeddable":true,"href":"https:\/\/kosovatimes.info\/index.php\/wp-json\/wp\/v2\/tags?post=30199"}],"curies":[{"name":"wp","href":"https:\/\/api.w.org\/{rel}","templated":true}]}}