{"id":30214,"date":"2026-08-31T12:49:06","date_gmt":"2026-08-31T10:49:06","guid":{"rendered":"https:\/\/kosovatimes.info\/?p=30214"},"modified":"2026-08-31T12:49:08","modified_gmt":"2026-08-31T10:49:08","slug":"mburoja-e-akilit-nenshkruhet-marreveshja-e-mbrojtjes-prej-3-miliarde-eurosh-midis-greqise-dhe-izraelit","status":"publish","type":"post","link":"https:\/\/kosovatimes.info\/index.php\/2026\/08\/31\/mburoja-e-akilit-nenshkruhet-marreveshja-e-mbrojtjes-prej-3-miliarde-eurosh-midis-greqise-dhe-izraelit\/","title":{"rendered":"&#8220;Mburoja e Akilit&#8221;: N\u00ebnshkruhet marr\u00ebveshja e mbrojtjes prej 3 miliard\u00eb eurosh midis Greqis\u00eb dhe Izraelit"},"content":{"rendered":"\n<p class=\"wp-block-paragraph\"><a href=\"https:\/\/www.kathimerini.gr\/tag\/aspida-toy-achillea\/\" target=\"_blank\" rel=\"noopener\">Ceremonia e n\u00ebnshkrimit t\u00eb &#8221; Mburoj\u00ebs s\u00eb Akilit<\/a>&nbsp;&#8221; midis Greqis\u00eb dhe&nbsp;<a href=\"https:\/\/www.kathimerini.gr\/tag\/israil\/\" target=\"_blank\" rel=\"noopener\">Izraelit<\/a>&nbsp;p\u00ebrfundoi t\u00eb h\u00ebn\u00ebn n\u00eb m\u00ebngjes n\u00eb Tel Aviv&nbsp;.&nbsp;<\/p>\n\n\n\n<p class=\"wp-block-paragraph\">N\u00eb em\u00ebr t\u00eb Ministris\u00eb Greke t\u00eb Mbrojtjes Komb\u00ebtare, Marr\u00ebveshja, e cila parashikon fillimin e menj\u00ebhersh\u00ebm t\u00eb zbatimit t\u00eb programit, u n\u00ebnshkrua nga&nbsp;<strong>Drejtori i P\u00ebrgjithsh\u00ebm i Armatimeve dhe Investimeve t\u00eb Mbrojtjes,<\/strong>&nbsp;Gjeneral Major&nbsp;<strong>Ioannis Bouras<\/strong>&nbsp;.<\/p>\n\n\n\n<p class=\"wp-block-paragraph\">Nga pala izraelite, Marr\u00ebveshja u n\u00ebnshkrua nga&nbsp;<strong>Drejtori i P\u00ebrgjithsh\u00ebm i Ministris\u00eb s\u00eb Mbrojtjes<\/strong>&nbsp;Amir Baram,&nbsp;<strong>Kreu i Drejtoris\u00eb s\u00eb Bashk\u00ebpunimit Nd\u00ebrkomb\u00ebtar t\u00eb Mbrojtjes<\/strong>&nbsp;(SIBAT) t\u00eb Ministris\u00eb s\u00eb Mbrojtjes Yair Kulas, Kreu i Drejtoris\u00eb s\u00eb K\u00ebrkimit dhe Zhvillimit t\u00eb Mbrojtjes t\u00eb Ministris\u00eb s\u00eb Mbrojtjes Daniel Gold, Kreu i Organizat\u00ebs s\u00eb Mbrojtjes nga Raketat Moshe Patel, Drejtori Ekzekutiv i Rafael, Yoav Tourgeman, Drejtori Ekzekutiv i Kompanis\u00eb Shtet\u00ebrore t\u00eb Hap\u00ebsir\u00ebs Ajrore dhe t\u00eb Mbrojtjes IAI Guy Barlev dhe zyrtar\u00eb t\u00eb tjer\u00eb. &nbsp;&nbsp;<\/p>\n\n\n\n<p class=\"wp-block-paragraph\">Sipas&nbsp;<strong>njoftimit p\u00ebrkat\u00ebs nga Ministria e Mbrojtjes Komb\u00ebtare<\/strong>&nbsp;, buxheti total i programit arrin n\u00eb&nbsp;<strong>tre miliard\u00eb e tridhjet\u00eb e pes\u00eb milion\u00eb euro<\/strong>&nbsp;(3,035,000,000 \u20ac). N\u00eb kuad\u00ebr t\u00eb zbatimit t\u00eb tij, parashikohet pjes\u00ebmarrje e gjer\u00eb e ekosistemit grek t\u00eb mbrojtjes dhe teknologjis\u00eb, me 19 kompani greke q\u00eb tashm\u00eb marrin pjes\u00eb n\u00eb procedurat p\u00ebrkat\u00ebse. Shkalla e pjes\u00ebmarrjes s\u00eb tyre tejkalon 25%, konkretisht shtat\u00ebqind e pes\u00ebdhjet\u00eb milion\u00eb euro (750,000,000 \u20ac). Nj\u00ebkoh\u00ebsisht, parashikohet krijimi i nj\u00eb baze prodhimi n\u00eb Greqi me perspektiva eksporti.<\/p>\n\n\n\n<p class=\"wp-block-paragraph\">Si\u00e7 thuhet n\u00eb njoftimin p\u00ebrkat\u00ebs nga Ministria e Mbrojtjes Izraelite, &#8221;&nbsp;<em><strong>Izraeli dhe Greqia n\u00ebnshkruan marr\u00ebveshjen e madhe p\u00ebr &#8220;Mburoj\u00ebn e Akilit&#8221;, sipas s\u00eb cil\u00ebs Izraeli do t\u00eb nd\u00ebrtoj\u00eb nj\u00eb sistem shum\u00ebshtresor t\u00eb mbrojtjes ajrore, bazuar n\u00eb arkitektur\u00ebn e sistemeve izraelite<\/strong><\/em>&nbsp;&#8220;.<\/p>\n\n\n\n<figure class=\"wp-block-embed is-type-rich is-provider-x wp-block-embed-x\"><div class=\"wp-block-embed__wrapper\">\n<blockquote class=\"twitter-tweet\" data-width=\"550\" data-dnt=\"true\"><p lang=\"en\" dir=\"ltr\">An approximately \u20ac3 billion deal: Israel and Greece have signed the massive &quot;Achilles Shield&quot; agreement, under which Israel will build Greece a multi-layered air defense array based on Israeli systems architecture.<br><br>Read More: <a href=\"https:\/\/t.co\/xXTK35zycj\">https:\/\/t.co\/xXTK35zycj<\/a> <a href=\"https:\/\/t.co\/QCmZuJcBeJ\">pic.twitter.com\/QCmZuJcBeJ<\/a><\/p>&mdash; Ministry of Defense (@Israel_MOD) <a href=\"https:\/\/x.com\/Israel_MOD\/status\/2094343991747649646?ref_src=twsrc%5Etfw\">August 31, 2026<\/a><\/blockquote><script async src=\"https:\/\/platform.x.com\/widgets.js\" charset=\"utf-8\"><\/script>\n<\/div><\/figure>\n\n\n\n<p class=\"wp-block-paragraph\">K\u00ebto jan\u00eb raketat kund\u00ebrajrore vet\u00ebl\u00ebviz\u00ebse me rreze t\u00eb shkurt\u00ebr veprimi Spyder t\u00eb Rafael, Barak MX e IAI p\u00ebr rr\u00ebzimin e k\u00ebrc\u00ebnimeve me rreze t\u00eb mesme veprimi dhe David&#8217;s Sling (IAI) p\u00ebr kapjen e raketave balistike dhe raketave t\u00eb tjera me rreze t\u00eb gjat\u00eb veprimi.<\/p>\n\n\n\n<p class=\"wp-block-paragraph\">&#8220;Mburoja e Akilit&#8221; do t\u00eb funksionoj\u00eb me softuer t\u00eb bazuar n\u00eb inteligjenc\u00ebn artificiale, i cili do t\u00eb identifikoj\u00eb k\u00ebrc\u00ebnimet e mundshme, do t&#8217;i kategorizoj\u00eb ato dhe do t\u00eb zgjedh\u00eb m\u00ebnyr\u00ebn dhe mjetet m\u00eb t\u00eb mira t\u00eb shkat\u00ebrrimit. Softueri do t\u00eb jet\u00eb i nd\u00ebrlidhur me n\u00ebnsistemet e mburoj\u00ebs kund\u00ebrajrore, t\u00eb cilat, sipas rastit, kan\u00eb t\u00eb b\u00ebjn\u00eb me mbrojtjen antibalistike, kund\u00ebrsulmin ndaj dron\u00ebve dhe blindazhin kund\u00ebrajror.<\/p>\n\n\n\n<p class=\"wp-block-paragraph\">Do t\u00eb vler\u00ebsoj\u00eb t\u00eb dh\u00ebnat p\u00ebr \u00e7do k\u00ebrc\u00ebnim t\u00eb mundsh\u00ebm pa nd\u00ebrhyrjen e njeriut dhe do t\u00eb tregoj\u00eb m\u00ebnyr\u00ebn m\u00eb t\u00eb mir\u00eb p\u00ebr t&#8217;u p\u00ebrballur me t\u00eb. Ky \u00ebsht\u00eb n\u00eb thelb kalimi i sistemeve greke t\u00eb mbrojtjes n\u00eb epok\u00ebn e re t\u00eb parandalimit t\u00eb k\u00ebrc\u00ebnimeve, e cila p\u00ebrfshin zhvillimet n\u00eb fush\u00ebn e inteligjenc\u00ebs artificiale.<\/p>\n\n\n\n<p class=\"wp-block-paragraph\">Ky \u00ebsht\u00eb nj\u00eb paramet\u00ebr ve\u00e7an\u00ebrisht i r\u00ebnd\u00ebsish\u00ebm, pasi vler\u00ebsohet se do t\u00eb kontribuoj\u00eb &#8211; nd\u00ebr t\u00eb tjera &#8211; n\u00eb kursimin e burimeve, duke zgjedhur nj\u00eb p\u00ebrgjigje q\u00eb \u00ebsht\u00eb n\u00eb p\u00ebrputhje me k\u00ebrc\u00ebnimin. Kostoja n\u00eb rritje e p\u00ebrballimit t\u00eb k\u00ebrc\u00ebnimeve \u00ebsht\u00eb nj\u00eb ekuacion me t\u00eb cilin jan\u00eb p\u00ebrballur Forcat e Armatosura Greke vitet e fundit. Turqia po shkel dhe po shkel hap\u00ebsir\u00ebn ajrore greke me fluturime t\u00eb mjeteve ajrore pa pilot (UAV) dhe dron\u00ebve. Nd\u00ebrhyrja e tyre me avion\u00eb luftarak\u00eb p\u00ebrfshin nj\u00eb kosto disproporcionalisht t\u00eb lart\u00eb p\u00ebr Forc\u00ebn Ajrore. &#8220;Mburoja e Akilit&#8221; dhe sistemet moderne q\u00eb ajo p\u00ebrfshin do t\u00eb japin nj\u00eb p\u00ebrgjigje p\u00ebr k\u00ebt\u00eb ekuacion t\u00eb v\u00ebshtir\u00eb.<\/p>\n\n\n\n<p class=\"wp-block-paragraph\">Nj\u00eb paramet\u00ebr i r\u00ebnd\u00ebsish\u00ebm \u00ebsht\u00eb se sistemet e prodhuara n\u00eb Izrael t\u00eb p\u00ebrfshira n\u00eb t\u00eb jan\u00eb integruar tashm\u00eb n\u00eb Kupol\u00ebn e Hekurt Izraelite kund\u00ebr nj\u00eb s\u00ebr\u00eb sulmesh, k\u00ebshtu q\u00eb aft\u00ebsia e tyre parandaluese kund\u00ebr k\u00ebrc\u00ebnimeve ajrore \u00ebsht\u00eb testuar n\u00eb praktik\u00eb.<\/p>\n\n\n\n<h2 class=\"wp-block-heading\">\u00c7far\u00eb thuhet n\u00eb deklarat\u00ebn e Ministris\u00eb s\u00eb Mbrojtjes s\u00eb Izraelit?<\/h2>\n\n\n\n<p class=\"wp-block-paragraph\">&#8220;Drejtori i P\u00ebrgjithsh\u00ebm i Ministris\u00eb s\u00eb Mbrojtjes s\u00eb Shtetit t\u00eb Izraelit (IMOD), Gjeneral Major (n\u00eb pension&nbsp;<strong>) Amir Baram<\/strong>&nbsp;, dhe Drejtori i P\u00ebrgjithsh\u00ebm i Armatimeve dhe Investimeve t\u00eb Mbrojtjes t\u00eb Ministris\u00eb s\u00eb Mbrojtjes Komb\u00ebtare t\u00eb Republik\u00ebs Greke, z.&nbsp;<strong>Ioannis Bouras<\/strong>&nbsp;, n\u00ebnshkruan sot, gjat\u00eb nj\u00eb ceremonie zyrtare t\u00eb mbajtur n\u00eb selin\u00eb e Ministris\u00eb s\u00eb Mbrojtjes s\u00eb Izraelit, nj\u00eb marr\u00ebveshje p\u00ebr bashk\u00ebpunim n\u00eb fush\u00ebn e mbrojtjes dhe prokurimin e sistemeve t\u00eb mbrojtjes me nj\u00eb vler\u00eb totale t\u00eb vler\u00ebsuar prej af\u00ebrsisht tre miliard\u00eb eurosh (3 miliard\u00eb euro).<\/p>\n\n\n\n<p class=\"wp-block-paragraph\">Marr\u00ebveshja parashikon zhvillimin dhe instalimin n\u00eb Greqi t\u00eb nj\u00eb sistemi t\u00eb integruar shum\u00ebnivel\u00ebsh t\u00eb mbrojtjes ajrore, i cili do t\u00eb bazohet ekskluzivisht n\u00eb sistemet dhe teknologjit\u00eb mbrojt\u00ebse izraelite. Projektimi dhe zbatimi i projektit shfryt\u00ebzojn\u00eb, nd\u00ebr t\u00eb tjera, njohurit\u00eb dhe p\u00ebrvoj\u00ebn e r\u00ebnd\u00ebsishme operacionale q\u00eb sistemi mbrojt\u00ebs izraelit ka fituar n\u00eb vitet e fundit.<\/p>\n\n\n\n<p class=\"wp-block-paragraph\">N\u00eb ceremoni mor\u00ebn pjes\u00eb Kryetari i Drejtoris\u00eb s\u00eb Bashk\u00ebpunimit Nd\u00ebrkomb\u00ebtar t\u00eb Mbrojtjes (SIBAT), Gjeneral Brigade (n\u00eb pension)&nbsp;<strong>Yair Kulas<\/strong>&nbsp;, Kryetari i Drejtoris\u00eb s\u00eb K\u00ebrkimit dhe Zhvillimit t\u00eb Sistemeve t\u00eb Mbrojtjes (DDR&amp;D), Gjeneral Brigade (n\u00eb pension) Dr.&nbsp;<strong>Daniel Gold<\/strong>&nbsp;, Kryetari i Organizat\u00ebs s\u00eb Mbrojtjes nga Raketat e Izraelit, z.&nbsp;<strong>Moshe Patel<\/strong>&nbsp;, Drejtori Ekzekutiv i Rafael Advanced Defense Systems, z.&nbsp;<strong>Yoav Turgeman<\/strong>&nbsp;, Drejtori Ekzekutiv i Israel Aerospace Industries (IAI), z.&nbsp;<strong>Guy Barlev<\/strong>&nbsp;, si dhe zyrtar\u00eb t\u00eb lart\u00eb nga t\u00eb dyja pal\u00ebt.<\/p>\n","protected":false},"excerpt":{"rendered":"<p>Ceremonia e n\u00ebnshkrimit t\u00eb &#8221; Mburoj\u00ebs s\u00eb Akilit&nbsp;&#8221; midis Greqis\u00eb dhe&nbsp;Izraelit&nbsp;p\u00ebrfundoi t\u00eb h\u00ebn\u00ebn n\u00eb m\u00ebngjes n\u00eb Tel Aviv&nbsp;.&nbsp; N\u00eb em\u00ebr t\u00eb Ministris\u00eb Greke t\u00eb Mbrojtjes Komb\u00ebtare, Marr\u00ebveshja, e cila parashikon fillimin e menj\u00ebhersh\u00ebm t\u00eb zbatimit t\u00eb programit, u n\u00ebnshkrua nga&nbsp;Drejtori i P\u00ebrgjithsh\u00ebm i Armatimeve dhe Investimeve t\u00eb Mbrojtjes,&nbsp;Gjeneral Major&nbsp;Ioannis Bouras&nbsp;. Nga pala izraelite, Marr\u00ebveshja u [&hellip;]<\/p>\n","protected":false},"author":4,"featured_media":30215,"comment_status":"open","ping_status":"open","sticky":false,"template":"","format":"standard","meta":{"footnotes":""},"categories":[30,32],"tags":[],"class_list":["post-30214","post","type-post","status-publish","format-standard","has-post-thumbnail","category-lajme","category-rajon"],"yoast_head":"<!-- This site is optimized with the Yoast SEO plugin v27.4 - https:\/\/yoast.com\/product\/yoast-seo-wordpress\/ -->\n<title>&quot;Mburoja e Akilit&quot;: N\u00ebnshkruhet marr\u00ebveshja e mbrojtjes prej 3 miliard\u00eb eurosh midis Greqis\u00eb dhe Izraelit - Kosova Times<\/title>\n<meta name=\"robots\" content=\"index, follow, max-snippet:-1, max-image-preview:large, max-video-preview:-1\" \/>\n<link rel=\"canonical\" href=\"https:\/\/kosovatimes.info\/index.php\/2026\/08\/31\/mburoja-e-akilit-nenshkruhet-marreveshja-e-mbrojtjes-prej-3-miliarde-eurosh-midis-greqise-dhe-izraelit\/\" \/>\n<meta property=\"og:locale\" content=\"en_US\" \/>\n<meta property=\"og:type\" content=\"article\" \/>\n<meta property=\"og:title\" content=\"&quot;Mburoja e Akilit&quot;: N\u00ebnshkruhet marr\u00ebveshja e mbrojtjes prej 3 miliard\u00eb eurosh midis Greqis\u00eb dhe Izraelit - Kosova Times\" \/>\n<meta property=\"og:description\" content=\"Ceremonia e n\u00ebnshkrimit t\u00eb &#8221; Mburoj\u00ebs s\u00eb Akilit&nbsp;&#8221; midis Greqis\u00eb dhe&nbsp;Izraelit&nbsp;p\u00ebrfundoi t\u00eb h\u00ebn\u00ebn n\u00eb m\u00ebngjes n\u00eb Tel Aviv&nbsp;.&nbsp; N\u00eb em\u00ebr t\u00eb Ministris\u00eb Greke t\u00eb Mbrojtjes Komb\u00ebtare, Marr\u00ebveshja, e cila parashikon fillimin e menj\u00ebhersh\u00ebm t\u00eb zbatimit t\u00eb programit, u n\u00ebnshkrua nga&nbsp;Drejtori i P\u00ebrgjithsh\u00ebm i Armatimeve dhe Investimeve t\u00eb Mbrojtjes,&nbsp;Gjeneral Major&nbsp;Ioannis Bouras&nbsp;. Nga pala izraelite, Marr\u00ebveshja u [&hellip;]\" \/>\n<meta property=\"og:url\" content=\"https:\/\/kosovatimes.info\/index.php\/2026\/08\/31\/mburoja-e-akilit-nenshkruhet-marreveshja-e-mbrojtjes-prej-3-miliarde-eurosh-midis-greqise-dhe-izraelit\/\" \/>\n<meta property=\"og:site_name\" content=\"Kosova Times\" \/>\n<meta property=\"article:published_time\" content=\"2026-08-31T10:49:06+00:00\" \/>\n<meta property=\"article:modified_time\" content=\"2026-08-31T10:49:08+00:00\" \/>\n<meta property=\"og:image\" content=\"https:\/\/kosovatimes.info\/wp-content\/uploads\/2026\/08\/greqi-2.jpg\" \/>\n\t<meta property=\"og:image:width\" content=\"1920\" \/>\n\t<meta property=\"og:image:height\" content=\"1382\" \/>\n\t<meta property=\"og:image:type\" content=\"image\/jpeg\" \/>\n<meta name=\"author\" content=\"i l\" \/>\n<meta name=\"twitter:card\" content=\"summary_large_image\" \/>\n<meta name=\"twitter:label1\" content=\"Written by\" \/>\n\t<meta name=\"twitter:data1\" content=\"i l\" \/>\n\t<meta name=\"twitter:label2\" content=\"Est. reading time\" \/>\n\t<meta name=\"twitter:data2\" content=\"4 minutes\" \/>\n<script type=\"application\/ld+json\" class=\"yoast-schema-graph\">{\"@context\":\"https:\\\/\\\/schema.org\",\"@graph\":[{\"@type\":\"Article\",\"@id\":\"https:\\\/\\\/kosovatimes.info\\\/index.php\\\/2026\\\/08\\\/31\\\/mburoja-e-akilit-nenshkruhet-marreveshja-e-mbrojtjes-prej-3-miliarde-eurosh-midis-greqise-dhe-izraelit\\\/#article\",\"isPartOf\":{\"@id\":\"https:\\\/\\\/kosovatimes.info\\\/index.php\\\/2026\\\/08\\\/31\\\/mburoja-e-akilit-nenshkruhet-marreveshja-e-mbrojtjes-prej-3-miliarde-eurosh-midis-greqise-dhe-izraelit\\\/\"},\"author\":{\"name\":\"i l\",\"@id\":\"https:\\\/\\\/kosovatimes.info\\\/#\\\/schema\\\/person\\\/7586712b9c512fe68085de007378c915\"},\"headline\":\"&#8220;Mburoja e Akilit&#8221;: N\u00ebnshkruhet marr\u00ebveshja e mbrojtjes prej 3 miliard\u00eb eurosh midis Greqis\u00eb dhe Izraelit\",\"datePublished\":\"2026-08-31T10:49:06+00:00\",\"dateModified\":\"2026-08-31T10:49:08+00:00\",\"mainEntityOfPage\":{\"@id\":\"https:\\\/\\\/kosovatimes.info\\\/index.php\\\/2026\\\/08\\\/31\\\/mburoja-e-akilit-nenshkruhet-marreveshja-e-mbrojtjes-prej-3-miliarde-eurosh-midis-greqise-dhe-izraelit\\\/\"},\"wordCount\":1037,\"commentCount\":0,\"image\":{\"@id\":\"https:\\\/\\\/kosovatimes.info\\\/index.php\\\/2026\\\/08\\\/31\\\/mburoja-e-akilit-nenshkruhet-marreveshja-e-mbrojtjes-prej-3-miliarde-eurosh-midis-greqise-dhe-izraelit\\\/#primaryimage\"},\"thumbnailUrl\":\"https:\\\/\\\/kosovatimes.info\\\/wp-content\\\/uploads\\\/2026\\\/08\\\/greqi-2.jpg\",\"articleSection\":[\"Lajme\",\"Rajon\"],\"inLanguage\":\"en-US\",\"potentialAction\":[{\"@type\":\"CommentAction\",\"name\":\"Comment\",\"target\":[\"https:\\\/\\\/kosovatimes.info\\\/index.php\\\/2026\\\/08\\\/31\\\/mburoja-e-akilit-nenshkruhet-marreveshja-e-mbrojtjes-prej-3-miliarde-eurosh-midis-greqise-dhe-izraelit\\\/#respond\"]}]},{\"@type\":\"WebPage\",\"@id\":\"https:\\\/\\\/kosovatimes.info\\\/index.php\\\/2026\\\/08\\\/31\\\/mburoja-e-akilit-nenshkruhet-marreveshja-e-mbrojtjes-prej-3-miliarde-eurosh-midis-greqise-dhe-izraelit\\\/\",\"url\":\"https:\\\/\\\/kosovatimes.info\\\/index.php\\\/2026\\\/08\\\/31\\\/mburoja-e-akilit-nenshkruhet-marreveshja-e-mbrojtjes-prej-3-miliarde-eurosh-midis-greqise-dhe-izraelit\\\/\",\"name\":\"\\\"Mburoja e Akilit\\\": N\u00ebnshkruhet marr\u00ebveshja e mbrojtjes prej 3 miliard\u00eb eurosh midis Greqis\u00eb dhe Izraelit - Kosova Times\",\"isPartOf\":{\"@id\":\"https:\\\/\\\/kosovatimes.info\\\/#website\"},\"primaryImageOfPage\":{\"@id\":\"https:\\\/\\\/kosovatimes.info\\\/index.php\\\/2026\\\/08\\\/31\\\/mburoja-e-akilit-nenshkruhet-marreveshja-e-mbrojtjes-prej-3-miliarde-eurosh-midis-greqise-dhe-izraelit\\\/#primaryimage\"},\"image\":{\"@id\":\"https:\\\/\\\/kosovatimes.info\\\/index.php\\\/2026\\\/08\\\/31\\\/mburoja-e-akilit-nenshkruhet-marreveshja-e-mbrojtjes-prej-3-miliarde-eurosh-midis-greqise-dhe-izraelit\\\/#primaryimage\"},\"thumbnailUrl\":\"https:\\\/\\\/kosovatimes.info\\\/wp-content\\\/uploads\\\/2026\\\/08\\\/greqi-2.jpg\",\"datePublished\":\"2026-08-31T10:49:06+00:00\",\"dateModified\":\"2026-08-31T10:49:08+00:00\",\"author\":{\"@id\":\"https:\\\/\\\/kosovatimes.info\\\/#\\\/schema\\\/person\\\/7586712b9c512fe68085de007378c915\"},\"breadcrumb\":{\"@id\":\"https:\\\/\\\/kosovatimes.info\\\/index.php\\\/2026\\\/08\\\/31\\\/mburoja-e-akilit-nenshkruhet-marreveshja-e-mbrojtjes-prej-3-miliarde-eurosh-midis-greqise-dhe-izraelit\\\/#breadcrumb\"},\"inLanguage\":\"en-US\",\"potentialAction\":[{\"@type\":\"ReadAction\",\"target\":[\"https:\\\/\\\/kosovatimes.info\\\/index.php\\\/2026\\\/08\\\/31\\\/mburoja-e-akilit-nenshkruhet-marreveshja-e-mbrojtjes-prej-3-miliarde-eurosh-midis-greqise-dhe-izraelit\\\/\"]}]},{\"@type\":\"ImageObject\",\"inLanguage\":\"en-US\",\"@id\":\"https:\\\/\\\/kosovatimes.info\\\/index.php\\\/2026\\\/08\\\/31\\\/mburoja-e-akilit-nenshkruhet-marreveshja-e-mbrojtjes-prej-3-miliarde-eurosh-midis-greqise-dhe-izraelit\\\/#primaryimage\",\"url\":\"https:\\\/\\\/kosovatimes.info\\\/wp-content\\\/uploads\\\/2026\\\/08\\\/greqi-2.jpg\",\"contentUrl\":\"https:\\\/\\\/kosovatimes.info\\\/wp-content\\\/uploads\\\/2026\\\/08\\\/greqi-2.jpg\",\"width\":1920,\"height\":1382},{\"@type\":\"BreadcrumbList\",\"@id\":\"https:\\\/\\\/kosovatimes.info\\\/index.php\\\/2026\\\/08\\\/31\\\/mburoja-e-akilit-nenshkruhet-marreveshja-e-mbrojtjes-prej-3-miliarde-eurosh-midis-greqise-dhe-izraelit\\\/#breadcrumb\",\"itemListElement\":[{\"@type\":\"ListItem\",\"position\":1,\"name\":\"Home\",\"item\":\"https:\\\/\\\/kosovatimes.info\\\/\"},{\"@type\":\"ListItem\",\"position\":2,\"name\":\"&#8220;Mburoja e Akilit&#8221;: N\u00ebnshkruhet marr\u00ebveshja e mbrojtjes prej 3 miliard\u00eb eurosh midis Greqis\u00eb dhe Izraelit\"}]},{\"@type\":\"WebSite\",\"@id\":\"https:\\\/\\\/kosovatimes.info\\\/#website\",\"url\":\"https:\\\/\\\/kosovatimes.info\\\/\",\"name\":\"Kosova Times\",\"description\":\"\",\"potentialAction\":[{\"@type\":\"SearchAction\",\"target\":{\"@type\":\"EntryPoint\",\"urlTemplate\":\"https:\\\/\\\/kosovatimes.info\\\/?s={search_term_string}\"},\"query-input\":{\"@type\":\"PropertyValueSpecification\",\"valueRequired\":true,\"valueName\":\"search_term_string\"}}],\"inLanguage\":\"en-US\"},{\"@type\":\"Person\",\"@id\":\"https:\\\/\\\/kosovatimes.info\\\/#\\\/schema\\\/person\\\/7586712b9c512fe68085de007378c915\",\"name\":\"i l\",\"image\":{\"@type\":\"ImageObject\",\"inLanguage\":\"en-US\",\"@id\":\"https:\\\/\\\/secure.gravatar.com\\\/avatar\\\/bad9296e02816160ae2e2435beda58222022298d5625d49fea74d18816fbb31d?s=96&d=mm&r=g\",\"url\":\"https:\\\/\\\/secure.gravatar.com\\\/avatar\\\/bad9296e02816160ae2e2435beda58222022298d5625d49fea74d18816fbb31d?s=96&d=mm&r=g\",\"contentUrl\":\"https:\\\/\\\/secure.gravatar.com\\\/avatar\\\/bad9296e02816160ae2e2435beda58222022298d5625d49fea74d18816fbb31d?s=96&d=mm&r=g\",\"caption\":\"i l\"},\"url\":\"https:\\\/\\\/kosovatimes.info\\\/index.php\\\/author\\\/iliri\\\/\"}]}<\/script>\n<!-- \/ Yoast SEO plugin. -->","yoast_head_json":{"title":"\"Mburoja e Akilit\": N\u00ebnshkruhet marr\u00ebveshja e mbrojtjes prej 3 miliard\u00eb eurosh midis Greqis\u00eb dhe Izraelit - Kosova Times","robots":{"index":"index","follow":"follow","max-snippet":"max-snippet:-1","max-image-preview":"max-image-preview:large","max-video-preview":"max-video-preview:-1"},"canonical":"https:\/\/kosovatimes.info\/index.php\/2026\/08\/31\/mburoja-e-akilit-nenshkruhet-marreveshja-e-mbrojtjes-prej-3-miliarde-eurosh-midis-greqise-dhe-izraelit\/","og_locale":"en_US","og_type":"article","og_title":"\"Mburoja e Akilit\": N\u00ebnshkruhet marr\u00ebveshja e mbrojtjes prej 3 miliard\u00eb eurosh midis Greqis\u00eb dhe Izraelit - Kosova Times","og_description":"Ceremonia e n\u00ebnshkrimit t\u00eb &#8221; Mburoj\u00ebs s\u00eb Akilit&nbsp;&#8221; midis Greqis\u00eb dhe&nbsp;Izraelit&nbsp;p\u00ebrfundoi t\u00eb h\u00ebn\u00ebn n\u00eb m\u00ebngjes n\u00eb Tel Aviv&nbsp;.&nbsp; N\u00eb em\u00ebr t\u00eb Ministris\u00eb Greke t\u00eb Mbrojtjes Komb\u00ebtare, Marr\u00ebveshja, e cila parashikon fillimin e menj\u00ebhersh\u00ebm t\u00eb zbatimit t\u00eb programit, u n\u00ebnshkrua nga&nbsp;Drejtori i P\u00ebrgjithsh\u00ebm i Armatimeve dhe Investimeve t\u00eb Mbrojtjes,&nbsp;Gjeneral Major&nbsp;Ioannis Bouras&nbsp;. Nga pala izraelite, Marr\u00ebveshja u [&hellip;]","og_url":"https:\/\/kosovatimes.info\/index.php\/2026\/08\/31\/mburoja-e-akilit-nenshkruhet-marreveshja-e-mbrojtjes-prej-3-miliarde-eurosh-midis-greqise-dhe-izraelit\/","og_site_name":"Kosova Times","article_published_time":"2026-08-31T10:49:06+00:00","article_modified_time":"2026-08-31T10:49:08+00:00","og_image":[{"width":1920,"height":1382,"url":"https:\/\/kosovatimes.info\/wp-content\/uploads\/2026\/08\/greqi-2.jpg","type":"image\/jpeg"}],"author":"i l","twitter_card":"summary_large_image","twitter_misc":{"Written by":"i l","Est. reading time":"4 minutes"},"schema":{"@context":"https:\/\/schema.org","@graph":[{"@type":"Article","@id":"https:\/\/kosovatimes.info\/index.php\/2026\/08\/31\/mburoja-e-akilit-nenshkruhet-marreveshja-e-mbrojtjes-prej-3-miliarde-eurosh-midis-greqise-dhe-izraelit\/#article","isPartOf":{"@id":"https:\/\/kosovatimes.info\/index.php\/2026\/08\/31\/mburoja-e-akilit-nenshkruhet-marreveshja-e-mbrojtjes-prej-3-miliarde-eurosh-midis-greqise-dhe-izraelit\/"},"author":{"name":"i l","@id":"https:\/\/kosovatimes.info\/#\/schema\/person\/7586712b9c512fe68085de007378c915"},"headline":"&#8220;Mburoja e Akilit&#8221;: N\u00ebnshkruhet marr\u00ebveshja e mbrojtjes prej 3 miliard\u00eb eurosh midis Greqis\u00eb dhe Izraelit","datePublished":"2026-08-31T10:49:06+00:00","dateModified":"2026-08-31T10:49:08+00:00","mainEntityOfPage":{"@id":"https:\/\/kosovatimes.info\/index.php\/2026\/08\/31\/mburoja-e-akilit-nenshkruhet-marreveshja-e-mbrojtjes-prej-3-miliarde-eurosh-midis-greqise-dhe-izraelit\/"},"wordCount":1037,"commentCount":0,"image":{"@id":"https:\/\/kosovatimes.info\/index.php\/2026\/08\/31\/mburoja-e-akilit-nenshkruhet-marreveshja-e-mbrojtjes-prej-3-miliarde-eurosh-midis-greqise-dhe-izraelit\/#primaryimage"},"thumbnailUrl":"https:\/\/kosovatimes.info\/wp-content\/uploads\/2026\/08\/greqi-2.jpg","articleSection":["Lajme","Rajon"],"inLanguage":"en-US","potentialAction":[{"@type":"CommentAction","name":"Comment","target":["https:\/\/kosovatimes.info\/index.php\/2026\/08\/31\/mburoja-e-akilit-nenshkruhet-marreveshja-e-mbrojtjes-prej-3-miliarde-eurosh-midis-greqise-dhe-izraelit\/#respond"]}]},{"@type":"WebPage","@id":"https:\/\/kosovatimes.info\/index.php\/2026\/08\/31\/mburoja-e-akilit-nenshkruhet-marreveshja-e-mbrojtjes-prej-3-miliarde-eurosh-midis-greqise-dhe-izraelit\/","url":"https:\/\/kosovatimes.info\/index.php\/2026\/08\/31\/mburoja-e-akilit-nenshkruhet-marreveshja-e-mbrojtjes-prej-3-miliarde-eurosh-midis-greqise-dhe-izraelit\/","name":"\"Mburoja e Akilit\": N\u00ebnshkruhet marr\u00ebveshja e mbrojtjes prej 3 miliard\u00eb eurosh midis Greqis\u00eb dhe Izraelit - Kosova Times","isPartOf":{"@id":"https:\/\/kosovatimes.info\/#website"},"primaryImageOfPage":{"@id":"https:\/\/kosovatimes.info\/index.php\/2026\/08\/31\/mburoja-e-akilit-nenshkruhet-marreveshja-e-mbrojtjes-prej-3-miliarde-eurosh-midis-greqise-dhe-izraelit\/#primaryimage"},"image":{"@id":"https:\/\/kosovatimes.info\/index.php\/2026\/08\/31\/mburoja-e-akilit-nenshkruhet-marreveshja-e-mbrojtjes-prej-3-miliarde-eurosh-midis-greqise-dhe-izraelit\/#primaryimage"},"thumbnailUrl":"https:\/\/kosovatimes.info\/wp-content\/uploads\/2026\/08\/greqi-2.jpg","datePublished":"2026-08-31T10:49:06+00:00","dateModified":"2026-08-31T10:49:08+00:00","author":{"@id":"https:\/\/kosovatimes.info\/#\/schema\/person\/7586712b9c512fe68085de007378c915"},"breadcrumb":{"@id":"https:\/\/kosovatimes.info\/index.php\/2026\/08\/31\/mburoja-e-akilit-nenshkruhet-marreveshja-e-mbrojtjes-prej-3-miliarde-eurosh-midis-greqise-dhe-izraelit\/#breadcrumb"},"inLanguage":"en-US","potentialAction":[{"@type":"ReadAction","target":["https:\/\/kosovatimes.info\/index.php\/2026\/08\/31\/mburoja-e-akilit-nenshkruhet-marreveshja-e-mbrojtjes-prej-3-miliarde-eurosh-midis-greqise-dhe-izraelit\/"]}]},{"@type":"ImageObject","inLanguage":"en-US","@id":"https:\/\/kosovatimes.info\/index.php\/2026\/08\/31\/mburoja-e-akilit-nenshkruhet-marreveshja-e-mbrojtjes-prej-3-miliarde-eurosh-midis-greqise-dhe-izraelit\/#primaryimage","url":"https:\/\/kosovatimes.info\/wp-content\/uploads\/2026\/08\/greqi-2.jpg","contentUrl":"https:\/\/kosovatimes.info\/wp-content\/uploads\/2026\/08\/greqi-2.jpg","width":1920,"height":1382},{"@type":"BreadcrumbList","@id":"https:\/\/kosovatimes.info\/index.php\/2026\/08\/31\/mburoja-e-akilit-nenshkruhet-marreveshja-e-mbrojtjes-prej-3-miliarde-eurosh-midis-greqise-dhe-izraelit\/#breadcrumb","itemListElement":[{"@type":"ListItem","position":1,"name":"Home","item":"https:\/\/kosovatimes.info\/"},{"@type":"ListItem","position":2,"name":"&#8220;Mburoja e Akilit&#8221;: N\u00ebnshkruhet marr\u00ebveshja e mbrojtjes prej 3 miliard\u00eb eurosh midis Greqis\u00eb dhe Izraelit"}]},{"@type":"WebSite","@id":"https:\/\/kosovatimes.info\/#website","url":"https:\/\/kosovatimes.info\/","name":"Kosova Times","description":"","potentialAction":[{"@type":"SearchAction","target":{"@type":"EntryPoint","urlTemplate":"https:\/\/kosovatimes.info\/?s={search_term_string}"},"query-input":{"@type":"PropertyValueSpecification","valueRequired":true,"valueName":"search_term_string"}}],"inLanguage":"en-US"},{"@type":"Person","@id":"https:\/\/kosovatimes.info\/#\/schema\/person\/7586712b9c512fe68085de007378c915","name":"i l","image":{"@type":"ImageObject","inLanguage":"en-US","@id":"https:\/\/secure.gravatar.com\/avatar\/bad9296e02816160ae2e2435beda58222022298d5625d49fea74d18816fbb31d?s=96&d=mm&r=g","url":"https:\/\/secure.gravatar.com\/avatar\/bad9296e02816160ae2e2435beda58222022298d5625d49fea74d18816fbb31d?s=96&d=mm&r=g","contentUrl":"https:\/\/secure.gravatar.com\/avatar\/bad9296e02816160ae2e2435beda58222022298d5625d49fea74d18816fbb31d?s=96&d=mm&r=g","caption":"i l"},"url":"https:\/\/kosovatimes.info\/index.php\/author\/iliri\/"}]}},"_links":{"self":[{"href":"https:\/\/kosovatimes.info\/index.php\/wp-json\/wp\/v2\/posts\/30214","targetHints":{"allow":["GET"]}}],"collection":[{"href":"https:\/\/kosovatimes.info\/index.php\/wp-json\/wp\/v2\/posts"}],"about":[{"href":"https:\/\/kosovatimes.info\/index.php\/wp-json\/wp\/v2\/types\/post"}],"author":[{"embeddable":true,"href":"https:\/\/kosovatimes.info\/index.php\/wp-json\/wp\/v2\/users\/4"}],"replies":[{"embeddable":true,"href":"https:\/\/kosovatimes.info\/index.php\/wp-json\/wp\/v2\/comments?post=30214"}],"version-history":[{"count":1,"href":"https:\/\/kosovatimes.info\/index.php\/wp-json\/wp\/v2\/posts\/30214\/revisions"}],"predecessor-version":[{"id":30216,"href":"https:\/\/kosovatimes.info\/index.php\/wp-json\/wp\/v2\/posts\/30214\/revisions\/30216"}],"wp:featuredmedia":[{"embeddable":true,"href":"https:\/\/kosovatimes.info\/index.php\/wp-json\/wp\/v2\/media\/30215"}],"wp:attachment":[{"href":"https:\/\/kosovatimes.info\/index.php\/wp-json\/wp\/v2\/media?parent=30214"}],"wp:term":[{"taxonomy":"category","embeddable":true,"href":"https:\/\/kosovatimes.info\/index.php\/wp-json\/wp\/v2\/categories?post=30214"},{"taxonomy":"post_tag","embeddable":true,"href":"https:\/\/kosovatimes.info\/index.php\/wp-json\/wp\/v2\/tags?post=30214"}],"curies":[{"name":"wp","href":"https:\/\/api.w.org\/{rel}","templated":true}]}}