{"id":30217,"date":"2026-08-31T12:50:48","date_gmt":"2026-08-31T10:50:48","guid":{"rendered":"https:\/\/kosovatimes.info\/?p=30217"},"modified":"2026-08-31T12:51:10","modified_gmt":"2026-08-31T10:51:10","slug":"spanje-pedro-sanchez-fajeson-rusine-dhe-izraelin-per-krizen-e-emigranteve-ne-ceuta","status":"publish","type":"post","link":"https:\/\/kosovatimes.info\/index.php\/2026\/08\/31\/spanje-pedro-sanchez-fajeson-rusine-dhe-izraelin-per-krizen-e-emigranteve-ne-ceuta\/","title":{"rendered":"Spanj\u00eb: Pedro Sanchez faj\u00ebson Rusin\u00eb dhe Izraelin p\u00ebr kriz\u00ebn e emigrant\u00ebve n\u00eb Ceuta"},"content":{"rendered":"\n<p class=\"wp-block-paragraph\">Pedro&nbsp;<strong>Sanchez<\/strong>&nbsp;&#8220;sheh&#8221; Rusin\u00eb dhe Izraelin pas kriz\u00ebs s\u00eb migracionit n\u00eb&nbsp;<a href=\"https:\/\/www.kathimerini.gr\/tag\/theoyta\/\" target=\"_blank\" rel=\"noopener\">Ceuta<\/a>&nbsp;.<strong><\/strong><\/p>\n\n\n\n<p class=\"wp-block-paragraph\">Kryeministri spanjoll tha t\u00eb h\u00ebn\u00ebn (31\/08) se ka indikacione se&nbsp;<strong>rrjetet e lidhura me Rusin\u00eb dhe Izraelin kan\u00eb kontribuar n\u00eb p\u00ebrhapjen e dezinformatave rreth politik\u00ebs s\u00eb migracionit t\u00eb Spanj\u00ebs<\/strong>&nbsp;, duke shkaktuar val\u00ebn masive t\u00eb mb\u00ebrritjeve n\u00eb Ceuta muajin e kaluar.<\/p>\n\n\n\n<p class=\"wp-block-paragraph\">N\u00eb t\u00eb nj\u00ebjt\u00ebn koh\u00eb, Sanchez&nbsp;<strong>i hodhi posht\u00eb kategorikisht spekulimet rreth p\u00ebrfshirjes s\u00eb Marokut<\/strong>&nbsp;n\u00eb kriz\u00eb.<\/p>\n\n\n\n<p class=\"wp-block-paragraph\">M\u00eb shum\u00eb se&nbsp;<strong>72,000<\/strong>&nbsp;migrant\u00eb kaluan n\u00eb m\u00ebnyr\u00eb t\u00eb parregullt nga Maroku n\u00eb territorin e vog\u00ebl spanjoll midis 30 dhe 31 korrikut, n\u00eb nj\u00eb&nbsp;<strong>l\u00ebvizje masive t\u00eb paprecedent\u00eb<\/strong>&nbsp;n\u00eb nj\u00eb nga dy kufijt\u00eb e vet\u00ebm tok\u00ebsor\u00eb t\u00eb Bashkimit Evropian me Afrik\u00ebn.<\/p>\n\n\n\n<p class=\"wp-block-paragraph\">Sipas autoriteteve lokale n\u00eb Ceuta, t\u00eb pakt\u00ebn&nbsp;<strong>100 persona humb\u00ebn jet\u00ebn<\/strong>&nbsp;duke u p\u00ebrpjekur t\u00eb kalonin kufirin.<\/p>\n\n\n\n<p class=\"wp-block-paragraph\">Partit\u00eb opozitare spanjolle dhe disa organizata t\u00eb t\u00eb drejtave t\u00eb njeriut&nbsp;<strong>e kan\u00eb akuzuar Rabatin se ka lejuar q\u00ebllimisht kalimin masiv kufitar<\/strong>&nbsp;, di\u00e7ka q\u00eb Maroku e ka mohuar.<\/p>\n\n\n\n<p class=\"wp-block-paragraph\">&#8220;Kur disa njer\u00ebz flasin dhe spekulojn\u00eb p\u00ebr p\u00ebrfshirjen e autoriteteve marokene,&nbsp;<strong>un\u00eb e mohoj kategorikisht k\u00ebt\u00eb<\/strong>&nbsp;&#8220;, tha Sanchez p\u00ebr stacionin radiofonik SER.<\/p>\n\n\n\n<h2 class=\"wp-block-heading\">Dezinformimi p\u00ebrmes Instagram dhe TikTok<\/h2>\n\n\n\n<p class=\"wp-block-paragraph\">Sipas autoriteteve spanjolle, videot e qarkulluara n\u00eb Instagram, TikTok dhe platforma t\u00eb tjera t\u00eb mediave sociale&nbsp;<strong>p\u00ebrmbanin pretendime mashtruese<\/strong>&nbsp;se migrant\u00ebt q\u00eb mb\u00ebrrinin n\u00eb Ceuta nga deti mund t\u00eb q\u00ebndronin n\u00eb Spanj\u00eb.<\/p>\n\n\n\n<p class=\"wp-block-paragraph\">K\u00ebto postime thuhet se&nbsp;<strong>inkurajuan mij\u00ebra njer\u00ebz<\/strong>&nbsp;t\u00eb provonin kalimin.<\/p>\n\n\n\n<p class=\"wp-block-paragraph\">Sanchez tha se nj\u00eb hetim nga Sh\u00ebrbimi Evropian i Veprimit t\u00eb Jasht\u00ebm, sh\u00ebrbimi diplomatik i BE-s\u00eb, tregoi se&nbsp;<strong>rrjetet ruse dhe izraelite ishin pas p\u00ebrhapjes s\u00eb dezinformimit<\/strong>&nbsp;, n\u00eb bashk\u00ebpunim me rrjetet e ekstremit t\u00eb djatht\u00eb.<\/p>\n\n\n\n<p class=\"wp-block-paragraph\">Si\u00e7 tha ai, \u00ebsht\u00eb e qart\u00eb se&nbsp;<strong>t\u00eb dy vendet e shfryt\u00ebzuan kriz\u00ebn p\u00ebr t\u00eb ushtruar presion mbi Madridin<\/strong>&nbsp;, p\u00ebr shkak t\u00eb pak\u00ebnaq\u00ebsis\u00eb s\u00eb tyre&nbsp;<strong>me q\u00ebndrimin e Spanj\u00ebs<\/strong>&nbsp;ndaj luft\u00ebrave n\u00eb Ukrain\u00eb dhe Gaza.<\/p>\n\n\n\n<p class=\"wp-block-paragraph\">Megjithat\u00eb, ai nuk dha detaje t\u00eb m\u00ebtejshme rreth provave q\u00eb, sipas tij, v\u00ebrtetojn\u00eb p\u00ebrfshirjen e tyre.<\/p>\n\n\n\n<p class=\"wp-block-paragraph\">Ministria e Jashtme e Izraelit, ambasada ruse n\u00eb Spanj\u00eb dhe Sh\u00ebrbimi Evropian i Veprimit t\u00eb Jasht\u00ebm nuk iu p\u00ebrgjigj\u00ebn menj\u00ebher\u00eb k\u00ebrkesave t\u00eb Reuters p\u00ebr koment.<\/p>\n\n\n\n<h2 class=\"wp-block-heading\">Tension n\u00eb rritje n\u00eb Ceuta<\/h2>\n\n\n\n<p class=\"wp-block-paragraph\">Rreth&nbsp;<strong>5,000 emigrant\u00eb<\/strong>&nbsp;, disa prej t\u00eb cil\u00ebve&nbsp;<strong>kan\u00eb aplikuar p\u00ebr azil<\/strong>&nbsp;, jan\u00eb ende n\u00eb Ceuta pas&nbsp;<strong>val\u00ebs masive t\u00eb mb\u00ebrritjeve<\/strong>&nbsp;.<\/p>\n\n\n\n<p class=\"wp-block-paragraph\">Prania e tyre ka shkaktuar&nbsp;<strong>protesta pothuajse t\u00eb p\u00ebrditshme nga banor\u00ebt<\/strong>&nbsp;kund\u00ebr trajtimit t\u00eb kriz\u00ebs nga qeveria spanjolle, si dhe&nbsp;<strong>sulme sporadike ndaj nj\u00eb kampi t\u00eb improvizuar emigrant\u00ebsh<\/strong>&nbsp;n\u00eb plazhin El Trampol\u00edn, sipas raporteve t\u00eb policis\u00eb.<\/p>\n\n\n\n<p class=\"wp-block-paragraph\">T\u00eb diel\u00ebn (30\/08), policia&nbsp;<strong>arrestoi tre shtetas maroken\u00eb<\/strong>&nbsp;t\u00eb cil\u00ebt dyshohet se&nbsp;<strong>hodh\u00ebn shishe me l\u00ebngje g\u00ebrryese<\/strong>&nbsp;ndaj nj\u00eb patrulle ushtarake n\u00eb Ceuta, raportoi agjencia EFE, duke cituar burime policore.<\/p>\n\n\n\n<p class=\"wp-block-paragraph\">Nuk u raportua p\u00ebr t\u00eb l\u00ebnduar nga sulmi.<\/p>\n\n\n\n<h2 class=\"wp-block-heading\">Financim i ri emergjent p\u00ebr Ceut\u00ebn<\/h2>\n\n\n\n<p class=\"wp-block-paragraph\">Sanchez njoftoi gjithashtu t\u00eb h\u00ebn\u00ebn (31\/08) se kabineti do t\u00eb ndaj\u00eb&nbsp;<strong>168 milion\u00eb euro shtes\u00eb n\u00eb fonde emergjente<\/strong>&nbsp;p\u00ebr t\u00eb rinisur ekonomin\u00eb e Ceut\u00ebs.<\/p>\n\n\n\n<p class=\"wp-block-paragraph\">Shuma korrespondon&nbsp;<strong>me af\u00ebrsisht 8% t\u00eb PBB-s\u00eb s\u00eb enklav\u00ebs spanjolle<\/strong>&nbsp;dhe vjen p\u00ebrve\u00e7&nbsp;<strong>180 milion\u00eb eurove<\/strong>&nbsp;q\u00eb ishin njoftuar jav\u00ebn e kaluar p\u00ebr masat afatmesme t\u00eb rim\u00ebk\u00ebmbjes.<\/p>\n\n\n\n<p class=\"wp-block-paragraph\"><em>Me informacion nga Reuters<\/em><\/p>\n","protected":false},"excerpt":{"rendered":"<p>Pedro&nbsp;Sanchez&nbsp;&#8220;sheh&#8221; Rusin\u00eb dhe Izraelin pas kriz\u00ebs s\u00eb migracionit n\u00eb&nbsp;Ceuta&nbsp;. Kryeministri spanjoll tha t\u00eb h\u00ebn\u00ebn (31\/08) se ka indikacione se&nbsp;rrjetet e lidhura me Rusin\u00eb dhe Izraelin kan\u00eb kontribuar n\u00eb p\u00ebrhapjen e dezinformatave rreth politik\u00ebs s\u00eb migracionit t\u00eb Spanj\u00ebs&nbsp;, duke shkaktuar val\u00ebn masive t\u00eb mb\u00ebrritjeve n\u00eb Ceuta muajin e kaluar. N\u00eb t\u00eb nj\u00ebjt\u00ebn koh\u00eb, Sanchez&nbsp;i hodhi posht\u00eb [&hellip;]<\/p>\n","protected":false},"author":4,"featured_media":30219,"comment_status":"open","ping_status":"open","sticky":false,"template":"","format":"standard","meta":{"footnotes":""},"categories":[1],"tags":[],"class_list":["post-30217","post","type-post","status-publish","format-standard","has-post-thumbnail","category-pafilter"],"yoast_head":"<!-- This site is optimized with the Yoast SEO plugin v27.4 - https:\/\/yoast.com\/product\/yoast-seo-wordpress\/ -->\n<title>Spanj\u00eb: Pedro Sanchez faj\u00ebson Rusin\u00eb dhe Izraelin p\u00ebr kriz\u00ebn e emigrant\u00ebve n\u00eb Ceuta - Kosova Times<\/title>\n<meta name=\"robots\" content=\"index, follow, max-snippet:-1, max-image-preview:large, max-video-preview:-1\" \/>\n<link rel=\"canonical\" href=\"https:\/\/kosovatimes.info\/index.php\/2026\/08\/31\/spanje-pedro-sanchez-fajeson-rusine-dhe-izraelin-per-krizen-e-emigranteve-ne-ceuta\/\" \/>\n<meta property=\"og:locale\" content=\"en_US\" \/>\n<meta property=\"og:type\" content=\"article\" \/>\n<meta property=\"og:title\" content=\"Spanj\u00eb: Pedro Sanchez faj\u00ebson Rusin\u00eb dhe Izraelin p\u00ebr kriz\u00ebn e emigrant\u00ebve n\u00eb Ceuta - Kosova Times\" \/>\n<meta property=\"og:description\" content=\"Pedro&nbsp;Sanchez&nbsp;&#8220;sheh&#8221; Rusin\u00eb dhe Izraelin pas kriz\u00ebs s\u00eb migracionit n\u00eb&nbsp;Ceuta&nbsp;. Kryeministri spanjoll tha t\u00eb h\u00ebn\u00ebn (31\/08) se ka indikacione se&nbsp;rrjetet e lidhura me Rusin\u00eb dhe Izraelin kan\u00eb kontribuar n\u00eb p\u00ebrhapjen e dezinformatave rreth politik\u00ebs s\u00eb migracionit t\u00eb Spanj\u00ebs&nbsp;, duke shkaktuar val\u00ebn masive t\u00eb mb\u00ebrritjeve n\u00eb Ceuta muajin e kaluar. N\u00eb t\u00eb nj\u00ebjt\u00ebn koh\u00eb, Sanchez&nbsp;i hodhi posht\u00eb [&hellip;]\" \/>\n<meta property=\"og:url\" content=\"https:\/\/kosovatimes.info\/index.php\/2026\/08\/31\/spanje-pedro-sanchez-fajeson-rusine-dhe-izraelin-per-krizen-e-emigranteve-ne-ceuta\/\" \/>\n<meta property=\"og:site_name\" content=\"Kosova Times\" \/>\n<meta property=\"article:published_time\" content=\"2026-08-31T10:50:48+00:00\" \/>\n<meta property=\"article:modified_time\" content=\"2026-08-31T10:51:10+00:00\" \/>\n<meta property=\"og:image\" content=\"https:\/\/kosovatimes.info\/wp-content\/uploads\/2026\/08\/spanje-2.jpg\" \/>\n\t<meta property=\"og:image:width\" content=\"2560\" \/>\n\t<meta property=\"og:image:height\" content=\"1440\" \/>\n\t<meta property=\"og:image:type\" content=\"image\/jpeg\" \/>\n<meta name=\"author\" content=\"i l\" \/>\n<meta name=\"twitter:card\" content=\"summary_large_image\" \/>\n<meta name=\"twitter:label1\" content=\"Written by\" \/>\n\t<meta name=\"twitter:data1\" content=\"i l\" \/>\n\t<meta name=\"twitter:label2\" content=\"Est. reading time\" \/>\n\t<meta name=\"twitter:data2\" content=\"3 minutes\" \/>\n<script type=\"application\/ld+json\" class=\"yoast-schema-graph\">{\"@context\":\"https:\\\/\\\/schema.org\",\"@graph\":[{\"@type\":\"Article\",\"@id\":\"https:\\\/\\\/kosovatimes.info\\\/index.php\\\/2026\\\/08\\\/31\\\/spanje-pedro-sanchez-fajeson-rusine-dhe-izraelin-per-krizen-e-emigranteve-ne-ceuta\\\/#article\",\"isPartOf\":{\"@id\":\"https:\\\/\\\/kosovatimes.info\\\/index.php\\\/2026\\\/08\\\/31\\\/spanje-pedro-sanchez-fajeson-rusine-dhe-izraelin-per-krizen-e-emigranteve-ne-ceuta\\\/\"},\"author\":{\"name\":\"i l\",\"@id\":\"https:\\\/\\\/kosovatimes.info\\\/#\\\/schema\\\/person\\\/7586712b9c512fe68085de007378c915\"},\"headline\":\"Spanj\u00eb: Pedro Sanchez faj\u00ebson Rusin\u00eb dhe Izraelin p\u00ebr kriz\u00ebn e emigrant\u00ebve n\u00eb Ceuta\",\"datePublished\":\"2026-08-31T10:50:48+00:00\",\"dateModified\":\"2026-08-31T10:51:10+00:00\",\"mainEntityOfPage\":{\"@id\":\"https:\\\/\\\/kosovatimes.info\\\/index.php\\\/2026\\\/08\\\/31\\\/spanje-pedro-sanchez-fajeson-rusine-dhe-izraelin-per-krizen-e-emigranteve-ne-ceuta\\\/\"},\"wordCount\":638,\"commentCount\":0,\"image\":{\"@id\":\"https:\\\/\\\/kosovatimes.info\\\/index.php\\\/2026\\\/08\\\/31\\\/spanje-pedro-sanchez-fajeson-rusine-dhe-izraelin-per-krizen-e-emigranteve-ne-ceuta\\\/#primaryimage\"},\"thumbnailUrl\":\"https:\\\/\\\/kosovatimes.info\\\/wp-content\\\/uploads\\\/2026\\\/08\\\/spanje-2.jpg\",\"articleSection\":[\"pafilter\"],\"inLanguage\":\"en-US\",\"potentialAction\":[{\"@type\":\"CommentAction\",\"name\":\"Comment\",\"target\":[\"https:\\\/\\\/kosovatimes.info\\\/index.php\\\/2026\\\/08\\\/31\\\/spanje-pedro-sanchez-fajeson-rusine-dhe-izraelin-per-krizen-e-emigranteve-ne-ceuta\\\/#respond\"]}]},{\"@type\":\"WebPage\",\"@id\":\"https:\\\/\\\/kosovatimes.info\\\/index.php\\\/2026\\\/08\\\/31\\\/spanje-pedro-sanchez-fajeson-rusine-dhe-izraelin-per-krizen-e-emigranteve-ne-ceuta\\\/\",\"url\":\"https:\\\/\\\/kosovatimes.info\\\/index.php\\\/2026\\\/08\\\/31\\\/spanje-pedro-sanchez-fajeson-rusine-dhe-izraelin-per-krizen-e-emigranteve-ne-ceuta\\\/\",\"name\":\"Spanj\u00eb: Pedro Sanchez faj\u00ebson Rusin\u00eb dhe Izraelin p\u00ebr kriz\u00ebn e emigrant\u00ebve n\u00eb Ceuta - Kosova Times\",\"isPartOf\":{\"@id\":\"https:\\\/\\\/kosovatimes.info\\\/#website\"},\"primaryImageOfPage\":{\"@id\":\"https:\\\/\\\/kosovatimes.info\\\/index.php\\\/2026\\\/08\\\/31\\\/spanje-pedro-sanchez-fajeson-rusine-dhe-izraelin-per-krizen-e-emigranteve-ne-ceuta\\\/#primaryimage\"},\"image\":{\"@id\":\"https:\\\/\\\/kosovatimes.info\\\/index.php\\\/2026\\\/08\\\/31\\\/spanje-pedro-sanchez-fajeson-rusine-dhe-izraelin-per-krizen-e-emigranteve-ne-ceuta\\\/#primaryimage\"},\"thumbnailUrl\":\"https:\\\/\\\/kosovatimes.info\\\/wp-content\\\/uploads\\\/2026\\\/08\\\/spanje-2.jpg\",\"datePublished\":\"2026-08-31T10:50:48+00:00\",\"dateModified\":\"2026-08-31T10:51:10+00:00\",\"author\":{\"@id\":\"https:\\\/\\\/kosovatimes.info\\\/#\\\/schema\\\/person\\\/7586712b9c512fe68085de007378c915\"},\"breadcrumb\":{\"@id\":\"https:\\\/\\\/kosovatimes.info\\\/index.php\\\/2026\\\/08\\\/31\\\/spanje-pedro-sanchez-fajeson-rusine-dhe-izraelin-per-krizen-e-emigranteve-ne-ceuta\\\/#breadcrumb\"},\"inLanguage\":\"en-US\",\"potentialAction\":[{\"@type\":\"ReadAction\",\"target\":[\"https:\\\/\\\/kosovatimes.info\\\/index.php\\\/2026\\\/08\\\/31\\\/spanje-pedro-sanchez-fajeson-rusine-dhe-izraelin-per-krizen-e-emigranteve-ne-ceuta\\\/\"]}]},{\"@type\":\"ImageObject\",\"inLanguage\":\"en-US\",\"@id\":\"https:\\\/\\\/kosovatimes.info\\\/index.php\\\/2026\\\/08\\\/31\\\/spanje-pedro-sanchez-fajeson-rusine-dhe-izraelin-per-krizen-e-emigranteve-ne-ceuta\\\/#primaryimage\",\"url\":\"https:\\\/\\\/kosovatimes.info\\\/wp-content\\\/uploads\\\/2026\\\/08\\\/spanje-2.jpg\",\"contentUrl\":\"https:\\\/\\\/kosovatimes.info\\\/wp-content\\\/uploads\\\/2026\\\/08\\\/spanje-2.jpg\",\"width\":2560,\"height\":1440},{\"@type\":\"BreadcrumbList\",\"@id\":\"https:\\\/\\\/kosovatimes.info\\\/index.php\\\/2026\\\/08\\\/31\\\/spanje-pedro-sanchez-fajeson-rusine-dhe-izraelin-per-krizen-e-emigranteve-ne-ceuta\\\/#breadcrumb\",\"itemListElement\":[{\"@type\":\"ListItem\",\"position\":1,\"name\":\"Home\",\"item\":\"https:\\\/\\\/kosovatimes.info\\\/\"},{\"@type\":\"ListItem\",\"position\":2,\"name\":\"Spanj\u00eb: Pedro Sanchez faj\u00ebson Rusin\u00eb dhe Izraelin p\u00ebr kriz\u00ebn e emigrant\u00ebve n\u00eb Ceuta\"}]},{\"@type\":\"WebSite\",\"@id\":\"https:\\\/\\\/kosovatimes.info\\\/#website\",\"url\":\"https:\\\/\\\/kosovatimes.info\\\/\",\"name\":\"Kosova Times\",\"description\":\"\",\"potentialAction\":[{\"@type\":\"SearchAction\",\"target\":{\"@type\":\"EntryPoint\",\"urlTemplate\":\"https:\\\/\\\/kosovatimes.info\\\/?s={search_term_string}\"},\"query-input\":{\"@type\":\"PropertyValueSpecification\",\"valueRequired\":true,\"valueName\":\"search_term_string\"}}],\"inLanguage\":\"en-US\"},{\"@type\":\"Person\",\"@id\":\"https:\\\/\\\/kosovatimes.info\\\/#\\\/schema\\\/person\\\/7586712b9c512fe68085de007378c915\",\"name\":\"i l\",\"image\":{\"@type\":\"ImageObject\",\"inLanguage\":\"en-US\",\"@id\":\"https:\\\/\\\/secure.gravatar.com\\\/avatar\\\/bad9296e02816160ae2e2435beda58222022298d5625d49fea74d18816fbb31d?s=96&d=mm&r=g\",\"url\":\"https:\\\/\\\/secure.gravatar.com\\\/avatar\\\/bad9296e02816160ae2e2435beda58222022298d5625d49fea74d18816fbb31d?s=96&d=mm&r=g\",\"contentUrl\":\"https:\\\/\\\/secure.gravatar.com\\\/avatar\\\/bad9296e02816160ae2e2435beda58222022298d5625d49fea74d18816fbb31d?s=96&d=mm&r=g\",\"caption\":\"i l\"},\"url\":\"https:\\\/\\\/kosovatimes.info\\\/index.php\\\/author\\\/iliri\\\/\"}]}<\/script>\n<!-- \/ Yoast SEO plugin. -->","yoast_head_json":{"title":"Spanj\u00eb: Pedro Sanchez faj\u00ebson Rusin\u00eb dhe Izraelin p\u00ebr kriz\u00ebn e emigrant\u00ebve n\u00eb Ceuta - Kosova Times","robots":{"index":"index","follow":"follow","max-snippet":"max-snippet:-1","max-image-preview":"max-image-preview:large","max-video-preview":"max-video-preview:-1"},"canonical":"https:\/\/kosovatimes.info\/index.php\/2026\/08\/31\/spanje-pedro-sanchez-fajeson-rusine-dhe-izraelin-per-krizen-e-emigranteve-ne-ceuta\/","og_locale":"en_US","og_type":"article","og_title":"Spanj\u00eb: Pedro Sanchez faj\u00ebson Rusin\u00eb dhe Izraelin p\u00ebr kriz\u00ebn e emigrant\u00ebve n\u00eb Ceuta - Kosova Times","og_description":"Pedro&nbsp;Sanchez&nbsp;&#8220;sheh&#8221; Rusin\u00eb dhe Izraelin pas kriz\u00ebs s\u00eb migracionit n\u00eb&nbsp;Ceuta&nbsp;. Kryeministri spanjoll tha t\u00eb h\u00ebn\u00ebn (31\/08) se ka indikacione se&nbsp;rrjetet e lidhura me Rusin\u00eb dhe Izraelin kan\u00eb kontribuar n\u00eb p\u00ebrhapjen e dezinformatave rreth politik\u00ebs s\u00eb migracionit t\u00eb Spanj\u00ebs&nbsp;, duke shkaktuar val\u00ebn masive t\u00eb mb\u00ebrritjeve n\u00eb Ceuta muajin e kaluar. N\u00eb t\u00eb nj\u00ebjt\u00ebn koh\u00eb, Sanchez&nbsp;i hodhi posht\u00eb [&hellip;]","og_url":"https:\/\/kosovatimes.info\/index.php\/2026\/08\/31\/spanje-pedro-sanchez-fajeson-rusine-dhe-izraelin-per-krizen-e-emigranteve-ne-ceuta\/","og_site_name":"Kosova Times","article_published_time":"2026-08-31T10:50:48+00:00","article_modified_time":"2026-08-31T10:51:10+00:00","og_image":[{"width":2560,"height":1440,"url":"https:\/\/kosovatimes.info\/wp-content\/uploads\/2026\/08\/spanje-2.jpg","type":"image\/jpeg"}],"author":"i l","twitter_card":"summary_large_image","twitter_misc":{"Written by":"i l","Est. reading time":"3 minutes"},"schema":{"@context":"https:\/\/schema.org","@graph":[{"@type":"Article","@id":"https:\/\/kosovatimes.info\/index.php\/2026\/08\/31\/spanje-pedro-sanchez-fajeson-rusine-dhe-izraelin-per-krizen-e-emigranteve-ne-ceuta\/#article","isPartOf":{"@id":"https:\/\/kosovatimes.info\/index.php\/2026\/08\/31\/spanje-pedro-sanchez-fajeson-rusine-dhe-izraelin-per-krizen-e-emigranteve-ne-ceuta\/"},"author":{"name":"i l","@id":"https:\/\/kosovatimes.info\/#\/schema\/person\/7586712b9c512fe68085de007378c915"},"headline":"Spanj\u00eb: Pedro Sanchez faj\u00ebson Rusin\u00eb dhe Izraelin p\u00ebr kriz\u00ebn e emigrant\u00ebve n\u00eb Ceuta","datePublished":"2026-08-31T10:50:48+00:00","dateModified":"2026-08-31T10:51:10+00:00","mainEntityOfPage":{"@id":"https:\/\/kosovatimes.info\/index.php\/2026\/08\/31\/spanje-pedro-sanchez-fajeson-rusine-dhe-izraelin-per-krizen-e-emigranteve-ne-ceuta\/"},"wordCount":638,"commentCount":0,"image":{"@id":"https:\/\/kosovatimes.info\/index.php\/2026\/08\/31\/spanje-pedro-sanchez-fajeson-rusine-dhe-izraelin-per-krizen-e-emigranteve-ne-ceuta\/#primaryimage"},"thumbnailUrl":"https:\/\/kosovatimes.info\/wp-content\/uploads\/2026\/08\/spanje-2.jpg","articleSection":["pafilter"],"inLanguage":"en-US","potentialAction":[{"@type":"CommentAction","name":"Comment","target":["https:\/\/kosovatimes.info\/index.php\/2026\/08\/31\/spanje-pedro-sanchez-fajeson-rusine-dhe-izraelin-per-krizen-e-emigranteve-ne-ceuta\/#respond"]}]},{"@type":"WebPage","@id":"https:\/\/kosovatimes.info\/index.php\/2026\/08\/31\/spanje-pedro-sanchez-fajeson-rusine-dhe-izraelin-per-krizen-e-emigranteve-ne-ceuta\/","url":"https:\/\/kosovatimes.info\/index.php\/2026\/08\/31\/spanje-pedro-sanchez-fajeson-rusine-dhe-izraelin-per-krizen-e-emigranteve-ne-ceuta\/","name":"Spanj\u00eb: Pedro Sanchez faj\u00ebson Rusin\u00eb dhe Izraelin p\u00ebr kriz\u00ebn e emigrant\u00ebve n\u00eb Ceuta - Kosova Times","isPartOf":{"@id":"https:\/\/kosovatimes.info\/#website"},"primaryImageOfPage":{"@id":"https:\/\/kosovatimes.info\/index.php\/2026\/08\/31\/spanje-pedro-sanchez-fajeson-rusine-dhe-izraelin-per-krizen-e-emigranteve-ne-ceuta\/#primaryimage"},"image":{"@id":"https:\/\/kosovatimes.info\/index.php\/2026\/08\/31\/spanje-pedro-sanchez-fajeson-rusine-dhe-izraelin-per-krizen-e-emigranteve-ne-ceuta\/#primaryimage"},"thumbnailUrl":"https:\/\/kosovatimes.info\/wp-content\/uploads\/2026\/08\/spanje-2.jpg","datePublished":"2026-08-31T10:50:48+00:00","dateModified":"2026-08-31T10:51:10+00:00","author":{"@id":"https:\/\/kosovatimes.info\/#\/schema\/person\/7586712b9c512fe68085de007378c915"},"breadcrumb":{"@id":"https:\/\/kosovatimes.info\/index.php\/2026\/08\/31\/spanje-pedro-sanchez-fajeson-rusine-dhe-izraelin-per-krizen-e-emigranteve-ne-ceuta\/#breadcrumb"},"inLanguage":"en-US","potentialAction":[{"@type":"ReadAction","target":["https:\/\/kosovatimes.info\/index.php\/2026\/08\/31\/spanje-pedro-sanchez-fajeson-rusine-dhe-izraelin-per-krizen-e-emigranteve-ne-ceuta\/"]}]},{"@type":"ImageObject","inLanguage":"en-US","@id":"https:\/\/kosovatimes.info\/index.php\/2026\/08\/31\/spanje-pedro-sanchez-fajeson-rusine-dhe-izraelin-per-krizen-e-emigranteve-ne-ceuta\/#primaryimage","url":"https:\/\/kosovatimes.info\/wp-content\/uploads\/2026\/08\/spanje-2.jpg","contentUrl":"https:\/\/kosovatimes.info\/wp-content\/uploads\/2026\/08\/spanje-2.jpg","width":2560,"height":1440},{"@type":"BreadcrumbList","@id":"https:\/\/kosovatimes.info\/index.php\/2026\/08\/31\/spanje-pedro-sanchez-fajeson-rusine-dhe-izraelin-per-krizen-e-emigranteve-ne-ceuta\/#breadcrumb","itemListElement":[{"@type":"ListItem","position":1,"name":"Home","item":"https:\/\/kosovatimes.info\/"},{"@type":"ListItem","position":2,"name":"Spanj\u00eb: Pedro Sanchez faj\u00ebson Rusin\u00eb dhe Izraelin p\u00ebr kriz\u00ebn e emigrant\u00ebve n\u00eb Ceuta"}]},{"@type":"WebSite","@id":"https:\/\/kosovatimes.info\/#website","url":"https:\/\/kosovatimes.info\/","name":"Kosova Times","description":"","potentialAction":[{"@type":"SearchAction","target":{"@type":"EntryPoint","urlTemplate":"https:\/\/kosovatimes.info\/?s={search_term_string}"},"query-input":{"@type":"PropertyValueSpecification","valueRequired":true,"valueName":"search_term_string"}}],"inLanguage":"en-US"},{"@type":"Person","@id":"https:\/\/kosovatimes.info\/#\/schema\/person\/7586712b9c512fe68085de007378c915","name":"i l","image":{"@type":"ImageObject","inLanguage":"en-US","@id":"https:\/\/secure.gravatar.com\/avatar\/bad9296e02816160ae2e2435beda58222022298d5625d49fea74d18816fbb31d?s=96&d=mm&r=g","url":"https:\/\/secure.gravatar.com\/avatar\/bad9296e02816160ae2e2435beda58222022298d5625d49fea74d18816fbb31d?s=96&d=mm&r=g","contentUrl":"https:\/\/secure.gravatar.com\/avatar\/bad9296e02816160ae2e2435beda58222022298d5625d49fea74d18816fbb31d?s=96&d=mm&r=g","caption":"i l"},"url":"https:\/\/kosovatimes.info\/index.php\/author\/iliri\/"}]}},"_links":{"self":[{"href":"https:\/\/kosovatimes.info\/index.php\/wp-json\/wp\/v2\/posts\/30217","targetHints":{"allow":["GET"]}}],"collection":[{"href":"https:\/\/kosovatimes.info\/index.php\/wp-json\/wp\/v2\/posts"}],"about":[{"href":"https:\/\/kosovatimes.info\/index.php\/wp-json\/wp\/v2\/types\/post"}],"author":[{"embeddable":true,"href":"https:\/\/kosovatimes.info\/index.php\/wp-json\/wp\/v2\/users\/4"}],"replies":[{"embeddable":true,"href":"https:\/\/kosovatimes.info\/index.php\/wp-json\/wp\/v2\/comments?post=30217"}],"version-history":[{"count":1,"href":"https:\/\/kosovatimes.info\/index.php\/wp-json\/wp\/v2\/posts\/30217\/revisions"}],"predecessor-version":[{"id":30218,"href":"https:\/\/kosovatimes.info\/index.php\/wp-json\/wp\/v2\/posts\/30217\/revisions\/30218"}],"wp:featuredmedia":[{"embeddable":true,"href":"https:\/\/kosovatimes.info\/index.php\/wp-json\/wp\/v2\/media\/30219"}],"wp:attachment":[{"href":"https:\/\/kosovatimes.info\/index.php\/wp-json\/wp\/v2\/media?parent=30217"}],"wp:term":[{"taxonomy":"category","embeddable":true,"href":"https:\/\/kosovatimes.info\/index.php\/wp-json\/wp\/v2\/categories?post=30217"},{"taxonomy":"post_tag","embeddable":true,"href":"https:\/\/kosovatimes.info\/index.php\/wp-json\/wp\/v2\/tags?post=30217"}],"curies":[{"name":"wp","href":"https:\/\/api.w.org\/{rel}","templated":true}]}}