{"id":30220,"date":"2026-08-31T12:53:33","date_gmt":"2026-08-31T10:53:33","guid":{"rendered":"https:\/\/kosovatimes.info\/?p=30220"},"modified":"2026-08-31T12:53:35","modified_gmt":"2026-08-31T10:53:35","slug":"aragchi-kunder-netanyahut-gjarpri-qe-e-futi-shba-ne-ne-lufte-me-iranin","status":"publish","type":"post","link":"https:\/\/kosovatimes.info\/index.php\/2026\/08\/31\/aragchi-kunder-netanyahut-gjarpri-qe-e-futi-shba-ne-ne-lufte-me-iranin\/","title":{"rendered":"Aragchi kund\u00ebr Netanyahut: &#8220;Gjarpri&#8221; q\u00eb e futi SHBA-n\u00eb n\u00eb luft\u00eb me Iranin"},"content":{"rendered":"\n<p class=\"wp-block-paragraph\">Ministri i Jasht\u00ebm\u00a0<a href=\"https:\/\/www.kathimerini.gr\/tag\/iran\/\" target=\"_blank\" rel=\"noopener\">iranian,\u00a0<\/a><strong>Abbas Araghchi,<\/strong>\u00a0nisi nj\u00eb\u00a0<strong>sulm t\u00eb ashp\u00ebr personal ndaj Benjamin Netanyahut<\/strong>\u00a0t\u00eb h\u00ebn\u00ebn (31\/08) , duke e akuzuar kryeministrin izraelit se e ka mashtruar Uashingtonin dhe e ka futur at\u00eb n\u00eb luft\u00eb me Teheranin.<a href=\"https:\/\/www.kathimerini.gr\/tag\/iran\/\" target=\"_blank\" rel=\"noopener\"><\/a><\/p>\n\n\n\n<p class=\"wp-block-paragraph\">N\u00eb nj\u00eb postim n\u00eb X, kreu i diplomacis\u00eb iraniane e p\u00ebrshkroi Netanyahun si nj\u00eb &#8221;&nbsp;<strong>gjarp\u00ebr<\/strong>&nbsp;&#8220;, duke pretenduar se kryeministri izraelit duket se&nbsp;<strong>flet ndryshe n\u00eb var\u00ebsi t\u00eb audienc\u00ebs s\u00eb cil\u00ebs i drejtohet<\/strong>&nbsp;.<\/p>\n\n\n\n<p class=\"wp-block-paragraph\">Araghchi pohoi se kur flet n\u00eb hebraisht,&nbsp;<strong>Netanyahu &#8220;mburret&#8221; se si arriti ta \u00e7oj\u00eb qeverin\u00eb amerikane n\u00eb luft\u00eb me Iranin<\/strong>&nbsp;n\u00eb em\u00ebr t\u00eb Izraelit dhe&nbsp;<strong>qesh<\/strong>&nbsp;me ndikimin q\u00eb ka ushtruar n\u00eb SHBA p\u00ebrmes pranis\u00eb s\u00eb tij t\u00eb gjer\u00eb n\u00eb rrjetet televizive amerikane.<\/p>\n\n\n\n<p class=\"wp-block-paragraph\">P\u00ebrkundrazi, sipas Ministrit t\u00eb Jasht\u00ebm iranian, kur flet n\u00eb anglisht,&nbsp;<strong>Netanyahu vler\u00ebson lidershipin e Presidentit t\u00eb SHBA-s\u00eb Donald Trump<\/strong>&nbsp;.<\/p>\n\n\n\n<p class=\"wp-block-paragraph\">&#8220;Gjarp\u00ebr&#8221;, ishte fjala me t\u00eb cil\u00ebn Aragchi e mbylli postimin e tij.<\/p>\n\n\n\n<figure class=\"wp-block-embed is-type-rich is-provider-x wp-block-embed-x\"><div class=\"wp-block-embed__wrapper\">\n<blockquote class=\"twitter-tweet\" data-width=\"550\" data-dnt=\"true\"><p lang=\"en\" dir=\"ltr\">In Hebrew, Netanyahu openly crows that he suckered the U.S. Administration into a war on Iran on behalf of Israel.<br><br>Netanyahu explicitly laughs about how he &quot;influenced&quot; America through 1,000 hours of airtime on U.S. networks.<br><br>In English, he praises POTUS&#39; leadership.<br><br>Serpent. <a href=\"https:\/\/t.co\/O2hXExS91M\">https:\/\/t.co\/O2hXExS91M<\/a><\/p>&mdash; Seyed Abbas Araghchi (@araghchi) <a href=\"https:\/\/x.com\/araghchi\/status\/2094338001887441333?ref_src=twsrc%5Etfw\">August 31, 2026<\/a><\/blockquote><script async src=\"https:\/\/platform.x.com\/widgets.js\" charset=\"utf-8\"><\/script>\n<\/div><\/figure>\n\n\n\n<h2 class=\"wp-block-heading\">P\u00ebrshkall\u00ebzim i ri midis SHBA-s\u00eb dhe Iranit<\/h2>\n\n\n\n<p class=\"wp-block-paragraph\">Q\u00ebndrimi i ashp\u00ebr i Araghchi-t vjen n\u00eb nj\u00eb koh\u00eb&nbsp;<strong>tensionesh t\u00eb p\u00ebrt\u00ebrira<\/strong>&nbsp;n\u00eb Lindjen e Mesme, pas shk\u00ebmbimit t\u00eb par\u00eb&nbsp;<a href=\"https:\/\/www.kathimerini.gr\/world\/564428974\/antallagi-pligmaton-metaxy-ipa-kai-iran-i-proti-meta-apo-enan-mina\/\" target=\"_blank\" rel=\"noopener\">t\u00eb sulmeve ushtarake midis SHBA-s\u00eb dhe Iranit<\/a>&nbsp;n\u00eb rreth nj\u00eb muaj.<\/p>\n\n\n\n<p class=\"wp-block-paragraph\">T\u00eb diel\u00ebn (30\/08), forcat amerikane godit\u00ebn&nbsp;<strong>dy raketa iraniane n\u00eb ishullin Larak<\/strong>&nbsp;, n\u00eb Ngushtic\u00ebn e Hormuzit. Nj\u00eb zyrtar amerikan i tha Reuters se forcat e Gard\u00ebs Revolucionare ishin par\u00eb duke u p\u00ebrgatitur&nbsp;<strong>p\u00ebr t\u00eb l\u00ebshuar raketa me mina detare<\/strong>&nbsp;drejt kalimit strategjik. CENTCOM e p\u00ebrshkroi operacionin si&nbsp;<strong>&#8220;t\u00eb kufizuar&#8221; dhe &#8220;t\u00eb sakt\u00eb&#8221;<\/strong>&nbsp;, duke th\u00ebn\u00eb se ishte n\u00eb p\u00ebrgjigje t\u00eb nj\u00eb k\u00ebrc\u00ebnimi t\u00eb menj\u00ebhersh\u00ebm.<\/p>\n\n\n\n<p class=\"wp-block-paragraph\">Teherani u p\u00ebrgjigj duke l\u00ebshuar&nbsp;<strong>raketa balistike<\/strong>&nbsp;kund\u00ebr bazave amerikane n\u00eb Jordani, nd\u00ebrsa njoftoi gjithashtu&nbsp;<strong>nj\u00eb sulm me dron\u00eb<\/strong>&nbsp;n\u00eb baz\u00ebn ajrore Al Minhad n\u00eb Emiratet e Bashkuara Arabe, ku, sipas Iranit, ndodhen forcat amerikane.<\/p>\n\n\n\n<h2 class=\"wp-block-heading\">Nga arm\u00ebpushimi te tensioni i ri<\/h2>\n\n\n\n<p class=\"wp-block-paragraph\">Lufta midis SHBA-s\u00eb dhe Iranit shp\u00ebrtheu m\u00eb 28 shkurt, pas sulmeve amerikane-izraelite ndaj Iranit, t\u00eb cilat vran\u00eb, nd\u00ebr t\u00eb tjer\u00eb, udh\u00ebheq\u00ebsin suprem t\u00eb vendit&nbsp;<strong>Ali Khamenei<\/strong>&nbsp;.<\/p>\n\n\n\n<p class=\"wp-block-paragraph\">Teherani u p\u00ebrgjigj me sulme n\u00eb t\u00eb gjith\u00eb rajonin,&nbsp;<strong>me konfliktin q\u00eb u zgjerua<\/strong>&nbsp;n\u00eb jav\u00ebt q\u00eb pasuan.<\/p>\n\n\n\n<p class=\"wp-block-paragraph\">Arm\u00ebpushimi i prillit kufizoi operacionet ushtarake n\u00eb shkall\u00eb t\u00eb gjer\u00eb&nbsp;<strong>, por nuk \u00e7oi n\u00eb nj\u00eb marr\u00ebveshje p\u00ebrfundimtare<\/strong>&nbsp;. Incidentet sporadike, ve\u00e7an\u00ebrisht rreth Ngushtic\u00ebs s\u00eb Hormuzit, vazhduan t\u00eb minonin perspektivat p\u00ebr nj\u00eb deeskalim t\u00eb p\u00ebrhersh\u00ebm.<\/p>\n\n\n\n<p class=\"wp-block-paragraph\">N\u00eb t\u00eb nj\u00ebjt\u00ebn koh\u00eb, administrata Trump&nbsp;<strong>ka intensifikuar presionin ekonomik<\/strong>&nbsp;mbi Teheranin, duke njoftuar sanksione t\u00eb reja dyt\u00ebsore, nd\u00ebrsa rifillimi i sulmeve ushtarake&nbsp;<strong>ngre pyetje t\u00eb reja<\/strong>&nbsp;n\u00ebse mund t\u00eb ruhet ulja e brisht\u00eb e tensioneve t\u00eb muajve t\u00eb fundit.<\/p>\n\n\n\n<p class=\"wp-block-paragraph\">Jav\u00ebn e kaluar, Netanyahu&nbsp;<strong>hodhi posht\u00eb mund\u00ebsin\u00eb e nj\u00eb marr\u00ebveshjeje<\/strong>&nbsp;midis Uashingtonit dhe Teheranit, duke i p\u00ebrshkruar udh\u00ebheq\u00ebsit e Iranit si &#8221;&nbsp;<strong>barbar\u00eb<\/strong>&nbsp;&#8220;.<\/p>\n","protected":false},"excerpt":{"rendered":"<p>Ministri i Jasht\u00ebm\u00a0iranian,\u00a0Abbas Araghchi,\u00a0nisi nj\u00eb\u00a0sulm t\u00eb ashp\u00ebr personal ndaj Benjamin Netanyahut\u00a0t\u00eb h\u00ebn\u00ebn (31\/08) , duke e akuzuar kryeministrin izraelit se e ka mashtruar Uashingtonin dhe e ka futur at\u00eb n\u00eb luft\u00eb me Teheranin. N\u00eb nj\u00eb postim n\u00eb X, kreu i diplomacis\u00eb iraniane e p\u00ebrshkroi Netanyahun si nj\u00eb &#8221;&nbsp;gjarp\u00ebr&nbsp;&#8220;, duke pretenduar se kryeministri izraelit duket se&nbsp;flet [&hellip;]<\/p>\n","protected":false},"author":4,"featured_media":30221,"comment_status":"open","ping_status":"open","sticky":false,"template":"","format":"standard","meta":{"footnotes":""},"categories":[33,30],"tags":[],"class_list":["post-30220","post","type-post","status-publish","format-standard","has-post-thumbnail","category-bote","category-lajme"],"yoast_head":"<!-- This site is optimized with the Yoast SEO plugin v27.4 - https:\/\/yoast.com\/product\/yoast-seo-wordpress\/ -->\n<title>Aragchi kund\u00ebr Netanyahut: &quot;Gjarpri&quot; q\u00eb e futi SHBA-n\u00eb n\u00eb luft\u00eb me Iranin - Kosova Times<\/title>\n<meta name=\"robots\" content=\"index, follow, max-snippet:-1, max-image-preview:large, max-video-preview:-1\" \/>\n<link rel=\"canonical\" href=\"https:\/\/kosovatimes.info\/index.php\/2026\/08\/31\/aragchi-kunder-netanyahut-gjarpri-qe-e-futi-shba-ne-ne-lufte-me-iranin\/\" \/>\n<meta property=\"og:locale\" content=\"en_US\" \/>\n<meta property=\"og:type\" content=\"article\" \/>\n<meta property=\"og:title\" content=\"Aragchi kund\u00ebr Netanyahut: &quot;Gjarpri&quot; q\u00eb e futi SHBA-n\u00eb n\u00eb luft\u00eb me Iranin - Kosova Times\" \/>\n<meta property=\"og:description\" content=\"Ministri i Jasht\u00ebm\u00a0iranian,\u00a0Abbas Araghchi,\u00a0nisi nj\u00eb\u00a0sulm t\u00eb ashp\u00ebr personal ndaj Benjamin Netanyahut\u00a0t\u00eb h\u00ebn\u00ebn (31\/08) , duke e akuzuar kryeministrin izraelit se e ka mashtruar Uashingtonin dhe e ka futur at\u00eb n\u00eb luft\u00eb me Teheranin. N\u00eb nj\u00eb postim n\u00eb X, kreu i diplomacis\u00eb iraniane e p\u00ebrshkroi Netanyahun si nj\u00eb &#8221;&nbsp;gjarp\u00ebr&nbsp;&#8220;, duke pretenduar se kryeministri izraelit duket se&nbsp;flet [&hellip;]\" \/>\n<meta property=\"og:url\" content=\"https:\/\/kosovatimes.info\/index.php\/2026\/08\/31\/aragchi-kunder-netanyahut-gjarpri-qe-e-futi-shba-ne-ne-lufte-me-iranin\/\" \/>\n<meta property=\"og:site_name\" content=\"Kosova Times\" \/>\n<meta property=\"article:published_time\" content=\"2026-08-31T10:53:33+00:00\" \/>\n<meta property=\"article:modified_time\" content=\"2026-08-31T10:53:35+00:00\" \/>\n<meta property=\"og:image\" content=\"https:\/\/kosovatimes.info\/wp-content\/uploads\/2026\/08\/Abbas-Araghchi.jpg\" \/>\n\t<meta property=\"og:image:width\" content=\"1024\" \/>\n\t<meta property=\"og:image:height\" content=\"576\" \/>\n\t<meta property=\"og:image:type\" content=\"image\/jpeg\" \/>\n<meta name=\"author\" content=\"i l\" \/>\n<meta name=\"twitter:card\" content=\"summary_large_image\" \/>\n<meta name=\"twitter:label1\" content=\"Written by\" \/>\n\t<meta name=\"twitter:data1\" content=\"i l\" \/>\n\t<meta name=\"twitter:label2\" content=\"Est. reading time\" \/>\n\t<meta name=\"twitter:data2\" content=\"1 minute\" \/>\n<script type=\"application\/ld+json\" class=\"yoast-schema-graph\">{\"@context\":\"https:\\\/\\\/schema.org\",\"@graph\":[{\"@type\":\"Article\",\"@id\":\"https:\\\/\\\/kosovatimes.info\\\/index.php\\\/2026\\\/08\\\/31\\\/aragchi-kunder-netanyahut-gjarpri-qe-e-futi-shba-ne-ne-lufte-me-iranin\\\/#article\",\"isPartOf\":{\"@id\":\"https:\\\/\\\/kosovatimes.info\\\/index.php\\\/2026\\\/08\\\/31\\\/aragchi-kunder-netanyahut-gjarpri-qe-e-futi-shba-ne-ne-lufte-me-iranin\\\/\"},\"author\":{\"name\":\"i l\",\"@id\":\"https:\\\/\\\/kosovatimes.info\\\/#\\\/schema\\\/person\\\/7586712b9c512fe68085de007378c915\"},\"headline\":\"Aragchi kund\u00ebr Netanyahut: &#8220;Gjarpri&#8221; q\u00eb e futi SHBA-n\u00eb n\u00eb luft\u00eb me Iranin\",\"datePublished\":\"2026-08-31T10:53:33+00:00\",\"dateModified\":\"2026-08-31T10:53:35+00:00\",\"mainEntityOfPage\":{\"@id\":\"https:\\\/\\\/kosovatimes.info\\\/index.php\\\/2026\\\/08\\\/31\\\/aragchi-kunder-netanyahut-gjarpri-qe-e-futi-shba-ne-ne-lufte-me-iranin\\\/\"},\"wordCount\":579,\"commentCount\":0,\"image\":{\"@id\":\"https:\\\/\\\/kosovatimes.info\\\/index.php\\\/2026\\\/08\\\/31\\\/aragchi-kunder-netanyahut-gjarpri-qe-e-futi-shba-ne-ne-lufte-me-iranin\\\/#primaryimage\"},\"thumbnailUrl\":\"https:\\\/\\\/kosovatimes.info\\\/wp-content\\\/uploads\\\/2026\\\/08\\\/Abbas-Araghchi.jpg\",\"articleSection\":[\"Bot\u00eb\",\"Lajme\"],\"inLanguage\":\"en-US\",\"potentialAction\":[{\"@type\":\"CommentAction\",\"name\":\"Comment\",\"target\":[\"https:\\\/\\\/kosovatimes.info\\\/index.php\\\/2026\\\/08\\\/31\\\/aragchi-kunder-netanyahut-gjarpri-qe-e-futi-shba-ne-ne-lufte-me-iranin\\\/#respond\"]}]},{\"@type\":\"WebPage\",\"@id\":\"https:\\\/\\\/kosovatimes.info\\\/index.php\\\/2026\\\/08\\\/31\\\/aragchi-kunder-netanyahut-gjarpri-qe-e-futi-shba-ne-ne-lufte-me-iranin\\\/\",\"url\":\"https:\\\/\\\/kosovatimes.info\\\/index.php\\\/2026\\\/08\\\/31\\\/aragchi-kunder-netanyahut-gjarpri-qe-e-futi-shba-ne-ne-lufte-me-iranin\\\/\",\"name\":\"Aragchi kund\u00ebr Netanyahut: \\\"Gjarpri\\\" q\u00eb e futi SHBA-n\u00eb n\u00eb luft\u00eb me Iranin - Kosova Times\",\"isPartOf\":{\"@id\":\"https:\\\/\\\/kosovatimes.info\\\/#website\"},\"primaryImageOfPage\":{\"@id\":\"https:\\\/\\\/kosovatimes.info\\\/index.php\\\/2026\\\/08\\\/31\\\/aragchi-kunder-netanyahut-gjarpri-qe-e-futi-shba-ne-ne-lufte-me-iranin\\\/#primaryimage\"},\"image\":{\"@id\":\"https:\\\/\\\/kosovatimes.info\\\/index.php\\\/2026\\\/08\\\/31\\\/aragchi-kunder-netanyahut-gjarpri-qe-e-futi-shba-ne-ne-lufte-me-iranin\\\/#primaryimage\"},\"thumbnailUrl\":\"https:\\\/\\\/kosovatimes.info\\\/wp-content\\\/uploads\\\/2026\\\/08\\\/Abbas-Araghchi.jpg\",\"datePublished\":\"2026-08-31T10:53:33+00:00\",\"dateModified\":\"2026-08-31T10:53:35+00:00\",\"author\":{\"@id\":\"https:\\\/\\\/kosovatimes.info\\\/#\\\/schema\\\/person\\\/7586712b9c512fe68085de007378c915\"},\"breadcrumb\":{\"@id\":\"https:\\\/\\\/kosovatimes.info\\\/index.php\\\/2026\\\/08\\\/31\\\/aragchi-kunder-netanyahut-gjarpri-qe-e-futi-shba-ne-ne-lufte-me-iranin\\\/#breadcrumb\"},\"inLanguage\":\"en-US\",\"potentialAction\":[{\"@type\":\"ReadAction\",\"target\":[\"https:\\\/\\\/kosovatimes.info\\\/index.php\\\/2026\\\/08\\\/31\\\/aragchi-kunder-netanyahut-gjarpri-qe-e-futi-shba-ne-ne-lufte-me-iranin\\\/\"]}]},{\"@type\":\"ImageObject\",\"inLanguage\":\"en-US\",\"@id\":\"https:\\\/\\\/kosovatimes.info\\\/index.php\\\/2026\\\/08\\\/31\\\/aragchi-kunder-netanyahut-gjarpri-qe-e-futi-shba-ne-ne-lufte-me-iranin\\\/#primaryimage\",\"url\":\"https:\\\/\\\/kosovatimes.info\\\/wp-content\\\/uploads\\\/2026\\\/08\\\/Abbas-Araghchi.jpg\",\"contentUrl\":\"https:\\\/\\\/kosovatimes.info\\\/wp-content\\\/uploads\\\/2026\\\/08\\\/Abbas-Araghchi.jpg\",\"width\":1024,\"height\":576},{\"@type\":\"BreadcrumbList\",\"@id\":\"https:\\\/\\\/kosovatimes.info\\\/index.php\\\/2026\\\/08\\\/31\\\/aragchi-kunder-netanyahut-gjarpri-qe-e-futi-shba-ne-ne-lufte-me-iranin\\\/#breadcrumb\",\"itemListElement\":[{\"@type\":\"ListItem\",\"position\":1,\"name\":\"Home\",\"item\":\"https:\\\/\\\/kosovatimes.info\\\/\"},{\"@type\":\"ListItem\",\"position\":2,\"name\":\"Aragchi kund\u00ebr Netanyahut: &#8220;Gjarpri&#8221; q\u00eb e futi SHBA-n\u00eb n\u00eb luft\u00eb me Iranin\"}]},{\"@type\":\"WebSite\",\"@id\":\"https:\\\/\\\/kosovatimes.info\\\/#website\",\"url\":\"https:\\\/\\\/kosovatimes.info\\\/\",\"name\":\"Kosova Times\",\"description\":\"\",\"potentialAction\":[{\"@type\":\"SearchAction\",\"target\":{\"@type\":\"EntryPoint\",\"urlTemplate\":\"https:\\\/\\\/kosovatimes.info\\\/?s={search_term_string}\"},\"query-input\":{\"@type\":\"PropertyValueSpecification\",\"valueRequired\":true,\"valueName\":\"search_term_string\"}}],\"inLanguage\":\"en-US\"},{\"@type\":\"Person\",\"@id\":\"https:\\\/\\\/kosovatimes.info\\\/#\\\/schema\\\/person\\\/7586712b9c512fe68085de007378c915\",\"name\":\"i l\",\"image\":{\"@type\":\"ImageObject\",\"inLanguage\":\"en-US\",\"@id\":\"https:\\\/\\\/secure.gravatar.com\\\/avatar\\\/bad9296e02816160ae2e2435beda58222022298d5625d49fea74d18816fbb31d?s=96&d=mm&r=g\",\"url\":\"https:\\\/\\\/secure.gravatar.com\\\/avatar\\\/bad9296e02816160ae2e2435beda58222022298d5625d49fea74d18816fbb31d?s=96&d=mm&r=g\",\"contentUrl\":\"https:\\\/\\\/secure.gravatar.com\\\/avatar\\\/bad9296e02816160ae2e2435beda58222022298d5625d49fea74d18816fbb31d?s=96&d=mm&r=g\",\"caption\":\"i l\"},\"url\":\"https:\\\/\\\/kosovatimes.info\\\/index.php\\\/author\\\/iliri\\\/\"}]}<\/script>\n<!-- \/ Yoast SEO plugin. -->","yoast_head_json":{"title":"Aragchi kund\u00ebr Netanyahut: \"Gjarpri\" q\u00eb e futi SHBA-n\u00eb n\u00eb luft\u00eb me Iranin - Kosova Times","robots":{"index":"index","follow":"follow","max-snippet":"max-snippet:-1","max-image-preview":"max-image-preview:large","max-video-preview":"max-video-preview:-1"},"canonical":"https:\/\/kosovatimes.info\/index.php\/2026\/08\/31\/aragchi-kunder-netanyahut-gjarpri-qe-e-futi-shba-ne-ne-lufte-me-iranin\/","og_locale":"en_US","og_type":"article","og_title":"Aragchi kund\u00ebr Netanyahut: \"Gjarpri\" q\u00eb e futi SHBA-n\u00eb n\u00eb luft\u00eb me Iranin - Kosova Times","og_description":"Ministri i Jasht\u00ebm\u00a0iranian,\u00a0Abbas Araghchi,\u00a0nisi nj\u00eb\u00a0sulm t\u00eb ashp\u00ebr personal ndaj Benjamin Netanyahut\u00a0t\u00eb h\u00ebn\u00ebn (31\/08) , duke e akuzuar kryeministrin izraelit se e ka mashtruar Uashingtonin dhe e ka futur at\u00eb n\u00eb luft\u00eb me Teheranin. N\u00eb nj\u00eb postim n\u00eb X, kreu i diplomacis\u00eb iraniane e p\u00ebrshkroi Netanyahun si nj\u00eb &#8221;&nbsp;gjarp\u00ebr&nbsp;&#8220;, duke pretenduar se kryeministri izraelit duket se&nbsp;flet [&hellip;]","og_url":"https:\/\/kosovatimes.info\/index.php\/2026\/08\/31\/aragchi-kunder-netanyahut-gjarpri-qe-e-futi-shba-ne-ne-lufte-me-iranin\/","og_site_name":"Kosova Times","article_published_time":"2026-08-31T10:53:33+00:00","article_modified_time":"2026-08-31T10:53:35+00:00","og_image":[{"width":1024,"height":576,"url":"https:\/\/kosovatimes.info\/wp-content\/uploads\/2026\/08\/Abbas-Araghchi.jpg","type":"image\/jpeg"}],"author":"i l","twitter_card":"summary_large_image","twitter_misc":{"Written by":"i l","Est. reading time":"1 minute"},"schema":{"@context":"https:\/\/schema.org","@graph":[{"@type":"Article","@id":"https:\/\/kosovatimes.info\/index.php\/2026\/08\/31\/aragchi-kunder-netanyahut-gjarpri-qe-e-futi-shba-ne-ne-lufte-me-iranin\/#article","isPartOf":{"@id":"https:\/\/kosovatimes.info\/index.php\/2026\/08\/31\/aragchi-kunder-netanyahut-gjarpri-qe-e-futi-shba-ne-ne-lufte-me-iranin\/"},"author":{"name":"i l","@id":"https:\/\/kosovatimes.info\/#\/schema\/person\/7586712b9c512fe68085de007378c915"},"headline":"Aragchi kund\u00ebr Netanyahut: &#8220;Gjarpri&#8221; q\u00eb e futi SHBA-n\u00eb n\u00eb luft\u00eb me Iranin","datePublished":"2026-08-31T10:53:33+00:00","dateModified":"2026-08-31T10:53:35+00:00","mainEntityOfPage":{"@id":"https:\/\/kosovatimes.info\/index.php\/2026\/08\/31\/aragchi-kunder-netanyahut-gjarpri-qe-e-futi-shba-ne-ne-lufte-me-iranin\/"},"wordCount":579,"commentCount":0,"image":{"@id":"https:\/\/kosovatimes.info\/index.php\/2026\/08\/31\/aragchi-kunder-netanyahut-gjarpri-qe-e-futi-shba-ne-ne-lufte-me-iranin\/#primaryimage"},"thumbnailUrl":"https:\/\/kosovatimes.info\/wp-content\/uploads\/2026\/08\/Abbas-Araghchi.jpg","articleSection":["Bot\u00eb","Lajme"],"inLanguage":"en-US","potentialAction":[{"@type":"CommentAction","name":"Comment","target":["https:\/\/kosovatimes.info\/index.php\/2026\/08\/31\/aragchi-kunder-netanyahut-gjarpri-qe-e-futi-shba-ne-ne-lufte-me-iranin\/#respond"]}]},{"@type":"WebPage","@id":"https:\/\/kosovatimes.info\/index.php\/2026\/08\/31\/aragchi-kunder-netanyahut-gjarpri-qe-e-futi-shba-ne-ne-lufte-me-iranin\/","url":"https:\/\/kosovatimes.info\/index.php\/2026\/08\/31\/aragchi-kunder-netanyahut-gjarpri-qe-e-futi-shba-ne-ne-lufte-me-iranin\/","name":"Aragchi kund\u00ebr Netanyahut: \"Gjarpri\" q\u00eb e futi SHBA-n\u00eb n\u00eb luft\u00eb me Iranin - Kosova Times","isPartOf":{"@id":"https:\/\/kosovatimes.info\/#website"},"primaryImageOfPage":{"@id":"https:\/\/kosovatimes.info\/index.php\/2026\/08\/31\/aragchi-kunder-netanyahut-gjarpri-qe-e-futi-shba-ne-ne-lufte-me-iranin\/#primaryimage"},"image":{"@id":"https:\/\/kosovatimes.info\/index.php\/2026\/08\/31\/aragchi-kunder-netanyahut-gjarpri-qe-e-futi-shba-ne-ne-lufte-me-iranin\/#primaryimage"},"thumbnailUrl":"https:\/\/kosovatimes.info\/wp-content\/uploads\/2026\/08\/Abbas-Araghchi.jpg","datePublished":"2026-08-31T10:53:33+00:00","dateModified":"2026-08-31T10:53:35+00:00","author":{"@id":"https:\/\/kosovatimes.info\/#\/schema\/person\/7586712b9c512fe68085de007378c915"},"breadcrumb":{"@id":"https:\/\/kosovatimes.info\/index.php\/2026\/08\/31\/aragchi-kunder-netanyahut-gjarpri-qe-e-futi-shba-ne-ne-lufte-me-iranin\/#breadcrumb"},"inLanguage":"en-US","potentialAction":[{"@type":"ReadAction","target":["https:\/\/kosovatimes.info\/index.php\/2026\/08\/31\/aragchi-kunder-netanyahut-gjarpri-qe-e-futi-shba-ne-ne-lufte-me-iranin\/"]}]},{"@type":"ImageObject","inLanguage":"en-US","@id":"https:\/\/kosovatimes.info\/index.php\/2026\/08\/31\/aragchi-kunder-netanyahut-gjarpri-qe-e-futi-shba-ne-ne-lufte-me-iranin\/#primaryimage","url":"https:\/\/kosovatimes.info\/wp-content\/uploads\/2026\/08\/Abbas-Araghchi.jpg","contentUrl":"https:\/\/kosovatimes.info\/wp-content\/uploads\/2026\/08\/Abbas-Araghchi.jpg","width":1024,"height":576},{"@type":"BreadcrumbList","@id":"https:\/\/kosovatimes.info\/index.php\/2026\/08\/31\/aragchi-kunder-netanyahut-gjarpri-qe-e-futi-shba-ne-ne-lufte-me-iranin\/#breadcrumb","itemListElement":[{"@type":"ListItem","position":1,"name":"Home","item":"https:\/\/kosovatimes.info\/"},{"@type":"ListItem","position":2,"name":"Aragchi kund\u00ebr Netanyahut: &#8220;Gjarpri&#8221; q\u00eb e futi SHBA-n\u00eb n\u00eb luft\u00eb me Iranin"}]},{"@type":"WebSite","@id":"https:\/\/kosovatimes.info\/#website","url":"https:\/\/kosovatimes.info\/","name":"Kosova Times","description":"","potentialAction":[{"@type":"SearchAction","target":{"@type":"EntryPoint","urlTemplate":"https:\/\/kosovatimes.info\/?s={search_term_string}"},"query-input":{"@type":"PropertyValueSpecification","valueRequired":true,"valueName":"search_term_string"}}],"inLanguage":"en-US"},{"@type":"Person","@id":"https:\/\/kosovatimes.info\/#\/schema\/person\/7586712b9c512fe68085de007378c915","name":"i l","image":{"@type":"ImageObject","inLanguage":"en-US","@id":"https:\/\/secure.gravatar.com\/avatar\/bad9296e02816160ae2e2435beda58222022298d5625d49fea74d18816fbb31d?s=96&d=mm&r=g","url":"https:\/\/secure.gravatar.com\/avatar\/bad9296e02816160ae2e2435beda58222022298d5625d49fea74d18816fbb31d?s=96&d=mm&r=g","contentUrl":"https:\/\/secure.gravatar.com\/avatar\/bad9296e02816160ae2e2435beda58222022298d5625d49fea74d18816fbb31d?s=96&d=mm&r=g","caption":"i l"},"url":"https:\/\/kosovatimes.info\/index.php\/author\/iliri\/"}]}},"_links":{"self":[{"href":"https:\/\/kosovatimes.info\/index.php\/wp-json\/wp\/v2\/posts\/30220","targetHints":{"allow":["GET"]}}],"collection":[{"href":"https:\/\/kosovatimes.info\/index.php\/wp-json\/wp\/v2\/posts"}],"about":[{"href":"https:\/\/kosovatimes.info\/index.php\/wp-json\/wp\/v2\/types\/post"}],"author":[{"embeddable":true,"href":"https:\/\/kosovatimes.info\/index.php\/wp-json\/wp\/v2\/users\/4"}],"replies":[{"embeddable":true,"href":"https:\/\/kosovatimes.info\/index.php\/wp-json\/wp\/v2\/comments?post=30220"}],"version-history":[{"count":1,"href":"https:\/\/kosovatimes.info\/index.php\/wp-json\/wp\/v2\/posts\/30220\/revisions"}],"predecessor-version":[{"id":30222,"href":"https:\/\/kosovatimes.info\/index.php\/wp-json\/wp\/v2\/posts\/30220\/revisions\/30222"}],"wp:featuredmedia":[{"embeddable":true,"href":"https:\/\/kosovatimes.info\/index.php\/wp-json\/wp\/v2\/media\/30221"}],"wp:attachment":[{"href":"https:\/\/kosovatimes.info\/index.php\/wp-json\/wp\/v2\/media?parent=30220"}],"wp:term":[{"taxonomy":"category","embeddable":true,"href":"https:\/\/kosovatimes.info\/index.php\/wp-json\/wp\/v2\/categories?post=30220"},{"taxonomy":"post_tag","embeddable":true,"href":"https:\/\/kosovatimes.info\/index.php\/wp-json\/wp\/v2\/tags?post=30220"}],"curies":[{"name":"wp","href":"https:\/\/api.w.org\/{rel}","templated":true}]}}