{"id":30223,"date":"2026-08-31T12:57:21","date_gmt":"2026-08-31T10:57:21","guid":{"rendered":"https:\/\/kosovatimes.info\/?p=30223"},"modified":"2026-08-31T12:57:23","modified_gmt":"2026-08-31T10:57:23","slug":"kjo-cante-cos-eshte-nje-kopje-e-modelit-balenciaga-dhe-eshte-perfekte-per-ta-mbajtur-365-dite-te-vitit","status":"publish","type":"post","link":"https:\/\/kosovatimes.info\/index.php\/2026\/08\/31\/kjo-cante-cos-eshte-nje-kopje-e-modelit-balenciaga-dhe-eshte-perfekte-per-ta-mbajtur-365-dite-te-vitit\/","title":{"rendered":"Kjo \u00e7ant\u00eb COS \u00ebsht\u00eb nj\u00eb kopje e modelit Balenciaga dhe \u00ebsht\u00eb perfekte p\u00ebr ta mbajtur 365 dit\u00eb t\u00eb vitit"},"content":{"rendered":"\n<p class=\"wp-block-paragraph\">\u00c7anta Balenciaga Rodeo ka qen\u00eb sinonim i luksit t\u00eb p\u00ebrmbajtur gjat\u00eb disa sezoneve t\u00eb fundit. E madhe, e but\u00eb, paksa e lirshme dhe pa nj\u00eb logo t\u00eb madhe q\u00eb zbulon menj\u00ebher\u00eb se sa kushton, duket si lloji i \u00e7ant\u00ebs q\u00eb pronarja e mban me vite dhe n\u00eb t\u00eb cil\u00ebn ajo investon gjysm\u00ebn e jet\u00ebs s\u00eb saj pa u menduar dy her\u00eb. Problemi i vet\u00ebm \u00ebsht\u00eb \u00e7mimi. Dhe m\u00eb pas COS u shfaq me nj\u00eb model q\u00eb fansat e mod\u00ebs n\u00eb mediat sociale e lidh\u00ebn menj\u00ebher\u00eb me Rodeo.<\/p>\n\n\n\n<p class=\"wp-block-paragraph\">\u00c7anta e re COS t\u00ebrhoqi v\u00ebmendjen pik\u00ebrisht p\u00ebr shkak t\u00eb siluet\u00ebs s\u00eb saj dalluese q\u00eb i ngjan n\u00eb m\u00ebnyr\u00eb t\u00eb pap\u00ebrmbajtshme modelit t\u00eb famsh\u00ebm Balenciaga. Videot tashm\u00eb mund t\u00eb gjenden n\u00eb TikTok n\u00eb t\u00eb cilat p\u00ebrdoruesit e paraqesin at\u00eb si nj\u00eb nga alternativat m\u00eb t\u00eb mira dhe m\u00eb t\u00eb p\u00ebrballueshme t\u00eb \u00e7ant\u00ebs Rodeo.<\/p>\n\n\n\n<p class=\"wp-block-paragraph\">&#8220;M\u00eb p\u00eblqejn\u00eb shum\u00eb \u00e7antat COS, cil\u00ebsia \u00ebsht\u00eb gjithmon\u00eb mbi pritjet. Dhe kjo form\u00eb m\u00eb kujtoi shum\u00eb \u00e7ant\u00ebn e famshme Balenciaga Rodeo&#8221;, thot\u00eb nj\u00eb nga recensionet virale t\u00eb modelit t\u00eb ri.<\/p>\n\n\n\n<figure class=\"wp-block-embed is-type-video is-provider-tiktok wp-block-embed-tiktok\"><div class=\"wp-block-embed__wrapper\">\n<blockquote class=\"tiktok-embed\" cite=\"https:\/\/www.tiktok.com\/@ta.grischuk\/video\/7676152557072321814\" data-video-id=\"7676152557072321814\" data-embed-from=\"oembed\" style=\"max-width:605px; min-width:325px;\"> <section> <a target=\"_blank\" title=\"@ta.grischuk\" href=\"https:\/\/www.tiktok.com\/@ta.grischuk?refer=embed\">@ta.grischuk<\/a> <p>Balenciaga vibes but make it cos \ud83e\udd0c\ud83c\udffd <a title=\"cos\" target=\"_blank\" href=\"https:\/\/www.tiktok.com\/tag\/cos?refer=embed\">#cos<\/a> <a title=\"cosoutfit\" target=\"_blank\" href=\"https:\/\/www.tiktok.com\/tag\/cosoutfit?refer=embed\">#cosoutfit<\/a> <a title=\"vienna\" target=\"_blank\" href=\"https:\/\/www.tiktok.com\/tag\/vienna?refer=embed\">#vienna<\/a> <a title=\"fitoftheday\" target=\"_blank\" href=\"https:\/\/www.tiktok.com\/tag\/fitoftheday?refer=embed\">#fitoftheday<\/a> <a title=\"ootd\" target=\"_blank\" href=\"https:\/\/www.tiktok.com\/tag\/ootd?refer=embed\">#ootd<\/a> <\/p> <a target=\"_blank\" title=\"\u266c \u043e\u0440\u0438\u0433\u0438\u043d\u0430\u043b\u044c\u043d\u044b\u0439 \u0437\u0432\u0443\u043a - m\" href=\"https:\/\/www.tiktok.com\/music\/\u043e\u0440\u0438\u0433\u0438\u043d\u0430\u043b\u044c\u043d\u044b\u0439-\u0437\u0432\u0443\u043a-7617974627557559047?refer=embed\">\u266c \u043e\u0440\u0438\u0433\u0438\u043d\u0430\u043b\u044c\u043d\u044b\u0439 \u0437\u0432\u0443\u043a &#8211; m<\/a> <\/section> <\/blockquote> <script async src=\"https:\/\/www.tiktok.com\/embed.js\"><\/script>\n<\/div><\/figure>\n\n\n\n<h3 class=\"wp-block-heading\">\u00c7anta perfekte p\u00ebr n\u00eb pun\u00eb.<\/h3>\n\n\n\n<p class=\"wp-block-paragraph\">N\u00eb shikim t\u00eb par\u00eb, \u00ebsht\u00eb e qart\u00eb pse lindi krahasimi me modelin Balenciaga. Modeli COS ka nj\u00eb siluet\u00eb t\u00eb ngjashme t\u00eb relaksuar, pak t\u00eb strukturuar dhe at\u00eb kombinim specifik t\u00eb eleganc\u00ebs dhe praktik\u00ebs q\u00eb e b\u00ebn Rodeo t\u00eb duket si nj\u00eb \u00e7ant\u00eb q\u00eb nuk \u00ebsht\u00eb b\u00ebr\u00eb vet\u00ebm p\u00ebr shfaqje, por p\u00ebr jet\u00ebn reale. Kjo e b\u00ebn at\u00eb nj\u00eb \u00e7ant\u00eb ideale p\u00ebr pun\u00eb.<\/p>\n\n\n\n<figure class=\"wp-block-image is-resized\"><img decoding=\"async\" src=\"https:\/\/zadovoljna.nova.rs\/media\/images\/2026\/8\/27\/1787833030_cos.format-jpeg.width-500.jpg\" alt=\"cos\" style=\"width:auto;height:358px\"\/><figcaption class=\"wp-element-caption\">cos.com<\/figcaption><\/figure>\n\n\n\n<p class=\"wp-block-paragraph\">Nuk ka nevoj\u00eb p\u00ebr nj\u00eb logo t\u00eb madhe apo shum\u00eb detaje dekorative. Fokusi \u00ebsht\u00eb te forma, l\u00ebkura dhe m\u00ebnyra se si \u00e7anta bie kur vishet. \u00cbsht\u00eb nj\u00eb estetik\u00eb q\u00eb ka dominuar aksesor\u00ebt vitet e fundit &#8211; nj\u00eb cop\u00eb duhet t\u00eb duket luksoze p\u00ebr shkak t\u00eb dizajnit dhe materialeve, jo sepse emri i mark\u00ebs \u00ebsht\u00eb shkruar n\u00eb t\u00eb gjith\u00eb sip\u00ebrfaqen.<\/p>\n\n\n\n<h3 class=\"wp-block-heading\">Cila \u00ebsht\u00eb t\u00ebrheqja e \u00e7ant\u00ebs Balenciaga Rodeo?<\/h3>\n\n\n\n<figure class=\"wp-block-image is-resized\"><img decoding=\"async\" src=\"https:\/\/zadovoljna.nova.rs\/media\/images\/2026\/8\/27\/1787833491_balenciaga.format-jpeg.width-500.jpg\" alt=\"balenciaga\" style=\"width:auto;height:451px\"\/><figcaption class=\"wp-element-caption\">Balenciaga Rodeo&nbsp;\/&nbsp;balenciaga.com<\/figcaption><\/figure>\n\n\n\n<p class=\"wp-block-paragraph\">Balenciaga Rodeo u prezantua si pjes\u00eb e koleksionit Pre-Fall 2024 dhe mori emrin nga rruga e famshme Rodeo Drive n\u00eb Beverly Hills. Ajo q\u00eb e dalloi at\u00eb nga shum\u00eb \u00e7anta t\u00eb tjera t\u00eb stilist\u00ebve It \u00ebsht\u00eb pik\u00ebrisht pamja e saj paksa &#8220;e gjall\u00ebruar&#8221;.<\/p>\n\n\n\n<p class=\"wp-block-paragraph\">N\u00eb vend t\u00eb nj\u00eb \u00e7ante t\u00eb ngurt\u00eb q\u00eb duhet t\u00eb ruhet n\u00eb m\u00ebnyr\u00eb t\u00eb p\u00ebrsosur, Rodeo ka nj\u00eb nd\u00ebrtim t\u00eb but\u00eb dhe l\u00ebkur\u00eb q\u00eb fiton edhe m\u00eb shum\u00eb karakter me kalimin e koh\u00ebs. Mund t\u00eb vishet e mbyllur, pjes\u00ebrisht e hapur, me var\u00ebse, \u00e7el\u00ebsa dhe detaje t\u00eb tjera q\u00eb e personalizojn\u00eb m\u00eb tej.<\/p>\n\n\n\n<p class=\"wp-block-paragraph\">Versioni COS ka nj\u00eb karakter vizual mjaftuesh\u00ebm t\u00eb ngjash\u00ebm p\u00ebr t&#8217;u p\u00eblqyer kujtdo q\u00eb i p\u00eblqen Rodeo, por pa \u00e7mimin e stilistit.<\/p>\n","protected":false},"excerpt":{"rendered":"<p>\u00c7anta Balenciaga Rodeo ka qen\u00eb sinonim i luksit t\u00eb p\u00ebrmbajtur gjat\u00eb disa sezoneve t\u00eb fundit. E madhe, e but\u00eb, paksa e lirshme dhe pa nj\u00eb logo t\u00eb madhe q\u00eb zbulon menj\u00ebher\u00eb se sa kushton, duket si lloji i \u00e7ant\u00ebs q\u00eb pronarja e mban me vite dhe n\u00eb t\u00eb cil\u00ebn ajo investon gjysm\u00ebn e jet\u00ebs s\u00eb [&hellip;]<\/p>\n","protected":false},"author":4,"featured_media":30224,"comment_status":"open","ping_status":"open","sticky":false,"template":"","format":"standard","meta":{"footnotes":""},"categories":[40],"tags":[],"class_list":["post-30223","post","type-post","status-publish","format-standard","has-post-thumbnail","category-mode"],"yoast_head":"<!-- This site is optimized with the Yoast SEO plugin v27.4 - https:\/\/yoast.com\/product\/yoast-seo-wordpress\/ -->\n<title>Kjo \u00e7ant\u00eb COS \u00ebsht\u00eb nj\u00eb kopje e modelit Balenciaga dhe \u00ebsht\u00eb perfekte p\u00ebr ta mbajtur 365 dit\u00eb t\u00eb vitit - Kosova Times<\/title>\n<meta name=\"robots\" content=\"index, follow, max-snippet:-1, max-image-preview:large, max-video-preview:-1\" \/>\n<link rel=\"canonical\" href=\"https:\/\/kosovatimes.info\/index.php\/2026\/08\/31\/kjo-cante-cos-eshte-nje-kopje-e-modelit-balenciaga-dhe-eshte-perfekte-per-ta-mbajtur-365-dite-te-vitit\/\" \/>\n<meta property=\"og:locale\" content=\"en_US\" \/>\n<meta property=\"og:type\" content=\"article\" \/>\n<meta property=\"og:title\" content=\"Kjo \u00e7ant\u00eb COS \u00ebsht\u00eb nj\u00eb kopje e modelit Balenciaga dhe \u00ebsht\u00eb perfekte p\u00ebr ta mbajtur 365 dit\u00eb t\u00eb vitit - Kosova Times\" \/>\n<meta property=\"og:description\" content=\"\u00c7anta Balenciaga Rodeo ka qen\u00eb sinonim i luksit t\u00eb p\u00ebrmbajtur gjat\u00eb disa sezoneve t\u00eb fundit. E madhe, e but\u00eb, paksa e lirshme dhe pa nj\u00eb logo t\u00eb madhe q\u00eb zbulon menj\u00ebher\u00eb se sa kushton, duket si lloji i \u00e7ant\u00ebs q\u00eb pronarja e mban me vite dhe n\u00eb t\u00eb cil\u00ebn ajo investon gjysm\u00ebn e jet\u00ebs s\u00eb [&hellip;]\" \/>\n<meta property=\"og:url\" content=\"https:\/\/kosovatimes.info\/index.php\/2026\/08\/31\/kjo-cante-cos-eshte-nje-kopje-e-modelit-balenciaga-dhe-eshte-perfekte-per-ta-mbajtur-365-dite-te-vitit\/\" \/>\n<meta property=\"og:site_name\" content=\"Kosova Times\" \/>\n<meta property=\"article:published_time\" content=\"2026-08-31T10:57:21+00:00\" \/>\n<meta property=\"article:modified_time\" content=\"2026-08-31T10:57:23+00:00\" \/>\n<meta name=\"author\" content=\"i l\" \/>\n<meta name=\"twitter:card\" content=\"summary_large_image\" \/>\n<meta name=\"twitter:label1\" content=\"Written by\" \/>\n\t<meta name=\"twitter:data1\" content=\"i l\" \/>\n\t<meta name=\"twitter:label2\" content=\"Est. reading time\" \/>\n\t<meta name=\"twitter:data2\" content=\"3 minutes\" \/>\n<script type=\"application\/ld+json\" class=\"yoast-schema-graph\">{\"@context\":\"https:\\\/\\\/schema.org\",\"@graph\":[{\"@type\":\"Article\",\"@id\":\"https:\\\/\\\/kosovatimes.info\\\/index.php\\\/2026\\\/08\\\/31\\\/kjo-cante-cos-eshte-nje-kopje-e-modelit-balenciaga-dhe-eshte-perfekte-per-ta-mbajtur-365-dite-te-vitit\\\/#article\",\"isPartOf\":{\"@id\":\"https:\\\/\\\/kosovatimes.info\\\/index.php\\\/2026\\\/08\\\/31\\\/kjo-cante-cos-eshte-nje-kopje-e-modelit-balenciaga-dhe-eshte-perfekte-per-ta-mbajtur-365-dite-te-vitit\\\/\"},\"author\":{\"name\":\"i l\",\"@id\":\"https:\\\/\\\/kosovatimes.info\\\/#\\\/schema\\\/person\\\/7586712b9c512fe68085de007378c915\"},\"headline\":\"Kjo \u00e7ant\u00eb COS \u00ebsht\u00eb nj\u00eb kopje e modelit Balenciaga dhe \u00ebsht\u00eb perfekte p\u00ebr ta mbajtur 365 dit\u00eb t\u00eb vitit\",\"datePublished\":\"2026-08-31T10:57:21+00:00\",\"dateModified\":\"2026-08-31T10:57:23+00:00\",\"mainEntityOfPage\":{\"@id\":\"https:\\\/\\\/kosovatimes.info\\\/index.php\\\/2026\\\/08\\\/31\\\/kjo-cante-cos-eshte-nje-kopje-e-modelit-balenciaga-dhe-eshte-perfekte-per-ta-mbajtur-365-dite-te-vitit\\\/\"},\"wordCount\":558,\"commentCount\":0,\"image\":{\"@id\":\"https:\\\/\\\/kosovatimes.info\\\/index.php\\\/2026\\\/08\\\/31\\\/kjo-cante-cos-eshte-nje-kopje-e-modelit-balenciaga-dhe-eshte-perfekte-per-ta-mbajtur-365-dite-te-vitit\\\/#primaryimage\"},\"thumbnailUrl\":\"https:\\\/\\\/kosovatimes.info\\\/wp-content\\\/uploads\\\/2026\\\/08\\\/cNTA.avif\",\"articleSection\":[\"Mod\u00eb\"],\"inLanguage\":\"en-US\",\"potentialAction\":[{\"@type\":\"CommentAction\",\"name\":\"Comment\",\"target\":[\"https:\\\/\\\/kosovatimes.info\\\/index.php\\\/2026\\\/08\\\/31\\\/kjo-cante-cos-eshte-nje-kopje-e-modelit-balenciaga-dhe-eshte-perfekte-per-ta-mbajtur-365-dite-te-vitit\\\/#respond\"]}]},{\"@type\":\"WebPage\",\"@id\":\"https:\\\/\\\/kosovatimes.info\\\/index.php\\\/2026\\\/08\\\/31\\\/kjo-cante-cos-eshte-nje-kopje-e-modelit-balenciaga-dhe-eshte-perfekte-per-ta-mbajtur-365-dite-te-vitit\\\/\",\"url\":\"https:\\\/\\\/kosovatimes.info\\\/index.php\\\/2026\\\/08\\\/31\\\/kjo-cante-cos-eshte-nje-kopje-e-modelit-balenciaga-dhe-eshte-perfekte-per-ta-mbajtur-365-dite-te-vitit\\\/\",\"name\":\"Kjo \u00e7ant\u00eb COS \u00ebsht\u00eb nj\u00eb kopje e modelit Balenciaga dhe \u00ebsht\u00eb perfekte p\u00ebr ta mbajtur 365 dit\u00eb t\u00eb vitit - Kosova Times\",\"isPartOf\":{\"@id\":\"https:\\\/\\\/kosovatimes.info\\\/#website\"},\"primaryImageOfPage\":{\"@id\":\"https:\\\/\\\/kosovatimes.info\\\/index.php\\\/2026\\\/08\\\/31\\\/kjo-cante-cos-eshte-nje-kopje-e-modelit-balenciaga-dhe-eshte-perfekte-per-ta-mbajtur-365-dite-te-vitit\\\/#primaryimage\"},\"image\":{\"@id\":\"https:\\\/\\\/kosovatimes.info\\\/index.php\\\/2026\\\/08\\\/31\\\/kjo-cante-cos-eshte-nje-kopje-e-modelit-balenciaga-dhe-eshte-perfekte-per-ta-mbajtur-365-dite-te-vitit\\\/#primaryimage\"},\"thumbnailUrl\":\"https:\\\/\\\/kosovatimes.info\\\/wp-content\\\/uploads\\\/2026\\\/08\\\/cNTA.avif\",\"datePublished\":\"2026-08-31T10:57:21+00:00\",\"dateModified\":\"2026-08-31T10:57:23+00:00\",\"author\":{\"@id\":\"https:\\\/\\\/kosovatimes.info\\\/#\\\/schema\\\/person\\\/7586712b9c512fe68085de007378c915\"},\"breadcrumb\":{\"@id\":\"https:\\\/\\\/kosovatimes.info\\\/index.php\\\/2026\\\/08\\\/31\\\/kjo-cante-cos-eshte-nje-kopje-e-modelit-balenciaga-dhe-eshte-perfekte-per-ta-mbajtur-365-dite-te-vitit\\\/#breadcrumb\"},\"inLanguage\":\"en-US\",\"potentialAction\":[{\"@type\":\"ReadAction\",\"target\":[\"https:\\\/\\\/kosovatimes.info\\\/index.php\\\/2026\\\/08\\\/31\\\/kjo-cante-cos-eshte-nje-kopje-e-modelit-balenciaga-dhe-eshte-perfekte-per-ta-mbajtur-365-dite-te-vitit\\\/\"]}]},{\"@type\":\"ImageObject\",\"inLanguage\":\"en-US\",\"@id\":\"https:\\\/\\\/kosovatimes.info\\\/index.php\\\/2026\\\/08\\\/31\\\/kjo-cante-cos-eshte-nje-kopje-e-modelit-balenciaga-dhe-eshte-perfekte-per-ta-mbajtur-365-dite-te-vitit\\\/#primaryimage\",\"url\":\"https:\\\/\\\/kosovatimes.info\\\/wp-content\\\/uploads\\\/2026\\\/08\\\/cNTA.avif\",\"contentUrl\":\"https:\\\/\\\/kosovatimes.info\\\/wp-content\\\/uploads\\\/2026\\\/08\\\/cNTA.avif\",\"width\":1200,\"height\":1079},{\"@type\":\"BreadcrumbList\",\"@id\":\"https:\\\/\\\/kosovatimes.info\\\/index.php\\\/2026\\\/08\\\/31\\\/kjo-cante-cos-eshte-nje-kopje-e-modelit-balenciaga-dhe-eshte-perfekte-per-ta-mbajtur-365-dite-te-vitit\\\/#breadcrumb\",\"itemListElement\":[{\"@type\":\"ListItem\",\"position\":1,\"name\":\"Home\",\"item\":\"https:\\\/\\\/kosovatimes.info\\\/\"},{\"@type\":\"ListItem\",\"position\":2,\"name\":\"Kjo \u00e7ant\u00eb COS \u00ebsht\u00eb nj\u00eb kopje e modelit Balenciaga dhe \u00ebsht\u00eb perfekte p\u00ebr ta mbajtur 365 dit\u00eb t\u00eb vitit\"}]},{\"@type\":\"WebSite\",\"@id\":\"https:\\\/\\\/kosovatimes.info\\\/#website\",\"url\":\"https:\\\/\\\/kosovatimes.info\\\/\",\"name\":\"Kosova Times\",\"description\":\"\",\"potentialAction\":[{\"@type\":\"SearchAction\",\"target\":{\"@type\":\"EntryPoint\",\"urlTemplate\":\"https:\\\/\\\/kosovatimes.info\\\/?s={search_term_string}\"},\"query-input\":{\"@type\":\"PropertyValueSpecification\",\"valueRequired\":true,\"valueName\":\"search_term_string\"}}],\"inLanguage\":\"en-US\"},{\"@type\":\"Person\",\"@id\":\"https:\\\/\\\/kosovatimes.info\\\/#\\\/schema\\\/person\\\/7586712b9c512fe68085de007378c915\",\"name\":\"i l\",\"image\":{\"@type\":\"ImageObject\",\"inLanguage\":\"en-US\",\"@id\":\"https:\\\/\\\/secure.gravatar.com\\\/avatar\\\/bad9296e02816160ae2e2435beda58222022298d5625d49fea74d18816fbb31d?s=96&d=mm&r=g\",\"url\":\"https:\\\/\\\/secure.gravatar.com\\\/avatar\\\/bad9296e02816160ae2e2435beda58222022298d5625d49fea74d18816fbb31d?s=96&d=mm&r=g\",\"contentUrl\":\"https:\\\/\\\/secure.gravatar.com\\\/avatar\\\/bad9296e02816160ae2e2435beda58222022298d5625d49fea74d18816fbb31d?s=96&d=mm&r=g\",\"caption\":\"i l\"},\"url\":\"https:\\\/\\\/kosovatimes.info\\\/index.php\\\/author\\\/iliri\\\/\"}]}<\/script>\n<!-- \/ Yoast SEO plugin. -->","yoast_head_json":{"title":"Kjo \u00e7ant\u00eb COS \u00ebsht\u00eb nj\u00eb kopje e modelit Balenciaga dhe \u00ebsht\u00eb perfekte p\u00ebr ta mbajtur 365 dit\u00eb t\u00eb vitit - Kosova Times","robots":{"index":"index","follow":"follow","max-snippet":"max-snippet:-1","max-image-preview":"max-image-preview:large","max-video-preview":"max-video-preview:-1"},"canonical":"https:\/\/kosovatimes.info\/index.php\/2026\/08\/31\/kjo-cante-cos-eshte-nje-kopje-e-modelit-balenciaga-dhe-eshte-perfekte-per-ta-mbajtur-365-dite-te-vitit\/","og_locale":"en_US","og_type":"article","og_title":"Kjo \u00e7ant\u00eb COS \u00ebsht\u00eb nj\u00eb kopje e modelit Balenciaga dhe \u00ebsht\u00eb perfekte p\u00ebr ta mbajtur 365 dit\u00eb t\u00eb vitit - Kosova Times","og_description":"\u00c7anta Balenciaga Rodeo ka qen\u00eb sinonim i luksit t\u00eb p\u00ebrmbajtur gjat\u00eb disa sezoneve t\u00eb fundit. E madhe, e but\u00eb, paksa e lirshme dhe pa nj\u00eb logo t\u00eb madhe q\u00eb zbulon menj\u00ebher\u00eb se sa kushton, duket si lloji i \u00e7ant\u00ebs q\u00eb pronarja e mban me vite dhe n\u00eb t\u00eb cil\u00ebn ajo investon gjysm\u00ebn e jet\u00ebs s\u00eb [&hellip;]","og_url":"https:\/\/kosovatimes.info\/index.php\/2026\/08\/31\/kjo-cante-cos-eshte-nje-kopje-e-modelit-balenciaga-dhe-eshte-perfekte-per-ta-mbajtur-365-dite-te-vitit\/","og_site_name":"Kosova Times","article_published_time":"2026-08-31T10:57:21+00:00","article_modified_time":"2026-08-31T10:57:23+00:00","author":"i l","twitter_card":"summary_large_image","twitter_misc":{"Written by":"i l","Est. reading time":"3 minutes"},"schema":{"@context":"https:\/\/schema.org","@graph":[{"@type":"Article","@id":"https:\/\/kosovatimes.info\/index.php\/2026\/08\/31\/kjo-cante-cos-eshte-nje-kopje-e-modelit-balenciaga-dhe-eshte-perfekte-per-ta-mbajtur-365-dite-te-vitit\/#article","isPartOf":{"@id":"https:\/\/kosovatimes.info\/index.php\/2026\/08\/31\/kjo-cante-cos-eshte-nje-kopje-e-modelit-balenciaga-dhe-eshte-perfekte-per-ta-mbajtur-365-dite-te-vitit\/"},"author":{"name":"i l","@id":"https:\/\/kosovatimes.info\/#\/schema\/person\/7586712b9c512fe68085de007378c915"},"headline":"Kjo \u00e7ant\u00eb COS \u00ebsht\u00eb nj\u00eb kopje e modelit Balenciaga dhe \u00ebsht\u00eb perfekte p\u00ebr ta mbajtur 365 dit\u00eb t\u00eb vitit","datePublished":"2026-08-31T10:57:21+00:00","dateModified":"2026-08-31T10:57:23+00:00","mainEntityOfPage":{"@id":"https:\/\/kosovatimes.info\/index.php\/2026\/08\/31\/kjo-cante-cos-eshte-nje-kopje-e-modelit-balenciaga-dhe-eshte-perfekte-per-ta-mbajtur-365-dite-te-vitit\/"},"wordCount":558,"commentCount":0,"image":{"@id":"https:\/\/kosovatimes.info\/index.php\/2026\/08\/31\/kjo-cante-cos-eshte-nje-kopje-e-modelit-balenciaga-dhe-eshte-perfekte-per-ta-mbajtur-365-dite-te-vitit\/#primaryimage"},"thumbnailUrl":"https:\/\/kosovatimes.info\/wp-content\/uploads\/2026\/08\/cNTA.avif","articleSection":["Mod\u00eb"],"inLanguage":"en-US","potentialAction":[{"@type":"CommentAction","name":"Comment","target":["https:\/\/kosovatimes.info\/index.php\/2026\/08\/31\/kjo-cante-cos-eshte-nje-kopje-e-modelit-balenciaga-dhe-eshte-perfekte-per-ta-mbajtur-365-dite-te-vitit\/#respond"]}]},{"@type":"WebPage","@id":"https:\/\/kosovatimes.info\/index.php\/2026\/08\/31\/kjo-cante-cos-eshte-nje-kopje-e-modelit-balenciaga-dhe-eshte-perfekte-per-ta-mbajtur-365-dite-te-vitit\/","url":"https:\/\/kosovatimes.info\/index.php\/2026\/08\/31\/kjo-cante-cos-eshte-nje-kopje-e-modelit-balenciaga-dhe-eshte-perfekte-per-ta-mbajtur-365-dite-te-vitit\/","name":"Kjo \u00e7ant\u00eb COS \u00ebsht\u00eb nj\u00eb kopje e modelit Balenciaga dhe \u00ebsht\u00eb perfekte p\u00ebr ta mbajtur 365 dit\u00eb t\u00eb vitit - Kosova Times","isPartOf":{"@id":"https:\/\/kosovatimes.info\/#website"},"primaryImageOfPage":{"@id":"https:\/\/kosovatimes.info\/index.php\/2026\/08\/31\/kjo-cante-cos-eshte-nje-kopje-e-modelit-balenciaga-dhe-eshte-perfekte-per-ta-mbajtur-365-dite-te-vitit\/#primaryimage"},"image":{"@id":"https:\/\/kosovatimes.info\/index.php\/2026\/08\/31\/kjo-cante-cos-eshte-nje-kopje-e-modelit-balenciaga-dhe-eshte-perfekte-per-ta-mbajtur-365-dite-te-vitit\/#primaryimage"},"thumbnailUrl":"https:\/\/kosovatimes.info\/wp-content\/uploads\/2026\/08\/cNTA.avif","datePublished":"2026-08-31T10:57:21+00:00","dateModified":"2026-08-31T10:57:23+00:00","author":{"@id":"https:\/\/kosovatimes.info\/#\/schema\/person\/7586712b9c512fe68085de007378c915"},"breadcrumb":{"@id":"https:\/\/kosovatimes.info\/index.php\/2026\/08\/31\/kjo-cante-cos-eshte-nje-kopje-e-modelit-balenciaga-dhe-eshte-perfekte-per-ta-mbajtur-365-dite-te-vitit\/#breadcrumb"},"inLanguage":"en-US","potentialAction":[{"@type":"ReadAction","target":["https:\/\/kosovatimes.info\/index.php\/2026\/08\/31\/kjo-cante-cos-eshte-nje-kopje-e-modelit-balenciaga-dhe-eshte-perfekte-per-ta-mbajtur-365-dite-te-vitit\/"]}]},{"@type":"ImageObject","inLanguage":"en-US","@id":"https:\/\/kosovatimes.info\/index.php\/2026\/08\/31\/kjo-cante-cos-eshte-nje-kopje-e-modelit-balenciaga-dhe-eshte-perfekte-per-ta-mbajtur-365-dite-te-vitit\/#primaryimage","url":"https:\/\/kosovatimes.info\/wp-content\/uploads\/2026\/08\/cNTA.avif","contentUrl":"https:\/\/kosovatimes.info\/wp-content\/uploads\/2026\/08\/cNTA.avif","width":1200,"height":1079},{"@type":"BreadcrumbList","@id":"https:\/\/kosovatimes.info\/index.php\/2026\/08\/31\/kjo-cante-cos-eshte-nje-kopje-e-modelit-balenciaga-dhe-eshte-perfekte-per-ta-mbajtur-365-dite-te-vitit\/#breadcrumb","itemListElement":[{"@type":"ListItem","position":1,"name":"Home","item":"https:\/\/kosovatimes.info\/"},{"@type":"ListItem","position":2,"name":"Kjo \u00e7ant\u00eb COS \u00ebsht\u00eb nj\u00eb kopje e modelit Balenciaga dhe \u00ebsht\u00eb perfekte p\u00ebr ta mbajtur 365 dit\u00eb t\u00eb vitit"}]},{"@type":"WebSite","@id":"https:\/\/kosovatimes.info\/#website","url":"https:\/\/kosovatimes.info\/","name":"Kosova Times","description":"","potentialAction":[{"@type":"SearchAction","target":{"@type":"EntryPoint","urlTemplate":"https:\/\/kosovatimes.info\/?s={search_term_string}"},"query-input":{"@type":"PropertyValueSpecification","valueRequired":true,"valueName":"search_term_string"}}],"inLanguage":"en-US"},{"@type":"Person","@id":"https:\/\/kosovatimes.info\/#\/schema\/person\/7586712b9c512fe68085de007378c915","name":"i l","image":{"@type":"ImageObject","inLanguage":"en-US","@id":"https:\/\/secure.gravatar.com\/avatar\/bad9296e02816160ae2e2435beda58222022298d5625d49fea74d18816fbb31d?s=96&d=mm&r=g","url":"https:\/\/secure.gravatar.com\/avatar\/bad9296e02816160ae2e2435beda58222022298d5625d49fea74d18816fbb31d?s=96&d=mm&r=g","contentUrl":"https:\/\/secure.gravatar.com\/avatar\/bad9296e02816160ae2e2435beda58222022298d5625d49fea74d18816fbb31d?s=96&d=mm&r=g","caption":"i l"},"url":"https:\/\/kosovatimes.info\/index.php\/author\/iliri\/"}]}},"_links":{"self":[{"href":"https:\/\/kosovatimes.info\/index.php\/wp-json\/wp\/v2\/posts\/30223","targetHints":{"allow":["GET"]}}],"collection":[{"href":"https:\/\/kosovatimes.info\/index.php\/wp-json\/wp\/v2\/posts"}],"about":[{"href":"https:\/\/kosovatimes.info\/index.php\/wp-json\/wp\/v2\/types\/post"}],"author":[{"embeddable":true,"href":"https:\/\/kosovatimes.info\/index.php\/wp-json\/wp\/v2\/users\/4"}],"replies":[{"embeddable":true,"href":"https:\/\/kosovatimes.info\/index.php\/wp-json\/wp\/v2\/comments?post=30223"}],"version-history":[{"count":1,"href":"https:\/\/kosovatimes.info\/index.php\/wp-json\/wp\/v2\/posts\/30223\/revisions"}],"predecessor-version":[{"id":30225,"href":"https:\/\/kosovatimes.info\/index.php\/wp-json\/wp\/v2\/posts\/30223\/revisions\/30225"}],"wp:featuredmedia":[{"embeddable":true,"href":"https:\/\/kosovatimes.info\/index.php\/wp-json\/wp\/v2\/media\/30224"}],"wp:attachment":[{"href":"https:\/\/kosovatimes.info\/index.php\/wp-json\/wp\/v2\/media?parent=30223"}],"wp:term":[{"taxonomy":"category","embeddable":true,"href":"https:\/\/kosovatimes.info\/index.php\/wp-json\/wp\/v2\/categories?post=30223"},{"taxonomy":"post_tag","embeddable":true,"href":"https:\/\/kosovatimes.info\/index.php\/wp-json\/wp\/v2\/tags?post=30223"}],"curies":[{"name":"wp","href":"https:\/\/api.w.org\/{rel}","templated":true}]}}