{"id":30232,"date":"2026-08-31T13:07:58","date_gmt":"2026-08-31T11:07:58","guid":{"rendered":"https:\/\/kosovatimes.info\/?p=30232"},"modified":"2026-08-31T13:07:59","modified_gmt":"2026-08-31T11:07:59","slug":"moska-flet-vazhdimisht-si-funksionon-propaganda-e-kremlinit-ne-serbi","status":"publish","type":"post","link":"https:\/\/kosovatimes.info\/index.php\/2026\/08\/31\/moska-flet-vazhdimisht-si-funksionon-propaganda-e-kremlinit-ne-serbi\/","title":{"rendered":"Moska flet vazhdimisht. Si funksionon propaganda e Kremlinit n\u00eb Serbi"},"content":{"rendered":"\n<p class=\"wp-block-paragraph\"><strong>Serbia \u00ebsht\u00eb b\u00ebr\u00eb nj\u00eb oaz p\u00ebr propagand\u00ebn ruse. Narrativat pro-ruse p\u00ebrhapen jo vet\u00ebm p\u00ebrmes mediave zyrtare ruse, por edhe p\u00ebrmes nj\u00eb rrjeti kompleks faqesh interneti, t\u00eb cilat shpesh u sh\u00ebrbejn\u00eb interesave t\u00eb autoriteteve serbe.<\/strong><\/p>\n\n\n\n<p class=\"wp-block-paragraph\">Mij\u00ebra p\u00ebrdorues t\u00eb Facebook-ut dhe Instagram-it ndjekin faqen Govorit Moskva, p\u00ebrmbajtja e s\u00eb cil\u00ebs p\u00ebrb\u00ebhet pothuajse t\u00ebr\u00ebsisht nga fjalimet e Vladimir Putinit t\u00eb p\u00ebrkthyera n\u00eb serbisht.<\/p>\n\n\n\n<p class=\"wp-block-paragraph\">Publikon fjalime t\u00eb p\u00ebrditshme t\u00eb presidentit rus, n\u00eb t\u00eb cilat ai justifikon pushtimin e Ukrain\u00ebs, vler\u00ebson ushtrin\u00eb ruse dhe pretendon se per\u00ebndimor\u00ebt po \u00e7ohen drejt nj\u00eb &#8220;katastrofe shpirt\u00ebrore&#8221;.<\/p>\n\n\n\n<h4 class=\"wp-block-heading\"><strong>&#8220;Veprat flasin m\u00eb shum\u00eb se fjal\u00ebt&#8221;<\/strong><\/h4>\n\n\n\n<p class=\"wp-block-paragraph\">Mediat ruse t\u00eb financuara nga shteti, RT dhe Sputnik, kan\u00eb qen\u00eb n\u00ebn sanksione t\u00eb BE-s\u00eb q\u00eb nga pushtimi i plot\u00eb i Ukrain\u00ebs nga Rusia n\u00eb vitin 2022. BE gjithashtu pezulloi transmetimet e Sputnik dhe RT n\u00eb bllok &#8220;derisa t\u00eb p\u00ebrfundoj\u00eb agresioni kund\u00ebr Ukrain\u00ebs dhe Federata Ruse dhe mediat e lidhura me t\u00eb t\u00eb ndalojn\u00eb dezinformimin dhe manipulimin e informacionit kund\u00ebr BE-s\u00eb dhe shteteve an\u00ebtare t\u00eb saj&#8221;.<\/p>\n\n\n\n<p class=\"wp-block-paragraph\">Megjithat\u00eb, n\u00eb n\u00ebntor 2022, media shtet\u00ebrore ruse gjeti nj\u00eb lloj strehimi nga stuhia: RT Balkan filloi t\u00eb publikonte p\u00ebrmbajtje online n\u00eb serbisht. Kjo shkaktoi paralajm\u00ebrime nga Brukseli. Ish-raportuesi i Parlamentit Evropian p\u00ebr Serbin\u00eb,&nbsp;<strong>Vladimir Bil\u010dik,<\/strong>&nbsp;shkroi n\u00eb X se hapja e RT Balkan n\u00eb Serbi bie ndesh me parimet e politik\u00ebs s\u00eb jashtme t\u00eb vet\u00eb Serbis\u00eb, e cila deklaron aspiratat e saj p\u00ebr t&#8217;u b\u00ebr\u00eb an\u00ebtare e BE-s\u00eb.<\/p>\n\n\n\n<figure class=\"wp-block-embed is-type-rich is-provider-x wp-block-embed-x\"><div class=\"wp-block-embed__wrapper\">\n<blockquote class=\"twitter-tweet\" data-width=\"550\" data-dnt=\"true\"><p lang=\"en\" dir=\"ltr\">Actions speak louder than words. To see Russian propaganda making a grand comeback in Serbia via the launch of Russia Today is contrary to \ud83c\uddf7\ud83c\uddf8 commitment to work on alignment with \ud83c\uddea\ud83c\uddfa foreign policy. A serious EU accession country should not be a disinformation hub for the Kremlin.<\/p>&mdash; Vladim\u00edr Bil\u010d\u00edk (@VladoBilcik) <a href=\"https:\/\/x.com\/VladoBilcik\/status\/1592104173616730118?ref_src=twsrc%5Etfw\">November 14, 2022<\/a><\/blockquote><script async src=\"https:\/\/platform.x.com\/widgets.js\" charset=\"utf-8\"><\/script>\n<\/div><\/figure>\n\n\n\n<p class=\"wp-block-paragraph\"><em>Veprimet flasin m\u00eb shum\u00eb se fjal\u00ebt. Fakti q\u00eb propaganda ruse po fiton p\u00ebrs\u00ebri vrull n\u00eb Serbi fal\u00eb hapjes s\u00eb kanalit Russia Today bie ndesh me angazhimin e Serbis\u00eb p\u00ebr t\u00eb p\u00ebrafruar politik\u00ebn e saj t\u00eb jashtme me at\u00eb t\u00eb BE-s\u00eb. Nj\u00eb vend q\u00eb synon seriozisht an\u00ebtar\u00ebsimin n\u00eb BE nuk duhet t\u00eb b\u00ebhet nj\u00eb qend\u00ebr p\u00ebr p\u00ebrhapjen e dezinformimit t\u00eb Kremlinit.<\/em><\/p>\n\n\n\n<p class=\"wp-block-paragraph\">Por situata nuk ka ndryshuar gjat\u00eb luft\u00ebs s\u00eb Rusis\u00eb kund\u00ebr Ukrain\u00ebs; p\u00ebrkundrazi, \u00ebsht\u00eb p\u00ebrkeq\u00ebsuar. P\u00ebrve\u00e7 pranis\u00eb s\u00eb medias shtet\u00ebrore ruse, dhjet\u00ebra faqe interneti dhe llogari t\u00eb dyshimta n\u00eb mediat sociale veprojn\u00eb n\u00eb hap\u00ebsir\u00ebn informative t\u00eb Serbis\u00eb &#8211; shum\u00eb prej t\u00eb cilave mbledhin p\u00ebrmbajtje nga burime t\u00eb ndryshme &#8211; duke promovuar narrativa pro-Kremlinit.<\/p>\n\n\n\n<p class=\"wp-block-paragraph\">Nj\u00eb burim i till\u00eb \u00ebsht\u00eb kanali &#8220;Moscow Speaks&#8221;, i cili ka mbi 20,000 abonent\u00eb n\u00eb Facebook dhe rreth 14,000 n\u00eb Instagram. Megjithat\u00eb, p\u00ebrcaktimi se kush q\u00ebndron pas k\u00ebtij kanali nuk \u00ebsht\u00eb i leht\u00eb. Ai u krijua n\u00eb vitin 2025. Sipas faqes s\u00eb tij n\u00eb Facebook, administratori i tij ndodhet n\u00eb Serbi dhe menaxhohet nga nj\u00eb OJQ. Megjithat\u00eb, nuk ka asnj\u00eb organizat\u00eb t\u00eb quajtur &#8220;Moscow Speaks&#8221; t\u00eb listuar n\u00eb regjistrin e bizneseve t\u00eb disponuesh\u00ebm publikisht n\u00eb Serbi.<\/p>\n\n\n\n<p class=\"wp-block-paragraph\">Megjithat\u00eb, ky \u00ebsht\u00eb pik\u00ebrisht emri n\u00ebn t\u00eb cilin vepron nj\u00eb nga stacionet radiofonike pro-Kremlin t\u00eb Mosk\u00ebs. Kryeredaktori i saj,&nbsp;<a href=\"https:\/\/ru.wikipedia.org\/wiki\/%D0%91%D0%B0%D0%B1%D0%B0%D1%8F%D0%BD,_%D0%A0%D0%BE%D0%BC%D0%B0%D0%BD_%D0%93%D0%B5%D0%BE%D1%80%D0%B3%D0%B8%D0%B5%D0%B2%D0%B8%D1%87\">Roman Babayan,<\/a>&nbsp;ka punuar p\u00ebr media t\u00eb ndryshme shtet\u00ebrore. Ai nuk \u00ebsht\u00eb i panjohur me politik\u00ebn: n\u00eb vitin 2016, ai ishte midis kandidat\u00ebve p\u00ebr Dum\u00ebn Shtet\u00ebrore nga partia &#8220;Rusia e Drejt\u00eb&#8221;, por nuk u zgjodh; tre vjet m\u00eb von\u00eb, ai u b\u00eb an\u00ebtar i Dum\u00ebs s\u00eb Qytetit t\u00eb Mosk\u00ebs. Q\u00eb nga viti 2022, Babayan i \u00ebsht\u00eb n\u00ebnshtruar sanksioneve t\u00eb Bashkimit Evropian p\u00ebr p\u00ebrhapjen e propagand\u00ebs anti-ukrainase dhe mb\u00ebshtetjen e separatist\u00ebve pro-rus\u00eb n\u00eb rajonin Donbas t\u00eb Ukrain\u00ebs. Mbret\u00ebria e Bashkuar, Zvicra dhe Ukraina kan\u00eb vendosur gjithashtu sanksione kund\u00ebr tij.<\/p>\n\n\n\n<p class=\"wp-block-paragraph\">As stacioni radiofonik i Mosk\u00ebs dhe as faqja me t\u00eb nj\u00ebjtin em\u00ebr, &#8220;Moska Flet&#8221;, nuk iu p\u00ebrgjigj\u00ebn k\u00ebrkes\u00ebs s\u00eb Radio Liris\u00eb p\u00ebr informacion n\u00eb lidhje me ndonj\u00eb lidhje midis tyre.<\/p>\n\n\n\n<p class=\"wp-block-paragraph\">N\u00eb vitin 2025,&nbsp;<strong>Thomas Brey<\/strong>&nbsp;, nj\u00eb lektor dhe ish-shef i zyr\u00ebs p\u00ebr Agjencin\u00eb Gjermane t\u00eb Shtypit (dpa) n\u00eb Evrop\u00ebn Juglindore,&nbsp;<a href=\"https:\/\/www.freiheit.org\/de\/consent?dest=https%3A%2F%2Fshop.freiheit.org%2F%23!%2FPublikation%2F1854\">analizoi rolin e Serbis\u00eb n\u00eb p\u00ebrhapjen e narrativave t\u00eb propagand\u00ebs ruse n\u00eb Ballkan.<\/a>&nbsp;N\u00eb nj\u00eb koment p\u00ebr Radion Evropa e Lir\u00eb\/Radio Liberty, Brey deklaroi se praktikisht &#8220;t\u00eb gjitha gazetat dhe kanalet televizive kryesore serbe sh\u00ebrbejn\u00eb gjithashtu si qendra p\u00ebr p\u00ebrhapjen e propagand\u00ebs ruse p\u00ebrmes portaleve t\u00eb tyre dixhitale&#8221;.<\/p>\n\n\n\n<p class=\"wp-block-paragraph\">Organizata me seli n\u00eb Paris, Reporter\u00ebt pa Kufij, b\u00ebri nj\u00eb vler\u00ebsim t\u00eb ngjash\u00ebm n\u00eb&nbsp;<a href=\"https:\/\/rsf.org\/en\/protagonist-security-they-kill-attack-and-jail-journalists-0?utm_source=chatgpt.com\">raportin e saj t\u00eb vitit 2025,<\/a>&nbsp;duke v\u00ebn\u00eb n\u00eb dukje se propaganda ruse po \u201clul\u00ebzon\u201d n\u00eb Serbi kryesisht fal\u00eb transmetimeve televizive shtet\u00ebrore ruse.<\/p>\n\n\n\n<h4 class=\"wp-block-heading\"><strong>E pav\u00ebrtet\u00eb p\u00ebr Serbin\u00eb<\/strong><\/h4>\n\n\n\n<p class=\"wp-block-paragraph\">Nj\u00eb tjet\u00ebr faqe interneti q\u00eb kopjon p\u00ebrmbajtje nga mediat pro-Kremlin \u00ebsht\u00eb Pravda Serbia. Duke mos pasur p\u00ebrmbajtje t\u00eb vet\u00ebn, faqja riboton kryesisht lajme nga Sputnik dhe RT n\u00eb disa gjuh\u00eb. Faqja nuk ofron asnj\u00eb informacion n\u00eb lidhje me pronar\u00ebt apo menaxhimin e saj editorial.<\/p>\n\n\n\n<p class=\"wp-block-paragraph\">N\u00eb&nbsp;<a href=\"https:\/\/www.sgdsn.gouv.fr\/files\/files\/20240212_NP_SGDSN_VIGINUM_PORTAL-KOMBAT-NETWORK_ENG_VF.pdf\">nj\u00eb raport t\u00eb vitit 2024,<\/a>&nbsp;Sekretariati i P\u00ebrgjithsh\u00ebm Francez p\u00ebr Mbrojtjen dhe Sigurin\u00eb Komb\u00ebtare e p\u00ebrshkroi Pravda Serbia si pjes\u00eb t\u00eb nj\u00eb rrjeti t\u00eb p\u00ebrfshir\u00eb n\u00eb &#8220;nj\u00eb fushat\u00eb dezinformimi n\u00eb shkall\u00eb t\u00eb gjer\u00eb ruse n\u00eb Evrop\u00eb&#8221;.<\/p>\n\n\n\n<p class=\"wp-block-paragraph\">\u201cQ\u00ebllimi kryesor i k\u00ebtij p\u00ebrmbajtjeje duket t\u00eb jet\u00eb nxjerrja n\u00eb pah e konfliktit ruso-ukrainas duke portretizuar pozitivisht nj\u00eb \u2018operacion ushtarak special\u2019 dhe duke diskredituar Ukrain\u00ebn dhe udh\u00ebheqjen e saj\u201d, thuhet n\u00eb raport. Vet\u00eb Pravda Serbia nuk iu p\u00ebrgjigj nj\u00eb k\u00ebrkese p\u00ebr informacion n\u00eb lidhje me pronar\u00ebt e faqes dhe menaxhimin editorial, ose se si i p\u00ebrgjigjet akuzave t\u00eb p\u00ebrfshira n\u00eb raportin francez.<\/p>\n\n\n\n<figure class=\"wp-block-image is-resized\"><img decoding=\"async\" src=\"https:\/\/gdb.rferl.org\/acac672b-b0cd-47f6-f57d-08de3c642a37_w650_r0_s.jpg\" alt=\"Pjes\u00ebmarr\u00ebs n\u00eb nj\u00eb tubim pro-rus n\u00eb Beograd me rastin e p\u00ebrvjetorit t\u00eb pushtimit t\u00eb plot\u00eb t\u00eb Ukrain\u00ebs nga Rusia.\" style=\"aspect-ratio:1.33201581027668;width:674px;height:auto\"\/><figcaption class=\"wp-element-caption\">Pjes\u00ebmarr\u00ebs n\u00eb nj\u00eb tubim pro-rus n\u00eb Beograd me rastin e p\u00ebrvjetorit t\u00eb pushtimit t\u00eb plot\u00eb t\u00eb Ukrain\u00ebs nga Rusia.<\/figcaption><\/figure>\n\n\n\n<p class=\"wp-block-paragraph\">Gazetar\u00ebt e RS-s\u00eb hetuan faqen e internetit t\u00eb Pravda Serbia dhe zbuluan se p\u00ebrmbajtja po publikohej automatikisht. Artikujt e postuar n\u00eb faqen e internetit t\u00eb RT-s\u00eb n\u00eb gjuh\u00ebn serbe u shfaq\u00ebn t\u00eb plot\u00eb n\u00eb faqen e internetit t\u00eb Pravda-s brenda vet\u00ebm dy minutash.<\/p>\n\n\n\n<p class=\"wp-block-paragraph\">Gjat\u00eb hetimit ton\u00eb, ne ia drejtuam v\u00ebmendjen edhe faqes s\u00eb internetit News Front, e cila vepron n\u00eb Serbi dhe publikon materiale n\u00eb disa gjuh\u00eb. Ajo u themelua n\u00eb vitin 2014 n\u00eb Krimen\u00eb e aneksuar nga Rusia. N\u00eb vitin 2021, News Front u vendos n\u00eb list\u00ebn e sanksioneve t\u00eb Departamentit t\u00eb Thesarit t\u00eb SHBA-s\u00eb. N\u00eb nj\u00eb deklarat\u00eb t\u00eb l\u00ebshuar n\u00eb vitin 2022, Thesari i SHBA-s\u00eb e p\u00ebrshkroi at\u00eb si nj\u00eb &#8220;burim dezinformimi dhe propagande&#8221; me lidhje me an\u00ebtar\u00ebt e Sh\u00ebrbimit Federal t\u00eb Siguris\u00eb Ruse (FSB).<\/p>\n\n\n\n<h4 class=\"wp-block-heading\"><strong>Kush p\u00ebrfiton?<\/strong><\/h4>\n\n\n\n<p class=\"wp-block-paragraph\">Sipas Thomas Bray, mediat pro-Kremlinit, gazetar\u00ebt, agreguesit dhe faqet e mediave sociale kontribuojn\u00eb n\u00eb formimin e nj\u00eb &#8220;pik\u00ebpamjeje jorealiste t\u00eb politik\u00ebs nd\u00ebrkomb\u00ebtare&#8221; midis audienc\u00ebs serbe, gj\u00eb q\u00eb u sjell dobi autoriteteve serbe. &#8220;Ata paraqesin pamjen e m\u00ebposhtme: nj\u00eb bot\u00eb e dominuar nga Per\u00ebndimi po shp\u00ebrb\u00ebhet dhe po z\u00ebvend\u00ebsohet nga nj\u00eb bot\u00eb shum\u00ebpolare e udh\u00ebhequr nga Rusia dhe Kina&#8221;, thot\u00eb Bray.<\/p>\n\n\n\n<p class=\"wp-block-paragraph\">Grupi i ekspert\u00ebve Clingendael (Holand\u00eb)&nbsp;<a href=\"https:\/\/www.clingendael.org\/pub\/2023\/little-substance-considerable-impact\/russian-sources-of-influence-in-serbia-montenegro-and-bosnia-and-herzegovina\/\">v\u00ebren<\/a>&nbsp;se ekzistojn\u00eb gjasht\u00eb ide kryesore t\u00eb promovuara nga projektet pro-Kremlinit n\u00eb Serbi (si dhe n\u00eb Mal t\u00eb Zi dhe Bosnj\u00eb e Hercegovin\u00eb). Konkretisht:<\/p>\n\n\n\n<ul class=\"wp-block-list\">\n<li>ideja e Rusis\u00eb si mbrojt\u00ebse e vlerave tradicionale t\u00eb krishtera ortodokse<\/li>\n\n\n\n<li>promovimi i ideve t\u00eb pansllavizmit \u2013 lidhjet e ngushta historike midis popujve t\u00eb Rusis\u00eb dhe Ballkanit Per\u00ebndimor<\/li>\n\n\n\n<li>degradimi dhe &#8220;r\u00ebnia kulturore&#8221; e Per\u00ebndimit n\u00eb t\u00ebr\u00ebsi<\/li>\n\n\n\n<li>Nevoja p\u00ebr &#8220;udh\u00ebheq\u00ebs t\u00eb fort\u00eb&#8221; t\u00eb gatsh\u00ebm t\u00eb mbrojn\u00eb vendin e tyre dhe vlerat e tij n\u00eb bot\u00ebn moderne<\/li>\n\n\n\n<li>Zgjerimi i NATO-s dhe agresioni per\u00ebndimor si shkak i luft\u00ebs n\u00eb Ukrain\u00eb<\/li>\n\n\n\n<li>mbrojtja e integritetit territorial si argument n\u00eb favor t\u00eb q\u00ebndrimit t\u00eb Serbis\u00eb ndaj Kosov\u00ebs (megjith\u00ebse n\u00eb lidhje me Ukrain\u00ebn ky argument p\u00ebr ndonj\u00eb arsye hidhet posht\u00eb; aneksimi i Krimes\u00eb dhe pushtimi i vendit fqinj nga Rusia paraqiten si hapa t\u00eb drejt\u00eb).<\/li>\n<\/ul>\n\n\n\n<p class=\"wp-block-paragraph\">Sipas Thomas Bray, ky koncept promovon gjithashtu iden\u00eb e &#8220;superioritetit t\u00eb sistemit politik dhe shoq\u00ebror t\u00eb Rusis\u00eb, t\u00eb udh\u00ebhequr nga Putini si babai i kombit, mbi sistemin per\u00ebndimor&#8221;. Nga ana tjet\u00ebr, k\u00ebto narrativa, sipas Bray, i portretizojn\u00eb Rusin\u00eb dhe Serbin\u00eb si viktima t\u00eb p\u00ebrjetshme, t\u00eb trajtuara padrejt\u00ebsisht nga pjesa tjet\u00ebr e bot\u00ebs, ve\u00e7an\u00ebrisht nga bota per\u00ebndimore.<\/p>\n\n\n\n<p class=\"wp-block-paragraph\">Nj\u00eb propagand\u00eb e till\u00eb p\u00ebrhapet pa kontroll n\u00eb Serbi, shton Bray, sepse i sjell dobi udh\u00ebheqjes aktuale dhe n\u00eb ve\u00e7anti presidentit t\u00eb vendit. &#8220;[Aleksandar] Vu\u00e7i\u00e7 e mban makin\u00ebn e tij t\u00eb propagand\u00ebs n\u00eb pun\u00eb n\u00eb m\u00ebnyr\u00eb q\u00eb Per\u00ebndimi t\u00eb shoh\u00eb se \u00e7far\u00eb lloj ndjenjash mund t\u00eb nxis\u00eb n\u00eb vendin e tij me shtypjen e nj\u00eb butoni.&#8221;<\/p>\n\n\n\n<p class=\"wp-block-paragraph\">Presidenti serb \u00ebsht\u00eb p\u00ebrfshir\u00eb n\u00eb list\u00ebn e vitit 2025 t\u00eb \u201cgrabitqar\u00ebve\u201d q\u00eb synojn\u00eb lirin\u00eb e shtypit nga Reporter\u00ebt pa Kufij. Lista p\u00ebrfshin 34 udh\u00ebheq\u00ebs ose organizata q\u00eb Reporter\u00ebt pa Kufij besojn\u00eb se ndajn\u00eb nj\u00eb \u201currejtje ndaj liris\u00eb s\u00eb shtypit\u201d, \u201cshtypjen e medias s\u00eb pavarur\u201d dhe \u201cshkeljen e t\u00eb drejt\u00ebs p\u00ebr informacion\u201d.<\/p>\n\n\n\n<p class=\"wp-block-paragraph\">N\u00eb raportin e zgjerimit t\u00eb BE-s\u00eb p\u00ebr Serbin\u00eb p\u00ebr vitin 2025, Komisioni Evropian arriti n\u00eb p\u00ebrfundimin se kushtet q\u00eb mediat t\u00eb veprojn\u00eb lirisht dhe n\u00eb m\u00ebnyr\u00eb t\u00eb pavarur n\u00eb vend mbeten \u201ct\u00eb kufizuara\u201d.<\/p>\n","protected":false},"excerpt":{"rendered":"<p>Serbia \u00ebsht\u00eb b\u00ebr\u00eb nj\u00eb oaz p\u00ebr propagand\u00ebn ruse. Narrativat pro-ruse p\u00ebrhapen jo vet\u00ebm p\u00ebrmes mediave zyrtare ruse, por edhe p\u00ebrmes nj\u00eb rrjeti kompleks faqesh interneti, t\u00eb cilat shpesh u sh\u00ebrbejn\u00eb interesave t\u00eb autoriteteve serbe. Mij\u00ebra p\u00ebrdorues t\u00eb Facebook-ut dhe Instagram-it ndjekin faqen Govorit Moskva, p\u00ebrmbajtja e s\u00eb cil\u00ebs p\u00ebrb\u00ebhet pothuajse t\u00ebr\u00ebsisht nga fjalimet e Vladimir [&hellip;]<\/p>\n","protected":false},"author":4,"featured_media":30233,"comment_status":"open","ping_status":"open","sticky":false,"template":"","format":"standard","meta":{"footnotes":""},"categories":[36],"tags":[],"class_list":["post-30232","post","type-post","status-publish","format-standard","has-post-thumbnail","category-analize"],"yoast_head":"<!-- This site is optimized with the Yoast SEO plugin v27.4 - https:\/\/yoast.com\/product\/yoast-seo-wordpress\/ -->\n<title>Moska flet vazhdimisht. Si funksionon propaganda e Kremlinit n\u00eb Serbi - Kosova Times<\/title>\n<meta name=\"robots\" content=\"index, follow, max-snippet:-1, max-image-preview:large, max-video-preview:-1\" \/>\n<link rel=\"canonical\" href=\"https:\/\/kosovatimes.info\/index.php\/2026\/08\/31\/moska-flet-vazhdimisht-si-funksionon-propaganda-e-kremlinit-ne-serbi\/\" \/>\n<meta property=\"og:locale\" content=\"en_US\" \/>\n<meta property=\"og:type\" content=\"article\" \/>\n<meta property=\"og:title\" content=\"Moska flet vazhdimisht. Si funksionon propaganda e Kremlinit n\u00eb Serbi - Kosova Times\" \/>\n<meta property=\"og:description\" content=\"Serbia \u00ebsht\u00eb b\u00ebr\u00eb nj\u00eb oaz p\u00ebr propagand\u00ebn ruse. Narrativat pro-ruse p\u00ebrhapen jo vet\u00ebm p\u00ebrmes mediave zyrtare ruse, por edhe p\u00ebrmes nj\u00eb rrjeti kompleks faqesh interneti, t\u00eb cilat shpesh u sh\u00ebrbejn\u00eb interesave t\u00eb autoriteteve serbe. Mij\u00ebra p\u00ebrdorues t\u00eb Facebook-ut dhe Instagram-it ndjekin faqen Govorit Moskva, p\u00ebrmbajtja e s\u00eb cil\u00ebs p\u00ebrb\u00ebhet pothuajse t\u00ebr\u00ebsisht nga fjalimet e Vladimir [&hellip;]\" \/>\n<meta property=\"og:url\" content=\"https:\/\/kosovatimes.info\/index.php\/2026\/08\/31\/moska-flet-vazhdimisht-si-funksionon-propaganda-e-kremlinit-ne-serbi\/\" \/>\n<meta property=\"og:site_name\" content=\"Kosova Times\" \/>\n<meta property=\"article:published_time\" content=\"2026-08-31T11:07:58+00:00\" \/>\n<meta property=\"article:modified_time\" content=\"2026-08-31T11:07:59+00:00\" \/>\n<meta name=\"author\" content=\"i l\" \/>\n<meta name=\"twitter:card\" content=\"summary_large_image\" \/>\n<meta name=\"twitter:label1\" content=\"Written by\" \/>\n\t<meta name=\"twitter:data1\" content=\"i l\" \/>\n\t<meta name=\"twitter:label2\" content=\"Est. reading time\" \/>\n\t<meta name=\"twitter:data2\" content=\"7 minutes\" \/>\n<script type=\"application\/ld+json\" class=\"yoast-schema-graph\">{\"@context\":\"https:\\\/\\\/schema.org\",\"@graph\":[{\"@type\":\"Article\",\"@id\":\"https:\\\/\\\/kosovatimes.info\\\/index.php\\\/2026\\\/08\\\/31\\\/moska-flet-vazhdimisht-si-funksionon-propaganda-e-kremlinit-ne-serbi\\\/#article\",\"isPartOf\":{\"@id\":\"https:\\\/\\\/kosovatimes.info\\\/index.php\\\/2026\\\/08\\\/31\\\/moska-flet-vazhdimisht-si-funksionon-propaganda-e-kremlinit-ne-serbi\\\/\"},\"author\":{\"name\":\"i l\",\"@id\":\"https:\\\/\\\/kosovatimes.info\\\/#\\\/schema\\\/person\\\/7586712b9c512fe68085de007378c915\"},\"headline\":\"Moska flet vazhdimisht. Si funksionon propaganda e Kremlinit n\u00eb Serbi\",\"datePublished\":\"2026-08-31T11:07:58+00:00\",\"dateModified\":\"2026-08-31T11:07:59+00:00\",\"mainEntityOfPage\":{\"@id\":\"https:\\\/\\\/kosovatimes.info\\\/index.php\\\/2026\\\/08\\\/31\\\/moska-flet-vazhdimisht-si-funksionon-propaganda-e-kremlinit-ne-serbi\\\/\"},\"wordCount\":1622,\"commentCount\":0,\"image\":{\"@id\":\"https:\\\/\\\/kosovatimes.info\\\/index.php\\\/2026\\\/08\\\/31\\\/moska-flet-vazhdimisht-si-funksionon-propaganda-e-kremlinit-ne-serbi\\\/#primaryimage\"},\"thumbnailUrl\":\"https:\\\/\\\/kosovatimes.info\\\/wp-content\\\/uploads\\\/2026\\\/08\\\/rt.avif\",\"articleSection\":[\"Analiz\u00eb\"],\"inLanguage\":\"en-US\",\"potentialAction\":[{\"@type\":\"CommentAction\",\"name\":\"Comment\",\"target\":[\"https:\\\/\\\/kosovatimes.info\\\/index.php\\\/2026\\\/08\\\/31\\\/moska-flet-vazhdimisht-si-funksionon-propaganda-e-kremlinit-ne-serbi\\\/#respond\"]}]},{\"@type\":\"WebPage\",\"@id\":\"https:\\\/\\\/kosovatimes.info\\\/index.php\\\/2026\\\/08\\\/31\\\/moska-flet-vazhdimisht-si-funksionon-propaganda-e-kremlinit-ne-serbi\\\/\",\"url\":\"https:\\\/\\\/kosovatimes.info\\\/index.php\\\/2026\\\/08\\\/31\\\/moska-flet-vazhdimisht-si-funksionon-propaganda-e-kremlinit-ne-serbi\\\/\",\"name\":\"Moska flet vazhdimisht. Si funksionon propaganda e Kremlinit n\u00eb Serbi - Kosova Times\",\"isPartOf\":{\"@id\":\"https:\\\/\\\/kosovatimes.info\\\/#website\"},\"primaryImageOfPage\":{\"@id\":\"https:\\\/\\\/kosovatimes.info\\\/index.php\\\/2026\\\/08\\\/31\\\/moska-flet-vazhdimisht-si-funksionon-propaganda-e-kremlinit-ne-serbi\\\/#primaryimage\"},\"image\":{\"@id\":\"https:\\\/\\\/kosovatimes.info\\\/index.php\\\/2026\\\/08\\\/31\\\/moska-flet-vazhdimisht-si-funksionon-propaganda-e-kremlinit-ne-serbi\\\/#primaryimage\"},\"thumbnailUrl\":\"https:\\\/\\\/kosovatimes.info\\\/wp-content\\\/uploads\\\/2026\\\/08\\\/rt.avif\",\"datePublished\":\"2026-08-31T11:07:58+00:00\",\"dateModified\":\"2026-08-31T11:07:59+00:00\",\"author\":{\"@id\":\"https:\\\/\\\/kosovatimes.info\\\/#\\\/schema\\\/person\\\/7586712b9c512fe68085de007378c915\"},\"breadcrumb\":{\"@id\":\"https:\\\/\\\/kosovatimes.info\\\/index.php\\\/2026\\\/08\\\/31\\\/moska-flet-vazhdimisht-si-funksionon-propaganda-e-kremlinit-ne-serbi\\\/#breadcrumb\"},\"inLanguage\":\"en-US\",\"potentialAction\":[{\"@type\":\"ReadAction\",\"target\":[\"https:\\\/\\\/kosovatimes.info\\\/index.php\\\/2026\\\/08\\\/31\\\/moska-flet-vazhdimisht-si-funksionon-propaganda-e-kremlinit-ne-serbi\\\/\"]}]},{\"@type\":\"ImageObject\",\"inLanguage\":\"en-US\",\"@id\":\"https:\\\/\\\/kosovatimes.info\\\/index.php\\\/2026\\\/08\\\/31\\\/moska-flet-vazhdimisht-si-funksionon-propaganda-e-kremlinit-ne-serbi\\\/#primaryimage\",\"url\":\"https:\\\/\\\/kosovatimes.info\\\/wp-content\\\/uploads\\\/2026\\\/08\\\/rt.avif\",\"contentUrl\":\"https:\\\/\\\/kosovatimes.info\\\/wp-content\\\/uploads\\\/2026\\\/08\\\/rt.avif\",\"width\":1023,\"height\":575},{\"@type\":\"BreadcrumbList\",\"@id\":\"https:\\\/\\\/kosovatimes.info\\\/index.php\\\/2026\\\/08\\\/31\\\/moska-flet-vazhdimisht-si-funksionon-propaganda-e-kremlinit-ne-serbi\\\/#breadcrumb\",\"itemListElement\":[{\"@type\":\"ListItem\",\"position\":1,\"name\":\"Home\",\"item\":\"https:\\\/\\\/kosovatimes.info\\\/\"},{\"@type\":\"ListItem\",\"position\":2,\"name\":\"Moska flet vazhdimisht. Si funksionon propaganda e Kremlinit n\u00eb Serbi\"}]},{\"@type\":\"WebSite\",\"@id\":\"https:\\\/\\\/kosovatimes.info\\\/#website\",\"url\":\"https:\\\/\\\/kosovatimes.info\\\/\",\"name\":\"Kosova Times\",\"description\":\"\",\"potentialAction\":[{\"@type\":\"SearchAction\",\"target\":{\"@type\":\"EntryPoint\",\"urlTemplate\":\"https:\\\/\\\/kosovatimes.info\\\/?s={search_term_string}\"},\"query-input\":{\"@type\":\"PropertyValueSpecification\",\"valueRequired\":true,\"valueName\":\"search_term_string\"}}],\"inLanguage\":\"en-US\"},{\"@type\":\"Person\",\"@id\":\"https:\\\/\\\/kosovatimes.info\\\/#\\\/schema\\\/person\\\/7586712b9c512fe68085de007378c915\",\"name\":\"i l\",\"image\":{\"@type\":\"ImageObject\",\"inLanguage\":\"en-US\",\"@id\":\"https:\\\/\\\/secure.gravatar.com\\\/avatar\\\/bad9296e02816160ae2e2435beda58222022298d5625d49fea74d18816fbb31d?s=96&d=mm&r=g\",\"url\":\"https:\\\/\\\/secure.gravatar.com\\\/avatar\\\/bad9296e02816160ae2e2435beda58222022298d5625d49fea74d18816fbb31d?s=96&d=mm&r=g\",\"contentUrl\":\"https:\\\/\\\/secure.gravatar.com\\\/avatar\\\/bad9296e02816160ae2e2435beda58222022298d5625d49fea74d18816fbb31d?s=96&d=mm&r=g\",\"caption\":\"i l\"},\"url\":\"https:\\\/\\\/kosovatimes.info\\\/index.php\\\/author\\\/iliri\\\/\"}]}<\/script>\n<!-- \/ Yoast SEO plugin. -->","yoast_head_json":{"title":"Moska flet vazhdimisht. Si funksionon propaganda e Kremlinit n\u00eb Serbi - Kosova Times","robots":{"index":"index","follow":"follow","max-snippet":"max-snippet:-1","max-image-preview":"max-image-preview:large","max-video-preview":"max-video-preview:-1"},"canonical":"https:\/\/kosovatimes.info\/index.php\/2026\/08\/31\/moska-flet-vazhdimisht-si-funksionon-propaganda-e-kremlinit-ne-serbi\/","og_locale":"en_US","og_type":"article","og_title":"Moska flet vazhdimisht. Si funksionon propaganda e Kremlinit n\u00eb Serbi - Kosova Times","og_description":"Serbia \u00ebsht\u00eb b\u00ebr\u00eb nj\u00eb oaz p\u00ebr propagand\u00ebn ruse. Narrativat pro-ruse p\u00ebrhapen jo vet\u00ebm p\u00ebrmes mediave zyrtare ruse, por edhe p\u00ebrmes nj\u00eb rrjeti kompleks faqesh interneti, t\u00eb cilat shpesh u sh\u00ebrbejn\u00eb interesave t\u00eb autoriteteve serbe. Mij\u00ebra p\u00ebrdorues t\u00eb Facebook-ut dhe Instagram-it ndjekin faqen Govorit Moskva, p\u00ebrmbajtja e s\u00eb cil\u00ebs p\u00ebrb\u00ebhet pothuajse t\u00ebr\u00ebsisht nga fjalimet e Vladimir [&hellip;]","og_url":"https:\/\/kosovatimes.info\/index.php\/2026\/08\/31\/moska-flet-vazhdimisht-si-funksionon-propaganda-e-kremlinit-ne-serbi\/","og_site_name":"Kosova Times","article_published_time":"2026-08-31T11:07:58+00:00","article_modified_time":"2026-08-31T11:07:59+00:00","author":"i l","twitter_card":"summary_large_image","twitter_misc":{"Written by":"i l","Est. reading time":"7 minutes"},"schema":{"@context":"https:\/\/schema.org","@graph":[{"@type":"Article","@id":"https:\/\/kosovatimes.info\/index.php\/2026\/08\/31\/moska-flet-vazhdimisht-si-funksionon-propaganda-e-kremlinit-ne-serbi\/#article","isPartOf":{"@id":"https:\/\/kosovatimes.info\/index.php\/2026\/08\/31\/moska-flet-vazhdimisht-si-funksionon-propaganda-e-kremlinit-ne-serbi\/"},"author":{"name":"i l","@id":"https:\/\/kosovatimes.info\/#\/schema\/person\/7586712b9c512fe68085de007378c915"},"headline":"Moska flet vazhdimisht. Si funksionon propaganda e Kremlinit n\u00eb Serbi","datePublished":"2026-08-31T11:07:58+00:00","dateModified":"2026-08-31T11:07:59+00:00","mainEntityOfPage":{"@id":"https:\/\/kosovatimes.info\/index.php\/2026\/08\/31\/moska-flet-vazhdimisht-si-funksionon-propaganda-e-kremlinit-ne-serbi\/"},"wordCount":1622,"commentCount":0,"image":{"@id":"https:\/\/kosovatimes.info\/index.php\/2026\/08\/31\/moska-flet-vazhdimisht-si-funksionon-propaganda-e-kremlinit-ne-serbi\/#primaryimage"},"thumbnailUrl":"https:\/\/kosovatimes.info\/wp-content\/uploads\/2026\/08\/rt.avif","articleSection":["Analiz\u00eb"],"inLanguage":"en-US","potentialAction":[{"@type":"CommentAction","name":"Comment","target":["https:\/\/kosovatimes.info\/index.php\/2026\/08\/31\/moska-flet-vazhdimisht-si-funksionon-propaganda-e-kremlinit-ne-serbi\/#respond"]}]},{"@type":"WebPage","@id":"https:\/\/kosovatimes.info\/index.php\/2026\/08\/31\/moska-flet-vazhdimisht-si-funksionon-propaganda-e-kremlinit-ne-serbi\/","url":"https:\/\/kosovatimes.info\/index.php\/2026\/08\/31\/moska-flet-vazhdimisht-si-funksionon-propaganda-e-kremlinit-ne-serbi\/","name":"Moska flet vazhdimisht. Si funksionon propaganda e Kremlinit n\u00eb Serbi - Kosova Times","isPartOf":{"@id":"https:\/\/kosovatimes.info\/#website"},"primaryImageOfPage":{"@id":"https:\/\/kosovatimes.info\/index.php\/2026\/08\/31\/moska-flet-vazhdimisht-si-funksionon-propaganda-e-kremlinit-ne-serbi\/#primaryimage"},"image":{"@id":"https:\/\/kosovatimes.info\/index.php\/2026\/08\/31\/moska-flet-vazhdimisht-si-funksionon-propaganda-e-kremlinit-ne-serbi\/#primaryimage"},"thumbnailUrl":"https:\/\/kosovatimes.info\/wp-content\/uploads\/2026\/08\/rt.avif","datePublished":"2026-08-31T11:07:58+00:00","dateModified":"2026-08-31T11:07:59+00:00","author":{"@id":"https:\/\/kosovatimes.info\/#\/schema\/person\/7586712b9c512fe68085de007378c915"},"breadcrumb":{"@id":"https:\/\/kosovatimes.info\/index.php\/2026\/08\/31\/moska-flet-vazhdimisht-si-funksionon-propaganda-e-kremlinit-ne-serbi\/#breadcrumb"},"inLanguage":"en-US","potentialAction":[{"@type":"ReadAction","target":["https:\/\/kosovatimes.info\/index.php\/2026\/08\/31\/moska-flet-vazhdimisht-si-funksionon-propaganda-e-kremlinit-ne-serbi\/"]}]},{"@type":"ImageObject","inLanguage":"en-US","@id":"https:\/\/kosovatimes.info\/index.php\/2026\/08\/31\/moska-flet-vazhdimisht-si-funksionon-propaganda-e-kremlinit-ne-serbi\/#primaryimage","url":"https:\/\/kosovatimes.info\/wp-content\/uploads\/2026\/08\/rt.avif","contentUrl":"https:\/\/kosovatimes.info\/wp-content\/uploads\/2026\/08\/rt.avif","width":1023,"height":575},{"@type":"BreadcrumbList","@id":"https:\/\/kosovatimes.info\/index.php\/2026\/08\/31\/moska-flet-vazhdimisht-si-funksionon-propaganda-e-kremlinit-ne-serbi\/#breadcrumb","itemListElement":[{"@type":"ListItem","position":1,"name":"Home","item":"https:\/\/kosovatimes.info\/"},{"@type":"ListItem","position":2,"name":"Moska flet vazhdimisht. Si funksionon propaganda e Kremlinit n\u00eb Serbi"}]},{"@type":"WebSite","@id":"https:\/\/kosovatimes.info\/#website","url":"https:\/\/kosovatimes.info\/","name":"Kosova Times","description":"","potentialAction":[{"@type":"SearchAction","target":{"@type":"EntryPoint","urlTemplate":"https:\/\/kosovatimes.info\/?s={search_term_string}"},"query-input":{"@type":"PropertyValueSpecification","valueRequired":true,"valueName":"search_term_string"}}],"inLanguage":"en-US"},{"@type":"Person","@id":"https:\/\/kosovatimes.info\/#\/schema\/person\/7586712b9c512fe68085de007378c915","name":"i l","image":{"@type":"ImageObject","inLanguage":"en-US","@id":"https:\/\/secure.gravatar.com\/avatar\/bad9296e02816160ae2e2435beda58222022298d5625d49fea74d18816fbb31d?s=96&d=mm&r=g","url":"https:\/\/secure.gravatar.com\/avatar\/bad9296e02816160ae2e2435beda58222022298d5625d49fea74d18816fbb31d?s=96&d=mm&r=g","contentUrl":"https:\/\/secure.gravatar.com\/avatar\/bad9296e02816160ae2e2435beda58222022298d5625d49fea74d18816fbb31d?s=96&d=mm&r=g","caption":"i l"},"url":"https:\/\/kosovatimes.info\/index.php\/author\/iliri\/"}]}},"_links":{"self":[{"href":"https:\/\/kosovatimes.info\/index.php\/wp-json\/wp\/v2\/posts\/30232","targetHints":{"allow":["GET"]}}],"collection":[{"href":"https:\/\/kosovatimes.info\/index.php\/wp-json\/wp\/v2\/posts"}],"about":[{"href":"https:\/\/kosovatimes.info\/index.php\/wp-json\/wp\/v2\/types\/post"}],"author":[{"embeddable":true,"href":"https:\/\/kosovatimes.info\/index.php\/wp-json\/wp\/v2\/users\/4"}],"replies":[{"embeddable":true,"href":"https:\/\/kosovatimes.info\/index.php\/wp-json\/wp\/v2\/comments?post=30232"}],"version-history":[{"count":1,"href":"https:\/\/kosovatimes.info\/index.php\/wp-json\/wp\/v2\/posts\/30232\/revisions"}],"predecessor-version":[{"id":30234,"href":"https:\/\/kosovatimes.info\/index.php\/wp-json\/wp\/v2\/posts\/30232\/revisions\/30234"}],"wp:featuredmedia":[{"embeddable":true,"href":"https:\/\/kosovatimes.info\/index.php\/wp-json\/wp\/v2\/media\/30233"}],"wp:attachment":[{"href":"https:\/\/kosovatimes.info\/index.php\/wp-json\/wp\/v2\/media?parent=30232"}],"wp:term":[{"taxonomy":"category","embeddable":true,"href":"https:\/\/kosovatimes.info\/index.php\/wp-json\/wp\/v2\/categories?post=30232"},{"taxonomy":"post_tag","embeddable":true,"href":"https:\/\/kosovatimes.info\/index.php\/wp-json\/wp\/v2\/tags?post=30232"}],"curies":[{"name":"wp","href":"https:\/\/api.w.org\/{rel}","templated":true}]}}