{"id":30242,"date":"2026-08-31T13:12:00","date_gmt":"2026-08-31T11:12:00","guid":{"rendered":"https:\/\/kosovatimes.info\/?p=30242"},"modified":"2026-08-31T13:56:29","modified_gmt":"2026-08-31T11:56:29","slug":"bekim-sejdiu-emri-konsensual-per-president-te-kosoves","status":"publish","type":"post","link":"https:\/\/kosovatimes.info\/index.php\/2026\/08\/31\/bekim-sejdiu-emri-konsensual-per-president-te-kosoves\/","title":{"rendered":"Bekim Sejdiu, emri konsensual p\u00ebr president t\u00eb Kosov\u00ebs"},"content":{"rendered":"\n<p class=\"wp-block-paragraph\"><strong>Bekim Sejdiu \u00ebsht\u00eb emri konsensual i propozuar p\u00ebr kandidat p\u00ebr president t\u00eb Kosov\u00ebs.<\/strong><\/p>\n\n\n\n<p class=\"wp-block-paragraph\">Emri i tij u b\u00eb publik nga kryetari i Lidhjes Demokratike t\u00eb Kosov\u00ebs (LDK), Lumir Abdixhiku.<\/p>\n\n\n\n<p class=\"wp-block-paragraph\">L\u00ebvizja Vet\u00ebvendosje ka arritur marr\u00ebveshje me Lidhjen Demokratike t\u00eb Kosov\u00ebs p\u00ebr pozit\u00ebn e presidentit. Marr\u00ebveshja u arrit n\u00eb takimin e sot\u00ebm mes dy pal\u00ebve, t\u00eb cilat u dakorduan q\u00eb n\u00eb krye t\u00eb shtetit t\u00eb vendoset Bekim Sejdiu.<\/p>\n\n\n\n<p class=\"wp-block-paragraph\">&#8220;Nga data 9 korrik kemi nisur dhe zhvilluar diskutimet. Kemi qen\u00eb t\u00eb vendosur t\u00eb gjejm\u00eb zgjidhje p\u00ebr t\u00eb ecur p\u00ebrpara dhe t\u00eb evitojm\u00eb zgjedhjet. Bisedimet nuk ishin t\u00eb lehta, por ishin shteruese. Kemi pasur bisedime t\u00eb vazhdueshme. Kemi qen\u00eb t\u00eb p\u00ebrkushtuar p\u00ebr nj\u00eb em\u00ebr konsensual. Jan\u00eb p\u00ebrmendur shum\u00eb emra q\u00eb kan\u00eb dh\u00ebn\u00eb kontribut dhe q\u00eb kan\u00eb vlera demokratike e qytetare. Gjat\u00eb diskutimeve tona jemi dakorduar p\u00ebr nj\u00eb em\u00ebr, Bekim Sejdiu&#8221;, ka deklaruar kryetari i LDK-s\u00eb, Lumir Abdixhiku.<\/p>\n","protected":false},"excerpt":{"rendered":"<p>Bekim Sejdiu \u00ebsht\u00eb emri konsensual i propozuar p\u00ebr kandidat p\u00ebr president t\u00eb Kosov\u00ebs. Emri i tij u b\u00eb publik nga kryetari i Lidhjes Demokratike t\u00eb Kosov\u00ebs (LDK), Lumir Abdixhiku. L\u00ebvizja Vet\u00ebvendosje ka arritur marr\u00ebveshje me Lidhjen Demokratike t\u00eb Kosov\u00ebs p\u00ebr pozit\u00ebn e presidentit. Marr\u00ebveshja u arrit n\u00eb takimin e sot\u00ebm mes dy pal\u00ebve, t\u00eb cilat [&hellip;]<\/p>\n","protected":false},"author":4,"featured_media":30243,"comment_status":"open","ping_status":"open","sticky":false,"template":"","format":"standard","meta":{"footnotes":""},"categories":[31,30],"tags":[],"class_list":["post-30242","post","type-post","status-publish","format-standard","has-post-thumbnail","category-kosove","category-lajme"],"yoast_head":"<!-- This site is optimized with the Yoast SEO plugin v27.4 - https:\/\/yoast.com\/product\/yoast-seo-wordpress\/ -->\n<title>Bekim Sejdiu, emri konsensual p\u00ebr president t\u00eb Kosov\u00ebs - Kosova Times<\/title>\n<meta name=\"robots\" content=\"index, follow, max-snippet:-1, max-image-preview:large, max-video-preview:-1\" \/>\n<link rel=\"canonical\" href=\"https:\/\/kosovatimes.info\/index.php\/2026\/08\/31\/bekim-sejdiu-emri-konsensual-per-president-te-kosoves\/\" \/>\n<meta property=\"og:locale\" content=\"en_US\" \/>\n<meta property=\"og:type\" content=\"article\" \/>\n<meta property=\"og:title\" content=\"Bekim Sejdiu, emri konsensual p\u00ebr president t\u00eb Kosov\u00ebs - Kosova Times\" \/>\n<meta property=\"og:description\" content=\"Bekim Sejdiu \u00ebsht\u00eb emri konsensual i propozuar p\u00ebr kandidat p\u00ebr president t\u00eb Kosov\u00ebs. Emri i tij u b\u00eb publik nga kryetari i Lidhjes Demokratike t\u00eb Kosov\u00ebs (LDK), Lumir Abdixhiku. L\u00ebvizja Vet\u00ebvendosje ka arritur marr\u00ebveshje me Lidhjen Demokratike t\u00eb Kosov\u00ebs p\u00ebr pozit\u00ebn e presidentit. Marr\u00ebveshja u arrit n\u00eb takimin e sot\u00ebm mes dy pal\u00ebve, t\u00eb cilat [&hellip;]\" \/>\n<meta property=\"og:url\" content=\"https:\/\/kosovatimes.info\/index.php\/2026\/08\/31\/bekim-sejdiu-emri-konsensual-per-president-te-kosoves\/\" \/>\n<meta property=\"og:site_name\" content=\"Kosova Times\" \/>\n<meta property=\"article:published_time\" content=\"2026-08-31T11:12:00+00:00\" \/>\n<meta property=\"article:modified_time\" content=\"2026-08-31T11:56:29+00:00\" \/>\n<meta property=\"og:image\" content=\"https:\/\/kosovatimes.info\/wp-content\/uploads\/2026\/08\/Abdixhiku-8.jpg\" \/>\n\t<meta property=\"og:image:width\" content=\"780\" \/>\n\t<meta property=\"og:image:height\" content=\"500\" \/>\n\t<meta property=\"og:image:type\" content=\"image\/jpeg\" \/>\n<meta name=\"author\" content=\"i l\" \/>\n<meta name=\"twitter:card\" content=\"summary_large_image\" \/>\n<meta name=\"twitter:label1\" content=\"Written by\" \/>\n\t<meta name=\"twitter:data1\" content=\"i l\" \/>\n\t<meta name=\"twitter:label2\" content=\"Est. reading time\" \/>\n\t<meta name=\"twitter:data2\" content=\"1 minute\" \/>\n<script type=\"application\/ld+json\" class=\"yoast-schema-graph\">{\"@context\":\"https:\\\/\\\/schema.org\",\"@graph\":[{\"@type\":\"Article\",\"@id\":\"https:\\\/\\\/kosovatimes.info\\\/index.php\\\/2026\\\/08\\\/31\\\/bekim-sejdiu-emri-konsensual-per-president-te-kosoves\\\/#article\",\"isPartOf\":{\"@id\":\"https:\\\/\\\/kosovatimes.info\\\/index.php\\\/2026\\\/08\\\/31\\\/bekim-sejdiu-emri-konsensual-per-president-te-kosoves\\\/\"},\"author\":{\"name\":\"i l\",\"@id\":\"https:\\\/\\\/kosovatimes.info\\\/#\\\/schema\\\/person\\\/7586712b9c512fe68085de007378c915\"},\"headline\":\"Bekim Sejdiu, emri konsensual p\u00ebr president t\u00eb Kosov\u00ebs\",\"datePublished\":\"2026-08-31T11:12:00+00:00\",\"dateModified\":\"2026-08-31T11:56:29+00:00\",\"mainEntityOfPage\":{\"@id\":\"https:\\\/\\\/kosovatimes.info\\\/index.php\\\/2026\\\/08\\\/31\\\/bekim-sejdiu-emri-konsensual-per-president-te-kosoves\\\/\"},\"wordCount\":174,\"commentCount\":0,\"image\":{\"@id\":\"https:\\\/\\\/kosovatimes.info\\\/index.php\\\/2026\\\/08\\\/31\\\/bekim-sejdiu-emri-konsensual-per-president-te-kosoves\\\/#primaryimage\"},\"thumbnailUrl\":\"https:\\\/\\\/kosovatimes.info\\\/wp-content\\\/uploads\\\/2026\\\/08\\\/Abdixhiku-8.jpg\",\"articleSection\":[\"Kosov\u00eb\",\"Lajme\"],\"inLanguage\":\"en-US\",\"potentialAction\":[{\"@type\":\"CommentAction\",\"name\":\"Comment\",\"target\":[\"https:\\\/\\\/kosovatimes.info\\\/index.php\\\/2026\\\/08\\\/31\\\/bekim-sejdiu-emri-konsensual-per-president-te-kosoves\\\/#respond\"]}]},{\"@type\":\"WebPage\",\"@id\":\"https:\\\/\\\/kosovatimes.info\\\/index.php\\\/2026\\\/08\\\/31\\\/bekim-sejdiu-emri-konsensual-per-president-te-kosoves\\\/\",\"url\":\"https:\\\/\\\/kosovatimes.info\\\/index.php\\\/2026\\\/08\\\/31\\\/bekim-sejdiu-emri-konsensual-per-president-te-kosoves\\\/\",\"name\":\"Bekim Sejdiu, emri konsensual p\u00ebr president t\u00eb Kosov\u00ebs - Kosova Times\",\"isPartOf\":{\"@id\":\"https:\\\/\\\/kosovatimes.info\\\/#website\"},\"primaryImageOfPage\":{\"@id\":\"https:\\\/\\\/kosovatimes.info\\\/index.php\\\/2026\\\/08\\\/31\\\/bekim-sejdiu-emri-konsensual-per-president-te-kosoves\\\/#primaryimage\"},\"image\":{\"@id\":\"https:\\\/\\\/kosovatimes.info\\\/index.php\\\/2026\\\/08\\\/31\\\/bekim-sejdiu-emri-konsensual-per-president-te-kosoves\\\/#primaryimage\"},\"thumbnailUrl\":\"https:\\\/\\\/kosovatimes.info\\\/wp-content\\\/uploads\\\/2026\\\/08\\\/Abdixhiku-8.jpg\",\"datePublished\":\"2026-08-31T11:12:00+00:00\",\"dateModified\":\"2026-08-31T11:56:29+00:00\",\"author\":{\"@id\":\"https:\\\/\\\/kosovatimes.info\\\/#\\\/schema\\\/person\\\/7586712b9c512fe68085de007378c915\"},\"breadcrumb\":{\"@id\":\"https:\\\/\\\/kosovatimes.info\\\/index.php\\\/2026\\\/08\\\/31\\\/bekim-sejdiu-emri-konsensual-per-president-te-kosoves\\\/#breadcrumb\"},\"inLanguage\":\"en-US\",\"potentialAction\":[{\"@type\":\"ReadAction\",\"target\":[\"https:\\\/\\\/kosovatimes.info\\\/index.php\\\/2026\\\/08\\\/31\\\/bekim-sejdiu-emri-konsensual-per-president-te-kosoves\\\/\"]}]},{\"@type\":\"ImageObject\",\"inLanguage\":\"en-US\",\"@id\":\"https:\\\/\\\/kosovatimes.info\\\/index.php\\\/2026\\\/08\\\/31\\\/bekim-sejdiu-emri-konsensual-per-president-te-kosoves\\\/#primaryimage\",\"url\":\"https:\\\/\\\/kosovatimes.info\\\/wp-content\\\/uploads\\\/2026\\\/08\\\/Abdixhiku-8.jpg\",\"contentUrl\":\"https:\\\/\\\/kosovatimes.info\\\/wp-content\\\/uploads\\\/2026\\\/08\\\/Abdixhiku-8.jpg\",\"width\":780,\"height\":500},{\"@type\":\"BreadcrumbList\",\"@id\":\"https:\\\/\\\/kosovatimes.info\\\/index.php\\\/2026\\\/08\\\/31\\\/bekim-sejdiu-emri-konsensual-per-president-te-kosoves\\\/#breadcrumb\",\"itemListElement\":[{\"@type\":\"ListItem\",\"position\":1,\"name\":\"Home\",\"item\":\"https:\\\/\\\/kosovatimes.info\\\/\"},{\"@type\":\"ListItem\",\"position\":2,\"name\":\"Bekim Sejdiu, emri konsensual p\u00ebr president t\u00eb Kosov\u00ebs\"}]},{\"@type\":\"WebSite\",\"@id\":\"https:\\\/\\\/kosovatimes.info\\\/#website\",\"url\":\"https:\\\/\\\/kosovatimes.info\\\/\",\"name\":\"Kosova Times\",\"description\":\"\",\"potentialAction\":[{\"@type\":\"SearchAction\",\"target\":{\"@type\":\"EntryPoint\",\"urlTemplate\":\"https:\\\/\\\/kosovatimes.info\\\/?s={search_term_string}\"},\"query-input\":{\"@type\":\"PropertyValueSpecification\",\"valueRequired\":true,\"valueName\":\"search_term_string\"}}],\"inLanguage\":\"en-US\"},{\"@type\":\"Person\",\"@id\":\"https:\\\/\\\/kosovatimes.info\\\/#\\\/schema\\\/person\\\/7586712b9c512fe68085de007378c915\",\"name\":\"i l\",\"image\":{\"@type\":\"ImageObject\",\"inLanguage\":\"en-US\",\"@id\":\"https:\\\/\\\/secure.gravatar.com\\\/avatar\\\/bad9296e02816160ae2e2435beda58222022298d5625d49fea74d18816fbb31d?s=96&d=mm&r=g\",\"url\":\"https:\\\/\\\/secure.gravatar.com\\\/avatar\\\/bad9296e02816160ae2e2435beda58222022298d5625d49fea74d18816fbb31d?s=96&d=mm&r=g\",\"contentUrl\":\"https:\\\/\\\/secure.gravatar.com\\\/avatar\\\/bad9296e02816160ae2e2435beda58222022298d5625d49fea74d18816fbb31d?s=96&d=mm&r=g\",\"caption\":\"i l\"},\"url\":\"https:\\\/\\\/kosovatimes.info\\\/index.php\\\/author\\\/iliri\\\/\"}]}<\/script>\n<!-- \/ Yoast SEO plugin. -->","yoast_head_json":{"title":"Bekim Sejdiu, emri konsensual p\u00ebr president t\u00eb Kosov\u00ebs - Kosova Times","robots":{"index":"index","follow":"follow","max-snippet":"max-snippet:-1","max-image-preview":"max-image-preview:large","max-video-preview":"max-video-preview:-1"},"canonical":"https:\/\/kosovatimes.info\/index.php\/2026\/08\/31\/bekim-sejdiu-emri-konsensual-per-president-te-kosoves\/","og_locale":"en_US","og_type":"article","og_title":"Bekim Sejdiu, emri konsensual p\u00ebr president t\u00eb Kosov\u00ebs - Kosova Times","og_description":"Bekim Sejdiu \u00ebsht\u00eb emri konsensual i propozuar p\u00ebr kandidat p\u00ebr president t\u00eb Kosov\u00ebs. Emri i tij u b\u00eb publik nga kryetari i Lidhjes Demokratike t\u00eb Kosov\u00ebs (LDK), Lumir Abdixhiku. L\u00ebvizja Vet\u00ebvendosje ka arritur marr\u00ebveshje me Lidhjen Demokratike t\u00eb Kosov\u00ebs p\u00ebr pozit\u00ebn e presidentit. Marr\u00ebveshja u arrit n\u00eb takimin e sot\u00ebm mes dy pal\u00ebve, t\u00eb cilat [&hellip;]","og_url":"https:\/\/kosovatimes.info\/index.php\/2026\/08\/31\/bekim-sejdiu-emri-konsensual-per-president-te-kosoves\/","og_site_name":"Kosova Times","article_published_time":"2026-08-31T11:12:00+00:00","article_modified_time":"2026-08-31T11:56:29+00:00","og_image":[{"width":780,"height":500,"url":"https:\/\/kosovatimes.info\/wp-content\/uploads\/2026\/08\/Abdixhiku-8.jpg","type":"image\/jpeg"}],"author":"i l","twitter_card":"summary_large_image","twitter_misc":{"Written by":"i l","Est. reading time":"1 minute"},"schema":{"@context":"https:\/\/schema.org","@graph":[{"@type":"Article","@id":"https:\/\/kosovatimes.info\/index.php\/2026\/08\/31\/bekim-sejdiu-emri-konsensual-per-president-te-kosoves\/#article","isPartOf":{"@id":"https:\/\/kosovatimes.info\/index.php\/2026\/08\/31\/bekim-sejdiu-emri-konsensual-per-president-te-kosoves\/"},"author":{"name":"i l","@id":"https:\/\/kosovatimes.info\/#\/schema\/person\/7586712b9c512fe68085de007378c915"},"headline":"Bekim Sejdiu, emri konsensual p\u00ebr president t\u00eb Kosov\u00ebs","datePublished":"2026-08-31T11:12:00+00:00","dateModified":"2026-08-31T11:56:29+00:00","mainEntityOfPage":{"@id":"https:\/\/kosovatimes.info\/index.php\/2026\/08\/31\/bekim-sejdiu-emri-konsensual-per-president-te-kosoves\/"},"wordCount":174,"commentCount":0,"image":{"@id":"https:\/\/kosovatimes.info\/index.php\/2026\/08\/31\/bekim-sejdiu-emri-konsensual-per-president-te-kosoves\/#primaryimage"},"thumbnailUrl":"https:\/\/kosovatimes.info\/wp-content\/uploads\/2026\/08\/Abdixhiku-8.jpg","articleSection":["Kosov\u00eb","Lajme"],"inLanguage":"en-US","potentialAction":[{"@type":"CommentAction","name":"Comment","target":["https:\/\/kosovatimes.info\/index.php\/2026\/08\/31\/bekim-sejdiu-emri-konsensual-per-president-te-kosoves\/#respond"]}]},{"@type":"WebPage","@id":"https:\/\/kosovatimes.info\/index.php\/2026\/08\/31\/bekim-sejdiu-emri-konsensual-per-president-te-kosoves\/","url":"https:\/\/kosovatimes.info\/index.php\/2026\/08\/31\/bekim-sejdiu-emri-konsensual-per-president-te-kosoves\/","name":"Bekim Sejdiu, emri konsensual p\u00ebr president t\u00eb Kosov\u00ebs - Kosova Times","isPartOf":{"@id":"https:\/\/kosovatimes.info\/#website"},"primaryImageOfPage":{"@id":"https:\/\/kosovatimes.info\/index.php\/2026\/08\/31\/bekim-sejdiu-emri-konsensual-per-president-te-kosoves\/#primaryimage"},"image":{"@id":"https:\/\/kosovatimes.info\/index.php\/2026\/08\/31\/bekim-sejdiu-emri-konsensual-per-president-te-kosoves\/#primaryimage"},"thumbnailUrl":"https:\/\/kosovatimes.info\/wp-content\/uploads\/2026\/08\/Abdixhiku-8.jpg","datePublished":"2026-08-31T11:12:00+00:00","dateModified":"2026-08-31T11:56:29+00:00","author":{"@id":"https:\/\/kosovatimes.info\/#\/schema\/person\/7586712b9c512fe68085de007378c915"},"breadcrumb":{"@id":"https:\/\/kosovatimes.info\/index.php\/2026\/08\/31\/bekim-sejdiu-emri-konsensual-per-president-te-kosoves\/#breadcrumb"},"inLanguage":"en-US","potentialAction":[{"@type":"ReadAction","target":["https:\/\/kosovatimes.info\/index.php\/2026\/08\/31\/bekim-sejdiu-emri-konsensual-per-president-te-kosoves\/"]}]},{"@type":"ImageObject","inLanguage":"en-US","@id":"https:\/\/kosovatimes.info\/index.php\/2026\/08\/31\/bekim-sejdiu-emri-konsensual-per-president-te-kosoves\/#primaryimage","url":"https:\/\/kosovatimes.info\/wp-content\/uploads\/2026\/08\/Abdixhiku-8.jpg","contentUrl":"https:\/\/kosovatimes.info\/wp-content\/uploads\/2026\/08\/Abdixhiku-8.jpg","width":780,"height":500},{"@type":"BreadcrumbList","@id":"https:\/\/kosovatimes.info\/index.php\/2026\/08\/31\/bekim-sejdiu-emri-konsensual-per-president-te-kosoves\/#breadcrumb","itemListElement":[{"@type":"ListItem","position":1,"name":"Home","item":"https:\/\/kosovatimes.info\/"},{"@type":"ListItem","position":2,"name":"Bekim Sejdiu, emri konsensual p\u00ebr president t\u00eb Kosov\u00ebs"}]},{"@type":"WebSite","@id":"https:\/\/kosovatimes.info\/#website","url":"https:\/\/kosovatimes.info\/","name":"Kosova Times","description":"","potentialAction":[{"@type":"SearchAction","target":{"@type":"EntryPoint","urlTemplate":"https:\/\/kosovatimes.info\/?s={search_term_string}"},"query-input":{"@type":"PropertyValueSpecification","valueRequired":true,"valueName":"search_term_string"}}],"inLanguage":"en-US"},{"@type":"Person","@id":"https:\/\/kosovatimes.info\/#\/schema\/person\/7586712b9c512fe68085de007378c915","name":"i l","image":{"@type":"ImageObject","inLanguage":"en-US","@id":"https:\/\/secure.gravatar.com\/avatar\/bad9296e02816160ae2e2435beda58222022298d5625d49fea74d18816fbb31d?s=96&d=mm&r=g","url":"https:\/\/secure.gravatar.com\/avatar\/bad9296e02816160ae2e2435beda58222022298d5625d49fea74d18816fbb31d?s=96&d=mm&r=g","contentUrl":"https:\/\/secure.gravatar.com\/avatar\/bad9296e02816160ae2e2435beda58222022298d5625d49fea74d18816fbb31d?s=96&d=mm&r=g","caption":"i l"},"url":"https:\/\/kosovatimes.info\/index.php\/author\/iliri\/"}]}},"_links":{"self":[{"href":"https:\/\/kosovatimes.info\/index.php\/wp-json\/wp\/v2\/posts\/30242","targetHints":{"allow":["GET"]}}],"collection":[{"href":"https:\/\/kosovatimes.info\/index.php\/wp-json\/wp\/v2\/posts"}],"about":[{"href":"https:\/\/kosovatimes.info\/index.php\/wp-json\/wp\/v2\/types\/post"}],"author":[{"embeddable":true,"href":"https:\/\/kosovatimes.info\/index.php\/wp-json\/wp\/v2\/users\/4"}],"replies":[{"embeddable":true,"href":"https:\/\/kosovatimes.info\/index.php\/wp-json\/wp\/v2\/comments?post=30242"}],"version-history":[{"count":1,"href":"https:\/\/kosovatimes.info\/index.php\/wp-json\/wp\/v2\/posts\/30242\/revisions"}],"predecessor-version":[{"id":30244,"href":"https:\/\/kosovatimes.info\/index.php\/wp-json\/wp\/v2\/posts\/30242\/revisions\/30244"}],"wp:featuredmedia":[{"embeddable":true,"href":"https:\/\/kosovatimes.info\/index.php\/wp-json\/wp\/v2\/media\/30243"}],"wp:attachment":[{"href":"https:\/\/kosovatimes.info\/index.php\/wp-json\/wp\/v2\/media?parent=30242"}],"wp:term":[{"taxonomy":"category","embeddable":true,"href":"https:\/\/kosovatimes.info\/index.php\/wp-json\/wp\/v2\/categories?post=30242"},{"taxonomy":"post_tag","embeddable":true,"href":"https:\/\/kosovatimes.info\/index.php\/wp-json\/wp\/v2\/tags?post=30242"}],"curies":[{"name":"wp","href":"https:\/\/api.w.org\/{rel}","templated":true}]}}