{"id":30254,"date":"2026-08-31T14:10:00","date_gmt":"2026-08-31T12:10:00","guid":{"rendered":"https:\/\/kosovatimes.info\/?p=30254"},"modified":"2026-08-31T17:27:13","modified_gmt":"2026-08-31T15:27:13","slug":"prishtina-planifikon-krijimin-e-ndermarrjes-se-re-publike-komunale-te-pastrimit","status":"publish","type":"post","link":"https:\/\/kosovatimes.info\/index.php\/2026\/08\/31\/prishtina-planifikon-krijimin-e-ndermarrjes-se-re-publike-komunale-te-pastrimit\/","title":{"rendered":"Prishtina planifikon krijimin e nd\u00ebrmarrjes s\u00eb re publike komunale t\u00eb pastrimit"},"content":{"rendered":"\n<p class=\"wp-block-paragraph\"><strong>Komuna e Prishtin\u00ebs ka b\u00ebr\u00eb t\u00eb ditur se planifikon krijimin e nj\u00eb nd\u00ebrmarrjeje t\u00eb re publike komunale p\u00ebr pastrimin dhe menaxhimin e mbeturinave n\u00eb kryeqytet.<\/strong><\/p>\n\n\n\n<p class=\"wp-block-paragraph\">Vendimi \u00ebsht\u00eb prezantuar n\u00eb nj\u00eb konferenc\u00eb p\u00ebr media nga kryetari i Prishtin\u00ebs, P\u00ebrparim Rama, s\u00eb bashku me n\u00ebnkryetar\u00ebt Florian Dushi dhe Besiana Musmurati.<\/p>\n\n\n\n<p class=\"wp-block-paragraph\">Sipas Komun\u00ebs, aktualisht Prishtina \u00ebsht\u00eb pjes\u00eb e Kompanis\u00eb Rajonale t\u00eb Mbeturinave \u201cPastrimi\u201d, e cila ofron sh\u00ebrbime edhe n\u00eb komunat e Obiliqit, Fush\u00eb Kosov\u00ebs, Lipjanit, Podujev\u00ebs dhe Drenasit. Komuna vler\u00ebson se struktura aktuale nuk po u p\u00ebrgjigjet m\u00eb nevojave t\u00eb kryeqytetit.<\/p>\n\n\n\n<p class=\"wp-block-paragraph\">N\u00eb njoftim, Komuna e Prishtin\u00ebs ka ngritur shqet\u00ebsime edhe lidhur me nj\u00eb projekt t\u00eb financuar p\u00ebrmes kredis\u00eb nga banka gjermane KfW, n\u00eb vler\u00eb prej 74.1 milion\u00eb eurosh, p\u00ebr investime n\u00eb sistemin e pastrimit dhe menaxhimit t\u00eb mbeturinave. Sipas Komun\u00ebs, marr\u00ebveshja nuk \u00ebsht\u00eb finalizuar q\u00eb nga viti 2024 dhe kjo ka ndikuar n\u00eb zbatimin e investimeve t\u00eb planifikuara.<\/p>\n\n\n\n<p class=\"wp-block-paragraph\">Komuna thot\u00eb se gjat\u00eb k\u00ebsaj jave ka zhvilluar takime me kryetar\u00ebt e komunave q\u00eb jan\u00eb pjes\u00eb e Kompanis\u00eb Rajonale \u201cPastrimi\u201d, si dhe me menaxhmentin dhe pun\u00ebtor\u00ebt e k\u00ebsaj nd\u00ebrmarrjeje. Pas k\u00ebtyre takimeve, sipas njoftimit, \u00ebsht\u00eb marr\u00eb vendimi p\u00ebr krijimin e kapaciteteve t\u00eb ve\u00e7anta komunale p\u00ebr sh\u00ebrbimet e pastrimit n\u00eb Prishtin\u00eb.<\/p>\n\n\n\n<p class=\"wp-block-paragraph\">Komuna ka b\u00ebr\u00eb t\u00eb ditur gjithashtu se pun\u00ebtor\u00ebt aktual\u00eb t\u00eb Kompanis\u00eb \u201cPastrimi\u201d nuk do t\u00eb mbeten pa pun\u00eb dhe se synohet q\u00eb ata t\u00eb p\u00ebrfshihen n\u00eb sistemin e ri.<\/p>\n\n\n\n<p class=\"wp-block-paragraph\">Sipas kryetarit Rama, Ligji p\u00ebr Kryeqytetin mund\u00ebson krijimin e nd\u00ebrmarrjes s\u00eb re pa p\u00eblqimin e Qeveris\u00eb. Komuna vler\u00ebson se qytetar\u00ebt e Prishtin\u00ebs kan\u00eb nevoj\u00eb p\u00ebr nj\u00eb sistem m\u00eb efikas dhe t\u00eb q\u00ebndruesh\u00ebm t\u00eb pastrimit.<\/p>\n\n\n\n<p class=\"wp-block-paragraph\">Detajet p\u00ebr m\u00ebnyr\u00ebn e funksionimit t\u00eb nd\u00ebrmarrjes s\u00eb re, p\u00ebrfshir\u00eb procedurat e themelimit, organizimin dhe afatet e fillimit t\u00eb operimit, pritet t\u00eb p\u00ebrcaktohen n\u00eb fazat e ardhshme.<\/p>\n","protected":false},"excerpt":{"rendered":"<p>Komuna e Prishtin\u00ebs ka b\u00ebr\u00eb t\u00eb ditur se planifikon krijimin e nj\u00eb nd\u00ebrmarrjeje t\u00eb re publike komunale p\u00ebr pastrimin dhe menaxhimin e mbeturinave n\u00eb kryeqytet. Vendimi \u00ebsht\u00eb prezantuar n\u00eb nj\u00eb konferenc\u00eb p\u00ebr media nga kryetari i Prishtin\u00ebs, P\u00ebrparim Rama, s\u00eb bashku me n\u00ebnkryetar\u00ebt Florian Dushi dhe Besiana Musmurati. Sipas Komun\u00ebs, aktualisht Prishtina \u00ebsht\u00eb pjes\u00eb e [&hellip;]<\/p>\n","protected":false},"author":4,"featured_media":30255,"comment_status":"open","ping_status":"open","sticky":false,"template":"","format":"standard","meta":{"footnotes":""},"categories":[31,30],"tags":[],"class_list":["post-30254","post","type-post","status-publish","format-standard","has-post-thumbnail","category-kosove","category-lajme"],"yoast_head":"<!-- This site is optimized with the Yoast SEO plugin v27.4 - https:\/\/yoast.com\/product\/yoast-seo-wordpress\/ -->\n<title>Prishtina planifikon krijimin e nd\u00ebrmarrjes s\u00eb re publike komunale t\u00eb pastrimit - Kosova Times<\/title>\n<meta name=\"robots\" content=\"index, follow, max-snippet:-1, max-image-preview:large, max-video-preview:-1\" \/>\n<link rel=\"canonical\" href=\"https:\/\/kosovatimes.info\/index.php\/2026\/08\/31\/prishtina-planifikon-krijimin-e-ndermarrjes-se-re-publike-komunale-te-pastrimit\/\" \/>\n<meta property=\"og:locale\" content=\"en_US\" \/>\n<meta property=\"og:type\" content=\"article\" \/>\n<meta property=\"og:title\" content=\"Prishtina planifikon krijimin e nd\u00ebrmarrjes s\u00eb re publike komunale t\u00eb pastrimit - Kosova Times\" \/>\n<meta property=\"og:description\" content=\"Komuna e Prishtin\u00ebs ka b\u00ebr\u00eb t\u00eb ditur se planifikon krijimin e nj\u00eb nd\u00ebrmarrjeje t\u00eb re publike komunale p\u00ebr pastrimin dhe menaxhimin e mbeturinave n\u00eb kryeqytet. Vendimi \u00ebsht\u00eb prezantuar n\u00eb nj\u00eb konferenc\u00eb p\u00ebr media nga kryetari i Prishtin\u00ebs, P\u00ebrparim Rama, s\u00eb bashku me n\u00ebnkryetar\u00ebt Florian Dushi dhe Besiana Musmurati. Sipas Komun\u00ebs, aktualisht Prishtina \u00ebsht\u00eb pjes\u00eb e [&hellip;]\" \/>\n<meta property=\"og:url\" content=\"https:\/\/kosovatimes.info\/index.php\/2026\/08\/31\/prishtina-planifikon-krijimin-e-ndermarrjes-se-re-publike-komunale-te-pastrimit\/\" \/>\n<meta property=\"og:site_name\" content=\"Kosova Times\" \/>\n<meta property=\"article:published_time\" content=\"2026-08-31T12:10:00+00:00\" \/>\n<meta property=\"article:modified_time\" content=\"2026-08-31T15:27:13+00:00\" \/>\n<meta property=\"og:image\" content=\"https:\/\/kosovatimes.info\/wp-content\/uploads\/2026\/08\/Perparim.jpg\" \/>\n\t<meta property=\"og:image:width\" content=\"780\" \/>\n\t<meta property=\"og:image:height\" content=\"500\" \/>\n\t<meta property=\"og:image:type\" content=\"image\/jpeg\" \/>\n<meta name=\"author\" content=\"i l\" \/>\n<meta name=\"twitter:card\" content=\"summary_large_image\" \/>\n<meta name=\"twitter:label1\" content=\"Written by\" \/>\n\t<meta name=\"twitter:data1\" content=\"i l\" \/>\n\t<meta name=\"twitter:label2\" content=\"Est. reading time\" \/>\n\t<meta name=\"twitter:data2\" content=\"2 minutes\" \/>\n<script type=\"application\/ld+json\" class=\"yoast-schema-graph\">{\"@context\":\"https:\\\/\\\/schema.org\",\"@graph\":[{\"@type\":\"Article\",\"@id\":\"https:\\\/\\\/kosovatimes.info\\\/index.php\\\/2026\\\/08\\\/31\\\/prishtina-planifikon-krijimin-e-ndermarrjes-se-re-publike-komunale-te-pastrimit\\\/#article\",\"isPartOf\":{\"@id\":\"https:\\\/\\\/kosovatimes.info\\\/index.php\\\/2026\\\/08\\\/31\\\/prishtina-planifikon-krijimin-e-ndermarrjes-se-re-publike-komunale-te-pastrimit\\\/\"},\"author\":{\"name\":\"i l\",\"@id\":\"https:\\\/\\\/kosovatimes.info\\\/#\\\/schema\\\/person\\\/7586712b9c512fe68085de007378c915\"},\"headline\":\"Prishtina planifikon krijimin e nd\u00ebrmarrjes s\u00eb re publike komunale t\u00eb pastrimit\",\"datePublished\":\"2026-08-31T12:10:00+00:00\",\"dateModified\":\"2026-08-31T15:27:13+00:00\",\"mainEntityOfPage\":{\"@id\":\"https:\\\/\\\/kosovatimes.info\\\/index.php\\\/2026\\\/08\\\/31\\\/prishtina-planifikon-krijimin-e-ndermarrjes-se-re-publike-komunale-te-pastrimit\\\/\"},\"wordCount\":347,\"commentCount\":0,\"image\":{\"@id\":\"https:\\\/\\\/kosovatimes.info\\\/index.php\\\/2026\\\/08\\\/31\\\/prishtina-planifikon-krijimin-e-ndermarrjes-se-re-publike-komunale-te-pastrimit\\\/#primaryimage\"},\"thumbnailUrl\":\"https:\\\/\\\/kosovatimes.info\\\/wp-content\\\/uploads\\\/2026\\\/08\\\/Perparim.jpg\",\"articleSection\":[\"Kosov\u00eb\",\"Lajme\"],\"inLanguage\":\"en-US\",\"potentialAction\":[{\"@type\":\"CommentAction\",\"name\":\"Comment\",\"target\":[\"https:\\\/\\\/kosovatimes.info\\\/index.php\\\/2026\\\/08\\\/31\\\/prishtina-planifikon-krijimin-e-ndermarrjes-se-re-publike-komunale-te-pastrimit\\\/#respond\"]}]},{\"@type\":\"WebPage\",\"@id\":\"https:\\\/\\\/kosovatimes.info\\\/index.php\\\/2026\\\/08\\\/31\\\/prishtina-planifikon-krijimin-e-ndermarrjes-se-re-publike-komunale-te-pastrimit\\\/\",\"url\":\"https:\\\/\\\/kosovatimes.info\\\/index.php\\\/2026\\\/08\\\/31\\\/prishtina-planifikon-krijimin-e-ndermarrjes-se-re-publike-komunale-te-pastrimit\\\/\",\"name\":\"Prishtina planifikon krijimin e nd\u00ebrmarrjes s\u00eb re publike komunale t\u00eb pastrimit - Kosova Times\",\"isPartOf\":{\"@id\":\"https:\\\/\\\/kosovatimes.info\\\/#website\"},\"primaryImageOfPage\":{\"@id\":\"https:\\\/\\\/kosovatimes.info\\\/index.php\\\/2026\\\/08\\\/31\\\/prishtina-planifikon-krijimin-e-ndermarrjes-se-re-publike-komunale-te-pastrimit\\\/#primaryimage\"},\"image\":{\"@id\":\"https:\\\/\\\/kosovatimes.info\\\/index.php\\\/2026\\\/08\\\/31\\\/prishtina-planifikon-krijimin-e-ndermarrjes-se-re-publike-komunale-te-pastrimit\\\/#primaryimage\"},\"thumbnailUrl\":\"https:\\\/\\\/kosovatimes.info\\\/wp-content\\\/uploads\\\/2026\\\/08\\\/Perparim.jpg\",\"datePublished\":\"2026-08-31T12:10:00+00:00\",\"dateModified\":\"2026-08-31T15:27:13+00:00\",\"author\":{\"@id\":\"https:\\\/\\\/kosovatimes.info\\\/#\\\/schema\\\/person\\\/7586712b9c512fe68085de007378c915\"},\"breadcrumb\":{\"@id\":\"https:\\\/\\\/kosovatimes.info\\\/index.php\\\/2026\\\/08\\\/31\\\/prishtina-planifikon-krijimin-e-ndermarrjes-se-re-publike-komunale-te-pastrimit\\\/#breadcrumb\"},\"inLanguage\":\"en-US\",\"potentialAction\":[{\"@type\":\"ReadAction\",\"target\":[\"https:\\\/\\\/kosovatimes.info\\\/index.php\\\/2026\\\/08\\\/31\\\/prishtina-planifikon-krijimin-e-ndermarrjes-se-re-publike-komunale-te-pastrimit\\\/\"]}]},{\"@type\":\"ImageObject\",\"inLanguage\":\"en-US\",\"@id\":\"https:\\\/\\\/kosovatimes.info\\\/index.php\\\/2026\\\/08\\\/31\\\/prishtina-planifikon-krijimin-e-ndermarrjes-se-re-publike-komunale-te-pastrimit\\\/#primaryimage\",\"url\":\"https:\\\/\\\/kosovatimes.info\\\/wp-content\\\/uploads\\\/2026\\\/08\\\/Perparim.jpg\",\"contentUrl\":\"https:\\\/\\\/kosovatimes.info\\\/wp-content\\\/uploads\\\/2026\\\/08\\\/Perparim.jpg\",\"width\":780,\"height\":500},{\"@type\":\"BreadcrumbList\",\"@id\":\"https:\\\/\\\/kosovatimes.info\\\/index.php\\\/2026\\\/08\\\/31\\\/prishtina-planifikon-krijimin-e-ndermarrjes-se-re-publike-komunale-te-pastrimit\\\/#breadcrumb\",\"itemListElement\":[{\"@type\":\"ListItem\",\"position\":1,\"name\":\"Home\",\"item\":\"https:\\\/\\\/kosovatimes.info\\\/\"},{\"@type\":\"ListItem\",\"position\":2,\"name\":\"Prishtina planifikon krijimin e nd\u00ebrmarrjes s\u00eb re publike komunale t\u00eb pastrimit\"}]},{\"@type\":\"WebSite\",\"@id\":\"https:\\\/\\\/kosovatimes.info\\\/#website\",\"url\":\"https:\\\/\\\/kosovatimes.info\\\/\",\"name\":\"Kosova Times\",\"description\":\"\",\"potentialAction\":[{\"@type\":\"SearchAction\",\"target\":{\"@type\":\"EntryPoint\",\"urlTemplate\":\"https:\\\/\\\/kosovatimes.info\\\/?s={search_term_string}\"},\"query-input\":{\"@type\":\"PropertyValueSpecification\",\"valueRequired\":true,\"valueName\":\"search_term_string\"}}],\"inLanguage\":\"en-US\"},{\"@type\":\"Person\",\"@id\":\"https:\\\/\\\/kosovatimes.info\\\/#\\\/schema\\\/person\\\/7586712b9c512fe68085de007378c915\",\"name\":\"i l\",\"image\":{\"@type\":\"ImageObject\",\"inLanguage\":\"en-US\",\"@id\":\"https:\\\/\\\/secure.gravatar.com\\\/avatar\\\/bad9296e02816160ae2e2435beda58222022298d5625d49fea74d18816fbb31d?s=96&d=mm&r=g\",\"url\":\"https:\\\/\\\/secure.gravatar.com\\\/avatar\\\/bad9296e02816160ae2e2435beda58222022298d5625d49fea74d18816fbb31d?s=96&d=mm&r=g\",\"contentUrl\":\"https:\\\/\\\/secure.gravatar.com\\\/avatar\\\/bad9296e02816160ae2e2435beda58222022298d5625d49fea74d18816fbb31d?s=96&d=mm&r=g\",\"caption\":\"i l\"},\"url\":\"https:\\\/\\\/kosovatimes.info\\\/index.php\\\/author\\\/iliri\\\/\"}]}<\/script>\n<!-- \/ Yoast SEO plugin. -->","yoast_head_json":{"title":"Prishtina planifikon krijimin e nd\u00ebrmarrjes s\u00eb re publike komunale t\u00eb pastrimit - Kosova Times","robots":{"index":"index","follow":"follow","max-snippet":"max-snippet:-1","max-image-preview":"max-image-preview:large","max-video-preview":"max-video-preview:-1"},"canonical":"https:\/\/kosovatimes.info\/index.php\/2026\/08\/31\/prishtina-planifikon-krijimin-e-ndermarrjes-se-re-publike-komunale-te-pastrimit\/","og_locale":"en_US","og_type":"article","og_title":"Prishtina planifikon krijimin e nd\u00ebrmarrjes s\u00eb re publike komunale t\u00eb pastrimit - Kosova Times","og_description":"Komuna e Prishtin\u00ebs ka b\u00ebr\u00eb t\u00eb ditur se planifikon krijimin e nj\u00eb nd\u00ebrmarrjeje t\u00eb re publike komunale p\u00ebr pastrimin dhe menaxhimin e mbeturinave n\u00eb kryeqytet. Vendimi \u00ebsht\u00eb prezantuar n\u00eb nj\u00eb konferenc\u00eb p\u00ebr media nga kryetari i Prishtin\u00ebs, P\u00ebrparim Rama, s\u00eb bashku me n\u00ebnkryetar\u00ebt Florian Dushi dhe Besiana Musmurati. Sipas Komun\u00ebs, aktualisht Prishtina \u00ebsht\u00eb pjes\u00eb e [&hellip;]","og_url":"https:\/\/kosovatimes.info\/index.php\/2026\/08\/31\/prishtina-planifikon-krijimin-e-ndermarrjes-se-re-publike-komunale-te-pastrimit\/","og_site_name":"Kosova Times","article_published_time":"2026-08-31T12:10:00+00:00","article_modified_time":"2026-08-31T15:27:13+00:00","og_image":[{"width":780,"height":500,"url":"https:\/\/kosovatimes.info\/wp-content\/uploads\/2026\/08\/Perparim.jpg","type":"image\/jpeg"}],"author":"i l","twitter_card":"summary_large_image","twitter_misc":{"Written by":"i l","Est. reading time":"2 minutes"},"schema":{"@context":"https:\/\/schema.org","@graph":[{"@type":"Article","@id":"https:\/\/kosovatimes.info\/index.php\/2026\/08\/31\/prishtina-planifikon-krijimin-e-ndermarrjes-se-re-publike-komunale-te-pastrimit\/#article","isPartOf":{"@id":"https:\/\/kosovatimes.info\/index.php\/2026\/08\/31\/prishtina-planifikon-krijimin-e-ndermarrjes-se-re-publike-komunale-te-pastrimit\/"},"author":{"name":"i l","@id":"https:\/\/kosovatimes.info\/#\/schema\/person\/7586712b9c512fe68085de007378c915"},"headline":"Prishtina planifikon krijimin e nd\u00ebrmarrjes s\u00eb re publike komunale t\u00eb pastrimit","datePublished":"2026-08-31T12:10:00+00:00","dateModified":"2026-08-31T15:27:13+00:00","mainEntityOfPage":{"@id":"https:\/\/kosovatimes.info\/index.php\/2026\/08\/31\/prishtina-planifikon-krijimin-e-ndermarrjes-se-re-publike-komunale-te-pastrimit\/"},"wordCount":347,"commentCount":0,"image":{"@id":"https:\/\/kosovatimes.info\/index.php\/2026\/08\/31\/prishtina-planifikon-krijimin-e-ndermarrjes-se-re-publike-komunale-te-pastrimit\/#primaryimage"},"thumbnailUrl":"https:\/\/kosovatimes.info\/wp-content\/uploads\/2026\/08\/Perparim.jpg","articleSection":["Kosov\u00eb","Lajme"],"inLanguage":"en-US","potentialAction":[{"@type":"CommentAction","name":"Comment","target":["https:\/\/kosovatimes.info\/index.php\/2026\/08\/31\/prishtina-planifikon-krijimin-e-ndermarrjes-se-re-publike-komunale-te-pastrimit\/#respond"]}]},{"@type":"WebPage","@id":"https:\/\/kosovatimes.info\/index.php\/2026\/08\/31\/prishtina-planifikon-krijimin-e-ndermarrjes-se-re-publike-komunale-te-pastrimit\/","url":"https:\/\/kosovatimes.info\/index.php\/2026\/08\/31\/prishtina-planifikon-krijimin-e-ndermarrjes-se-re-publike-komunale-te-pastrimit\/","name":"Prishtina planifikon krijimin e nd\u00ebrmarrjes s\u00eb re publike komunale t\u00eb pastrimit - Kosova Times","isPartOf":{"@id":"https:\/\/kosovatimes.info\/#website"},"primaryImageOfPage":{"@id":"https:\/\/kosovatimes.info\/index.php\/2026\/08\/31\/prishtina-planifikon-krijimin-e-ndermarrjes-se-re-publike-komunale-te-pastrimit\/#primaryimage"},"image":{"@id":"https:\/\/kosovatimes.info\/index.php\/2026\/08\/31\/prishtina-planifikon-krijimin-e-ndermarrjes-se-re-publike-komunale-te-pastrimit\/#primaryimage"},"thumbnailUrl":"https:\/\/kosovatimes.info\/wp-content\/uploads\/2026\/08\/Perparim.jpg","datePublished":"2026-08-31T12:10:00+00:00","dateModified":"2026-08-31T15:27:13+00:00","author":{"@id":"https:\/\/kosovatimes.info\/#\/schema\/person\/7586712b9c512fe68085de007378c915"},"breadcrumb":{"@id":"https:\/\/kosovatimes.info\/index.php\/2026\/08\/31\/prishtina-planifikon-krijimin-e-ndermarrjes-se-re-publike-komunale-te-pastrimit\/#breadcrumb"},"inLanguage":"en-US","potentialAction":[{"@type":"ReadAction","target":["https:\/\/kosovatimes.info\/index.php\/2026\/08\/31\/prishtina-planifikon-krijimin-e-ndermarrjes-se-re-publike-komunale-te-pastrimit\/"]}]},{"@type":"ImageObject","inLanguage":"en-US","@id":"https:\/\/kosovatimes.info\/index.php\/2026\/08\/31\/prishtina-planifikon-krijimin-e-ndermarrjes-se-re-publike-komunale-te-pastrimit\/#primaryimage","url":"https:\/\/kosovatimes.info\/wp-content\/uploads\/2026\/08\/Perparim.jpg","contentUrl":"https:\/\/kosovatimes.info\/wp-content\/uploads\/2026\/08\/Perparim.jpg","width":780,"height":500},{"@type":"BreadcrumbList","@id":"https:\/\/kosovatimes.info\/index.php\/2026\/08\/31\/prishtina-planifikon-krijimin-e-ndermarrjes-se-re-publike-komunale-te-pastrimit\/#breadcrumb","itemListElement":[{"@type":"ListItem","position":1,"name":"Home","item":"https:\/\/kosovatimes.info\/"},{"@type":"ListItem","position":2,"name":"Prishtina planifikon krijimin e nd\u00ebrmarrjes s\u00eb re publike komunale t\u00eb pastrimit"}]},{"@type":"WebSite","@id":"https:\/\/kosovatimes.info\/#website","url":"https:\/\/kosovatimes.info\/","name":"Kosova Times","description":"","potentialAction":[{"@type":"SearchAction","target":{"@type":"EntryPoint","urlTemplate":"https:\/\/kosovatimes.info\/?s={search_term_string}"},"query-input":{"@type":"PropertyValueSpecification","valueRequired":true,"valueName":"search_term_string"}}],"inLanguage":"en-US"},{"@type":"Person","@id":"https:\/\/kosovatimes.info\/#\/schema\/person\/7586712b9c512fe68085de007378c915","name":"i l","image":{"@type":"ImageObject","inLanguage":"en-US","@id":"https:\/\/secure.gravatar.com\/avatar\/bad9296e02816160ae2e2435beda58222022298d5625d49fea74d18816fbb31d?s=96&d=mm&r=g","url":"https:\/\/secure.gravatar.com\/avatar\/bad9296e02816160ae2e2435beda58222022298d5625d49fea74d18816fbb31d?s=96&d=mm&r=g","contentUrl":"https:\/\/secure.gravatar.com\/avatar\/bad9296e02816160ae2e2435beda58222022298d5625d49fea74d18816fbb31d?s=96&d=mm&r=g","caption":"i l"},"url":"https:\/\/kosovatimes.info\/index.php\/author\/iliri\/"}]}},"_links":{"self":[{"href":"https:\/\/kosovatimes.info\/index.php\/wp-json\/wp\/v2\/posts\/30254","targetHints":{"allow":["GET"]}}],"collection":[{"href":"https:\/\/kosovatimes.info\/index.php\/wp-json\/wp\/v2\/posts"}],"about":[{"href":"https:\/\/kosovatimes.info\/index.php\/wp-json\/wp\/v2\/types\/post"}],"author":[{"embeddable":true,"href":"https:\/\/kosovatimes.info\/index.php\/wp-json\/wp\/v2\/users\/4"}],"replies":[{"embeddable":true,"href":"https:\/\/kosovatimes.info\/index.php\/wp-json\/wp\/v2\/comments?post=30254"}],"version-history":[{"count":1,"href":"https:\/\/kosovatimes.info\/index.php\/wp-json\/wp\/v2\/posts\/30254\/revisions"}],"predecessor-version":[{"id":30256,"href":"https:\/\/kosovatimes.info\/index.php\/wp-json\/wp\/v2\/posts\/30254\/revisions\/30256"}],"wp:featuredmedia":[{"embeddable":true,"href":"https:\/\/kosovatimes.info\/index.php\/wp-json\/wp\/v2\/media\/30255"}],"wp:attachment":[{"href":"https:\/\/kosovatimes.info\/index.php\/wp-json\/wp\/v2\/media?parent=30254"}],"wp:term":[{"taxonomy":"category","embeddable":true,"href":"https:\/\/kosovatimes.info\/index.php\/wp-json\/wp\/v2\/categories?post=30254"},{"taxonomy":"post_tag","embeddable":true,"href":"https:\/\/kosovatimes.info\/index.php\/wp-json\/wp\/v2\/tags?post=30254"}],"curies":[{"name":"wp","href":"https:\/\/api.w.org\/{rel}","templated":true}]}}