{"id":30257,"date":"2026-08-31T17:37:00","date_gmt":"2026-08-31T15:37:00","guid":{"rendered":"https:\/\/kosovatimes.info\/?p=30257"},"modified":"2026-08-31T18:08:12","modified_gmt":"2026-08-31T16:08:12","slug":"konjufca-takohet-me-ministrin-e-palaut-diskutojne-per-thellimin-e-bashkepunimit","status":"publish","type":"post","link":"https:\/\/kosovatimes.info\/index.php\/2026\/08\/31\/konjufca-takohet-me-ministrin-e-palaut-diskutojne-per-thellimin-e-bashkepunimit\/","title":{"rendered":"Konjufca takohet me ministrin e Palaut, diskutojn\u00eb p\u00ebr thellimin e bashk\u00ebpunimit"},"content":{"rendered":"\n<p class=\"wp-block-paragraph\"><strong>Z\u00ebvend\u00ebskryeministri i par\u00eb dhe ministri n\u00eb detyr\u00eb i Pun\u00ebve t\u00eb Jashtme dhe Diaspor\u00ebs, Glauk Konjufca, ka zhvilluar nj\u00eb takim bilateral me ministrin e Shtetit t\u00eb Republik\u00ebs s\u00eb Palaut, Gustav Aitaro.<\/strong><\/p>\n\n\n\n<p class=\"wp-block-paragraph\">Takimi u zhvillua n\u00eb kuad\u00ebr t\u00eb Takimit t\u00eb 55-t\u00eb t\u00eb Lider\u00ebve t\u00eb Forumit t\u00eb Ishujve t\u00eb Paq\u00ebsorit n\u00eb Koror t\u00eb Palaut.<\/p>\n\n\n\n<p class=\"wp-block-paragraph\">Gjat\u00eb takimit u diskutua p\u00ebr marr\u00ebdh\u00ebniet nd\u00ebrmjet Kosov\u00ebs dhe Palaut, si dhe p\u00ebr mund\u00ebsit\u00eb e forcimit dhe thellimit t\u00eb bashk\u00ebpunimit bilateral.<\/p>\n\n\n\n<p class=\"wp-block-paragraph\">Konjufca ka shprehur mir\u00ebnjohje p\u00ebr mikpritjen e Palaut dhe organizimin e Forumit, duke vler\u00ebsuar mund\u00ebsin\u00eb p\u00ebr t\u00eb diskutuar drejtp\u00ebrdrejt avancimin e marr\u00ebdh\u00ebnieve nd\u00ebrmjet dy vendeve.<\/p>\n\n\n\n<p class=\"wp-block-paragraph\">Pal\u00ebt diskutuan edhe p\u00ebr hapjen e fushave t\u00eb reja t\u00eb bashk\u00ebpunimit me interes t\u00eb p\u00ebrbashk\u00ebt dhe intensifikimin e kontakteve nd\u00ebrinstitucionale e diplomatike.<\/p>\n\n\n\n<p class=\"wp-block-paragraph\">\u201cTakimi riafirmoi vullnetin p\u00ebr thellimin e lidhjeve nd\u00ebrmjet Republik\u00ebs s\u00eb Kosov\u00ebs dhe Republik\u00ebs s\u00eb Palaut dhe p\u00ebr zgjerimin e bashk\u00ebpunimit mbi baz\u00ebn e respektit t\u00eb nd\u00ebrsjell\u00eb dhe interesave t\u00eb p\u00ebrbashk\u00ebta\u201d, thuhet n\u00eb njoftim.<\/p>\n","protected":false},"excerpt":{"rendered":"<p>Z\u00ebvend\u00ebskryeministri i par\u00eb dhe ministri n\u00eb detyr\u00eb i Pun\u00ebve t\u00eb Jashtme dhe Diaspor\u00ebs, Glauk Konjufca, ka zhvilluar nj\u00eb takim bilateral me ministrin e Shtetit t\u00eb Republik\u00ebs s\u00eb Palaut, Gustav Aitaro. Takimi u zhvillua n\u00eb kuad\u00ebr t\u00eb Takimit t\u00eb 55-t\u00eb t\u00eb Lider\u00ebve t\u00eb Forumit t\u00eb Ishujve t\u00eb Paq\u00ebsorit n\u00eb Koror t\u00eb Palaut. Gjat\u00eb takimit u diskutua [&hellip;]<\/p>\n","protected":false},"author":4,"featured_media":30258,"comment_status":"open","ping_status":"open","sticky":false,"template":"","format":"standard","meta":{"footnotes":""},"categories":[31,30],"tags":[],"class_list":["post-30257","post","type-post","status-publish","format-standard","has-post-thumbnail","category-kosove","category-lajme"],"yoast_head":"<!-- This site is optimized with the Yoast SEO plugin v27.4 - https:\/\/yoast.com\/product\/yoast-seo-wordpress\/ -->\n<title>Konjufca takohet me ministrin e Palaut, diskutojn\u00eb p\u00ebr thellimin e bashk\u00ebpunimit - Kosova Times<\/title>\n<meta name=\"robots\" content=\"index, follow, max-snippet:-1, max-image-preview:large, max-video-preview:-1\" \/>\n<link rel=\"canonical\" href=\"https:\/\/kosovatimes.info\/index.php\/2026\/08\/31\/konjufca-takohet-me-ministrin-e-palaut-diskutojne-per-thellimin-e-bashkepunimit\/\" \/>\n<meta property=\"og:locale\" content=\"en_US\" \/>\n<meta property=\"og:type\" content=\"article\" \/>\n<meta property=\"og:title\" content=\"Konjufca takohet me ministrin e Palaut, diskutojn\u00eb p\u00ebr thellimin e bashk\u00ebpunimit - Kosova Times\" \/>\n<meta property=\"og:description\" content=\"Z\u00ebvend\u00ebskryeministri i par\u00eb dhe ministri n\u00eb detyr\u00eb i Pun\u00ebve t\u00eb Jashtme dhe Diaspor\u00ebs, Glauk Konjufca, ka zhvilluar nj\u00eb takim bilateral me ministrin e Shtetit t\u00eb Republik\u00ebs s\u00eb Palaut, Gustav Aitaro. Takimi u zhvillua n\u00eb kuad\u00ebr t\u00eb Takimit t\u00eb 55-t\u00eb t\u00eb Lider\u00ebve t\u00eb Forumit t\u00eb Ishujve t\u00eb Paq\u00ebsorit n\u00eb Koror t\u00eb Palaut. Gjat\u00eb takimit u diskutua [&hellip;]\" \/>\n<meta property=\"og:url\" content=\"https:\/\/kosovatimes.info\/index.php\/2026\/08\/31\/konjufca-takohet-me-ministrin-e-palaut-diskutojne-per-thellimin-e-bashkepunimit\/\" \/>\n<meta property=\"og:site_name\" content=\"Kosova Times\" \/>\n<meta property=\"article:published_time\" content=\"2026-08-31T15:37:00+00:00\" \/>\n<meta property=\"article:modified_time\" content=\"2026-08-31T16:08:12+00:00\" \/>\n<meta property=\"og:image\" content=\"https:\/\/kosovatimes.info\/wp-content\/uploads\/2026\/08\/Konjufca-7.jpg\" \/>\n\t<meta property=\"og:image:width\" content=\"780\" \/>\n\t<meta property=\"og:image:height\" content=\"500\" \/>\n\t<meta property=\"og:image:type\" content=\"image\/jpeg\" \/>\n<meta name=\"author\" content=\"i l\" \/>\n<meta name=\"twitter:card\" content=\"summary_large_image\" \/>\n<meta name=\"twitter:label1\" content=\"Written by\" \/>\n\t<meta name=\"twitter:data1\" content=\"i l\" \/>\n\t<meta name=\"twitter:label2\" content=\"Est. reading time\" \/>\n\t<meta name=\"twitter:data2\" content=\"1 minute\" \/>\n<script type=\"application\/ld+json\" class=\"yoast-schema-graph\">{\"@context\":\"https:\\\/\\\/schema.org\",\"@graph\":[{\"@type\":\"Article\",\"@id\":\"https:\\\/\\\/kosovatimes.info\\\/index.php\\\/2026\\\/08\\\/31\\\/konjufca-takohet-me-ministrin-e-palaut-diskutojne-per-thellimin-e-bashkepunimit\\\/#article\",\"isPartOf\":{\"@id\":\"https:\\\/\\\/kosovatimes.info\\\/index.php\\\/2026\\\/08\\\/31\\\/konjufca-takohet-me-ministrin-e-palaut-diskutojne-per-thellimin-e-bashkepunimit\\\/\"},\"author\":{\"name\":\"i l\",\"@id\":\"https:\\\/\\\/kosovatimes.info\\\/#\\\/schema\\\/person\\\/7586712b9c512fe68085de007378c915\"},\"headline\":\"Konjufca takohet me ministrin e Palaut, diskutojn\u00eb p\u00ebr thellimin e bashk\u00ebpunimit\",\"datePublished\":\"2026-08-31T15:37:00+00:00\",\"dateModified\":\"2026-08-31T16:08:12+00:00\",\"mainEntityOfPage\":{\"@id\":\"https:\\\/\\\/kosovatimes.info\\\/index.php\\\/2026\\\/08\\\/31\\\/konjufca-takohet-me-ministrin-e-palaut-diskutojne-per-thellimin-e-bashkepunimit\\\/\"},\"wordCount\":207,\"commentCount\":0,\"image\":{\"@id\":\"https:\\\/\\\/kosovatimes.info\\\/index.php\\\/2026\\\/08\\\/31\\\/konjufca-takohet-me-ministrin-e-palaut-diskutojne-per-thellimin-e-bashkepunimit\\\/#primaryimage\"},\"thumbnailUrl\":\"https:\\\/\\\/kosovatimes.info\\\/wp-content\\\/uploads\\\/2026\\\/08\\\/Konjufca-7.jpg\",\"articleSection\":[\"Kosov\u00eb\",\"Lajme\"],\"inLanguage\":\"en-US\",\"potentialAction\":[{\"@type\":\"CommentAction\",\"name\":\"Comment\",\"target\":[\"https:\\\/\\\/kosovatimes.info\\\/index.php\\\/2026\\\/08\\\/31\\\/konjufca-takohet-me-ministrin-e-palaut-diskutojne-per-thellimin-e-bashkepunimit\\\/#respond\"]}]},{\"@type\":\"WebPage\",\"@id\":\"https:\\\/\\\/kosovatimes.info\\\/index.php\\\/2026\\\/08\\\/31\\\/konjufca-takohet-me-ministrin-e-palaut-diskutojne-per-thellimin-e-bashkepunimit\\\/\",\"url\":\"https:\\\/\\\/kosovatimes.info\\\/index.php\\\/2026\\\/08\\\/31\\\/konjufca-takohet-me-ministrin-e-palaut-diskutojne-per-thellimin-e-bashkepunimit\\\/\",\"name\":\"Konjufca takohet me ministrin e Palaut, diskutojn\u00eb p\u00ebr thellimin e bashk\u00ebpunimit - Kosova Times\",\"isPartOf\":{\"@id\":\"https:\\\/\\\/kosovatimes.info\\\/#website\"},\"primaryImageOfPage\":{\"@id\":\"https:\\\/\\\/kosovatimes.info\\\/index.php\\\/2026\\\/08\\\/31\\\/konjufca-takohet-me-ministrin-e-palaut-diskutojne-per-thellimin-e-bashkepunimit\\\/#primaryimage\"},\"image\":{\"@id\":\"https:\\\/\\\/kosovatimes.info\\\/index.php\\\/2026\\\/08\\\/31\\\/konjufca-takohet-me-ministrin-e-palaut-diskutojne-per-thellimin-e-bashkepunimit\\\/#primaryimage\"},\"thumbnailUrl\":\"https:\\\/\\\/kosovatimes.info\\\/wp-content\\\/uploads\\\/2026\\\/08\\\/Konjufca-7.jpg\",\"datePublished\":\"2026-08-31T15:37:00+00:00\",\"dateModified\":\"2026-08-31T16:08:12+00:00\",\"author\":{\"@id\":\"https:\\\/\\\/kosovatimes.info\\\/#\\\/schema\\\/person\\\/7586712b9c512fe68085de007378c915\"},\"breadcrumb\":{\"@id\":\"https:\\\/\\\/kosovatimes.info\\\/index.php\\\/2026\\\/08\\\/31\\\/konjufca-takohet-me-ministrin-e-palaut-diskutojne-per-thellimin-e-bashkepunimit\\\/#breadcrumb\"},\"inLanguage\":\"en-US\",\"potentialAction\":[{\"@type\":\"ReadAction\",\"target\":[\"https:\\\/\\\/kosovatimes.info\\\/index.php\\\/2026\\\/08\\\/31\\\/konjufca-takohet-me-ministrin-e-palaut-diskutojne-per-thellimin-e-bashkepunimit\\\/\"]}]},{\"@type\":\"ImageObject\",\"inLanguage\":\"en-US\",\"@id\":\"https:\\\/\\\/kosovatimes.info\\\/index.php\\\/2026\\\/08\\\/31\\\/konjufca-takohet-me-ministrin-e-palaut-diskutojne-per-thellimin-e-bashkepunimit\\\/#primaryimage\",\"url\":\"https:\\\/\\\/kosovatimes.info\\\/wp-content\\\/uploads\\\/2026\\\/08\\\/Konjufca-7.jpg\",\"contentUrl\":\"https:\\\/\\\/kosovatimes.info\\\/wp-content\\\/uploads\\\/2026\\\/08\\\/Konjufca-7.jpg\",\"width\":780,\"height\":500},{\"@type\":\"BreadcrumbList\",\"@id\":\"https:\\\/\\\/kosovatimes.info\\\/index.php\\\/2026\\\/08\\\/31\\\/konjufca-takohet-me-ministrin-e-palaut-diskutojne-per-thellimin-e-bashkepunimit\\\/#breadcrumb\",\"itemListElement\":[{\"@type\":\"ListItem\",\"position\":1,\"name\":\"Home\",\"item\":\"https:\\\/\\\/kosovatimes.info\\\/\"},{\"@type\":\"ListItem\",\"position\":2,\"name\":\"Konjufca takohet me ministrin e Palaut, diskutojn\u00eb p\u00ebr thellimin e bashk\u00ebpunimit\"}]},{\"@type\":\"WebSite\",\"@id\":\"https:\\\/\\\/kosovatimes.info\\\/#website\",\"url\":\"https:\\\/\\\/kosovatimes.info\\\/\",\"name\":\"Kosova Times\",\"description\":\"\",\"potentialAction\":[{\"@type\":\"SearchAction\",\"target\":{\"@type\":\"EntryPoint\",\"urlTemplate\":\"https:\\\/\\\/kosovatimes.info\\\/?s={search_term_string}\"},\"query-input\":{\"@type\":\"PropertyValueSpecification\",\"valueRequired\":true,\"valueName\":\"search_term_string\"}}],\"inLanguage\":\"en-US\"},{\"@type\":\"Person\",\"@id\":\"https:\\\/\\\/kosovatimes.info\\\/#\\\/schema\\\/person\\\/7586712b9c512fe68085de007378c915\",\"name\":\"i l\",\"image\":{\"@type\":\"ImageObject\",\"inLanguage\":\"en-US\",\"@id\":\"https:\\\/\\\/secure.gravatar.com\\\/avatar\\\/bad9296e02816160ae2e2435beda58222022298d5625d49fea74d18816fbb31d?s=96&d=mm&r=g\",\"url\":\"https:\\\/\\\/secure.gravatar.com\\\/avatar\\\/bad9296e02816160ae2e2435beda58222022298d5625d49fea74d18816fbb31d?s=96&d=mm&r=g\",\"contentUrl\":\"https:\\\/\\\/secure.gravatar.com\\\/avatar\\\/bad9296e02816160ae2e2435beda58222022298d5625d49fea74d18816fbb31d?s=96&d=mm&r=g\",\"caption\":\"i l\"},\"url\":\"https:\\\/\\\/kosovatimes.info\\\/index.php\\\/author\\\/iliri\\\/\"}]}<\/script>\n<!-- \/ Yoast SEO plugin. -->","yoast_head_json":{"title":"Konjufca takohet me ministrin e Palaut, diskutojn\u00eb p\u00ebr thellimin e bashk\u00ebpunimit - Kosova Times","robots":{"index":"index","follow":"follow","max-snippet":"max-snippet:-1","max-image-preview":"max-image-preview:large","max-video-preview":"max-video-preview:-1"},"canonical":"https:\/\/kosovatimes.info\/index.php\/2026\/08\/31\/konjufca-takohet-me-ministrin-e-palaut-diskutojne-per-thellimin-e-bashkepunimit\/","og_locale":"en_US","og_type":"article","og_title":"Konjufca takohet me ministrin e Palaut, diskutojn\u00eb p\u00ebr thellimin e bashk\u00ebpunimit - Kosova Times","og_description":"Z\u00ebvend\u00ebskryeministri i par\u00eb dhe ministri n\u00eb detyr\u00eb i Pun\u00ebve t\u00eb Jashtme dhe Diaspor\u00ebs, Glauk Konjufca, ka zhvilluar nj\u00eb takim bilateral me ministrin e Shtetit t\u00eb Republik\u00ebs s\u00eb Palaut, Gustav Aitaro. Takimi u zhvillua n\u00eb kuad\u00ebr t\u00eb Takimit t\u00eb 55-t\u00eb t\u00eb Lider\u00ebve t\u00eb Forumit t\u00eb Ishujve t\u00eb Paq\u00ebsorit n\u00eb Koror t\u00eb Palaut. Gjat\u00eb takimit u diskutua [&hellip;]","og_url":"https:\/\/kosovatimes.info\/index.php\/2026\/08\/31\/konjufca-takohet-me-ministrin-e-palaut-diskutojne-per-thellimin-e-bashkepunimit\/","og_site_name":"Kosova Times","article_published_time":"2026-08-31T15:37:00+00:00","article_modified_time":"2026-08-31T16:08:12+00:00","og_image":[{"width":780,"height":500,"url":"https:\/\/kosovatimes.info\/wp-content\/uploads\/2026\/08\/Konjufca-7.jpg","type":"image\/jpeg"}],"author":"i l","twitter_card":"summary_large_image","twitter_misc":{"Written by":"i l","Est. reading time":"1 minute"},"schema":{"@context":"https:\/\/schema.org","@graph":[{"@type":"Article","@id":"https:\/\/kosovatimes.info\/index.php\/2026\/08\/31\/konjufca-takohet-me-ministrin-e-palaut-diskutojne-per-thellimin-e-bashkepunimit\/#article","isPartOf":{"@id":"https:\/\/kosovatimes.info\/index.php\/2026\/08\/31\/konjufca-takohet-me-ministrin-e-palaut-diskutojne-per-thellimin-e-bashkepunimit\/"},"author":{"name":"i l","@id":"https:\/\/kosovatimes.info\/#\/schema\/person\/7586712b9c512fe68085de007378c915"},"headline":"Konjufca takohet me ministrin e Palaut, diskutojn\u00eb p\u00ebr thellimin e bashk\u00ebpunimit","datePublished":"2026-08-31T15:37:00+00:00","dateModified":"2026-08-31T16:08:12+00:00","mainEntityOfPage":{"@id":"https:\/\/kosovatimes.info\/index.php\/2026\/08\/31\/konjufca-takohet-me-ministrin-e-palaut-diskutojne-per-thellimin-e-bashkepunimit\/"},"wordCount":207,"commentCount":0,"image":{"@id":"https:\/\/kosovatimes.info\/index.php\/2026\/08\/31\/konjufca-takohet-me-ministrin-e-palaut-diskutojne-per-thellimin-e-bashkepunimit\/#primaryimage"},"thumbnailUrl":"https:\/\/kosovatimes.info\/wp-content\/uploads\/2026\/08\/Konjufca-7.jpg","articleSection":["Kosov\u00eb","Lajme"],"inLanguage":"en-US","potentialAction":[{"@type":"CommentAction","name":"Comment","target":["https:\/\/kosovatimes.info\/index.php\/2026\/08\/31\/konjufca-takohet-me-ministrin-e-palaut-diskutojne-per-thellimin-e-bashkepunimit\/#respond"]}]},{"@type":"WebPage","@id":"https:\/\/kosovatimes.info\/index.php\/2026\/08\/31\/konjufca-takohet-me-ministrin-e-palaut-diskutojne-per-thellimin-e-bashkepunimit\/","url":"https:\/\/kosovatimes.info\/index.php\/2026\/08\/31\/konjufca-takohet-me-ministrin-e-palaut-diskutojne-per-thellimin-e-bashkepunimit\/","name":"Konjufca takohet me ministrin e Palaut, diskutojn\u00eb p\u00ebr thellimin e bashk\u00ebpunimit - Kosova Times","isPartOf":{"@id":"https:\/\/kosovatimes.info\/#website"},"primaryImageOfPage":{"@id":"https:\/\/kosovatimes.info\/index.php\/2026\/08\/31\/konjufca-takohet-me-ministrin-e-palaut-diskutojne-per-thellimin-e-bashkepunimit\/#primaryimage"},"image":{"@id":"https:\/\/kosovatimes.info\/index.php\/2026\/08\/31\/konjufca-takohet-me-ministrin-e-palaut-diskutojne-per-thellimin-e-bashkepunimit\/#primaryimage"},"thumbnailUrl":"https:\/\/kosovatimes.info\/wp-content\/uploads\/2026\/08\/Konjufca-7.jpg","datePublished":"2026-08-31T15:37:00+00:00","dateModified":"2026-08-31T16:08:12+00:00","author":{"@id":"https:\/\/kosovatimes.info\/#\/schema\/person\/7586712b9c512fe68085de007378c915"},"breadcrumb":{"@id":"https:\/\/kosovatimes.info\/index.php\/2026\/08\/31\/konjufca-takohet-me-ministrin-e-palaut-diskutojne-per-thellimin-e-bashkepunimit\/#breadcrumb"},"inLanguage":"en-US","potentialAction":[{"@type":"ReadAction","target":["https:\/\/kosovatimes.info\/index.php\/2026\/08\/31\/konjufca-takohet-me-ministrin-e-palaut-diskutojne-per-thellimin-e-bashkepunimit\/"]}]},{"@type":"ImageObject","inLanguage":"en-US","@id":"https:\/\/kosovatimes.info\/index.php\/2026\/08\/31\/konjufca-takohet-me-ministrin-e-palaut-diskutojne-per-thellimin-e-bashkepunimit\/#primaryimage","url":"https:\/\/kosovatimes.info\/wp-content\/uploads\/2026\/08\/Konjufca-7.jpg","contentUrl":"https:\/\/kosovatimes.info\/wp-content\/uploads\/2026\/08\/Konjufca-7.jpg","width":780,"height":500},{"@type":"BreadcrumbList","@id":"https:\/\/kosovatimes.info\/index.php\/2026\/08\/31\/konjufca-takohet-me-ministrin-e-palaut-diskutojne-per-thellimin-e-bashkepunimit\/#breadcrumb","itemListElement":[{"@type":"ListItem","position":1,"name":"Home","item":"https:\/\/kosovatimes.info\/"},{"@type":"ListItem","position":2,"name":"Konjufca takohet me ministrin e Palaut, diskutojn\u00eb p\u00ebr thellimin e bashk\u00ebpunimit"}]},{"@type":"WebSite","@id":"https:\/\/kosovatimes.info\/#website","url":"https:\/\/kosovatimes.info\/","name":"Kosova Times","description":"","potentialAction":[{"@type":"SearchAction","target":{"@type":"EntryPoint","urlTemplate":"https:\/\/kosovatimes.info\/?s={search_term_string}"},"query-input":{"@type":"PropertyValueSpecification","valueRequired":true,"valueName":"search_term_string"}}],"inLanguage":"en-US"},{"@type":"Person","@id":"https:\/\/kosovatimes.info\/#\/schema\/person\/7586712b9c512fe68085de007378c915","name":"i l","image":{"@type":"ImageObject","inLanguage":"en-US","@id":"https:\/\/secure.gravatar.com\/avatar\/bad9296e02816160ae2e2435beda58222022298d5625d49fea74d18816fbb31d?s=96&d=mm&r=g","url":"https:\/\/secure.gravatar.com\/avatar\/bad9296e02816160ae2e2435beda58222022298d5625d49fea74d18816fbb31d?s=96&d=mm&r=g","contentUrl":"https:\/\/secure.gravatar.com\/avatar\/bad9296e02816160ae2e2435beda58222022298d5625d49fea74d18816fbb31d?s=96&d=mm&r=g","caption":"i l"},"url":"https:\/\/kosovatimes.info\/index.php\/author\/iliri\/"}]}},"_links":{"self":[{"href":"https:\/\/kosovatimes.info\/index.php\/wp-json\/wp\/v2\/posts\/30257","targetHints":{"allow":["GET"]}}],"collection":[{"href":"https:\/\/kosovatimes.info\/index.php\/wp-json\/wp\/v2\/posts"}],"about":[{"href":"https:\/\/kosovatimes.info\/index.php\/wp-json\/wp\/v2\/types\/post"}],"author":[{"embeddable":true,"href":"https:\/\/kosovatimes.info\/index.php\/wp-json\/wp\/v2\/users\/4"}],"replies":[{"embeddable":true,"href":"https:\/\/kosovatimes.info\/index.php\/wp-json\/wp\/v2\/comments?post=30257"}],"version-history":[{"count":1,"href":"https:\/\/kosovatimes.info\/index.php\/wp-json\/wp\/v2\/posts\/30257\/revisions"}],"predecessor-version":[{"id":30259,"href":"https:\/\/kosovatimes.info\/index.php\/wp-json\/wp\/v2\/posts\/30257\/revisions\/30259"}],"wp:featuredmedia":[{"embeddable":true,"href":"https:\/\/kosovatimes.info\/index.php\/wp-json\/wp\/v2\/media\/30258"}],"wp:attachment":[{"href":"https:\/\/kosovatimes.info\/index.php\/wp-json\/wp\/v2\/media?parent=30257"}],"wp:term":[{"taxonomy":"category","embeddable":true,"href":"https:\/\/kosovatimes.info\/index.php\/wp-json\/wp\/v2\/categories?post=30257"},{"taxonomy":"post_tag","embeddable":true,"href":"https:\/\/kosovatimes.info\/index.php\/wp-json\/wp\/v2\/tags?post=30257"}],"curies":[{"name":"wp","href":"https:\/\/api.w.org\/{rel}","templated":true}]}}