{"id":30260,"date":"2026-08-31T17:49:00","date_gmt":"2026-08-31T15:49:00","guid":{"rendered":"https:\/\/kosovatimes.info\/?p=30260"},"modified":"2026-08-31T18:09:40","modified_gmt":"2026-08-31T16:09:40","slug":"marshi-per-liri-me-12-shtator-pdk-mban-mbledhje-koordinuese","status":"publish","type":"post","link":"https:\/\/kosovatimes.info\/index.php\/2026\/08\/31\/marshi-per-liri-me-12-shtator-pdk-mban-mbledhje-koordinuese\/","title":{"rendered":"Marshi p\u00ebr Liri` m\u00eb 12 shtator, PDK mban mbledhje koordinuese"},"content":{"rendered":"\n<p class=\"wp-block-paragraph\"><strong>Partia Demokratike e Kosov\u00ebs ka mbajtur sot nj\u00eb mbledhje t\u00eb p\u00ebrbashk\u00ebt t\u00eb Grupit Parlamentar, Kryesis\u00eb s\u00eb Partis\u00eb dhe kryetar\u00ebve t\u00eb deg\u00ebve, me q\u00ebllim t\u00eb koordinimit dhe organizimit p\u00ebr pjes\u00ebmarrje n\u00eb Marshin p\u00ebr Liri, i cili do t\u00eb mbahet m\u00eb 12 shtator n\u00eb Prishtin\u00eb, n\u00eb mb\u00ebshtetje t\u00eb \u00e7lirimtar\u00ebve.<\/strong><\/p>\n\n\n\n<p class=\"wp-block-paragraph\">N\u00eb takim \u00ebsht\u00eb diskutuar p\u00ebr angazhimin organizativ dhe mobilizimin e strukturave t\u00eb PDK-s\u00eb n\u00eb t\u00eb gjitha deg\u00ebt, n\u00eb m\u00ebnyr\u00eb q\u00eb pjes\u00ebmarrja n\u00eb Marsh t\u00eb jet\u00eb sa m\u00eb e gjer\u00eb dhe dinjitoze.<\/p>\n\n\n\n<p class=\"wp-block-paragraph\">PDK vler\u00ebson se Marshi p\u00ebr Liri ka r\u00ebnd\u00ebsi t\u00eb ve\u00e7ant\u00eb komb\u00ebtare dhe qytetare, si shprehje e respektit p\u00ebr luft\u00ebn \u00e7lirimtare, sakrific\u00ebn e Ushtris\u00eb \u00c7lirimtare t\u00eb Kosov\u00ebs dhe mb\u00ebshtetjen p\u00ebr Hashim Tha\u00e7in, Kadri Veselin, Jakup Krasniqin dhe Rexhep Selimin.<\/p>\n\n\n\n<p class=\"wp-block-paragraph\">Gjat\u00eb mbledhjes \u00ebsht\u00eb theksuar nevoja q\u00eb t\u00eb gjitha strukturat e partis\u00eb t\u00eb kontribuojn\u00eb n\u00eb informimin dhe organizimin e qytetar\u00ebve q\u00eb d\u00ebshirojn\u00eb t\u2019i bashkohen Marshit, duke ruajtur karakterin qytetar, paq\u00ebsor dhe gjith\u00ebp\u00ebrfshir\u00ebs t\u00eb tij.<\/p>\n\n\n\n<p class=\"wp-block-paragraph\">P\u00ebr Partin\u00eb Demokratike t\u00eb Kosov\u00ebs, mb\u00ebshtetja p\u00ebr \u00e7lirimtar\u00ebt \u00ebsht\u00eb edhe mb\u00ebshtetje p\u00ebr historin\u00eb e drejt\u00eb t\u00eb luft\u00ebs s\u00eb U\u00c7K-s\u00eb dhe p\u00ebr vlerat mbi t\u00eb cilat \u00ebsht\u00eb nd\u00ebrtuar liria dhe shteti i Kosov\u00ebs.<\/p>\n\n\n\n<p class=\"wp-block-paragraph\">PDK pret q\u00eb m\u00eb 16 shtator drejt\u00ebsia t\u00eb triumfoj\u00eb dhe Hashim Tha\u00e7i, Kadri Veseli, Jakup Krasniqi dhe Rexhep Selimi t\u00eb shpallen t\u00eb pafajsh\u00ebm dhe t\u2019i kthehen Kosov\u00ebs, familjeve dhe qytetar\u00ebve t\u00eb saj.<\/p>\n","protected":false},"excerpt":{"rendered":"<p>Partia Demokratike e Kosov\u00ebs ka mbajtur sot nj\u00eb mbledhje t\u00eb p\u00ebrbashk\u00ebt t\u00eb Grupit Parlamentar, Kryesis\u00eb s\u00eb Partis\u00eb dhe kryetar\u00ebve t\u00eb deg\u00ebve, me q\u00ebllim t\u00eb koordinimit dhe organizimit p\u00ebr pjes\u00ebmarrje n\u00eb Marshin p\u00ebr Liri, i cili do t\u00eb mbahet m\u00eb 12 shtator n\u00eb Prishtin\u00eb, n\u00eb mb\u00ebshtetje t\u00eb \u00e7lirimtar\u00ebve. N\u00eb takim \u00ebsht\u00eb diskutuar p\u00ebr angazhimin organizativ dhe [&hellip;]<\/p>\n","protected":false},"author":4,"featured_media":30261,"comment_status":"open","ping_status":"open","sticky":false,"template":"","format":"standard","meta":{"footnotes":""},"categories":[31,30],"tags":[],"class_list":["post-30260","post","type-post","status-publish","format-standard","has-post-thumbnail","category-kosove","category-lajme"],"yoast_head":"<!-- This site is optimized with the Yoast SEO plugin v27.4 - https:\/\/yoast.com\/product\/yoast-seo-wordpress\/ -->\n<title>Marshi p\u00ebr Liri` m\u00eb 12 shtator, PDK mban mbledhje koordinuese - Kosova Times<\/title>\n<meta name=\"robots\" content=\"index, follow, max-snippet:-1, max-image-preview:large, max-video-preview:-1\" \/>\n<link rel=\"canonical\" href=\"https:\/\/kosovatimes.info\/index.php\/2026\/08\/31\/marshi-per-liri-me-12-shtator-pdk-mban-mbledhje-koordinuese\/\" \/>\n<meta property=\"og:locale\" content=\"en_US\" \/>\n<meta property=\"og:type\" content=\"article\" \/>\n<meta property=\"og:title\" content=\"Marshi p\u00ebr Liri` m\u00eb 12 shtator, PDK mban mbledhje koordinuese - Kosova Times\" \/>\n<meta property=\"og:description\" content=\"Partia Demokratike e Kosov\u00ebs ka mbajtur sot nj\u00eb mbledhje t\u00eb p\u00ebrbashk\u00ebt t\u00eb Grupit Parlamentar, Kryesis\u00eb s\u00eb Partis\u00eb dhe kryetar\u00ebve t\u00eb deg\u00ebve, me q\u00ebllim t\u00eb koordinimit dhe organizimit p\u00ebr pjes\u00ebmarrje n\u00eb Marshin p\u00ebr Liri, i cili do t\u00eb mbahet m\u00eb 12 shtator n\u00eb Prishtin\u00eb, n\u00eb mb\u00ebshtetje t\u00eb \u00e7lirimtar\u00ebve. N\u00eb takim \u00ebsht\u00eb diskutuar p\u00ebr angazhimin organizativ dhe [&hellip;]\" \/>\n<meta property=\"og:url\" content=\"https:\/\/kosovatimes.info\/index.php\/2026\/08\/31\/marshi-per-liri-me-12-shtator-pdk-mban-mbledhje-koordinuese\/\" \/>\n<meta property=\"og:site_name\" content=\"Kosova Times\" \/>\n<meta property=\"article:published_time\" content=\"2026-08-31T15:49:00+00:00\" \/>\n<meta property=\"article:modified_time\" content=\"2026-08-31T16:09:40+00:00\" \/>\n<meta property=\"og:image\" content=\"https:\/\/kosovatimes.info\/wp-content\/uploads\/2026\/08\/PDK-1.jpeg\" \/>\n\t<meta property=\"og:image:width\" content=\"780\" \/>\n\t<meta property=\"og:image:height\" content=\"500\" \/>\n\t<meta property=\"og:image:type\" content=\"image\/jpeg\" \/>\n<meta name=\"author\" content=\"i l\" \/>\n<meta name=\"twitter:card\" content=\"summary_large_image\" \/>\n<meta name=\"twitter:label1\" content=\"Written by\" \/>\n\t<meta name=\"twitter:data1\" content=\"i l\" \/>\n\t<meta name=\"twitter:label2\" content=\"Est. reading time\" \/>\n\t<meta name=\"twitter:data2\" content=\"2 minutes\" \/>\n<script type=\"application\/ld+json\" class=\"yoast-schema-graph\">{\"@context\":\"https:\\\/\\\/schema.org\",\"@graph\":[{\"@type\":\"Article\",\"@id\":\"https:\\\/\\\/kosovatimes.info\\\/index.php\\\/2026\\\/08\\\/31\\\/marshi-per-liri-me-12-shtator-pdk-mban-mbledhje-koordinuese\\\/#article\",\"isPartOf\":{\"@id\":\"https:\\\/\\\/kosovatimes.info\\\/index.php\\\/2026\\\/08\\\/31\\\/marshi-per-liri-me-12-shtator-pdk-mban-mbledhje-koordinuese\\\/\"},\"author\":{\"name\":\"i l\",\"@id\":\"https:\\\/\\\/kosovatimes.info\\\/#\\\/schema\\\/person\\\/7586712b9c512fe68085de007378c915\"},\"headline\":\"Marshi p\u00ebr Liri` m\u00eb 12 shtator, PDK mban mbledhje koordinuese\",\"datePublished\":\"2026-08-31T15:49:00+00:00\",\"dateModified\":\"2026-08-31T16:09:40+00:00\",\"mainEntityOfPage\":{\"@id\":\"https:\\\/\\\/kosovatimes.info\\\/index.php\\\/2026\\\/08\\\/31\\\/marshi-per-liri-me-12-shtator-pdk-mban-mbledhje-koordinuese\\\/\"},\"wordCount\":274,\"commentCount\":0,\"image\":{\"@id\":\"https:\\\/\\\/kosovatimes.info\\\/index.php\\\/2026\\\/08\\\/31\\\/marshi-per-liri-me-12-shtator-pdk-mban-mbledhje-koordinuese\\\/#primaryimage\"},\"thumbnailUrl\":\"https:\\\/\\\/kosovatimes.info\\\/wp-content\\\/uploads\\\/2026\\\/08\\\/PDK-1.jpeg\",\"articleSection\":[\"Kosov\u00eb\",\"Lajme\"],\"inLanguage\":\"en-US\",\"potentialAction\":[{\"@type\":\"CommentAction\",\"name\":\"Comment\",\"target\":[\"https:\\\/\\\/kosovatimes.info\\\/index.php\\\/2026\\\/08\\\/31\\\/marshi-per-liri-me-12-shtator-pdk-mban-mbledhje-koordinuese\\\/#respond\"]}]},{\"@type\":\"WebPage\",\"@id\":\"https:\\\/\\\/kosovatimes.info\\\/index.php\\\/2026\\\/08\\\/31\\\/marshi-per-liri-me-12-shtator-pdk-mban-mbledhje-koordinuese\\\/\",\"url\":\"https:\\\/\\\/kosovatimes.info\\\/index.php\\\/2026\\\/08\\\/31\\\/marshi-per-liri-me-12-shtator-pdk-mban-mbledhje-koordinuese\\\/\",\"name\":\"Marshi p\u00ebr Liri` m\u00eb 12 shtator, PDK mban mbledhje koordinuese - Kosova Times\",\"isPartOf\":{\"@id\":\"https:\\\/\\\/kosovatimes.info\\\/#website\"},\"primaryImageOfPage\":{\"@id\":\"https:\\\/\\\/kosovatimes.info\\\/index.php\\\/2026\\\/08\\\/31\\\/marshi-per-liri-me-12-shtator-pdk-mban-mbledhje-koordinuese\\\/#primaryimage\"},\"image\":{\"@id\":\"https:\\\/\\\/kosovatimes.info\\\/index.php\\\/2026\\\/08\\\/31\\\/marshi-per-liri-me-12-shtator-pdk-mban-mbledhje-koordinuese\\\/#primaryimage\"},\"thumbnailUrl\":\"https:\\\/\\\/kosovatimes.info\\\/wp-content\\\/uploads\\\/2026\\\/08\\\/PDK-1.jpeg\",\"datePublished\":\"2026-08-31T15:49:00+00:00\",\"dateModified\":\"2026-08-31T16:09:40+00:00\",\"author\":{\"@id\":\"https:\\\/\\\/kosovatimes.info\\\/#\\\/schema\\\/person\\\/7586712b9c512fe68085de007378c915\"},\"breadcrumb\":{\"@id\":\"https:\\\/\\\/kosovatimes.info\\\/index.php\\\/2026\\\/08\\\/31\\\/marshi-per-liri-me-12-shtator-pdk-mban-mbledhje-koordinuese\\\/#breadcrumb\"},\"inLanguage\":\"en-US\",\"potentialAction\":[{\"@type\":\"ReadAction\",\"target\":[\"https:\\\/\\\/kosovatimes.info\\\/index.php\\\/2026\\\/08\\\/31\\\/marshi-per-liri-me-12-shtator-pdk-mban-mbledhje-koordinuese\\\/\"]}]},{\"@type\":\"ImageObject\",\"inLanguage\":\"en-US\",\"@id\":\"https:\\\/\\\/kosovatimes.info\\\/index.php\\\/2026\\\/08\\\/31\\\/marshi-per-liri-me-12-shtator-pdk-mban-mbledhje-koordinuese\\\/#primaryimage\",\"url\":\"https:\\\/\\\/kosovatimes.info\\\/wp-content\\\/uploads\\\/2026\\\/08\\\/PDK-1.jpeg\",\"contentUrl\":\"https:\\\/\\\/kosovatimes.info\\\/wp-content\\\/uploads\\\/2026\\\/08\\\/PDK-1.jpeg\",\"width\":780,\"height\":500},{\"@type\":\"BreadcrumbList\",\"@id\":\"https:\\\/\\\/kosovatimes.info\\\/index.php\\\/2026\\\/08\\\/31\\\/marshi-per-liri-me-12-shtator-pdk-mban-mbledhje-koordinuese\\\/#breadcrumb\",\"itemListElement\":[{\"@type\":\"ListItem\",\"position\":1,\"name\":\"Home\",\"item\":\"https:\\\/\\\/kosovatimes.info\\\/\"},{\"@type\":\"ListItem\",\"position\":2,\"name\":\"Marshi p\u00ebr Liri` m\u00eb 12 shtator, PDK mban mbledhje koordinuese\"}]},{\"@type\":\"WebSite\",\"@id\":\"https:\\\/\\\/kosovatimes.info\\\/#website\",\"url\":\"https:\\\/\\\/kosovatimes.info\\\/\",\"name\":\"Kosova Times\",\"description\":\"\",\"potentialAction\":[{\"@type\":\"SearchAction\",\"target\":{\"@type\":\"EntryPoint\",\"urlTemplate\":\"https:\\\/\\\/kosovatimes.info\\\/?s={search_term_string}\"},\"query-input\":{\"@type\":\"PropertyValueSpecification\",\"valueRequired\":true,\"valueName\":\"search_term_string\"}}],\"inLanguage\":\"en-US\"},{\"@type\":\"Person\",\"@id\":\"https:\\\/\\\/kosovatimes.info\\\/#\\\/schema\\\/person\\\/7586712b9c512fe68085de007378c915\",\"name\":\"i l\",\"image\":{\"@type\":\"ImageObject\",\"inLanguage\":\"en-US\",\"@id\":\"https:\\\/\\\/secure.gravatar.com\\\/avatar\\\/bad9296e02816160ae2e2435beda58222022298d5625d49fea74d18816fbb31d?s=96&d=mm&r=g\",\"url\":\"https:\\\/\\\/secure.gravatar.com\\\/avatar\\\/bad9296e02816160ae2e2435beda58222022298d5625d49fea74d18816fbb31d?s=96&d=mm&r=g\",\"contentUrl\":\"https:\\\/\\\/secure.gravatar.com\\\/avatar\\\/bad9296e02816160ae2e2435beda58222022298d5625d49fea74d18816fbb31d?s=96&d=mm&r=g\",\"caption\":\"i l\"},\"url\":\"https:\\\/\\\/kosovatimes.info\\\/index.php\\\/author\\\/iliri\\\/\"}]}<\/script>\n<!-- \/ Yoast SEO plugin. -->","yoast_head_json":{"title":"Marshi p\u00ebr Liri` m\u00eb 12 shtator, PDK mban mbledhje koordinuese - Kosova Times","robots":{"index":"index","follow":"follow","max-snippet":"max-snippet:-1","max-image-preview":"max-image-preview:large","max-video-preview":"max-video-preview:-1"},"canonical":"https:\/\/kosovatimes.info\/index.php\/2026\/08\/31\/marshi-per-liri-me-12-shtator-pdk-mban-mbledhje-koordinuese\/","og_locale":"en_US","og_type":"article","og_title":"Marshi p\u00ebr Liri` m\u00eb 12 shtator, PDK mban mbledhje koordinuese - Kosova Times","og_description":"Partia Demokratike e Kosov\u00ebs ka mbajtur sot nj\u00eb mbledhje t\u00eb p\u00ebrbashk\u00ebt t\u00eb Grupit Parlamentar, Kryesis\u00eb s\u00eb Partis\u00eb dhe kryetar\u00ebve t\u00eb deg\u00ebve, me q\u00ebllim t\u00eb koordinimit dhe organizimit p\u00ebr pjes\u00ebmarrje n\u00eb Marshin p\u00ebr Liri, i cili do t\u00eb mbahet m\u00eb 12 shtator n\u00eb Prishtin\u00eb, n\u00eb mb\u00ebshtetje t\u00eb \u00e7lirimtar\u00ebve. N\u00eb takim \u00ebsht\u00eb diskutuar p\u00ebr angazhimin organizativ dhe [&hellip;]","og_url":"https:\/\/kosovatimes.info\/index.php\/2026\/08\/31\/marshi-per-liri-me-12-shtator-pdk-mban-mbledhje-koordinuese\/","og_site_name":"Kosova Times","article_published_time":"2026-08-31T15:49:00+00:00","article_modified_time":"2026-08-31T16:09:40+00:00","og_image":[{"width":780,"height":500,"url":"https:\/\/kosovatimes.info\/wp-content\/uploads\/2026\/08\/PDK-1.jpeg","type":"image\/jpeg"}],"author":"i l","twitter_card":"summary_large_image","twitter_misc":{"Written by":"i l","Est. reading time":"2 minutes"},"schema":{"@context":"https:\/\/schema.org","@graph":[{"@type":"Article","@id":"https:\/\/kosovatimes.info\/index.php\/2026\/08\/31\/marshi-per-liri-me-12-shtator-pdk-mban-mbledhje-koordinuese\/#article","isPartOf":{"@id":"https:\/\/kosovatimes.info\/index.php\/2026\/08\/31\/marshi-per-liri-me-12-shtator-pdk-mban-mbledhje-koordinuese\/"},"author":{"name":"i l","@id":"https:\/\/kosovatimes.info\/#\/schema\/person\/7586712b9c512fe68085de007378c915"},"headline":"Marshi p\u00ebr Liri` m\u00eb 12 shtator, PDK mban mbledhje koordinuese","datePublished":"2026-08-31T15:49:00+00:00","dateModified":"2026-08-31T16:09:40+00:00","mainEntityOfPage":{"@id":"https:\/\/kosovatimes.info\/index.php\/2026\/08\/31\/marshi-per-liri-me-12-shtator-pdk-mban-mbledhje-koordinuese\/"},"wordCount":274,"commentCount":0,"image":{"@id":"https:\/\/kosovatimes.info\/index.php\/2026\/08\/31\/marshi-per-liri-me-12-shtator-pdk-mban-mbledhje-koordinuese\/#primaryimage"},"thumbnailUrl":"https:\/\/kosovatimes.info\/wp-content\/uploads\/2026\/08\/PDK-1.jpeg","articleSection":["Kosov\u00eb","Lajme"],"inLanguage":"en-US","potentialAction":[{"@type":"CommentAction","name":"Comment","target":["https:\/\/kosovatimes.info\/index.php\/2026\/08\/31\/marshi-per-liri-me-12-shtator-pdk-mban-mbledhje-koordinuese\/#respond"]}]},{"@type":"WebPage","@id":"https:\/\/kosovatimes.info\/index.php\/2026\/08\/31\/marshi-per-liri-me-12-shtator-pdk-mban-mbledhje-koordinuese\/","url":"https:\/\/kosovatimes.info\/index.php\/2026\/08\/31\/marshi-per-liri-me-12-shtator-pdk-mban-mbledhje-koordinuese\/","name":"Marshi p\u00ebr Liri` m\u00eb 12 shtator, PDK mban mbledhje koordinuese - Kosova Times","isPartOf":{"@id":"https:\/\/kosovatimes.info\/#website"},"primaryImageOfPage":{"@id":"https:\/\/kosovatimes.info\/index.php\/2026\/08\/31\/marshi-per-liri-me-12-shtator-pdk-mban-mbledhje-koordinuese\/#primaryimage"},"image":{"@id":"https:\/\/kosovatimes.info\/index.php\/2026\/08\/31\/marshi-per-liri-me-12-shtator-pdk-mban-mbledhje-koordinuese\/#primaryimage"},"thumbnailUrl":"https:\/\/kosovatimes.info\/wp-content\/uploads\/2026\/08\/PDK-1.jpeg","datePublished":"2026-08-31T15:49:00+00:00","dateModified":"2026-08-31T16:09:40+00:00","author":{"@id":"https:\/\/kosovatimes.info\/#\/schema\/person\/7586712b9c512fe68085de007378c915"},"breadcrumb":{"@id":"https:\/\/kosovatimes.info\/index.php\/2026\/08\/31\/marshi-per-liri-me-12-shtator-pdk-mban-mbledhje-koordinuese\/#breadcrumb"},"inLanguage":"en-US","potentialAction":[{"@type":"ReadAction","target":["https:\/\/kosovatimes.info\/index.php\/2026\/08\/31\/marshi-per-liri-me-12-shtator-pdk-mban-mbledhje-koordinuese\/"]}]},{"@type":"ImageObject","inLanguage":"en-US","@id":"https:\/\/kosovatimes.info\/index.php\/2026\/08\/31\/marshi-per-liri-me-12-shtator-pdk-mban-mbledhje-koordinuese\/#primaryimage","url":"https:\/\/kosovatimes.info\/wp-content\/uploads\/2026\/08\/PDK-1.jpeg","contentUrl":"https:\/\/kosovatimes.info\/wp-content\/uploads\/2026\/08\/PDK-1.jpeg","width":780,"height":500},{"@type":"BreadcrumbList","@id":"https:\/\/kosovatimes.info\/index.php\/2026\/08\/31\/marshi-per-liri-me-12-shtator-pdk-mban-mbledhje-koordinuese\/#breadcrumb","itemListElement":[{"@type":"ListItem","position":1,"name":"Home","item":"https:\/\/kosovatimes.info\/"},{"@type":"ListItem","position":2,"name":"Marshi p\u00ebr Liri` m\u00eb 12 shtator, PDK mban mbledhje koordinuese"}]},{"@type":"WebSite","@id":"https:\/\/kosovatimes.info\/#website","url":"https:\/\/kosovatimes.info\/","name":"Kosova Times","description":"","potentialAction":[{"@type":"SearchAction","target":{"@type":"EntryPoint","urlTemplate":"https:\/\/kosovatimes.info\/?s={search_term_string}"},"query-input":{"@type":"PropertyValueSpecification","valueRequired":true,"valueName":"search_term_string"}}],"inLanguage":"en-US"},{"@type":"Person","@id":"https:\/\/kosovatimes.info\/#\/schema\/person\/7586712b9c512fe68085de007378c915","name":"i l","image":{"@type":"ImageObject","inLanguage":"en-US","@id":"https:\/\/secure.gravatar.com\/avatar\/bad9296e02816160ae2e2435beda58222022298d5625d49fea74d18816fbb31d?s=96&d=mm&r=g","url":"https:\/\/secure.gravatar.com\/avatar\/bad9296e02816160ae2e2435beda58222022298d5625d49fea74d18816fbb31d?s=96&d=mm&r=g","contentUrl":"https:\/\/secure.gravatar.com\/avatar\/bad9296e02816160ae2e2435beda58222022298d5625d49fea74d18816fbb31d?s=96&d=mm&r=g","caption":"i l"},"url":"https:\/\/kosovatimes.info\/index.php\/author\/iliri\/"}]}},"_links":{"self":[{"href":"https:\/\/kosovatimes.info\/index.php\/wp-json\/wp\/v2\/posts\/30260","targetHints":{"allow":["GET"]}}],"collection":[{"href":"https:\/\/kosovatimes.info\/index.php\/wp-json\/wp\/v2\/posts"}],"about":[{"href":"https:\/\/kosovatimes.info\/index.php\/wp-json\/wp\/v2\/types\/post"}],"author":[{"embeddable":true,"href":"https:\/\/kosovatimes.info\/index.php\/wp-json\/wp\/v2\/users\/4"}],"replies":[{"embeddable":true,"href":"https:\/\/kosovatimes.info\/index.php\/wp-json\/wp\/v2\/comments?post=30260"}],"version-history":[{"count":1,"href":"https:\/\/kosovatimes.info\/index.php\/wp-json\/wp\/v2\/posts\/30260\/revisions"}],"predecessor-version":[{"id":30262,"href":"https:\/\/kosovatimes.info\/index.php\/wp-json\/wp\/v2\/posts\/30260\/revisions\/30262"}],"wp:featuredmedia":[{"embeddable":true,"href":"https:\/\/kosovatimes.info\/index.php\/wp-json\/wp\/v2\/media\/30261"}],"wp:attachment":[{"href":"https:\/\/kosovatimes.info\/index.php\/wp-json\/wp\/v2\/media?parent=30260"}],"wp:term":[{"taxonomy":"category","embeddable":true,"href":"https:\/\/kosovatimes.info\/index.php\/wp-json\/wp\/v2\/categories?post=30260"},{"taxonomy":"post_tag","embeddable":true,"href":"https:\/\/kosovatimes.info\/index.php\/wp-json\/wp\/v2\/tags?post=30260"}],"curies":[{"name":"wp","href":"https:\/\/api.w.org\/{rel}","templated":true}]}}