{"id":30263,"date":"2026-08-31T18:13:14","date_gmt":"2026-08-31T16:13:14","guid":{"rendered":"https:\/\/kosovatimes.info\/?p=30263"},"modified":"2026-08-31T18:13:16","modified_gmt":"2026-08-31T16:13:16","slug":"veprimtare-nga-shba-ja-me-nje-leter-ne-mbeshtetjeje-per-nominimin-e-prof-dr-bekim-sejdiut","status":"publish","type":"post","link":"https:\/\/kosovatimes.info\/index.php\/2026\/08\/31\/veprimtare-nga-shba-ja-me-nje-leter-ne-mbeshtetjeje-per-nominimin-e-prof-dr-bekim-sejdiut\/","title":{"rendered":"Veprimtar\u00eb nga SHBA-ja me nj\u00eb let\u00ebr n\u00eb mb\u00ebshtetjeje p\u00ebr nominimin e Prof. Dr. Bekim Sejdiut"},"content":{"rendered":"\n<p class=\"wp-block-paragraph\">Nj\u00eb grup i personaliteteve t\u00eb njohura t\u00eb komunitetit shqiptar n\u00eb Shtetet e Bashkuara t\u00eb Amerik\u00ebs kan\u00eb shprehur mb\u00ebshtetjen e tyre p\u00ebr kandidatur\u00ebn e <strong>Prof. Dr. Bekim Sejdiut<\/strong> p\u00ebr President t\u00eb Republik\u00ebs s\u00eb Kosov\u00ebs.<\/p>\n\n\n\n<p class=\"wp-block-paragraph\">N\u00eb nj\u00eb let\u00ebr drejtuar udh\u00ebheq\u00ebsve politik\u00eb dhe deputet\u00ebve t\u00eb Kuvendit t\u00eb Republik\u00ebs s\u00eb Kosov\u00ebs, n\u00ebnshkruesit vler\u00ebsojn\u00eb se Dr. Sejdiu, p\u00ebr shkak t\u00eb p\u00ebrvoj\u00ebs s\u00eb tij akademike, diplomatike dhe institucionale, p\u00ebrfaq\u00ebson nj\u00eb kandidat t\u00eb denj\u00eb p\u00ebr postin e Presidentit.<\/p>\n\n\n\n<p class=\"wp-block-paragraph\">Sipas tyre, n\u00eb nj\u00eb periudh\u00eb t\u00eb r\u00ebnd\u00ebsishme p\u00ebr Kosov\u00ebn, vendi ka nevoj\u00eb p\u00ebr nj\u00eb figur\u00eb q\u00eb g\u00ebzon integritet, p\u00ebrvoj\u00eb shtet\u00ebrore dhe aft\u00ebsi p\u00ebr t\u00eb kontribuar n\u00eb forcimin e unitetit institucional dhe n\u00eb p\u00ebrfaq\u00ebsimin dinjitoz t\u00eb Kosov\u00ebs n\u00eb aren\u00ebn nd\u00ebrkomb\u00ebtare.<\/p>\n\n\n\n<p class=\"wp-block-paragraph\">N\u00ebnshkruesit e letr\u00ebs theksojn\u00eb ve\u00e7an\u00ebrisht p\u00ebrvoj\u00ebn e Dr. Sejdiut gjat\u00eb sh\u00ebrbimit t\u00eb tij si <strong>Konsull i P\u00ebrgjithsh\u00ebm i Republik\u00ebs s\u00eb Kosov\u00ebs n\u00eb Nju Jork<\/strong>, ku, sipas tyre, ai dha nj\u00eb kontribut t\u00eb r\u00ebnd\u00ebsish\u00ebm n\u00eb afrimin dhe forcimin e lidhjeve nd\u00ebrmjet diaspor\u00ebs shqiptare n\u00eb SHBA dhe Kosov\u00ebs.<\/p>\n\n\n\n<p class=\"wp-block-paragraph\">Ata kujtojn\u00eb gjithashtu angazhimin e tij n\u00eb organizimin e aktiviteteve kulturore, mb\u00ebshtetjen e gjuh\u00ebs dhe shkollave shqipe, si dhe p\u00ebrpjekjet p\u00ebr promovimin e interesave t\u00eb Kosov\u00ebs n\u00eb qarqet politike dhe institucionale amerikane.<\/p>\n\n\n\n<p class=\"wp-block-paragraph\">N\u00eb let\u00ebr n\u00ebnvizohet se p\u00ebrvoja diplomatike, njohurit\u00eb juridike dhe q\u00ebndrimi institucional i Prof. Dr. Bekim Sejdiut e b\u00ebjn\u00eb at\u00eb, sipas mb\u00ebshtet\u00ebsve, nj\u00eb kandidat t\u00eb p\u00ebrshtatsh\u00ebm p\u00ebr ta p\u00ebrfaq\u00ebsuar Kosov\u00ebn me dinjitet n\u00eb sken\u00ebn nd\u00ebrkomb\u00ebtare dhe p\u00ebr t\u00eb kontribuar n\u00eb forcimin e marr\u00ebdh\u00ebnieve strategjike me Shtetet e Bashkuara.<\/p>\n\n\n\n<p class=\"wp-block-paragraph\">N\u00eb fund, personalitetet shqiptaro-amerikane u b\u00ebjn\u00eb thirrje t\u00eb gjitha partive politike dhe deputet\u00ebve t\u00eb Kuvendit t\u00eb Kosov\u00ebs q\u00eb ta shqyrtojn\u00eb me p\u00ebrgjegj\u00ebsi kandidatur\u00ebn e <strong>Prof. Dr. Bekim Sejdiut<\/strong> dhe t\u00eb bashkohen n\u00eb mb\u00ebshtetje t\u00eb tij p\u00ebr President t\u00eb Republik\u00ebs s\u00eb Kosov\u00ebs.<\/p>\n\n\n\n<p class=\"wp-block-paragraph\"><strong>N\u00eb mesin e n\u00ebnshkruesve t\u00eb k\u00ebsaj letre jan\u00eb:<\/strong> Harry Bajraktari, Vehbi Bajrami, Ekrem Bardha, Mark Gjonaj, Joe Haliti, Richard Lukaj, Jim Xhema, Gani Shehu, Beqir Sina, Ismet Smajli, Martin Vulaj, Shpresa Xhakli, si dhe personalitete t\u00eb tjera t\u00eb komunitetit shqiptar n\u00eb SHBA.<\/p>\n\n\n\n<p class=\"wp-block-paragraph\"><\/p>\n","protected":false},"excerpt":{"rendered":"<p>Nj\u00eb grup i personaliteteve t\u00eb njohura t\u00eb komunitetit shqiptar n\u00eb Shtetet e Bashkuara t\u00eb Amerik\u00ebs kan\u00eb shprehur mb\u00ebshtetjen e tyre p\u00ebr kandidatur\u00ebn e Prof. Dr. Bekim Sejdiut p\u00ebr President t\u00eb Republik\u00ebs s\u00eb Kosov\u00ebs. N\u00eb nj\u00eb let\u00ebr drejtuar udh\u00ebheq\u00ebsve politik\u00eb dhe deputet\u00ebve t\u00eb Kuvendit t\u00eb Republik\u00ebs s\u00eb Kosov\u00ebs, n\u00ebnshkruesit vler\u00ebsojn\u00eb se Dr. Sejdiu, p\u00ebr shkak t\u00eb [&hellip;]<\/p>\n","protected":false},"author":4,"featured_media":30264,"comment_status":"open","ping_status":"open","sticky":false,"template":"","format":"standard","meta":{"footnotes":""},"categories":[31,30],"tags":[],"class_list":["post-30263","post","type-post","status-publish","format-standard","has-post-thumbnail","category-kosove","category-lajme"],"yoast_head":"<!-- This site is optimized with the Yoast SEO plugin v27.4 - https:\/\/yoast.com\/product\/yoast-seo-wordpress\/ -->\n<title>Veprimtar\u00eb nga SHBA-ja me nj\u00eb let\u00ebr n\u00eb mb\u00ebshtetjeje p\u00ebr nominimin e Prof. Dr. Bekim Sejdiut - Kosova Times<\/title>\n<meta name=\"robots\" content=\"index, follow, max-snippet:-1, max-image-preview:large, max-video-preview:-1\" \/>\n<link rel=\"canonical\" href=\"https:\/\/kosovatimes.info\/index.php\/2026\/08\/31\/veprimtare-nga-shba-ja-me-nje-leter-ne-mbeshtetjeje-per-nominimin-e-prof-dr-bekim-sejdiut\/\" \/>\n<meta property=\"og:locale\" content=\"en_US\" \/>\n<meta property=\"og:type\" content=\"article\" \/>\n<meta property=\"og:title\" content=\"Veprimtar\u00eb nga SHBA-ja me nj\u00eb let\u00ebr n\u00eb mb\u00ebshtetjeje p\u00ebr nominimin e Prof. Dr. Bekim Sejdiut - Kosova Times\" \/>\n<meta property=\"og:description\" content=\"Nj\u00eb grup i personaliteteve t\u00eb njohura t\u00eb komunitetit shqiptar n\u00eb Shtetet e Bashkuara t\u00eb Amerik\u00ebs kan\u00eb shprehur mb\u00ebshtetjen e tyre p\u00ebr kandidatur\u00ebn e Prof. Dr. Bekim Sejdiut p\u00ebr President t\u00eb Republik\u00ebs s\u00eb Kosov\u00ebs. N\u00eb nj\u00eb let\u00ebr drejtuar udh\u00ebheq\u00ebsve politik\u00eb dhe deputet\u00ebve t\u00eb Kuvendit t\u00eb Republik\u00ebs s\u00eb Kosov\u00ebs, n\u00ebnshkruesit vler\u00ebsojn\u00eb se Dr. Sejdiu, p\u00ebr shkak t\u00eb [&hellip;]\" \/>\n<meta property=\"og:url\" content=\"https:\/\/kosovatimes.info\/index.php\/2026\/08\/31\/veprimtare-nga-shba-ja-me-nje-leter-ne-mbeshtetjeje-per-nominimin-e-prof-dr-bekim-sejdiut\/\" \/>\n<meta property=\"og:site_name\" content=\"Kosova Times\" \/>\n<meta property=\"article:published_time\" content=\"2026-08-31T16:13:14+00:00\" \/>\n<meta property=\"article:modified_time\" content=\"2026-08-31T16:13:16+00:00\" \/>\n<meta property=\"og:image\" content=\"https:\/\/kosovatimes.info\/wp-content\/uploads\/2026\/08\/bekim.jpeg\" \/>\n\t<meta property=\"og:image:width\" content=\"512\" \/>\n\t<meta property=\"og:image:height\" content=\"640\" \/>\n\t<meta property=\"og:image:type\" content=\"image\/jpeg\" \/>\n<meta name=\"author\" content=\"i l\" \/>\n<meta name=\"twitter:card\" content=\"summary_large_image\" \/>\n<meta name=\"twitter:label1\" content=\"Written by\" \/>\n\t<meta name=\"twitter:data1\" content=\"i l\" \/>\n\t<meta name=\"twitter:label2\" content=\"Est. reading time\" \/>\n\t<meta name=\"twitter:data2\" content=\"2 minutes\" \/>\n<script type=\"application\/ld+json\" class=\"yoast-schema-graph\">{\"@context\":\"https:\\\/\\\/schema.org\",\"@graph\":[{\"@type\":\"Article\",\"@id\":\"https:\\\/\\\/kosovatimes.info\\\/index.php\\\/2026\\\/08\\\/31\\\/veprimtare-nga-shba-ja-me-nje-leter-ne-mbeshtetjeje-per-nominimin-e-prof-dr-bekim-sejdiut\\\/#article\",\"isPartOf\":{\"@id\":\"https:\\\/\\\/kosovatimes.info\\\/index.php\\\/2026\\\/08\\\/31\\\/veprimtare-nga-shba-ja-me-nje-leter-ne-mbeshtetjeje-per-nominimin-e-prof-dr-bekim-sejdiut\\\/\"},\"author\":{\"name\":\"i l\",\"@id\":\"https:\\\/\\\/kosovatimes.info\\\/#\\\/schema\\\/person\\\/7586712b9c512fe68085de007378c915\"},\"headline\":\"Veprimtar\u00eb nga SHBA-ja me nj\u00eb let\u00ebr n\u00eb mb\u00ebshtetjeje p\u00ebr nominimin e Prof. Dr. Bekim Sejdiut\",\"datePublished\":\"2026-08-31T16:13:14+00:00\",\"dateModified\":\"2026-08-31T16:13:16+00:00\",\"mainEntityOfPage\":{\"@id\":\"https:\\\/\\\/kosovatimes.info\\\/index.php\\\/2026\\\/08\\\/31\\\/veprimtare-nga-shba-ja-me-nje-leter-ne-mbeshtetjeje-per-nominimin-e-prof-dr-bekim-sejdiut\\\/\"},\"wordCount\":426,\"commentCount\":0,\"image\":{\"@id\":\"https:\\\/\\\/kosovatimes.info\\\/index.php\\\/2026\\\/08\\\/31\\\/veprimtare-nga-shba-ja-me-nje-leter-ne-mbeshtetjeje-per-nominimin-e-prof-dr-bekim-sejdiut\\\/#primaryimage\"},\"thumbnailUrl\":\"https:\\\/\\\/kosovatimes.info\\\/wp-content\\\/uploads\\\/2026\\\/08\\\/bekim.jpeg\",\"articleSection\":[\"Kosov\u00eb\",\"Lajme\"],\"inLanguage\":\"en-US\",\"potentialAction\":[{\"@type\":\"CommentAction\",\"name\":\"Comment\",\"target\":[\"https:\\\/\\\/kosovatimes.info\\\/index.php\\\/2026\\\/08\\\/31\\\/veprimtare-nga-shba-ja-me-nje-leter-ne-mbeshtetjeje-per-nominimin-e-prof-dr-bekim-sejdiut\\\/#respond\"]}]},{\"@type\":\"WebPage\",\"@id\":\"https:\\\/\\\/kosovatimes.info\\\/index.php\\\/2026\\\/08\\\/31\\\/veprimtare-nga-shba-ja-me-nje-leter-ne-mbeshtetjeje-per-nominimin-e-prof-dr-bekim-sejdiut\\\/\",\"url\":\"https:\\\/\\\/kosovatimes.info\\\/index.php\\\/2026\\\/08\\\/31\\\/veprimtare-nga-shba-ja-me-nje-leter-ne-mbeshtetjeje-per-nominimin-e-prof-dr-bekim-sejdiut\\\/\",\"name\":\"Veprimtar\u00eb nga SHBA-ja me nj\u00eb let\u00ebr n\u00eb mb\u00ebshtetjeje p\u00ebr nominimin e Prof. Dr. Bekim Sejdiut - Kosova Times\",\"isPartOf\":{\"@id\":\"https:\\\/\\\/kosovatimes.info\\\/#website\"},\"primaryImageOfPage\":{\"@id\":\"https:\\\/\\\/kosovatimes.info\\\/index.php\\\/2026\\\/08\\\/31\\\/veprimtare-nga-shba-ja-me-nje-leter-ne-mbeshtetjeje-per-nominimin-e-prof-dr-bekim-sejdiut\\\/#primaryimage\"},\"image\":{\"@id\":\"https:\\\/\\\/kosovatimes.info\\\/index.php\\\/2026\\\/08\\\/31\\\/veprimtare-nga-shba-ja-me-nje-leter-ne-mbeshtetjeje-per-nominimin-e-prof-dr-bekim-sejdiut\\\/#primaryimage\"},\"thumbnailUrl\":\"https:\\\/\\\/kosovatimes.info\\\/wp-content\\\/uploads\\\/2026\\\/08\\\/bekim.jpeg\",\"datePublished\":\"2026-08-31T16:13:14+00:00\",\"dateModified\":\"2026-08-31T16:13:16+00:00\",\"author\":{\"@id\":\"https:\\\/\\\/kosovatimes.info\\\/#\\\/schema\\\/person\\\/7586712b9c512fe68085de007378c915\"},\"breadcrumb\":{\"@id\":\"https:\\\/\\\/kosovatimes.info\\\/index.php\\\/2026\\\/08\\\/31\\\/veprimtare-nga-shba-ja-me-nje-leter-ne-mbeshtetjeje-per-nominimin-e-prof-dr-bekim-sejdiut\\\/#breadcrumb\"},\"inLanguage\":\"en-US\",\"potentialAction\":[{\"@type\":\"ReadAction\",\"target\":[\"https:\\\/\\\/kosovatimes.info\\\/index.php\\\/2026\\\/08\\\/31\\\/veprimtare-nga-shba-ja-me-nje-leter-ne-mbeshtetjeje-per-nominimin-e-prof-dr-bekim-sejdiut\\\/\"]}]},{\"@type\":\"ImageObject\",\"inLanguage\":\"en-US\",\"@id\":\"https:\\\/\\\/kosovatimes.info\\\/index.php\\\/2026\\\/08\\\/31\\\/veprimtare-nga-shba-ja-me-nje-leter-ne-mbeshtetjeje-per-nominimin-e-prof-dr-bekim-sejdiut\\\/#primaryimage\",\"url\":\"https:\\\/\\\/kosovatimes.info\\\/wp-content\\\/uploads\\\/2026\\\/08\\\/bekim.jpeg\",\"contentUrl\":\"https:\\\/\\\/kosovatimes.info\\\/wp-content\\\/uploads\\\/2026\\\/08\\\/bekim.jpeg\",\"width\":512,\"height\":640},{\"@type\":\"BreadcrumbList\",\"@id\":\"https:\\\/\\\/kosovatimes.info\\\/index.php\\\/2026\\\/08\\\/31\\\/veprimtare-nga-shba-ja-me-nje-leter-ne-mbeshtetjeje-per-nominimin-e-prof-dr-bekim-sejdiut\\\/#breadcrumb\",\"itemListElement\":[{\"@type\":\"ListItem\",\"position\":1,\"name\":\"Home\",\"item\":\"https:\\\/\\\/kosovatimes.info\\\/\"},{\"@type\":\"ListItem\",\"position\":2,\"name\":\"Veprimtar\u00eb nga SHBA-ja me nj\u00eb let\u00ebr n\u00eb mb\u00ebshtetjeje p\u00ebr nominimin e Prof. Dr. Bekim Sejdiut\"}]},{\"@type\":\"WebSite\",\"@id\":\"https:\\\/\\\/kosovatimes.info\\\/#website\",\"url\":\"https:\\\/\\\/kosovatimes.info\\\/\",\"name\":\"Kosova Times\",\"description\":\"\",\"potentialAction\":[{\"@type\":\"SearchAction\",\"target\":{\"@type\":\"EntryPoint\",\"urlTemplate\":\"https:\\\/\\\/kosovatimes.info\\\/?s={search_term_string}\"},\"query-input\":{\"@type\":\"PropertyValueSpecification\",\"valueRequired\":true,\"valueName\":\"search_term_string\"}}],\"inLanguage\":\"en-US\"},{\"@type\":\"Person\",\"@id\":\"https:\\\/\\\/kosovatimes.info\\\/#\\\/schema\\\/person\\\/7586712b9c512fe68085de007378c915\",\"name\":\"i l\",\"image\":{\"@type\":\"ImageObject\",\"inLanguage\":\"en-US\",\"@id\":\"https:\\\/\\\/secure.gravatar.com\\\/avatar\\\/bad9296e02816160ae2e2435beda58222022298d5625d49fea74d18816fbb31d?s=96&d=mm&r=g\",\"url\":\"https:\\\/\\\/secure.gravatar.com\\\/avatar\\\/bad9296e02816160ae2e2435beda58222022298d5625d49fea74d18816fbb31d?s=96&d=mm&r=g\",\"contentUrl\":\"https:\\\/\\\/secure.gravatar.com\\\/avatar\\\/bad9296e02816160ae2e2435beda58222022298d5625d49fea74d18816fbb31d?s=96&d=mm&r=g\",\"caption\":\"i l\"},\"url\":\"https:\\\/\\\/kosovatimes.info\\\/index.php\\\/author\\\/iliri\\\/\"}]}<\/script>\n<!-- \/ Yoast SEO plugin. -->","yoast_head_json":{"title":"Veprimtar\u00eb nga SHBA-ja me nj\u00eb let\u00ebr n\u00eb mb\u00ebshtetjeje p\u00ebr nominimin e Prof. Dr. Bekim Sejdiut - Kosova Times","robots":{"index":"index","follow":"follow","max-snippet":"max-snippet:-1","max-image-preview":"max-image-preview:large","max-video-preview":"max-video-preview:-1"},"canonical":"https:\/\/kosovatimes.info\/index.php\/2026\/08\/31\/veprimtare-nga-shba-ja-me-nje-leter-ne-mbeshtetjeje-per-nominimin-e-prof-dr-bekim-sejdiut\/","og_locale":"en_US","og_type":"article","og_title":"Veprimtar\u00eb nga SHBA-ja me nj\u00eb let\u00ebr n\u00eb mb\u00ebshtetjeje p\u00ebr nominimin e Prof. Dr. Bekim Sejdiut - Kosova Times","og_description":"Nj\u00eb grup i personaliteteve t\u00eb njohura t\u00eb komunitetit shqiptar n\u00eb Shtetet e Bashkuara t\u00eb Amerik\u00ebs kan\u00eb shprehur mb\u00ebshtetjen e tyre p\u00ebr kandidatur\u00ebn e Prof. Dr. Bekim Sejdiut p\u00ebr President t\u00eb Republik\u00ebs s\u00eb Kosov\u00ebs. N\u00eb nj\u00eb let\u00ebr drejtuar udh\u00ebheq\u00ebsve politik\u00eb dhe deputet\u00ebve t\u00eb Kuvendit t\u00eb Republik\u00ebs s\u00eb Kosov\u00ebs, n\u00ebnshkruesit vler\u00ebsojn\u00eb se Dr. Sejdiu, p\u00ebr shkak t\u00eb [&hellip;]","og_url":"https:\/\/kosovatimes.info\/index.php\/2026\/08\/31\/veprimtare-nga-shba-ja-me-nje-leter-ne-mbeshtetjeje-per-nominimin-e-prof-dr-bekim-sejdiut\/","og_site_name":"Kosova Times","article_published_time":"2026-08-31T16:13:14+00:00","article_modified_time":"2026-08-31T16:13:16+00:00","og_image":[{"width":512,"height":640,"url":"https:\/\/kosovatimes.info\/wp-content\/uploads\/2026\/08\/bekim.jpeg","type":"image\/jpeg"}],"author":"i l","twitter_card":"summary_large_image","twitter_misc":{"Written by":"i l","Est. reading time":"2 minutes"},"schema":{"@context":"https:\/\/schema.org","@graph":[{"@type":"Article","@id":"https:\/\/kosovatimes.info\/index.php\/2026\/08\/31\/veprimtare-nga-shba-ja-me-nje-leter-ne-mbeshtetjeje-per-nominimin-e-prof-dr-bekim-sejdiut\/#article","isPartOf":{"@id":"https:\/\/kosovatimes.info\/index.php\/2026\/08\/31\/veprimtare-nga-shba-ja-me-nje-leter-ne-mbeshtetjeje-per-nominimin-e-prof-dr-bekim-sejdiut\/"},"author":{"name":"i l","@id":"https:\/\/kosovatimes.info\/#\/schema\/person\/7586712b9c512fe68085de007378c915"},"headline":"Veprimtar\u00eb nga SHBA-ja me nj\u00eb let\u00ebr n\u00eb mb\u00ebshtetjeje p\u00ebr nominimin e Prof. Dr. Bekim Sejdiut","datePublished":"2026-08-31T16:13:14+00:00","dateModified":"2026-08-31T16:13:16+00:00","mainEntityOfPage":{"@id":"https:\/\/kosovatimes.info\/index.php\/2026\/08\/31\/veprimtare-nga-shba-ja-me-nje-leter-ne-mbeshtetjeje-per-nominimin-e-prof-dr-bekim-sejdiut\/"},"wordCount":426,"commentCount":0,"image":{"@id":"https:\/\/kosovatimes.info\/index.php\/2026\/08\/31\/veprimtare-nga-shba-ja-me-nje-leter-ne-mbeshtetjeje-per-nominimin-e-prof-dr-bekim-sejdiut\/#primaryimage"},"thumbnailUrl":"https:\/\/kosovatimes.info\/wp-content\/uploads\/2026\/08\/bekim.jpeg","articleSection":["Kosov\u00eb","Lajme"],"inLanguage":"en-US","potentialAction":[{"@type":"CommentAction","name":"Comment","target":["https:\/\/kosovatimes.info\/index.php\/2026\/08\/31\/veprimtare-nga-shba-ja-me-nje-leter-ne-mbeshtetjeje-per-nominimin-e-prof-dr-bekim-sejdiut\/#respond"]}]},{"@type":"WebPage","@id":"https:\/\/kosovatimes.info\/index.php\/2026\/08\/31\/veprimtare-nga-shba-ja-me-nje-leter-ne-mbeshtetjeje-per-nominimin-e-prof-dr-bekim-sejdiut\/","url":"https:\/\/kosovatimes.info\/index.php\/2026\/08\/31\/veprimtare-nga-shba-ja-me-nje-leter-ne-mbeshtetjeje-per-nominimin-e-prof-dr-bekim-sejdiut\/","name":"Veprimtar\u00eb nga SHBA-ja me nj\u00eb let\u00ebr n\u00eb mb\u00ebshtetjeje p\u00ebr nominimin e Prof. Dr. Bekim Sejdiut - Kosova Times","isPartOf":{"@id":"https:\/\/kosovatimes.info\/#website"},"primaryImageOfPage":{"@id":"https:\/\/kosovatimes.info\/index.php\/2026\/08\/31\/veprimtare-nga-shba-ja-me-nje-leter-ne-mbeshtetjeje-per-nominimin-e-prof-dr-bekim-sejdiut\/#primaryimage"},"image":{"@id":"https:\/\/kosovatimes.info\/index.php\/2026\/08\/31\/veprimtare-nga-shba-ja-me-nje-leter-ne-mbeshtetjeje-per-nominimin-e-prof-dr-bekim-sejdiut\/#primaryimage"},"thumbnailUrl":"https:\/\/kosovatimes.info\/wp-content\/uploads\/2026\/08\/bekim.jpeg","datePublished":"2026-08-31T16:13:14+00:00","dateModified":"2026-08-31T16:13:16+00:00","author":{"@id":"https:\/\/kosovatimes.info\/#\/schema\/person\/7586712b9c512fe68085de007378c915"},"breadcrumb":{"@id":"https:\/\/kosovatimes.info\/index.php\/2026\/08\/31\/veprimtare-nga-shba-ja-me-nje-leter-ne-mbeshtetjeje-per-nominimin-e-prof-dr-bekim-sejdiut\/#breadcrumb"},"inLanguage":"en-US","potentialAction":[{"@type":"ReadAction","target":["https:\/\/kosovatimes.info\/index.php\/2026\/08\/31\/veprimtare-nga-shba-ja-me-nje-leter-ne-mbeshtetjeje-per-nominimin-e-prof-dr-bekim-sejdiut\/"]}]},{"@type":"ImageObject","inLanguage":"en-US","@id":"https:\/\/kosovatimes.info\/index.php\/2026\/08\/31\/veprimtare-nga-shba-ja-me-nje-leter-ne-mbeshtetjeje-per-nominimin-e-prof-dr-bekim-sejdiut\/#primaryimage","url":"https:\/\/kosovatimes.info\/wp-content\/uploads\/2026\/08\/bekim.jpeg","contentUrl":"https:\/\/kosovatimes.info\/wp-content\/uploads\/2026\/08\/bekim.jpeg","width":512,"height":640},{"@type":"BreadcrumbList","@id":"https:\/\/kosovatimes.info\/index.php\/2026\/08\/31\/veprimtare-nga-shba-ja-me-nje-leter-ne-mbeshtetjeje-per-nominimin-e-prof-dr-bekim-sejdiut\/#breadcrumb","itemListElement":[{"@type":"ListItem","position":1,"name":"Home","item":"https:\/\/kosovatimes.info\/"},{"@type":"ListItem","position":2,"name":"Veprimtar\u00eb nga SHBA-ja me nj\u00eb let\u00ebr n\u00eb mb\u00ebshtetjeje p\u00ebr nominimin e Prof. Dr. Bekim Sejdiut"}]},{"@type":"WebSite","@id":"https:\/\/kosovatimes.info\/#website","url":"https:\/\/kosovatimes.info\/","name":"Kosova Times","description":"","potentialAction":[{"@type":"SearchAction","target":{"@type":"EntryPoint","urlTemplate":"https:\/\/kosovatimes.info\/?s={search_term_string}"},"query-input":{"@type":"PropertyValueSpecification","valueRequired":true,"valueName":"search_term_string"}}],"inLanguage":"en-US"},{"@type":"Person","@id":"https:\/\/kosovatimes.info\/#\/schema\/person\/7586712b9c512fe68085de007378c915","name":"i l","image":{"@type":"ImageObject","inLanguage":"en-US","@id":"https:\/\/secure.gravatar.com\/avatar\/bad9296e02816160ae2e2435beda58222022298d5625d49fea74d18816fbb31d?s=96&d=mm&r=g","url":"https:\/\/secure.gravatar.com\/avatar\/bad9296e02816160ae2e2435beda58222022298d5625d49fea74d18816fbb31d?s=96&d=mm&r=g","contentUrl":"https:\/\/secure.gravatar.com\/avatar\/bad9296e02816160ae2e2435beda58222022298d5625d49fea74d18816fbb31d?s=96&d=mm&r=g","caption":"i l"},"url":"https:\/\/kosovatimes.info\/index.php\/author\/iliri\/"}]}},"_links":{"self":[{"href":"https:\/\/kosovatimes.info\/index.php\/wp-json\/wp\/v2\/posts\/30263","targetHints":{"allow":["GET"]}}],"collection":[{"href":"https:\/\/kosovatimes.info\/index.php\/wp-json\/wp\/v2\/posts"}],"about":[{"href":"https:\/\/kosovatimes.info\/index.php\/wp-json\/wp\/v2\/types\/post"}],"author":[{"embeddable":true,"href":"https:\/\/kosovatimes.info\/index.php\/wp-json\/wp\/v2\/users\/4"}],"replies":[{"embeddable":true,"href":"https:\/\/kosovatimes.info\/index.php\/wp-json\/wp\/v2\/comments?post=30263"}],"version-history":[{"count":1,"href":"https:\/\/kosovatimes.info\/index.php\/wp-json\/wp\/v2\/posts\/30263\/revisions"}],"predecessor-version":[{"id":30265,"href":"https:\/\/kosovatimes.info\/index.php\/wp-json\/wp\/v2\/posts\/30263\/revisions\/30265"}],"wp:featuredmedia":[{"embeddable":true,"href":"https:\/\/kosovatimes.info\/index.php\/wp-json\/wp\/v2\/media\/30264"}],"wp:attachment":[{"href":"https:\/\/kosovatimes.info\/index.php\/wp-json\/wp\/v2\/media?parent=30263"}],"wp:term":[{"taxonomy":"category","embeddable":true,"href":"https:\/\/kosovatimes.info\/index.php\/wp-json\/wp\/v2\/categories?post=30263"},{"taxonomy":"post_tag","embeddable":true,"href":"https:\/\/kosovatimes.info\/index.php\/wp-json\/wp\/v2\/tags?post=30263"}],"curies":[{"name":"wp","href":"https:\/\/api.w.org\/{rel}","templated":true}]}}