{"id":30266,"date":"2026-08-31T18:19:46","date_gmt":"2026-08-31T16:19:46","guid":{"rendered":"https:\/\/kosovatimes.info\/?p=30266"},"modified":"2026-08-31T18:19:47","modified_gmt":"2026-08-31T16:19:47","slug":"gjermanet-e-tronditur-nga-serbia-funeral-shteteror-per-vrasesin-masiv","status":"publish","type":"post","link":"https:\/\/kosovatimes.info\/index.php\/2026\/08\/31\/gjermanet-e-tronditur-nga-serbia-funeral-shteteror-per-vrasesin-masiv\/","title":{"rendered":"Gjerman\u00ebt e tronditur nga Serbia: &#8216;Funeral shtet\u00ebror p\u00ebr vras\u00ebsin masiv?"},"content":{"rendered":"\n<p class=\"wp-block-paragraph\">Beogradi po debaton se si duhet t\u00eb varroset\u00a0<strong>Ratko Mladi\u00e7<\/strong>\u00a0, shkruan gazeta gjermane Frankfurter Allgemeine Zeitung (FAZ), si\u00e7 raportohet nga\u00a0<a href=\"https:\/\/www.dw.com\/hr\/njema%C4%8Dki-list-o-ratku-mladi%C4%87u-dr%C5%BEavna-sahrana-za-masovnog-ubojicu\/a-78572708\" target=\"_blank\" rel=\"noopener\">Deutsche Welle<\/a>\u00a0.&#8221;Ministri serb i Drejt\u00ebsis\u00eb,\u00a0<strong>Nenad Vuji\u00e7,<\/strong>\u00a0i tha nj\u00eb kanali televiziv boshnjak pas vdekjes s\u00eb kriminelit t\u00eb luft\u00ebs Ratko Mladi\u00e7: &#8216;Gjenerali Mladi\u00e7 \u00ebsht\u00eb gjeneral dhe protokolli dihet. Ajo q\u00eb i p\u00ebrket Mladi\u00e7it si gjeneral sigurisht q\u00eb do t\u00eb respektohet&#8217;. Kjo deklarat\u00eb u interpretua nga disa media dhe aktor\u00eb politik\u00eb t\u00eb Beogradit si nj\u00eb njoftim p\u00ebr nj\u00eb funeral shtet\u00ebror. Pavar\u00ebsisht se si u konceptua, \u00ebsht\u00eb e qart\u00eb se vet\u00ebm nj\u00eb njeri n\u00eb Beograd vendos n\u00ebse shteti do t\u00eb marr\u00eb pjes\u00eb n\u00eb funeralin e Ratko Mladi\u00e7it n\u00eb ndonj\u00eb m\u00ebnyr\u00eb: Presidenti serb\u00a0<strong>Aleksandar Vu\u00e7i\u00e7<\/strong>\u00a0. Por ai fillimisht mbeti i rezervuar&#8221;, shkruan Frankfurter Allgemeine Zeitung.U botua vet\u00ebm se nj\u00eb jav\u00eb para vdekjes s\u00eb Mlladi\u00e7it, Vu\u00e7i\u00e7 i shkroi Tribunalit t\u00eb Hag\u00ebs me nj\u00eb k\u00ebrkes\u00eb q\u00eb i burgosuri, i cili me sa duket tashm\u00eb po vdiste, t\u00eb transferohej n\u00eb nj\u00eb spital n\u00eb Serbi. Megjithat\u00eb, kjo k\u00ebrkes\u00eb u refuzua.<\/p>\n\n\n\n<p class=\"wp-block-paragraph\">Nuk ka gjasa q\u00eb Mladi\u00e7 t\u00eb varroset n\u00eb Bosnj\u00eb dhe Hercegovin\u00eb, ku lindi dhe u rrit, shkruan m\u00eb tej FAZ. &#8220;Jo vet\u00ebm q\u00eb do t\u00eb ishte e pamundur p\u00ebr arsye politike t\u00eb ngrihej nj\u00eb varr p\u00ebrkujtimor n\u00eb nder t\u00eb tij n\u00eb vendin e krimeve t\u00eb tij m\u00eb t\u00eb m\u00ebdha, por ndoshta nuk do t\u00eb ishte n\u00eb p\u00ebrputhje me d\u00ebshirat e familjes dhe t\u00eb t\u00eb ndjerit&#8221;. Sipas raportimeve t\u00eb mediave n\u00eb Serbi, Mladi\u00e7 dyshohet se donte t\u00eb varrosej pran\u00eb vajz\u00ebs s\u00eb tij, e cila kreu vet\u00ebvrasje n\u00eb vitin 1994 n\u00eb mosh\u00ebn 23 vje\u00e7.<\/p>\n\n\n\n<h3 class=\"wp-block-heading\">Serbia u p\u00ebrball me nj\u00eb pyetje t\u00eb ngjashme pas vdekjes s\u00eb Millosheviqit.<\/h3>\n\n\n\n<p class=\"wp-block-paragraph\">Gazeta gjermane m\u00eb pas thekson se n\u00eb Serbi vitet e fundit, t\u00eb pakt\u00ebn n\u00eb m\u00ebnyr\u00eb indirekte, kulti i personalitetit t\u00eb Ratko Mladi\u00e7it \u00ebsht\u00eb inkurajuar nga shteti, krimet e t\u00eb cilit jan\u00eb mohuar, minimizuar ose madje festuar, shkruan FAZ. Kjo t\u00eb kujton nj\u00eb mural t\u00eb madh n\u00eb nj\u00eb nd\u00ebrtes\u00eb banimi n\u00eb qend\u00ebr t\u00eb Beogradit, i cili para se t\u00eb hiqej &#8220;ishte n\u00ebn mbrojtjen e institucioneve shtet\u00ebrore p\u00ebr jav\u00eb t\u00eb t\u00ebra&#8221;, dhe &#8220;nj\u00eb politikan nga maja e shtetit serb e vizitoi n\u00eb m\u00ebnyr\u00eb demonstrative at\u00eb vend&#8221;.FAZ shkruan m\u00eb tej se politika e viteve 1990 nuk \u00ebsht\u00eb kap\u00ebrcyer, si\u00e7 tregohet nga reagimi i klubit t\u00eb futbollit Ylli i Kuq. &#8220;Rekordmeni serb p\u00ebr numrin e titujve dhe fituesi i Kup\u00ebs s\u00eb Kampion\u00ebve t\u00eb Evrop\u00ebs n\u00eb vitin 1991 postoi foto n\u00eb rrjetet e tij sociale me mbishkrimin: &#8216;Gjeneral, lavdi dhe fal\u00ebnderime t\u00eb p\u00ebrjetshme'&#8221;.<\/p>\n\n\n\n<p class=\"wp-block-paragraph\">Gazeta gjermane p\u00ebrmend m\u00eb pas se kulti i Ratko Mladi\u0107-it kultivohet n\u00eb pjes\u00ebn e Bosnj\u00ebs dhe Hercegovin\u00ebs n\u00ebn kontrollin serb, n\u00eb Republik\u00ebn Srpska. &#8220;Milorad Dodik bie n\u00eb sy n\u00eb ve\u00e7anti, i cili tregon nj\u00eb af\u00ebrsi demonstrative si me diktatorin rus Vladimir Putin ashtu edhe me l\u00ebvizjen amerikane MAGA.&#8221;<\/p>\n\n\n\n<p class=\"wp-block-paragraph\">FAZ gjithashtu deklaron se &#8220;\u00e7\u00ebshtja me t\u00eb cil\u00ebn p\u00ebrballet Serbia tani \u00ebsht\u00eb shum\u00eb e ngjashme me at\u00eb q\u00eb u p\u00ebrball pas vdekjes s\u00eb ish-presidentit&nbsp;<strong>Slobodan Millosheviq<\/strong>&nbsp;n\u00eb vitin 2006. Ai vdiq nga nj\u00eb atak n\u00eb zem\u00ebr n\u00eb nj\u00eb qeli burgu n\u00eb Hag\u00eb para p\u00ebrfundimit t\u00eb procedurave gjyq\u00ebsore, dhe k\u00ebshtu formalisht i pafajsh\u00ebm&#8221;.<\/p>\n\n\n\n<p class=\"wp-block-paragraph\">&#8220;Udh\u00ebheqja e at\u00ebhershme, e udh\u00ebhequr nga presidenti pro-evropian Boris Tadi\u00e7, u p\u00ebrball me \u00e7\u00ebshtjen se ku ta varrosnin, pa e b\u00ebr\u00eb varrin e tij nj\u00eb vend pelegrinazhi p\u00ebr nacionalizmin serbomadh. N\u00eb nj\u00eb koh\u00eb n\u00eb Beograd, u shqyrtua mund\u00ebsia e &#8220;eksportimit&#8221; t\u00eb problemit n\u00eb Rusi. Gruaja dhe djali i Millosheviqit ik\u00ebn n\u00eb Mosk\u00eb, k\u00ebshtu q\u00eb nj\u00eb funeral atje dukej si nj\u00eb zgjidhje logjike. N\u00eb fund, nj\u00eb zgjidhje e ndryshme, mjaft e pazakont\u00eb, u gjet n\u00eb Beograd: Millosheviq, me miratim t\u00eb ve\u00e7ant\u00eb, u varros n\u00eb kopshtin publik t\u00eb sht\u00ebpis\u00eb s\u00eb tij n\u00eb qytetin e tij t\u00eb lindjes, Pozharevac, n\u00eb juglindje t\u00eb Beogradit&#8221;, shkruan Frankfurter Algemeine Zeitung dhe p\u00ebrmbledh:<\/p>\n\n\n\n<p class=\"wp-block-paragraph\">&#8220;Ratko Mladi\u00e7 nuk u pendua deri n\u00eb fund, nj\u00ebsoj si pothuajse t\u00eb gjith\u00eb 160 burrat e paditur para Tribunalit t\u00eb Hag\u00ebs. Ka pak arsye p\u00ebr t\u00eb supozuar se vdekja e tij do t\u00eb \u00e7oj\u00eb n\u00eb nj\u00eb debat t\u00eb hapur serb rreth krimeve t\u00eb kryera n\u00eb em\u00ebr t\u00eb shtetit t\u00eb Serbis\u00eb s\u00eb Madhe n\u00eb vitet 1990.&#8221;<\/p>\n","protected":false},"excerpt":{"rendered":"<p>Beogradi po debaton se si duhet t\u00eb varroset\u00a0Ratko Mladi\u00e7\u00a0, shkruan gazeta gjermane Frankfurter Allgemeine Zeitung (FAZ), si\u00e7 raportohet nga\u00a0Deutsche Welle\u00a0.&#8221;Ministri serb i Drejt\u00ebsis\u00eb,\u00a0Nenad Vuji\u00e7,\u00a0i tha nj\u00eb kanali televiziv boshnjak pas vdekjes s\u00eb kriminelit t\u00eb luft\u00ebs Ratko Mladi\u00e7: &#8216;Gjenerali Mladi\u00e7 \u00ebsht\u00eb gjeneral dhe protokolli dihet. Ajo q\u00eb i p\u00ebrket Mladi\u00e7it si gjeneral sigurisht q\u00eb do t\u00eb [&hellip;]<\/p>\n","protected":false},"author":4,"featured_media":30267,"comment_status":"open","ping_status":"open","sticky":false,"template":"","format":"standard","meta":{"footnotes":""},"categories":[33,30],"tags":[],"class_list":["post-30266","post","type-post","status-publish","format-standard","has-post-thumbnail","category-bote","category-lajme"],"yoast_head":"<!-- This site is optimized with the Yoast SEO plugin v27.4 - https:\/\/yoast.com\/product\/yoast-seo-wordpress\/ -->\n<title>Gjerman\u00ebt e tronditur nga Serbia: &#039;Funeral shtet\u00ebror p\u00ebr vras\u00ebsin masiv? - Kosova Times<\/title>\n<meta name=\"robots\" content=\"index, follow, max-snippet:-1, max-image-preview:large, max-video-preview:-1\" \/>\n<link rel=\"canonical\" href=\"https:\/\/kosovatimes.info\/index.php\/2026\/08\/31\/gjermanet-e-tronditur-nga-serbia-funeral-shteteror-per-vrasesin-masiv\/\" \/>\n<meta property=\"og:locale\" content=\"en_US\" \/>\n<meta property=\"og:type\" content=\"article\" \/>\n<meta property=\"og:title\" content=\"Gjerman\u00ebt e tronditur nga Serbia: &#039;Funeral shtet\u00ebror p\u00ebr vras\u00ebsin masiv? - Kosova Times\" \/>\n<meta property=\"og:description\" content=\"Beogradi po debaton se si duhet t\u00eb varroset\u00a0Ratko Mladi\u00e7\u00a0, shkruan gazeta gjermane Frankfurter Allgemeine Zeitung (FAZ), si\u00e7 raportohet nga\u00a0Deutsche Welle\u00a0.&#8221;Ministri serb i Drejt\u00ebsis\u00eb,\u00a0Nenad Vuji\u00e7,\u00a0i tha nj\u00eb kanali televiziv boshnjak pas vdekjes s\u00eb kriminelit t\u00eb luft\u00ebs Ratko Mladi\u00e7: &#8216;Gjenerali Mladi\u00e7 \u00ebsht\u00eb gjeneral dhe protokolli dihet. Ajo q\u00eb i p\u00ebrket Mladi\u00e7it si gjeneral sigurisht q\u00eb do t\u00eb [&hellip;]\" \/>\n<meta property=\"og:url\" content=\"https:\/\/kosovatimes.info\/index.php\/2026\/08\/31\/gjermanet-e-tronditur-nga-serbia-funeral-shteteror-per-vrasesin-masiv\/\" \/>\n<meta property=\"og:site_name\" content=\"Kosova Times\" \/>\n<meta property=\"article:published_time\" content=\"2026-08-31T16:19:46+00:00\" \/>\n<meta property=\"article:modified_time\" content=\"2026-08-31T16:19:47+00:00\" \/>\n<meta property=\"og:image\" content=\"https:\/\/kosovatimes.info\/wp-content\/uploads\/2026\/08\/Mladiq-2.jpg\" \/>\n\t<meta property=\"og:image:width\" content=\"1280\" \/>\n\t<meta property=\"og:image:height\" content=\"670\" \/>\n\t<meta property=\"og:image:type\" content=\"image\/jpeg\" \/>\n<meta name=\"author\" content=\"i l\" \/>\n<meta name=\"twitter:card\" content=\"summary_large_image\" \/>\n<meta name=\"twitter:label1\" content=\"Written by\" \/>\n\t<meta name=\"twitter:data1\" content=\"i l\" \/>\n\t<meta name=\"twitter:label2\" content=\"Est. reading time\" \/>\n\t<meta name=\"twitter:data2\" content=\"4 minutes\" \/>\n<script type=\"application\/ld+json\" class=\"yoast-schema-graph\">{\"@context\":\"https:\\\/\\\/schema.org\",\"@graph\":[{\"@type\":\"Article\",\"@id\":\"https:\\\/\\\/kosovatimes.info\\\/index.php\\\/2026\\\/08\\\/31\\\/gjermanet-e-tronditur-nga-serbia-funeral-shteteror-per-vrasesin-masiv\\\/#article\",\"isPartOf\":{\"@id\":\"https:\\\/\\\/kosovatimes.info\\\/index.php\\\/2026\\\/08\\\/31\\\/gjermanet-e-tronditur-nga-serbia-funeral-shteteror-per-vrasesin-masiv\\\/\"},\"author\":{\"name\":\"i l\",\"@id\":\"https:\\\/\\\/kosovatimes.info\\\/#\\\/schema\\\/person\\\/7586712b9c512fe68085de007378c915\"},\"headline\":\"Gjerman\u00ebt e tronditur nga Serbia: &#8216;Funeral shtet\u00ebror p\u00ebr vras\u00ebsin masiv?\",\"datePublished\":\"2026-08-31T16:19:46+00:00\",\"dateModified\":\"2026-08-31T16:19:47+00:00\",\"mainEntityOfPage\":{\"@id\":\"https:\\\/\\\/kosovatimes.info\\\/index.php\\\/2026\\\/08\\\/31\\\/gjermanet-e-tronditur-nga-serbia-funeral-shteteror-per-vrasesin-masiv\\\/\"},\"wordCount\":757,\"commentCount\":0,\"image\":{\"@id\":\"https:\\\/\\\/kosovatimes.info\\\/index.php\\\/2026\\\/08\\\/31\\\/gjermanet-e-tronditur-nga-serbia-funeral-shteteror-per-vrasesin-masiv\\\/#primaryimage\"},\"thumbnailUrl\":\"https:\\\/\\\/kosovatimes.info\\\/wp-content\\\/uploads\\\/2026\\\/08\\\/Mladiq-2.jpg\",\"articleSection\":[\"Bot\u00eb\",\"Lajme\"],\"inLanguage\":\"en-US\",\"potentialAction\":[{\"@type\":\"CommentAction\",\"name\":\"Comment\",\"target\":[\"https:\\\/\\\/kosovatimes.info\\\/index.php\\\/2026\\\/08\\\/31\\\/gjermanet-e-tronditur-nga-serbia-funeral-shteteror-per-vrasesin-masiv\\\/#respond\"]}]},{\"@type\":\"WebPage\",\"@id\":\"https:\\\/\\\/kosovatimes.info\\\/index.php\\\/2026\\\/08\\\/31\\\/gjermanet-e-tronditur-nga-serbia-funeral-shteteror-per-vrasesin-masiv\\\/\",\"url\":\"https:\\\/\\\/kosovatimes.info\\\/index.php\\\/2026\\\/08\\\/31\\\/gjermanet-e-tronditur-nga-serbia-funeral-shteteror-per-vrasesin-masiv\\\/\",\"name\":\"Gjerman\u00ebt e tronditur nga Serbia: 'Funeral shtet\u00ebror p\u00ebr vras\u00ebsin masiv? - Kosova Times\",\"isPartOf\":{\"@id\":\"https:\\\/\\\/kosovatimes.info\\\/#website\"},\"primaryImageOfPage\":{\"@id\":\"https:\\\/\\\/kosovatimes.info\\\/index.php\\\/2026\\\/08\\\/31\\\/gjermanet-e-tronditur-nga-serbia-funeral-shteteror-per-vrasesin-masiv\\\/#primaryimage\"},\"image\":{\"@id\":\"https:\\\/\\\/kosovatimes.info\\\/index.php\\\/2026\\\/08\\\/31\\\/gjermanet-e-tronditur-nga-serbia-funeral-shteteror-per-vrasesin-masiv\\\/#primaryimage\"},\"thumbnailUrl\":\"https:\\\/\\\/kosovatimes.info\\\/wp-content\\\/uploads\\\/2026\\\/08\\\/Mladiq-2.jpg\",\"datePublished\":\"2026-08-31T16:19:46+00:00\",\"dateModified\":\"2026-08-31T16:19:47+00:00\",\"author\":{\"@id\":\"https:\\\/\\\/kosovatimes.info\\\/#\\\/schema\\\/person\\\/7586712b9c512fe68085de007378c915\"},\"breadcrumb\":{\"@id\":\"https:\\\/\\\/kosovatimes.info\\\/index.php\\\/2026\\\/08\\\/31\\\/gjermanet-e-tronditur-nga-serbia-funeral-shteteror-per-vrasesin-masiv\\\/#breadcrumb\"},\"inLanguage\":\"en-US\",\"potentialAction\":[{\"@type\":\"ReadAction\",\"target\":[\"https:\\\/\\\/kosovatimes.info\\\/index.php\\\/2026\\\/08\\\/31\\\/gjermanet-e-tronditur-nga-serbia-funeral-shteteror-per-vrasesin-masiv\\\/\"]}]},{\"@type\":\"ImageObject\",\"inLanguage\":\"en-US\",\"@id\":\"https:\\\/\\\/kosovatimes.info\\\/index.php\\\/2026\\\/08\\\/31\\\/gjermanet-e-tronditur-nga-serbia-funeral-shteteror-per-vrasesin-masiv\\\/#primaryimage\",\"url\":\"https:\\\/\\\/kosovatimes.info\\\/wp-content\\\/uploads\\\/2026\\\/08\\\/Mladiq-2.jpg\",\"contentUrl\":\"https:\\\/\\\/kosovatimes.info\\\/wp-content\\\/uploads\\\/2026\\\/08\\\/Mladiq-2.jpg\",\"width\":1280,\"height\":670},{\"@type\":\"BreadcrumbList\",\"@id\":\"https:\\\/\\\/kosovatimes.info\\\/index.php\\\/2026\\\/08\\\/31\\\/gjermanet-e-tronditur-nga-serbia-funeral-shteteror-per-vrasesin-masiv\\\/#breadcrumb\",\"itemListElement\":[{\"@type\":\"ListItem\",\"position\":1,\"name\":\"Home\",\"item\":\"https:\\\/\\\/kosovatimes.info\\\/\"},{\"@type\":\"ListItem\",\"position\":2,\"name\":\"Gjerman\u00ebt e tronditur nga Serbia: &#8216;Funeral shtet\u00ebror p\u00ebr vras\u00ebsin masiv?\"}]},{\"@type\":\"WebSite\",\"@id\":\"https:\\\/\\\/kosovatimes.info\\\/#website\",\"url\":\"https:\\\/\\\/kosovatimes.info\\\/\",\"name\":\"Kosova Times\",\"description\":\"\",\"potentialAction\":[{\"@type\":\"SearchAction\",\"target\":{\"@type\":\"EntryPoint\",\"urlTemplate\":\"https:\\\/\\\/kosovatimes.info\\\/?s={search_term_string}\"},\"query-input\":{\"@type\":\"PropertyValueSpecification\",\"valueRequired\":true,\"valueName\":\"search_term_string\"}}],\"inLanguage\":\"en-US\"},{\"@type\":\"Person\",\"@id\":\"https:\\\/\\\/kosovatimes.info\\\/#\\\/schema\\\/person\\\/7586712b9c512fe68085de007378c915\",\"name\":\"i l\",\"image\":{\"@type\":\"ImageObject\",\"inLanguage\":\"en-US\",\"@id\":\"https:\\\/\\\/secure.gravatar.com\\\/avatar\\\/bad9296e02816160ae2e2435beda58222022298d5625d49fea74d18816fbb31d?s=96&d=mm&r=g\",\"url\":\"https:\\\/\\\/secure.gravatar.com\\\/avatar\\\/bad9296e02816160ae2e2435beda58222022298d5625d49fea74d18816fbb31d?s=96&d=mm&r=g\",\"contentUrl\":\"https:\\\/\\\/secure.gravatar.com\\\/avatar\\\/bad9296e02816160ae2e2435beda58222022298d5625d49fea74d18816fbb31d?s=96&d=mm&r=g\",\"caption\":\"i l\"},\"url\":\"https:\\\/\\\/kosovatimes.info\\\/index.php\\\/author\\\/iliri\\\/\"}]}<\/script>\n<!-- \/ Yoast SEO plugin. -->","yoast_head_json":{"title":"Gjerman\u00ebt e tronditur nga Serbia: 'Funeral shtet\u00ebror p\u00ebr vras\u00ebsin masiv? - Kosova Times","robots":{"index":"index","follow":"follow","max-snippet":"max-snippet:-1","max-image-preview":"max-image-preview:large","max-video-preview":"max-video-preview:-1"},"canonical":"https:\/\/kosovatimes.info\/index.php\/2026\/08\/31\/gjermanet-e-tronditur-nga-serbia-funeral-shteteror-per-vrasesin-masiv\/","og_locale":"en_US","og_type":"article","og_title":"Gjerman\u00ebt e tronditur nga Serbia: 'Funeral shtet\u00ebror p\u00ebr vras\u00ebsin masiv? - Kosova Times","og_description":"Beogradi po debaton se si duhet t\u00eb varroset\u00a0Ratko Mladi\u00e7\u00a0, shkruan gazeta gjermane Frankfurter Allgemeine Zeitung (FAZ), si\u00e7 raportohet nga\u00a0Deutsche Welle\u00a0.&#8221;Ministri serb i Drejt\u00ebsis\u00eb,\u00a0Nenad Vuji\u00e7,\u00a0i tha nj\u00eb kanali televiziv boshnjak pas vdekjes s\u00eb kriminelit t\u00eb luft\u00ebs Ratko Mladi\u00e7: &#8216;Gjenerali Mladi\u00e7 \u00ebsht\u00eb gjeneral dhe protokolli dihet. Ajo q\u00eb i p\u00ebrket Mladi\u00e7it si gjeneral sigurisht q\u00eb do t\u00eb [&hellip;]","og_url":"https:\/\/kosovatimes.info\/index.php\/2026\/08\/31\/gjermanet-e-tronditur-nga-serbia-funeral-shteteror-per-vrasesin-masiv\/","og_site_name":"Kosova Times","article_published_time":"2026-08-31T16:19:46+00:00","article_modified_time":"2026-08-31T16:19:47+00:00","og_image":[{"width":1280,"height":670,"url":"https:\/\/kosovatimes.info\/wp-content\/uploads\/2026\/08\/Mladiq-2.jpg","type":"image\/jpeg"}],"author":"i l","twitter_card":"summary_large_image","twitter_misc":{"Written by":"i l","Est. reading time":"4 minutes"},"schema":{"@context":"https:\/\/schema.org","@graph":[{"@type":"Article","@id":"https:\/\/kosovatimes.info\/index.php\/2026\/08\/31\/gjermanet-e-tronditur-nga-serbia-funeral-shteteror-per-vrasesin-masiv\/#article","isPartOf":{"@id":"https:\/\/kosovatimes.info\/index.php\/2026\/08\/31\/gjermanet-e-tronditur-nga-serbia-funeral-shteteror-per-vrasesin-masiv\/"},"author":{"name":"i l","@id":"https:\/\/kosovatimes.info\/#\/schema\/person\/7586712b9c512fe68085de007378c915"},"headline":"Gjerman\u00ebt e tronditur nga Serbia: &#8216;Funeral shtet\u00ebror p\u00ebr vras\u00ebsin masiv?","datePublished":"2026-08-31T16:19:46+00:00","dateModified":"2026-08-31T16:19:47+00:00","mainEntityOfPage":{"@id":"https:\/\/kosovatimes.info\/index.php\/2026\/08\/31\/gjermanet-e-tronditur-nga-serbia-funeral-shteteror-per-vrasesin-masiv\/"},"wordCount":757,"commentCount":0,"image":{"@id":"https:\/\/kosovatimes.info\/index.php\/2026\/08\/31\/gjermanet-e-tronditur-nga-serbia-funeral-shteteror-per-vrasesin-masiv\/#primaryimage"},"thumbnailUrl":"https:\/\/kosovatimes.info\/wp-content\/uploads\/2026\/08\/Mladiq-2.jpg","articleSection":["Bot\u00eb","Lajme"],"inLanguage":"en-US","potentialAction":[{"@type":"CommentAction","name":"Comment","target":["https:\/\/kosovatimes.info\/index.php\/2026\/08\/31\/gjermanet-e-tronditur-nga-serbia-funeral-shteteror-per-vrasesin-masiv\/#respond"]}]},{"@type":"WebPage","@id":"https:\/\/kosovatimes.info\/index.php\/2026\/08\/31\/gjermanet-e-tronditur-nga-serbia-funeral-shteteror-per-vrasesin-masiv\/","url":"https:\/\/kosovatimes.info\/index.php\/2026\/08\/31\/gjermanet-e-tronditur-nga-serbia-funeral-shteteror-per-vrasesin-masiv\/","name":"Gjerman\u00ebt e tronditur nga Serbia: 'Funeral shtet\u00ebror p\u00ebr vras\u00ebsin masiv? - Kosova Times","isPartOf":{"@id":"https:\/\/kosovatimes.info\/#website"},"primaryImageOfPage":{"@id":"https:\/\/kosovatimes.info\/index.php\/2026\/08\/31\/gjermanet-e-tronditur-nga-serbia-funeral-shteteror-per-vrasesin-masiv\/#primaryimage"},"image":{"@id":"https:\/\/kosovatimes.info\/index.php\/2026\/08\/31\/gjermanet-e-tronditur-nga-serbia-funeral-shteteror-per-vrasesin-masiv\/#primaryimage"},"thumbnailUrl":"https:\/\/kosovatimes.info\/wp-content\/uploads\/2026\/08\/Mladiq-2.jpg","datePublished":"2026-08-31T16:19:46+00:00","dateModified":"2026-08-31T16:19:47+00:00","author":{"@id":"https:\/\/kosovatimes.info\/#\/schema\/person\/7586712b9c512fe68085de007378c915"},"breadcrumb":{"@id":"https:\/\/kosovatimes.info\/index.php\/2026\/08\/31\/gjermanet-e-tronditur-nga-serbia-funeral-shteteror-per-vrasesin-masiv\/#breadcrumb"},"inLanguage":"en-US","potentialAction":[{"@type":"ReadAction","target":["https:\/\/kosovatimes.info\/index.php\/2026\/08\/31\/gjermanet-e-tronditur-nga-serbia-funeral-shteteror-per-vrasesin-masiv\/"]}]},{"@type":"ImageObject","inLanguage":"en-US","@id":"https:\/\/kosovatimes.info\/index.php\/2026\/08\/31\/gjermanet-e-tronditur-nga-serbia-funeral-shteteror-per-vrasesin-masiv\/#primaryimage","url":"https:\/\/kosovatimes.info\/wp-content\/uploads\/2026\/08\/Mladiq-2.jpg","contentUrl":"https:\/\/kosovatimes.info\/wp-content\/uploads\/2026\/08\/Mladiq-2.jpg","width":1280,"height":670},{"@type":"BreadcrumbList","@id":"https:\/\/kosovatimes.info\/index.php\/2026\/08\/31\/gjermanet-e-tronditur-nga-serbia-funeral-shteteror-per-vrasesin-masiv\/#breadcrumb","itemListElement":[{"@type":"ListItem","position":1,"name":"Home","item":"https:\/\/kosovatimes.info\/"},{"@type":"ListItem","position":2,"name":"Gjerman\u00ebt e tronditur nga Serbia: &#8216;Funeral shtet\u00ebror p\u00ebr vras\u00ebsin masiv?"}]},{"@type":"WebSite","@id":"https:\/\/kosovatimes.info\/#website","url":"https:\/\/kosovatimes.info\/","name":"Kosova Times","description":"","potentialAction":[{"@type":"SearchAction","target":{"@type":"EntryPoint","urlTemplate":"https:\/\/kosovatimes.info\/?s={search_term_string}"},"query-input":{"@type":"PropertyValueSpecification","valueRequired":true,"valueName":"search_term_string"}}],"inLanguage":"en-US"},{"@type":"Person","@id":"https:\/\/kosovatimes.info\/#\/schema\/person\/7586712b9c512fe68085de007378c915","name":"i l","image":{"@type":"ImageObject","inLanguage":"en-US","@id":"https:\/\/secure.gravatar.com\/avatar\/bad9296e02816160ae2e2435beda58222022298d5625d49fea74d18816fbb31d?s=96&d=mm&r=g","url":"https:\/\/secure.gravatar.com\/avatar\/bad9296e02816160ae2e2435beda58222022298d5625d49fea74d18816fbb31d?s=96&d=mm&r=g","contentUrl":"https:\/\/secure.gravatar.com\/avatar\/bad9296e02816160ae2e2435beda58222022298d5625d49fea74d18816fbb31d?s=96&d=mm&r=g","caption":"i l"},"url":"https:\/\/kosovatimes.info\/index.php\/author\/iliri\/"}]}},"_links":{"self":[{"href":"https:\/\/kosovatimes.info\/index.php\/wp-json\/wp\/v2\/posts\/30266","targetHints":{"allow":["GET"]}}],"collection":[{"href":"https:\/\/kosovatimes.info\/index.php\/wp-json\/wp\/v2\/posts"}],"about":[{"href":"https:\/\/kosovatimes.info\/index.php\/wp-json\/wp\/v2\/types\/post"}],"author":[{"embeddable":true,"href":"https:\/\/kosovatimes.info\/index.php\/wp-json\/wp\/v2\/users\/4"}],"replies":[{"embeddable":true,"href":"https:\/\/kosovatimes.info\/index.php\/wp-json\/wp\/v2\/comments?post=30266"}],"version-history":[{"count":1,"href":"https:\/\/kosovatimes.info\/index.php\/wp-json\/wp\/v2\/posts\/30266\/revisions"}],"predecessor-version":[{"id":30268,"href":"https:\/\/kosovatimes.info\/index.php\/wp-json\/wp\/v2\/posts\/30266\/revisions\/30268"}],"wp:featuredmedia":[{"embeddable":true,"href":"https:\/\/kosovatimes.info\/index.php\/wp-json\/wp\/v2\/media\/30267"}],"wp:attachment":[{"href":"https:\/\/kosovatimes.info\/index.php\/wp-json\/wp\/v2\/media?parent=30266"}],"wp:term":[{"taxonomy":"category","embeddable":true,"href":"https:\/\/kosovatimes.info\/index.php\/wp-json\/wp\/v2\/categories?post=30266"},{"taxonomy":"post_tag","embeddable":true,"href":"https:\/\/kosovatimes.info\/index.php\/wp-json\/wp\/v2\/tags?post=30266"}],"curies":[{"name":"wp","href":"https:\/\/api.w.org\/{rel}","templated":true}]}}