{"id":30269,"date":"2026-08-31T18:23:49","date_gmt":"2026-08-31T16:23:49","guid":{"rendered":"https:\/\/kosovatimes.info\/?p=30269"},"modified":"2026-08-31T18:23:52","modified_gmt":"2026-08-31T16:23:52","slug":"pese-prej-tyre-erdhen-ne-restorant-porositen-pese-pjata-dhe-nje-porcion-patate-te-skuqura-keshtu-eshte-sezoni-yne","status":"publish","type":"post","link":"https:\/\/kosovatimes.info\/index.php\/2026\/08\/31\/pese-prej-tyre-erdhen-ne-restorant-porositen-pese-pjata-dhe-nje-porcion-patate-te-skuqura-keshtu-eshte-sezoni-yne\/","title":{"rendered":"&#8216;Pes\u00eb prej tyre erdh\u00ebn n\u00eb restorant, porosit\u00ebn pes\u00eb pjata dhe nj\u00eb porcion patate t\u00eb skuqura. K\u00ebshtu \u00ebsht\u00eb sezoni yn\u00eb.&#8217;"},"content":{"rendered":"\n<p class=\"wp-block-paragraph\">Sezoni i pikut n\u00eb Makarska te Kroacise \u00ebsht\u00eb ende n\u00eb vazhdim, por duke gjykuar vet\u00ebm nga parashikimi i motit dhe val\u00ebt e nxeht\u00ebsis\u00eb q\u00eb po vijn\u00eb vazhdimisht.<\/p>\n\n\n\n<p class=\"wp-block-paragraph\">Megjithat\u00eb, sipas pronar\u00ebve t\u00eb restoranteve, kulmi i v\u00ebrtet\u00eb ishte vet\u00ebm n\u00eb aspektin e numrit t\u00eb mysafir\u00ebve n\u00eb plazhe, por jo n\u00eb aspektin e shpenzimeve n\u00eb restorante, k\u00ebshtu q\u00eb ata vler\u00ebsojn\u00eb se kjo \u00ebsht\u00eb t\u00eb pakt\u00ebn 20 p\u00ebrqind m\u00eb keq se vitin e kaluar, shkruan&nbsp;<a href=\"https:\/\/slobodnadalmacija.hr\/vijesti\/turizam\/makarski-ugostitelji-zgrozeni-novim-trendom-gostiju-dijeljenjem-jednog-jela-petero-ih-naruci-jednu-porciju-pomfrita-ili-pizzu-i-pet-tanjura-a-sokove-vade-iz-torbi-1576323\" target=\"_blank\" rel=\"noopener\">Slobodna Dalmacija<\/a>&nbsp;.<\/p>\n\n\n\n<p class=\"wp-block-paragraph\">P\u00ebrve\u00e7 k\u00ebsaj, struktura e mysafir\u00ebve t\u00eb k\u00ebtij viti \u00ebsht\u00eb shum\u00eb e \u00e7uditshme, sipas p\u00ebrshkrimeve, mund t\u00eb thuhet se \u00ebsht\u00eb e ngjashme me at\u00eb t\u00eb student\u00ebve, sepse t\u00eb pakt\u00ebn 30 p\u00ebrqind e mysafir\u00ebve kan\u00eb nj\u00eb zakon t\u00eb ri &#8211; ndarjen e nj\u00eb vakti midis dy, pes\u00eb ose shtat\u00eb personave.<\/p>\n\n\n\n<p class=\"wp-block-paragraph\">Vler\u00ebsimet e sezonit dhe zakonet e turist\u00ebve n\u00eb restorante na u dhan\u00eb nga ofruesit e ushqimit nga zonat e Peshkeres dhe Plis\u00e7evacit, pra objekte t\u00eb vendosura pran\u00eb plazhit.<\/p>\n\n\n\n<p class=\"wp-block-paragraph\">Si\u00e7 thon\u00eb ata, korriku ishte muaji i tyre m\u00eb i keq p\u00ebr sa i p\u00ebrket konsumit, dhe gushti \u00ebsht\u00eb tashm\u00eb disi i mir\u00eb.<\/p>\n\n\n\n<p class=\"wp-block-paragraph\">Sipas Ivica Andri\u0107, pronarit t\u00eb restorantit \u201cMirakul\u201d, i cili \u00ebsht\u00eb i hapur gjat\u00eb gjith\u00eb vitit, k\u00ebt\u00eb vit pati nj\u00eb sezon t\u00eb pikut kudo p\u00ebrve\u00e7 n\u00eb lokalet e ushqimit, k\u00ebshtu q\u00eb ai arrin n\u00eb p\u00ebrfundimin se u shkat\u00ebrrua nga punimet n\u00eb Pe\u0161kera dhe, p\u00ebr ta th\u00ebn\u00eb but\u00eb, nga klient\u00ebt kursimtar\u00eb.<\/p>\n\n\n\n<p class=\"wp-block-paragraph\">&#8211; Sezoni ishte v\u00ebrtet m\u00eb i keq se vitin e kaluar, dhe korriku ishte n\u00eb kulmin e tij, t\u00eb pakt\u00ebn 20 p\u00ebrqind m\u00eb keq.<\/p>\n\n\n\n<p class=\"wp-block-paragraph\">Gushti \u00ebsht\u00eb zgjatur edhe pak, dhe t\u00eb ftuarit jan\u00eb gjithashtu m\u00eb mir\u00eb.<\/p>\n\n\n\n<p class=\"wp-block-paragraph\">Ata ishin mysafir\u00eb shum\u00eb t\u00eb k\u00ebqij n\u00eb korrik, ata kujdesen p\u00ebr \u00e7do qindark\u00eb.<\/p>\n\n\n\n<figure class=\"wp-block-image\"><a class=\"se__anchor image-popup-vertical-fit open-gallery--photoswipe-embed photoswipe-event\" href=\"https:\/\/media.jutarnji.hr\/images\/slike\/2026\/08\/31\/39406698.jpg\"><img decoding=\"async\" src=\"https:\/\/media.jutarnji.hr\/images\/slike\/2026\/08\/31\/39406698.jpg?1788182744\" alt=\"imazh\"\/><\/a><\/figure>\n\n\n\n<p class=\"wp-block-paragraph\">Kur shkoj t\u00eb blej mallra, shoh q\u00eb qendrat tregtare, ve\u00e7an\u00ebrisht &#8221;Lidl&#8221; dhe &#8221;Kaufland&#8221;, jan\u00eb t\u00eb mbushura me njer\u00ebz, k\u00ebshtu q\u00eb po flasim p\u00ebr mysafir\u00eb q\u00eb as nuk shkojn\u00eb n\u00eb restorante, por gatuajn\u00eb n\u00eb apartamentet e tyre.<\/p>\n\n\n\n<p class=\"wp-block-paragraph\">P\u00ebrve\u00e7 k\u00ebsaj, humb\u00ebm gjysm\u00ebn e qershorit p\u00ebr shkak t\u00eb punimeve n\u00eb Pe\u0161kera, p\u00ebr t\u00eb mos p\u00ebrmendur at\u00eb q\u00eb ndodhi vitin e kaluar kur t\u00eb gjith\u00eb ne, ofruesit e ushqimit nga kjo zon\u00eb, humb\u00ebm qershorin dhe gjysm\u00ebn e korrikut p\u00ebr shkak t\u00eb plazhit t\u00eb rrethuar me gardh.<\/p>\n\n\n\n<p class=\"wp-block-paragraph\">N\u00eb thelb, qershori ishte nj\u00eb katastrof\u00eb, ashtu si edhe korriku, sezoni kulmor q\u00eb ndodh vet\u00ebm n\u00eb plazhe.<\/p>\n\n\n\n<p class=\"wp-block-paragraph\">P\u00ebr shembull, pes\u00eb prej tyre erdh\u00ebn tek un\u00eb dhe porosit\u00ebn nj\u00eb porcion patate t\u00eb skuqura dhe pes\u00eb pjata \u2013 kaq mysafir\u00eb kishim.<\/p>\n\n\n\n<p class=\"wp-block-paragraph\">Ose gjasht\u00eb prej tyre do t\u00eb vinin dhe do t\u00eb porosisnin dy pica dhe gota uj\u00eb &#8211; thot\u00eb Andri\u0107, duke shtuar se ata nuk i kan\u00eb rritur \u00e7mimet n\u00eb tre vitet e fundit.<\/p>\n\n\n\n<p class=\"wp-block-paragraph\">N\u00eb &#8220;Oz&#8221;-in fqinj, n\u00eb motin m\u00eb t\u00eb nxeht\u00eb, Ray dhe Andrej na prit\u00ebn me fytyra t\u00eb qeshura, dhe si\u00e7 thot\u00eb pronari Stipe Carevi\u0107, sezoni \u00ebsht\u00eb v\u00ebrtet shum\u00eb i \u00e7uditsh\u00ebm p\u00ebr sa i p\u00ebrket struktur\u00ebs s\u00eb mysafir\u00ebve.<\/p>\n\n\n\n<p class=\"wp-block-paragraph\">&#8211; Nuk e di \u00e7far\u00eb lloj mysafir\u00ebsh kemi, por \u00ebsht\u00eb e qart\u00eb se ata k\u00ebrkojn\u00eb akomodim dhe parkim falas, dhe radh\u00ebt para qendrave tregtare formohen gjysm\u00eb ore para hapjes, gj\u00eb q\u00eb flet shum\u00eb p\u00ebr cil\u00ebsin\u00eb e sezonit dhe turist\u00ebt.<\/p>\n\n\n\n<p class=\"wp-block-paragraph\">Zakonet e tyre jan\u00eb t\u00eb tilla q\u00eb porosisin nj\u00eb pic\u00eb dhe t\u00eb pakt\u00ebn tre pjata dhe i ndajn\u00eb ato.<\/p>\n\n\n\n<p class=\"wp-block-paragraph\">\u00abJam shum\u00eb i hidh\u00ebruar dhe thjesht i zem\u00ebruar q\u00eb nuk na k\u00ebrkojn\u00eb t\u00eb jemi sh\u00ebrb\u00ebtor\u00eb t\u00eb hoteleve dhe rrjeteve t\u00eb shitjes me pakic\u00eb\u00bb, thot\u00eb Carevi\u0107.<\/p>\n\n\n\n<p class=\"wp-block-paragraph\">Sa serioze \u00ebsht\u00eb situata p\u00ebr sa i p\u00ebrket konsumit, tregohet qart\u00eb nga fakti q\u00eb kafeneja &#8221;Boss&#8221;, p\u00ebr her\u00eb t\u00eb par\u00eb n\u00eb historin\u00eb e saj, ka nxjerr\u00eb n\u00eb shitje kokteje k\u00ebt\u00eb ver\u00eb.<\/p>\n\n\n\n<p class=\"wp-block-paragraph\">Si\u00e7 thot\u00eb pronari Mirko Antunovi\u0107, sezoni \u00ebsht\u00eb shum\u00eb m\u00eb i keq se vitin e kaluar, sigurisht me 15 deri n\u00eb 20 p\u00ebrqind.<\/p>\n\n\n\n<p class=\"wp-block-paragraph\">&#8211; Vizitor\u00ebt ose jan\u00eb kursimtar\u00eb ose kan\u00eb fuqi bler\u00ebse m\u00eb t\u00eb ul\u00ebt, dhe akullorja ishte e vetmja gj\u00eb q\u00eb na u shit m\u00eb mir\u00eb sepse nj\u00eb top kushton 2 euro, gj\u00eb q\u00eb e kan\u00eb t\u00eb gjith\u00eb.<\/p>\n\n\n\n<p class=\"wp-block-paragraph\">Por, sapo nj\u00eb koktej kushton 10 ose 12 euro, kjo nuk do t\u00eb funksionoj\u00eb.<\/p>\n\n\n\n<p class=\"wp-block-paragraph\">N\u00eb mbr\u00ebmje, mysafir\u00ebt pin\u00eb dhe k\u00ebrkojn\u00eb m\u00eb shum\u00eb kafe, prandaj p\u00ebr her\u00eb t\u00eb par\u00eb kam v\u00ebn\u00eb kokteje n\u00eb ofert\u00eb p\u00ebr 8 euro, dhe kjo \u00ebsht\u00eb e vetmja m\u00ebnyr\u00eb p\u00ebr t&#8217;i t\u00ebrhequr ata.<\/p>\n\n\n\n<p class=\"wp-block-paragraph\">P\u00ebrve\u00e7 k\u00ebsaj, k\u00ebtu n\u00eb Pe\u0161kera-n e re, nuk e duron dot vap\u00ebn sepse nuk ka pem\u00eb, k\u00ebshtu q\u00eb nuk ka hije &#8211; thot\u00eb Antunovi\u0107.<\/p>\n\n\n\n<h3 class=\"wp-block-heading\">&#8216;Ata kursejn\u00eb n\u00eb ushqim q\u00eb t\u00eb mund t\u00eb porosisin edhe nj\u00eb koktej&#8217;<\/h3>\n\n\n\n<p class=\"wp-block-paragraph\">Trendi i ndarjes s\u00eb nj\u00eb pjate midis t\u00eb pakt\u00ebn 30 p\u00ebrqind t\u00eb mysafir\u00ebve konfirmohet nga Marin \u010covi\u0107, pronar i restorantit dhe vendit t\u00eb ushqimit t\u00eb shpejt\u00eb me t\u00eb nj\u00ebjtin em\u00ebr &#8221;La Strada&#8221;.<\/p>\n\n\n\n<p class=\"wp-block-paragraph\">Si\u00e7 thot\u00eb ai, gushti \u00ebsht\u00eb shum\u00eb m\u00eb i mir\u00eb se kulmi i korrikut p\u00ebr sa i p\u00ebrket shpenzimeve dhe struktur\u00ebs s\u00eb mysafir\u00ebve.<\/p>\n\n\n\n<p class=\"wp-block-paragraph\">&#8211; Sezoni yn\u00eb ishte i nj\u00ebjt\u00eb me vitin e kaluar, dhe m\u00eb duket se po zgjatet, megjith\u00ebse gjith\u00e7ka varet nga parashikimi i motit, por edhe nga pushteti vendor, i cili duhet ta ndryshoj\u00eb plot\u00ebsisht logjik\u00ebn e tij n\u00eb faz\u00ebn e eliminatoreve.<\/p>\n\n\n\n<p class=\"wp-block-paragraph\">Tre vjet m\u00eb par\u00eb, kur filloi puna n\u00eb Pe\u0161kera, ne punuam deri n\u00eb n\u00ebntor kur filluam t\u00eb ulnim \u00e7mimet dhe kishte pun\u00eb p\u00ebr t\u00eb b\u00ebr\u00eb.<\/p>\n\n\n\n<p class=\"wp-block-paragraph\">Kjo mund t\u00eb jet\u00eb logjika e tetorit dhe n\u00ebntorit p\u00ebr t\u00eb t\u00ebrhequr mysafir\u00eb, vet\u00ebm se dikush duhet ta mb\u00ebshtes\u00eb nj\u00eb ide t\u00eb till\u00eb t\u00eb ofruesve t\u00eb sh\u00ebrbimit t\u00eb ushqimit dhe hotelieris\u00eb me koncerte t\u00eb organizuara.<\/p>\n\n\n\n<p class=\"wp-block-paragraph\">Megjithat\u00eb, n\u00ebse shikoj prapa n\u00eb sezon, vihet re se mysafir\u00ebt marrin porcione m\u00eb t\u00eb vogla dhe pjatat ndahen &#8211; nj\u00eb pjat\u00eb p\u00ebr dy persona.<\/p>\n\n\n\n<p class=\"wp-block-paragraph\">P\u00ebr shembull, ata porosisin nj\u00eb pjat\u00eb me mish dhe pastaj k\u00ebrkojn\u00eb dy pjata dhe e ndajn\u00eb porcionin, por marrin edhe dy sallata dhe nj\u00eb koktej.<\/p>\n\n\n\n<p class=\"wp-block-paragraph\">Ata thjesht duan t\u00eb p\u00ebrballojn\u00eb m\u00eb shum\u00eb p\u00ebr t\u00eb nj\u00ebjtat para, t\u00eb cilat mendojn\u00eb se i kan\u00eb kursyer.<\/p>\n\n\n\n<figure class=\"wp-block-image\"><a class=\"se__anchor image-popup-vertical-fit open-gallery--photoswipe-embed photoswipe-event\" href=\"https:\/\/media.jutarnji.hr\/images\/slike\/2026\/08\/31\/39374541.jpg\"><img decoding=\"async\" src=\"https:\/\/media.jutarnji.hr\/images\/slike\/2026\/08\/31\/39374541.jpg?1788182744\" alt=\"imazh\"\/><\/a><\/figure>\n\n\n\n<p class=\"wp-block-paragraph\">Dhe deri n\u00eb 30 p\u00ebrqind e mysafir\u00ebve tan\u00eb jan\u00eb t\u00eb till\u00eb &#8211; thot\u00eb \u00c7oviq, duke shtuar se nuk mendon se mysafir\u00ebt nuk kan\u00eb para, por p\u00ebrkundrazi duan t\u00eb kursejn\u00eb p\u00ebr ushqim n\u00eb m\u00ebnyr\u00eb q\u00eb t\u00eb mund t\u00eb porosisin edhe pije.<\/p>\n\n\n\n<p class=\"wp-block-paragraph\">&#8211; Nuk shoh ndonj\u00eb ndryshim t\u00eb madh krahasuar me vitet e kaluara, por trendi i konsumit t\u00eb kujdessh\u00ebm ka qen\u00eb i duksh\u00ebm q\u00eb nga pandemia e koronavirusit dhe ka vazhduar.<\/p>\n\n\n\n<p class=\"wp-block-paragraph\">Si m\u00eb t\u00eb pasurit ashtu edhe ata me fuqi bler\u00ebse m\u00eb t\u00eb dob\u00ebt funksionojn\u00eb n\u00eb t\u00eb nj\u00ebjt\u00ebn m\u00ebnyr\u00eb.<\/p>\n\n\n\n<p class=\"wp-block-paragraph\">N\u00eb nj\u00eb far\u00eb m\u00ebnyre, zakonet dhe trendet po ndryshojn\u00eb dhe t\u00eb gjith\u00eb duhet t\u00eb p\u00ebrshtatemi dhe t\u00eb p\u00ebrshtatemi, sepse p\u00ebrndryshe nuk do t\u00eb kemi t\u00eb ardhura.<\/p>\n\n\n\n<p class=\"wp-block-paragraph\">Qendrat tregtare jan\u00eb plot me klient\u00eb dhe kjo n\u00eb fakt \u00ebsht\u00eb b\u00ebr\u00eb zakon vitet e fundit sepse ushqimet p\u00ebrgatiten n\u00eb apartamente &#8211; thot\u00eb Coviq.<\/p>\n","protected":false},"excerpt":{"rendered":"<p>Sezoni i pikut n\u00eb Makarska te Kroacise \u00ebsht\u00eb ende n\u00eb vazhdim, por duke gjykuar vet\u00ebm nga parashikimi i motit dhe val\u00ebt e nxeht\u00ebsis\u00eb q\u00eb po vijn\u00eb vazhdimisht. Megjithat\u00eb, sipas pronar\u00ebve t\u00eb restoranteve, kulmi i v\u00ebrtet\u00eb ishte vet\u00ebm n\u00eb aspektin e numrit t\u00eb mysafir\u00ebve n\u00eb plazhe, por jo n\u00eb aspektin e shpenzimeve n\u00eb restorante, k\u00ebshtu q\u00eb [&hellip;]<\/p>\n","protected":false},"author":4,"featured_media":30270,"comment_status":"open","ping_status":"open","sticky":false,"template":"","format":"standard","meta":{"footnotes":""},"categories":[43],"tags":[],"class_list":["post-30269","post","type-post","status-publish","format-standard","has-post-thumbnail","category-turizem"],"yoast_head":"<!-- This site is optimized with the Yoast SEO plugin v27.4 - https:\/\/yoast.com\/product\/yoast-seo-wordpress\/ -->\n<title>&#039;Pes\u00eb prej tyre erdh\u00ebn n\u00eb restorant, porosit\u00ebn pes\u00eb pjata dhe nj\u00eb porcion patate t\u00eb skuqura. K\u00ebshtu \u00ebsht\u00eb sezoni yn\u00eb.&#039; - Kosova Times<\/title>\n<meta name=\"robots\" content=\"index, follow, max-snippet:-1, max-image-preview:large, max-video-preview:-1\" \/>\n<link rel=\"canonical\" href=\"https:\/\/kosovatimes.info\/index.php\/2026\/08\/31\/pese-prej-tyre-erdhen-ne-restorant-porositen-pese-pjata-dhe-nje-porcion-patate-te-skuqura-keshtu-eshte-sezoni-yne\/\" \/>\n<meta property=\"og:locale\" content=\"en_US\" \/>\n<meta property=\"og:type\" content=\"article\" \/>\n<meta property=\"og:title\" content=\"&#039;Pes\u00eb prej tyre erdh\u00ebn n\u00eb restorant, porosit\u00ebn pes\u00eb pjata dhe nj\u00eb porcion patate t\u00eb skuqura. K\u00ebshtu \u00ebsht\u00eb sezoni yn\u00eb.&#039; - Kosova Times\" \/>\n<meta property=\"og:description\" content=\"Sezoni i pikut n\u00eb Makarska te Kroacise \u00ebsht\u00eb ende n\u00eb vazhdim, por duke gjykuar vet\u00ebm nga parashikimi i motit dhe val\u00ebt e nxeht\u00ebsis\u00eb q\u00eb po vijn\u00eb vazhdimisht. Megjithat\u00eb, sipas pronar\u00ebve t\u00eb restoranteve, kulmi i v\u00ebrtet\u00eb ishte vet\u00ebm n\u00eb aspektin e numrit t\u00eb mysafir\u00ebve n\u00eb plazhe, por jo n\u00eb aspektin e shpenzimeve n\u00eb restorante, k\u00ebshtu q\u00eb [&hellip;]\" \/>\n<meta property=\"og:url\" content=\"https:\/\/kosovatimes.info\/index.php\/2026\/08\/31\/pese-prej-tyre-erdhen-ne-restorant-porositen-pese-pjata-dhe-nje-porcion-patate-te-skuqura-keshtu-eshte-sezoni-yne\/\" \/>\n<meta property=\"og:site_name\" content=\"Kosova Times\" \/>\n<meta property=\"article:published_time\" content=\"2026-08-31T16:23:49+00:00\" \/>\n<meta property=\"article:modified_time\" content=\"2026-08-31T16:23:52+00:00\" \/>\n<meta property=\"og:image\" content=\"https:\/\/kosovatimes.info\/wp-content\/uploads\/2026\/08\/skare.jpg\" \/>\n\t<meta property=\"og:image:width\" content=\"1280\" \/>\n\t<meta property=\"og:image:height\" content=\"670\" \/>\n\t<meta property=\"og:image:type\" content=\"image\/jpeg\" \/>\n<meta name=\"author\" content=\"i l\" \/>\n<meta name=\"twitter:card\" content=\"summary_large_image\" \/>\n<meta name=\"twitter:label1\" content=\"Written by\" \/>\n\t<meta name=\"twitter:data1\" content=\"i l\" \/>\n\t<meta name=\"twitter:label2\" content=\"Est. reading time\" \/>\n\t<meta name=\"twitter:data2\" content=\"6 minutes\" \/>\n<script type=\"application\/ld+json\" class=\"yoast-schema-graph\">{\"@context\":\"https:\\\/\\\/schema.org\",\"@graph\":[{\"@type\":\"Article\",\"@id\":\"https:\\\/\\\/kosovatimes.info\\\/index.php\\\/2026\\\/08\\\/31\\\/pese-prej-tyre-erdhen-ne-restorant-porositen-pese-pjata-dhe-nje-porcion-patate-te-skuqura-keshtu-eshte-sezoni-yne\\\/#article\",\"isPartOf\":{\"@id\":\"https:\\\/\\\/kosovatimes.info\\\/index.php\\\/2026\\\/08\\\/31\\\/pese-prej-tyre-erdhen-ne-restorant-porositen-pese-pjata-dhe-nje-porcion-patate-te-skuqura-keshtu-eshte-sezoni-yne\\\/\"},\"author\":{\"name\":\"i l\",\"@id\":\"https:\\\/\\\/kosovatimes.info\\\/#\\\/schema\\\/person\\\/7586712b9c512fe68085de007378c915\"},\"headline\":\"&#8216;Pes\u00eb prej tyre erdh\u00ebn n\u00eb restorant, porosit\u00ebn pes\u00eb pjata dhe nj\u00eb porcion patate t\u00eb skuqura. K\u00ebshtu \u00ebsht\u00eb sezoni yn\u00eb.&#8217;\",\"datePublished\":\"2026-08-31T16:23:49+00:00\",\"dateModified\":\"2026-08-31T16:23:52+00:00\",\"mainEntityOfPage\":{\"@id\":\"https:\\\/\\\/kosovatimes.info\\\/index.php\\\/2026\\\/08\\\/31\\\/pese-prej-tyre-erdhen-ne-restorant-porositen-pese-pjata-dhe-nje-porcion-patate-te-skuqura-keshtu-eshte-sezoni-yne\\\/\"},\"wordCount\":1241,\"commentCount\":0,\"image\":{\"@id\":\"https:\\\/\\\/kosovatimes.info\\\/index.php\\\/2026\\\/08\\\/31\\\/pese-prej-tyre-erdhen-ne-restorant-porositen-pese-pjata-dhe-nje-porcion-patate-te-skuqura-keshtu-eshte-sezoni-yne\\\/#primaryimage\"},\"thumbnailUrl\":\"https:\\\/\\\/kosovatimes.info\\\/wp-content\\\/uploads\\\/2026\\\/08\\\/skare.jpg\",\"articleSection\":[\"Turiz\u00ebm\"],\"inLanguage\":\"en-US\",\"potentialAction\":[{\"@type\":\"CommentAction\",\"name\":\"Comment\",\"target\":[\"https:\\\/\\\/kosovatimes.info\\\/index.php\\\/2026\\\/08\\\/31\\\/pese-prej-tyre-erdhen-ne-restorant-porositen-pese-pjata-dhe-nje-porcion-patate-te-skuqura-keshtu-eshte-sezoni-yne\\\/#respond\"]}]},{\"@type\":\"WebPage\",\"@id\":\"https:\\\/\\\/kosovatimes.info\\\/index.php\\\/2026\\\/08\\\/31\\\/pese-prej-tyre-erdhen-ne-restorant-porositen-pese-pjata-dhe-nje-porcion-patate-te-skuqura-keshtu-eshte-sezoni-yne\\\/\",\"url\":\"https:\\\/\\\/kosovatimes.info\\\/index.php\\\/2026\\\/08\\\/31\\\/pese-prej-tyre-erdhen-ne-restorant-porositen-pese-pjata-dhe-nje-porcion-patate-te-skuqura-keshtu-eshte-sezoni-yne\\\/\",\"name\":\"'Pes\u00eb prej tyre erdh\u00ebn n\u00eb restorant, porosit\u00ebn pes\u00eb pjata dhe nj\u00eb porcion patate t\u00eb skuqura. K\u00ebshtu \u00ebsht\u00eb sezoni yn\u00eb.' - Kosova Times\",\"isPartOf\":{\"@id\":\"https:\\\/\\\/kosovatimes.info\\\/#website\"},\"primaryImageOfPage\":{\"@id\":\"https:\\\/\\\/kosovatimes.info\\\/index.php\\\/2026\\\/08\\\/31\\\/pese-prej-tyre-erdhen-ne-restorant-porositen-pese-pjata-dhe-nje-porcion-patate-te-skuqura-keshtu-eshte-sezoni-yne\\\/#primaryimage\"},\"image\":{\"@id\":\"https:\\\/\\\/kosovatimes.info\\\/index.php\\\/2026\\\/08\\\/31\\\/pese-prej-tyre-erdhen-ne-restorant-porositen-pese-pjata-dhe-nje-porcion-patate-te-skuqura-keshtu-eshte-sezoni-yne\\\/#primaryimage\"},\"thumbnailUrl\":\"https:\\\/\\\/kosovatimes.info\\\/wp-content\\\/uploads\\\/2026\\\/08\\\/skare.jpg\",\"datePublished\":\"2026-08-31T16:23:49+00:00\",\"dateModified\":\"2026-08-31T16:23:52+00:00\",\"author\":{\"@id\":\"https:\\\/\\\/kosovatimes.info\\\/#\\\/schema\\\/person\\\/7586712b9c512fe68085de007378c915\"},\"breadcrumb\":{\"@id\":\"https:\\\/\\\/kosovatimes.info\\\/index.php\\\/2026\\\/08\\\/31\\\/pese-prej-tyre-erdhen-ne-restorant-porositen-pese-pjata-dhe-nje-porcion-patate-te-skuqura-keshtu-eshte-sezoni-yne\\\/#breadcrumb\"},\"inLanguage\":\"en-US\",\"potentialAction\":[{\"@type\":\"ReadAction\",\"target\":[\"https:\\\/\\\/kosovatimes.info\\\/index.php\\\/2026\\\/08\\\/31\\\/pese-prej-tyre-erdhen-ne-restorant-porositen-pese-pjata-dhe-nje-porcion-patate-te-skuqura-keshtu-eshte-sezoni-yne\\\/\"]}]},{\"@type\":\"ImageObject\",\"inLanguage\":\"en-US\",\"@id\":\"https:\\\/\\\/kosovatimes.info\\\/index.php\\\/2026\\\/08\\\/31\\\/pese-prej-tyre-erdhen-ne-restorant-porositen-pese-pjata-dhe-nje-porcion-patate-te-skuqura-keshtu-eshte-sezoni-yne\\\/#primaryimage\",\"url\":\"https:\\\/\\\/kosovatimes.info\\\/wp-content\\\/uploads\\\/2026\\\/08\\\/skare.jpg\",\"contentUrl\":\"https:\\\/\\\/kosovatimes.info\\\/wp-content\\\/uploads\\\/2026\\\/08\\\/skare.jpg\",\"width\":1280,\"height\":670},{\"@type\":\"BreadcrumbList\",\"@id\":\"https:\\\/\\\/kosovatimes.info\\\/index.php\\\/2026\\\/08\\\/31\\\/pese-prej-tyre-erdhen-ne-restorant-porositen-pese-pjata-dhe-nje-porcion-patate-te-skuqura-keshtu-eshte-sezoni-yne\\\/#breadcrumb\",\"itemListElement\":[{\"@type\":\"ListItem\",\"position\":1,\"name\":\"Home\",\"item\":\"https:\\\/\\\/kosovatimes.info\\\/\"},{\"@type\":\"ListItem\",\"position\":2,\"name\":\"&#8216;Pes\u00eb prej tyre erdh\u00ebn n\u00eb restorant, porosit\u00ebn pes\u00eb pjata dhe nj\u00eb porcion patate t\u00eb skuqura. K\u00ebshtu \u00ebsht\u00eb sezoni yn\u00eb.&#8217;\"}]},{\"@type\":\"WebSite\",\"@id\":\"https:\\\/\\\/kosovatimes.info\\\/#website\",\"url\":\"https:\\\/\\\/kosovatimes.info\\\/\",\"name\":\"Kosova Times\",\"description\":\"\",\"potentialAction\":[{\"@type\":\"SearchAction\",\"target\":{\"@type\":\"EntryPoint\",\"urlTemplate\":\"https:\\\/\\\/kosovatimes.info\\\/?s={search_term_string}\"},\"query-input\":{\"@type\":\"PropertyValueSpecification\",\"valueRequired\":true,\"valueName\":\"search_term_string\"}}],\"inLanguage\":\"en-US\"},{\"@type\":\"Person\",\"@id\":\"https:\\\/\\\/kosovatimes.info\\\/#\\\/schema\\\/person\\\/7586712b9c512fe68085de007378c915\",\"name\":\"i l\",\"image\":{\"@type\":\"ImageObject\",\"inLanguage\":\"en-US\",\"@id\":\"https:\\\/\\\/secure.gravatar.com\\\/avatar\\\/bad9296e02816160ae2e2435beda58222022298d5625d49fea74d18816fbb31d?s=96&d=mm&r=g\",\"url\":\"https:\\\/\\\/secure.gravatar.com\\\/avatar\\\/bad9296e02816160ae2e2435beda58222022298d5625d49fea74d18816fbb31d?s=96&d=mm&r=g\",\"contentUrl\":\"https:\\\/\\\/secure.gravatar.com\\\/avatar\\\/bad9296e02816160ae2e2435beda58222022298d5625d49fea74d18816fbb31d?s=96&d=mm&r=g\",\"caption\":\"i l\"},\"url\":\"https:\\\/\\\/kosovatimes.info\\\/index.php\\\/author\\\/iliri\\\/\"}]}<\/script>\n<!-- \/ Yoast SEO plugin. -->","yoast_head_json":{"title":"'Pes\u00eb prej tyre erdh\u00ebn n\u00eb restorant, porosit\u00ebn pes\u00eb pjata dhe nj\u00eb porcion patate t\u00eb skuqura. K\u00ebshtu \u00ebsht\u00eb sezoni yn\u00eb.' - Kosova Times","robots":{"index":"index","follow":"follow","max-snippet":"max-snippet:-1","max-image-preview":"max-image-preview:large","max-video-preview":"max-video-preview:-1"},"canonical":"https:\/\/kosovatimes.info\/index.php\/2026\/08\/31\/pese-prej-tyre-erdhen-ne-restorant-porositen-pese-pjata-dhe-nje-porcion-patate-te-skuqura-keshtu-eshte-sezoni-yne\/","og_locale":"en_US","og_type":"article","og_title":"'Pes\u00eb prej tyre erdh\u00ebn n\u00eb restorant, porosit\u00ebn pes\u00eb pjata dhe nj\u00eb porcion patate t\u00eb skuqura. K\u00ebshtu \u00ebsht\u00eb sezoni yn\u00eb.' - Kosova Times","og_description":"Sezoni i pikut n\u00eb Makarska te Kroacise \u00ebsht\u00eb ende n\u00eb vazhdim, por duke gjykuar vet\u00ebm nga parashikimi i motit dhe val\u00ebt e nxeht\u00ebsis\u00eb q\u00eb po vijn\u00eb vazhdimisht. Megjithat\u00eb, sipas pronar\u00ebve t\u00eb restoranteve, kulmi i v\u00ebrtet\u00eb ishte vet\u00ebm n\u00eb aspektin e numrit t\u00eb mysafir\u00ebve n\u00eb plazhe, por jo n\u00eb aspektin e shpenzimeve n\u00eb restorante, k\u00ebshtu q\u00eb [&hellip;]","og_url":"https:\/\/kosovatimes.info\/index.php\/2026\/08\/31\/pese-prej-tyre-erdhen-ne-restorant-porositen-pese-pjata-dhe-nje-porcion-patate-te-skuqura-keshtu-eshte-sezoni-yne\/","og_site_name":"Kosova Times","article_published_time":"2026-08-31T16:23:49+00:00","article_modified_time":"2026-08-31T16:23:52+00:00","og_image":[{"width":1280,"height":670,"url":"https:\/\/kosovatimes.info\/wp-content\/uploads\/2026\/08\/skare.jpg","type":"image\/jpeg"}],"author":"i l","twitter_card":"summary_large_image","twitter_misc":{"Written by":"i l","Est. reading time":"6 minutes"},"schema":{"@context":"https:\/\/schema.org","@graph":[{"@type":"Article","@id":"https:\/\/kosovatimes.info\/index.php\/2026\/08\/31\/pese-prej-tyre-erdhen-ne-restorant-porositen-pese-pjata-dhe-nje-porcion-patate-te-skuqura-keshtu-eshte-sezoni-yne\/#article","isPartOf":{"@id":"https:\/\/kosovatimes.info\/index.php\/2026\/08\/31\/pese-prej-tyre-erdhen-ne-restorant-porositen-pese-pjata-dhe-nje-porcion-patate-te-skuqura-keshtu-eshte-sezoni-yne\/"},"author":{"name":"i l","@id":"https:\/\/kosovatimes.info\/#\/schema\/person\/7586712b9c512fe68085de007378c915"},"headline":"&#8216;Pes\u00eb prej tyre erdh\u00ebn n\u00eb restorant, porosit\u00ebn pes\u00eb pjata dhe nj\u00eb porcion patate t\u00eb skuqura. K\u00ebshtu \u00ebsht\u00eb sezoni yn\u00eb.&#8217;","datePublished":"2026-08-31T16:23:49+00:00","dateModified":"2026-08-31T16:23:52+00:00","mainEntityOfPage":{"@id":"https:\/\/kosovatimes.info\/index.php\/2026\/08\/31\/pese-prej-tyre-erdhen-ne-restorant-porositen-pese-pjata-dhe-nje-porcion-patate-te-skuqura-keshtu-eshte-sezoni-yne\/"},"wordCount":1241,"commentCount":0,"image":{"@id":"https:\/\/kosovatimes.info\/index.php\/2026\/08\/31\/pese-prej-tyre-erdhen-ne-restorant-porositen-pese-pjata-dhe-nje-porcion-patate-te-skuqura-keshtu-eshte-sezoni-yne\/#primaryimage"},"thumbnailUrl":"https:\/\/kosovatimes.info\/wp-content\/uploads\/2026\/08\/skare.jpg","articleSection":["Turiz\u00ebm"],"inLanguage":"en-US","potentialAction":[{"@type":"CommentAction","name":"Comment","target":["https:\/\/kosovatimes.info\/index.php\/2026\/08\/31\/pese-prej-tyre-erdhen-ne-restorant-porositen-pese-pjata-dhe-nje-porcion-patate-te-skuqura-keshtu-eshte-sezoni-yne\/#respond"]}]},{"@type":"WebPage","@id":"https:\/\/kosovatimes.info\/index.php\/2026\/08\/31\/pese-prej-tyre-erdhen-ne-restorant-porositen-pese-pjata-dhe-nje-porcion-patate-te-skuqura-keshtu-eshte-sezoni-yne\/","url":"https:\/\/kosovatimes.info\/index.php\/2026\/08\/31\/pese-prej-tyre-erdhen-ne-restorant-porositen-pese-pjata-dhe-nje-porcion-patate-te-skuqura-keshtu-eshte-sezoni-yne\/","name":"'Pes\u00eb prej tyre erdh\u00ebn n\u00eb restorant, porosit\u00ebn pes\u00eb pjata dhe nj\u00eb porcion patate t\u00eb skuqura. K\u00ebshtu \u00ebsht\u00eb sezoni yn\u00eb.' - Kosova Times","isPartOf":{"@id":"https:\/\/kosovatimes.info\/#website"},"primaryImageOfPage":{"@id":"https:\/\/kosovatimes.info\/index.php\/2026\/08\/31\/pese-prej-tyre-erdhen-ne-restorant-porositen-pese-pjata-dhe-nje-porcion-patate-te-skuqura-keshtu-eshte-sezoni-yne\/#primaryimage"},"image":{"@id":"https:\/\/kosovatimes.info\/index.php\/2026\/08\/31\/pese-prej-tyre-erdhen-ne-restorant-porositen-pese-pjata-dhe-nje-porcion-patate-te-skuqura-keshtu-eshte-sezoni-yne\/#primaryimage"},"thumbnailUrl":"https:\/\/kosovatimes.info\/wp-content\/uploads\/2026\/08\/skare.jpg","datePublished":"2026-08-31T16:23:49+00:00","dateModified":"2026-08-31T16:23:52+00:00","author":{"@id":"https:\/\/kosovatimes.info\/#\/schema\/person\/7586712b9c512fe68085de007378c915"},"breadcrumb":{"@id":"https:\/\/kosovatimes.info\/index.php\/2026\/08\/31\/pese-prej-tyre-erdhen-ne-restorant-porositen-pese-pjata-dhe-nje-porcion-patate-te-skuqura-keshtu-eshte-sezoni-yne\/#breadcrumb"},"inLanguage":"en-US","potentialAction":[{"@type":"ReadAction","target":["https:\/\/kosovatimes.info\/index.php\/2026\/08\/31\/pese-prej-tyre-erdhen-ne-restorant-porositen-pese-pjata-dhe-nje-porcion-patate-te-skuqura-keshtu-eshte-sezoni-yne\/"]}]},{"@type":"ImageObject","inLanguage":"en-US","@id":"https:\/\/kosovatimes.info\/index.php\/2026\/08\/31\/pese-prej-tyre-erdhen-ne-restorant-porositen-pese-pjata-dhe-nje-porcion-patate-te-skuqura-keshtu-eshte-sezoni-yne\/#primaryimage","url":"https:\/\/kosovatimes.info\/wp-content\/uploads\/2026\/08\/skare.jpg","contentUrl":"https:\/\/kosovatimes.info\/wp-content\/uploads\/2026\/08\/skare.jpg","width":1280,"height":670},{"@type":"BreadcrumbList","@id":"https:\/\/kosovatimes.info\/index.php\/2026\/08\/31\/pese-prej-tyre-erdhen-ne-restorant-porositen-pese-pjata-dhe-nje-porcion-patate-te-skuqura-keshtu-eshte-sezoni-yne\/#breadcrumb","itemListElement":[{"@type":"ListItem","position":1,"name":"Home","item":"https:\/\/kosovatimes.info\/"},{"@type":"ListItem","position":2,"name":"&#8216;Pes\u00eb prej tyre erdh\u00ebn n\u00eb restorant, porosit\u00ebn pes\u00eb pjata dhe nj\u00eb porcion patate t\u00eb skuqura. K\u00ebshtu \u00ebsht\u00eb sezoni yn\u00eb.&#8217;"}]},{"@type":"WebSite","@id":"https:\/\/kosovatimes.info\/#website","url":"https:\/\/kosovatimes.info\/","name":"Kosova Times","description":"","potentialAction":[{"@type":"SearchAction","target":{"@type":"EntryPoint","urlTemplate":"https:\/\/kosovatimes.info\/?s={search_term_string}"},"query-input":{"@type":"PropertyValueSpecification","valueRequired":true,"valueName":"search_term_string"}}],"inLanguage":"en-US"},{"@type":"Person","@id":"https:\/\/kosovatimes.info\/#\/schema\/person\/7586712b9c512fe68085de007378c915","name":"i l","image":{"@type":"ImageObject","inLanguage":"en-US","@id":"https:\/\/secure.gravatar.com\/avatar\/bad9296e02816160ae2e2435beda58222022298d5625d49fea74d18816fbb31d?s=96&d=mm&r=g","url":"https:\/\/secure.gravatar.com\/avatar\/bad9296e02816160ae2e2435beda58222022298d5625d49fea74d18816fbb31d?s=96&d=mm&r=g","contentUrl":"https:\/\/secure.gravatar.com\/avatar\/bad9296e02816160ae2e2435beda58222022298d5625d49fea74d18816fbb31d?s=96&d=mm&r=g","caption":"i l"},"url":"https:\/\/kosovatimes.info\/index.php\/author\/iliri\/"}]}},"_links":{"self":[{"href":"https:\/\/kosovatimes.info\/index.php\/wp-json\/wp\/v2\/posts\/30269","targetHints":{"allow":["GET"]}}],"collection":[{"href":"https:\/\/kosovatimes.info\/index.php\/wp-json\/wp\/v2\/posts"}],"about":[{"href":"https:\/\/kosovatimes.info\/index.php\/wp-json\/wp\/v2\/types\/post"}],"author":[{"embeddable":true,"href":"https:\/\/kosovatimes.info\/index.php\/wp-json\/wp\/v2\/users\/4"}],"replies":[{"embeddable":true,"href":"https:\/\/kosovatimes.info\/index.php\/wp-json\/wp\/v2\/comments?post=30269"}],"version-history":[{"count":1,"href":"https:\/\/kosovatimes.info\/index.php\/wp-json\/wp\/v2\/posts\/30269\/revisions"}],"predecessor-version":[{"id":30271,"href":"https:\/\/kosovatimes.info\/index.php\/wp-json\/wp\/v2\/posts\/30269\/revisions\/30271"}],"wp:featuredmedia":[{"embeddable":true,"href":"https:\/\/kosovatimes.info\/index.php\/wp-json\/wp\/v2\/media\/30270"}],"wp:attachment":[{"href":"https:\/\/kosovatimes.info\/index.php\/wp-json\/wp\/v2\/media?parent=30269"}],"wp:term":[{"taxonomy":"category","embeddable":true,"href":"https:\/\/kosovatimes.info\/index.php\/wp-json\/wp\/v2\/categories?post=30269"},{"taxonomy":"post_tag","embeddable":true,"href":"https:\/\/kosovatimes.info\/index.php\/wp-json\/wp\/v2\/tags?post=30269"}],"curies":[{"name":"wp","href":"https:\/\/api.w.org\/{rel}","templated":true}]}}