{"id":30278,"date":"2026-08-31T18:31:14","date_gmt":"2026-08-31T16:31:14","guid":{"rendered":"https:\/\/kosovatimes.info\/?p=30278"},"modified":"2026-08-31T18:31:16","modified_gmt":"2026-08-31T16:31:16","slug":"numri-i-personave-te-zhdukur-rritet-ne-brigjet-e-qipros-kapiteni-i-tragetit-dergohet-ne-gjykate","status":"publish","type":"post","link":"https:\/\/kosovatimes.info\/index.php\/2026\/08\/31\/numri-i-personave-te-zhdukur-rritet-ne-brigjet-e-qipros-kapiteni-i-tragetit-dergohet-ne-gjykate\/","title":{"rendered":"Numri i personave t\u00eb zhdukur rritet n\u00eb brigjet e Qipros. Kapiteni i tragetit d\u00ebrgohet n\u00eb gjykat\u00eb"},"content":{"rendered":"\n<p class=\"wp-block-paragraph\">Numri i personave t\u00eb zhdukur pas&nbsp;<a href=\"https:\/\/www.index.hr\/vijesti\/clanak\/video-kod-cipra-se-prevrnuo-putnicki-brod-s-vise-od-250-ljudi\/2829169.aspx\" target=\"_blank\" rel=\"noopener\">nj\u00eb aksidenti detar n\u00eb brigjet veriore t\u00eb Qipros q\u00eb vrau t\u00eb pakt\u00ebn tet\u00eb persona<\/a>&nbsp;\u00ebsht\u00eb rritur n\u00eb 20, than\u00eb autoritetet turke n\u00eb veri t\u00eb ishullit. Nj\u00eb vler\u00ebsim i m\u00ebparsh\u00ebm e \u00e7oi numrin e t\u00eb zhdukurve n\u00eb 18. Trageti u p\u00ebrmbys pak pasi u nis nga porti i Kyrenias dje, duke u drejtuar drejt Mersinit n\u00eb Turqin\u00eb jugore. N\u00eb bord kishte 267 persona, p\u00ebrfshir\u00eb 259 pasagjer\u00eb dhe tet\u00eb an\u00ebtar\u00eb t\u00eb ekuipazhit.<\/p>\n\n\n\n<h3 class=\"wp-block-heading\">Kapiteni dhe an\u00ebtar\u00ebt e ekuipazhit u soll\u00ebn para gjykat\u00ebs<\/h3>\n\n\n\n<p class=\"wp-block-paragraph\">Kapiteni i tragetit, shtat\u00eb an\u00ebtar\u00eb t\u00eb ekuipazhit dhe drejtori i kompanis\u00eb q\u00eb operonte anijen u nxor\u00ebn n\u00eb gjykat\u00eb n\u00eb Kyrenia n\u00eb Qipron veriore, raportoi stacioni televiziv i Qipros Veriore BRT. Z\u00ebvend\u00ebs Komisioneri i Policis\u00eb Mehmet Mannas i tha t\u00eb p\u00ebrditshmes Kibris Postasi se kishte nj\u00eb \u00e7arje n\u00eb pjes\u00ebn e p\u00ebrparme t\u00eb majt\u00eb t\u00eb anijes. Uji m\u00eb pas hyri n\u00eb traget, duke shkaktuar p\u00ebrmbysjen dhe fundosjen e tij.<\/p>\n\n\n\n<h3 class=\"wp-block-heading\">Anije, aeroplan\u00eb dhe dron\u00eb jan\u00eb t\u00eb p\u00ebrfshir\u00eb n\u00eb k\u00ebrkim<\/h3>\n\n\n\n<p class=\"wp-block-paragraph\">Sipas agjencis\u00eb shtet\u00ebrore turke Anadolu, anije ushtarake nga Qiproja veriore dhe Turqia jan\u00eb p\u00ebrfshir\u00eb n\u00eb k\u00ebrkim, me mb\u00ebshtetjen e aeroplan\u00ebve ushtarak\u00eb dhe dron\u00ebve t\u00eb shumt\u00eb. N\u00eb k\u00ebrkim jan\u00eb p\u00ebrfshir\u00eb edhe zhyt\u00ebs.<\/p>\n\n\n\n<p class=\"wp-block-paragraph\"><\/p>\n","protected":false},"excerpt":{"rendered":"<p>Numri i personave t\u00eb zhdukur pas&nbsp;nj\u00eb aksidenti detar n\u00eb brigjet veriore t\u00eb Qipros q\u00eb vrau t\u00eb pakt\u00ebn tet\u00eb persona&nbsp;\u00ebsht\u00eb rritur n\u00eb 20, than\u00eb autoritetet turke n\u00eb veri t\u00eb ishullit. Nj\u00eb vler\u00ebsim i m\u00ebparsh\u00ebm e \u00e7oi numrin e t\u00eb zhdukurve n\u00eb 18. Trageti u p\u00ebrmbys pak pasi u nis nga porti i Kyrenias dje, duke u [&hellip;]<\/p>\n","protected":false},"author":4,"featured_media":30279,"comment_status":"open","ping_status":"open","sticky":false,"template":"","format":"standard","meta":{"footnotes":""},"categories":[30,32],"tags":[],"class_list":["post-30278","post","type-post","status-publish","format-standard","has-post-thumbnail","category-lajme","category-rajon"],"yoast_head":"<!-- This site is optimized with the Yoast SEO plugin v27.4 - https:\/\/yoast.com\/product\/yoast-seo-wordpress\/ -->\n<title>Numri i personave t\u00eb zhdukur rritet n\u00eb brigjet e Qipros. Kapiteni i tragetit d\u00ebrgohet n\u00eb gjykat\u00eb - Kosova Times<\/title>\n<meta name=\"robots\" content=\"index, follow, max-snippet:-1, max-image-preview:large, max-video-preview:-1\" \/>\n<link rel=\"canonical\" href=\"https:\/\/kosovatimes.info\/index.php\/2026\/08\/31\/numri-i-personave-te-zhdukur-rritet-ne-brigjet-e-qipros-kapiteni-i-tragetit-dergohet-ne-gjykate\/\" \/>\n<meta property=\"og:locale\" content=\"en_US\" \/>\n<meta property=\"og:type\" content=\"article\" \/>\n<meta property=\"og:title\" content=\"Numri i personave t\u00eb zhdukur rritet n\u00eb brigjet e Qipros. Kapiteni i tragetit d\u00ebrgohet n\u00eb gjykat\u00eb - Kosova Times\" \/>\n<meta property=\"og:description\" content=\"Numri i personave t\u00eb zhdukur pas&nbsp;nj\u00eb aksidenti detar n\u00eb brigjet veriore t\u00eb Qipros q\u00eb vrau t\u00eb pakt\u00ebn tet\u00eb persona&nbsp;\u00ebsht\u00eb rritur n\u00eb 20, than\u00eb autoritetet turke n\u00eb veri t\u00eb ishullit. Nj\u00eb vler\u00ebsim i m\u00ebparsh\u00ebm e \u00e7oi numrin e t\u00eb zhdukurve n\u00eb 18. Trageti u p\u00ebrmbys pak pasi u nis nga porti i Kyrenias dje, duke u [&hellip;]\" \/>\n<meta property=\"og:url\" content=\"https:\/\/kosovatimes.info\/index.php\/2026\/08\/31\/numri-i-personave-te-zhdukur-rritet-ne-brigjet-e-qipros-kapiteni-i-tragetit-dergohet-ne-gjykate\/\" \/>\n<meta property=\"og:site_name\" content=\"Kosova Times\" \/>\n<meta property=\"article:published_time\" content=\"2026-08-31T16:31:14+00:00\" \/>\n<meta property=\"article:modified_time\" content=\"2026-08-31T16:31:16+00:00\" \/>\n<meta property=\"og:image\" content=\"https:\/\/kosovatimes.info\/wp-content\/uploads\/2026\/08\/qipro-1.webp\" \/>\n\t<meta property=\"og:image:width\" content=\"800\" \/>\n\t<meta property=\"og:image:height\" content=\"600\" \/>\n\t<meta property=\"og:image:type\" content=\"image\/webp\" \/>\n<meta name=\"author\" content=\"i l\" \/>\n<meta name=\"twitter:card\" content=\"summary_large_image\" \/>\n<meta name=\"twitter:label1\" content=\"Written by\" \/>\n\t<meta name=\"twitter:data1\" content=\"i l\" \/>\n\t<meta name=\"twitter:label2\" content=\"Est. reading time\" \/>\n\t<meta name=\"twitter:data2\" content=\"2 minutes\" \/>\n<script type=\"application\/ld+json\" class=\"yoast-schema-graph\">{\"@context\":\"https:\\\/\\\/schema.org\",\"@graph\":[{\"@type\":\"Article\",\"@id\":\"https:\\\/\\\/kosovatimes.info\\\/index.php\\\/2026\\\/08\\\/31\\\/numri-i-personave-te-zhdukur-rritet-ne-brigjet-e-qipros-kapiteni-i-tragetit-dergohet-ne-gjykate\\\/#article\",\"isPartOf\":{\"@id\":\"https:\\\/\\\/kosovatimes.info\\\/index.php\\\/2026\\\/08\\\/31\\\/numri-i-personave-te-zhdukur-rritet-ne-brigjet-e-qipros-kapiteni-i-tragetit-dergohet-ne-gjykate\\\/\"},\"author\":{\"name\":\"i l\",\"@id\":\"https:\\\/\\\/kosovatimes.info\\\/#\\\/schema\\\/person\\\/7586712b9c512fe68085de007378c915\"},\"headline\":\"Numri i personave t\u00eb zhdukur rritet n\u00eb brigjet e Qipros. Kapiteni i tragetit d\u00ebrgohet n\u00eb gjykat\u00eb\",\"datePublished\":\"2026-08-31T16:31:14+00:00\",\"dateModified\":\"2026-08-31T16:31:16+00:00\",\"mainEntityOfPage\":{\"@id\":\"https:\\\/\\\/kosovatimes.info\\\/index.php\\\/2026\\\/08\\\/31\\\/numri-i-personave-te-zhdukur-rritet-ne-brigjet-e-qipros-kapiteni-i-tragetit-dergohet-ne-gjykate\\\/\"},\"wordCount\":237,\"commentCount\":0,\"image\":{\"@id\":\"https:\\\/\\\/kosovatimes.info\\\/index.php\\\/2026\\\/08\\\/31\\\/numri-i-personave-te-zhdukur-rritet-ne-brigjet-e-qipros-kapiteni-i-tragetit-dergohet-ne-gjykate\\\/#primaryimage\"},\"thumbnailUrl\":\"https:\\\/\\\/kosovatimes.info\\\/wp-content\\\/uploads\\\/2026\\\/08\\\/qipro-1.webp\",\"articleSection\":[\"Lajme\",\"Rajon\"],\"inLanguage\":\"en-US\",\"potentialAction\":[{\"@type\":\"CommentAction\",\"name\":\"Comment\",\"target\":[\"https:\\\/\\\/kosovatimes.info\\\/index.php\\\/2026\\\/08\\\/31\\\/numri-i-personave-te-zhdukur-rritet-ne-brigjet-e-qipros-kapiteni-i-tragetit-dergohet-ne-gjykate\\\/#respond\"]}]},{\"@type\":\"WebPage\",\"@id\":\"https:\\\/\\\/kosovatimes.info\\\/index.php\\\/2026\\\/08\\\/31\\\/numri-i-personave-te-zhdukur-rritet-ne-brigjet-e-qipros-kapiteni-i-tragetit-dergohet-ne-gjykate\\\/\",\"url\":\"https:\\\/\\\/kosovatimes.info\\\/index.php\\\/2026\\\/08\\\/31\\\/numri-i-personave-te-zhdukur-rritet-ne-brigjet-e-qipros-kapiteni-i-tragetit-dergohet-ne-gjykate\\\/\",\"name\":\"Numri i personave t\u00eb zhdukur rritet n\u00eb brigjet e Qipros. Kapiteni i tragetit d\u00ebrgohet n\u00eb gjykat\u00eb - Kosova Times\",\"isPartOf\":{\"@id\":\"https:\\\/\\\/kosovatimes.info\\\/#website\"},\"primaryImageOfPage\":{\"@id\":\"https:\\\/\\\/kosovatimes.info\\\/index.php\\\/2026\\\/08\\\/31\\\/numri-i-personave-te-zhdukur-rritet-ne-brigjet-e-qipros-kapiteni-i-tragetit-dergohet-ne-gjykate\\\/#primaryimage\"},\"image\":{\"@id\":\"https:\\\/\\\/kosovatimes.info\\\/index.php\\\/2026\\\/08\\\/31\\\/numri-i-personave-te-zhdukur-rritet-ne-brigjet-e-qipros-kapiteni-i-tragetit-dergohet-ne-gjykate\\\/#primaryimage\"},\"thumbnailUrl\":\"https:\\\/\\\/kosovatimes.info\\\/wp-content\\\/uploads\\\/2026\\\/08\\\/qipro-1.webp\",\"datePublished\":\"2026-08-31T16:31:14+00:00\",\"dateModified\":\"2026-08-31T16:31:16+00:00\",\"author\":{\"@id\":\"https:\\\/\\\/kosovatimes.info\\\/#\\\/schema\\\/person\\\/7586712b9c512fe68085de007378c915\"},\"breadcrumb\":{\"@id\":\"https:\\\/\\\/kosovatimes.info\\\/index.php\\\/2026\\\/08\\\/31\\\/numri-i-personave-te-zhdukur-rritet-ne-brigjet-e-qipros-kapiteni-i-tragetit-dergohet-ne-gjykate\\\/#breadcrumb\"},\"inLanguage\":\"en-US\",\"potentialAction\":[{\"@type\":\"ReadAction\",\"target\":[\"https:\\\/\\\/kosovatimes.info\\\/index.php\\\/2026\\\/08\\\/31\\\/numri-i-personave-te-zhdukur-rritet-ne-brigjet-e-qipros-kapiteni-i-tragetit-dergohet-ne-gjykate\\\/\"]}]},{\"@type\":\"ImageObject\",\"inLanguage\":\"en-US\",\"@id\":\"https:\\\/\\\/kosovatimes.info\\\/index.php\\\/2026\\\/08\\\/31\\\/numri-i-personave-te-zhdukur-rritet-ne-brigjet-e-qipros-kapiteni-i-tragetit-dergohet-ne-gjykate\\\/#primaryimage\",\"url\":\"https:\\\/\\\/kosovatimes.info\\\/wp-content\\\/uploads\\\/2026\\\/08\\\/qipro-1.webp\",\"contentUrl\":\"https:\\\/\\\/kosovatimes.info\\\/wp-content\\\/uploads\\\/2026\\\/08\\\/qipro-1.webp\",\"width\":800,\"height\":600},{\"@type\":\"BreadcrumbList\",\"@id\":\"https:\\\/\\\/kosovatimes.info\\\/index.php\\\/2026\\\/08\\\/31\\\/numri-i-personave-te-zhdukur-rritet-ne-brigjet-e-qipros-kapiteni-i-tragetit-dergohet-ne-gjykate\\\/#breadcrumb\",\"itemListElement\":[{\"@type\":\"ListItem\",\"position\":1,\"name\":\"Home\",\"item\":\"https:\\\/\\\/kosovatimes.info\\\/\"},{\"@type\":\"ListItem\",\"position\":2,\"name\":\"Numri i personave t\u00eb zhdukur rritet n\u00eb brigjet e Qipros. Kapiteni i tragetit d\u00ebrgohet n\u00eb gjykat\u00eb\"}]},{\"@type\":\"WebSite\",\"@id\":\"https:\\\/\\\/kosovatimes.info\\\/#website\",\"url\":\"https:\\\/\\\/kosovatimes.info\\\/\",\"name\":\"Kosova Times\",\"description\":\"\",\"potentialAction\":[{\"@type\":\"SearchAction\",\"target\":{\"@type\":\"EntryPoint\",\"urlTemplate\":\"https:\\\/\\\/kosovatimes.info\\\/?s={search_term_string}\"},\"query-input\":{\"@type\":\"PropertyValueSpecification\",\"valueRequired\":true,\"valueName\":\"search_term_string\"}}],\"inLanguage\":\"en-US\"},{\"@type\":\"Person\",\"@id\":\"https:\\\/\\\/kosovatimes.info\\\/#\\\/schema\\\/person\\\/7586712b9c512fe68085de007378c915\",\"name\":\"i l\",\"image\":{\"@type\":\"ImageObject\",\"inLanguage\":\"en-US\",\"@id\":\"https:\\\/\\\/secure.gravatar.com\\\/avatar\\\/bad9296e02816160ae2e2435beda58222022298d5625d49fea74d18816fbb31d?s=96&d=mm&r=g\",\"url\":\"https:\\\/\\\/secure.gravatar.com\\\/avatar\\\/bad9296e02816160ae2e2435beda58222022298d5625d49fea74d18816fbb31d?s=96&d=mm&r=g\",\"contentUrl\":\"https:\\\/\\\/secure.gravatar.com\\\/avatar\\\/bad9296e02816160ae2e2435beda58222022298d5625d49fea74d18816fbb31d?s=96&d=mm&r=g\",\"caption\":\"i l\"},\"url\":\"https:\\\/\\\/kosovatimes.info\\\/index.php\\\/author\\\/iliri\\\/\"}]}<\/script>\n<!-- \/ Yoast SEO plugin. -->","yoast_head_json":{"title":"Numri i personave t\u00eb zhdukur rritet n\u00eb brigjet e Qipros. Kapiteni i tragetit d\u00ebrgohet n\u00eb gjykat\u00eb - Kosova Times","robots":{"index":"index","follow":"follow","max-snippet":"max-snippet:-1","max-image-preview":"max-image-preview:large","max-video-preview":"max-video-preview:-1"},"canonical":"https:\/\/kosovatimes.info\/index.php\/2026\/08\/31\/numri-i-personave-te-zhdukur-rritet-ne-brigjet-e-qipros-kapiteni-i-tragetit-dergohet-ne-gjykate\/","og_locale":"en_US","og_type":"article","og_title":"Numri i personave t\u00eb zhdukur rritet n\u00eb brigjet e Qipros. Kapiteni i tragetit d\u00ebrgohet n\u00eb gjykat\u00eb - Kosova Times","og_description":"Numri i personave t\u00eb zhdukur pas&nbsp;nj\u00eb aksidenti detar n\u00eb brigjet veriore t\u00eb Qipros q\u00eb vrau t\u00eb pakt\u00ebn tet\u00eb persona&nbsp;\u00ebsht\u00eb rritur n\u00eb 20, than\u00eb autoritetet turke n\u00eb veri t\u00eb ishullit. Nj\u00eb vler\u00ebsim i m\u00ebparsh\u00ebm e \u00e7oi numrin e t\u00eb zhdukurve n\u00eb 18. Trageti u p\u00ebrmbys pak pasi u nis nga porti i Kyrenias dje, duke u [&hellip;]","og_url":"https:\/\/kosovatimes.info\/index.php\/2026\/08\/31\/numri-i-personave-te-zhdukur-rritet-ne-brigjet-e-qipros-kapiteni-i-tragetit-dergohet-ne-gjykate\/","og_site_name":"Kosova Times","article_published_time":"2026-08-31T16:31:14+00:00","article_modified_time":"2026-08-31T16:31:16+00:00","og_image":[{"width":800,"height":600,"url":"https:\/\/kosovatimes.info\/wp-content\/uploads\/2026\/08\/qipro-1.webp","type":"image\/webp"}],"author":"i l","twitter_card":"summary_large_image","twitter_misc":{"Written by":"i l","Est. reading time":"2 minutes"},"schema":{"@context":"https:\/\/schema.org","@graph":[{"@type":"Article","@id":"https:\/\/kosovatimes.info\/index.php\/2026\/08\/31\/numri-i-personave-te-zhdukur-rritet-ne-brigjet-e-qipros-kapiteni-i-tragetit-dergohet-ne-gjykate\/#article","isPartOf":{"@id":"https:\/\/kosovatimes.info\/index.php\/2026\/08\/31\/numri-i-personave-te-zhdukur-rritet-ne-brigjet-e-qipros-kapiteni-i-tragetit-dergohet-ne-gjykate\/"},"author":{"name":"i l","@id":"https:\/\/kosovatimes.info\/#\/schema\/person\/7586712b9c512fe68085de007378c915"},"headline":"Numri i personave t\u00eb zhdukur rritet n\u00eb brigjet e Qipros. Kapiteni i tragetit d\u00ebrgohet n\u00eb gjykat\u00eb","datePublished":"2026-08-31T16:31:14+00:00","dateModified":"2026-08-31T16:31:16+00:00","mainEntityOfPage":{"@id":"https:\/\/kosovatimes.info\/index.php\/2026\/08\/31\/numri-i-personave-te-zhdukur-rritet-ne-brigjet-e-qipros-kapiteni-i-tragetit-dergohet-ne-gjykate\/"},"wordCount":237,"commentCount":0,"image":{"@id":"https:\/\/kosovatimes.info\/index.php\/2026\/08\/31\/numri-i-personave-te-zhdukur-rritet-ne-brigjet-e-qipros-kapiteni-i-tragetit-dergohet-ne-gjykate\/#primaryimage"},"thumbnailUrl":"https:\/\/kosovatimes.info\/wp-content\/uploads\/2026\/08\/qipro-1.webp","articleSection":["Lajme","Rajon"],"inLanguage":"en-US","potentialAction":[{"@type":"CommentAction","name":"Comment","target":["https:\/\/kosovatimes.info\/index.php\/2026\/08\/31\/numri-i-personave-te-zhdukur-rritet-ne-brigjet-e-qipros-kapiteni-i-tragetit-dergohet-ne-gjykate\/#respond"]}]},{"@type":"WebPage","@id":"https:\/\/kosovatimes.info\/index.php\/2026\/08\/31\/numri-i-personave-te-zhdukur-rritet-ne-brigjet-e-qipros-kapiteni-i-tragetit-dergohet-ne-gjykate\/","url":"https:\/\/kosovatimes.info\/index.php\/2026\/08\/31\/numri-i-personave-te-zhdukur-rritet-ne-brigjet-e-qipros-kapiteni-i-tragetit-dergohet-ne-gjykate\/","name":"Numri i personave t\u00eb zhdukur rritet n\u00eb brigjet e Qipros. Kapiteni i tragetit d\u00ebrgohet n\u00eb gjykat\u00eb - Kosova Times","isPartOf":{"@id":"https:\/\/kosovatimes.info\/#website"},"primaryImageOfPage":{"@id":"https:\/\/kosovatimes.info\/index.php\/2026\/08\/31\/numri-i-personave-te-zhdukur-rritet-ne-brigjet-e-qipros-kapiteni-i-tragetit-dergohet-ne-gjykate\/#primaryimage"},"image":{"@id":"https:\/\/kosovatimes.info\/index.php\/2026\/08\/31\/numri-i-personave-te-zhdukur-rritet-ne-brigjet-e-qipros-kapiteni-i-tragetit-dergohet-ne-gjykate\/#primaryimage"},"thumbnailUrl":"https:\/\/kosovatimes.info\/wp-content\/uploads\/2026\/08\/qipro-1.webp","datePublished":"2026-08-31T16:31:14+00:00","dateModified":"2026-08-31T16:31:16+00:00","author":{"@id":"https:\/\/kosovatimes.info\/#\/schema\/person\/7586712b9c512fe68085de007378c915"},"breadcrumb":{"@id":"https:\/\/kosovatimes.info\/index.php\/2026\/08\/31\/numri-i-personave-te-zhdukur-rritet-ne-brigjet-e-qipros-kapiteni-i-tragetit-dergohet-ne-gjykate\/#breadcrumb"},"inLanguage":"en-US","potentialAction":[{"@type":"ReadAction","target":["https:\/\/kosovatimes.info\/index.php\/2026\/08\/31\/numri-i-personave-te-zhdukur-rritet-ne-brigjet-e-qipros-kapiteni-i-tragetit-dergohet-ne-gjykate\/"]}]},{"@type":"ImageObject","inLanguage":"en-US","@id":"https:\/\/kosovatimes.info\/index.php\/2026\/08\/31\/numri-i-personave-te-zhdukur-rritet-ne-brigjet-e-qipros-kapiteni-i-tragetit-dergohet-ne-gjykate\/#primaryimage","url":"https:\/\/kosovatimes.info\/wp-content\/uploads\/2026\/08\/qipro-1.webp","contentUrl":"https:\/\/kosovatimes.info\/wp-content\/uploads\/2026\/08\/qipro-1.webp","width":800,"height":600},{"@type":"BreadcrumbList","@id":"https:\/\/kosovatimes.info\/index.php\/2026\/08\/31\/numri-i-personave-te-zhdukur-rritet-ne-brigjet-e-qipros-kapiteni-i-tragetit-dergohet-ne-gjykate\/#breadcrumb","itemListElement":[{"@type":"ListItem","position":1,"name":"Home","item":"https:\/\/kosovatimes.info\/"},{"@type":"ListItem","position":2,"name":"Numri i personave t\u00eb zhdukur rritet n\u00eb brigjet e Qipros. Kapiteni i tragetit d\u00ebrgohet n\u00eb gjykat\u00eb"}]},{"@type":"WebSite","@id":"https:\/\/kosovatimes.info\/#website","url":"https:\/\/kosovatimes.info\/","name":"Kosova Times","description":"","potentialAction":[{"@type":"SearchAction","target":{"@type":"EntryPoint","urlTemplate":"https:\/\/kosovatimes.info\/?s={search_term_string}"},"query-input":{"@type":"PropertyValueSpecification","valueRequired":true,"valueName":"search_term_string"}}],"inLanguage":"en-US"},{"@type":"Person","@id":"https:\/\/kosovatimes.info\/#\/schema\/person\/7586712b9c512fe68085de007378c915","name":"i l","image":{"@type":"ImageObject","inLanguage":"en-US","@id":"https:\/\/secure.gravatar.com\/avatar\/bad9296e02816160ae2e2435beda58222022298d5625d49fea74d18816fbb31d?s=96&d=mm&r=g","url":"https:\/\/secure.gravatar.com\/avatar\/bad9296e02816160ae2e2435beda58222022298d5625d49fea74d18816fbb31d?s=96&d=mm&r=g","contentUrl":"https:\/\/secure.gravatar.com\/avatar\/bad9296e02816160ae2e2435beda58222022298d5625d49fea74d18816fbb31d?s=96&d=mm&r=g","caption":"i l"},"url":"https:\/\/kosovatimes.info\/index.php\/author\/iliri\/"}]}},"_links":{"self":[{"href":"https:\/\/kosovatimes.info\/index.php\/wp-json\/wp\/v2\/posts\/30278","targetHints":{"allow":["GET"]}}],"collection":[{"href":"https:\/\/kosovatimes.info\/index.php\/wp-json\/wp\/v2\/posts"}],"about":[{"href":"https:\/\/kosovatimes.info\/index.php\/wp-json\/wp\/v2\/types\/post"}],"author":[{"embeddable":true,"href":"https:\/\/kosovatimes.info\/index.php\/wp-json\/wp\/v2\/users\/4"}],"replies":[{"embeddable":true,"href":"https:\/\/kosovatimes.info\/index.php\/wp-json\/wp\/v2\/comments?post=30278"}],"version-history":[{"count":1,"href":"https:\/\/kosovatimes.info\/index.php\/wp-json\/wp\/v2\/posts\/30278\/revisions"}],"predecessor-version":[{"id":30280,"href":"https:\/\/kosovatimes.info\/index.php\/wp-json\/wp\/v2\/posts\/30278\/revisions\/30280"}],"wp:featuredmedia":[{"embeddable":true,"href":"https:\/\/kosovatimes.info\/index.php\/wp-json\/wp\/v2\/media\/30279"}],"wp:attachment":[{"href":"https:\/\/kosovatimes.info\/index.php\/wp-json\/wp\/v2\/media?parent=30278"}],"wp:term":[{"taxonomy":"category","embeddable":true,"href":"https:\/\/kosovatimes.info\/index.php\/wp-json\/wp\/v2\/categories?post=30278"},{"taxonomy":"post_tag","embeddable":true,"href":"https:\/\/kosovatimes.info\/index.php\/wp-json\/wp\/v2\/tags?post=30278"}],"curies":[{"name":"wp","href":"https:\/\/api.w.org\/{rel}","templated":true}]}}